{"id":14455,"date":"2015-10-11T09:00:36","date_gmt":"2015-10-11T12:00:36","guid":{"rendered":"http:\/\/patagoniambiental.com.ar\/?p=14455"},"modified":"2015-10-11T09:00:36","modified_gmt":"2015-10-11T12:00:36","slug":"se-lanzo-un-proyecto-dentro-de-la-estrategia-nacional-de-erradicacion-de-especies-exoticas-invasoras","status":"publish","type":"post","link":"https:\/\/patagoniambiental.com.ar\/info\/se-lanzo-un-proyecto-dentro-de-la-estrategia-nacional-de-erradicacion-de-especies-exoticas-invasoras\/","title":{"rendered":"Se lanz\u00f3 un proyecto dentro de la Estrategia Nacional de Erradicaci\u00f3n de Especies Ex\u00f3ticas Invasoras"},"content":{"rendered":"<p>Ushuaia.-En el marco de las pol\u00edticas ambientales que lleva adelante el Gobierno para la preservaci\u00f3n de los ambientes naturales de la provincia, se realiz\u00f3 el lanzamiento de un proyecto dentro de la Estrategia Nacional de Erradicaci\u00f3n de Especies Ex\u00f3ticas Invasoras. <!--more--><\/p>\n<p>El mismo se plasm\u00f3 en articulaci\u00f3n con la Secretar\u00eda de Ambiente de Naci\u00f3n, en el marco de las pol\u00edticas ambientales.<\/p>\n<p>El Secretario de Desarrollo Sustentable y Ambiente, Fabi\u00e1n Boyeras, expres\u00f3 que \u201cel alto impacto ambiental que est\u00e1 produciendo el castor en la provincia y la preocupaci\u00f3n de que esta especie invasora siga avanzando en territorio continental chileno y pase al sector continental argentino, fue planteado por la provincia de Tierra del Fuego ante el Consejo Federal de Medio Ambiente, quien solicit\u00f3 a la Secretar\u00eda de Ambiente de la Naci\u00f3n, la declaraci\u00f3n del castor como Especie Ex\u00f3tica Invasora\u201d.<br \/>\nEn ese sentido, Boyeras agradeci\u00f3 a la Subsecretar\u00eda de Ambiente de Naci\u00f3n por la r\u00e1pida respuesta que tuvo la Secretar\u00eda de Ambiente de Naci\u00f3n, a partir de hacer efectiva la declaraci\u00f3n mediante Resoluci\u00f3n N\u00b0 1048\/14. \u201cDe ah\u00ed, que este estatus otorgado por Naci\u00f3n al castor junto al lanzamiento de este proyecto, nos posiciona hoy en un escenario altamente favorable y alentador, que constituye un hito en el control del castor como Especie Ex\u00f3tica Invasora en Tierra del Fuego\u201d, dijo el funcionario.<br \/>\nEn el mismo sentido, la Subsecretar\u00eda de Ambiente de Naci\u00f3n, Silvia R\u00e9vora indic\u00f3 que \u201clo importante es tener una visi\u00f3n de pol\u00edtica p\u00fablica sobre este tema, del estado nacional y de los estados provinciales; en funci\u00f3n de saber que tenemos que erradicar el castor\u201d resaltando que \u201ceste roedor est\u00e1 produciendo un impacto ecol\u00f3gico muy negativo en los bosques, en los r\u00edos y lagos, y tambi\u00e9n un impacto productivo negativo, muy importante\u201d.<br \/>\nAsimismo, sostuvo que \u201ctoda la poblaci\u00f3n de Tierra del Fuego tiene que estar comprometida con este objetivo, ya que provoca impactos muy serios en los ecosistemas locales. Las condiciones actuales en Tierra del Fuego son las ideales para el \u00e9xito de su erradicaci\u00f3n, porque participan todos los actores de la gesti\u00f3n provincial, la parte acad\u00e9mico-cient\u00edfico, como el CADIC, c\u00e1maras empresarias y Ongs\u201d.<br \/>\nPor \u00faltimo, Adri\u00e1n Schiavini, integrante del CADIC coment\u00f3 que \u201cel objetivo es probar diferentes formas de manejo de la especie. La intenci\u00f3n es dejar \u00e1reas libres de castores y monitorear a lo largo del tiempo la recuperaci\u00f3n de las diferentes especies nativas en estas \u00e1reas liberadas\u201d.<br \/>\n\u201cDesde el 2008, Argentina y Chile acordaron trabajar en conjunto para erradicar el castor y a partir de un acuerdo binacional, se comenz\u00f3 realizando acciones de baja escala, pero ahora con el aporte de fondos de la FAO (Organizaci\u00f3n de las Naciones Unidas para la Alimentaci\u00f3n y la Agricultura), se van a poder realizar trabajos en mayor escala, en busca de la erradicaci\u00f3n del castor\u201d mencion\u00f3 Schiavini.<br \/>\nAdem\u00e1s de esta presentaci\u00f3n, autoridades en materia de ambiente de la Naci\u00f3n y de la Provincia, junto con los especialistas, recorrieron diferentes \u00e1reas del Parque Nacional Tierra del Fuego, donde se desarrollan experiencias de manejo de la poblaci\u00f3n de castores.<br \/>\n<small>Fuente: Prensa Tierra del Fuego<\/small><\/p>\n","protected":false},"excerpt":{"rendered":"<p>Ushuaia.-En el marco de las pol\u00edticas ambientales que lleva adelante el Gobierno para la preservaci\u00f3n de los ambientes naturales de [&hellip;]<\/p>\n","protected":false},"author":2,"featured_media":14456,"comment_status":"closed","ping_status":"closed","sticky":false,"template":"","format":"standard","meta":{"site-sidebar-layout":"default","site-content-layout":"","ast-site-content-layout":"default","site-content-style":"default","site-sidebar-style":"default","ast-global-header-display":"","ast-banner-title-visibility":"","ast-main-header-display":"","ast-hfb-above-header-display":"","ast-hfb-below-header-display":"","ast-hfb-mobile-header-display":"","site-post-title":"","ast-breadcrumbs-content":"","ast-featured-img":"","footer-sml-layout":"","ast-disable-related-posts":"","theme-transparent-header-meta":"","adv-header-id-meta":"","stick-header-meta":"","header-above-stick-meta":"","header-main-stick-meta":"","header-below-stick-meta":"","astra-migrate-meta-layouts":"default","ast-page-background-enabled":"default","ast-page-background-meta":{"desktop":{"background-color":"var(--ast-global-color-5)","background-image":"","background-repeat":"repeat","background-position":"center center","background-size":"auto","background-attachment":"scroll","background-type":"","background-media":"","overlay-type":"","overlay-color":"","overlay-opacity":"","overlay-gradient":""},"tablet":{"background-color":"","background-image":"","background-repeat":"repeat","background-position":"center center","background-size":"auto","background-attachment":"scroll","background-type":"","background-media":"","overlay-type":"","overlay-color":"","overlay-opacity":"","overlay-gradient":""},"mobile":{"background-color":"","background-image":"","background-repeat":"repeat","background-position":"center center","background-size":"auto","background-attachment":"scroll","background-type":"","background-media":"","overlay-type":"","overlay-color":"","overlay-opacity":"","overlay-gradient":""}},"ast-content-background-meta":{"desktop":{"background-color":"var(--ast-global-color-4)","background-image":"","background-repeat":"repeat","background-position":"center center","background-size":"auto","background-attachment":"scroll","background-type":"","background-media":"","overlay-type":"","overlay-color":"","overlay-opacity":"","overlay-gradient":""},"tablet":{"background-color":"var(--ast-global-color-4)","background-image":"","background-repeat":"repeat","background-position":"center center","background-size":"auto","background-attachment":"scroll","background-type":"","background-media":"","overlay-type":"","overlay-color":"","overlay-opacity":"","overlay-gradient":""},"mobile":{"background-color":"var(--ast-global-color-4)","background-image":"","background-repeat":"repeat","background-position":"center center","background-size":"auto","background-attachment":"scroll","background-type":"","background-media":"","overlay-type":"","overlay-color":"","overlay-opacity":"","overlay-gradient":""}},"footnotes":""},"categories":[1,13,25],"tags":[],"class_list":["post-14455","post","type-post","status-publish","format-standard","has-post-thumbnail","hentry","category-noticias","category-provinciales","category-tierra-del-fuego"],"yoast_head":"<!-- This site is optimized with the Yoast SEO Premium plugin v23.0 (Yoast SEO v27.5) - https:\/\/yoast.com\/product\/yoast-seo-premium-wordpress\/ -->\n<title>Se lanz\u00f3 un proyecto dentro de la Estrategia Nacional de Erradicaci\u00f3n de Especies Ex\u00f3ticas Invasoras<\/title>\n<meta name=\"robots\" content=\"index, follow, max-snippet:-1, max-image-preview:large, max-video-preview:-1\" \/>\n<link rel=\"canonical\" href=\"https:\/\/patagoniambiental.com.ar\/info\/se-lanzo-un-proyecto-dentro-de-la-estrategia-nacional-de-erradicacion-de-especies-exoticas-invasoras\/\" \/>\n<meta property=\"og:locale\" content=\"es_ES\" \/>\n<meta property=\"og:type\" content=\"article\" \/>\n<meta property=\"og:title\" content=\"Se lanz\u00f3 un proyecto dentro de la Estrategia Nacional de Erradicaci\u00f3n de Especies Ex\u00f3ticas Invasoras\" \/>\n<meta property=\"og:description\" content=\"Ushuaia.-En el marco de las pol\u00edticas ambientales que lleva adelante el Gobierno para la preservaci\u00f3n de los ambientes naturales de [&hellip;]\" \/>\n<meta property=\"og:url\" content=\"https:\/\/patagoniambiental.com.ar\/info\/se-lanzo-un-proyecto-dentro-de-la-estrategia-nacional-de-erradicacion-de-especies-exoticas-invasoras\/\" \/>\n<meta property=\"og:site_name\" content=\"Patagonia Ambiental\" \/>\n<meta property=\"article:publisher\" content=\"https:\/\/www.facebook.com\/patagonia.ambiental\" \/>\n<meta property=\"article:author\" content=\"https:\/\/www.facebook.com\/share\/1C1V8Gv9BX\/?mibextid=qi2Omg\" \/>\n<meta property=\"article:published_time\" content=\"2015-10-11T12:00:36+00:00\" \/>\n<meta name=\"author\" content=\"Patagonia Ambiental\" \/>\n<meta name=\"twitter:card\" content=\"summary_large_image\" \/>\n<meta name=\"twitter:creator\" content=\"@PatAmb\" \/>\n<meta name=\"twitter:site\" content=\"@PatAmb\" \/>\n<script type=\"application\/ld+json\" class=\"yoast-schema-graph\">{\"@context\":\"https:\\\/\\\/schema.org\",\"@graph\":[{\"@type\":\"Article\",\"@id\":\"https:\\\/\\\/patagoniambiental.com.ar\\\/info\\\/se-lanzo-un-proyecto-dentro-de-la-estrategia-nacional-de-erradicacion-de-especies-exoticas-invasoras\\\/#article\",\"isPartOf\":{\"@id\":\"https:\\\/\\\/patagoniambiental.com.ar\\\/info\\\/se-lanzo-un-proyecto-dentro-de-la-estrategia-nacional-de-erradicacion-de-especies-exoticas-invasoras\\\/\"},\"author\":{\"name\":\"Patagonia Ambiental\",\"@id\":\"https:\\\/\\\/patagoniambiental.com.ar\\\/info\\\/#\\\/schema\\\/person\\\/db12bff64bbcbf6a253710bf0ea37b5d\"},\"headline\":\"Se lanz\u00f3 un proyecto dentro de la Estrategia Nacional de Erradicaci\u00f3n de Especies Ex\u00f3ticas Invasoras\",\"datePublished\":\"2015-10-11T12:00:36+00:00\",\"mainEntityOfPage\":{\"@id\":\"https:\\\/\\\/patagoniambiental.com.ar\\\/info\\\/se-lanzo-un-proyecto-dentro-de-la-estrategia-nacional-de-erradicacion-de-especies-exoticas-invasoras\\\/\"},\"wordCount\":574,\"publisher\":{\"@id\":\"https:\\\/\\\/patagoniambiental.com.ar\\\/info\\\/#organization\"},\"image\":{\"@id\":\"https:\\\/\\\/patagoniambiental.com.ar\\\/info\\\/se-lanzo-un-proyecto-dentro-de-la-estrategia-nacional-de-erradicacion-de-especies-exoticas-invasoras\\\/#primaryimage\"},\"thumbnailUrl\":\"\",\"articleSection\":[\"Noticias\",\"Provinciales\",\"Tierra del Fuego\"],\"inLanguage\":\"es\"},{\"@type\":\"WebPage\",\"@id\":\"https:\\\/\\\/patagoniambiental.com.ar\\\/info\\\/se-lanzo-un-proyecto-dentro-de-la-estrategia-nacional-de-erradicacion-de-especies-exoticas-invasoras\\\/\",\"url\":\"https:\\\/\\\/patagoniambiental.com.ar\\\/info\\\/se-lanzo-un-proyecto-dentro-de-la-estrategia-nacional-de-erradicacion-de-especies-exoticas-invasoras\\\/\",\"name\":\"Se lanz\u00f3 un proyecto dentro de la Estrategia Nacional de Erradicaci\u00f3n de Especies Ex\u00f3ticas Invasoras\",\"isPartOf\":{\"@id\":\"https:\\\/\\\/patagoniambiental.com.ar\\\/info\\\/#website\"},\"primaryImageOfPage\":{\"@id\":\"https:\\\/\\\/patagoniambiental.com.ar\\\/info\\\/se-lanzo-un-proyecto-dentro-de-la-estrategia-nacional-de-erradicacion-de-especies-exoticas-invasoras\\\/#primaryimage\"},\"image\":{\"@id\":\"https:\\\/\\\/patagoniambiental.com.ar\\\/info\\\/se-lanzo-un-proyecto-dentro-de-la-estrategia-nacional-de-erradicacion-de-especies-exoticas-invasoras\\\/#primaryimage\"},\"thumbnailUrl\":\"\",\"datePublished\":\"2015-10-11T12:00:36+00:00\",\"breadcrumb\":{\"@id\":\"https:\\\/\\\/patagoniambiental.com.ar\\\/info\\\/se-lanzo-un-proyecto-dentro-de-la-estrategia-nacional-de-erradicacion-de-especies-exoticas-invasoras\\\/#breadcrumb\"},\"inLanguage\":\"es\",\"potentialAction\":[{\"@type\":\"ReadAction\",\"target\":[\"https:\\\/\\\/patagoniambiental.com.ar\\\/info\\\/se-lanzo-un-proyecto-dentro-de-la-estrategia-nacional-de-erradicacion-de-especies-exoticas-invasoras\\\/\"]}]},{\"@type\":\"ImageObject\",\"inLanguage\":\"es\",\"@id\":\"https:\\\/\\\/patagoniambiental.com.ar\\\/info\\\/se-lanzo-un-proyecto-dentro-de-la-estrategia-nacional-de-erradicacion-de-especies-exoticas-invasoras\\\/#primaryimage\",\"url\":\"\",\"contentUrl\":\"\"},{\"@type\":\"BreadcrumbList\",\"@id\":\"https:\\\/\\\/patagoniambiental.com.ar\\\/info\\\/se-lanzo-un-proyecto-dentro-de-la-estrategia-nacional-de-erradicacion-de-especies-exoticas-invasoras\\\/#breadcrumb\",\"itemListElement\":[{\"@type\":\"ListItem\",\"position\":1,\"name\":\"Inicio\",\"item\":\"https:\\\/\\\/patagoniambiental.com.ar\\\/info\\\/\"},{\"@type\":\"ListItem\",\"position\":2,\"name\":\"Se lanz\u00f3 un proyecto dentro de la Estrategia Nacional de Erradicaci\u00f3n de Especies Ex\u00f3ticas Invasoras\"}]},{\"@type\":\"WebSite\",\"@id\":\"https:\\\/\\\/patagoniambiental.com.ar\\\/info\\\/#website\",\"url\":\"https:\\\/\\\/patagoniambiental.com.ar\\\/info\\\/\",\"name\":\"Patagonia Ambiental\",\"description\":\"Monitoreo y an\u00e1lisis de la situaci\u00f3n geopol\u00edtica en el mundo y su implicancia en la Patagonia\",\"publisher\":{\"@id\":\"https:\\\/\\\/patagoniambiental.com.ar\\\/info\\\/#organization\"},\"potentialAction\":[{\"@type\":\"SearchAction\",\"target\":{\"@type\":\"EntryPoint\",\"urlTemplate\":\"https:\\\/\\\/patagoniambiental.com.ar\\\/info\\\/?s={search_term_string}\"},\"query-input\":{\"@type\":\"PropertyValueSpecification\",\"valueRequired\":true,\"valueName\":\"search_term_string\"}}],\"inLanguage\":\"es\"},{\"@type\":\"Organization\",\"@id\":\"https:\\\/\\\/patagoniambiental.com.ar\\\/info\\\/#organization\",\"name\":\"Patagonia Ambiental\",\"url\":\"https:\\\/\\\/patagoniambiental.com.ar\\\/info\\\/\",\"logo\":{\"@type\":\"ImageObject\",\"inLanguage\":\"es\",\"@id\":\"https:\\\/\\\/patagoniambiental.com.ar\\\/info\\\/#\\\/schema\\\/logo\\\/image\\\/\",\"url\":\"https:\\\/\\\/patagoniambiental.com.ar\\\/info\\\/wp-content\\\/uploads\\\/2025\\\/05\\\/LOGO-PATAGONIA-AMBIENTAL.png\",\"contentUrl\":\"https:\\\/\\\/patagoniambiental.com.ar\\\/info\\\/wp-content\\\/uploads\\\/2025\\\/05\\\/LOGO-PATAGONIA-AMBIENTAL.png\",\"width\":433,\"height\":250,\"caption\":\"Patagonia Ambiental\"},\"image\":{\"@id\":\"https:\\\/\\\/patagoniambiental.com.ar\\\/info\\\/#\\\/schema\\\/logo\\\/image\\\/\"},\"sameAs\":[\"https:\\\/\\\/www.facebook.com\\\/patagonia.ambiental\",\"https:\\\/\\\/x.com\\\/PatAmb\"]},{\"@type\":\"Person\",\"@id\":\"https:\\\/\\\/patagoniambiental.com.ar\\\/info\\\/#\\\/schema\\\/person\\\/db12bff64bbcbf6a253710bf0ea37b5d\",\"name\":\"Patagonia Ambiental\",\"description\":\"Andr\u00e9s Nievas T\u00e9cnico en manejo ambiental, consultor Ambiental y escritor para medios locales e internacionales sobre temas de geopolitica y medio ambiente.\",\"sameAs\":[\"http:\\\/\\\/www.patagoniambiental.com.ar\",\"https:\\\/\\\/www.facebook.com\\\/share\\\/1C1V8Gv9BX\\\/?mibextid=qi2Omg\",\"@patagoniambiental\",\"https:\\\/\\\/youtube.com\\\/@patagoniaambiental2023?si=BLt58t0wuXquxlYZ\"]}]}<\/script>\n<!-- \/ Yoast SEO Premium plugin. -->","yoast_head_json":{"title":"Se lanz\u00f3 un proyecto dentro de la Estrategia Nacional de Erradicaci\u00f3n de Especies Ex\u00f3ticas Invasoras","robots":{"index":"index","follow":"follow","max-snippet":"max-snippet:-1","max-image-preview":"max-image-preview:large","max-video-preview":"max-video-preview:-1"},"canonical":"https:\/\/patagoniambiental.com.ar\/info\/se-lanzo-un-proyecto-dentro-de-la-estrategia-nacional-de-erradicacion-de-especies-exoticas-invasoras\/","og_locale":"es_ES","og_type":"article","og_title":"Se lanz\u00f3 un proyecto dentro de la Estrategia Nacional de Erradicaci\u00f3n de Especies Ex\u00f3ticas Invasoras","og_description":"Ushuaia.-En el marco de las pol\u00edticas ambientales que lleva adelante el Gobierno para la preservaci\u00f3n de los ambientes naturales de [&hellip;]","og_url":"https:\/\/patagoniambiental.com.ar\/info\/se-lanzo-un-proyecto-dentro-de-la-estrategia-nacional-de-erradicacion-de-especies-exoticas-invasoras\/","og_site_name":"Patagonia Ambiental","article_publisher":"https:\/\/www.facebook.com\/patagonia.ambiental","article_author":"https:\/\/www.facebook.com\/share\/1C1V8Gv9BX\/?mibextid=qi2Omg","article_published_time":"2015-10-11T12:00:36+00:00","author":"Patagonia Ambiental","twitter_card":"summary_large_image","twitter_creator":"@PatAmb","twitter_site":"@PatAmb","schema":{"@context":"https:\/\/schema.org","@graph":[{"@type":"Article","@id":"https:\/\/patagoniambiental.com.ar\/info\/se-lanzo-un-proyecto-dentro-de-la-estrategia-nacional-de-erradicacion-de-especies-exoticas-invasoras\/#article","isPartOf":{"@id":"https:\/\/patagoniambiental.com.ar\/info\/se-lanzo-un-proyecto-dentro-de-la-estrategia-nacional-de-erradicacion-de-especies-exoticas-invasoras\/"},"author":{"name":"Patagonia Ambiental","@id":"https:\/\/patagoniambiental.com.ar\/info\/#\/schema\/person\/db12bff64bbcbf6a253710bf0ea37b5d"},"headline":"Se lanz\u00f3 un proyecto dentro de la Estrategia Nacional de Erradicaci\u00f3n de Especies Ex\u00f3ticas Invasoras","datePublished":"2015-10-11T12:00:36+00:00","mainEntityOfPage":{"@id":"https:\/\/patagoniambiental.com.ar\/info\/se-lanzo-un-proyecto-dentro-de-la-estrategia-nacional-de-erradicacion-de-especies-exoticas-invasoras\/"},"wordCount":574,"publisher":{"@id":"https:\/\/patagoniambiental.com.ar\/info\/#organization"},"image":{"@id":"https:\/\/patagoniambiental.com.ar\/info\/se-lanzo-un-proyecto-dentro-de-la-estrategia-nacional-de-erradicacion-de-especies-exoticas-invasoras\/#primaryimage"},"thumbnailUrl":"","articleSection":["Noticias","Provinciales","Tierra del Fuego"],"inLanguage":"es"},{"@type":"WebPage","@id":"https:\/\/patagoniambiental.com.ar\/info\/se-lanzo-un-proyecto-dentro-de-la-estrategia-nacional-de-erradicacion-de-especies-exoticas-invasoras\/","url":"https:\/\/patagoniambiental.com.ar\/info\/se-lanzo-un-proyecto-dentro-de-la-estrategia-nacional-de-erradicacion-de-especies-exoticas-invasoras\/","name":"Se lanz\u00f3 un proyecto dentro de la Estrategia Nacional de Erradicaci\u00f3n de Especies Ex\u00f3ticas Invasoras","isPartOf":{"@id":"https:\/\/patagoniambiental.com.ar\/info\/#website"},"primaryImageOfPage":{"@id":"https:\/\/patagoniambiental.com.ar\/info\/se-lanzo-un-proyecto-dentro-de-la-estrategia-nacional-de-erradicacion-de-especies-exoticas-invasoras\/#primaryimage"},"image":{"@id":"https:\/\/patagoniambiental.com.ar\/info\/se-lanzo-un-proyecto-dentro-de-la-estrategia-nacional-de-erradicacion-de-especies-exoticas-invasoras\/#primaryimage"},"thumbnailUrl":"","datePublished":"2015-10-11T12:00:36+00:00","breadcrumb":{"@id":"https:\/\/patagoniambiental.com.ar\/info\/se-lanzo-un-proyecto-dentro-de-la-estrategia-nacional-de-erradicacion-de-especies-exoticas-invasoras\/#breadcrumb"},"inLanguage":"es","potentialAction":[{"@type":"ReadAction","target":["https:\/\/patagoniambiental.com.ar\/info\/se-lanzo-un-proyecto-dentro-de-la-estrategia-nacional-de-erradicacion-de-especies-exoticas-invasoras\/"]}]},{"@type":"ImageObject","inLanguage":"es","@id":"https:\/\/patagoniambiental.com.ar\/info\/se-lanzo-un-proyecto-dentro-de-la-estrategia-nacional-de-erradicacion-de-especies-exoticas-invasoras\/#primaryimage","url":"","contentUrl":""},{"@type":"BreadcrumbList","@id":"https:\/\/patagoniambiental.com.ar\/info\/se-lanzo-un-proyecto-dentro-de-la-estrategia-nacional-de-erradicacion-de-especies-exoticas-invasoras\/#breadcrumb","itemListElement":[{"@type":"ListItem","position":1,"name":"Inicio","item":"https:\/\/patagoniambiental.com.ar\/info\/"},{"@type":"ListItem","position":2,"name":"Se lanz\u00f3 un proyecto dentro de la Estrategia Nacional de Erradicaci\u00f3n de Especies Ex\u00f3ticas Invasoras"}]},{"@type":"WebSite","@id":"https:\/\/patagoniambiental.com.ar\/info\/#website","url":"https:\/\/patagoniambiental.com.ar\/info\/","name":"Patagonia Ambiental","description":"Monitoreo y an\u00e1lisis de la situaci\u00f3n geopol\u00edtica en el mundo y su implicancia en la Patagonia","publisher":{"@id":"https:\/\/patagoniambiental.com.ar\/info\/#organization"},"potentialAction":[{"@type":"SearchAction","target":{"@type":"EntryPoint","urlTemplate":"https:\/\/patagoniambiental.com.ar\/info\/?s={search_term_string}"},"query-input":{"@type":"PropertyValueSpecification","valueRequired":true,"valueName":"search_term_string"}}],"inLanguage":"es"},{"@type":"Organization","@id":"https:\/\/patagoniambiental.com.ar\/info\/#organization","name":"Patagonia Ambiental","url":"https:\/\/patagoniambiental.com.ar\/info\/","logo":{"@type":"ImageObject","inLanguage":"es","@id":"https:\/\/patagoniambiental.com.ar\/info\/#\/schema\/logo\/image\/","url":"https:\/\/patagoniambiental.com.ar\/info\/wp-content\/uploads\/2025\/05\/LOGO-PATAGONIA-AMBIENTAL.png","contentUrl":"https:\/\/patagoniambiental.com.ar\/info\/wp-content\/uploads\/2025\/05\/LOGO-PATAGONIA-AMBIENTAL.png","width":433,"height":250,"caption":"Patagonia Ambiental"},"image":{"@id":"https:\/\/patagoniambiental.com.ar\/info\/#\/schema\/logo\/image\/"},"sameAs":["https:\/\/www.facebook.com\/patagonia.ambiental","https:\/\/x.com\/PatAmb"]},{"@type":"Person","@id":"https:\/\/patagoniambiental.com.ar\/info\/#\/schema\/person\/db12bff64bbcbf6a253710bf0ea37b5d","name":"Patagonia Ambiental","description":"Andr\u00e9s Nievas T\u00e9cnico en manejo ambiental, consultor Ambiental y escritor para medios locales e internacionales sobre temas de geopolitica y medio ambiente.","sameAs":["http:\/\/www.patagoniambiental.com.ar","https:\/\/www.facebook.com\/share\/1C1V8Gv9BX\/?mibextid=qi2Omg","@patagoniambiental","https:\/\/youtube.com\/@patagoniaambiental2023?si=BLt58t0wuXquxlYZ"]}]}},"_links":{"self":[{"href":"https:\/\/patagoniambiental.com.ar\/info\/wp-json\/wp\/v2\/posts\/14455","targetHints":{"allow":["GET"]}}],"collection":[{"href":"https:\/\/patagoniambiental.com.ar\/info\/wp-json\/wp\/v2\/posts"}],"about":[{"href":"https:\/\/patagoniambiental.com.ar\/info\/wp-json\/wp\/v2\/types\/post"}],"author":[{"embeddable":true,"href":"https:\/\/patagoniambiental.com.ar\/info\/wp-json\/wp\/v2\/users\/2"}],"replies":[{"embeddable":true,"href":"https:\/\/patagoniambiental.com.ar\/info\/wp-json\/wp\/v2\/comments?post=14455"}],"version-history":[{"count":0,"href":"https:\/\/patagoniambiental.com.ar\/info\/wp-json\/wp\/v2\/posts\/14455\/revisions"}],"wp:featuredmedia":[{"embeddable":true,"href":"https:\/\/patagoniambiental.com.ar\/info\/wp-json\/"}],"wp:attachment":[{"href":"https:\/\/patagoniambiental.com.ar\/info\/wp-json\/wp\/v2\/media?parent=14455"}],"wp:term":[{"taxonomy":"category","embeddable":true,"href":"https:\/\/patagoniambiental.com.ar\/info\/wp-json\/wp\/v2\/categories?post=14455"},{"taxonomy":"post_tag","embeddable":true,"href":"https:\/\/patagoniambiental.com.ar\/info\/wp-json\/wp\/v2\/tags?post=14455"}],"curies":[{"name":"wp","href":"https:\/\/api.w.org\/{rel}","templated":true}]}}