{"id":14502,"date":"2015-10-14T19:00:03","date_gmt":"2015-10-14T22:00:03","guid":{"rendered":"http:\/\/patagoniambiental.com.ar\/?p=14502"},"modified":"2015-10-14T19:00:03","modified_gmt":"2015-10-14T22:00:03","slug":"seleccionaron-a-los-docentes-que-iran-a-la-antartida-en-el-2016","status":"publish","type":"post","link":"https:\/\/patagoniambiental.com.ar\/info\/seleccionaron-a-los-docentes-que-iran-a-la-antartida-en-el-2016\/","title":{"rendered":"Seleccionaron a los docentes que ir\u00e1n a la Ant\u00e1rtida en el 2016"},"content":{"rendered":"<p class=\"texto_noticia\"><b>Ushuaia.-Se trata de Romina Lemos Pereyra y N\u00e9stor Franco, quienes se har\u00e1n cargo de la Escuela Provincial N\u00ba38 \u201cPresidente Ra\u00fal Ricardo Alfons\u00edn\u201d<\/b>.<!--more--><\/p>\n<p class=\"texto_noticia\">El Ministerio de Educaci\u00f3n y autoridades del Ej\u00e9rcito Argentino seleccionaron a Romina Lemos Pereyra y N\u00e9stor Franco, quienes se har\u00e1n cargo de la Escuela Provincial N\u00ba38 \u201cPresidente Ra\u00fal Ricardo Alfons\u00edn\u201d de Base Esperanza en el ciclo lectivo 2016.<\/p>\n<p>La pareja de docentes fue seleccionada entre siete familias luego de un largo proceso de elecci\u00f3n, a cargo del Ministerio de Educaci\u00f3n, que se realiz\u00f3 durante todo este a\u00f1o.<\/p>\n<p>En este sentido el Jefe de la Base 2016, Teniente Coronel Miguel V\u00e1squez explic\u00f3 que \u201cmi responsabilidad est\u00e1 relacionada con los m\u00e1s altos objetivos de la Naci\u00f3n en cuento a sus pretensiones dentro del territorio ant\u00e1rtico. La elecci\u00f3n definitiva de los maestros me permite visualizar e ir coordinando determinadas cuestiones sobre la labor docente que van a ir a desarrollar\u201d.<\/p>\n<p>En cuanto a su funci\u00f3n espec\u00edfica coment\u00f3 que \u201ccomo jefe de base tengo la responsabilidad de administraci\u00f3n y gobierno de todos los recursos puestos a disposici\u00f3n y al hablar de recursos hablamos de recursos humanos y los recursos materiales, todo eso con el objetivo de potenciar nuestra presencia en el territorio ant\u00e1rtico\u201d.<\/p>\n<p>Por su parte el Subdirector Ant\u00e1rtico del Ej\u00e9rcito Argentino, Lautaro Gim\u00e9nez Corbal\u00e1n indic\u00f3 que \u201cnosotros valoramos much\u00edsimo el trabajo previo que se ha realizado en el \u00e1mbito educativo. Este proceso nos ha facilitado la toma de decisiones y a partir de una serie de entrevistas y conversaciones que hemos mantenido con los postulantes finalmente seleccionamos a la pareja de docentes Romina Lemos Pereyra y N\u00e9stor Franco, quienes se han esforzado mucho para llegar a esta instancia\u201d.<\/p>\n<p>Luego de la selecci\u00f3n de los docentes, las autoridades del Ej\u00e9rcito Argentino fueron recibidos por la Ministra de Educaci\u00f3n Sandra Molina donde conversaron acerca de la pr\u00f3xima campa\u00f1a ant\u00e1rtica poniendo en valor todo lo trabajado para mejorar toda la log\u00edstica en la Escuela N\u00ba38.<\/p>\n<p class=\"texto_noticia\">Fuente: Ushuaia24<\/p>\n","protected":false},"excerpt":{"rendered":"<p>Ushuaia.-Se trata de Romina Lemos Pereyra y N\u00e9stor Franco, quienes se har\u00e1n cargo de la Escuela Provincial N\u00ba38 \u201cPresidente Ra\u00fal [&hellip;]<\/p>\n","protected":false},"author":2,"featured_media":14503,"comment_status":"closed","ping_status":"closed","sticky":false,"template":"","format":"standard","meta":{"site-sidebar-layout":"default","site-content-layout":"","ast-site-content-layout":"default","site-content-style":"default","site-sidebar-style":"default","ast-global-header-display":"","ast-banner-title-visibility":"","ast-main-header-display":"","ast-hfb-above-header-display":"","ast-hfb-below-header-display":"","ast-hfb-mobile-header-display":"","site-post-title":"","ast-breadcrumbs-content":"","ast-featured-img":"","footer-sml-layout":"","ast-disable-related-posts":"","theme-transparent-header-meta":"","adv-header-id-meta":"","stick-header-meta":"","header-above-stick-meta":"","header-main-stick-meta":"","header-below-stick-meta":"","astra-migrate-meta-layouts":"default","ast-page-background-enabled":"default","ast-page-background-meta":{"desktop":{"background-color":"var(--ast-global-color-5)","background-image":"","background-repeat":"repeat","background-position":"center center","background-size":"auto","background-attachment":"scroll","background-type":"","background-media":"","overlay-type":"","overlay-color":"","overlay-opacity":"","overlay-gradient":""},"tablet":{"background-color":"","background-image":"","background-repeat":"repeat","background-position":"center center","background-size":"auto","background-attachment":"scroll","background-type":"","background-media":"","overlay-type":"","overlay-color":"","overlay-opacity":"","overlay-gradient":""},"mobile":{"background-color":"","background-image":"","background-repeat":"repeat","background-position":"center center","background-size":"auto","background-attachment":"scroll","background-type":"","background-media":"","overlay-type":"","overlay-color":"","overlay-opacity":"","overlay-gradient":""}},"ast-content-background-meta":{"desktop":{"background-color":"var(--ast-global-color-4)","background-image":"","background-repeat":"repeat","background-position":"center center","background-size":"auto","background-attachment":"scroll","background-type":"","background-media":"","overlay-type":"","overlay-color":"","overlay-opacity":"","overlay-gradient":""},"tablet":{"background-color":"var(--ast-global-color-4)","background-image":"","background-repeat":"repeat","background-position":"center center","background-size":"auto","background-attachment":"scroll","background-type":"","background-media":"","overlay-type":"","overlay-color":"","overlay-opacity":"","overlay-gradient":""},"mobile":{"background-color":"var(--ast-global-color-4)","background-image":"","background-repeat":"repeat","background-position":"center center","background-size":"auto","background-attachment":"scroll","background-type":"","background-media":"","overlay-type":"","overlay-color":"","overlay-opacity":"","overlay-gradient":""}},"footnotes":""},"categories":[1,13,25],"tags":[],"class_list":["post-14502","post","type-post","status-publish","format-standard","has-post-thumbnail","hentry","category-noticias","category-provinciales","category-tierra-del-fuego"],"yoast_head":"<!-- This site is optimized with the Yoast SEO Premium plugin v23.0 (Yoast SEO v27.5) - https:\/\/yoast.com\/product\/yoast-seo-premium-wordpress\/ -->\n<title>Seleccionaron a los docentes que ir\u00e1n a la Ant\u00e1rtida en el 2016<\/title>\n<meta name=\"robots\" content=\"index, follow, max-snippet:-1, max-image-preview:large, max-video-preview:-1\" \/>\n<link rel=\"canonical\" href=\"https:\/\/patagoniambiental.com.ar\/info\/seleccionaron-a-los-docentes-que-iran-a-la-antartida-en-el-2016\/\" \/>\n<meta property=\"og:locale\" content=\"es_ES\" \/>\n<meta property=\"og:type\" content=\"article\" \/>\n<meta property=\"og:title\" content=\"Seleccionaron a los docentes que ir\u00e1n a la Ant\u00e1rtida en el 2016\" \/>\n<meta property=\"og:description\" content=\"Ushuaia.-Se trata de Romina Lemos Pereyra y N\u00e9stor Franco, quienes se har\u00e1n cargo de la Escuela Provincial N\u00ba38 \u201cPresidente Ra\u00fal [&hellip;]\" \/>\n<meta property=\"og:url\" content=\"https:\/\/patagoniambiental.com.ar\/info\/seleccionaron-a-los-docentes-que-iran-a-la-antartida-en-el-2016\/\" \/>\n<meta property=\"og:site_name\" content=\"Patagonia Ambiental\" \/>\n<meta property=\"article:publisher\" content=\"https:\/\/www.facebook.com\/patagonia.ambiental\" \/>\n<meta property=\"article:author\" content=\"https:\/\/www.facebook.com\/share\/1C1V8Gv9BX\/?mibextid=qi2Omg\" \/>\n<meta property=\"article:published_time\" content=\"2015-10-14T22:00:03+00:00\" \/>\n<meta name=\"author\" content=\"Patagonia Ambiental\" \/>\n<meta name=\"twitter:card\" content=\"summary_large_image\" \/>\n<meta name=\"twitter:creator\" content=\"@PatAmb\" \/>\n<meta name=\"twitter:site\" content=\"@PatAmb\" \/>\n<script type=\"application\/ld+json\" class=\"yoast-schema-graph\">{\"@context\":\"https:\\\/\\\/schema.org\",\"@graph\":[{\"@type\":\"Article\",\"@id\":\"https:\\\/\\\/patagoniambiental.com.ar\\\/info\\\/seleccionaron-a-los-docentes-que-iran-a-la-antartida-en-el-2016\\\/#article\",\"isPartOf\":{\"@id\":\"https:\\\/\\\/patagoniambiental.com.ar\\\/info\\\/seleccionaron-a-los-docentes-que-iran-a-la-antartida-en-el-2016\\\/\"},\"author\":{\"name\":\"Patagonia Ambiental\",\"@id\":\"https:\\\/\\\/patagoniambiental.com.ar\\\/info\\\/#\\\/schema\\\/person\\\/db12bff64bbcbf6a253710bf0ea37b5d\"},\"headline\":\"Seleccionaron a los docentes que ir\u00e1n a la Ant\u00e1rtida en el 2016\",\"datePublished\":\"2015-10-14T22:00:03+00:00\",\"mainEntityOfPage\":{\"@id\":\"https:\\\/\\\/patagoniambiental.com.ar\\\/info\\\/seleccionaron-a-los-docentes-que-iran-a-la-antartida-en-el-2016\\\/\"},\"wordCount\":371,\"publisher\":{\"@id\":\"https:\\\/\\\/patagoniambiental.com.ar\\\/info\\\/#organization\"},\"image\":{\"@id\":\"https:\\\/\\\/patagoniambiental.com.ar\\\/info\\\/seleccionaron-a-los-docentes-que-iran-a-la-antartida-en-el-2016\\\/#primaryimage\"},\"thumbnailUrl\":\"\",\"articleSection\":[\"Noticias\",\"Provinciales\",\"Tierra del Fuego\"],\"inLanguage\":\"es\"},{\"@type\":\"WebPage\",\"@id\":\"https:\\\/\\\/patagoniambiental.com.ar\\\/info\\\/seleccionaron-a-los-docentes-que-iran-a-la-antartida-en-el-2016\\\/\",\"url\":\"https:\\\/\\\/patagoniambiental.com.ar\\\/info\\\/seleccionaron-a-los-docentes-que-iran-a-la-antartida-en-el-2016\\\/\",\"name\":\"Seleccionaron a los docentes que ir\u00e1n a la Ant\u00e1rtida en el 2016\",\"isPartOf\":{\"@id\":\"https:\\\/\\\/patagoniambiental.com.ar\\\/info\\\/#website\"},\"primaryImageOfPage\":{\"@id\":\"https:\\\/\\\/patagoniambiental.com.ar\\\/info\\\/seleccionaron-a-los-docentes-que-iran-a-la-antartida-en-el-2016\\\/#primaryimage\"},\"image\":{\"@id\":\"https:\\\/\\\/patagoniambiental.com.ar\\\/info\\\/seleccionaron-a-los-docentes-que-iran-a-la-antartida-en-el-2016\\\/#primaryimage\"},\"thumbnailUrl\":\"\",\"datePublished\":\"2015-10-14T22:00:03+00:00\",\"breadcrumb\":{\"@id\":\"https:\\\/\\\/patagoniambiental.com.ar\\\/info\\\/seleccionaron-a-los-docentes-que-iran-a-la-antartida-en-el-2016\\\/#breadcrumb\"},\"inLanguage\":\"es\",\"potentialAction\":[{\"@type\":\"ReadAction\",\"target\":[\"https:\\\/\\\/patagoniambiental.com.ar\\\/info\\\/seleccionaron-a-los-docentes-que-iran-a-la-antartida-en-el-2016\\\/\"]}]},{\"@type\":\"ImageObject\",\"inLanguage\":\"es\",\"@id\":\"https:\\\/\\\/patagoniambiental.com.ar\\\/info\\\/seleccionaron-a-los-docentes-que-iran-a-la-antartida-en-el-2016\\\/#primaryimage\",\"url\":\"\",\"contentUrl\":\"\"},{\"@type\":\"BreadcrumbList\",\"@id\":\"https:\\\/\\\/patagoniambiental.com.ar\\\/info\\\/seleccionaron-a-los-docentes-que-iran-a-la-antartida-en-el-2016\\\/#breadcrumb\",\"itemListElement\":[{\"@type\":\"ListItem\",\"position\":1,\"name\":\"Inicio\",\"item\":\"https:\\\/\\\/patagoniambiental.com.ar\\\/info\\\/\"},{\"@type\":\"ListItem\",\"position\":2,\"name\":\"Seleccionaron a los docentes que ir\u00e1n a la Ant\u00e1rtida en el 2016\"}]},{\"@type\":\"WebSite\",\"@id\":\"https:\\\/\\\/patagoniambiental.com.ar\\\/info\\\/#website\",\"url\":\"https:\\\/\\\/patagoniambiental.com.ar\\\/info\\\/\",\"name\":\"Patagonia Ambiental\",\"description\":\"Monitoreo y an\u00e1lisis de la situaci\u00f3n geopol\u00edtica en el mundo y su implicancia en la Patagonia\",\"publisher\":{\"@id\":\"https:\\\/\\\/patagoniambiental.com.ar\\\/info\\\/#organization\"},\"potentialAction\":[{\"@type\":\"SearchAction\",\"target\":{\"@type\":\"EntryPoint\",\"urlTemplate\":\"https:\\\/\\\/patagoniambiental.com.ar\\\/info\\\/?s={search_term_string}\"},\"query-input\":{\"@type\":\"PropertyValueSpecification\",\"valueRequired\":true,\"valueName\":\"search_term_string\"}}],\"inLanguage\":\"es\"},{\"@type\":\"Organization\",\"@id\":\"https:\\\/\\\/patagoniambiental.com.ar\\\/info\\\/#organization\",\"name\":\"Patagonia Ambiental\",\"url\":\"https:\\\/\\\/patagoniambiental.com.ar\\\/info\\\/\",\"logo\":{\"@type\":\"ImageObject\",\"inLanguage\":\"es\",\"@id\":\"https:\\\/\\\/patagoniambiental.com.ar\\\/info\\\/#\\\/schema\\\/logo\\\/image\\\/\",\"url\":\"https:\\\/\\\/patagoniambiental.com.ar\\\/info\\\/wp-content\\\/uploads\\\/2025\\\/05\\\/LOGO-PATAGONIA-AMBIENTAL.png\",\"contentUrl\":\"https:\\\/\\\/patagoniambiental.com.ar\\\/info\\\/wp-content\\\/uploads\\\/2025\\\/05\\\/LOGO-PATAGONIA-AMBIENTAL.png\",\"width\":433,\"height\":250,\"caption\":\"Patagonia Ambiental\"},\"image\":{\"@id\":\"https:\\\/\\\/patagoniambiental.com.ar\\\/info\\\/#\\\/schema\\\/logo\\\/image\\\/\"},\"sameAs\":[\"https:\\\/\\\/www.facebook.com\\\/patagonia.ambiental\",\"https:\\\/\\\/x.com\\\/PatAmb\"]},{\"@type\":\"Person\",\"@id\":\"https:\\\/\\\/patagoniambiental.com.ar\\\/info\\\/#\\\/schema\\\/person\\\/db12bff64bbcbf6a253710bf0ea37b5d\",\"name\":\"Patagonia Ambiental\",\"description\":\"Andr\u00e9s Nievas T\u00e9cnico en manejo ambiental, consultor Ambiental y escritor para medios locales e internacionales sobre temas de geopolitica y medio ambiente.\",\"sameAs\":[\"http:\\\/\\\/www.patagoniambiental.com.ar\",\"https:\\\/\\\/www.facebook.com\\\/share\\\/1C1V8Gv9BX\\\/?mibextid=qi2Omg\",\"@patagoniambiental\",\"https:\\\/\\\/youtube.com\\\/@patagoniaambiental2023?si=BLt58t0wuXquxlYZ\"]}]}<\/script>\n<!-- \/ Yoast SEO Premium plugin. -->","yoast_head_json":{"title":"Seleccionaron a los docentes que ir\u00e1n a la Ant\u00e1rtida en el 2016","robots":{"index":"index","follow":"follow","max-snippet":"max-snippet:-1","max-image-preview":"max-image-preview:large","max-video-preview":"max-video-preview:-1"},"canonical":"https:\/\/patagoniambiental.com.ar\/info\/seleccionaron-a-los-docentes-que-iran-a-la-antartida-en-el-2016\/","og_locale":"es_ES","og_type":"article","og_title":"Seleccionaron a los docentes que ir\u00e1n a la Ant\u00e1rtida en el 2016","og_description":"Ushuaia.-Se trata de Romina Lemos Pereyra y N\u00e9stor Franco, quienes se har\u00e1n cargo de la Escuela Provincial N\u00ba38 \u201cPresidente Ra\u00fal [&hellip;]","og_url":"https:\/\/patagoniambiental.com.ar\/info\/seleccionaron-a-los-docentes-que-iran-a-la-antartida-en-el-2016\/","og_site_name":"Patagonia Ambiental","article_publisher":"https:\/\/www.facebook.com\/patagonia.ambiental","article_author":"https:\/\/www.facebook.com\/share\/1C1V8Gv9BX\/?mibextid=qi2Omg","article_published_time":"2015-10-14T22:00:03+00:00","author":"Patagonia Ambiental","twitter_card":"summary_large_image","twitter_creator":"@PatAmb","twitter_site":"@PatAmb","schema":{"@context":"https:\/\/schema.org","@graph":[{"@type":"Article","@id":"https:\/\/patagoniambiental.com.ar\/info\/seleccionaron-a-los-docentes-que-iran-a-la-antartida-en-el-2016\/#article","isPartOf":{"@id":"https:\/\/patagoniambiental.com.ar\/info\/seleccionaron-a-los-docentes-que-iran-a-la-antartida-en-el-2016\/"},"author":{"name":"Patagonia Ambiental","@id":"https:\/\/patagoniambiental.com.ar\/info\/#\/schema\/person\/db12bff64bbcbf6a253710bf0ea37b5d"},"headline":"Seleccionaron a los docentes que ir\u00e1n a la Ant\u00e1rtida en el 2016","datePublished":"2015-10-14T22:00:03+00:00","mainEntityOfPage":{"@id":"https:\/\/patagoniambiental.com.ar\/info\/seleccionaron-a-los-docentes-que-iran-a-la-antartida-en-el-2016\/"},"wordCount":371,"publisher":{"@id":"https:\/\/patagoniambiental.com.ar\/info\/#organization"},"image":{"@id":"https:\/\/patagoniambiental.com.ar\/info\/seleccionaron-a-los-docentes-que-iran-a-la-antartida-en-el-2016\/#primaryimage"},"thumbnailUrl":"","articleSection":["Noticias","Provinciales","Tierra del Fuego"],"inLanguage":"es"},{"@type":"WebPage","@id":"https:\/\/patagoniambiental.com.ar\/info\/seleccionaron-a-los-docentes-que-iran-a-la-antartida-en-el-2016\/","url":"https:\/\/patagoniambiental.com.ar\/info\/seleccionaron-a-los-docentes-que-iran-a-la-antartida-en-el-2016\/","name":"Seleccionaron a los docentes que ir\u00e1n a la Ant\u00e1rtida en el 2016","isPartOf":{"@id":"https:\/\/patagoniambiental.com.ar\/info\/#website"},"primaryImageOfPage":{"@id":"https:\/\/patagoniambiental.com.ar\/info\/seleccionaron-a-los-docentes-que-iran-a-la-antartida-en-el-2016\/#primaryimage"},"image":{"@id":"https:\/\/patagoniambiental.com.ar\/info\/seleccionaron-a-los-docentes-que-iran-a-la-antartida-en-el-2016\/#primaryimage"},"thumbnailUrl":"","datePublished":"2015-10-14T22:00:03+00:00","breadcrumb":{"@id":"https:\/\/patagoniambiental.com.ar\/info\/seleccionaron-a-los-docentes-que-iran-a-la-antartida-en-el-2016\/#breadcrumb"},"inLanguage":"es","potentialAction":[{"@type":"ReadAction","target":["https:\/\/patagoniambiental.com.ar\/info\/seleccionaron-a-los-docentes-que-iran-a-la-antartida-en-el-2016\/"]}]},{"@type":"ImageObject","inLanguage":"es","@id":"https:\/\/patagoniambiental.com.ar\/info\/seleccionaron-a-los-docentes-que-iran-a-la-antartida-en-el-2016\/#primaryimage","url":"","contentUrl":""},{"@type":"BreadcrumbList","@id":"https:\/\/patagoniambiental.com.ar\/info\/seleccionaron-a-los-docentes-que-iran-a-la-antartida-en-el-2016\/#breadcrumb","itemListElement":[{"@type":"ListItem","position":1,"name":"Inicio","item":"https:\/\/patagoniambiental.com.ar\/info\/"},{"@type":"ListItem","position":2,"name":"Seleccionaron a los docentes que ir\u00e1n a la Ant\u00e1rtida en el 2016"}]},{"@type":"WebSite","@id":"https:\/\/patagoniambiental.com.ar\/info\/#website","url":"https:\/\/patagoniambiental.com.ar\/info\/","name":"Patagonia Ambiental","description":"Monitoreo y an\u00e1lisis de la situaci\u00f3n geopol\u00edtica en el mundo y su implicancia en la Patagonia","publisher":{"@id":"https:\/\/patagoniambiental.com.ar\/info\/#organization"},"potentialAction":[{"@type":"SearchAction","target":{"@type":"EntryPoint","urlTemplate":"https:\/\/patagoniambiental.com.ar\/info\/?s={search_term_string}"},"query-input":{"@type":"PropertyValueSpecification","valueRequired":true,"valueName":"search_term_string"}}],"inLanguage":"es"},{"@type":"Organization","@id":"https:\/\/patagoniambiental.com.ar\/info\/#organization","name":"Patagonia Ambiental","url":"https:\/\/patagoniambiental.com.ar\/info\/","logo":{"@type":"ImageObject","inLanguage":"es","@id":"https:\/\/patagoniambiental.com.ar\/info\/#\/schema\/logo\/image\/","url":"https:\/\/patagoniambiental.com.ar\/info\/wp-content\/uploads\/2025\/05\/LOGO-PATAGONIA-AMBIENTAL.png","contentUrl":"https:\/\/patagoniambiental.com.ar\/info\/wp-content\/uploads\/2025\/05\/LOGO-PATAGONIA-AMBIENTAL.png","width":433,"height":250,"caption":"Patagonia Ambiental"},"image":{"@id":"https:\/\/patagoniambiental.com.ar\/info\/#\/schema\/logo\/image\/"},"sameAs":["https:\/\/www.facebook.com\/patagonia.ambiental","https:\/\/x.com\/PatAmb"]},{"@type":"Person","@id":"https:\/\/patagoniambiental.com.ar\/info\/#\/schema\/person\/db12bff64bbcbf6a253710bf0ea37b5d","name":"Patagonia Ambiental","description":"Andr\u00e9s Nievas T\u00e9cnico en manejo ambiental, consultor Ambiental y escritor para medios locales e internacionales sobre temas de geopolitica y medio ambiente.","sameAs":["http:\/\/www.patagoniambiental.com.ar","https:\/\/www.facebook.com\/share\/1C1V8Gv9BX\/?mibextid=qi2Omg","@patagoniambiental","https:\/\/youtube.com\/@patagoniaambiental2023?si=BLt58t0wuXquxlYZ"]}]}},"_links":{"self":[{"href":"https:\/\/patagoniambiental.com.ar\/info\/wp-json\/wp\/v2\/posts\/14502","targetHints":{"allow":["GET"]}}],"collection":[{"href":"https:\/\/patagoniambiental.com.ar\/info\/wp-json\/wp\/v2\/posts"}],"about":[{"href":"https:\/\/patagoniambiental.com.ar\/info\/wp-json\/wp\/v2\/types\/post"}],"author":[{"embeddable":true,"href":"https:\/\/patagoniambiental.com.ar\/info\/wp-json\/wp\/v2\/users\/2"}],"replies":[{"embeddable":true,"href":"https:\/\/patagoniambiental.com.ar\/info\/wp-json\/wp\/v2\/comments?post=14502"}],"version-history":[{"count":0,"href":"https:\/\/patagoniambiental.com.ar\/info\/wp-json\/wp\/v2\/posts\/14502\/revisions"}],"wp:featuredmedia":[{"embeddable":true,"href":"https:\/\/patagoniambiental.com.ar\/info\/wp-json\/"}],"wp:attachment":[{"href":"https:\/\/patagoniambiental.com.ar\/info\/wp-json\/wp\/v2\/media?parent=14502"}],"wp:term":[{"taxonomy":"category","embeddable":true,"href":"https:\/\/patagoniambiental.com.ar\/info\/wp-json\/wp\/v2\/categories?post=14502"},{"taxonomy":"post_tag","embeddable":true,"href":"https:\/\/patagoniambiental.com.ar\/info\/wp-json\/wp\/v2\/tags?post=14502"}],"curies":[{"name":"wp","href":"https:\/\/api.w.org\/{rel}","templated":true}]}}