{"id":14555,"date":"2015-11-22T09:00:25","date_gmt":"2015-11-22T12:00:25","guid":{"rendered":"http:\/\/patagoniambiental.com.ar\/?p=14555"},"modified":"2025-09-24T13:31:13","modified_gmt":"2025-09-24T16:31:13","slug":"22-noviembre-dia-flor-nacional-el-ceibo","status":"publish","type":"post","link":"https:\/\/patagoniambiental.com.ar\/info\/22-noviembre-dia-flor-nacional-el-ceibo\/","title":{"rendered":"Flor Nacional El Ceibo: R\u00edo Negro celebra su D\u00eda y su importancia rcol\u00f3gica y cultural"},"content":{"rendered":"<p align=\"justify\">\n<!--more-->Viedma, Rio Negro, 22 de noviembre de 2025. La flor nacional de Argentina, El ceibo, es mucho m\u00e1s que un s\u00edmbolo bot\u00e1nico: representa la identidad cultural, la biodiversidad y la conexi\u00f3n de la sociedad con su entorno natural. Cada 22 de noviembre se celebra su d\u00eda, recordando no solo la belleza de esta especie arb\u00f3rea, sino tambi\u00e9n la historia, la tradici\u00f3n y los esfuerzos de conservaci\u00f3n que la rodean. Esta nota explora en profundidad su origen, caracter\u00edsticas, importancia ecol\u00f3gica y cultural, as\u00ed como los desaf\u00edos y oportunidades para su preservaci\u00f3n en el contexto actual de cambio clim\u00e1tico y degradaci\u00f3n ambiental.<\/p>\n<p align=\"justify\">\n<p><strong>Origen y significado hist\u00f3rico del Ceibo<\/strong><\/p>\n<p>El ceibo (Erythrina crista-galli) es un \u00e1rbol nativo de Sudam\u00e9rica, conocido por sus flores rojas intensas y su porte imponente. Su presencia en Argentina se remonta a siglos atr\u00e1s, integr\u00e1ndose a los paisajes ribere\u00f1os y a las tradiciones locales. La elecci\u00f3n del ceibo como flor nacional no fue casual: su color vibrante y su resistencia lo convirtieron en un s\u00edmbolo de fuerza, resistencia y belleza natural. Adem\u00e1s, su floraci\u00f3n coincide con la primavera austral, momento de renovaci\u00f3n y crecimiento, consolidando su relevancia simb\u00f3lica y cultural.<\/p>\n<p><strong>Caracter\u00edsticas bot\u00e1nicas del Ceibo<\/strong><\/p>\n<p>El ceibo se distingue por sus flores rojas, agrupadas en racimos que decoran sus ramas desnudas en plena primavera. Su tronco robusto y su altura variable, que puede superar los 10 metros, lo hacen visible desde grandes distancias y lo convierten en un punto de referencia en los paisajes ribere\u00f1os. La especie tambi\u00e9n produce frutos en vainas largas que contienen semillas duras y brillantes. Desde el punto de vista ecol\u00f3gico, el ceibo ofrece refugio y alimento a numerosas especies de aves, insectos y mam\u00edferos, demostrando su papel clave en los ecosistemas donde habita.<\/p>\n<p><strong>La<\/strong> <strong>celebraci\u00f3n del D\u00eda de la Flor Nacional<\/strong><\/p>\n<p>Cada 22 de noviembre, Argentina conmemora el D\u00eda de la Flor Nacional, El ceibo, una fecha que busca generar conciencia sobre la importancia de preservar esta especie y fomentar la conexi\u00f3n de la poblaci\u00f3n con la naturaleza. En distintas provincias, escuelas, municipios y organizaciones ambientales realizan actividades educativas, plantaciones simb\u00f3licas y campa\u00f1as de difusi\u00f3n. Esta jornada refuerza la identidad nacional y promueve la valoraci\u00f3n del patrimonio natural, vinculando el conocimiento cient\u00edfico con la tradici\u00f3n cultural.<\/p>\n<p><strong>Importancia ecol\u00f3gica del Ceibo<\/strong><\/p>\n<p>M\u00e1s all\u00e1 de su valor simb\u00f3lico, El ceibo cumple un papel esencial en la conservaci\u00f3n de la biodiversidad. Sus flores atraen polinizadores como aves y abejas, mientras que su follaje y tronco ofrecen refugio a mam\u00edferos peque\u00f1os e insectos. Los ecosistemas ribere\u00f1os, donde com\u00fanmente se encuentra, dependen de la presencia de este \u00e1rbol para mantener la estabilidad del suelo y reducir la erosi\u00f3n. As\u00ed, el ceibo no solo embellece los paisajes, sino que contribuye a la salud ecol\u00f3gica de los territorios donde crece.<\/p>\n<p><strong>Distribuci\u00f3n geogr\u00e1fica y h\u00e1bitats naturales<\/strong><\/p>\n<p>El ceibo se encuentra en diversas provincias de Argentina, especialmente en corrientes, Entre R\u00edos, Santa Fe, Buenos Aires y Misiones, aunque su presencia se extiende hacia Uruguay, Paraguay y Brasil. Prefiere \u00e1reas ribere\u00f1as, humedales y suelos h\u00famedos, aunque su resistencia le permite adaptarse a distintos tipos de clima y suelo. Conocer su distribuci\u00f3n es clave para estrategias de conservaci\u00f3n, ya que permite identificar \u00e1reas prioritarias y proteger poblaciones nativas frente a amenazas como la deforestaci\u00f3n y la urbanizaci\u00f3n.<\/p>\n<p><strong>Conservaci\u00f3n y amenazas actuales<\/strong><\/p>\n<p>Pese a su resiliencia, El ceibo enfrenta amenazas derivadas de la actividad humana. La expansi\u00f3n urbana, la contaminaci\u00f3n de r\u00edos y arroyos, la tala indiscriminada y el cambio clim\u00e1tico afectan su supervivencia. Las autoridades ambientales, ONG y comunidades locales trabajan en programas de protecci\u00f3n, reforestaci\u00f3n y educaci\u00f3n ambiental para garantizar su preservaci\u00f3n. Estas acciones no solo benefician al ceibo, sino tambi\u00e9n a los ecosistemas asociados y a la biodiversidad que depende de \u00e9l.<\/p>\n<p><strong>Usos culturales y tradicionales<\/strong><\/p>\n<p>El ceibo ha sido fuente de inspiraci\u00f3n en la literatura, la m\u00fasica y el arte popular argentino. Su flor aparece en leyendas, poemas y canciones, simbolizando coraje, pasi\u00f3n y resiliencia. Adem\u00e1s, sus semillas y madera se han utilizado tradicionalmente en la fabricaci\u00f3n de artesan\u00edas, instrumentos musicales y productos decorativos. Este v\u00ednculo cultural refuerza la necesidad de proteger la especie, ya que no solo representa un recurso natural, sino tambi\u00e9n un legado hist\u00f3rico y social.<\/p>\n<p><strong>Educaci\u00f3n ambiental y participaci\u00f3n comunitaria<\/strong><\/p>\n<p>El D\u00eda de la Flor Nacional sirve como plataforma para la educaci\u00f3n ambiental, involucrando escuelas, universidades y organizaciones comunitarias. Talleres de plantaci\u00f3n, charlas sobre biodiversidad y actividades pr\u00e1cticas con estudiantes fomentan la conciencia ecol\u00f3gica desde temprana edad. La participaci\u00f3n comunitaria fortalece el compromiso ciudadano con la conservaci\u00f3n del ceibo y otros recursos naturales, creando una cultura de respeto y cuidado del ambiente que trasciende generaciones.<\/p>\n<p><strong>Investigaci\u00f3n cient\u00edfica y monitoreo<\/strong><\/p>\n<p>Cient\u00edficos y bot\u00e1nicos estudian El ceibo para comprender mejor su ecolog\u00eda, biolog\u00eda y adaptaci\u00f3n al cambio clim\u00e1tico. Monitoreos de poblaci\u00f3n, investigaciones sobre polinizaci\u00f3n y estudios sobre gen\u00e9tica permiten implementar estrategias de conservaci\u00f3n m\u00e1s efectivas. Los datos recopilados sirven tambi\u00e9n para generar pol\u00edticas p\u00fablicas basadas en evidencia, garantizando la protecci\u00f3n sostenible de la especie y el mantenimiento de su rol ecol\u00f3gico en los ecosistemas ribere\u00f1os.<\/p>\n<p><strong>Plantaciones y restauraci\u00f3n ecol\u00f3gica<\/strong><\/p>\n<p>Programas de reforestaci\u00f3n con ceibo se llevan a cabo en varias provincias argentinas, integrando la especie en proyectos de restauraci\u00f3n ecol\u00f3gica. Estas iniciativas buscan recuperar \u00e1reas degradadas, mejorar la conectividad ecol\u00f3gica y proporcionar h\u00e1bitat para fauna local. La participaci\u00f3n de voluntarios y comunidades locales en estas plantaciones refuerza el v\u00ednculo social con la naturaleza, al tiempo que contribuye al cumplimiento de objetivos de sostenibilidad y conservaci\u00f3n a largo plazo.<\/p>\n<p><strong>Pol\u00edticas p\u00fablicas y protecci\u00f3n legal<\/strong><\/p>\n<p>El reconocimiento del ceibo como flor nacional implica tambi\u00e9n un compromiso legal y cultural. Leyes y decretos nacionales y provinciales promueven su protecci\u00f3n, regulan su aprovechamiento y fomentan actividades educativas. Esta protecci\u00f3n legal refuerza el trabajo de cient\u00edficos, educadores y ambientalistas, garantizando que las futuras generaciones puedan disfrutar de su belleza y de los beneficios ecol\u00f3gicos asociados.<\/p>\n<p><strong>Ecoturismo y valorizaci\u00f3n del patrimonio natural<\/strong><\/p>\n<p>El ceibo tambi\u00e9n se integra al ecoturismo, ofreciendo a visitantes la oportunidad de conocer la biodiversidad local y aprender sobre su importancia cultural y ecol\u00f3gica. Senderos interpretativos, reservas naturales y jardines bot\u00e1nicos incluyen ejemplares de ceibo, combinando educaci\u00f3n, recreaci\u00f3n y conservaci\u00f3n. Este enfoque contribuye al desarrollo sostenible de las regiones, generando conciencia y apoyando la econom\u00eda local mediante actividades responsables con el medio ambiente.<\/p>\n<p><strong>Participaci\u00f3n de ONG y comunidades locales<\/strong><\/p>\n<p>Organizaciones no gubernamentales y comunidades locales desempe\u00f1an un rol fundamental en la preservaci\u00f3n del ceibo. Actividades de monitoreo, reforestaci\u00f3n, educaci\u00f3n ambiental y difusi\u00f3n de la cultura local aseguran que el conocimiento sobre esta especie llegue a diferentes p\u00fablicos. La cooperaci\u00f3n entre actores sociales, cient\u00edficos y autoridades fortalece la gesti\u00f3n participativa, aumentando la efectividad de los programas de conservaci\u00f3n y sensibilizaci\u00f3n ciudadana.<\/p>\n<p><strong>El ceibo frente al cambio clim\u00e1tico<\/strong><\/p>\n<p>El cambio clim\u00e1tico representa un desaf\u00edo para muchas especies nativas, incluido El ceibo. Sequ\u00edas m\u00e1s frecuentes, inundaciones y alteraciones en los ciclos de polinizaci\u00f3n pueden afectar su reproducci\u00f3n y supervivencia. Investigadores y gestores ambientales trabajan en estrategias de adaptaci\u00f3n, combinando monitoreo, restauraci\u00f3n de h\u00e1bitats y educaci\u00f3n para asegurar que la especie contin\u00fae cumpliendo su rol ecol\u00f3gico y cultural en Argentina.<\/p>\n<p><strong>Legado cultural y educativo<\/strong><\/p>\n<p>M\u00e1s all\u00e1 de su valor ecol\u00f3gico, El ceibo es un recurso educativo y cultural invaluable. Su historia, su floraci\u00f3n espectacular y su simbolismo nacional permiten ense\u00f1ar a estudiantes y p\u00fablico general sobre biodiversidad, conservaci\u00f3n y respeto por la naturaleza. Al integrar ciencia, educaci\u00f3n y cultura, el ceibo se convierte en un puente entre la tradici\u00f3n argentina y los desaf\u00edos ambientales contempor\u00e1neos, inspirando acciones concretas para proteger el patrimonio natural.<\/p>\n<p><strong>Ficha t\u00e9cnica del Ceibo<\/strong><\/p>\n<p>Nombre com\u00fan: Ceibo<br \/>\nNombre cient\u00edfico: Erythrina crista-galli<br \/>\nTipo: \u00c1rbol nativo sudamericano<br \/>\nFamilia: Fabaceae<br \/>\nDistribuci\u00f3n: Argentina, Uruguay, Paraguay, Brasil<br \/>\nH\u00e1bitat: \u00c1reas ribere\u00f1as, humedales, suelos h\u00famedos<br \/>\nFloraci\u00f3n: Primavera austral, flores rojas en racimos<br \/>\nImportancia ecol\u00f3gica: Refugio y alimento para fauna, estabilizaci\u00f3n de suelos<br \/>\nImportancia cultural: Flor nacional de Argentina, inspiraci\u00f3n art\u00edstica, tradiciones y leyendas<br \/>\nConservaci\u00f3n: Protegido por leyes nacionales y provinciales, sujeto a programas de reforestaci\u00f3n y educaci\u00f3n ambiental<br \/>\nAmenazas: Tala indiscriminada, urbanizaci\u00f3n, cambio clim\u00e1tico, contaminaci\u00f3n<\/p>\n","protected":false},"excerpt":{"rendered":"","protected":false},"author":2,"featured_media":99224,"comment_status":"closed","ping_status":"closed","sticky":false,"template":"","format":"standard","meta":{"site-sidebar-layout":"default","site-content-layout":"","ast-site-content-layout":"default","site-content-style":"default","site-sidebar-style":"default","ast-global-header-display":"","ast-banner-title-visibility":"","ast-main-header-display":"","ast-hfb-above-header-display":"","ast-hfb-below-header-display":"","ast-hfb-mobile-header-display":"","site-post-title":"","ast-breadcrumbs-content":"","ast-featured-img":"","footer-sml-layout":"","ast-disable-related-posts":"","theme-transparent-header-meta":"","adv-header-id-meta":"","stick-header-meta":"","header-above-stick-meta":"","header-main-stick-meta":"","header-below-stick-meta":"","astra-migrate-meta-layouts":"default","ast-page-background-enabled":"default","ast-page-background-meta":{"desktop":{"background-color":"var(--ast-global-color-5)","background-image":"","background-repeat":"repeat","background-position":"center center","background-size":"auto","background-attachment":"scroll","background-type":"","background-media":"","overlay-type":"","overlay-color":"","overlay-opacity":"","overlay-gradient":""},"tablet":{"background-color":"","background-image":"","background-repeat":"repeat","background-position":"center center","background-size":"auto","background-attachment":"scroll","background-type":"","background-media":"","overlay-type":"","overlay-color":"","overlay-opacity":"","overlay-gradient":""},"mobile":{"background-color":"","background-image":"","background-repeat":"repeat","background-position":"center center","background-size":"auto","background-attachment":"scroll","background-type":"","background-media":"","overlay-type":"","overlay-color":"","overlay-opacity":"","overlay-gradient":""}},"ast-content-background-meta":{"desktop":{"background-color":"var(--ast-global-color-4)","background-image":"","background-repeat":"repeat","background-position":"center center","background-size":"auto","background-attachment":"scroll","background-type":"","background-media":"","overlay-type":"","overlay-color":"","overlay-opacity":"","overlay-gradient":""},"tablet":{"background-color":"var(--ast-global-color-4)","background-image":"","background-repeat":"repeat","background-position":"center center","background-size":"auto","background-attachment":"scroll","background-type":"","background-media":"","overlay-type":"","overlay-color":"","overlay-opacity":"","overlay-gradient":""},"mobile":{"background-color":"var(--ast-global-color-4)","background-image":"","background-repeat":"repeat","background-position":"center center","background-size":"auto","background-attachment":"scroll","background-type":"","background-media":"","overlay-type":"","overlay-color":"","overlay-opacity":"","overlay-gradient":""}},"footnotes":""},"categories":[12,1],"tags":[],"class_list":["post-14555","post","type-post","status-publish","format-standard","has-post-thumbnail","hentry","category-agenda-ambiental","category-noticias"],"yoast_head":"<!-- This site is optimized with the Yoast SEO Premium plugin v23.0 (Yoast SEO v27.5) - https:\/\/yoast.com\/product\/yoast-seo-premium-wordpress\/ -->\n<title>Flor Nacional El Ceibo: R\u00edo Negro celebra su D\u00eda y su importancia rcol\u00f3gica y cultural La flor nacional de Argentina, El ceibo, es mucho m\u00e1s que un s\u00edmbolo<\/title>\n<meta name=\"description\" content=\"La flor nacional de Argentina, El ceibo, es mucho m\u00e1s que un s\u00edmbolo bot\u00e1nico: representa la identidad cultural, la biodiversidad y la conexi\u00f3n de la sociedad con su entorno natural.\" \/>\n<meta name=\"robots\" content=\"index, follow, max-snippet:-1, max-image-preview:large, max-video-preview:-1\" \/>\n<link rel=\"canonical\" href=\"https:\/\/patagoniambiental.com.ar\/info\/22-noviembre-dia-flor-nacional-el-ceibo\/\" \/>\n<meta property=\"og:locale\" content=\"es_ES\" \/>\n<meta property=\"og:type\" content=\"article\" \/>\n<meta property=\"og:title\" content=\"Flor Nacional El Ceibo: R\u00edo Negro celebra su D\u00eda y su importancia rcol\u00f3gica y cultural\" \/>\n<meta property=\"og:description\" content=\"La flor nacional de Argentina, El ceibo, es mucho m\u00e1s que un s\u00edmbolo bot\u00e1nico: representa la identidad cultural, la biodiversidad y la conexi\u00f3n de la sociedad con su entorno natural.\" \/>\n<meta property=\"og:url\" content=\"https:\/\/patagoniambiental.com.ar\/info\/22-noviembre-dia-flor-nacional-el-ceibo\/\" \/>\n<meta property=\"og:site_name\" content=\"Patagonia Ambiental\" \/>\n<meta property=\"article:publisher\" content=\"https:\/\/www.facebook.com\/patagonia.ambiental\" \/>\n<meta property=\"article:author\" content=\"https:\/\/www.facebook.com\/share\/1C1V8Gv9BX\/?mibextid=qi2Omg\" \/>\n<meta property=\"article:published_time\" content=\"2015-11-22T12:00:25+00:00\" \/>\n<meta property=\"article:modified_time\" content=\"2025-09-24T16:31:13+00:00\" \/>\n<meta property=\"og:image\" content=\"https:\/\/patagoniambiental.com.ar\/info\/wp-content\/uploads\/2015\/11\/1000180559.jpg\" \/>\n\t<meta property=\"og:image:width\" content=\"600\" \/>\n\t<meta property=\"og:image:height\" content=\"600\" \/>\n\t<meta property=\"og:image:type\" content=\"image\/jpeg\" \/>\n<meta name=\"author\" content=\"Patagonia Ambiental\" \/>\n<meta name=\"twitter:card\" content=\"summary_large_image\" \/>\n<meta name=\"twitter:creator\" content=\"@PatAmb\" \/>\n<meta name=\"twitter:site\" content=\"@PatAmb\" \/>\n<script type=\"application\/ld+json\" class=\"yoast-schema-graph\">{\"@context\":\"https:\\\/\\\/schema.org\",\"@graph\":[{\"@type\":\"Article\",\"@id\":\"https:\\\/\\\/patagoniambiental.com.ar\\\/info\\\/22-noviembre-dia-flor-nacional-el-ceibo\\\/#article\",\"isPartOf\":{\"@id\":\"https:\\\/\\\/patagoniambiental.com.ar\\\/info\\\/22-noviembre-dia-flor-nacional-el-ceibo\\\/\"},\"author\":{\"name\":\"Patagonia Ambiental\",\"@id\":\"https:\\\/\\\/patagoniambiental.com.ar\\\/info\\\/#\\\/schema\\\/person\\\/db12bff64bbcbf6a253710bf0ea37b5d\"},\"headline\":\"Flor Nacional El Ceibo: R\u00edo Negro celebra su D\u00eda y su importancia rcol\u00f3gica y cultural\",\"datePublished\":\"2015-11-22T12:00:25+00:00\",\"dateModified\":\"2025-09-24T16:31:13+00:00\",\"mainEntityOfPage\":{\"@id\":\"https:\\\/\\\/patagoniambiental.com.ar\\\/info\\\/22-noviembre-dia-flor-nacional-el-ceibo\\\/\"},\"wordCount\":1525,\"publisher\":{\"@id\":\"https:\\\/\\\/patagoniambiental.com.ar\\\/info\\\/#organization\"},\"image\":{\"@id\":\"https:\\\/\\\/patagoniambiental.com.ar\\\/info\\\/22-noviembre-dia-flor-nacional-el-ceibo\\\/#primaryimage\"},\"thumbnailUrl\":\"https:\\\/\\\/patagoniambiental.com.ar\\\/info\\\/wp-content\\\/uploads\\\/2015\\\/11\\\/1000180559.jpg\",\"articleSection\":[\"Agenda Ambiental\",\"Noticias\"],\"inLanguage\":\"es\"},{\"@type\":\"WebPage\",\"@id\":\"https:\\\/\\\/patagoniambiental.com.ar\\\/info\\\/22-noviembre-dia-flor-nacional-el-ceibo\\\/\",\"url\":\"https:\\\/\\\/patagoniambiental.com.ar\\\/info\\\/22-noviembre-dia-flor-nacional-el-ceibo\\\/\",\"name\":\"Flor Nacional El Ceibo: R\u00edo Negro celebra su D\u00eda y su importancia rcol\u00f3gica y cultural La flor nacional de Argentina, El ceibo, es mucho m\u00e1s que un s\u00edmbolo\",\"isPartOf\":{\"@id\":\"https:\\\/\\\/patagoniambiental.com.ar\\\/info\\\/#website\"},\"primaryImageOfPage\":{\"@id\":\"https:\\\/\\\/patagoniambiental.com.ar\\\/info\\\/22-noviembre-dia-flor-nacional-el-ceibo\\\/#primaryimage\"},\"image\":{\"@id\":\"https:\\\/\\\/patagoniambiental.com.ar\\\/info\\\/22-noviembre-dia-flor-nacional-el-ceibo\\\/#primaryimage\"},\"thumbnailUrl\":\"https:\\\/\\\/patagoniambiental.com.ar\\\/info\\\/wp-content\\\/uploads\\\/2015\\\/11\\\/1000180559.jpg\",\"datePublished\":\"2015-11-22T12:00:25+00:00\",\"dateModified\":\"2025-09-24T16:31:13+00:00\",\"description\":\"La flor nacional de Argentina, El ceibo, es mucho m\u00e1s que un s\u00edmbolo bot\u00e1nico: representa la identidad cultural, la biodiversidad y la conexi\u00f3n de la sociedad con su entorno natural.\",\"breadcrumb\":{\"@id\":\"https:\\\/\\\/patagoniambiental.com.ar\\\/info\\\/22-noviembre-dia-flor-nacional-el-ceibo\\\/#breadcrumb\"},\"inLanguage\":\"es\",\"potentialAction\":[{\"@type\":\"ReadAction\",\"target\":[\"https:\\\/\\\/patagoniambiental.com.ar\\\/info\\\/22-noviembre-dia-flor-nacional-el-ceibo\\\/\"]}]},{\"@type\":\"ImageObject\",\"inLanguage\":\"es\",\"@id\":\"https:\\\/\\\/patagoniambiental.com.ar\\\/info\\\/22-noviembre-dia-flor-nacional-el-ceibo\\\/#primaryimage\",\"url\":\"https:\\\/\\\/patagoniambiental.com.ar\\\/info\\\/wp-content\\\/uploads\\\/2015\\\/11\\\/1000180559.jpg\",\"contentUrl\":\"https:\\\/\\\/patagoniambiental.com.ar\\\/info\\\/wp-content\\\/uploads\\\/2015\\\/11\\\/1000180559.jpg\",\"width\":600,\"height\":600,\"caption\":\"Imagen ilustrativa hecha con. IA\"},{\"@type\":\"BreadcrumbList\",\"@id\":\"https:\\\/\\\/patagoniambiental.com.ar\\\/info\\\/22-noviembre-dia-flor-nacional-el-ceibo\\\/#breadcrumb\",\"itemListElement\":[{\"@type\":\"ListItem\",\"position\":1,\"name\":\"Inicio\",\"item\":\"https:\\\/\\\/patagoniambiental.com.ar\\\/info\\\/\"},{\"@type\":\"ListItem\",\"position\":2,\"name\":\"Flor Nacional El Ceibo: R\u00edo Negro celebra su D\u00eda y su importancia rcol\u00f3gica y cultural\"}]},{\"@type\":\"WebSite\",\"@id\":\"https:\\\/\\\/patagoniambiental.com.ar\\\/info\\\/#website\",\"url\":\"https:\\\/\\\/patagoniambiental.com.ar\\\/info\\\/\",\"name\":\"Patagonia Ambiental\",\"description\":\"Monitoreo y an\u00e1lisis de la situaci\u00f3n geopol\u00edtica en el mundo y su implicancia en la Patagonia\",\"publisher\":{\"@id\":\"https:\\\/\\\/patagoniambiental.com.ar\\\/info\\\/#organization\"},\"potentialAction\":[{\"@type\":\"SearchAction\",\"target\":{\"@type\":\"EntryPoint\",\"urlTemplate\":\"https:\\\/\\\/patagoniambiental.com.ar\\\/info\\\/?s={search_term_string}\"},\"query-input\":{\"@type\":\"PropertyValueSpecification\",\"valueRequired\":true,\"valueName\":\"search_term_string\"}}],\"inLanguage\":\"es\"},{\"@type\":\"Organization\",\"@id\":\"https:\\\/\\\/patagoniambiental.com.ar\\\/info\\\/#organization\",\"name\":\"Patagonia Ambiental\",\"url\":\"https:\\\/\\\/patagoniambiental.com.ar\\\/info\\\/\",\"logo\":{\"@type\":\"ImageObject\",\"inLanguage\":\"es\",\"@id\":\"https:\\\/\\\/patagoniambiental.com.ar\\\/info\\\/#\\\/schema\\\/logo\\\/image\\\/\",\"url\":\"https:\\\/\\\/patagoniambiental.com.ar\\\/info\\\/wp-content\\\/uploads\\\/2025\\\/05\\\/LOGO-PATAGONIA-AMBIENTAL.png\",\"contentUrl\":\"https:\\\/\\\/patagoniambiental.com.ar\\\/info\\\/wp-content\\\/uploads\\\/2025\\\/05\\\/LOGO-PATAGONIA-AMBIENTAL.png\",\"width\":433,\"height\":250,\"caption\":\"Patagonia Ambiental\"},\"image\":{\"@id\":\"https:\\\/\\\/patagoniambiental.com.ar\\\/info\\\/#\\\/schema\\\/logo\\\/image\\\/\"},\"sameAs\":[\"https:\\\/\\\/www.facebook.com\\\/patagonia.ambiental\",\"https:\\\/\\\/x.com\\\/PatAmb\"]},{\"@type\":\"Person\",\"@id\":\"https:\\\/\\\/patagoniambiental.com.ar\\\/info\\\/#\\\/schema\\\/person\\\/db12bff64bbcbf6a253710bf0ea37b5d\",\"name\":\"Patagonia Ambiental\",\"description\":\"Andr\u00e9s Nievas T\u00e9cnico en manejo ambiental, consultor Ambiental y escritor para medios locales e internacionales sobre temas de geopolitica y medio ambiente.\",\"sameAs\":[\"http:\\\/\\\/www.patagoniambiental.com.ar\",\"https:\\\/\\\/www.facebook.com\\\/share\\\/1C1V8Gv9BX\\\/?mibextid=qi2Omg\",\"@patagoniambiental\",\"https:\\\/\\\/youtube.com\\\/@patagoniaambiental2023?si=BLt58t0wuXquxlYZ\"]}]}<\/script>\n<!-- \/ Yoast SEO Premium plugin. -->","yoast_head_json":{"title":"Flor Nacional El Ceibo: R\u00edo Negro celebra su D\u00eda y su importancia rcol\u00f3gica y cultural La flor nacional de Argentina, El ceibo, es mucho m\u00e1s que un s\u00edmbolo","description":"La flor nacional de Argentina, El ceibo, es mucho m\u00e1s que un s\u00edmbolo bot\u00e1nico: representa la identidad cultural, la biodiversidad y la conexi\u00f3n de la sociedad con su entorno natural.","robots":{"index":"index","follow":"follow","max-snippet":"max-snippet:-1","max-image-preview":"max-image-preview:large","max-video-preview":"max-video-preview:-1"},"canonical":"https:\/\/patagoniambiental.com.ar\/info\/22-noviembre-dia-flor-nacional-el-ceibo\/","og_locale":"es_ES","og_type":"article","og_title":"Flor Nacional El Ceibo: R\u00edo Negro celebra su D\u00eda y su importancia rcol\u00f3gica y cultural","og_description":"La flor nacional de Argentina, El ceibo, es mucho m\u00e1s que un s\u00edmbolo bot\u00e1nico: representa la identidad cultural, la biodiversidad y la conexi\u00f3n de la sociedad con su entorno natural.","og_url":"https:\/\/patagoniambiental.com.ar\/info\/22-noviembre-dia-flor-nacional-el-ceibo\/","og_site_name":"Patagonia Ambiental","article_publisher":"https:\/\/www.facebook.com\/patagonia.ambiental","article_author":"https:\/\/www.facebook.com\/share\/1C1V8Gv9BX\/?mibextid=qi2Omg","article_published_time":"2015-11-22T12:00:25+00:00","article_modified_time":"2025-09-24T16:31:13+00:00","og_image":[{"width":600,"height":600,"url":"https:\/\/patagoniambiental.com.ar\/info\/wp-content\/uploads\/2015\/11\/1000180559.jpg","type":"image\/jpeg"}],"author":"Patagonia Ambiental","twitter_card":"summary_large_image","twitter_creator":"@PatAmb","twitter_site":"@PatAmb","schema":{"@context":"https:\/\/schema.org","@graph":[{"@type":"Article","@id":"https:\/\/patagoniambiental.com.ar\/info\/22-noviembre-dia-flor-nacional-el-ceibo\/#article","isPartOf":{"@id":"https:\/\/patagoniambiental.com.ar\/info\/22-noviembre-dia-flor-nacional-el-ceibo\/"},"author":{"name":"Patagonia Ambiental","@id":"https:\/\/patagoniambiental.com.ar\/info\/#\/schema\/person\/db12bff64bbcbf6a253710bf0ea37b5d"},"headline":"Flor Nacional El Ceibo: R\u00edo Negro celebra su D\u00eda y su importancia rcol\u00f3gica y cultural","datePublished":"2015-11-22T12:00:25+00:00","dateModified":"2025-09-24T16:31:13+00:00","mainEntityOfPage":{"@id":"https:\/\/patagoniambiental.com.ar\/info\/22-noviembre-dia-flor-nacional-el-ceibo\/"},"wordCount":1525,"publisher":{"@id":"https:\/\/patagoniambiental.com.ar\/info\/#organization"},"image":{"@id":"https:\/\/patagoniambiental.com.ar\/info\/22-noviembre-dia-flor-nacional-el-ceibo\/#primaryimage"},"thumbnailUrl":"https:\/\/patagoniambiental.com.ar\/info\/wp-content\/uploads\/2015\/11\/1000180559.jpg","articleSection":["Agenda Ambiental","Noticias"],"inLanguage":"es"},{"@type":"WebPage","@id":"https:\/\/patagoniambiental.com.ar\/info\/22-noviembre-dia-flor-nacional-el-ceibo\/","url":"https:\/\/patagoniambiental.com.ar\/info\/22-noviembre-dia-flor-nacional-el-ceibo\/","name":"Flor Nacional El Ceibo: R\u00edo Negro celebra su D\u00eda y su importancia rcol\u00f3gica y cultural La flor nacional de Argentina, El ceibo, es mucho m\u00e1s que un s\u00edmbolo","isPartOf":{"@id":"https:\/\/patagoniambiental.com.ar\/info\/#website"},"primaryImageOfPage":{"@id":"https:\/\/patagoniambiental.com.ar\/info\/22-noviembre-dia-flor-nacional-el-ceibo\/#primaryimage"},"image":{"@id":"https:\/\/patagoniambiental.com.ar\/info\/22-noviembre-dia-flor-nacional-el-ceibo\/#primaryimage"},"thumbnailUrl":"https:\/\/patagoniambiental.com.ar\/info\/wp-content\/uploads\/2015\/11\/1000180559.jpg","datePublished":"2015-11-22T12:00:25+00:00","dateModified":"2025-09-24T16:31:13+00:00","description":"La flor nacional de Argentina, El ceibo, es mucho m\u00e1s que un s\u00edmbolo bot\u00e1nico: representa la identidad cultural, la biodiversidad y la conexi\u00f3n de la sociedad con su entorno natural.","breadcrumb":{"@id":"https:\/\/patagoniambiental.com.ar\/info\/22-noviembre-dia-flor-nacional-el-ceibo\/#breadcrumb"},"inLanguage":"es","potentialAction":[{"@type":"ReadAction","target":["https:\/\/patagoniambiental.com.ar\/info\/22-noviembre-dia-flor-nacional-el-ceibo\/"]}]},{"@type":"ImageObject","inLanguage":"es","@id":"https:\/\/patagoniambiental.com.ar\/info\/22-noviembre-dia-flor-nacional-el-ceibo\/#primaryimage","url":"https:\/\/patagoniambiental.com.ar\/info\/wp-content\/uploads\/2015\/11\/1000180559.jpg","contentUrl":"https:\/\/patagoniambiental.com.ar\/info\/wp-content\/uploads\/2015\/11\/1000180559.jpg","width":600,"height":600,"caption":"Imagen ilustrativa hecha con. IA"},{"@type":"BreadcrumbList","@id":"https:\/\/patagoniambiental.com.ar\/info\/22-noviembre-dia-flor-nacional-el-ceibo\/#breadcrumb","itemListElement":[{"@type":"ListItem","position":1,"name":"Inicio","item":"https:\/\/patagoniambiental.com.ar\/info\/"},{"@type":"ListItem","position":2,"name":"Flor Nacional El Ceibo: R\u00edo Negro celebra su D\u00eda y su importancia rcol\u00f3gica y cultural"}]},{"@type":"WebSite","@id":"https:\/\/patagoniambiental.com.ar\/info\/#website","url":"https:\/\/patagoniambiental.com.ar\/info\/","name":"Patagonia Ambiental","description":"Monitoreo y an\u00e1lisis de la situaci\u00f3n geopol\u00edtica en el mundo y su implicancia en la Patagonia","publisher":{"@id":"https:\/\/patagoniambiental.com.ar\/info\/#organization"},"potentialAction":[{"@type":"SearchAction","target":{"@type":"EntryPoint","urlTemplate":"https:\/\/patagoniambiental.com.ar\/info\/?s={search_term_string}"},"query-input":{"@type":"PropertyValueSpecification","valueRequired":true,"valueName":"search_term_string"}}],"inLanguage":"es"},{"@type":"Organization","@id":"https:\/\/patagoniambiental.com.ar\/info\/#organization","name":"Patagonia Ambiental","url":"https:\/\/patagoniambiental.com.ar\/info\/","logo":{"@type":"ImageObject","inLanguage":"es","@id":"https:\/\/patagoniambiental.com.ar\/info\/#\/schema\/logo\/image\/","url":"https:\/\/patagoniambiental.com.ar\/info\/wp-content\/uploads\/2025\/05\/LOGO-PATAGONIA-AMBIENTAL.png","contentUrl":"https:\/\/patagoniambiental.com.ar\/info\/wp-content\/uploads\/2025\/05\/LOGO-PATAGONIA-AMBIENTAL.png","width":433,"height":250,"caption":"Patagonia Ambiental"},"image":{"@id":"https:\/\/patagoniambiental.com.ar\/info\/#\/schema\/logo\/image\/"},"sameAs":["https:\/\/www.facebook.com\/patagonia.ambiental","https:\/\/x.com\/PatAmb"]},{"@type":"Person","@id":"https:\/\/patagoniambiental.com.ar\/info\/#\/schema\/person\/db12bff64bbcbf6a253710bf0ea37b5d","name":"Patagonia Ambiental","description":"Andr\u00e9s Nievas T\u00e9cnico en manejo ambiental, consultor Ambiental y escritor para medios locales e internacionales sobre temas de geopolitica y medio ambiente.","sameAs":["http:\/\/www.patagoniambiental.com.ar","https:\/\/www.facebook.com\/share\/1C1V8Gv9BX\/?mibextid=qi2Omg","@patagoniambiental","https:\/\/youtube.com\/@patagoniaambiental2023?si=BLt58t0wuXquxlYZ"]}]}},"_links":{"self":[{"href":"https:\/\/patagoniambiental.com.ar\/info\/wp-json\/wp\/v2\/posts\/14555","targetHints":{"allow":["GET"]}}],"collection":[{"href":"https:\/\/patagoniambiental.com.ar\/info\/wp-json\/wp\/v2\/posts"}],"about":[{"href":"https:\/\/patagoniambiental.com.ar\/info\/wp-json\/wp\/v2\/types\/post"}],"author":[{"embeddable":true,"href":"https:\/\/patagoniambiental.com.ar\/info\/wp-json\/wp\/v2\/users\/2"}],"replies":[{"embeddable":true,"href":"https:\/\/patagoniambiental.com.ar\/info\/wp-json\/wp\/v2\/comments?post=14555"}],"version-history":[{"count":1,"href":"https:\/\/patagoniambiental.com.ar\/info\/wp-json\/wp\/v2\/posts\/14555\/revisions"}],"predecessor-version":[{"id":99223,"href":"https:\/\/patagoniambiental.com.ar\/info\/wp-json\/wp\/v2\/posts\/14555\/revisions\/99223"}],"wp:featuredmedia":[{"embeddable":true,"href":"https:\/\/patagoniambiental.com.ar\/info\/wp-json\/wp\/v2\/media\/99224"}],"wp:attachment":[{"href":"https:\/\/patagoniambiental.com.ar\/info\/wp-json\/wp\/v2\/media?parent=14555"}],"wp:term":[{"taxonomy":"category","embeddable":true,"href":"https:\/\/patagoniambiental.com.ar\/info\/wp-json\/wp\/v2\/categories?post=14555"},{"taxonomy":"post_tag","embeddable":true,"href":"https:\/\/patagoniambiental.com.ar\/info\/wp-json\/wp\/v2\/tags?post=14555"}],"curies":[{"name":"wp","href":"https:\/\/api.w.org\/{rel}","templated":true}]}}