{"id":14681,"date":"2015-10-29T09:02:20","date_gmt":"2015-10-29T12:02:20","guid":{"rendered":"http:\/\/patagoniambiental.com.ar\/?p=14681"},"modified":"2015-10-29T09:02:20","modified_gmt":"2015-10-29T12:02:20","slug":"ya-esta-en-marcha-la-temprada-de-turismo-del-parque-nacional-tierra-del-fuego","status":"publish","type":"post","link":"https:\/\/patagoniambiental.com.ar\/info\/ya-esta-en-marcha-la-temprada-de-turismo-del-parque-nacional-tierra-del-fuego\/","title":{"rendered":"Ya est\u00e1 en marcha la temporada de turismo del Parque Nacional Tierra del Fuego"},"content":{"rendered":"<p class=\"name post-title entry-title\">\n<p>La temporada 2015\/2016 del Parque Nacional Tierra del Fuego est\u00e1 en marcha. Los visitantes podr\u00e1n disfrutar de la naturaleza que ofrece el lugar todos los d\u00edas entre las 8 y las 20 horas.<\/p>\n<p>Para evitar inconvenientes, la Intendencia del Parque comunica que contin\u00faa vigente la Disposici\u00f3n que establece que durante la temporada de alto riesgo de incendios forestales se proh\u00edbe el uso del fuego en todo el \u00e1mbito de la Zona de Uso P\u00fablico Intensivo cuando el \u00cdndice Oficial de Peligro de Incendios Forestales se encuentre alto, muy alto o extremo.<\/p>\n<p>Est\u00e1 informaci\u00f3n estar\u00e1 disponible en la entrada del Parque y ser\u00e1 actualizar\u00e1 todos los d\u00edas a las 12 hs. S\u00f3lo se permitir\u00e1 el uso de fuego en lugares habilitados y cuando el \u00edndice de peligrosidad de producirse incendios sea moderado o bajo.<\/p>\n<p>Entre las recomendaciones a seguir por quienes elijan este destino tambi\u00e9n se encuentra la prohibici\u00f3n de alimentar a la fauna silvestre, especialmente a los zorros colorados. Tambi\u00e9n se solicita no dejar al alcance alimentos que los pudieran atraer en la zona de campings y carpas.<\/p>\n<p>Esta recomendaci\u00f3n se realiza en el marco de la problem\u00e1tica existente por el cambio en el comportamiento de la especie. Actualmente se observa un acostumbramiento a recibir comida por parte de los visitantes y como consecuencia, esto genera que ya que no buscan su propio alimento en la naturaleza, sino que persiguen a los visitantes para que los alimenten.<\/p>\n<p>Esta temporada contar\u00e1 con 258 Gu\u00edas de Turismo, 10 Gu\u00edas de Trekking, 3 Gu\u00edas de Rafting y 35 Gu\u00edas de Canoa seg\u00fan las categor\u00edas establecidas en el Reglamento de Gu\u00edas en \u00c1reas Protegidas de la APN.<\/p>\n<p>Seg\u00fan los datos estad\u00edsticos elaborados por la Universidad Nacional de Tierra del Fuego durante la temporada pasada 2014\/2015, los residentes de Ushuaia junto a los de R\u00edo Grande y Tolhuin representaron alrededor del 38% de las visitas con unos 65.485 ingresos de un total de 250.538, manteniendo as\u00ed la tendencia de gran afluencia de visitantes locales de las \u00faltimas temporadas.<\/p>\n<aside id=\"sidebar\">\n<div id=\"sfsi-widget-2\" class=\"widget sfsi\"><\/div>\n<\/aside>\n","protected":false},"excerpt":{"rendered":"<p>La temporada 2015\/2016 del Parque Nacional Tierra del Fuego est\u00e1 en marcha. Los visitantes podr\u00e1n disfrutar de la naturaleza que [&hellip;]<\/p>\n","protected":false},"author":2,"featured_media":14682,"comment_status":"closed","ping_status":"closed","sticky":false,"template":"","format":"standard","meta":{"site-sidebar-layout":"default","site-content-layout":"","ast-site-content-layout":"default","site-content-style":"default","site-sidebar-style":"default","ast-global-header-display":"","ast-banner-title-visibility":"","ast-main-header-display":"","ast-hfb-above-header-display":"","ast-hfb-below-header-display":"","ast-hfb-mobile-header-display":"","site-post-title":"","ast-breadcrumbs-content":"","ast-featured-img":"","footer-sml-layout":"","ast-disable-related-posts":"","theme-transparent-header-meta":"","adv-header-id-meta":"","stick-header-meta":"","header-above-stick-meta":"","header-main-stick-meta":"","header-below-stick-meta":"","astra-migrate-meta-layouts":"default","ast-page-background-enabled":"default","ast-page-background-meta":{"desktop":{"background-color":"var(--ast-global-color-5)","background-image":"","background-repeat":"repeat","background-position":"center center","background-size":"auto","background-attachment":"scroll","background-type":"","background-media":"","overlay-type":"","overlay-color":"","overlay-opacity":"","overlay-gradient":""},"tablet":{"background-color":"","background-image":"","background-repeat":"repeat","background-position":"center center","background-size":"auto","background-attachment":"scroll","background-type":"","background-media":"","overlay-type":"","overlay-color":"","overlay-opacity":"","overlay-gradient":""},"mobile":{"background-color":"","background-image":"","background-repeat":"repeat","background-position":"center center","background-size":"auto","background-attachment":"scroll","background-type":"","background-media":"","overlay-type":"","overlay-color":"","overlay-opacity":"","overlay-gradient":""}},"ast-content-background-meta":{"desktop":{"background-color":"var(--ast-global-color-4)","background-image":"","background-repeat":"repeat","background-position":"center center","background-size":"auto","background-attachment":"scroll","background-type":"","background-media":"","overlay-type":"","overlay-color":"","overlay-opacity":"","overlay-gradient":""},"tablet":{"background-color":"var(--ast-global-color-4)","background-image":"","background-repeat":"repeat","background-position":"center center","background-size":"auto","background-attachment":"scroll","background-type":"","background-media":"","overlay-type":"","overlay-color":"","overlay-opacity":"","overlay-gradient":""},"mobile":{"background-color":"var(--ast-global-color-4)","background-image":"","background-repeat":"repeat","background-position":"center center","background-size":"auto","background-attachment":"scroll","background-type":"","background-media":"","overlay-type":"","overlay-color":"","overlay-opacity":"","overlay-gradient":""}},"footnotes":""},"categories":[1,25],"tags":[],"class_list":["post-14681","post","type-post","status-publish","format-standard","has-post-thumbnail","hentry","category-noticias","category-tierra-del-fuego"],"yoast_head":"<!-- This site is optimized with the Yoast SEO Premium plugin v23.0 (Yoast SEO v27.5) - https:\/\/yoast.com\/product\/yoast-seo-premium-wordpress\/ -->\n<title>Ya est\u00e1 en marcha la temporada de turismo del Parque Nacional Tierra del Fuego<\/title>\n<meta name=\"robots\" content=\"index, follow, max-snippet:-1, max-image-preview:large, max-video-preview:-1\" \/>\n<link rel=\"canonical\" href=\"https:\/\/patagoniambiental.com.ar\/info\/ya-esta-en-marcha-la-temprada-de-turismo-del-parque-nacional-tierra-del-fuego\/\" \/>\n<meta property=\"og:locale\" content=\"es_ES\" \/>\n<meta property=\"og:type\" content=\"article\" \/>\n<meta property=\"og:title\" content=\"Ya est\u00e1 en marcha la temporada de turismo del Parque Nacional Tierra del Fuego\" \/>\n<meta property=\"og:description\" content=\"La temporada 2015\/2016 del Parque Nacional Tierra del Fuego est\u00e1 en marcha. Los visitantes podr\u00e1n disfrutar de la naturaleza que [&hellip;]\" \/>\n<meta property=\"og:url\" content=\"https:\/\/patagoniambiental.com.ar\/info\/ya-esta-en-marcha-la-temprada-de-turismo-del-parque-nacional-tierra-del-fuego\/\" \/>\n<meta property=\"og:site_name\" content=\"Patagonia Ambiental\" \/>\n<meta property=\"article:publisher\" content=\"https:\/\/www.facebook.com\/patagonia.ambiental\" \/>\n<meta property=\"article:author\" content=\"https:\/\/www.facebook.com\/share\/1C1V8Gv9BX\/?mibextid=qi2Omg\" \/>\n<meta property=\"article:published_time\" content=\"2015-10-29T12:02:20+00:00\" \/>\n<meta name=\"author\" content=\"Patagonia Ambiental\" \/>\n<meta name=\"twitter:card\" content=\"summary_large_image\" \/>\n<meta name=\"twitter:creator\" content=\"@PatAmb\" \/>\n<meta name=\"twitter:site\" content=\"@PatAmb\" \/>\n<script type=\"application\/ld+json\" class=\"yoast-schema-graph\">{\"@context\":\"https:\\\/\\\/schema.org\",\"@graph\":[{\"@type\":\"Article\",\"@id\":\"https:\\\/\\\/patagoniambiental.com.ar\\\/info\\\/ya-esta-en-marcha-la-temprada-de-turismo-del-parque-nacional-tierra-del-fuego\\\/#article\",\"isPartOf\":{\"@id\":\"https:\\\/\\\/patagoniambiental.com.ar\\\/info\\\/ya-esta-en-marcha-la-temprada-de-turismo-del-parque-nacional-tierra-del-fuego\\\/\"},\"author\":{\"name\":\"Patagonia Ambiental\",\"@id\":\"https:\\\/\\\/patagoniambiental.com.ar\\\/info\\\/#\\\/schema\\\/person\\\/db12bff64bbcbf6a253710bf0ea37b5d\"},\"headline\":\"Ya est\u00e1 en marcha la temporada de turismo del Parque Nacional Tierra del Fuego\",\"datePublished\":\"2015-10-29T12:02:20+00:00\",\"mainEntityOfPage\":{\"@id\":\"https:\\\/\\\/patagoniambiental.com.ar\\\/info\\\/ya-esta-en-marcha-la-temprada-de-turismo-del-parque-nacional-tierra-del-fuego\\\/\"},\"wordCount\":359,\"publisher\":{\"@id\":\"https:\\\/\\\/patagoniambiental.com.ar\\\/info\\\/#organization\"},\"image\":{\"@id\":\"https:\\\/\\\/patagoniambiental.com.ar\\\/info\\\/ya-esta-en-marcha-la-temprada-de-turismo-del-parque-nacional-tierra-del-fuego\\\/#primaryimage\"},\"thumbnailUrl\":\"\",\"articleSection\":[\"Noticias\",\"Tierra del Fuego\"],\"inLanguage\":\"es\"},{\"@type\":\"WebPage\",\"@id\":\"https:\\\/\\\/patagoniambiental.com.ar\\\/info\\\/ya-esta-en-marcha-la-temprada-de-turismo-del-parque-nacional-tierra-del-fuego\\\/\",\"url\":\"https:\\\/\\\/patagoniambiental.com.ar\\\/info\\\/ya-esta-en-marcha-la-temprada-de-turismo-del-parque-nacional-tierra-del-fuego\\\/\",\"name\":\"Ya est\u00e1 en marcha la temporada de turismo del Parque Nacional Tierra del Fuego\",\"isPartOf\":{\"@id\":\"https:\\\/\\\/patagoniambiental.com.ar\\\/info\\\/#website\"},\"primaryImageOfPage\":{\"@id\":\"https:\\\/\\\/patagoniambiental.com.ar\\\/info\\\/ya-esta-en-marcha-la-temprada-de-turismo-del-parque-nacional-tierra-del-fuego\\\/#primaryimage\"},\"image\":{\"@id\":\"https:\\\/\\\/patagoniambiental.com.ar\\\/info\\\/ya-esta-en-marcha-la-temprada-de-turismo-del-parque-nacional-tierra-del-fuego\\\/#primaryimage\"},\"thumbnailUrl\":\"\",\"datePublished\":\"2015-10-29T12:02:20+00:00\",\"breadcrumb\":{\"@id\":\"https:\\\/\\\/patagoniambiental.com.ar\\\/info\\\/ya-esta-en-marcha-la-temprada-de-turismo-del-parque-nacional-tierra-del-fuego\\\/#breadcrumb\"},\"inLanguage\":\"es\",\"potentialAction\":[{\"@type\":\"ReadAction\",\"target\":[\"https:\\\/\\\/patagoniambiental.com.ar\\\/info\\\/ya-esta-en-marcha-la-temprada-de-turismo-del-parque-nacional-tierra-del-fuego\\\/\"]}]},{\"@type\":\"ImageObject\",\"inLanguage\":\"es\",\"@id\":\"https:\\\/\\\/patagoniambiental.com.ar\\\/info\\\/ya-esta-en-marcha-la-temprada-de-turismo-del-parque-nacional-tierra-del-fuego\\\/#primaryimage\",\"url\":\"\",\"contentUrl\":\"\"},{\"@type\":\"BreadcrumbList\",\"@id\":\"https:\\\/\\\/patagoniambiental.com.ar\\\/info\\\/ya-esta-en-marcha-la-temprada-de-turismo-del-parque-nacional-tierra-del-fuego\\\/#breadcrumb\",\"itemListElement\":[{\"@type\":\"ListItem\",\"position\":1,\"name\":\"Inicio\",\"item\":\"https:\\\/\\\/patagoniambiental.com.ar\\\/info\\\/\"},{\"@type\":\"ListItem\",\"position\":2,\"name\":\"Ya est\u00e1 en marcha la temporada de turismo del Parque Nacional Tierra del Fuego\"}]},{\"@type\":\"WebSite\",\"@id\":\"https:\\\/\\\/patagoniambiental.com.ar\\\/info\\\/#website\",\"url\":\"https:\\\/\\\/patagoniambiental.com.ar\\\/info\\\/\",\"name\":\"Patagonia Ambiental\",\"description\":\"Monitoreo y an\u00e1lisis de la situaci\u00f3n geopol\u00edtica en el mundo y su implicancia en la Patagonia\",\"publisher\":{\"@id\":\"https:\\\/\\\/patagoniambiental.com.ar\\\/info\\\/#organization\"},\"potentialAction\":[{\"@type\":\"SearchAction\",\"target\":{\"@type\":\"EntryPoint\",\"urlTemplate\":\"https:\\\/\\\/patagoniambiental.com.ar\\\/info\\\/?s={search_term_string}\"},\"query-input\":{\"@type\":\"PropertyValueSpecification\",\"valueRequired\":true,\"valueName\":\"search_term_string\"}}],\"inLanguage\":\"es\"},{\"@type\":\"Organization\",\"@id\":\"https:\\\/\\\/patagoniambiental.com.ar\\\/info\\\/#organization\",\"name\":\"Patagonia Ambiental\",\"url\":\"https:\\\/\\\/patagoniambiental.com.ar\\\/info\\\/\",\"logo\":{\"@type\":\"ImageObject\",\"inLanguage\":\"es\",\"@id\":\"https:\\\/\\\/patagoniambiental.com.ar\\\/info\\\/#\\\/schema\\\/logo\\\/image\\\/\",\"url\":\"https:\\\/\\\/patagoniambiental.com.ar\\\/info\\\/wp-content\\\/uploads\\\/2025\\\/05\\\/LOGO-PATAGONIA-AMBIENTAL.png\",\"contentUrl\":\"https:\\\/\\\/patagoniambiental.com.ar\\\/info\\\/wp-content\\\/uploads\\\/2025\\\/05\\\/LOGO-PATAGONIA-AMBIENTAL.png\",\"width\":433,\"height\":250,\"caption\":\"Patagonia Ambiental\"},\"image\":{\"@id\":\"https:\\\/\\\/patagoniambiental.com.ar\\\/info\\\/#\\\/schema\\\/logo\\\/image\\\/\"},\"sameAs\":[\"https:\\\/\\\/www.facebook.com\\\/patagonia.ambiental\",\"https:\\\/\\\/x.com\\\/PatAmb\"]},{\"@type\":\"Person\",\"@id\":\"https:\\\/\\\/patagoniambiental.com.ar\\\/info\\\/#\\\/schema\\\/person\\\/db12bff64bbcbf6a253710bf0ea37b5d\",\"name\":\"Patagonia Ambiental\",\"description\":\"Andr\u00e9s Nievas T\u00e9cnico en manejo ambiental, consultor Ambiental y escritor para medios locales e internacionales sobre temas de geopolitica y medio ambiente.\",\"sameAs\":[\"http:\\\/\\\/www.patagoniambiental.com.ar\",\"https:\\\/\\\/www.facebook.com\\\/share\\\/1C1V8Gv9BX\\\/?mibextid=qi2Omg\",\"@patagoniambiental\",\"https:\\\/\\\/youtube.com\\\/@patagoniaambiental2023?si=BLt58t0wuXquxlYZ\"]}]}<\/script>\n<!-- \/ Yoast SEO Premium plugin. -->","yoast_head_json":{"title":"Ya est\u00e1 en marcha la temporada de turismo del Parque Nacional Tierra del Fuego","robots":{"index":"index","follow":"follow","max-snippet":"max-snippet:-1","max-image-preview":"max-image-preview:large","max-video-preview":"max-video-preview:-1"},"canonical":"https:\/\/patagoniambiental.com.ar\/info\/ya-esta-en-marcha-la-temprada-de-turismo-del-parque-nacional-tierra-del-fuego\/","og_locale":"es_ES","og_type":"article","og_title":"Ya est\u00e1 en marcha la temporada de turismo del Parque Nacional Tierra del Fuego","og_description":"La temporada 2015\/2016 del Parque Nacional Tierra del Fuego est\u00e1 en marcha. Los visitantes podr\u00e1n disfrutar de la naturaleza que [&hellip;]","og_url":"https:\/\/patagoniambiental.com.ar\/info\/ya-esta-en-marcha-la-temprada-de-turismo-del-parque-nacional-tierra-del-fuego\/","og_site_name":"Patagonia Ambiental","article_publisher":"https:\/\/www.facebook.com\/patagonia.ambiental","article_author":"https:\/\/www.facebook.com\/share\/1C1V8Gv9BX\/?mibextid=qi2Omg","article_published_time":"2015-10-29T12:02:20+00:00","author":"Patagonia Ambiental","twitter_card":"summary_large_image","twitter_creator":"@PatAmb","twitter_site":"@PatAmb","schema":{"@context":"https:\/\/schema.org","@graph":[{"@type":"Article","@id":"https:\/\/patagoniambiental.com.ar\/info\/ya-esta-en-marcha-la-temprada-de-turismo-del-parque-nacional-tierra-del-fuego\/#article","isPartOf":{"@id":"https:\/\/patagoniambiental.com.ar\/info\/ya-esta-en-marcha-la-temprada-de-turismo-del-parque-nacional-tierra-del-fuego\/"},"author":{"name":"Patagonia Ambiental","@id":"https:\/\/patagoniambiental.com.ar\/info\/#\/schema\/person\/db12bff64bbcbf6a253710bf0ea37b5d"},"headline":"Ya est\u00e1 en marcha la temporada de turismo del Parque Nacional Tierra del Fuego","datePublished":"2015-10-29T12:02:20+00:00","mainEntityOfPage":{"@id":"https:\/\/patagoniambiental.com.ar\/info\/ya-esta-en-marcha-la-temprada-de-turismo-del-parque-nacional-tierra-del-fuego\/"},"wordCount":359,"publisher":{"@id":"https:\/\/patagoniambiental.com.ar\/info\/#organization"},"image":{"@id":"https:\/\/patagoniambiental.com.ar\/info\/ya-esta-en-marcha-la-temprada-de-turismo-del-parque-nacional-tierra-del-fuego\/#primaryimage"},"thumbnailUrl":"","articleSection":["Noticias","Tierra del Fuego"],"inLanguage":"es"},{"@type":"WebPage","@id":"https:\/\/patagoniambiental.com.ar\/info\/ya-esta-en-marcha-la-temprada-de-turismo-del-parque-nacional-tierra-del-fuego\/","url":"https:\/\/patagoniambiental.com.ar\/info\/ya-esta-en-marcha-la-temprada-de-turismo-del-parque-nacional-tierra-del-fuego\/","name":"Ya est\u00e1 en marcha la temporada de turismo del Parque Nacional Tierra del Fuego","isPartOf":{"@id":"https:\/\/patagoniambiental.com.ar\/info\/#website"},"primaryImageOfPage":{"@id":"https:\/\/patagoniambiental.com.ar\/info\/ya-esta-en-marcha-la-temprada-de-turismo-del-parque-nacional-tierra-del-fuego\/#primaryimage"},"image":{"@id":"https:\/\/patagoniambiental.com.ar\/info\/ya-esta-en-marcha-la-temprada-de-turismo-del-parque-nacional-tierra-del-fuego\/#primaryimage"},"thumbnailUrl":"","datePublished":"2015-10-29T12:02:20+00:00","breadcrumb":{"@id":"https:\/\/patagoniambiental.com.ar\/info\/ya-esta-en-marcha-la-temprada-de-turismo-del-parque-nacional-tierra-del-fuego\/#breadcrumb"},"inLanguage":"es","potentialAction":[{"@type":"ReadAction","target":["https:\/\/patagoniambiental.com.ar\/info\/ya-esta-en-marcha-la-temprada-de-turismo-del-parque-nacional-tierra-del-fuego\/"]}]},{"@type":"ImageObject","inLanguage":"es","@id":"https:\/\/patagoniambiental.com.ar\/info\/ya-esta-en-marcha-la-temprada-de-turismo-del-parque-nacional-tierra-del-fuego\/#primaryimage","url":"","contentUrl":""},{"@type":"BreadcrumbList","@id":"https:\/\/patagoniambiental.com.ar\/info\/ya-esta-en-marcha-la-temprada-de-turismo-del-parque-nacional-tierra-del-fuego\/#breadcrumb","itemListElement":[{"@type":"ListItem","position":1,"name":"Inicio","item":"https:\/\/patagoniambiental.com.ar\/info\/"},{"@type":"ListItem","position":2,"name":"Ya est\u00e1 en marcha la temporada de turismo del Parque Nacional Tierra del Fuego"}]},{"@type":"WebSite","@id":"https:\/\/patagoniambiental.com.ar\/info\/#website","url":"https:\/\/patagoniambiental.com.ar\/info\/","name":"Patagonia Ambiental","description":"Monitoreo y an\u00e1lisis de la situaci\u00f3n geopol\u00edtica en el mundo y su implicancia en la Patagonia","publisher":{"@id":"https:\/\/patagoniambiental.com.ar\/info\/#organization"},"potentialAction":[{"@type":"SearchAction","target":{"@type":"EntryPoint","urlTemplate":"https:\/\/patagoniambiental.com.ar\/info\/?s={search_term_string}"},"query-input":{"@type":"PropertyValueSpecification","valueRequired":true,"valueName":"search_term_string"}}],"inLanguage":"es"},{"@type":"Organization","@id":"https:\/\/patagoniambiental.com.ar\/info\/#organization","name":"Patagonia Ambiental","url":"https:\/\/patagoniambiental.com.ar\/info\/","logo":{"@type":"ImageObject","inLanguage":"es","@id":"https:\/\/patagoniambiental.com.ar\/info\/#\/schema\/logo\/image\/","url":"https:\/\/patagoniambiental.com.ar\/info\/wp-content\/uploads\/2025\/05\/LOGO-PATAGONIA-AMBIENTAL.png","contentUrl":"https:\/\/patagoniambiental.com.ar\/info\/wp-content\/uploads\/2025\/05\/LOGO-PATAGONIA-AMBIENTAL.png","width":433,"height":250,"caption":"Patagonia Ambiental"},"image":{"@id":"https:\/\/patagoniambiental.com.ar\/info\/#\/schema\/logo\/image\/"},"sameAs":["https:\/\/www.facebook.com\/patagonia.ambiental","https:\/\/x.com\/PatAmb"]},{"@type":"Person","@id":"https:\/\/patagoniambiental.com.ar\/info\/#\/schema\/person\/db12bff64bbcbf6a253710bf0ea37b5d","name":"Patagonia Ambiental","description":"Andr\u00e9s Nievas T\u00e9cnico en manejo ambiental, consultor Ambiental y escritor para medios locales e internacionales sobre temas de geopolitica y medio ambiente.","sameAs":["http:\/\/www.patagoniambiental.com.ar","https:\/\/www.facebook.com\/share\/1C1V8Gv9BX\/?mibextid=qi2Omg","@patagoniambiental","https:\/\/youtube.com\/@patagoniaambiental2023?si=BLt58t0wuXquxlYZ"]}]}},"_links":{"self":[{"href":"https:\/\/patagoniambiental.com.ar\/info\/wp-json\/wp\/v2\/posts\/14681","targetHints":{"allow":["GET"]}}],"collection":[{"href":"https:\/\/patagoniambiental.com.ar\/info\/wp-json\/wp\/v2\/posts"}],"about":[{"href":"https:\/\/patagoniambiental.com.ar\/info\/wp-json\/wp\/v2\/types\/post"}],"author":[{"embeddable":true,"href":"https:\/\/patagoniambiental.com.ar\/info\/wp-json\/wp\/v2\/users\/2"}],"replies":[{"embeddable":true,"href":"https:\/\/patagoniambiental.com.ar\/info\/wp-json\/wp\/v2\/comments?post=14681"}],"version-history":[{"count":0,"href":"https:\/\/patagoniambiental.com.ar\/info\/wp-json\/wp\/v2\/posts\/14681\/revisions"}],"wp:featuredmedia":[{"embeddable":true,"href":"https:\/\/patagoniambiental.com.ar\/info\/wp-json\/"}],"wp:attachment":[{"href":"https:\/\/patagoniambiental.com.ar\/info\/wp-json\/wp\/v2\/media?parent=14681"}],"wp:term":[{"taxonomy":"category","embeddable":true,"href":"https:\/\/patagoniambiental.com.ar\/info\/wp-json\/wp\/v2\/categories?post=14681"},{"taxonomy":"post_tag","embeddable":true,"href":"https:\/\/patagoniambiental.com.ar\/info\/wp-json\/wp\/v2\/tags?post=14681"}],"curies":[{"name":"wp","href":"https:\/\/api.w.org\/{rel}","templated":true}]}}