{"id":14755,"date":"2015-11-03T09:00:27","date_gmt":"2015-11-03T12:00:27","guid":{"rendered":"http:\/\/patagoniambiental.com.ar\/?p=14755"},"modified":"2015-11-03T09:00:27","modified_gmt":"2015-11-03T12:00:27","slug":"vida-silvestre-celebra-el-proyecto-bosques-nativos-y-comunidad","status":"publish","type":"post","link":"https:\/\/patagoniambiental.com.ar\/info\/vida-silvestre-celebra-el-proyecto-bosques-nativos-y-comunidad\/","title":{"rendered":"Vida Silvestre celebra el proyecto \u201cBosques Nativos y comunidad\u201d"},"content":{"rendered":"<p>La Fundaci\u00f3n Vida Silvestre Argentina considera que el proyecto \u201c<em>Bosques Nativos y Comunidad<\/em>\u201d presentado por la presidenta Cristina Fern\u00e1ndez de Kirchner es de gran relevancia para el fortalecimiento de la aplicaci\u00f3n de la Ley de Bosques Nativos (Ley 26.331). Pero resalta la necesidad urgente de dar cumplimiento efectivo de la Ley de Bosques en aspectos claves como la asignaci\u00f3n total de los fondos que establece el presupuesto de la ley, que hoy s\u00f3lo asciende a menos del 4%.<\/p>\n<p>El proyecto es particularmente relevante para la construcci\u00f3n de opciones econ\u00f3micas reales y viables que permitan a las comunidades del norte argentino un uso sustentable de los servicios ambientales que otorgan los bosques nativos que a\u00fan persisten y que la Ley clasifica c\u00f3mo \u00e1reas amarillas y verdes que pueden recuperarse o restaurarse.<\/p>\n<p>\u201cSi bien el proyecto \u201cBosques Nativos y comunidad\u201d resulta un buen complemento de la Ley de Bosques; para impulsar\u00a0 el manejo de bosques nativos es fundamental y urgente avanzar en la implementaci\u00f3n plena de la Ley, materia a\u00fan pendiente. En particular, respetar lo establecido en su art\u00edculo 31, incisos a) y b) en donde se establece una partida no menor del 0,3% del Presupuesto Nacional, y una asignaci\u00f3n espec\u00edfica del 2% de las retenciones a las exportaciones de productos primarios y secundarios provenientes de la agricultura, ganader\u00eda y sector forestal. Si se respetara, el fondo para la conservaci\u00f3n de Bosques Nativos deber\u00eda contar en 2016 con 5.600 millones de pesos. Sin embargo el Presupuesto 2016 le asigna apenas 246 millones. Es decir, el 4% de lo establecido por la ley. Por s\u00e9ptimo a\u00f1o consecutivo la Ley de Bosques contar\u00e1 en 2016 con un presupuesto mucho menor al estipulado. En estos siete a\u00f1os la Ley de Bosques deber\u00eda haber contado con un presupuesto de 14.750 millones de pesos y tuvo s\u00f3lo 1239 millones\u201d, afirma Diego Moreno, director general de Fundaci\u00f3n Vida Silvestre Argentina.<\/p>\n<p>\u201cA su vez es necesario intervenir la oferta de productos madereros ilegales a trav\u00e9s de desarrollar una red de comercio forestal legal y sustentable junto con acciones que generen conciencia ambiental en los consumidores de los grandes centros urbanos\u201d, mencion\u00f3 Moreno.<\/p>\n<p>Vida Silvestre a su vez se\u00f1ala la importancia de incrementar y respetar las zonas rojas donde la tala est\u00e1 estrictamente prohibida para cumplir la meta internacional de proteger el 17% de nuestros bosques que son fuente de biodiversidad y servicios ecosist\u00e9micos. En este sentido cabe destacar la necesidad de hacer efectiva la implementaci\u00f3n del Parque Nacional El Impenetrable a trav\u00e9s de la otorgaci\u00f3n de posesi\u00f3n a la Administraci\u00f3n de Parques Nacionales.<\/p>\n<p>&nbsp;<\/p>\n","protected":false},"excerpt":{"rendered":"<p>La Fundaci\u00f3n Vida Silvestre Argentina considera que el proyecto \u201cBosques Nativos y Comunidad\u201d presentado por la presidenta Cristina Fern\u00e1ndez de [&hellip;]<\/p>\n","protected":false},"author":2,"featured_media":14756,"comment_status":"closed","ping_status":"closed","sticky":false,"template":"","format":"standard","meta":{"site-sidebar-layout":"default","site-content-layout":"","ast-site-content-layout":"default","site-content-style":"default","site-sidebar-style":"default","ast-global-header-display":"","ast-banner-title-visibility":"","ast-main-header-display":"","ast-hfb-above-header-display":"","ast-hfb-below-header-display":"","ast-hfb-mobile-header-display":"","site-post-title":"","ast-breadcrumbs-content":"","ast-featured-img":"","footer-sml-layout":"","ast-disable-related-posts":"","theme-transparent-header-meta":"","adv-header-id-meta":"","stick-header-meta":"","header-above-stick-meta":"","header-main-stick-meta":"","header-below-stick-meta":"","astra-migrate-meta-layouts":"default","ast-page-background-enabled":"default","ast-page-background-meta":{"desktop":{"background-color":"var(--ast-global-color-5)","background-image":"","background-repeat":"repeat","background-position":"center center","background-size":"auto","background-attachment":"scroll","background-type":"","background-media":"","overlay-type":"","overlay-color":"","overlay-opacity":"","overlay-gradient":""},"tablet":{"background-color":"","background-image":"","background-repeat":"repeat","background-position":"center center","background-size":"auto","background-attachment":"scroll","background-type":"","background-media":"","overlay-type":"","overlay-color":"","overlay-opacity":"","overlay-gradient":""},"mobile":{"background-color":"","background-image":"","background-repeat":"repeat","background-position":"center center","background-size":"auto","background-attachment":"scroll","background-type":"","background-media":"","overlay-type":"","overlay-color":"","overlay-opacity":"","overlay-gradient":""}},"ast-content-background-meta":{"desktop":{"background-color":"var(--ast-global-color-4)","background-image":"","background-repeat":"repeat","background-position":"center center","background-size":"auto","background-attachment":"scroll","background-type":"","background-media":"","overlay-type":"","overlay-color":"","overlay-opacity":"","overlay-gradient":""},"tablet":{"background-color":"var(--ast-global-color-4)","background-image":"","background-repeat":"repeat","background-position":"center center","background-size":"auto","background-attachment":"scroll","background-type":"","background-media":"","overlay-type":"","overlay-color":"","overlay-opacity":"","overlay-gradient":""},"mobile":{"background-color":"var(--ast-global-color-4)","background-image":"","background-repeat":"repeat","background-position":"center center","background-size":"auto","background-attachment":"scroll","background-type":"","background-media":"","overlay-type":"","overlay-color":"","overlay-opacity":"","overlay-gradient":""}},"footnotes":""},"categories":[1],"tags":[],"class_list":["post-14755","post","type-post","status-publish","format-standard","has-post-thumbnail","hentry","category-noticias"],"yoast_head":"<!-- This site is optimized with the Yoast SEO Premium plugin v23.0 (Yoast SEO v27.5) - https:\/\/yoast.com\/product\/yoast-seo-premium-wordpress\/ -->\n<title>Vida Silvestre celebra el proyecto \u201cBosques Nativos y comunidad\u201d<\/title>\n<meta name=\"robots\" content=\"index, follow, max-snippet:-1, max-image-preview:large, max-video-preview:-1\" \/>\n<link rel=\"canonical\" href=\"https:\/\/patagoniambiental.com.ar\/info\/vida-silvestre-celebra-el-proyecto-bosques-nativos-y-comunidad\/\" \/>\n<meta property=\"og:locale\" content=\"es_ES\" \/>\n<meta property=\"og:type\" content=\"article\" \/>\n<meta property=\"og:title\" content=\"Vida Silvestre celebra el proyecto \u201cBosques Nativos y comunidad\u201d\" \/>\n<meta property=\"og:description\" content=\"La Fundaci\u00f3n Vida Silvestre Argentina considera que el proyecto \u201cBosques Nativos y Comunidad\u201d presentado por la presidenta Cristina Fern\u00e1ndez de [&hellip;]\" \/>\n<meta property=\"og:url\" content=\"https:\/\/patagoniambiental.com.ar\/info\/vida-silvestre-celebra-el-proyecto-bosques-nativos-y-comunidad\/\" \/>\n<meta property=\"og:site_name\" content=\"Patagonia Ambiental\" \/>\n<meta property=\"article:publisher\" content=\"https:\/\/www.facebook.com\/patagonia.ambiental\" \/>\n<meta property=\"article:author\" content=\"https:\/\/www.facebook.com\/share\/1C1V8Gv9BX\/?mibextid=qi2Omg\" \/>\n<meta property=\"article:published_time\" content=\"2015-11-03T12:00:27+00:00\" \/>\n<meta name=\"author\" content=\"Patagonia Ambiental\" \/>\n<meta name=\"twitter:card\" content=\"summary_large_image\" \/>\n<meta name=\"twitter:creator\" content=\"@PatAmb\" \/>\n<meta name=\"twitter:site\" content=\"@PatAmb\" \/>\n<script type=\"application\/ld+json\" class=\"yoast-schema-graph\">{\"@context\":\"https:\\\/\\\/schema.org\",\"@graph\":[{\"@type\":\"Article\",\"@id\":\"https:\\\/\\\/patagoniambiental.com.ar\\\/info\\\/vida-silvestre-celebra-el-proyecto-bosques-nativos-y-comunidad\\\/#article\",\"isPartOf\":{\"@id\":\"https:\\\/\\\/patagoniambiental.com.ar\\\/info\\\/vida-silvestre-celebra-el-proyecto-bosques-nativos-y-comunidad\\\/\"},\"author\":{\"name\":\"Patagonia Ambiental\",\"@id\":\"https:\\\/\\\/patagoniambiental.com.ar\\\/info\\\/#\\\/schema\\\/person\\\/db12bff64bbcbf6a253710bf0ea37b5d\"},\"headline\":\"Vida Silvestre celebra el proyecto \u201cBosques Nativos y comunidad\u201d\",\"datePublished\":\"2015-11-03T12:00:27+00:00\",\"mainEntityOfPage\":{\"@id\":\"https:\\\/\\\/patagoniambiental.com.ar\\\/info\\\/vida-silvestre-celebra-el-proyecto-bosques-nativos-y-comunidad\\\/\"},\"wordCount\":451,\"publisher\":{\"@id\":\"https:\\\/\\\/patagoniambiental.com.ar\\\/info\\\/#organization\"},\"image\":{\"@id\":\"https:\\\/\\\/patagoniambiental.com.ar\\\/info\\\/vida-silvestre-celebra-el-proyecto-bosques-nativos-y-comunidad\\\/#primaryimage\"},\"thumbnailUrl\":\"\",\"articleSection\":[\"Noticias\"],\"inLanguage\":\"es\"},{\"@type\":\"WebPage\",\"@id\":\"https:\\\/\\\/patagoniambiental.com.ar\\\/info\\\/vida-silvestre-celebra-el-proyecto-bosques-nativos-y-comunidad\\\/\",\"url\":\"https:\\\/\\\/patagoniambiental.com.ar\\\/info\\\/vida-silvestre-celebra-el-proyecto-bosques-nativos-y-comunidad\\\/\",\"name\":\"Vida Silvestre celebra el proyecto \u201cBosques Nativos y comunidad\u201d\",\"isPartOf\":{\"@id\":\"https:\\\/\\\/patagoniambiental.com.ar\\\/info\\\/#website\"},\"primaryImageOfPage\":{\"@id\":\"https:\\\/\\\/patagoniambiental.com.ar\\\/info\\\/vida-silvestre-celebra-el-proyecto-bosques-nativos-y-comunidad\\\/#primaryimage\"},\"image\":{\"@id\":\"https:\\\/\\\/patagoniambiental.com.ar\\\/info\\\/vida-silvestre-celebra-el-proyecto-bosques-nativos-y-comunidad\\\/#primaryimage\"},\"thumbnailUrl\":\"\",\"datePublished\":\"2015-11-03T12:00:27+00:00\",\"breadcrumb\":{\"@id\":\"https:\\\/\\\/patagoniambiental.com.ar\\\/info\\\/vida-silvestre-celebra-el-proyecto-bosques-nativos-y-comunidad\\\/#breadcrumb\"},\"inLanguage\":\"es\",\"potentialAction\":[{\"@type\":\"ReadAction\",\"target\":[\"https:\\\/\\\/patagoniambiental.com.ar\\\/info\\\/vida-silvestre-celebra-el-proyecto-bosques-nativos-y-comunidad\\\/\"]}]},{\"@type\":\"ImageObject\",\"inLanguage\":\"es\",\"@id\":\"https:\\\/\\\/patagoniambiental.com.ar\\\/info\\\/vida-silvestre-celebra-el-proyecto-bosques-nativos-y-comunidad\\\/#primaryimage\",\"url\":\"\",\"contentUrl\":\"\"},{\"@type\":\"BreadcrumbList\",\"@id\":\"https:\\\/\\\/patagoniambiental.com.ar\\\/info\\\/vida-silvestre-celebra-el-proyecto-bosques-nativos-y-comunidad\\\/#breadcrumb\",\"itemListElement\":[{\"@type\":\"ListItem\",\"position\":1,\"name\":\"Inicio\",\"item\":\"https:\\\/\\\/patagoniambiental.com.ar\\\/info\\\/\"},{\"@type\":\"ListItem\",\"position\":2,\"name\":\"Vida Silvestre celebra el proyecto \u201cBosques Nativos y comunidad\u201d\"}]},{\"@type\":\"WebSite\",\"@id\":\"https:\\\/\\\/patagoniambiental.com.ar\\\/info\\\/#website\",\"url\":\"https:\\\/\\\/patagoniambiental.com.ar\\\/info\\\/\",\"name\":\"Patagonia Ambiental\",\"description\":\"Monitoreo y an\u00e1lisis de la situaci\u00f3n geopol\u00edtica en el mundo y su implicancia en la Patagonia\",\"publisher\":{\"@id\":\"https:\\\/\\\/patagoniambiental.com.ar\\\/info\\\/#organization\"},\"potentialAction\":[{\"@type\":\"SearchAction\",\"target\":{\"@type\":\"EntryPoint\",\"urlTemplate\":\"https:\\\/\\\/patagoniambiental.com.ar\\\/info\\\/?s={search_term_string}\"},\"query-input\":{\"@type\":\"PropertyValueSpecification\",\"valueRequired\":true,\"valueName\":\"search_term_string\"}}],\"inLanguage\":\"es\"},{\"@type\":\"Organization\",\"@id\":\"https:\\\/\\\/patagoniambiental.com.ar\\\/info\\\/#organization\",\"name\":\"Patagonia Ambiental\",\"url\":\"https:\\\/\\\/patagoniambiental.com.ar\\\/info\\\/\",\"logo\":{\"@type\":\"ImageObject\",\"inLanguage\":\"es\",\"@id\":\"https:\\\/\\\/patagoniambiental.com.ar\\\/info\\\/#\\\/schema\\\/logo\\\/image\\\/\",\"url\":\"https:\\\/\\\/patagoniambiental.com.ar\\\/info\\\/wp-content\\\/uploads\\\/2025\\\/05\\\/LOGO-PATAGONIA-AMBIENTAL.png\",\"contentUrl\":\"https:\\\/\\\/patagoniambiental.com.ar\\\/info\\\/wp-content\\\/uploads\\\/2025\\\/05\\\/LOGO-PATAGONIA-AMBIENTAL.png\",\"width\":433,\"height\":250,\"caption\":\"Patagonia Ambiental\"},\"image\":{\"@id\":\"https:\\\/\\\/patagoniambiental.com.ar\\\/info\\\/#\\\/schema\\\/logo\\\/image\\\/\"},\"sameAs\":[\"https:\\\/\\\/www.facebook.com\\\/patagonia.ambiental\",\"https:\\\/\\\/x.com\\\/PatAmb\"]},{\"@type\":\"Person\",\"@id\":\"https:\\\/\\\/patagoniambiental.com.ar\\\/info\\\/#\\\/schema\\\/person\\\/db12bff64bbcbf6a253710bf0ea37b5d\",\"name\":\"Patagonia Ambiental\",\"description\":\"Andr\u00e9s Nievas T\u00e9cnico en manejo ambiental, consultor Ambiental y escritor para medios locales e internacionales sobre temas de geopolitica y medio ambiente.\",\"sameAs\":[\"http:\\\/\\\/www.patagoniambiental.com.ar\",\"https:\\\/\\\/www.facebook.com\\\/share\\\/1C1V8Gv9BX\\\/?mibextid=qi2Omg\",\"@patagoniambiental\",\"https:\\\/\\\/youtube.com\\\/@patagoniaambiental2023?si=BLt58t0wuXquxlYZ\"]}]}<\/script>\n<!-- \/ Yoast SEO Premium plugin. -->","yoast_head_json":{"title":"Vida Silvestre celebra el proyecto \u201cBosques Nativos y comunidad\u201d","robots":{"index":"index","follow":"follow","max-snippet":"max-snippet:-1","max-image-preview":"max-image-preview:large","max-video-preview":"max-video-preview:-1"},"canonical":"https:\/\/patagoniambiental.com.ar\/info\/vida-silvestre-celebra-el-proyecto-bosques-nativos-y-comunidad\/","og_locale":"es_ES","og_type":"article","og_title":"Vida Silvestre celebra el proyecto \u201cBosques Nativos y comunidad\u201d","og_description":"La Fundaci\u00f3n Vida Silvestre Argentina considera que el proyecto \u201cBosques Nativos y Comunidad\u201d presentado por la presidenta Cristina Fern\u00e1ndez de [&hellip;]","og_url":"https:\/\/patagoniambiental.com.ar\/info\/vida-silvestre-celebra-el-proyecto-bosques-nativos-y-comunidad\/","og_site_name":"Patagonia Ambiental","article_publisher":"https:\/\/www.facebook.com\/patagonia.ambiental","article_author":"https:\/\/www.facebook.com\/share\/1C1V8Gv9BX\/?mibextid=qi2Omg","article_published_time":"2015-11-03T12:00:27+00:00","author":"Patagonia Ambiental","twitter_card":"summary_large_image","twitter_creator":"@PatAmb","twitter_site":"@PatAmb","schema":{"@context":"https:\/\/schema.org","@graph":[{"@type":"Article","@id":"https:\/\/patagoniambiental.com.ar\/info\/vida-silvestre-celebra-el-proyecto-bosques-nativos-y-comunidad\/#article","isPartOf":{"@id":"https:\/\/patagoniambiental.com.ar\/info\/vida-silvestre-celebra-el-proyecto-bosques-nativos-y-comunidad\/"},"author":{"name":"Patagonia Ambiental","@id":"https:\/\/patagoniambiental.com.ar\/info\/#\/schema\/person\/db12bff64bbcbf6a253710bf0ea37b5d"},"headline":"Vida Silvestre celebra el proyecto \u201cBosques Nativos y comunidad\u201d","datePublished":"2015-11-03T12:00:27+00:00","mainEntityOfPage":{"@id":"https:\/\/patagoniambiental.com.ar\/info\/vida-silvestre-celebra-el-proyecto-bosques-nativos-y-comunidad\/"},"wordCount":451,"publisher":{"@id":"https:\/\/patagoniambiental.com.ar\/info\/#organization"},"image":{"@id":"https:\/\/patagoniambiental.com.ar\/info\/vida-silvestre-celebra-el-proyecto-bosques-nativos-y-comunidad\/#primaryimage"},"thumbnailUrl":"","articleSection":["Noticias"],"inLanguage":"es"},{"@type":"WebPage","@id":"https:\/\/patagoniambiental.com.ar\/info\/vida-silvestre-celebra-el-proyecto-bosques-nativos-y-comunidad\/","url":"https:\/\/patagoniambiental.com.ar\/info\/vida-silvestre-celebra-el-proyecto-bosques-nativos-y-comunidad\/","name":"Vida Silvestre celebra el proyecto \u201cBosques Nativos y comunidad\u201d","isPartOf":{"@id":"https:\/\/patagoniambiental.com.ar\/info\/#website"},"primaryImageOfPage":{"@id":"https:\/\/patagoniambiental.com.ar\/info\/vida-silvestre-celebra-el-proyecto-bosques-nativos-y-comunidad\/#primaryimage"},"image":{"@id":"https:\/\/patagoniambiental.com.ar\/info\/vida-silvestre-celebra-el-proyecto-bosques-nativos-y-comunidad\/#primaryimage"},"thumbnailUrl":"","datePublished":"2015-11-03T12:00:27+00:00","breadcrumb":{"@id":"https:\/\/patagoniambiental.com.ar\/info\/vida-silvestre-celebra-el-proyecto-bosques-nativos-y-comunidad\/#breadcrumb"},"inLanguage":"es","potentialAction":[{"@type":"ReadAction","target":["https:\/\/patagoniambiental.com.ar\/info\/vida-silvestre-celebra-el-proyecto-bosques-nativos-y-comunidad\/"]}]},{"@type":"ImageObject","inLanguage":"es","@id":"https:\/\/patagoniambiental.com.ar\/info\/vida-silvestre-celebra-el-proyecto-bosques-nativos-y-comunidad\/#primaryimage","url":"","contentUrl":""},{"@type":"BreadcrumbList","@id":"https:\/\/patagoniambiental.com.ar\/info\/vida-silvestre-celebra-el-proyecto-bosques-nativos-y-comunidad\/#breadcrumb","itemListElement":[{"@type":"ListItem","position":1,"name":"Inicio","item":"https:\/\/patagoniambiental.com.ar\/info\/"},{"@type":"ListItem","position":2,"name":"Vida Silvestre celebra el proyecto \u201cBosques Nativos y comunidad\u201d"}]},{"@type":"WebSite","@id":"https:\/\/patagoniambiental.com.ar\/info\/#website","url":"https:\/\/patagoniambiental.com.ar\/info\/","name":"Patagonia Ambiental","description":"Monitoreo y an\u00e1lisis de la situaci\u00f3n geopol\u00edtica en el mundo y su implicancia en la Patagonia","publisher":{"@id":"https:\/\/patagoniambiental.com.ar\/info\/#organization"},"potentialAction":[{"@type":"SearchAction","target":{"@type":"EntryPoint","urlTemplate":"https:\/\/patagoniambiental.com.ar\/info\/?s={search_term_string}"},"query-input":{"@type":"PropertyValueSpecification","valueRequired":true,"valueName":"search_term_string"}}],"inLanguage":"es"},{"@type":"Organization","@id":"https:\/\/patagoniambiental.com.ar\/info\/#organization","name":"Patagonia Ambiental","url":"https:\/\/patagoniambiental.com.ar\/info\/","logo":{"@type":"ImageObject","inLanguage":"es","@id":"https:\/\/patagoniambiental.com.ar\/info\/#\/schema\/logo\/image\/","url":"https:\/\/patagoniambiental.com.ar\/info\/wp-content\/uploads\/2025\/05\/LOGO-PATAGONIA-AMBIENTAL.png","contentUrl":"https:\/\/patagoniambiental.com.ar\/info\/wp-content\/uploads\/2025\/05\/LOGO-PATAGONIA-AMBIENTAL.png","width":433,"height":250,"caption":"Patagonia Ambiental"},"image":{"@id":"https:\/\/patagoniambiental.com.ar\/info\/#\/schema\/logo\/image\/"},"sameAs":["https:\/\/www.facebook.com\/patagonia.ambiental","https:\/\/x.com\/PatAmb"]},{"@type":"Person","@id":"https:\/\/patagoniambiental.com.ar\/info\/#\/schema\/person\/db12bff64bbcbf6a253710bf0ea37b5d","name":"Patagonia Ambiental","description":"Andr\u00e9s Nievas T\u00e9cnico en manejo ambiental, consultor Ambiental y escritor para medios locales e internacionales sobre temas de geopolitica y medio ambiente.","sameAs":["http:\/\/www.patagoniambiental.com.ar","https:\/\/www.facebook.com\/share\/1C1V8Gv9BX\/?mibextid=qi2Omg","@patagoniambiental","https:\/\/youtube.com\/@patagoniaambiental2023?si=BLt58t0wuXquxlYZ"]}]}},"_links":{"self":[{"href":"https:\/\/patagoniambiental.com.ar\/info\/wp-json\/wp\/v2\/posts\/14755","targetHints":{"allow":["GET"]}}],"collection":[{"href":"https:\/\/patagoniambiental.com.ar\/info\/wp-json\/wp\/v2\/posts"}],"about":[{"href":"https:\/\/patagoniambiental.com.ar\/info\/wp-json\/wp\/v2\/types\/post"}],"author":[{"embeddable":true,"href":"https:\/\/patagoniambiental.com.ar\/info\/wp-json\/wp\/v2\/users\/2"}],"replies":[{"embeddable":true,"href":"https:\/\/patagoniambiental.com.ar\/info\/wp-json\/wp\/v2\/comments?post=14755"}],"version-history":[{"count":0,"href":"https:\/\/patagoniambiental.com.ar\/info\/wp-json\/wp\/v2\/posts\/14755\/revisions"}],"wp:featuredmedia":[{"embeddable":true,"href":"https:\/\/patagoniambiental.com.ar\/info\/wp-json\/"}],"wp:attachment":[{"href":"https:\/\/patagoniambiental.com.ar\/info\/wp-json\/wp\/v2\/media?parent=14755"}],"wp:term":[{"taxonomy":"category","embeddable":true,"href":"https:\/\/patagoniambiental.com.ar\/info\/wp-json\/wp\/v2\/categories?post=14755"},{"taxonomy":"post_tag","embeddable":true,"href":"https:\/\/patagoniambiental.com.ar\/info\/wp-json\/wp\/v2\/tags?post=14755"}],"curies":[{"name":"wp","href":"https:\/\/api.w.org\/{rel}","templated":true}]}}