{"id":14822,"date":"2015-11-05T09:00:39","date_gmt":"2015-11-05T12:00:39","guid":{"rendered":"http:\/\/patagoniambiental.com.ar\/?p=14822"},"modified":"2015-11-05T09:00:39","modified_gmt":"2015-11-05T12:00:39","slug":"la-fundacion-ambiente-y-recursos-naturales-solicito-informacion-sobre-el-rally-dakar-2016","status":"publish","type":"post","link":"https:\/\/patagoniambiental.com.ar\/info\/la-fundacion-ambiente-y-recursos-naturales-solicito-informacion-sobre-el-rally-dakar-2016\/","title":{"rendered":"La Fundaci\u00f3n Ambiente y Recursos Naturales solicit\u00f3  informaci\u00f3n sobre el rally Dakar 2016"},"content":{"rendered":"<p align=\"justify\">La Fundaci\u00f3n Ambiente y Recursos Naturales present\u00f3 el 2 de noviembre un pedido de informes al Consejo Federal de Medio Ambiente (COFEMA) solicitando informaci\u00f3n relativa al impacto ambiental de la edici\u00f3n 2015 del \u201cRally Dakar\u201d, as\u00ed como sobre las medidas para prevenir impactos negativos en la edici\u00f3n 2016 que iniciar\u00e1 el 2 de enero.<span id=\"more-19933\"><\/span><\/p>\n<p align=\"justify\">El Rally Dakar es una competencia en la que diferentes veh\u00edculos atraviesan distintos terrenos, incluyendo zonas de arena, barro, rocas, vegetaci\u00f3n y carreteras secundarias, \u00a0y que convoca a profesionales del automovilismo de diferentes partes del mundo. A partir del a\u00f1o 2009, luego de una suspensi\u00f3n recomendada por el Gobierno de Francia, el Rally Dakar se traslad\u00f3 a Am\u00e9rica del Sur. Durante todas las ediciones celebradas hasta momento, diferentes partes del territorio argentino fueron utilizados como escenarios de la competici\u00f3n.<\/p>\n<p align=\"justify\">En ese sentido, desde FARN se consult\u00f3 espec\u00edficamente sobre los siguientes temas vinculados a la competici\u00f3n: evaluaci\u00f3n de impacto ambiental, informes ambientales post competici\u00f3n, consulta previa a las comunidades abor\u00edgenes que habitan territorios atravesados por la competici\u00f3n, inconvenientes experimentados en las anteriores ediciones del evento, entre otros.<\/p>\n<p align=\"justify\">Ante las ediciones pasadas FARN tambi\u00e9n solicit\u00f3 informaci\u00f3n para difundir y fomentar el cuidado de la flora, la fauna y el paisaje de las \u00e1reas naturales y arqueol\u00f3gicas por donde se traz\u00f3 la carrera, algunas de las cuales son \u00e1reas protegidas. Sin embargo, el organismo consultado no ha emitido ninguna respuesta a los reiterados pedidos, motivando el inicio de un juicio ante la Justicia Federal, en mayo de este a\u00f1o.<\/p>\n<p align=\"justify\">En relaci\u00f3n al \u201cRally Dakar\u201d, recientemente la Defensor\u00eda del Pueblo de la Naci\u00f3n inst\u00f3 al Ministerio de Turismo de la Naci\u00f3n a garantizar el ejercicio del derecho a la consulta, libre, previa e informada de comunidades ind\u00edgenas para la edici\u00f3n 2016 del Rally Dakar, incumplido en a\u00f1os anteriores. As\u00ed tambi\u00e9n puso en conocimiento de tales circunstancias a otras autoridades competentes a efectos que adopten medidas pertinentes para garantizar los derechos de comunidades abor\u00edgenes.<\/p>\n","protected":false},"excerpt":{"rendered":"<p>La Fundaci\u00f3n Ambiente y Recursos Naturales present\u00f3 el 2 de noviembre un pedido de informes al Consejo Federal de Medio [&hellip;]<\/p>\n","protected":false},"author":2,"featured_media":14823,"comment_status":"closed","ping_status":"closed","sticky":false,"template":"","format":"standard","meta":{"site-sidebar-layout":"default","site-content-layout":"","ast-site-content-layout":"default","site-content-style":"default","site-sidebar-style":"default","ast-global-header-display":"","ast-banner-title-visibility":"","ast-main-header-display":"","ast-hfb-above-header-display":"","ast-hfb-below-header-display":"","ast-hfb-mobile-header-display":"","site-post-title":"","ast-breadcrumbs-content":"","ast-featured-img":"","footer-sml-layout":"","ast-disable-related-posts":"","theme-transparent-header-meta":"","adv-header-id-meta":"","stick-header-meta":"","header-above-stick-meta":"","header-main-stick-meta":"","header-below-stick-meta":"","astra-migrate-meta-layouts":"default","ast-page-background-enabled":"default","ast-page-background-meta":{"desktop":{"background-color":"var(--ast-global-color-5)","background-image":"","background-repeat":"repeat","background-position":"center center","background-size":"auto","background-attachment":"scroll","background-type":"","background-media":"","overlay-type":"","overlay-color":"","overlay-opacity":"","overlay-gradient":""},"tablet":{"background-color":"","background-image":"","background-repeat":"repeat","background-position":"center center","background-size":"auto","background-attachment":"scroll","background-type":"","background-media":"","overlay-type":"","overlay-color":"","overlay-opacity":"","overlay-gradient":""},"mobile":{"background-color":"","background-image":"","background-repeat":"repeat","background-position":"center center","background-size":"auto","background-attachment":"scroll","background-type":"","background-media":"","overlay-type":"","overlay-color":"","overlay-opacity":"","overlay-gradient":""}},"ast-content-background-meta":{"desktop":{"background-color":"var(--ast-global-color-4)","background-image":"","background-repeat":"repeat","background-position":"center center","background-size":"auto","background-attachment":"scroll","background-type":"","background-media":"","overlay-type":"","overlay-color":"","overlay-opacity":"","overlay-gradient":""},"tablet":{"background-color":"var(--ast-global-color-4)","background-image":"","background-repeat":"repeat","background-position":"center center","background-size":"auto","background-attachment":"scroll","background-type":"","background-media":"","overlay-type":"","overlay-color":"","overlay-opacity":"","overlay-gradient":""},"mobile":{"background-color":"var(--ast-global-color-4)","background-image":"","background-repeat":"repeat","background-position":"center center","background-size":"auto","background-attachment":"scroll","background-type":"","background-media":"","overlay-type":"","overlay-color":"","overlay-opacity":"","overlay-gradient":""}},"footnotes":""},"categories":[1],"tags":[],"class_list":["post-14822","post","type-post","status-publish","format-standard","has-post-thumbnail","hentry","category-noticias"],"yoast_head":"<!-- This site is optimized with the Yoast SEO Premium plugin v23.0 (Yoast SEO v27.5) - https:\/\/yoast.com\/product\/yoast-seo-premium-wordpress\/ -->\n<title>La Fundaci\u00f3n Ambiente y Recursos Naturales solicit\u00f3 informaci\u00f3n sobre el rally Dakar 2016<\/title>\n<meta name=\"robots\" content=\"index, follow, max-snippet:-1, max-image-preview:large, max-video-preview:-1\" \/>\n<link rel=\"canonical\" href=\"https:\/\/patagoniambiental.com.ar\/info\/la-fundacion-ambiente-y-recursos-naturales-solicito-informacion-sobre-el-rally-dakar-2016\/\" \/>\n<meta property=\"og:locale\" content=\"es_ES\" \/>\n<meta property=\"og:type\" content=\"article\" \/>\n<meta property=\"og:title\" content=\"La Fundaci\u00f3n Ambiente y Recursos Naturales solicit\u00f3 informaci\u00f3n sobre el rally Dakar 2016\" \/>\n<meta property=\"og:description\" content=\"La Fundaci\u00f3n Ambiente y Recursos Naturales present\u00f3 el 2 de noviembre un pedido de informes al Consejo Federal de Medio [&hellip;]\" \/>\n<meta property=\"og:url\" content=\"https:\/\/patagoniambiental.com.ar\/info\/la-fundacion-ambiente-y-recursos-naturales-solicito-informacion-sobre-el-rally-dakar-2016\/\" \/>\n<meta property=\"og:site_name\" content=\"Patagonia Ambiental\" \/>\n<meta property=\"article:publisher\" content=\"https:\/\/www.facebook.com\/patagonia.ambiental\" \/>\n<meta property=\"article:author\" content=\"https:\/\/www.facebook.com\/share\/1C1V8Gv9BX\/?mibextid=qi2Omg\" \/>\n<meta property=\"article:published_time\" content=\"2015-11-05T12:00:39+00:00\" \/>\n<meta name=\"author\" content=\"Patagonia Ambiental\" \/>\n<meta name=\"twitter:card\" content=\"summary_large_image\" \/>\n<meta name=\"twitter:creator\" content=\"@PatAmb\" \/>\n<meta name=\"twitter:site\" content=\"@PatAmb\" \/>\n<script type=\"application\/ld+json\" class=\"yoast-schema-graph\">{\"@context\":\"https:\\\/\\\/schema.org\",\"@graph\":[{\"@type\":\"Article\",\"@id\":\"https:\\\/\\\/patagoniambiental.com.ar\\\/info\\\/la-fundacion-ambiente-y-recursos-naturales-solicito-informacion-sobre-el-rally-dakar-2016\\\/#article\",\"isPartOf\":{\"@id\":\"https:\\\/\\\/patagoniambiental.com.ar\\\/info\\\/la-fundacion-ambiente-y-recursos-naturales-solicito-informacion-sobre-el-rally-dakar-2016\\\/\"},\"author\":{\"name\":\"Patagonia Ambiental\",\"@id\":\"https:\\\/\\\/patagoniambiental.com.ar\\\/info\\\/#\\\/schema\\\/person\\\/db12bff64bbcbf6a253710bf0ea37b5d\"},\"headline\":\"La Fundaci\u00f3n Ambiente y Recursos Naturales solicit\u00f3 informaci\u00f3n sobre el rally Dakar 2016\",\"datePublished\":\"2015-11-05T12:00:39+00:00\",\"mainEntityOfPage\":{\"@id\":\"https:\\\/\\\/patagoniambiental.com.ar\\\/info\\\/la-fundacion-ambiente-y-recursos-naturales-solicito-informacion-sobre-el-rally-dakar-2016\\\/\"},\"wordCount\":360,\"publisher\":{\"@id\":\"https:\\\/\\\/patagoniambiental.com.ar\\\/info\\\/#organization\"},\"image\":{\"@id\":\"https:\\\/\\\/patagoniambiental.com.ar\\\/info\\\/la-fundacion-ambiente-y-recursos-naturales-solicito-informacion-sobre-el-rally-dakar-2016\\\/#primaryimage\"},\"thumbnailUrl\":\"\",\"articleSection\":[\"Noticias\"],\"inLanguage\":\"es\"},{\"@type\":\"WebPage\",\"@id\":\"https:\\\/\\\/patagoniambiental.com.ar\\\/info\\\/la-fundacion-ambiente-y-recursos-naturales-solicito-informacion-sobre-el-rally-dakar-2016\\\/\",\"url\":\"https:\\\/\\\/patagoniambiental.com.ar\\\/info\\\/la-fundacion-ambiente-y-recursos-naturales-solicito-informacion-sobre-el-rally-dakar-2016\\\/\",\"name\":\"La Fundaci\u00f3n Ambiente y Recursos Naturales solicit\u00f3 informaci\u00f3n sobre el rally Dakar 2016\",\"isPartOf\":{\"@id\":\"https:\\\/\\\/patagoniambiental.com.ar\\\/info\\\/#website\"},\"primaryImageOfPage\":{\"@id\":\"https:\\\/\\\/patagoniambiental.com.ar\\\/info\\\/la-fundacion-ambiente-y-recursos-naturales-solicito-informacion-sobre-el-rally-dakar-2016\\\/#primaryimage\"},\"image\":{\"@id\":\"https:\\\/\\\/patagoniambiental.com.ar\\\/info\\\/la-fundacion-ambiente-y-recursos-naturales-solicito-informacion-sobre-el-rally-dakar-2016\\\/#primaryimage\"},\"thumbnailUrl\":\"\",\"datePublished\":\"2015-11-05T12:00:39+00:00\",\"breadcrumb\":{\"@id\":\"https:\\\/\\\/patagoniambiental.com.ar\\\/info\\\/la-fundacion-ambiente-y-recursos-naturales-solicito-informacion-sobre-el-rally-dakar-2016\\\/#breadcrumb\"},\"inLanguage\":\"es\",\"potentialAction\":[{\"@type\":\"ReadAction\",\"target\":[\"https:\\\/\\\/patagoniambiental.com.ar\\\/info\\\/la-fundacion-ambiente-y-recursos-naturales-solicito-informacion-sobre-el-rally-dakar-2016\\\/\"]}]},{\"@type\":\"ImageObject\",\"inLanguage\":\"es\",\"@id\":\"https:\\\/\\\/patagoniambiental.com.ar\\\/info\\\/la-fundacion-ambiente-y-recursos-naturales-solicito-informacion-sobre-el-rally-dakar-2016\\\/#primaryimage\",\"url\":\"\",\"contentUrl\":\"\"},{\"@type\":\"BreadcrumbList\",\"@id\":\"https:\\\/\\\/patagoniambiental.com.ar\\\/info\\\/la-fundacion-ambiente-y-recursos-naturales-solicito-informacion-sobre-el-rally-dakar-2016\\\/#breadcrumb\",\"itemListElement\":[{\"@type\":\"ListItem\",\"position\":1,\"name\":\"Inicio\",\"item\":\"https:\\\/\\\/patagoniambiental.com.ar\\\/info\\\/\"},{\"@type\":\"ListItem\",\"position\":2,\"name\":\"La Fundaci\u00f3n Ambiente y Recursos Naturales solicit\u00f3 informaci\u00f3n sobre el rally Dakar 2016\"}]},{\"@type\":\"WebSite\",\"@id\":\"https:\\\/\\\/patagoniambiental.com.ar\\\/info\\\/#website\",\"url\":\"https:\\\/\\\/patagoniambiental.com.ar\\\/info\\\/\",\"name\":\"Patagonia Ambiental\",\"description\":\"Monitoreo y an\u00e1lisis de la situaci\u00f3n geopol\u00edtica en el mundo y su implicancia en la Patagonia\",\"publisher\":{\"@id\":\"https:\\\/\\\/patagoniambiental.com.ar\\\/info\\\/#organization\"},\"potentialAction\":[{\"@type\":\"SearchAction\",\"target\":{\"@type\":\"EntryPoint\",\"urlTemplate\":\"https:\\\/\\\/patagoniambiental.com.ar\\\/info\\\/?s={search_term_string}\"},\"query-input\":{\"@type\":\"PropertyValueSpecification\",\"valueRequired\":true,\"valueName\":\"search_term_string\"}}],\"inLanguage\":\"es\"},{\"@type\":\"Organization\",\"@id\":\"https:\\\/\\\/patagoniambiental.com.ar\\\/info\\\/#organization\",\"name\":\"Patagonia Ambiental\",\"url\":\"https:\\\/\\\/patagoniambiental.com.ar\\\/info\\\/\",\"logo\":{\"@type\":\"ImageObject\",\"inLanguage\":\"es\",\"@id\":\"https:\\\/\\\/patagoniambiental.com.ar\\\/info\\\/#\\\/schema\\\/logo\\\/image\\\/\",\"url\":\"https:\\\/\\\/patagoniambiental.com.ar\\\/info\\\/wp-content\\\/uploads\\\/2025\\\/05\\\/LOGO-PATAGONIA-AMBIENTAL.png\",\"contentUrl\":\"https:\\\/\\\/patagoniambiental.com.ar\\\/info\\\/wp-content\\\/uploads\\\/2025\\\/05\\\/LOGO-PATAGONIA-AMBIENTAL.png\",\"width\":433,\"height\":250,\"caption\":\"Patagonia Ambiental\"},\"image\":{\"@id\":\"https:\\\/\\\/patagoniambiental.com.ar\\\/info\\\/#\\\/schema\\\/logo\\\/image\\\/\"},\"sameAs\":[\"https:\\\/\\\/www.facebook.com\\\/patagonia.ambiental\",\"https:\\\/\\\/x.com\\\/PatAmb\"]},{\"@type\":\"Person\",\"@id\":\"https:\\\/\\\/patagoniambiental.com.ar\\\/info\\\/#\\\/schema\\\/person\\\/db12bff64bbcbf6a253710bf0ea37b5d\",\"name\":\"Patagonia Ambiental\",\"description\":\"Andr\u00e9s Nievas T\u00e9cnico en manejo ambiental, consultor Ambiental y escritor para medios locales e internacionales sobre temas de geopolitica y medio ambiente.\",\"sameAs\":[\"http:\\\/\\\/www.patagoniambiental.com.ar\",\"https:\\\/\\\/www.facebook.com\\\/share\\\/1C1V8Gv9BX\\\/?mibextid=qi2Omg\",\"@patagoniambiental\",\"https:\\\/\\\/youtube.com\\\/@patagoniaambiental2023?si=BLt58t0wuXquxlYZ\"]}]}<\/script>\n<!-- \/ Yoast SEO Premium plugin. -->","yoast_head_json":{"title":"La Fundaci\u00f3n Ambiente y Recursos Naturales solicit\u00f3 informaci\u00f3n sobre el rally Dakar 2016","robots":{"index":"index","follow":"follow","max-snippet":"max-snippet:-1","max-image-preview":"max-image-preview:large","max-video-preview":"max-video-preview:-1"},"canonical":"https:\/\/patagoniambiental.com.ar\/info\/la-fundacion-ambiente-y-recursos-naturales-solicito-informacion-sobre-el-rally-dakar-2016\/","og_locale":"es_ES","og_type":"article","og_title":"La Fundaci\u00f3n Ambiente y Recursos Naturales solicit\u00f3 informaci\u00f3n sobre el rally Dakar 2016","og_description":"La Fundaci\u00f3n Ambiente y Recursos Naturales present\u00f3 el 2 de noviembre un pedido de informes al Consejo Federal de Medio [&hellip;]","og_url":"https:\/\/patagoniambiental.com.ar\/info\/la-fundacion-ambiente-y-recursos-naturales-solicito-informacion-sobre-el-rally-dakar-2016\/","og_site_name":"Patagonia Ambiental","article_publisher":"https:\/\/www.facebook.com\/patagonia.ambiental","article_author":"https:\/\/www.facebook.com\/share\/1C1V8Gv9BX\/?mibextid=qi2Omg","article_published_time":"2015-11-05T12:00:39+00:00","author":"Patagonia Ambiental","twitter_card":"summary_large_image","twitter_creator":"@PatAmb","twitter_site":"@PatAmb","schema":{"@context":"https:\/\/schema.org","@graph":[{"@type":"Article","@id":"https:\/\/patagoniambiental.com.ar\/info\/la-fundacion-ambiente-y-recursos-naturales-solicito-informacion-sobre-el-rally-dakar-2016\/#article","isPartOf":{"@id":"https:\/\/patagoniambiental.com.ar\/info\/la-fundacion-ambiente-y-recursos-naturales-solicito-informacion-sobre-el-rally-dakar-2016\/"},"author":{"name":"Patagonia Ambiental","@id":"https:\/\/patagoniambiental.com.ar\/info\/#\/schema\/person\/db12bff64bbcbf6a253710bf0ea37b5d"},"headline":"La Fundaci\u00f3n Ambiente y Recursos Naturales solicit\u00f3 informaci\u00f3n sobre el rally Dakar 2016","datePublished":"2015-11-05T12:00:39+00:00","mainEntityOfPage":{"@id":"https:\/\/patagoniambiental.com.ar\/info\/la-fundacion-ambiente-y-recursos-naturales-solicito-informacion-sobre-el-rally-dakar-2016\/"},"wordCount":360,"publisher":{"@id":"https:\/\/patagoniambiental.com.ar\/info\/#organization"},"image":{"@id":"https:\/\/patagoniambiental.com.ar\/info\/la-fundacion-ambiente-y-recursos-naturales-solicito-informacion-sobre-el-rally-dakar-2016\/#primaryimage"},"thumbnailUrl":"","articleSection":["Noticias"],"inLanguage":"es"},{"@type":"WebPage","@id":"https:\/\/patagoniambiental.com.ar\/info\/la-fundacion-ambiente-y-recursos-naturales-solicito-informacion-sobre-el-rally-dakar-2016\/","url":"https:\/\/patagoniambiental.com.ar\/info\/la-fundacion-ambiente-y-recursos-naturales-solicito-informacion-sobre-el-rally-dakar-2016\/","name":"La Fundaci\u00f3n Ambiente y Recursos Naturales solicit\u00f3 informaci\u00f3n sobre el rally Dakar 2016","isPartOf":{"@id":"https:\/\/patagoniambiental.com.ar\/info\/#website"},"primaryImageOfPage":{"@id":"https:\/\/patagoniambiental.com.ar\/info\/la-fundacion-ambiente-y-recursos-naturales-solicito-informacion-sobre-el-rally-dakar-2016\/#primaryimage"},"image":{"@id":"https:\/\/patagoniambiental.com.ar\/info\/la-fundacion-ambiente-y-recursos-naturales-solicito-informacion-sobre-el-rally-dakar-2016\/#primaryimage"},"thumbnailUrl":"","datePublished":"2015-11-05T12:00:39+00:00","breadcrumb":{"@id":"https:\/\/patagoniambiental.com.ar\/info\/la-fundacion-ambiente-y-recursos-naturales-solicito-informacion-sobre-el-rally-dakar-2016\/#breadcrumb"},"inLanguage":"es","potentialAction":[{"@type":"ReadAction","target":["https:\/\/patagoniambiental.com.ar\/info\/la-fundacion-ambiente-y-recursos-naturales-solicito-informacion-sobre-el-rally-dakar-2016\/"]}]},{"@type":"ImageObject","inLanguage":"es","@id":"https:\/\/patagoniambiental.com.ar\/info\/la-fundacion-ambiente-y-recursos-naturales-solicito-informacion-sobre-el-rally-dakar-2016\/#primaryimage","url":"","contentUrl":""},{"@type":"BreadcrumbList","@id":"https:\/\/patagoniambiental.com.ar\/info\/la-fundacion-ambiente-y-recursos-naturales-solicito-informacion-sobre-el-rally-dakar-2016\/#breadcrumb","itemListElement":[{"@type":"ListItem","position":1,"name":"Inicio","item":"https:\/\/patagoniambiental.com.ar\/info\/"},{"@type":"ListItem","position":2,"name":"La Fundaci\u00f3n Ambiente y Recursos Naturales solicit\u00f3 informaci\u00f3n sobre el rally Dakar 2016"}]},{"@type":"WebSite","@id":"https:\/\/patagoniambiental.com.ar\/info\/#website","url":"https:\/\/patagoniambiental.com.ar\/info\/","name":"Patagonia Ambiental","description":"Monitoreo y an\u00e1lisis de la situaci\u00f3n geopol\u00edtica en el mundo y su implicancia en la Patagonia","publisher":{"@id":"https:\/\/patagoniambiental.com.ar\/info\/#organization"},"potentialAction":[{"@type":"SearchAction","target":{"@type":"EntryPoint","urlTemplate":"https:\/\/patagoniambiental.com.ar\/info\/?s={search_term_string}"},"query-input":{"@type":"PropertyValueSpecification","valueRequired":true,"valueName":"search_term_string"}}],"inLanguage":"es"},{"@type":"Organization","@id":"https:\/\/patagoniambiental.com.ar\/info\/#organization","name":"Patagonia Ambiental","url":"https:\/\/patagoniambiental.com.ar\/info\/","logo":{"@type":"ImageObject","inLanguage":"es","@id":"https:\/\/patagoniambiental.com.ar\/info\/#\/schema\/logo\/image\/","url":"https:\/\/patagoniambiental.com.ar\/info\/wp-content\/uploads\/2025\/05\/LOGO-PATAGONIA-AMBIENTAL.png","contentUrl":"https:\/\/patagoniambiental.com.ar\/info\/wp-content\/uploads\/2025\/05\/LOGO-PATAGONIA-AMBIENTAL.png","width":433,"height":250,"caption":"Patagonia Ambiental"},"image":{"@id":"https:\/\/patagoniambiental.com.ar\/info\/#\/schema\/logo\/image\/"},"sameAs":["https:\/\/www.facebook.com\/patagonia.ambiental","https:\/\/x.com\/PatAmb"]},{"@type":"Person","@id":"https:\/\/patagoniambiental.com.ar\/info\/#\/schema\/person\/db12bff64bbcbf6a253710bf0ea37b5d","name":"Patagonia Ambiental","description":"Andr\u00e9s Nievas T\u00e9cnico en manejo ambiental, consultor Ambiental y escritor para medios locales e internacionales sobre temas de geopolitica y medio ambiente.","sameAs":["http:\/\/www.patagoniambiental.com.ar","https:\/\/www.facebook.com\/share\/1C1V8Gv9BX\/?mibextid=qi2Omg","@patagoniambiental","https:\/\/youtube.com\/@patagoniaambiental2023?si=BLt58t0wuXquxlYZ"]}]}},"_links":{"self":[{"href":"https:\/\/patagoniambiental.com.ar\/info\/wp-json\/wp\/v2\/posts\/14822","targetHints":{"allow":["GET"]}}],"collection":[{"href":"https:\/\/patagoniambiental.com.ar\/info\/wp-json\/wp\/v2\/posts"}],"about":[{"href":"https:\/\/patagoniambiental.com.ar\/info\/wp-json\/wp\/v2\/types\/post"}],"author":[{"embeddable":true,"href":"https:\/\/patagoniambiental.com.ar\/info\/wp-json\/wp\/v2\/users\/2"}],"replies":[{"embeddable":true,"href":"https:\/\/patagoniambiental.com.ar\/info\/wp-json\/wp\/v2\/comments?post=14822"}],"version-history":[{"count":0,"href":"https:\/\/patagoniambiental.com.ar\/info\/wp-json\/wp\/v2\/posts\/14822\/revisions"}],"wp:featuredmedia":[{"embeddable":true,"href":"https:\/\/patagoniambiental.com.ar\/info\/wp-json\/"}],"wp:attachment":[{"href":"https:\/\/patagoniambiental.com.ar\/info\/wp-json\/wp\/v2\/media?parent=14822"}],"wp:term":[{"taxonomy":"category","embeddable":true,"href":"https:\/\/patagoniambiental.com.ar\/info\/wp-json\/wp\/v2\/categories?post=14822"},{"taxonomy":"post_tag","embeddable":true,"href":"https:\/\/patagoniambiental.com.ar\/info\/wp-json\/wp\/v2\/tags?post=14822"}],"curies":[{"name":"wp","href":"https:\/\/api.w.org\/{rel}","templated":true}]}}