{"id":14855,"date":"2015-11-09T09:00:05","date_gmt":"2015-11-09T12:00:05","guid":{"rendered":"http:\/\/patagoniambiental.com.ar\/?p=14855"},"modified":"2015-11-09T09:00:05","modified_gmt":"2015-11-09T12:00:05","slug":"oslo-sera-la-primera-ciudad-europea-libre-de-circulacion-de-autos-para-2019","status":"publish","type":"post","link":"https:\/\/patagoniambiental.com.ar\/info\/oslo-sera-la-primera-ciudad-europea-libre-de-circulacion-de-autos-para-2019\/","title":{"rendered":"Oslo ser\u00e1 la primera ciudad europea libre de circulaci\u00f3n de autos para 2019"},"content":{"rendered":"<p>El gobierno de Oslo aprob\u00f3 recientemente un acuerdo en el que prev\u00e9 la prohibici\u00f3n de circulaci\u00f3n de veh\u00edculos\u00a0privados con motor de combusti\u00f3n en el centro de la ciudad para el 2019. El proyecto no proh\u00edbe la circulaci\u00f3n de vah\u00edculos\u00a0que conducen o transportan personas con discapacidad ni los que transportan mercader\u00edas a los comercios.<\/p>\n<p>La\u00a0prohibici\u00f3n beneficiar\u00e1 a todos los ciudadanos sin afectar de forma sustancial a las empresas y comercios ubicados en la capital. Lan Marie Nguyen Berg, portavoz del Partido Verde expres\u00f3 \u201cqueremos que la capital sea de los peatones\u00a0y los ciclistas, y eso ser\u00e1 mejor tambi\u00e9n para los comercios y el conjunto de la poblaci\u00f3n\u201d. Para su realizaci\u00f3n el proyecto incluye la construcci\u00f3n de al menos 60 kil\u00f3metros de carriles para bicisendas\u00a0antes de 2019, y proporcionar la inversi\u00f3n del transporte p\u00fablico.<\/p>\n<p>Tambi\u00e9n se espera que la medida no tenga un\u00a0impacto negativo en el turismo ya que quienes lleguen a Oslo podr\u00e1n recorrer la ciudad de una manera diferente y amigable con el medio ambiente como es pasear caminando o en bicicleta, y evitar\u00e1n el peligro que los autos representan muchas veces para esas actividades en las grandes ciudades. Adem\u00e1s algunos buses de transporte p\u00fablico estar\u00e1n habilitados para trasladar personas en la zona.<\/p>\n<p>&nbsp;<\/p>\n<p>&nbsp;<\/p>\n","protected":false},"excerpt":{"rendered":"<p>El gobierno de Oslo aprob\u00f3 recientemente un acuerdo en el que prev\u00e9 la prohibici\u00f3n de circulaci\u00f3n de veh\u00edculos\u00a0privados con motor [&hellip;]<\/p>\n","protected":false},"author":2,"featured_media":14857,"comment_status":"closed","ping_status":"closed","sticky":false,"template":"","format":"standard","meta":{"site-sidebar-layout":"default","site-content-layout":"","ast-site-content-layout":"default","site-content-style":"default","site-sidebar-style":"default","ast-global-header-display":"","ast-banner-title-visibility":"","ast-main-header-display":"","ast-hfb-above-header-display":"","ast-hfb-below-header-display":"","ast-hfb-mobile-header-display":"","site-post-title":"","ast-breadcrumbs-content":"","ast-featured-img":"","footer-sml-layout":"","ast-disable-related-posts":"","theme-transparent-header-meta":"","adv-header-id-meta":"","stick-header-meta":"","header-above-stick-meta":"","header-main-stick-meta":"","header-below-stick-meta":"","astra-migrate-meta-layouts":"default","ast-page-background-enabled":"default","ast-page-background-meta":{"desktop":{"background-color":"var(--ast-global-color-5)","background-image":"","background-repeat":"repeat","background-position":"center center","background-size":"auto","background-attachment":"scroll","background-type":"","background-media":"","overlay-type":"","overlay-color":"","overlay-opacity":"","overlay-gradient":""},"tablet":{"background-color":"","background-image":"","background-repeat":"repeat","background-position":"center center","background-size":"auto","background-attachment":"scroll","background-type":"","background-media":"","overlay-type":"","overlay-color":"","overlay-opacity":"","overlay-gradient":""},"mobile":{"background-color":"","background-image":"","background-repeat":"repeat","background-position":"center center","background-size":"auto","background-attachment":"scroll","background-type":"","background-media":"","overlay-type":"","overlay-color":"","overlay-opacity":"","overlay-gradient":""}},"ast-content-background-meta":{"desktop":{"background-color":"var(--ast-global-color-4)","background-image":"","background-repeat":"repeat","background-position":"center center","background-size":"auto","background-attachment":"scroll","background-type":"","background-media":"","overlay-type":"","overlay-color":"","overlay-opacity":"","overlay-gradient":""},"tablet":{"background-color":"var(--ast-global-color-4)","background-image":"","background-repeat":"repeat","background-position":"center center","background-size":"auto","background-attachment":"scroll","background-type":"","background-media":"","overlay-type":"","overlay-color":"","overlay-opacity":"","overlay-gradient":""},"mobile":{"background-color":"var(--ast-global-color-4)","background-image":"","background-repeat":"repeat","background-position":"center center","background-size":"auto","background-attachment":"scroll","background-type":"","background-media":"","overlay-type":"","overlay-color":"","overlay-opacity":"","overlay-gradient":""}},"footnotes":""},"categories":[23,1],"tags":[],"class_list":["post-14855","post","type-post","status-publish","format-standard","has-post-thumbnail","hentry","category-internacionales","category-noticias"],"yoast_head":"<!-- This site is optimized with the Yoast SEO Premium plugin v23.0 (Yoast SEO v27.5) - https:\/\/yoast.com\/product\/yoast-seo-premium-wordpress\/ -->\n<title>Oslo ser\u00e1 la primera ciudad europea libre de circulaci\u00f3n de autos para 2019<\/title>\n<meta name=\"robots\" content=\"index, follow, max-snippet:-1, max-image-preview:large, max-video-preview:-1\" \/>\n<link rel=\"canonical\" href=\"https:\/\/patagoniambiental.com.ar\/info\/oslo-sera-la-primera-ciudad-europea-libre-de-circulacion-de-autos-para-2019\/\" \/>\n<meta property=\"og:locale\" content=\"es_ES\" \/>\n<meta property=\"og:type\" content=\"article\" \/>\n<meta property=\"og:title\" content=\"Oslo ser\u00e1 la primera ciudad europea libre de circulaci\u00f3n de autos para 2019\" \/>\n<meta property=\"og:description\" content=\"El gobierno de Oslo aprob\u00f3 recientemente un acuerdo en el que prev\u00e9 la prohibici\u00f3n de circulaci\u00f3n de veh\u00edculos\u00a0privados con motor [&hellip;]\" \/>\n<meta property=\"og:url\" content=\"https:\/\/patagoniambiental.com.ar\/info\/oslo-sera-la-primera-ciudad-europea-libre-de-circulacion-de-autos-para-2019\/\" \/>\n<meta property=\"og:site_name\" content=\"Patagonia Ambiental\" \/>\n<meta property=\"article:publisher\" content=\"https:\/\/www.facebook.com\/patagonia.ambiental\" \/>\n<meta property=\"article:author\" content=\"https:\/\/www.facebook.com\/share\/1C1V8Gv9BX\/?mibextid=qi2Omg\" \/>\n<meta property=\"article:published_time\" content=\"2015-11-09T12:00:05+00:00\" \/>\n<meta name=\"author\" content=\"Patagonia Ambiental\" \/>\n<meta name=\"twitter:card\" content=\"summary_large_image\" \/>\n<meta name=\"twitter:creator\" content=\"@PatAmb\" \/>\n<meta name=\"twitter:site\" content=\"@PatAmb\" \/>\n<script type=\"application\/ld+json\" class=\"yoast-schema-graph\">{\"@context\":\"https:\\\/\\\/schema.org\",\"@graph\":[{\"@type\":\"Article\",\"@id\":\"https:\\\/\\\/patagoniambiental.com.ar\\\/info\\\/oslo-sera-la-primera-ciudad-europea-libre-de-circulacion-de-autos-para-2019\\\/#article\",\"isPartOf\":{\"@id\":\"https:\\\/\\\/patagoniambiental.com.ar\\\/info\\\/oslo-sera-la-primera-ciudad-europea-libre-de-circulacion-de-autos-para-2019\\\/\"},\"author\":{\"name\":\"Patagonia Ambiental\",\"@id\":\"https:\\\/\\\/patagoniambiental.com.ar\\\/info\\\/#\\\/schema\\\/person\\\/db12bff64bbcbf6a253710bf0ea37b5d\"},\"headline\":\"Oslo ser\u00e1 la primera ciudad europea libre de circulaci\u00f3n de autos para 2019\",\"datePublished\":\"2015-11-09T12:00:05+00:00\",\"mainEntityOfPage\":{\"@id\":\"https:\\\/\\\/patagoniambiental.com.ar\\\/info\\\/oslo-sera-la-primera-ciudad-europea-libre-de-circulacion-de-autos-para-2019\\\/\"},\"wordCount\":243,\"publisher\":{\"@id\":\"https:\\\/\\\/patagoniambiental.com.ar\\\/info\\\/#organization\"},\"image\":{\"@id\":\"https:\\\/\\\/patagoniambiental.com.ar\\\/info\\\/oslo-sera-la-primera-ciudad-europea-libre-de-circulacion-de-autos-para-2019\\\/#primaryimage\"},\"thumbnailUrl\":\"\",\"articleSection\":[\"Internacionales\",\"Noticias\"],\"inLanguage\":\"es\"},{\"@type\":\"WebPage\",\"@id\":\"https:\\\/\\\/patagoniambiental.com.ar\\\/info\\\/oslo-sera-la-primera-ciudad-europea-libre-de-circulacion-de-autos-para-2019\\\/\",\"url\":\"https:\\\/\\\/patagoniambiental.com.ar\\\/info\\\/oslo-sera-la-primera-ciudad-europea-libre-de-circulacion-de-autos-para-2019\\\/\",\"name\":\"Oslo ser\u00e1 la primera ciudad europea libre de circulaci\u00f3n de autos para 2019\",\"isPartOf\":{\"@id\":\"https:\\\/\\\/patagoniambiental.com.ar\\\/info\\\/#website\"},\"primaryImageOfPage\":{\"@id\":\"https:\\\/\\\/patagoniambiental.com.ar\\\/info\\\/oslo-sera-la-primera-ciudad-europea-libre-de-circulacion-de-autos-para-2019\\\/#primaryimage\"},\"image\":{\"@id\":\"https:\\\/\\\/patagoniambiental.com.ar\\\/info\\\/oslo-sera-la-primera-ciudad-europea-libre-de-circulacion-de-autos-para-2019\\\/#primaryimage\"},\"thumbnailUrl\":\"\",\"datePublished\":\"2015-11-09T12:00:05+00:00\",\"breadcrumb\":{\"@id\":\"https:\\\/\\\/patagoniambiental.com.ar\\\/info\\\/oslo-sera-la-primera-ciudad-europea-libre-de-circulacion-de-autos-para-2019\\\/#breadcrumb\"},\"inLanguage\":\"es\",\"potentialAction\":[{\"@type\":\"ReadAction\",\"target\":[\"https:\\\/\\\/patagoniambiental.com.ar\\\/info\\\/oslo-sera-la-primera-ciudad-europea-libre-de-circulacion-de-autos-para-2019\\\/\"]}]},{\"@type\":\"ImageObject\",\"inLanguage\":\"es\",\"@id\":\"https:\\\/\\\/patagoniambiental.com.ar\\\/info\\\/oslo-sera-la-primera-ciudad-europea-libre-de-circulacion-de-autos-para-2019\\\/#primaryimage\",\"url\":\"\",\"contentUrl\":\"\"},{\"@type\":\"BreadcrumbList\",\"@id\":\"https:\\\/\\\/patagoniambiental.com.ar\\\/info\\\/oslo-sera-la-primera-ciudad-europea-libre-de-circulacion-de-autos-para-2019\\\/#breadcrumb\",\"itemListElement\":[{\"@type\":\"ListItem\",\"position\":1,\"name\":\"Inicio\",\"item\":\"https:\\\/\\\/patagoniambiental.com.ar\\\/info\\\/\"},{\"@type\":\"ListItem\",\"position\":2,\"name\":\"Oslo ser\u00e1 la primera ciudad europea libre de circulaci\u00f3n de autos para 2019\"}]},{\"@type\":\"WebSite\",\"@id\":\"https:\\\/\\\/patagoniambiental.com.ar\\\/info\\\/#website\",\"url\":\"https:\\\/\\\/patagoniambiental.com.ar\\\/info\\\/\",\"name\":\"Patagonia Ambiental\",\"description\":\"Monitoreo y an\u00e1lisis de la situaci\u00f3n geopol\u00edtica en el mundo y su implicancia en la Patagonia\",\"publisher\":{\"@id\":\"https:\\\/\\\/patagoniambiental.com.ar\\\/info\\\/#organization\"},\"potentialAction\":[{\"@type\":\"SearchAction\",\"target\":{\"@type\":\"EntryPoint\",\"urlTemplate\":\"https:\\\/\\\/patagoniambiental.com.ar\\\/info\\\/?s={search_term_string}\"},\"query-input\":{\"@type\":\"PropertyValueSpecification\",\"valueRequired\":true,\"valueName\":\"search_term_string\"}}],\"inLanguage\":\"es\"},{\"@type\":\"Organization\",\"@id\":\"https:\\\/\\\/patagoniambiental.com.ar\\\/info\\\/#organization\",\"name\":\"Patagonia Ambiental\",\"url\":\"https:\\\/\\\/patagoniambiental.com.ar\\\/info\\\/\",\"logo\":{\"@type\":\"ImageObject\",\"inLanguage\":\"es\",\"@id\":\"https:\\\/\\\/patagoniambiental.com.ar\\\/info\\\/#\\\/schema\\\/logo\\\/image\\\/\",\"url\":\"https:\\\/\\\/patagoniambiental.com.ar\\\/info\\\/wp-content\\\/uploads\\\/2025\\\/05\\\/LOGO-PATAGONIA-AMBIENTAL.png\",\"contentUrl\":\"https:\\\/\\\/patagoniambiental.com.ar\\\/info\\\/wp-content\\\/uploads\\\/2025\\\/05\\\/LOGO-PATAGONIA-AMBIENTAL.png\",\"width\":433,\"height\":250,\"caption\":\"Patagonia Ambiental\"},\"image\":{\"@id\":\"https:\\\/\\\/patagoniambiental.com.ar\\\/info\\\/#\\\/schema\\\/logo\\\/image\\\/\"},\"sameAs\":[\"https:\\\/\\\/www.facebook.com\\\/patagonia.ambiental\",\"https:\\\/\\\/x.com\\\/PatAmb\"]},{\"@type\":\"Person\",\"@id\":\"https:\\\/\\\/patagoniambiental.com.ar\\\/info\\\/#\\\/schema\\\/person\\\/db12bff64bbcbf6a253710bf0ea37b5d\",\"name\":\"Patagonia Ambiental\",\"description\":\"Andr\u00e9s Nievas T\u00e9cnico en manejo ambiental, consultor Ambiental y escritor para medios locales e internacionales sobre temas de geopolitica y medio ambiente.\",\"sameAs\":[\"http:\\\/\\\/www.patagoniambiental.com.ar\",\"https:\\\/\\\/www.facebook.com\\\/share\\\/1C1V8Gv9BX\\\/?mibextid=qi2Omg\",\"@patagoniambiental\",\"https:\\\/\\\/youtube.com\\\/@patagoniaambiental2023?si=BLt58t0wuXquxlYZ\"]}]}<\/script>\n<!-- \/ Yoast SEO Premium plugin. -->","yoast_head_json":{"title":"Oslo ser\u00e1 la primera ciudad europea libre de circulaci\u00f3n de autos para 2019","robots":{"index":"index","follow":"follow","max-snippet":"max-snippet:-1","max-image-preview":"max-image-preview:large","max-video-preview":"max-video-preview:-1"},"canonical":"https:\/\/patagoniambiental.com.ar\/info\/oslo-sera-la-primera-ciudad-europea-libre-de-circulacion-de-autos-para-2019\/","og_locale":"es_ES","og_type":"article","og_title":"Oslo ser\u00e1 la primera ciudad europea libre de circulaci\u00f3n de autos para 2019","og_description":"El gobierno de Oslo aprob\u00f3 recientemente un acuerdo en el que prev\u00e9 la prohibici\u00f3n de circulaci\u00f3n de veh\u00edculos\u00a0privados con motor [&hellip;]","og_url":"https:\/\/patagoniambiental.com.ar\/info\/oslo-sera-la-primera-ciudad-europea-libre-de-circulacion-de-autos-para-2019\/","og_site_name":"Patagonia Ambiental","article_publisher":"https:\/\/www.facebook.com\/patagonia.ambiental","article_author":"https:\/\/www.facebook.com\/share\/1C1V8Gv9BX\/?mibextid=qi2Omg","article_published_time":"2015-11-09T12:00:05+00:00","author":"Patagonia Ambiental","twitter_card":"summary_large_image","twitter_creator":"@PatAmb","twitter_site":"@PatAmb","schema":{"@context":"https:\/\/schema.org","@graph":[{"@type":"Article","@id":"https:\/\/patagoniambiental.com.ar\/info\/oslo-sera-la-primera-ciudad-europea-libre-de-circulacion-de-autos-para-2019\/#article","isPartOf":{"@id":"https:\/\/patagoniambiental.com.ar\/info\/oslo-sera-la-primera-ciudad-europea-libre-de-circulacion-de-autos-para-2019\/"},"author":{"name":"Patagonia Ambiental","@id":"https:\/\/patagoniambiental.com.ar\/info\/#\/schema\/person\/db12bff64bbcbf6a253710bf0ea37b5d"},"headline":"Oslo ser\u00e1 la primera ciudad europea libre de circulaci\u00f3n de autos para 2019","datePublished":"2015-11-09T12:00:05+00:00","mainEntityOfPage":{"@id":"https:\/\/patagoniambiental.com.ar\/info\/oslo-sera-la-primera-ciudad-europea-libre-de-circulacion-de-autos-para-2019\/"},"wordCount":243,"publisher":{"@id":"https:\/\/patagoniambiental.com.ar\/info\/#organization"},"image":{"@id":"https:\/\/patagoniambiental.com.ar\/info\/oslo-sera-la-primera-ciudad-europea-libre-de-circulacion-de-autos-para-2019\/#primaryimage"},"thumbnailUrl":"","articleSection":["Internacionales","Noticias"],"inLanguage":"es"},{"@type":"WebPage","@id":"https:\/\/patagoniambiental.com.ar\/info\/oslo-sera-la-primera-ciudad-europea-libre-de-circulacion-de-autos-para-2019\/","url":"https:\/\/patagoniambiental.com.ar\/info\/oslo-sera-la-primera-ciudad-europea-libre-de-circulacion-de-autos-para-2019\/","name":"Oslo ser\u00e1 la primera ciudad europea libre de circulaci\u00f3n de autos para 2019","isPartOf":{"@id":"https:\/\/patagoniambiental.com.ar\/info\/#website"},"primaryImageOfPage":{"@id":"https:\/\/patagoniambiental.com.ar\/info\/oslo-sera-la-primera-ciudad-europea-libre-de-circulacion-de-autos-para-2019\/#primaryimage"},"image":{"@id":"https:\/\/patagoniambiental.com.ar\/info\/oslo-sera-la-primera-ciudad-europea-libre-de-circulacion-de-autos-para-2019\/#primaryimage"},"thumbnailUrl":"","datePublished":"2015-11-09T12:00:05+00:00","breadcrumb":{"@id":"https:\/\/patagoniambiental.com.ar\/info\/oslo-sera-la-primera-ciudad-europea-libre-de-circulacion-de-autos-para-2019\/#breadcrumb"},"inLanguage":"es","potentialAction":[{"@type":"ReadAction","target":["https:\/\/patagoniambiental.com.ar\/info\/oslo-sera-la-primera-ciudad-europea-libre-de-circulacion-de-autos-para-2019\/"]}]},{"@type":"ImageObject","inLanguage":"es","@id":"https:\/\/patagoniambiental.com.ar\/info\/oslo-sera-la-primera-ciudad-europea-libre-de-circulacion-de-autos-para-2019\/#primaryimage","url":"","contentUrl":""},{"@type":"BreadcrumbList","@id":"https:\/\/patagoniambiental.com.ar\/info\/oslo-sera-la-primera-ciudad-europea-libre-de-circulacion-de-autos-para-2019\/#breadcrumb","itemListElement":[{"@type":"ListItem","position":1,"name":"Inicio","item":"https:\/\/patagoniambiental.com.ar\/info\/"},{"@type":"ListItem","position":2,"name":"Oslo ser\u00e1 la primera ciudad europea libre de circulaci\u00f3n de autos para 2019"}]},{"@type":"WebSite","@id":"https:\/\/patagoniambiental.com.ar\/info\/#website","url":"https:\/\/patagoniambiental.com.ar\/info\/","name":"Patagonia Ambiental","description":"Monitoreo y an\u00e1lisis de la situaci\u00f3n geopol\u00edtica en el mundo y su implicancia en la Patagonia","publisher":{"@id":"https:\/\/patagoniambiental.com.ar\/info\/#organization"},"potentialAction":[{"@type":"SearchAction","target":{"@type":"EntryPoint","urlTemplate":"https:\/\/patagoniambiental.com.ar\/info\/?s={search_term_string}"},"query-input":{"@type":"PropertyValueSpecification","valueRequired":true,"valueName":"search_term_string"}}],"inLanguage":"es"},{"@type":"Organization","@id":"https:\/\/patagoniambiental.com.ar\/info\/#organization","name":"Patagonia Ambiental","url":"https:\/\/patagoniambiental.com.ar\/info\/","logo":{"@type":"ImageObject","inLanguage":"es","@id":"https:\/\/patagoniambiental.com.ar\/info\/#\/schema\/logo\/image\/","url":"https:\/\/patagoniambiental.com.ar\/info\/wp-content\/uploads\/2025\/05\/LOGO-PATAGONIA-AMBIENTAL.png","contentUrl":"https:\/\/patagoniambiental.com.ar\/info\/wp-content\/uploads\/2025\/05\/LOGO-PATAGONIA-AMBIENTAL.png","width":433,"height":250,"caption":"Patagonia Ambiental"},"image":{"@id":"https:\/\/patagoniambiental.com.ar\/info\/#\/schema\/logo\/image\/"},"sameAs":["https:\/\/www.facebook.com\/patagonia.ambiental","https:\/\/x.com\/PatAmb"]},{"@type":"Person","@id":"https:\/\/patagoniambiental.com.ar\/info\/#\/schema\/person\/db12bff64bbcbf6a253710bf0ea37b5d","name":"Patagonia Ambiental","description":"Andr\u00e9s Nievas T\u00e9cnico en manejo ambiental, consultor Ambiental y escritor para medios locales e internacionales sobre temas de geopolitica y medio ambiente.","sameAs":["http:\/\/www.patagoniambiental.com.ar","https:\/\/www.facebook.com\/share\/1C1V8Gv9BX\/?mibextid=qi2Omg","@patagoniambiental","https:\/\/youtube.com\/@patagoniaambiental2023?si=BLt58t0wuXquxlYZ"]}]}},"_links":{"self":[{"href":"https:\/\/patagoniambiental.com.ar\/info\/wp-json\/wp\/v2\/posts\/14855","targetHints":{"allow":["GET"]}}],"collection":[{"href":"https:\/\/patagoniambiental.com.ar\/info\/wp-json\/wp\/v2\/posts"}],"about":[{"href":"https:\/\/patagoniambiental.com.ar\/info\/wp-json\/wp\/v2\/types\/post"}],"author":[{"embeddable":true,"href":"https:\/\/patagoniambiental.com.ar\/info\/wp-json\/wp\/v2\/users\/2"}],"replies":[{"embeddable":true,"href":"https:\/\/patagoniambiental.com.ar\/info\/wp-json\/wp\/v2\/comments?post=14855"}],"version-history":[{"count":0,"href":"https:\/\/patagoniambiental.com.ar\/info\/wp-json\/wp\/v2\/posts\/14855\/revisions"}],"wp:featuredmedia":[{"embeddable":true,"href":"https:\/\/patagoniambiental.com.ar\/info\/wp-json\/"}],"wp:attachment":[{"href":"https:\/\/patagoniambiental.com.ar\/info\/wp-json\/wp\/v2\/media?parent=14855"}],"wp:term":[{"taxonomy":"category","embeddable":true,"href":"https:\/\/patagoniambiental.com.ar\/info\/wp-json\/wp\/v2\/categories?post=14855"},{"taxonomy":"post_tag","embeddable":true,"href":"https:\/\/patagoniambiental.com.ar\/info\/wp-json\/wp\/v2\/tags?post=14855"}],"curies":[{"name":"wp","href":"https:\/\/api.w.org\/{rel}","templated":true}]}}