{"id":15041,"date":"2015-11-11T19:00:54","date_gmt":"2015-11-11T22:00:54","guid":{"rendered":"http:\/\/patagoniambiental.com.ar\/?p=15041"},"modified":"2015-11-11T19:00:54","modified_gmt":"2015-11-11T22:00:54","slug":"la-argentina-recibio-el-apoyo-de-paises-arabes-y-sudamericanos-en-el-reclamo-por-malvinas-y-los-fondos-buitre","status":"publish","type":"post","link":"https:\/\/patagoniambiental.com.ar\/info\/la-argentina-recibio-el-apoyo-de-paises-arabes-y-sudamericanos-en-el-reclamo-por-malvinas-y-los-fondos-buitre\/","title":{"rendered":"La Argentina recibi\u00f3 el apoyo de pa\u00edses \u00e1rabes y sudamericanos en el reclamo por Malvinas y los fondos buitre"},"content":{"rendered":"<p>Arabia Saudita.-La Argentina recibi\u00f3 el apoyo de la IV Cumbre de jefes de Estado y de Gobierno de Pa\u00edses Sudamericanos y \u00c1rabes (ASPA), reunidos en Arabia Saudita.<!--more--><\/p>\n<p>La Argentina recibi\u00f3 el apoyo de la IV Cumbre de jefes de Estado y de Gobierno de Pa\u00edses Sudamericanos y \u00c1rabes (ASPA), reunidos en Arabia Saudita, y llamaron a reanudar las negociaciones entre la Argentina y el Reino Unido en busca de una soluci\u00f3n en el diferendo por las Islas Malvinas, en una declaraci\u00f3n en la que tambi\u00e9n expresaron el respaldo en la reestructuraci\u00f3n de deudas de los Estados con los fondos buitre.<\/p>\n<p>La Cumbre que se inici\u00f3 ayer y finaliza hoy en Riad, Arabia Saudita, exhorta a incrementar el di\u00e1logo pol\u00edtico y la cooperaci\u00f3n biregional, est\u00e1 integrada por 12 pa\u00edses de Am\u00e9rica del Sur y 22 pa\u00edses \u00e1rabes.<\/p>\n<p>Seg\u00fan inform\u00f3 el Ministerio de Relaciones Exteriores, los jefes de Estado \u00abllamaron a la reanudaci\u00f3n de negociaciones entre la Argentina y el Reino Unido a fin de encontrar una soluci\u00f3n pac\u00edfica y definitiva a la Cuesti\u00f3n de las Islas Malvinas y expresaron preocupaci\u00f3n por la falta de cumplimiento de la resoluci\u00f3n 2065 de la Asamblea General de las Naciones Unidas, a 50 a\u00f1os de su adopci\u00f3n\u00bb.<\/p>\n<p>Agrega el texto que tambi\u00e9n \u00abreconocieron el derecho de la Argentina a emprender acciones legales contra la exploraci\u00f3n y explotaci\u00f3n no autorizadas de recursos no renovables en su plataforma continental\u00bb, en relaci\u00f3n a la prospecci\u00f3n petrolera de compa\u00f1\u00edas internacionales registrada en las aguas que rodean a las islas Malvinas.<\/p>\n<p>El documento tambi\u00e9n reconoce el derecho que le asiste a los Estados a \u00abreestructurar sus deudas soberanas sin interferencias de los fondos buitre u otros Estados, y se expresa con contundencia respecto de la necesidad de promover principios b\u00e1sicos para los procesos de reestructuraci\u00f3n de deudas soberanas, en beneficio del desarrollo sostenible y del crecimiento econ\u00f3mico con inclusi\u00f3n\u00bb.<\/p>\n<p>La Declaraci\u00f3n aborda adem\u00e1s una serie de cuestiones de la agenda internacional, como la situaci\u00f3n en Siria, Libia, e Irak, reafirmando el principio de la resoluci\u00f3n pac\u00edfica de los conflictos, y se expresa sobre la cuesti\u00f3n palestina, a la vez que agradece a los pa\u00edses sudamericanos que han reconocido al Estado de Palestina, como la Argentina que lo hizo en 2010.<\/p>\n<p>La delegaci\u00f3n argentina estuvo representada por el vicepresidente de la Naci\u00f3n, Amado Bodou y por el vicecanciller argentino, Eduardo Zuain.<\/p>\n<p>En paralelo a la Cumbre, se realiz\u00f3 tambi\u00e9n el IV Foro Empresarial ASPA para promover contactos empresariales y facilitar nuevas oportunidades de inversi\u00f3n.<\/p>\n<p>Fuente: TELAM<\/p>\n","protected":false},"excerpt":{"rendered":"<p>Arabia Saudita.-La Argentina recibi\u00f3 el apoyo de la IV Cumbre de jefes de Estado y de Gobierno de Pa\u00edses Sudamericanos [&hellip;]<\/p>\n","protected":false},"author":2,"featured_media":8819,"comment_status":"closed","ping_status":"closed","sticky":false,"template":"","format":"standard","meta":{"site-sidebar-layout":"default","site-content-layout":"","ast-site-content-layout":"default","site-content-style":"default","site-sidebar-style":"default","ast-global-header-display":"","ast-banner-title-visibility":"","ast-main-header-display":"","ast-hfb-above-header-display":"","ast-hfb-below-header-display":"","ast-hfb-mobile-header-display":"","site-post-title":"","ast-breadcrumbs-content":"","ast-featured-img":"","footer-sml-layout":"","ast-disable-related-posts":"","theme-transparent-header-meta":"","adv-header-id-meta":"","stick-header-meta":"","header-above-stick-meta":"","header-main-stick-meta":"","header-below-stick-meta":"","astra-migrate-meta-layouts":"default","ast-page-background-enabled":"default","ast-page-background-meta":{"desktop":{"background-color":"var(--ast-global-color-5)","background-image":"","background-repeat":"repeat","background-position":"center center","background-size":"auto","background-attachment":"scroll","background-type":"","background-media":"","overlay-type":"","overlay-color":"","overlay-opacity":"","overlay-gradient":""},"tablet":{"background-color":"","background-image":"","background-repeat":"repeat","background-position":"center center","background-size":"auto","background-attachment":"scroll","background-type":"","background-media":"","overlay-type":"","overlay-color":"","overlay-opacity":"","overlay-gradient":""},"mobile":{"background-color":"","background-image":"","background-repeat":"repeat","background-position":"center center","background-size":"auto","background-attachment":"scroll","background-type":"","background-media":"","overlay-type":"","overlay-color":"","overlay-opacity":"","overlay-gradient":""}},"ast-content-background-meta":{"desktop":{"background-color":"var(--ast-global-color-4)","background-image":"","background-repeat":"repeat","background-position":"center center","background-size":"auto","background-attachment":"scroll","background-type":"","background-media":"","overlay-type":"","overlay-color":"","overlay-opacity":"","overlay-gradient":""},"tablet":{"background-color":"var(--ast-global-color-4)","background-image":"","background-repeat":"repeat","background-position":"center center","background-size":"auto","background-attachment":"scroll","background-type":"","background-media":"","overlay-type":"","overlay-color":"","overlay-opacity":"","overlay-gradient":""},"mobile":{"background-color":"var(--ast-global-color-4)","background-image":"","background-repeat":"repeat","background-position":"center center","background-size":"auto","background-attachment":"scroll","background-type":"","background-media":"","overlay-type":"","overlay-color":"","overlay-opacity":"","overlay-gradient":""}},"footnotes":""},"categories":[23,1],"tags":[],"class_list":["post-15041","post","type-post","status-publish","format-standard","has-post-thumbnail","hentry","category-internacionales","category-noticias"],"yoast_head":"<!-- This site is optimized with the Yoast SEO Premium plugin v23.0 (Yoast SEO v27.5) - https:\/\/yoast.com\/product\/yoast-seo-premium-wordpress\/ -->\n<title>La Argentina recibi\u00f3 el apoyo de pa\u00edses \u00e1rabes y sudamericanos en el reclamo por Malvinas y los fondos buitre<\/title>\n<meta name=\"robots\" content=\"index, follow, max-snippet:-1, max-image-preview:large, max-video-preview:-1\" \/>\n<link rel=\"canonical\" href=\"https:\/\/patagoniambiental.com.ar\/info\/la-argentina-recibio-el-apoyo-de-paises-arabes-y-sudamericanos-en-el-reclamo-por-malvinas-y-los-fondos-buitre\/\" \/>\n<meta property=\"og:locale\" content=\"es_ES\" \/>\n<meta property=\"og:type\" content=\"article\" \/>\n<meta property=\"og:title\" content=\"La Argentina recibi\u00f3 el apoyo de pa\u00edses \u00e1rabes y sudamericanos en el reclamo por Malvinas y los fondos buitre\" \/>\n<meta property=\"og:description\" content=\"Arabia Saudita.-La Argentina recibi\u00f3 el apoyo de la IV Cumbre de jefes de Estado y de Gobierno de Pa\u00edses Sudamericanos [&hellip;]\" \/>\n<meta property=\"og:url\" content=\"https:\/\/patagoniambiental.com.ar\/info\/la-argentina-recibio-el-apoyo-de-paises-arabes-y-sudamericanos-en-el-reclamo-por-malvinas-y-los-fondos-buitre\/\" \/>\n<meta property=\"og:site_name\" content=\"Patagonia Ambiental\" \/>\n<meta property=\"article:publisher\" content=\"https:\/\/www.facebook.com\/patagonia.ambiental\" \/>\n<meta property=\"article:author\" content=\"https:\/\/www.facebook.com\/share\/1C1V8Gv9BX\/?mibextid=qi2Omg\" \/>\n<meta property=\"article:published_time\" content=\"2015-11-11T22:00:54+00:00\" \/>\n<meta name=\"author\" content=\"Patagonia Ambiental\" \/>\n<meta name=\"twitter:card\" content=\"summary_large_image\" \/>\n<meta name=\"twitter:creator\" content=\"@PatAmb\" \/>\n<meta name=\"twitter:site\" content=\"@PatAmb\" \/>\n<script type=\"application\/ld+json\" class=\"yoast-schema-graph\">{\"@context\":\"https:\\\/\\\/schema.org\",\"@graph\":[{\"@type\":\"Article\",\"@id\":\"https:\\\/\\\/patagoniambiental.com.ar\\\/info\\\/la-argentina-recibio-el-apoyo-de-paises-arabes-y-sudamericanos-en-el-reclamo-por-malvinas-y-los-fondos-buitre\\\/#article\",\"isPartOf\":{\"@id\":\"https:\\\/\\\/patagoniambiental.com.ar\\\/info\\\/la-argentina-recibio-el-apoyo-de-paises-arabes-y-sudamericanos-en-el-reclamo-por-malvinas-y-los-fondos-buitre\\\/\"},\"author\":{\"name\":\"Patagonia Ambiental\",\"@id\":\"https:\\\/\\\/patagoniambiental.com.ar\\\/info\\\/#\\\/schema\\\/person\\\/db12bff64bbcbf6a253710bf0ea37b5d\"},\"headline\":\"La Argentina recibi\u00f3 el apoyo de pa\u00edses \u00e1rabes y sudamericanos en el reclamo por Malvinas y los fondos buitre\",\"datePublished\":\"2015-11-11T22:00:54+00:00\",\"mainEntityOfPage\":{\"@id\":\"https:\\\/\\\/patagoniambiental.com.ar\\\/info\\\/la-argentina-recibio-el-apoyo-de-paises-arabes-y-sudamericanos-en-el-reclamo-por-malvinas-y-los-fondos-buitre\\\/\"},\"wordCount\":474,\"publisher\":{\"@id\":\"https:\\\/\\\/patagoniambiental.com.ar\\\/info\\\/#organization\"},\"image\":{\"@id\":\"https:\\\/\\\/patagoniambiental.com.ar\\\/info\\\/la-argentina-recibio-el-apoyo-de-paises-arabes-y-sudamericanos-en-el-reclamo-por-malvinas-y-los-fondos-buitre\\\/#primaryimage\"},\"thumbnailUrl\":\"\",\"articleSection\":[\"Internacionales\",\"Noticias\"],\"inLanguage\":\"es\"},{\"@type\":\"WebPage\",\"@id\":\"https:\\\/\\\/patagoniambiental.com.ar\\\/info\\\/la-argentina-recibio-el-apoyo-de-paises-arabes-y-sudamericanos-en-el-reclamo-por-malvinas-y-los-fondos-buitre\\\/\",\"url\":\"https:\\\/\\\/patagoniambiental.com.ar\\\/info\\\/la-argentina-recibio-el-apoyo-de-paises-arabes-y-sudamericanos-en-el-reclamo-por-malvinas-y-los-fondos-buitre\\\/\",\"name\":\"La Argentina recibi\u00f3 el apoyo de pa\u00edses \u00e1rabes y sudamericanos en el reclamo por Malvinas y los fondos buitre\",\"isPartOf\":{\"@id\":\"https:\\\/\\\/patagoniambiental.com.ar\\\/info\\\/#website\"},\"primaryImageOfPage\":{\"@id\":\"https:\\\/\\\/patagoniambiental.com.ar\\\/info\\\/la-argentina-recibio-el-apoyo-de-paises-arabes-y-sudamericanos-en-el-reclamo-por-malvinas-y-los-fondos-buitre\\\/#primaryimage\"},\"image\":{\"@id\":\"https:\\\/\\\/patagoniambiental.com.ar\\\/info\\\/la-argentina-recibio-el-apoyo-de-paises-arabes-y-sudamericanos-en-el-reclamo-por-malvinas-y-los-fondos-buitre\\\/#primaryimage\"},\"thumbnailUrl\":\"\",\"datePublished\":\"2015-11-11T22:00:54+00:00\",\"breadcrumb\":{\"@id\":\"https:\\\/\\\/patagoniambiental.com.ar\\\/info\\\/la-argentina-recibio-el-apoyo-de-paises-arabes-y-sudamericanos-en-el-reclamo-por-malvinas-y-los-fondos-buitre\\\/#breadcrumb\"},\"inLanguage\":\"es\",\"potentialAction\":[{\"@type\":\"ReadAction\",\"target\":[\"https:\\\/\\\/patagoniambiental.com.ar\\\/info\\\/la-argentina-recibio-el-apoyo-de-paises-arabes-y-sudamericanos-en-el-reclamo-por-malvinas-y-los-fondos-buitre\\\/\"]}]},{\"@type\":\"ImageObject\",\"inLanguage\":\"es\",\"@id\":\"https:\\\/\\\/patagoniambiental.com.ar\\\/info\\\/la-argentina-recibio-el-apoyo-de-paises-arabes-y-sudamericanos-en-el-reclamo-por-malvinas-y-los-fondos-buitre\\\/#primaryimage\",\"url\":\"\",\"contentUrl\":\"\"},{\"@type\":\"BreadcrumbList\",\"@id\":\"https:\\\/\\\/patagoniambiental.com.ar\\\/info\\\/la-argentina-recibio-el-apoyo-de-paises-arabes-y-sudamericanos-en-el-reclamo-por-malvinas-y-los-fondos-buitre\\\/#breadcrumb\",\"itemListElement\":[{\"@type\":\"ListItem\",\"position\":1,\"name\":\"Inicio\",\"item\":\"https:\\\/\\\/patagoniambiental.com.ar\\\/info\\\/\"},{\"@type\":\"ListItem\",\"position\":2,\"name\":\"La Argentina recibi\u00f3 el apoyo de pa\u00edses \u00e1rabes y sudamericanos en el reclamo por Malvinas y los fondos buitre\"}]},{\"@type\":\"WebSite\",\"@id\":\"https:\\\/\\\/patagoniambiental.com.ar\\\/info\\\/#website\",\"url\":\"https:\\\/\\\/patagoniambiental.com.ar\\\/info\\\/\",\"name\":\"Patagonia Ambiental\",\"description\":\"Monitoreo y an\u00e1lisis de la situaci\u00f3n geopol\u00edtica en el mundo y su implicancia en la Patagonia\",\"publisher\":{\"@id\":\"https:\\\/\\\/patagoniambiental.com.ar\\\/info\\\/#organization\"},\"potentialAction\":[{\"@type\":\"SearchAction\",\"target\":{\"@type\":\"EntryPoint\",\"urlTemplate\":\"https:\\\/\\\/patagoniambiental.com.ar\\\/info\\\/?s={search_term_string}\"},\"query-input\":{\"@type\":\"PropertyValueSpecification\",\"valueRequired\":true,\"valueName\":\"search_term_string\"}}],\"inLanguage\":\"es\"},{\"@type\":\"Organization\",\"@id\":\"https:\\\/\\\/patagoniambiental.com.ar\\\/info\\\/#organization\",\"name\":\"Patagonia Ambiental\",\"url\":\"https:\\\/\\\/patagoniambiental.com.ar\\\/info\\\/\",\"logo\":{\"@type\":\"ImageObject\",\"inLanguage\":\"es\",\"@id\":\"https:\\\/\\\/patagoniambiental.com.ar\\\/info\\\/#\\\/schema\\\/logo\\\/image\\\/\",\"url\":\"https:\\\/\\\/patagoniambiental.com.ar\\\/info\\\/wp-content\\\/uploads\\\/2025\\\/05\\\/LOGO-PATAGONIA-AMBIENTAL.png\",\"contentUrl\":\"https:\\\/\\\/patagoniambiental.com.ar\\\/info\\\/wp-content\\\/uploads\\\/2025\\\/05\\\/LOGO-PATAGONIA-AMBIENTAL.png\",\"width\":433,\"height\":250,\"caption\":\"Patagonia Ambiental\"},\"image\":{\"@id\":\"https:\\\/\\\/patagoniambiental.com.ar\\\/info\\\/#\\\/schema\\\/logo\\\/image\\\/\"},\"sameAs\":[\"https:\\\/\\\/www.facebook.com\\\/patagonia.ambiental\",\"https:\\\/\\\/x.com\\\/PatAmb\"]},{\"@type\":\"Person\",\"@id\":\"https:\\\/\\\/patagoniambiental.com.ar\\\/info\\\/#\\\/schema\\\/person\\\/db12bff64bbcbf6a253710bf0ea37b5d\",\"name\":\"Patagonia Ambiental\",\"description\":\"Andr\u00e9s Nievas T\u00e9cnico en manejo ambiental, consultor Ambiental y escritor para medios locales e internacionales sobre temas de geopolitica y medio ambiente.\",\"sameAs\":[\"http:\\\/\\\/www.patagoniambiental.com.ar\",\"https:\\\/\\\/www.facebook.com\\\/share\\\/1C1V8Gv9BX\\\/?mibextid=qi2Omg\",\"@patagoniambiental\",\"https:\\\/\\\/youtube.com\\\/@patagoniaambiental2023?si=BLt58t0wuXquxlYZ\"]}]}<\/script>\n<!-- \/ Yoast SEO Premium plugin. -->","yoast_head_json":{"title":"La Argentina recibi\u00f3 el apoyo de pa\u00edses \u00e1rabes y sudamericanos en el reclamo por Malvinas y los fondos buitre","robots":{"index":"index","follow":"follow","max-snippet":"max-snippet:-1","max-image-preview":"max-image-preview:large","max-video-preview":"max-video-preview:-1"},"canonical":"https:\/\/patagoniambiental.com.ar\/info\/la-argentina-recibio-el-apoyo-de-paises-arabes-y-sudamericanos-en-el-reclamo-por-malvinas-y-los-fondos-buitre\/","og_locale":"es_ES","og_type":"article","og_title":"La Argentina recibi\u00f3 el apoyo de pa\u00edses \u00e1rabes y sudamericanos en el reclamo por Malvinas y los fondos buitre","og_description":"Arabia Saudita.-La Argentina recibi\u00f3 el apoyo de la IV Cumbre de jefes de Estado y de Gobierno de Pa\u00edses Sudamericanos [&hellip;]","og_url":"https:\/\/patagoniambiental.com.ar\/info\/la-argentina-recibio-el-apoyo-de-paises-arabes-y-sudamericanos-en-el-reclamo-por-malvinas-y-los-fondos-buitre\/","og_site_name":"Patagonia Ambiental","article_publisher":"https:\/\/www.facebook.com\/patagonia.ambiental","article_author":"https:\/\/www.facebook.com\/share\/1C1V8Gv9BX\/?mibextid=qi2Omg","article_published_time":"2015-11-11T22:00:54+00:00","author":"Patagonia Ambiental","twitter_card":"summary_large_image","twitter_creator":"@PatAmb","twitter_site":"@PatAmb","schema":{"@context":"https:\/\/schema.org","@graph":[{"@type":"Article","@id":"https:\/\/patagoniambiental.com.ar\/info\/la-argentina-recibio-el-apoyo-de-paises-arabes-y-sudamericanos-en-el-reclamo-por-malvinas-y-los-fondos-buitre\/#article","isPartOf":{"@id":"https:\/\/patagoniambiental.com.ar\/info\/la-argentina-recibio-el-apoyo-de-paises-arabes-y-sudamericanos-en-el-reclamo-por-malvinas-y-los-fondos-buitre\/"},"author":{"name":"Patagonia Ambiental","@id":"https:\/\/patagoniambiental.com.ar\/info\/#\/schema\/person\/db12bff64bbcbf6a253710bf0ea37b5d"},"headline":"La Argentina recibi\u00f3 el apoyo de pa\u00edses \u00e1rabes y sudamericanos en el reclamo por Malvinas y los fondos buitre","datePublished":"2015-11-11T22:00:54+00:00","mainEntityOfPage":{"@id":"https:\/\/patagoniambiental.com.ar\/info\/la-argentina-recibio-el-apoyo-de-paises-arabes-y-sudamericanos-en-el-reclamo-por-malvinas-y-los-fondos-buitre\/"},"wordCount":474,"publisher":{"@id":"https:\/\/patagoniambiental.com.ar\/info\/#organization"},"image":{"@id":"https:\/\/patagoniambiental.com.ar\/info\/la-argentina-recibio-el-apoyo-de-paises-arabes-y-sudamericanos-en-el-reclamo-por-malvinas-y-los-fondos-buitre\/#primaryimage"},"thumbnailUrl":"","articleSection":["Internacionales","Noticias"],"inLanguage":"es"},{"@type":"WebPage","@id":"https:\/\/patagoniambiental.com.ar\/info\/la-argentina-recibio-el-apoyo-de-paises-arabes-y-sudamericanos-en-el-reclamo-por-malvinas-y-los-fondos-buitre\/","url":"https:\/\/patagoniambiental.com.ar\/info\/la-argentina-recibio-el-apoyo-de-paises-arabes-y-sudamericanos-en-el-reclamo-por-malvinas-y-los-fondos-buitre\/","name":"La Argentina recibi\u00f3 el apoyo de pa\u00edses \u00e1rabes y sudamericanos en el reclamo por Malvinas y los fondos buitre","isPartOf":{"@id":"https:\/\/patagoniambiental.com.ar\/info\/#website"},"primaryImageOfPage":{"@id":"https:\/\/patagoniambiental.com.ar\/info\/la-argentina-recibio-el-apoyo-de-paises-arabes-y-sudamericanos-en-el-reclamo-por-malvinas-y-los-fondos-buitre\/#primaryimage"},"image":{"@id":"https:\/\/patagoniambiental.com.ar\/info\/la-argentina-recibio-el-apoyo-de-paises-arabes-y-sudamericanos-en-el-reclamo-por-malvinas-y-los-fondos-buitre\/#primaryimage"},"thumbnailUrl":"","datePublished":"2015-11-11T22:00:54+00:00","breadcrumb":{"@id":"https:\/\/patagoniambiental.com.ar\/info\/la-argentina-recibio-el-apoyo-de-paises-arabes-y-sudamericanos-en-el-reclamo-por-malvinas-y-los-fondos-buitre\/#breadcrumb"},"inLanguage":"es","potentialAction":[{"@type":"ReadAction","target":["https:\/\/patagoniambiental.com.ar\/info\/la-argentina-recibio-el-apoyo-de-paises-arabes-y-sudamericanos-en-el-reclamo-por-malvinas-y-los-fondos-buitre\/"]}]},{"@type":"ImageObject","inLanguage":"es","@id":"https:\/\/patagoniambiental.com.ar\/info\/la-argentina-recibio-el-apoyo-de-paises-arabes-y-sudamericanos-en-el-reclamo-por-malvinas-y-los-fondos-buitre\/#primaryimage","url":"","contentUrl":""},{"@type":"BreadcrumbList","@id":"https:\/\/patagoniambiental.com.ar\/info\/la-argentina-recibio-el-apoyo-de-paises-arabes-y-sudamericanos-en-el-reclamo-por-malvinas-y-los-fondos-buitre\/#breadcrumb","itemListElement":[{"@type":"ListItem","position":1,"name":"Inicio","item":"https:\/\/patagoniambiental.com.ar\/info\/"},{"@type":"ListItem","position":2,"name":"La Argentina recibi\u00f3 el apoyo de pa\u00edses \u00e1rabes y sudamericanos en el reclamo por Malvinas y los fondos buitre"}]},{"@type":"WebSite","@id":"https:\/\/patagoniambiental.com.ar\/info\/#website","url":"https:\/\/patagoniambiental.com.ar\/info\/","name":"Patagonia Ambiental","description":"Monitoreo y an\u00e1lisis de la situaci\u00f3n geopol\u00edtica en el mundo y su implicancia en la Patagonia","publisher":{"@id":"https:\/\/patagoniambiental.com.ar\/info\/#organization"},"potentialAction":[{"@type":"SearchAction","target":{"@type":"EntryPoint","urlTemplate":"https:\/\/patagoniambiental.com.ar\/info\/?s={search_term_string}"},"query-input":{"@type":"PropertyValueSpecification","valueRequired":true,"valueName":"search_term_string"}}],"inLanguage":"es"},{"@type":"Organization","@id":"https:\/\/patagoniambiental.com.ar\/info\/#organization","name":"Patagonia Ambiental","url":"https:\/\/patagoniambiental.com.ar\/info\/","logo":{"@type":"ImageObject","inLanguage":"es","@id":"https:\/\/patagoniambiental.com.ar\/info\/#\/schema\/logo\/image\/","url":"https:\/\/patagoniambiental.com.ar\/info\/wp-content\/uploads\/2025\/05\/LOGO-PATAGONIA-AMBIENTAL.png","contentUrl":"https:\/\/patagoniambiental.com.ar\/info\/wp-content\/uploads\/2025\/05\/LOGO-PATAGONIA-AMBIENTAL.png","width":433,"height":250,"caption":"Patagonia Ambiental"},"image":{"@id":"https:\/\/patagoniambiental.com.ar\/info\/#\/schema\/logo\/image\/"},"sameAs":["https:\/\/www.facebook.com\/patagonia.ambiental","https:\/\/x.com\/PatAmb"]},{"@type":"Person","@id":"https:\/\/patagoniambiental.com.ar\/info\/#\/schema\/person\/db12bff64bbcbf6a253710bf0ea37b5d","name":"Patagonia Ambiental","description":"Andr\u00e9s Nievas T\u00e9cnico en manejo ambiental, consultor Ambiental y escritor para medios locales e internacionales sobre temas de geopolitica y medio ambiente.","sameAs":["http:\/\/www.patagoniambiental.com.ar","https:\/\/www.facebook.com\/share\/1C1V8Gv9BX\/?mibextid=qi2Omg","@patagoniambiental","https:\/\/youtube.com\/@patagoniaambiental2023?si=BLt58t0wuXquxlYZ"]}]}},"_links":{"self":[{"href":"https:\/\/patagoniambiental.com.ar\/info\/wp-json\/wp\/v2\/posts\/15041","targetHints":{"allow":["GET"]}}],"collection":[{"href":"https:\/\/patagoniambiental.com.ar\/info\/wp-json\/wp\/v2\/posts"}],"about":[{"href":"https:\/\/patagoniambiental.com.ar\/info\/wp-json\/wp\/v2\/types\/post"}],"author":[{"embeddable":true,"href":"https:\/\/patagoniambiental.com.ar\/info\/wp-json\/wp\/v2\/users\/2"}],"replies":[{"embeddable":true,"href":"https:\/\/patagoniambiental.com.ar\/info\/wp-json\/wp\/v2\/comments?post=15041"}],"version-history":[{"count":0,"href":"https:\/\/patagoniambiental.com.ar\/info\/wp-json\/wp\/v2\/posts\/15041\/revisions"}],"wp:featuredmedia":[{"embeddable":true,"href":"https:\/\/patagoniambiental.com.ar\/info\/wp-json\/"}],"wp:attachment":[{"href":"https:\/\/patagoniambiental.com.ar\/info\/wp-json\/wp\/v2\/media?parent=15041"}],"wp:term":[{"taxonomy":"category","embeddable":true,"href":"https:\/\/patagoniambiental.com.ar\/info\/wp-json\/wp\/v2\/categories?post=15041"},{"taxonomy":"post_tag","embeddable":true,"href":"https:\/\/patagoniambiental.com.ar\/info\/wp-json\/wp\/v2\/tags?post=15041"}],"curies":[{"name":"wp","href":"https:\/\/api.w.org\/{rel}","templated":true}]}}