{"id":15068,"date":"2015-11-13T09:00:48","date_gmt":"2015-11-13T12:00:48","guid":{"rendered":"http:\/\/patagoniambiental.com.ar\/?p=15068"},"modified":"2015-11-13T09:00:48","modified_gmt":"2015-11-13T12:00:48","slug":"habilitaron-por-primera-vez-los-viajes-turisticos-a-la-isla-de-los-estados","status":"publish","type":"post","link":"https:\/\/patagoniambiental.com.ar\/info\/habilitaron-por-primera-vez-los-viajes-turisticos-a-la-isla-de-los-estados\/","title":{"rendered":"Habilitaron por primera vez los viajes tur\u00edsticos a la Isla de los Estados"},"content":{"rendered":"<p>Tierra del Fuego.-El Gobierno de Tierra del Fuego habilit\u00f3 una hist\u00f3rica temporada tur\u00edstica de baja escala, donde ya desembarc\u00f3 un contingente inaugural de 150 personas en el m\u00edtico lugar del Atl\u00e1ntico Sur.<!--more--> De esta manera, no se superar\u00e1 los 300 visitantes durante el actual per\u00edodo estival, para mantener la condici\u00f3n de <em>\u201creserva natural\u201d<\/em>.<\/p>\n<div class=\"entry\">\n<p>Los navegantes aventureros de siglos pasados, los presos de una antigua colonia penal y los actuales militares que custodian la zona, dejaron de ser los \u00fanicos en caminar por la <strong>Isla de los Estados<\/strong>, a partir de una iniciativa del <strong>Gobierno<\/strong> de <strong>Tierra del Fuego<\/strong> que habilit\u00f3, por primera vez en la historia, una temporada tur\u00edstica de baja escala en el m\u00edtico lugar del <strong>Atl\u00e1ntico Sur<\/strong> donde ya desembarc\u00f3 un contingente inaugural de 150 personas.<\/p>\n<p>La experiencia es limitada y tiene como eje mantener la condici\u00f3n de <em>\u201creserva natural\u201d<\/em> adjudicada a la zona por el art\u00edculo 54 de la propia <strong>Constituci\u00f3n<\/strong> fueguina. En rigor, apenas 300 visitantes, la mayor\u00eda extranjeros y ligados a la actividad cient\u00edfica, arribar\u00e1n a la isla durante la actual temporada de verano, luego de un marco regulatorio de la actividad que estableci\u00f3 la gobernadora fueguina <strong>Fabiana R\u00edos<\/strong> a trav\u00e9s del decreto 584 de este a\u00f1o.<\/p>\n<p>Sin embargo, la mitad de los turistas pautados para este a\u00f1o, unos 150 pasajeros, ya visit\u00f3 el lugar en el primero de los dos viajes iniciado la semana pasada por el crucero <strong>National Geographic Explorer<\/strong>, el \u00fanico de mediano porte y con experiencia en viajes a la <strong>Ant\u00e1rtida,<\/strong> que fue habilitado para realizar la traves\u00eda.<\/p>\n<p>El presidente del <strong>Instituto Fueguino de Turismo <\/strong>(<strong>Infuetur<\/strong>), <strong>Gianfranco Guardamagna<\/strong>, admiti\u00f3 que si bien se trata de un <em>\u201cplan exploratorio\u201d<\/em> en t\u00e9rminos tur\u00edsticos, <em>\u201ces decir, que alguien pueda comprar un pasaje para desembarcar en la isla, es la primera vez que se realiza\u201d<\/em>, ya que <em>\u201clas experiencias anteriores pueden ser consideradas como informales\u201d<\/em>.<\/p>\n<p><em>\u201cLo que buscamos, en principio, es lograr un producto de excelencia con baja carga. Lo estamos haciendo con mucho cuidado y cautela. Lo m\u00e1s importante para nosotros es resguardar la pristinidad del lugar\u201d<\/em>, argument\u00f3 Guardamagna.<\/p>\n<p>La Isla de los Estados alberga el <strong>Faro de San Juan de Salvamento<\/strong>, m\u00e1s conocido como <strong>Faro del Fin del Mundo<\/strong> por la novela de <strong>Julio Verne<\/strong> que se desarrolla en el lugar, y que fue reconstruido en 1998 a partir de una iniciativa conjunta de argentinos y franceses.<\/p>\n<p>De todos modos, los primeros turistas a la isla no desembarcaron en San Juan de Salvamento sino en <strong>Puerto Cook<\/strong>, donde recorrieron un sendero de 500 metros bajo la supervisi\u00f3n de dos veedores de la provincia antes de continuar el recorrido por la costa, pero ya de nuevo en la embarcaci\u00f3n.<\/p>\n<p><em>\u201cEs una forma de limitar el impacto sobre el ecosistema. Tambi\u00e9n se aplicaron protocolos de seguridad muy exigentes. El decreto que regula la actividad permite un m\u00e1ximo de 1.000 visitantes por a\u00f1o, contra los 100.000 por temporada que arriban a <strong>Ushuaia<\/strong>\u201c<\/em>, compar\u00f3 el titular del <strong>Infuetur<\/strong>.<\/p>\n<p>Tambi\u00e9n explic\u00f3 que el resultado de la experiencia se podr\u00e1 medir con la devoluci\u00f3n que hagan los turistas y por el inter\u00e9s de las empresas en promocionar y vender el mismo paquete para los a\u00f1os posteriores. El segmento al que apuntan las autoridades fueguinas es el mismo de los viajeros ant\u00e1rticos, que pagan tarifas elevadas y compran con al menos un a\u00f1o de anticipaci\u00f3n.<\/p>\n<p>Fuente: Diario BAE<\/p>\n<\/div>\n","protected":false},"excerpt":{"rendered":"<p>Tierra del Fuego.-El Gobierno de Tierra del Fuego habilit\u00f3 una hist\u00f3rica temporada tur\u00edstica de baja escala, donde ya desembarc\u00f3 un [&hellip;]<\/p>\n","protected":false},"author":2,"featured_media":15069,"comment_status":"closed","ping_status":"closed","sticky":false,"template":"","format":"standard","meta":{"site-sidebar-layout":"default","site-content-layout":"","ast-site-content-layout":"default","site-content-style":"default","site-sidebar-style":"default","ast-global-header-display":"","ast-banner-title-visibility":"","ast-main-header-display":"","ast-hfb-above-header-display":"","ast-hfb-below-header-display":"","ast-hfb-mobile-header-display":"","site-post-title":"","ast-breadcrumbs-content":"","ast-featured-img":"","footer-sml-layout":"","ast-disable-related-posts":"","theme-transparent-header-meta":"","adv-header-id-meta":"","stick-header-meta":"","header-above-stick-meta":"","header-main-stick-meta":"","header-below-stick-meta":"","astra-migrate-meta-layouts":"default","ast-page-background-enabled":"default","ast-page-background-meta":{"desktop":{"background-color":"var(--ast-global-color-5)","background-image":"","background-repeat":"repeat","background-position":"center center","background-size":"auto","background-attachment":"scroll","background-type":"","background-media":"","overlay-type":"","overlay-color":"","overlay-opacity":"","overlay-gradient":""},"tablet":{"background-color":"","background-image":"","background-repeat":"repeat","background-position":"center center","background-size":"auto","background-attachment":"scroll","background-type":"","background-media":"","overlay-type":"","overlay-color":"","overlay-opacity":"","overlay-gradient":""},"mobile":{"background-color":"","background-image":"","background-repeat":"repeat","background-position":"center center","background-size":"auto","background-attachment":"scroll","background-type":"","background-media":"","overlay-type":"","overlay-color":"","overlay-opacity":"","overlay-gradient":""}},"ast-content-background-meta":{"desktop":{"background-color":"var(--ast-global-color-4)","background-image":"","background-repeat":"repeat","background-position":"center center","background-size":"auto","background-attachment":"scroll","background-type":"","background-media":"","overlay-type":"","overlay-color":"","overlay-opacity":"","overlay-gradient":""},"tablet":{"background-color":"var(--ast-global-color-4)","background-image":"","background-repeat":"repeat","background-position":"center center","background-size":"auto","background-attachment":"scroll","background-type":"","background-media":"","overlay-type":"","overlay-color":"","overlay-opacity":"","overlay-gradient":""},"mobile":{"background-color":"var(--ast-global-color-4)","background-image":"","background-repeat":"repeat","background-position":"center center","background-size":"auto","background-attachment":"scroll","background-type":"","background-media":"","overlay-type":"","overlay-color":"","overlay-opacity":"","overlay-gradient":""}},"footnotes":""},"categories":[1,13,25],"tags":[],"class_list":["post-15068","post","type-post","status-publish","format-standard","has-post-thumbnail","hentry","category-noticias","category-provinciales","category-tierra-del-fuego"],"yoast_head":"<!-- This site is optimized with the Yoast SEO Premium plugin v23.0 (Yoast SEO v27.5) - https:\/\/yoast.com\/product\/yoast-seo-premium-wordpress\/ -->\n<title>Habilitaron por primera vez los viajes tur\u00edsticos a la Isla de los Estados<\/title>\n<meta name=\"robots\" content=\"index, follow, max-snippet:-1, max-image-preview:large, max-video-preview:-1\" \/>\n<link rel=\"canonical\" href=\"https:\/\/patagoniambiental.com.ar\/info\/habilitaron-por-primera-vez-los-viajes-turisticos-a-la-isla-de-los-estados\/\" \/>\n<meta property=\"og:locale\" content=\"es_ES\" \/>\n<meta property=\"og:type\" content=\"article\" \/>\n<meta property=\"og:title\" content=\"Habilitaron por primera vez los viajes tur\u00edsticos a la Isla de los Estados\" \/>\n<meta property=\"og:description\" content=\"Tierra del Fuego.-El Gobierno de Tierra del Fuego habilit\u00f3 una hist\u00f3rica temporada tur\u00edstica de baja escala, donde ya desembarc\u00f3 un [&hellip;]\" \/>\n<meta property=\"og:url\" content=\"https:\/\/patagoniambiental.com.ar\/info\/habilitaron-por-primera-vez-los-viajes-turisticos-a-la-isla-de-los-estados\/\" \/>\n<meta property=\"og:site_name\" content=\"Patagonia Ambiental\" \/>\n<meta property=\"article:publisher\" content=\"https:\/\/www.facebook.com\/patagonia.ambiental\" \/>\n<meta property=\"article:author\" content=\"https:\/\/www.facebook.com\/share\/1C1V8Gv9BX\/?mibextid=qi2Omg\" \/>\n<meta property=\"article:published_time\" content=\"2015-11-13T12:00:48+00:00\" \/>\n<meta name=\"author\" content=\"Patagonia Ambiental\" \/>\n<meta name=\"twitter:card\" content=\"summary_large_image\" \/>\n<meta name=\"twitter:creator\" content=\"@PatAmb\" \/>\n<meta name=\"twitter:site\" content=\"@PatAmb\" \/>\n<script type=\"application\/ld+json\" class=\"yoast-schema-graph\">{\"@context\":\"https:\\\/\\\/schema.org\",\"@graph\":[{\"@type\":\"Article\",\"@id\":\"https:\\\/\\\/patagoniambiental.com.ar\\\/info\\\/habilitaron-por-primera-vez-los-viajes-turisticos-a-la-isla-de-los-estados\\\/#article\",\"isPartOf\":{\"@id\":\"https:\\\/\\\/patagoniambiental.com.ar\\\/info\\\/habilitaron-por-primera-vez-los-viajes-turisticos-a-la-isla-de-los-estados\\\/\"},\"author\":{\"name\":\"Patagonia Ambiental\",\"@id\":\"https:\\\/\\\/patagoniambiental.com.ar\\\/info\\\/#\\\/schema\\\/person\\\/db12bff64bbcbf6a253710bf0ea37b5d\"},\"headline\":\"Habilitaron por primera vez los viajes tur\u00edsticos a la Isla de los Estados\",\"datePublished\":\"2015-11-13T12:00:48+00:00\",\"mainEntityOfPage\":{\"@id\":\"https:\\\/\\\/patagoniambiental.com.ar\\\/info\\\/habilitaron-por-primera-vez-los-viajes-turisticos-a-la-isla-de-los-estados\\\/\"},\"wordCount\":599,\"publisher\":{\"@id\":\"https:\\\/\\\/patagoniambiental.com.ar\\\/info\\\/#organization\"},\"image\":{\"@id\":\"https:\\\/\\\/patagoniambiental.com.ar\\\/info\\\/habilitaron-por-primera-vez-los-viajes-turisticos-a-la-isla-de-los-estados\\\/#primaryimage\"},\"thumbnailUrl\":\"\",\"articleSection\":[\"Noticias\",\"Provinciales\",\"Tierra del Fuego\"],\"inLanguage\":\"es\"},{\"@type\":\"WebPage\",\"@id\":\"https:\\\/\\\/patagoniambiental.com.ar\\\/info\\\/habilitaron-por-primera-vez-los-viajes-turisticos-a-la-isla-de-los-estados\\\/\",\"url\":\"https:\\\/\\\/patagoniambiental.com.ar\\\/info\\\/habilitaron-por-primera-vez-los-viajes-turisticos-a-la-isla-de-los-estados\\\/\",\"name\":\"Habilitaron por primera vez los viajes tur\u00edsticos a la Isla de los Estados\",\"isPartOf\":{\"@id\":\"https:\\\/\\\/patagoniambiental.com.ar\\\/info\\\/#website\"},\"primaryImageOfPage\":{\"@id\":\"https:\\\/\\\/patagoniambiental.com.ar\\\/info\\\/habilitaron-por-primera-vez-los-viajes-turisticos-a-la-isla-de-los-estados\\\/#primaryimage\"},\"image\":{\"@id\":\"https:\\\/\\\/patagoniambiental.com.ar\\\/info\\\/habilitaron-por-primera-vez-los-viajes-turisticos-a-la-isla-de-los-estados\\\/#primaryimage\"},\"thumbnailUrl\":\"\",\"datePublished\":\"2015-11-13T12:00:48+00:00\",\"breadcrumb\":{\"@id\":\"https:\\\/\\\/patagoniambiental.com.ar\\\/info\\\/habilitaron-por-primera-vez-los-viajes-turisticos-a-la-isla-de-los-estados\\\/#breadcrumb\"},\"inLanguage\":\"es\",\"potentialAction\":[{\"@type\":\"ReadAction\",\"target\":[\"https:\\\/\\\/patagoniambiental.com.ar\\\/info\\\/habilitaron-por-primera-vez-los-viajes-turisticos-a-la-isla-de-los-estados\\\/\"]}]},{\"@type\":\"ImageObject\",\"inLanguage\":\"es\",\"@id\":\"https:\\\/\\\/patagoniambiental.com.ar\\\/info\\\/habilitaron-por-primera-vez-los-viajes-turisticos-a-la-isla-de-los-estados\\\/#primaryimage\",\"url\":\"\",\"contentUrl\":\"\"},{\"@type\":\"BreadcrumbList\",\"@id\":\"https:\\\/\\\/patagoniambiental.com.ar\\\/info\\\/habilitaron-por-primera-vez-los-viajes-turisticos-a-la-isla-de-los-estados\\\/#breadcrumb\",\"itemListElement\":[{\"@type\":\"ListItem\",\"position\":1,\"name\":\"Inicio\",\"item\":\"https:\\\/\\\/patagoniambiental.com.ar\\\/info\\\/\"},{\"@type\":\"ListItem\",\"position\":2,\"name\":\"Habilitaron por primera vez los viajes tur\u00edsticos a la Isla de los Estados\"}]},{\"@type\":\"WebSite\",\"@id\":\"https:\\\/\\\/patagoniambiental.com.ar\\\/info\\\/#website\",\"url\":\"https:\\\/\\\/patagoniambiental.com.ar\\\/info\\\/\",\"name\":\"Patagonia Ambiental\",\"description\":\"Monitoreo y an\u00e1lisis de la situaci\u00f3n geopol\u00edtica en el mundo y su implicancia en la Patagonia\",\"publisher\":{\"@id\":\"https:\\\/\\\/patagoniambiental.com.ar\\\/info\\\/#organization\"},\"potentialAction\":[{\"@type\":\"SearchAction\",\"target\":{\"@type\":\"EntryPoint\",\"urlTemplate\":\"https:\\\/\\\/patagoniambiental.com.ar\\\/info\\\/?s={search_term_string}\"},\"query-input\":{\"@type\":\"PropertyValueSpecification\",\"valueRequired\":true,\"valueName\":\"search_term_string\"}}],\"inLanguage\":\"es\"},{\"@type\":\"Organization\",\"@id\":\"https:\\\/\\\/patagoniambiental.com.ar\\\/info\\\/#organization\",\"name\":\"Patagonia Ambiental\",\"url\":\"https:\\\/\\\/patagoniambiental.com.ar\\\/info\\\/\",\"logo\":{\"@type\":\"ImageObject\",\"inLanguage\":\"es\",\"@id\":\"https:\\\/\\\/patagoniambiental.com.ar\\\/info\\\/#\\\/schema\\\/logo\\\/image\\\/\",\"url\":\"https:\\\/\\\/patagoniambiental.com.ar\\\/info\\\/wp-content\\\/uploads\\\/2025\\\/05\\\/LOGO-PATAGONIA-AMBIENTAL.png\",\"contentUrl\":\"https:\\\/\\\/patagoniambiental.com.ar\\\/info\\\/wp-content\\\/uploads\\\/2025\\\/05\\\/LOGO-PATAGONIA-AMBIENTAL.png\",\"width\":433,\"height\":250,\"caption\":\"Patagonia Ambiental\"},\"image\":{\"@id\":\"https:\\\/\\\/patagoniambiental.com.ar\\\/info\\\/#\\\/schema\\\/logo\\\/image\\\/\"},\"sameAs\":[\"https:\\\/\\\/www.facebook.com\\\/patagonia.ambiental\",\"https:\\\/\\\/x.com\\\/PatAmb\"]},{\"@type\":\"Person\",\"@id\":\"https:\\\/\\\/patagoniambiental.com.ar\\\/info\\\/#\\\/schema\\\/person\\\/db12bff64bbcbf6a253710bf0ea37b5d\",\"name\":\"Patagonia Ambiental\",\"description\":\"Andr\u00e9s Nievas T\u00e9cnico en manejo ambiental, consultor Ambiental y escritor para medios locales e internacionales sobre temas de geopolitica y medio ambiente.\",\"sameAs\":[\"http:\\\/\\\/www.patagoniambiental.com.ar\",\"https:\\\/\\\/www.facebook.com\\\/share\\\/1C1V8Gv9BX\\\/?mibextid=qi2Omg\",\"@patagoniambiental\",\"https:\\\/\\\/youtube.com\\\/@patagoniaambiental2023?si=BLt58t0wuXquxlYZ\"]}]}<\/script>\n<!-- \/ Yoast SEO Premium plugin. -->","yoast_head_json":{"title":"Habilitaron por primera vez los viajes tur\u00edsticos a la Isla de los Estados","robots":{"index":"index","follow":"follow","max-snippet":"max-snippet:-1","max-image-preview":"max-image-preview:large","max-video-preview":"max-video-preview:-1"},"canonical":"https:\/\/patagoniambiental.com.ar\/info\/habilitaron-por-primera-vez-los-viajes-turisticos-a-la-isla-de-los-estados\/","og_locale":"es_ES","og_type":"article","og_title":"Habilitaron por primera vez los viajes tur\u00edsticos a la Isla de los Estados","og_description":"Tierra del Fuego.-El Gobierno de Tierra del Fuego habilit\u00f3 una hist\u00f3rica temporada tur\u00edstica de baja escala, donde ya desembarc\u00f3 un [&hellip;]","og_url":"https:\/\/patagoniambiental.com.ar\/info\/habilitaron-por-primera-vez-los-viajes-turisticos-a-la-isla-de-los-estados\/","og_site_name":"Patagonia Ambiental","article_publisher":"https:\/\/www.facebook.com\/patagonia.ambiental","article_author":"https:\/\/www.facebook.com\/share\/1C1V8Gv9BX\/?mibextid=qi2Omg","article_published_time":"2015-11-13T12:00:48+00:00","author":"Patagonia Ambiental","twitter_card":"summary_large_image","twitter_creator":"@PatAmb","twitter_site":"@PatAmb","schema":{"@context":"https:\/\/schema.org","@graph":[{"@type":"Article","@id":"https:\/\/patagoniambiental.com.ar\/info\/habilitaron-por-primera-vez-los-viajes-turisticos-a-la-isla-de-los-estados\/#article","isPartOf":{"@id":"https:\/\/patagoniambiental.com.ar\/info\/habilitaron-por-primera-vez-los-viajes-turisticos-a-la-isla-de-los-estados\/"},"author":{"name":"Patagonia Ambiental","@id":"https:\/\/patagoniambiental.com.ar\/info\/#\/schema\/person\/db12bff64bbcbf6a253710bf0ea37b5d"},"headline":"Habilitaron por primera vez los viajes tur\u00edsticos a la Isla de los Estados","datePublished":"2015-11-13T12:00:48+00:00","mainEntityOfPage":{"@id":"https:\/\/patagoniambiental.com.ar\/info\/habilitaron-por-primera-vez-los-viajes-turisticos-a-la-isla-de-los-estados\/"},"wordCount":599,"publisher":{"@id":"https:\/\/patagoniambiental.com.ar\/info\/#organization"},"image":{"@id":"https:\/\/patagoniambiental.com.ar\/info\/habilitaron-por-primera-vez-los-viajes-turisticos-a-la-isla-de-los-estados\/#primaryimage"},"thumbnailUrl":"","articleSection":["Noticias","Provinciales","Tierra del Fuego"],"inLanguage":"es"},{"@type":"WebPage","@id":"https:\/\/patagoniambiental.com.ar\/info\/habilitaron-por-primera-vez-los-viajes-turisticos-a-la-isla-de-los-estados\/","url":"https:\/\/patagoniambiental.com.ar\/info\/habilitaron-por-primera-vez-los-viajes-turisticos-a-la-isla-de-los-estados\/","name":"Habilitaron por primera vez los viajes tur\u00edsticos a la Isla de los Estados","isPartOf":{"@id":"https:\/\/patagoniambiental.com.ar\/info\/#website"},"primaryImageOfPage":{"@id":"https:\/\/patagoniambiental.com.ar\/info\/habilitaron-por-primera-vez-los-viajes-turisticos-a-la-isla-de-los-estados\/#primaryimage"},"image":{"@id":"https:\/\/patagoniambiental.com.ar\/info\/habilitaron-por-primera-vez-los-viajes-turisticos-a-la-isla-de-los-estados\/#primaryimage"},"thumbnailUrl":"","datePublished":"2015-11-13T12:00:48+00:00","breadcrumb":{"@id":"https:\/\/patagoniambiental.com.ar\/info\/habilitaron-por-primera-vez-los-viajes-turisticos-a-la-isla-de-los-estados\/#breadcrumb"},"inLanguage":"es","potentialAction":[{"@type":"ReadAction","target":["https:\/\/patagoniambiental.com.ar\/info\/habilitaron-por-primera-vez-los-viajes-turisticos-a-la-isla-de-los-estados\/"]}]},{"@type":"ImageObject","inLanguage":"es","@id":"https:\/\/patagoniambiental.com.ar\/info\/habilitaron-por-primera-vez-los-viajes-turisticos-a-la-isla-de-los-estados\/#primaryimage","url":"","contentUrl":""},{"@type":"BreadcrumbList","@id":"https:\/\/patagoniambiental.com.ar\/info\/habilitaron-por-primera-vez-los-viajes-turisticos-a-la-isla-de-los-estados\/#breadcrumb","itemListElement":[{"@type":"ListItem","position":1,"name":"Inicio","item":"https:\/\/patagoniambiental.com.ar\/info\/"},{"@type":"ListItem","position":2,"name":"Habilitaron por primera vez los viajes tur\u00edsticos a la Isla de los Estados"}]},{"@type":"WebSite","@id":"https:\/\/patagoniambiental.com.ar\/info\/#website","url":"https:\/\/patagoniambiental.com.ar\/info\/","name":"Patagonia Ambiental","description":"Monitoreo y an\u00e1lisis de la situaci\u00f3n geopol\u00edtica en el mundo y su implicancia en la Patagonia","publisher":{"@id":"https:\/\/patagoniambiental.com.ar\/info\/#organization"},"potentialAction":[{"@type":"SearchAction","target":{"@type":"EntryPoint","urlTemplate":"https:\/\/patagoniambiental.com.ar\/info\/?s={search_term_string}"},"query-input":{"@type":"PropertyValueSpecification","valueRequired":true,"valueName":"search_term_string"}}],"inLanguage":"es"},{"@type":"Organization","@id":"https:\/\/patagoniambiental.com.ar\/info\/#organization","name":"Patagonia Ambiental","url":"https:\/\/patagoniambiental.com.ar\/info\/","logo":{"@type":"ImageObject","inLanguage":"es","@id":"https:\/\/patagoniambiental.com.ar\/info\/#\/schema\/logo\/image\/","url":"https:\/\/patagoniambiental.com.ar\/info\/wp-content\/uploads\/2025\/05\/LOGO-PATAGONIA-AMBIENTAL.png","contentUrl":"https:\/\/patagoniambiental.com.ar\/info\/wp-content\/uploads\/2025\/05\/LOGO-PATAGONIA-AMBIENTAL.png","width":433,"height":250,"caption":"Patagonia Ambiental"},"image":{"@id":"https:\/\/patagoniambiental.com.ar\/info\/#\/schema\/logo\/image\/"},"sameAs":["https:\/\/www.facebook.com\/patagonia.ambiental","https:\/\/x.com\/PatAmb"]},{"@type":"Person","@id":"https:\/\/patagoniambiental.com.ar\/info\/#\/schema\/person\/db12bff64bbcbf6a253710bf0ea37b5d","name":"Patagonia Ambiental","description":"Andr\u00e9s Nievas T\u00e9cnico en manejo ambiental, consultor Ambiental y escritor para medios locales e internacionales sobre temas de geopolitica y medio ambiente.","sameAs":["http:\/\/www.patagoniambiental.com.ar","https:\/\/www.facebook.com\/share\/1C1V8Gv9BX\/?mibextid=qi2Omg","@patagoniambiental","https:\/\/youtube.com\/@patagoniaambiental2023?si=BLt58t0wuXquxlYZ"]}]}},"_links":{"self":[{"href":"https:\/\/patagoniambiental.com.ar\/info\/wp-json\/wp\/v2\/posts\/15068","targetHints":{"allow":["GET"]}}],"collection":[{"href":"https:\/\/patagoniambiental.com.ar\/info\/wp-json\/wp\/v2\/posts"}],"about":[{"href":"https:\/\/patagoniambiental.com.ar\/info\/wp-json\/wp\/v2\/types\/post"}],"author":[{"embeddable":true,"href":"https:\/\/patagoniambiental.com.ar\/info\/wp-json\/wp\/v2\/users\/2"}],"replies":[{"embeddable":true,"href":"https:\/\/patagoniambiental.com.ar\/info\/wp-json\/wp\/v2\/comments?post=15068"}],"version-history":[{"count":0,"href":"https:\/\/patagoniambiental.com.ar\/info\/wp-json\/wp\/v2\/posts\/15068\/revisions"}],"wp:featuredmedia":[{"embeddable":true,"href":"https:\/\/patagoniambiental.com.ar\/info\/wp-json\/"}],"wp:attachment":[{"href":"https:\/\/patagoniambiental.com.ar\/info\/wp-json\/wp\/v2\/media?parent=15068"}],"wp:term":[{"taxonomy":"category","embeddable":true,"href":"https:\/\/patagoniambiental.com.ar\/info\/wp-json\/wp\/v2\/categories?post=15068"},{"taxonomy":"post_tag","embeddable":true,"href":"https:\/\/patagoniambiental.com.ar\/info\/wp-json\/wp\/v2\/tags?post=15068"}],"curies":[{"name":"wp","href":"https:\/\/api.w.org\/{rel}","templated":true}]}}