{"id":15169,"date":"2015-11-20T09:00:26","date_gmt":"2015-11-20T12:00:26","guid":{"rendered":"http:\/\/patagoniambiental.com.ar\/?p=15169"},"modified":"2015-11-20T09:00:26","modified_gmt":"2015-11-20T12:00:26","slug":"seis-acciones-clave-contra-el-cambio-climatico-para-el-corto-plazo","status":"publish","type":"post","link":"https:\/\/patagoniambiental.com.ar\/info\/seis-acciones-clave-contra-el-cambio-climatico-para-el-corto-plazo\/","title":{"rendered":"Seis acciones clave contra el cambio clim\u00e1tico para el corto plazo"},"content":{"rendered":"<div class=\"bajada\">\n<div class=\"field field-name-field-bajada field-type-text-long field-label-hidden\">\n<div class=\"field-items\">\n<div class=\"field-item even\">A pocos d\u00edas de la COP 21 de Cambio Clim\u00e1tico en Par\u00eds, la Secretar\u00eda de la Convenci\u00f3n Marco de Naciones Unidas sobre el Cambio Clim\u00e1tico (CMNUCC) acaba de hacer p\u00fablico un informe en que detalla seis pol\u00edticas claves que deber\u00e1n seguir los pa\u00edses para lograr las metas de reducci\u00f3n de emisiones que surjan de la Conferencia y que impactar\u00e1n sobre las estrategias de sustentabilidad de las empresas.<\/div>\n<\/div>\n<\/div>\n<\/div>\n<div class=\"body\">\n<div class=\"field field-name-body field-type-text-with-summary field-label-hidden\">\n<div class=\"field-items\">\n<div class=\"field-item even\">\n<p>El informe ponen en evidencia c\u00f3mo con pol\u00edticas eficaces en seis \u00e1reas tem\u00e1ticas clave se puede no solo reducir las emisiones de manera r\u00e1pida sino tambi\u00e9n lograr objetivos en otras 15 \u00e1reas econ\u00f3micas, sociales y medioambientales cr\u00edticas.<\/p>\n<p>\u201cLa impresionante realidad que revela este informe es que las pol\u00edticas m\u00e1s eficaces para hacer frente al cambio clim\u00e1tico conforman un paquete de medidas listo para su uso que puede contribuir a los Objetivos de Desarrollo Sostenible y a alcanzar el objetivo \u00faltimo de todo individuo que es un mundo pr\u00f3spero, estable y medioambientalmente sano para todos\u201d, dijo\u00a0Christiana Figueres Olsen, Secretaria Ejecutiva de la Convenci\u00f3n Marco de Naciones Unidas sobre el Cambio Clim\u00e1tico.<\/p>\n<p><strong>1- Energ\u00eda renovable<\/strong><\/p>\n<p>En 2014, sin contar la energ\u00eda hidr\u00e1ulica, las energ\u00edas renovables generaron m\u00e1s del 9 por ciento de toda la electricidad producida en el mundo, muy por encima del 1,8 por ciento de la matriz el\u00e9ctrica que supon\u00edan las renovables en 2004. Este gran impulso ha llevado a que en 2014, se registrase una incorporaci\u00f3n de un 58 por ciento neto adicional de capacidad de generaci\u00f3n con renovables, lo que supone un porcentaje mayor que la generaci\u00f3n conjunta con carb\u00f3n y gas.<\/p>\n<p><strong>2- Eficiencia energ\u00e9tica<\/strong><\/p>\n<p>Aumentar la inversi\u00f3n en eficiencia energ\u00e9tica podr\u00eda generar un aumento neto del producto de la econom\u00eda global de 18 billones de d\u00f3lares para 2035, seg\u00fan la Agencia Internacional de la Energ\u00eda (AIE).<\/p>\n<p>En Dinamarca, el National Energy Efficiency Obligation Scheme ofrece la eliminaci\u00f3n del gasto para los participantes en el programa repercutiendo los costos en el usuario final y mediante una flexibilidad para la comercializaci\u00f3n de los cr\u00e9ditos recibidos.<\/p>\n<p>El Programa para la Aceleraci\u00f3n de la Eficiencia Energ\u00e9tica Global,\u00a0<strong><em>Energ\u00eda Sostenible para Todos (ONU-Banco Mundial)<\/em><\/strong> \u00a0podr\u00eda doblar la tasa de eficiencia energ\u00e9tica para 2030 impulsando la acci\u00f3n y los compromisos por parte de l\u00edderes nacionales y subnacionales a todos los niveles, mediante pol\u00edticas integradas y hojas de ruta para las inversiones con el objetivo de guiar la implementaci\u00f3n de proyectos.<\/p>\n<p><strong>3- Transporte<\/strong><\/p>\n<p>El Programa de la ONU para el Medio Ambiente (PNUMA) estima que se pueden reducir las emisiones del transporte por tierra, a\u00e9reo y en barco (que suponen de 1,7 a 2,5 gigatoneladas de CO2 equivalente) entre un cuarto y hasta m\u00e1s de un tercio de las emisiones actuales para 2020.<\/p>\n<p>Por ejemplo en M\u00e9xico desde 2005, el Distrito Federal ha expandido de forma continua su sistema r\u00e1pido de transporte en autob\u00fas. Un 10 por ciento de sus usuarios cambiaron el uso del auto privado por el sistema de autobuses.<\/p>\n<p>Otro caso de \u00e9xito se\u00f1alado en el informe de la ONU es el SLoCaT Partnership on Sustainable Transport, una iniciativa re\u00fane a m\u00e1s de 90 organizaciones que trabajan en el sector del transporte de mercanc\u00edas y pasajeros para movilizar un apoyo mundial a la promoci\u00f3n de modos de transporte bajos en emisiones en los pa\u00edses en desarrollo y para maximizar el papel del transporte en la erradicaci\u00f3n de la pobreza y el desarrollo sostenible.<\/p>\n<p><strong>4- Captura, uso y almacenamiento de carbono<\/strong><\/p>\n<p>En el mundo hay operativos 12 proyectos de captura y almacenamiento de di\u00f3xido de carbono (CCS, por sus siglas en ingl\u00e9s) y otros diez est\u00e1n en construcci\u00f3n. La Agencia Internacional de la Energ\u00eda estima que con el apoyo suficiente y un financiamiento asegurado, los proyectos de captura y almacenamiento de carbono podr\u00edan capturar 50 megatoneladas de CO2 al a\u00f1o para 2020.<\/p>\n<p>Se estima que el potencial de reducci\u00f3n de emisiones en el sector de la electricidad gracias a la captura y almacenamiento de CO2 es de 0,2 a 0,4 gigatoneladas de CO2 equivalente para 2020.<\/p>\n<p><strong><em>5- <\/em>Gases de efecto invernadero no CO2<\/strong><\/p>\n<p>La Agencia de Protecci\u00f3n Ambiental de Estados Unidos estima que se podr\u00edan reducir 2,7 gigatoneladas de CO2 equivalente de la cantidad de emisiones globales de gases de efecto no invernadero otros que el CO2 para 2020 con un coste por debajo de los 50 d\u00f3lares por tonelada de CO2 equivalente.<\/p>\n<p>Casi un cuarto de estas reducciones podr\u00edan lograrse a un costo igual o por debajo de lo invertido, y un porcentaje sustancial de la reducci\u00f3n generar\u00eda beneficios financieros inmediatos.<\/p>\n<p>Las naciones, reunidas en Dub\u00e1i a principios de noviembre, acordaron una trayectoria para controlar el crecimiento de los hidrofluorocarbonos (HFC), productos qu\u00edmicos da\u00f1inos para la capa de ozono y que tienen un impacto clim\u00e1tico significativo.<\/p>\n<p><strong>6- Uso de la tierra<\/strong><\/p>\n<p>La ONU estima que la agricultura tienen un potencial para reducir las emisiones directas de entre 1,1 y 4,3 gigatoneladas de CO2 equivalente y el sector forestal entre 1,3 y 4,2 gigatoneladas de CO2 equivalente para 2020, o lo que es lo mismo dos tercios de las emisiones actuales de ambos sectores y todo ello con un costo marginal de menos de entre 50 y 200 d\u00f3lares por tonelada de CO2 equivalente.<\/p>\n<p>Hay pa\u00edses que ya est\u00e1n avanzando, como China que planea aumentar la superficie forestal neta en 40 millones de hect\u00e1reas para finales de 2020, en comparaci\u00f3n con 2005, China est\u00e1 combinando la reforestaci\u00f3n, la protecci\u00f3n forestal con pol\u00edtica y pr\u00e1cticas de gesti\u00f3n sostenible. El gigante asi\u00e1tico tambi\u00e9n est\u00e1 integrando el carbono forestal en su programa piloto para su sistema nacional de comercio de emisiones.<\/p>\n<p>Otro caso pardigm\u00e1tico en este plano es la Alianza de Bosques Tropicales 2020 que se trata de una alianza p\u00fablico privada para lograr cero deforestaci\u00f3n en los modelos de cadena de suministro en el Sudeste Asi\u00e1tico, \u00c1frica Central y del Oeste y regiones de Am\u00e9rica del Sur. En esta alianza participan gobiernos, grupos de la sociedad civil tanto en naciones productoras como consumidoras, peque\u00f1os agricultores, representantes ind\u00edgenas y empresas multinacionales.<\/p>\n<\/div>\n<\/div>\n<\/div>\n<\/div>\n","protected":false},"excerpt":{"rendered":"<p>A pocos d\u00edas de la COP 21 de Cambio Clim\u00e1tico en Par\u00eds, la Secretar\u00eda de la Convenci\u00f3n Marco de Naciones [&hellip;]<\/p>\n","protected":false},"author":2,"featured_media":15170,"comment_status":"closed","ping_status":"closed","sticky":false,"template":"","format":"standard","meta":{"site-sidebar-layout":"default","site-content-layout":"","ast-site-content-layout":"default","site-content-style":"default","site-sidebar-style":"default","ast-global-header-display":"","ast-banner-title-visibility":"","ast-main-header-display":"","ast-hfb-above-header-display":"","ast-hfb-below-header-display":"","ast-hfb-mobile-header-display":"","site-post-title":"","ast-breadcrumbs-content":"","ast-featured-img":"","footer-sml-layout":"","ast-disable-related-posts":"","theme-transparent-header-meta":"","adv-header-id-meta":"","stick-header-meta":"","header-above-stick-meta":"","header-main-stick-meta":"","header-below-stick-meta":"","astra-migrate-meta-layouts":"default","ast-page-background-enabled":"default","ast-page-background-meta":{"desktop":{"background-color":"var(--ast-global-color-5)","background-image":"","background-repeat":"repeat","background-position":"center center","background-size":"auto","background-attachment":"scroll","background-type":"","background-media":"","overlay-type":"","overlay-color":"","overlay-opacity":"","overlay-gradient":""},"tablet":{"background-color":"","background-image":"","background-repeat":"repeat","background-position":"center center","background-size":"auto","background-attachment":"scroll","background-type":"","background-media":"","overlay-type":"","overlay-color":"","overlay-opacity":"","overlay-gradient":""},"mobile":{"background-color":"","background-image":"","background-repeat":"repeat","background-position":"center center","background-size":"auto","background-attachment":"scroll","background-type":"","background-media":"","overlay-type":"","overlay-color":"","overlay-opacity":"","overlay-gradient":""}},"ast-content-background-meta":{"desktop":{"background-color":"var(--ast-global-color-4)","background-image":"","background-repeat":"repeat","background-position":"center center","background-size":"auto","background-attachment":"scroll","background-type":"","background-media":"","overlay-type":"","overlay-color":"","overlay-opacity":"","overlay-gradient":""},"tablet":{"background-color":"var(--ast-global-color-4)","background-image":"","background-repeat":"repeat","background-position":"center center","background-size":"auto","background-attachment":"scroll","background-type":"","background-media":"","overlay-type":"","overlay-color":"","overlay-opacity":"","overlay-gradient":""},"mobile":{"background-color":"var(--ast-global-color-4)","background-image":"","background-repeat":"repeat","background-position":"center center","background-size":"auto","background-attachment":"scroll","background-type":"","background-media":"","overlay-type":"","overlay-color":"","overlay-opacity":"","overlay-gradient":""}},"footnotes":""},"categories":[23,1],"tags":[],"class_list":["post-15169","post","type-post","status-publish","format-standard","has-post-thumbnail","hentry","category-internacionales","category-noticias"],"yoast_head":"<!-- This site is optimized with the Yoast SEO Premium plugin v23.0 (Yoast SEO v27.5) - https:\/\/yoast.com\/product\/yoast-seo-premium-wordpress\/ -->\n<title>Seis acciones clave contra el cambio clim\u00e1tico para el corto plazo<\/title>\n<meta name=\"robots\" content=\"index, follow, max-snippet:-1, max-image-preview:large, max-video-preview:-1\" \/>\n<link rel=\"canonical\" href=\"https:\/\/patagoniambiental.com.ar\/info\/seis-acciones-clave-contra-el-cambio-climatico-para-el-corto-plazo\/\" \/>\n<meta property=\"og:locale\" content=\"es_ES\" \/>\n<meta property=\"og:type\" content=\"article\" \/>\n<meta property=\"og:title\" content=\"Seis acciones clave contra el cambio clim\u00e1tico para el corto plazo\" \/>\n<meta property=\"og:description\" content=\"A pocos d\u00edas de la COP 21 de Cambio Clim\u00e1tico en Par\u00eds, la Secretar\u00eda de la Convenci\u00f3n Marco de Naciones [&hellip;]\" \/>\n<meta property=\"og:url\" content=\"https:\/\/patagoniambiental.com.ar\/info\/seis-acciones-clave-contra-el-cambio-climatico-para-el-corto-plazo\/\" \/>\n<meta property=\"og:site_name\" content=\"Patagonia Ambiental\" \/>\n<meta property=\"article:publisher\" content=\"https:\/\/www.facebook.com\/patagonia.ambiental\" \/>\n<meta property=\"article:author\" content=\"https:\/\/www.facebook.com\/share\/1C1V8Gv9BX\/?mibextid=qi2Omg\" \/>\n<meta property=\"article:published_time\" content=\"2015-11-20T12:00:26+00:00\" \/>\n<meta name=\"author\" content=\"Patagonia Ambiental\" \/>\n<meta name=\"twitter:card\" content=\"summary_large_image\" \/>\n<meta name=\"twitter:creator\" content=\"@PatAmb\" \/>\n<meta name=\"twitter:site\" content=\"@PatAmb\" \/>\n<script type=\"application\/ld+json\" class=\"yoast-schema-graph\">{\"@context\":\"https:\\\/\\\/schema.org\",\"@graph\":[{\"@type\":\"Article\",\"@id\":\"https:\\\/\\\/patagoniambiental.com.ar\\\/info\\\/seis-acciones-clave-contra-el-cambio-climatico-para-el-corto-plazo\\\/#article\",\"isPartOf\":{\"@id\":\"https:\\\/\\\/patagoniambiental.com.ar\\\/info\\\/seis-acciones-clave-contra-el-cambio-climatico-para-el-corto-plazo\\\/\"},\"author\":{\"name\":\"Patagonia Ambiental\",\"@id\":\"https:\\\/\\\/patagoniambiental.com.ar\\\/info\\\/#\\\/schema\\\/person\\\/db12bff64bbcbf6a253710bf0ea37b5d\"},\"headline\":\"Seis acciones clave contra el cambio clim\u00e1tico para el corto plazo\",\"datePublished\":\"2015-11-20T12:00:26+00:00\",\"mainEntityOfPage\":{\"@id\":\"https:\\\/\\\/patagoniambiental.com.ar\\\/info\\\/seis-acciones-clave-contra-el-cambio-climatico-para-el-corto-plazo\\\/\"},\"wordCount\":1074,\"publisher\":{\"@id\":\"https:\\\/\\\/patagoniambiental.com.ar\\\/info\\\/#organization\"},\"image\":{\"@id\":\"https:\\\/\\\/patagoniambiental.com.ar\\\/info\\\/seis-acciones-clave-contra-el-cambio-climatico-para-el-corto-plazo\\\/#primaryimage\"},\"thumbnailUrl\":\"\",\"articleSection\":[\"Internacionales\",\"Noticias\"],\"inLanguage\":\"es\"},{\"@type\":\"WebPage\",\"@id\":\"https:\\\/\\\/patagoniambiental.com.ar\\\/info\\\/seis-acciones-clave-contra-el-cambio-climatico-para-el-corto-plazo\\\/\",\"url\":\"https:\\\/\\\/patagoniambiental.com.ar\\\/info\\\/seis-acciones-clave-contra-el-cambio-climatico-para-el-corto-plazo\\\/\",\"name\":\"Seis acciones clave contra el cambio clim\u00e1tico para el corto plazo\",\"isPartOf\":{\"@id\":\"https:\\\/\\\/patagoniambiental.com.ar\\\/info\\\/#website\"},\"primaryImageOfPage\":{\"@id\":\"https:\\\/\\\/patagoniambiental.com.ar\\\/info\\\/seis-acciones-clave-contra-el-cambio-climatico-para-el-corto-plazo\\\/#primaryimage\"},\"image\":{\"@id\":\"https:\\\/\\\/patagoniambiental.com.ar\\\/info\\\/seis-acciones-clave-contra-el-cambio-climatico-para-el-corto-plazo\\\/#primaryimage\"},\"thumbnailUrl\":\"\",\"datePublished\":\"2015-11-20T12:00:26+00:00\",\"breadcrumb\":{\"@id\":\"https:\\\/\\\/patagoniambiental.com.ar\\\/info\\\/seis-acciones-clave-contra-el-cambio-climatico-para-el-corto-plazo\\\/#breadcrumb\"},\"inLanguage\":\"es\",\"potentialAction\":[{\"@type\":\"ReadAction\",\"target\":[\"https:\\\/\\\/patagoniambiental.com.ar\\\/info\\\/seis-acciones-clave-contra-el-cambio-climatico-para-el-corto-plazo\\\/\"]}]},{\"@type\":\"ImageObject\",\"inLanguage\":\"es\",\"@id\":\"https:\\\/\\\/patagoniambiental.com.ar\\\/info\\\/seis-acciones-clave-contra-el-cambio-climatico-para-el-corto-plazo\\\/#primaryimage\",\"url\":\"\",\"contentUrl\":\"\"},{\"@type\":\"BreadcrumbList\",\"@id\":\"https:\\\/\\\/patagoniambiental.com.ar\\\/info\\\/seis-acciones-clave-contra-el-cambio-climatico-para-el-corto-plazo\\\/#breadcrumb\",\"itemListElement\":[{\"@type\":\"ListItem\",\"position\":1,\"name\":\"Inicio\",\"item\":\"https:\\\/\\\/patagoniambiental.com.ar\\\/info\\\/\"},{\"@type\":\"ListItem\",\"position\":2,\"name\":\"Seis acciones clave contra el cambio clim\u00e1tico para el corto plazo\"}]},{\"@type\":\"WebSite\",\"@id\":\"https:\\\/\\\/patagoniambiental.com.ar\\\/info\\\/#website\",\"url\":\"https:\\\/\\\/patagoniambiental.com.ar\\\/info\\\/\",\"name\":\"Patagonia Ambiental\",\"description\":\"Monitoreo y an\u00e1lisis de la situaci\u00f3n geopol\u00edtica en el mundo y su implicancia en la Patagonia\",\"publisher\":{\"@id\":\"https:\\\/\\\/patagoniambiental.com.ar\\\/info\\\/#organization\"},\"potentialAction\":[{\"@type\":\"SearchAction\",\"target\":{\"@type\":\"EntryPoint\",\"urlTemplate\":\"https:\\\/\\\/patagoniambiental.com.ar\\\/info\\\/?s={search_term_string}\"},\"query-input\":{\"@type\":\"PropertyValueSpecification\",\"valueRequired\":true,\"valueName\":\"search_term_string\"}}],\"inLanguage\":\"es\"},{\"@type\":\"Organization\",\"@id\":\"https:\\\/\\\/patagoniambiental.com.ar\\\/info\\\/#organization\",\"name\":\"Patagonia Ambiental\",\"url\":\"https:\\\/\\\/patagoniambiental.com.ar\\\/info\\\/\",\"logo\":{\"@type\":\"ImageObject\",\"inLanguage\":\"es\",\"@id\":\"https:\\\/\\\/patagoniambiental.com.ar\\\/info\\\/#\\\/schema\\\/logo\\\/image\\\/\",\"url\":\"https:\\\/\\\/patagoniambiental.com.ar\\\/info\\\/wp-content\\\/uploads\\\/2025\\\/05\\\/LOGO-PATAGONIA-AMBIENTAL.png\",\"contentUrl\":\"https:\\\/\\\/patagoniambiental.com.ar\\\/info\\\/wp-content\\\/uploads\\\/2025\\\/05\\\/LOGO-PATAGONIA-AMBIENTAL.png\",\"width\":433,\"height\":250,\"caption\":\"Patagonia Ambiental\"},\"image\":{\"@id\":\"https:\\\/\\\/patagoniambiental.com.ar\\\/info\\\/#\\\/schema\\\/logo\\\/image\\\/\"},\"sameAs\":[\"https:\\\/\\\/www.facebook.com\\\/patagonia.ambiental\",\"https:\\\/\\\/x.com\\\/PatAmb\"]},{\"@type\":\"Person\",\"@id\":\"https:\\\/\\\/patagoniambiental.com.ar\\\/info\\\/#\\\/schema\\\/person\\\/db12bff64bbcbf6a253710bf0ea37b5d\",\"name\":\"Patagonia Ambiental\",\"description\":\"Andr\u00e9s Nievas T\u00e9cnico en manejo ambiental, consultor Ambiental y escritor para medios locales e internacionales sobre temas de geopolitica y medio ambiente.\",\"sameAs\":[\"http:\\\/\\\/www.patagoniambiental.com.ar\",\"https:\\\/\\\/www.facebook.com\\\/share\\\/1C1V8Gv9BX\\\/?mibextid=qi2Omg\",\"@patagoniambiental\",\"https:\\\/\\\/youtube.com\\\/@patagoniaambiental2023?si=BLt58t0wuXquxlYZ\"]}]}<\/script>\n<!-- \/ Yoast SEO Premium plugin. -->","yoast_head_json":{"title":"Seis acciones clave contra el cambio clim\u00e1tico para el corto plazo","robots":{"index":"index","follow":"follow","max-snippet":"max-snippet:-1","max-image-preview":"max-image-preview:large","max-video-preview":"max-video-preview:-1"},"canonical":"https:\/\/patagoniambiental.com.ar\/info\/seis-acciones-clave-contra-el-cambio-climatico-para-el-corto-plazo\/","og_locale":"es_ES","og_type":"article","og_title":"Seis acciones clave contra el cambio clim\u00e1tico para el corto plazo","og_description":"A pocos d\u00edas de la COP 21 de Cambio Clim\u00e1tico en Par\u00eds, la Secretar\u00eda de la Convenci\u00f3n Marco de Naciones [&hellip;]","og_url":"https:\/\/patagoniambiental.com.ar\/info\/seis-acciones-clave-contra-el-cambio-climatico-para-el-corto-plazo\/","og_site_name":"Patagonia Ambiental","article_publisher":"https:\/\/www.facebook.com\/patagonia.ambiental","article_author":"https:\/\/www.facebook.com\/share\/1C1V8Gv9BX\/?mibextid=qi2Omg","article_published_time":"2015-11-20T12:00:26+00:00","author":"Patagonia Ambiental","twitter_card":"summary_large_image","twitter_creator":"@PatAmb","twitter_site":"@PatAmb","schema":{"@context":"https:\/\/schema.org","@graph":[{"@type":"Article","@id":"https:\/\/patagoniambiental.com.ar\/info\/seis-acciones-clave-contra-el-cambio-climatico-para-el-corto-plazo\/#article","isPartOf":{"@id":"https:\/\/patagoniambiental.com.ar\/info\/seis-acciones-clave-contra-el-cambio-climatico-para-el-corto-plazo\/"},"author":{"name":"Patagonia Ambiental","@id":"https:\/\/patagoniambiental.com.ar\/info\/#\/schema\/person\/db12bff64bbcbf6a253710bf0ea37b5d"},"headline":"Seis acciones clave contra el cambio clim\u00e1tico para el corto plazo","datePublished":"2015-11-20T12:00:26+00:00","mainEntityOfPage":{"@id":"https:\/\/patagoniambiental.com.ar\/info\/seis-acciones-clave-contra-el-cambio-climatico-para-el-corto-plazo\/"},"wordCount":1074,"publisher":{"@id":"https:\/\/patagoniambiental.com.ar\/info\/#organization"},"image":{"@id":"https:\/\/patagoniambiental.com.ar\/info\/seis-acciones-clave-contra-el-cambio-climatico-para-el-corto-plazo\/#primaryimage"},"thumbnailUrl":"","articleSection":["Internacionales","Noticias"],"inLanguage":"es"},{"@type":"WebPage","@id":"https:\/\/patagoniambiental.com.ar\/info\/seis-acciones-clave-contra-el-cambio-climatico-para-el-corto-plazo\/","url":"https:\/\/patagoniambiental.com.ar\/info\/seis-acciones-clave-contra-el-cambio-climatico-para-el-corto-plazo\/","name":"Seis acciones clave contra el cambio clim\u00e1tico para el corto plazo","isPartOf":{"@id":"https:\/\/patagoniambiental.com.ar\/info\/#website"},"primaryImageOfPage":{"@id":"https:\/\/patagoniambiental.com.ar\/info\/seis-acciones-clave-contra-el-cambio-climatico-para-el-corto-plazo\/#primaryimage"},"image":{"@id":"https:\/\/patagoniambiental.com.ar\/info\/seis-acciones-clave-contra-el-cambio-climatico-para-el-corto-plazo\/#primaryimage"},"thumbnailUrl":"","datePublished":"2015-11-20T12:00:26+00:00","breadcrumb":{"@id":"https:\/\/patagoniambiental.com.ar\/info\/seis-acciones-clave-contra-el-cambio-climatico-para-el-corto-plazo\/#breadcrumb"},"inLanguage":"es","potentialAction":[{"@type":"ReadAction","target":["https:\/\/patagoniambiental.com.ar\/info\/seis-acciones-clave-contra-el-cambio-climatico-para-el-corto-plazo\/"]}]},{"@type":"ImageObject","inLanguage":"es","@id":"https:\/\/patagoniambiental.com.ar\/info\/seis-acciones-clave-contra-el-cambio-climatico-para-el-corto-plazo\/#primaryimage","url":"","contentUrl":""},{"@type":"BreadcrumbList","@id":"https:\/\/patagoniambiental.com.ar\/info\/seis-acciones-clave-contra-el-cambio-climatico-para-el-corto-plazo\/#breadcrumb","itemListElement":[{"@type":"ListItem","position":1,"name":"Inicio","item":"https:\/\/patagoniambiental.com.ar\/info\/"},{"@type":"ListItem","position":2,"name":"Seis acciones clave contra el cambio clim\u00e1tico para el corto plazo"}]},{"@type":"WebSite","@id":"https:\/\/patagoniambiental.com.ar\/info\/#website","url":"https:\/\/patagoniambiental.com.ar\/info\/","name":"Patagonia Ambiental","description":"Monitoreo y an\u00e1lisis de la situaci\u00f3n geopol\u00edtica en el mundo y su implicancia en la Patagonia","publisher":{"@id":"https:\/\/patagoniambiental.com.ar\/info\/#organization"},"potentialAction":[{"@type":"SearchAction","target":{"@type":"EntryPoint","urlTemplate":"https:\/\/patagoniambiental.com.ar\/info\/?s={search_term_string}"},"query-input":{"@type":"PropertyValueSpecification","valueRequired":true,"valueName":"search_term_string"}}],"inLanguage":"es"},{"@type":"Organization","@id":"https:\/\/patagoniambiental.com.ar\/info\/#organization","name":"Patagonia Ambiental","url":"https:\/\/patagoniambiental.com.ar\/info\/","logo":{"@type":"ImageObject","inLanguage":"es","@id":"https:\/\/patagoniambiental.com.ar\/info\/#\/schema\/logo\/image\/","url":"https:\/\/patagoniambiental.com.ar\/info\/wp-content\/uploads\/2025\/05\/LOGO-PATAGONIA-AMBIENTAL.png","contentUrl":"https:\/\/patagoniambiental.com.ar\/info\/wp-content\/uploads\/2025\/05\/LOGO-PATAGONIA-AMBIENTAL.png","width":433,"height":250,"caption":"Patagonia Ambiental"},"image":{"@id":"https:\/\/patagoniambiental.com.ar\/info\/#\/schema\/logo\/image\/"},"sameAs":["https:\/\/www.facebook.com\/patagonia.ambiental","https:\/\/x.com\/PatAmb"]},{"@type":"Person","@id":"https:\/\/patagoniambiental.com.ar\/info\/#\/schema\/person\/db12bff64bbcbf6a253710bf0ea37b5d","name":"Patagonia Ambiental","description":"Andr\u00e9s Nievas T\u00e9cnico en manejo ambiental, consultor Ambiental y escritor para medios locales e internacionales sobre temas de geopolitica y medio ambiente.","sameAs":["http:\/\/www.patagoniambiental.com.ar","https:\/\/www.facebook.com\/share\/1C1V8Gv9BX\/?mibextid=qi2Omg","@patagoniambiental","https:\/\/youtube.com\/@patagoniaambiental2023?si=BLt58t0wuXquxlYZ"]}]}},"_links":{"self":[{"href":"https:\/\/patagoniambiental.com.ar\/info\/wp-json\/wp\/v2\/posts\/15169","targetHints":{"allow":["GET"]}}],"collection":[{"href":"https:\/\/patagoniambiental.com.ar\/info\/wp-json\/wp\/v2\/posts"}],"about":[{"href":"https:\/\/patagoniambiental.com.ar\/info\/wp-json\/wp\/v2\/types\/post"}],"author":[{"embeddable":true,"href":"https:\/\/patagoniambiental.com.ar\/info\/wp-json\/wp\/v2\/users\/2"}],"replies":[{"embeddable":true,"href":"https:\/\/patagoniambiental.com.ar\/info\/wp-json\/wp\/v2\/comments?post=15169"}],"version-history":[{"count":0,"href":"https:\/\/patagoniambiental.com.ar\/info\/wp-json\/wp\/v2\/posts\/15169\/revisions"}],"wp:featuredmedia":[{"embeddable":true,"href":"https:\/\/patagoniambiental.com.ar\/info\/wp-json\/"}],"wp:attachment":[{"href":"https:\/\/patagoniambiental.com.ar\/info\/wp-json\/wp\/v2\/media?parent=15169"}],"wp:term":[{"taxonomy":"category","embeddable":true,"href":"https:\/\/patagoniambiental.com.ar\/info\/wp-json\/wp\/v2\/categories?post=15169"},{"taxonomy":"post_tag","embeddable":true,"href":"https:\/\/patagoniambiental.com.ar\/info\/wp-json\/wp\/v2\/tags?post=15169"}],"curies":[{"name":"wp","href":"https:\/\/api.w.org\/{rel}","templated":true}]}}