{"id":15172,"date":"2015-11-20T09:00:37","date_gmt":"2015-11-20T12:00:37","guid":{"rendered":"http:\/\/patagoniambiental.com.ar\/?p=15172"},"modified":"2015-11-20T09:00:37","modified_gmt":"2015-11-20T12:00:37","slug":"bariloche-gobierno-presento-proyecto-de-obligatoriedad-de-separacion-de-residuos-en-origen","status":"publish","type":"post","link":"https:\/\/patagoniambiental.com.ar\/info\/bariloche-gobierno-presento-proyecto-de-obligatoriedad-de-separacion-de-residuos-en-origen\/","title":{"rendered":"Bariloche: Gobierno present\u00f3 proyecto de obligatoriedad de separaci\u00f3n de residuos en origen"},"content":{"rendered":"<div class=\"_1dwg\">\n<div id=\"js_2\" class=\"_5pbx userContent\" data-ft=\"{&quot;tn&quot;:&quot;K&quot;}\">\n<p>La Intendenta Mar\u00eda Eugenia Martini envi\u00f3 ayer al Concejo Deliberante el proyecto que determina la obligatoriedad de la separaci\u00f3n en origen de los residuos. Adem\u00e1s de encuadrar la operaci\u00f3n de la planta de clasificaci\u00f3n y la recolecci\u00f3n diferenciada, fija sanciones de entre 100 y 3500 m\u00f3dulos fiscales en promedio para los infractores, en proporci\u00f3n al volumen de los residuos.<\/p>\n<p>El proyecto considera que el plan de Gesti\u00f3n Integral de Residuos S\u00f3lidos Urbanos (GIRSU) que impulsa el Municipio necesita de tres condiciones articuladas: la separaci\u00f3n en origen, la recolecci\u00f3n diferenciada y el funcionamiento eficiente de la planta de clasificaci\u00f3n. Por eso, paralelamente a las medidas que se est\u00e1n implementando para optimizar la operaci\u00f3n del centro ambiental que maneja la ARB, se decidi\u00f3 fijar un sistema de infracciones y multas para alentar la separaci\u00f3n domiciliaria.<\/p>\n<p>\u201cLa disposici\u00f3n inadecuada de Residuos S\u00f3lidos Urbanos (RSU) causa da\u00f1os a la salud, incrementa innecesariamente la explotaci\u00f3n de recursos naturales, y transfiere injustamente los da\u00f1os ambientales a las generaciones futuras\u201d, fundamenta el texto, que establece obligaciones generales para los generadores de residuos (tanto a escala domiciliaria como institucional y comercial), prohibiciones espec\u00edficas sobre tiempos y lugares (apuntando a evitar la acumulaci\u00f3n de residuos y los basurales clandestinos) y una escala de infracciones y sus correspondientes sanciones.<\/p>\n<p>Las multas, de acuerdo al volumen de residuos y a la gravedad de la falta, parten desde 100 hasta 3500 m\u00f3dulos fiscales, salvo en el caso de los comercios o empresas que no realicen el proceso de desnaturalizaci\u00f3n de productos alimenticios desechados, que contempla sanciones de entre 6500 y 15000 m\u00f3dulos fiscales seg\u00fan el volumen.<\/p>\n<p>Asimismo, el proyecto de ordenanza considera necesario \u201cestimular a los fabricantes a dise\u00f1ar productos que aseguren su posterior reutilizaci\u00f3n, reciclado o disposici\u00f3n final segura\u201d, adem\u00e1s de \u201cconcientizar a la poblaci\u00f3n acerca de la tem\u00e1tica ambiental, para lograr as\u00ed que nuestra ciudadan\u00eda tome una actitud proactiva con miras al consumo responsable, al cuidado del ambiente y al principio de responsabilidad comunitaria respecto de nuestros residuos\u201d.<\/p>\n<p>El texto remitido por el Ejecutivo al Concejo institucionaliza el deber del Municipio de \u201casegurar la recolecci\u00f3n de residuos, la limpieza e higiene general del ejido municipal\u201d, \u201cgarantizar la provisi\u00f3n en la v\u00eda p\u00fablica y en los establecimientos p\u00fablicos de la ciudad de los recipientes y contenedores apropiados\u201d, sistematizar la recolecci\u00f3n diferenciada y garantizar \u201cel derecho de los habitantes a disfrutar de un medio ambiente adecuado para el desarrollo de la persona, manteniendo y protegiendo el sistema ecol\u00f3gico y el paisaje mediante el uso adecuado de los recursos\u201d.<\/p>\n<p>A tal fin, adem\u00e1s de fijar las medidas descritas, impulsa que desde el Municipio se desarrollen programas de educaci\u00f3n ambiental formal, no formal e informal, y m\u00faltiples acciones de concientizaci\u00f3n, como campa\u00f1as sistem\u00e1ticas y permanentes de difusi\u00f3n en los medio de comunicaci\u00f3n masivos, fijando \u201cla responsabilidad comunitaria como principio rector\u201d del funcionamiento interconectado de los factores que intervienen en la gesti\u00f3n integral de residuos s\u00f3lidos urbanos.<\/p>\n<p>Adem\u00e1s, se determina que la Subsecretar\u00eda de Medioambiente \u2014dependiente de la Secretar\u00eda de Desarrollo Estrat\u00e9gico municipal\u2014 sea la autoridad de aplicaci\u00f3n de la ordenanza, desarrolle instrumentos de planificaci\u00f3n, inspecci\u00f3n y control con participaci\u00f3n efectiva de las organizaciones sociales y ambientales, dise\u00f1e pol\u00edticas p\u00fablicas en materia de gesti\u00f3n de RSU y eval\u00fae peri\u00f3dicamente el cumplimiento de los objetivos y propuestas de la normativa.<\/p>\n<p>Por otra parte, se incluye tambi\u00e9n la participaci\u00f3n de microemprendedores en forma individual o asociada, cooperativas y empresas de peque\u00f1a y mediana envergadura y organizaciones no gubernamentales, en el desarrollo de Unidades Productivas a partir de la implementaci\u00f3n de Cadenas de Valor respecto del \u201cinsumo residuo\u201d, fomentando la cobertura de nichos de mercado locales sin explotar.<\/p>\n<p>Para el desarrollo el proyecto remitido al Concejo Municipal, con la intendenta Martini colaboraron los titulares de las \u00e1reas de Medioambiente (Susana Moyano), Gobierno (Daniel Natapof) y Desarrollo Econ\u00f3mico (Fernando Del Campo), la Asociaci\u00f3n de Recicladores Bariloche (ARB), Gast\u00f3n Rodr\u00edguez por el Ministerio de Desarrollo Social de la Naci\u00f3n y Anal\u00eda Arpes de la Fundaci\u00f3n Arelauquen.<\/p>\n<div class=\"\"><\/div>\n<\/div>\n<div class=\"_3x-2\"><\/div>\n<\/div>\n<div id=\"u_0_j\"><\/div>\n","protected":false},"excerpt":{"rendered":"<p>La Intendenta Mar\u00eda Eugenia Martini envi\u00f3 ayer al Concejo Deliberante el proyecto que determina la obligatoriedad de la separaci\u00f3n en [&hellip;]<\/p>\n","protected":false},"author":2,"featured_media":15173,"comment_status":"closed","ping_status":"closed","sticky":false,"template":"","format":"standard","meta":{"site-sidebar-layout":"default","site-content-layout":"","ast-site-content-layout":"default","site-content-style":"default","site-sidebar-style":"default","ast-global-header-display":"","ast-banner-title-visibility":"","ast-main-header-display":"","ast-hfb-above-header-display":"","ast-hfb-below-header-display":"","ast-hfb-mobile-header-display":"","site-post-title":"","ast-breadcrumbs-content":"","ast-featured-img":"","footer-sml-layout":"","ast-disable-related-posts":"","theme-transparent-header-meta":"","adv-header-id-meta":"","stick-header-meta":"","header-above-stick-meta":"","header-main-stick-meta":"","header-below-stick-meta":"","astra-migrate-meta-layouts":"default","ast-page-background-enabled":"default","ast-page-background-meta":{"desktop":{"background-color":"var(--ast-global-color-5)","background-image":"","background-repeat":"repeat","background-position":"center center","background-size":"auto","background-attachment":"scroll","background-type":"","background-media":"","overlay-type":"","overlay-color":"","overlay-opacity":"","overlay-gradient":""},"tablet":{"background-color":"","background-image":"","background-repeat":"repeat","background-position":"center center","background-size":"auto","background-attachment":"scroll","background-type":"","background-media":"","overlay-type":"","overlay-color":"","overlay-opacity":"","overlay-gradient":""},"mobile":{"background-color":"","background-image":"","background-repeat":"repeat","background-position":"center center","background-size":"auto","background-attachment":"scroll","background-type":"","background-media":"","overlay-type":"","overlay-color":"","overlay-opacity":"","overlay-gradient":""}},"ast-content-background-meta":{"desktop":{"background-color":"var(--ast-global-color-4)","background-image":"","background-repeat":"repeat","background-position":"center center","background-size":"auto","background-attachment":"scroll","background-type":"","background-media":"","overlay-type":"","overlay-color":"","overlay-opacity":"","overlay-gradient":""},"tablet":{"background-color":"var(--ast-global-color-4)","background-image":"","background-repeat":"repeat","background-position":"center center","background-size":"auto","background-attachment":"scroll","background-type":"","background-media":"","overlay-type":"","overlay-color":"","overlay-opacity":"","overlay-gradient":""},"mobile":{"background-color":"var(--ast-global-color-4)","background-image":"","background-repeat":"repeat","background-position":"center center","background-size":"auto","background-attachment":"scroll","background-type":"","background-media":"","overlay-type":"","overlay-color":"","overlay-opacity":"","overlay-gradient":""}},"footnotes":""},"categories":[1],"tags":[],"class_list":["post-15172","post","type-post","status-publish","format-standard","has-post-thumbnail","hentry","category-noticias"],"yoast_head":"<!-- This site is optimized with the Yoast SEO Premium plugin v23.0 (Yoast SEO v27.5) - https:\/\/yoast.com\/product\/yoast-seo-premium-wordpress\/ -->\n<title>Bariloche: Gobierno present\u00f3 proyecto de obligatoriedad de separaci\u00f3n de residuos en origen<\/title>\n<meta name=\"robots\" content=\"index, follow, max-snippet:-1, max-image-preview:large, max-video-preview:-1\" \/>\n<link rel=\"canonical\" href=\"https:\/\/patagoniambiental.com.ar\/info\/bariloche-gobierno-presento-proyecto-de-obligatoriedad-de-separacion-de-residuos-en-origen\/\" \/>\n<meta property=\"og:locale\" content=\"es_ES\" \/>\n<meta property=\"og:type\" content=\"article\" \/>\n<meta property=\"og:title\" content=\"Bariloche: Gobierno present\u00f3 proyecto de obligatoriedad de separaci\u00f3n de residuos en origen\" \/>\n<meta property=\"og:description\" content=\"La Intendenta Mar\u00eda Eugenia Martini envi\u00f3 ayer al Concejo Deliberante el proyecto que determina la obligatoriedad de la separaci\u00f3n en [&hellip;]\" \/>\n<meta property=\"og:url\" content=\"https:\/\/patagoniambiental.com.ar\/info\/bariloche-gobierno-presento-proyecto-de-obligatoriedad-de-separacion-de-residuos-en-origen\/\" \/>\n<meta property=\"og:site_name\" content=\"Patagonia Ambiental\" \/>\n<meta property=\"article:publisher\" content=\"https:\/\/www.facebook.com\/patagonia.ambiental\" \/>\n<meta property=\"article:author\" content=\"https:\/\/www.facebook.com\/share\/1C1V8Gv9BX\/?mibextid=qi2Omg\" \/>\n<meta property=\"article:published_time\" content=\"2015-11-20T12:00:37+00:00\" \/>\n<meta name=\"author\" content=\"Patagonia Ambiental\" \/>\n<meta name=\"twitter:card\" content=\"summary_large_image\" \/>\n<meta name=\"twitter:creator\" content=\"@PatAmb\" \/>\n<meta name=\"twitter:site\" content=\"@PatAmb\" \/>\n<script type=\"application\/ld+json\" class=\"yoast-schema-graph\">{\"@context\":\"https:\\\/\\\/schema.org\",\"@graph\":[{\"@type\":\"Article\",\"@id\":\"https:\\\/\\\/patagoniambiental.com.ar\\\/info\\\/bariloche-gobierno-presento-proyecto-de-obligatoriedad-de-separacion-de-residuos-en-origen\\\/#article\",\"isPartOf\":{\"@id\":\"https:\\\/\\\/patagoniambiental.com.ar\\\/info\\\/bariloche-gobierno-presento-proyecto-de-obligatoriedad-de-separacion-de-residuos-en-origen\\\/\"},\"author\":{\"name\":\"Patagonia Ambiental\",\"@id\":\"https:\\\/\\\/patagoniambiental.com.ar\\\/info\\\/#\\\/schema\\\/person\\\/db12bff64bbcbf6a253710bf0ea37b5d\"},\"headline\":\"Bariloche: Gobierno present\u00f3 proyecto de obligatoriedad de separaci\u00f3n de residuos en origen\",\"datePublished\":\"2015-11-20T12:00:37+00:00\",\"mainEntityOfPage\":{\"@id\":\"https:\\\/\\\/patagoniambiental.com.ar\\\/info\\\/bariloche-gobierno-presento-proyecto-de-obligatoriedad-de-separacion-de-residuos-en-origen\\\/\"},\"wordCount\":739,\"publisher\":{\"@id\":\"https:\\\/\\\/patagoniambiental.com.ar\\\/info\\\/#organization\"},\"image\":{\"@id\":\"https:\\\/\\\/patagoniambiental.com.ar\\\/info\\\/bariloche-gobierno-presento-proyecto-de-obligatoriedad-de-separacion-de-residuos-en-origen\\\/#primaryimage\"},\"thumbnailUrl\":\"\",\"articleSection\":[\"Noticias\"],\"inLanguage\":\"es\"},{\"@type\":\"WebPage\",\"@id\":\"https:\\\/\\\/patagoniambiental.com.ar\\\/info\\\/bariloche-gobierno-presento-proyecto-de-obligatoriedad-de-separacion-de-residuos-en-origen\\\/\",\"url\":\"https:\\\/\\\/patagoniambiental.com.ar\\\/info\\\/bariloche-gobierno-presento-proyecto-de-obligatoriedad-de-separacion-de-residuos-en-origen\\\/\",\"name\":\"Bariloche: Gobierno present\u00f3 proyecto de obligatoriedad de separaci\u00f3n de residuos en origen\",\"isPartOf\":{\"@id\":\"https:\\\/\\\/patagoniambiental.com.ar\\\/info\\\/#website\"},\"primaryImageOfPage\":{\"@id\":\"https:\\\/\\\/patagoniambiental.com.ar\\\/info\\\/bariloche-gobierno-presento-proyecto-de-obligatoriedad-de-separacion-de-residuos-en-origen\\\/#primaryimage\"},\"image\":{\"@id\":\"https:\\\/\\\/patagoniambiental.com.ar\\\/info\\\/bariloche-gobierno-presento-proyecto-de-obligatoriedad-de-separacion-de-residuos-en-origen\\\/#primaryimage\"},\"thumbnailUrl\":\"\",\"datePublished\":\"2015-11-20T12:00:37+00:00\",\"breadcrumb\":{\"@id\":\"https:\\\/\\\/patagoniambiental.com.ar\\\/info\\\/bariloche-gobierno-presento-proyecto-de-obligatoriedad-de-separacion-de-residuos-en-origen\\\/#breadcrumb\"},\"inLanguage\":\"es\",\"potentialAction\":[{\"@type\":\"ReadAction\",\"target\":[\"https:\\\/\\\/patagoniambiental.com.ar\\\/info\\\/bariloche-gobierno-presento-proyecto-de-obligatoriedad-de-separacion-de-residuos-en-origen\\\/\"]}]},{\"@type\":\"ImageObject\",\"inLanguage\":\"es\",\"@id\":\"https:\\\/\\\/patagoniambiental.com.ar\\\/info\\\/bariloche-gobierno-presento-proyecto-de-obligatoriedad-de-separacion-de-residuos-en-origen\\\/#primaryimage\",\"url\":\"\",\"contentUrl\":\"\"},{\"@type\":\"BreadcrumbList\",\"@id\":\"https:\\\/\\\/patagoniambiental.com.ar\\\/info\\\/bariloche-gobierno-presento-proyecto-de-obligatoriedad-de-separacion-de-residuos-en-origen\\\/#breadcrumb\",\"itemListElement\":[{\"@type\":\"ListItem\",\"position\":1,\"name\":\"Inicio\",\"item\":\"https:\\\/\\\/patagoniambiental.com.ar\\\/info\\\/\"},{\"@type\":\"ListItem\",\"position\":2,\"name\":\"Bariloche: Gobierno present\u00f3 proyecto de obligatoriedad de separaci\u00f3n de residuos en origen\"}]},{\"@type\":\"WebSite\",\"@id\":\"https:\\\/\\\/patagoniambiental.com.ar\\\/info\\\/#website\",\"url\":\"https:\\\/\\\/patagoniambiental.com.ar\\\/info\\\/\",\"name\":\"Patagonia Ambiental\",\"description\":\"Monitoreo y an\u00e1lisis de la situaci\u00f3n geopol\u00edtica en el mundo y su implicancia en la Patagonia\",\"publisher\":{\"@id\":\"https:\\\/\\\/patagoniambiental.com.ar\\\/info\\\/#organization\"},\"potentialAction\":[{\"@type\":\"SearchAction\",\"target\":{\"@type\":\"EntryPoint\",\"urlTemplate\":\"https:\\\/\\\/patagoniambiental.com.ar\\\/info\\\/?s={search_term_string}\"},\"query-input\":{\"@type\":\"PropertyValueSpecification\",\"valueRequired\":true,\"valueName\":\"search_term_string\"}}],\"inLanguage\":\"es\"},{\"@type\":\"Organization\",\"@id\":\"https:\\\/\\\/patagoniambiental.com.ar\\\/info\\\/#organization\",\"name\":\"Patagonia Ambiental\",\"url\":\"https:\\\/\\\/patagoniambiental.com.ar\\\/info\\\/\",\"logo\":{\"@type\":\"ImageObject\",\"inLanguage\":\"es\",\"@id\":\"https:\\\/\\\/patagoniambiental.com.ar\\\/info\\\/#\\\/schema\\\/logo\\\/image\\\/\",\"url\":\"https:\\\/\\\/patagoniambiental.com.ar\\\/info\\\/wp-content\\\/uploads\\\/2025\\\/05\\\/LOGO-PATAGONIA-AMBIENTAL.png\",\"contentUrl\":\"https:\\\/\\\/patagoniambiental.com.ar\\\/info\\\/wp-content\\\/uploads\\\/2025\\\/05\\\/LOGO-PATAGONIA-AMBIENTAL.png\",\"width\":433,\"height\":250,\"caption\":\"Patagonia Ambiental\"},\"image\":{\"@id\":\"https:\\\/\\\/patagoniambiental.com.ar\\\/info\\\/#\\\/schema\\\/logo\\\/image\\\/\"},\"sameAs\":[\"https:\\\/\\\/www.facebook.com\\\/patagonia.ambiental\",\"https:\\\/\\\/x.com\\\/PatAmb\"]},{\"@type\":\"Person\",\"@id\":\"https:\\\/\\\/patagoniambiental.com.ar\\\/info\\\/#\\\/schema\\\/person\\\/db12bff64bbcbf6a253710bf0ea37b5d\",\"name\":\"Patagonia Ambiental\",\"description\":\"Andr\u00e9s Nievas T\u00e9cnico en manejo ambiental, consultor Ambiental y escritor para medios locales e internacionales sobre temas de geopolitica y medio ambiente.\",\"sameAs\":[\"http:\\\/\\\/www.patagoniambiental.com.ar\",\"https:\\\/\\\/www.facebook.com\\\/share\\\/1C1V8Gv9BX\\\/?mibextid=qi2Omg\",\"@patagoniambiental\",\"https:\\\/\\\/youtube.com\\\/@patagoniaambiental2023?si=BLt58t0wuXquxlYZ\"]}]}<\/script>\n<!-- \/ Yoast SEO Premium plugin. -->","yoast_head_json":{"title":"Bariloche: Gobierno present\u00f3 proyecto de obligatoriedad de separaci\u00f3n de residuos en origen","robots":{"index":"index","follow":"follow","max-snippet":"max-snippet:-1","max-image-preview":"max-image-preview:large","max-video-preview":"max-video-preview:-1"},"canonical":"https:\/\/patagoniambiental.com.ar\/info\/bariloche-gobierno-presento-proyecto-de-obligatoriedad-de-separacion-de-residuos-en-origen\/","og_locale":"es_ES","og_type":"article","og_title":"Bariloche: Gobierno present\u00f3 proyecto de obligatoriedad de separaci\u00f3n de residuos en origen","og_description":"La Intendenta Mar\u00eda Eugenia Martini envi\u00f3 ayer al Concejo Deliberante el proyecto que determina la obligatoriedad de la separaci\u00f3n en [&hellip;]","og_url":"https:\/\/patagoniambiental.com.ar\/info\/bariloche-gobierno-presento-proyecto-de-obligatoriedad-de-separacion-de-residuos-en-origen\/","og_site_name":"Patagonia Ambiental","article_publisher":"https:\/\/www.facebook.com\/patagonia.ambiental","article_author":"https:\/\/www.facebook.com\/share\/1C1V8Gv9BX\/?mibextid=qi2Omg","article_published_time":"2015-11-20T12:00:37+00:00","author":"Patagonia Ambiental","twitter_card":"summary_large_image","twitter_creator":"@PatAmb","twitter_site":"@PatAmb","schema":{"@context":"https:\/\/schema.org","@graph":[{"@type":"Article","@id":"https:\/\/patagoniambiental.com.ar\/info\/bariloche-gobierno-presento-proyecto-de-obligatoriedad-de-separacion-de-residuos-en-origen\/#article","isPartOf":{"@id":"https:\/\/patagoniambiental.com.ar\/info\/bariloche-gobierno-presento-proyecto-de-obligatoriedad-de-separacion-de-residuos-en-origen\/"},"author":{"name":"Patagonia Ambiental","@id":"https:\/\/patagoniambiental.com.ar\/info\/#\/schema\/person\/db12bff64bbcbf6a253710bf0ea37b5d"},"headline":"Bariloche: Gobierno present\u00f3 proyecto de obligatoriedad de separaci\u00f3n de residuos en origen","datePublished":"2015-11-20T12:00:37+00:00","mainEntityOfPage":{"@id":"https:\/\/patagoniambiental.com.ar\/info\/bariloche-gobierno-presento-proyecto-de-obligatoriedad-de-separacion-de-residuos-en-origen\/"},"wordCount":739,"publisher":{"@id":"https:\/\/patagoniambiental.com.ar\/info\/#organization"},"image":{"@id":"https:\/\/patagoniambiental.com.ar\/info\/bariloche-gobierno-presento-proyecto-de-obligatoriedad-de-separacion-de-residuos-en-origen\/#primaryimage"},"thumbnailUrl":"","articleSection":["Noticias"],"inLanguage":"es"},{"@type":"WebPage","@id":"https:\/\/patagoniambiental.com.ar\/info\/bariloche-gobierno-presento-proyecto-de-obligatoriedad-de-separacion-de-residuos-en-origen\/","url":"https:\/\/patagoniambiental.com.ar\/info\/bariloche-gobierno-presento-proyecto-de-obligatoriedad-de-separacion-de-residuos-en-origen\/","name":"Bariloche: Gobierno present\u00f3 proyecto de obligatoriedad de separaci\u00f3n de residuos en origen","isPartOf":{"@id":"https:\/\/patagoniambiental.com.ar\/info\/#website"},"primaryImageOfPage":{"@id":"https:\/\/patagoniambiental.com.ar\/info\/bariloche-gobierno-presento-proyecto-de-obligatoriedad-de-separacion-de-residuos-en-origen\/#primaryimage"},"image":{"@id":"https:\/\/patagoniambiental.com.ar\/info\/bariloche-gobierno-presento-proyecto-de-obligatoriedad-de-separacion-de-residuos-en-origen\/#primaryimage"},"thumbnailUrl":"","datePublished":"2015-11-20T12:00:37+00:00","breadcrumb":{"@id":"https:\/\/patagoniambiental.com.ar\/info\/bariloche-gobierno-presento-proyecto-de-obligatoriedad-de-separacion-de-residuos-en-origen\/#breadcrumb"},"inLanguage":"es","potentialAction":[{"@type":"ReadAction","target":["https:\/\/patagoniambiental.com.ar\/info\/bariloche-gobierno-presento-proyecto-de-obligatoriedad-de-separacion-de-residuos-en-origen\/"]}]},{"@type":"ImageObject","inLanguage":"es","@id":"https:\/\/patagoniambiental.com.ar\/info\/bariloche-gobierno-presento-proyecto-de-obligatoriedad-de-separacion-de-residuos-en-origen\/#primaryimage","url":"","contentUrl":""},{"@type":"BreadcrumbList","@id":"https:\/\/patagoniambiental.com.ar\/info\/bariloche-gobierno-presento-proyecto-de-obligatoriedad-de-separacion-de-residuos-en-origen\/#breadcrumb","itemListElement":[{"@type":"ListItem","position":1,"name":"Inicio","item":"https:\/\/patagoniambiental.com.ar\/info\/"},{"@type":"ListItem","position":2,"name":"Bariloche: Gobierno present\u00f3 proyecto de obligatoriedad de separaci\u00f3n de residuos en origen"}]},{"@type":"WebSite","@id":"https:\/\/patagoniambiental.com.ar\/info\/#website","url":"https:\/\/patagoniambiental.com.ar\/info\/","name":"Patagonia Ambiental","description":"Monitoreo y an\u00e1lisis de la situaci\u00f3n geopol\u00edtica en el mundo y su implicancia en la Patagonia","publisher":{"@id":"https:\/\/patagoniambiental.com.ar\/info\/#organization"},"potentialAction":[{"@type":"SearchAction","target":{"@type":"EntryPoint","urlTemplate":"https:\/\/patagoniambiental.com.ar\/info\/?s={search_term_string}"},"query-input":{"@type":"PropertyValueSpecification","valueRequired":true,"valueName":"search_term_string"}}],"inLanguage":"es"},{"@type":"Organization","@id":"https:\/\/patagoniambiental.com.ar\/info\/#organization","name":"Patagonia Ambiental","url":"https:\/\/patagoniambiental.com.ar\/info\/","logo":{"@type":"ImageObject","inLanguage":"es","@id":"https:\/\/patagoniambiental.com.ar\/info\/#\/schema\/logo\/image\/","url":"https:\/\/patagoniambiental.com.ar\/info\/wp-content\/uploads\/2025\/05\/LOGO-PATAGONIA-AMBIENTAL.png","contentUrl":"https:\/\/patagoniambiental.com.ar\/info\/wp-content\/uploads\/2025\/05\/LOGO-PATAGONIA-AMBIENTAL.png","width":433,"height":250,"caption":"Patagonia Ambiental"},"image":{"@id":"https:\/\/patagoniambiental.com.ar\/info\/#\/schema\/logo\/image\/"},"sameAs":["https:\/\/www.facebook.com\/patagonia.ambiental","https:\/\/x.com\/PatAmb"]},{"@type":"Person","@id":"https:\/\/patagoniambiental.com.ar\/info\/#\/schema\/person\/db12bff64bbcbf6a253710bf0ea37b5d","name":"Patagonia Ambiental","description":"Andr\u00e9s Nievas T\u00e9cnico en manejo ambiental, consultor Ambiental y escritor para medios locales e internacionales sobre temas de geopolitica y medio ambiente.","sameAs":["http:\/\/www.patagoniambiental.com.ar","https:\/\/www.facebook.com\/share\/1C1V8Gv9BX\/?mibextid=qi2Omg","@patagoniambiental","https:\/\/youtube.com\/@patagoniaambiental2023?si=BLt58t0wuXquxlYZ"]}]}},"_links":{"self":[{"href":"https:\/\/patagoniambiental.com.ar\/info\/wp-json\/wp\/v2\/posts\/15172","targetHints":{"allow":["GET"]}}],"collection":[{"href":"https:\/\/patagoniambiental.com.ar\/info\/wp-json\/wp\/v2\/posts"}],"about":[{"href":"https:\/\/patagoniambiental.com.ar\/info\/wp-json\/wp\/v2\/types\/post"}],"author":[{"embeddable":true,"href":"https:\/\/patagoniambiental.com.ar\/info\/wp-json\/wp\/v2\/users\/2"}],"replies":[{"embeddable":true,"href":"https:\/\/patagoniambiental.com.ar\/info\/wp-json\/wp\/v2\/comments?post=15172"}],"version-history":[{"count":0,"href":"https:\/\/patagoniambiental.com.ar\/info\/wp-json\/wp\/v2\/posts\/15172\/revisions"}],"wp:featuredmedia":[{"embeddable":true,"href":"https:\/\/patagoniambiental.com.ar\/info\/wp-json\/"}],"wp:attachment":[{"href":"https:\/\/patagoniambiental.com.ar\/info\/wp-json\/wp\/v2\/media?parent=15172"}],"wp:term":[{"taxonomy":"category","embeddable":true,"href":"https:\/\/patagoniambiental.com.ar\/info\/wp-json\/wp\/v2\/categories?post=15172"},{"taxonomy":"post_tag","embeddable":true,"href":"https:\/\/patagoniambiental.com.ar\/info\/wp-json\/wp\/v2\/tags?post=15172"}],"curies":[{"name":"wp","href":"https:\/\/api.w.org\/{rel}","templated":true}]}}