{"id":15226,"date":"2015-11-24T09:00:34","date_gmt":"2015-11-24T12:00:34","guid":{"rendered":"http:\/\/patagoniambiental.com.ar\/?p=15226"},"modified":"2015-11-24T09:00:34","modified_gmt":"2015-11-24T12:00:34","slug":"cooperativa-electrica-de-neuquen-lanzo-campana-para-uso-racional-de-la-energia","status":"publish","type":"post","link":"https:\/\/patagoniambiental.com.ar\/info\/cooperativa-electrica-de-neuquen-lanzo-campana-para-uso-racional-de-la-energia\/","title":{"rendered":"Cooperativa el\u00e9ctrica de Neuquen lanz\u00f3 campa\u00f1a para uso racional de la energ\u00eda"},"content":{"rendered":"<p>La cooperativa el\u00e9ctrica CALF se lanz\u00f3 una campa\u00f1a para concientizar sobre el uso racional de la energ\u00eda.\u00a0<span style=\"line-height: 1.5;\">Es una iniciativa dispuesta por los integrantes del Consejo de Administraci\u00f3n, para\u00a0ayudar a los asociados y vecinos en la econom\u00eda hogare\u00f1a y tambi\u00e9n forma parte de la <\/span>campa\u00f1a de concientizaci\u00f3n<span style=\"line-height: 1.5;\"> para un <\/span>consumo racional y eficiente de la energ\u00eda el\u00e9ctrica<span style=\"line-height: 1.5;\">.<\/span><\/p>\n<p>La ciudad e\u00a0Neuqu\u00e9n creci\u00f3 en los \u00faltimos a\u00f1os y\u00a0la demanda de energ\u00eda actualmente supera la oferta, lo que hace que el sistema opere al l\u00edmite, fundamentalmente en la \u00e9poca estival. \u00a0En 2013 hubo 350 nuevos pedidos de factibilidad, es decir, solicitudes de servicio de electricidad. En 2014 se registraron 457 y en lo que va de este a\u00f1o ya se llevan computados 470. Se trata de nuevos emprendimientos que incluyen no s\u00f3lo a particulares, sino tambi\u00e9n a industrias, grandes edificios y distintos complejos habitacionales.<\/p>\n<p>Por este motivo, desde CALF se invita a los vecinos a participar de esta iniciativa para conocer el consumo el\u00e9ctrico de sus viviendas\u00a0a trav\u00e9s de un \u00a0<strong>SIMULADOR, <\/strong>el cual\u00a0mediante un simple click, pueden efectuar un c\u00e1lculo aproximado del consumo que realizan en su casa.<\/p>\n<p>Si queres sumarte ingresa a\u00a0www.cooperativacalf.com.ar\/consumo\/<\/p>\n","protected":false},"excerpt":{"rendered":"<p>La cooperativa el\u00e9ctrica CALF se lanz\u00f3 una campa\u00f1a para concientizar sobre el uso racional de la energ\u00eda.\u00a0Es una iniciativa dispuesta [&hellip;]<\/p>\n","protected":false},"author":2,"featured_media":15227,"comment_status":"closed","ping_status":"closed","sticky":false,"template":"","format":"standard","meta":{"site-sidebar-layout":"default","site-content-layout":"","ast-site-content-layout":"default","site-content-style":"default","site-sidebar-style":"default","ast-global-header-display":"","ast-banner-title-visibility":"","ast-main-header-display":"","ast-hfb-above-header-display":"","ast-hfb-below-header-display":"","ast-hfb-mobile-header-display":"","site-post-title":"","ast-breadcrumbs-content":"","ast-featured-img":"","footer-sml-layout":"","ast-disable-related-posts":"","theme-transparent-header-meta":"","adv-header-id-meta":"","stick-header-meta":"","header-above-stick-meta":"","header-main-stick-meta":"","header-below-stick-meta":"","astra-migrate-meta-layouts":"default","ast-page-background-enabled":"default","ast-page-background-meta":{"desktop":{"background-color":"var(--ast-global-color-5)","background-image":"","background-repeat":"repeat","background-position":"center center","background-size":"auto","background-attachment":"scroll","background-type":"","background-media":"","overlay-type":"","overlay-color":"","overlay-opacity":"","overlay-gradient":""},"tablet":{"background-color":"","background-image":"","background-repeat":"repeat","background-position":"center center","background-size":"auto","background-attachment":"scroll","background-type":"","background-media":"","overlay-type":"","overlay-color":"","overlay-opacity":"","overlay-gradient":""},"mobile":{"background-color":"","background-image":"","background-repeat":"repeat","background-position":"center center","background-size":"auto","background-attachment":"scroll","background-type":"","background-media":"","overlay-type":"","overlay-color":"","overlay-opacity":"","overlay-gradient":""}},"ast-content-background-meta":{"desktop":{"background-color":"var(--ast-global-color-4)","background-image":"","background-repeat":"repeat","background-position":"center center","background-size":"auto","background-attachment":"scroll","background-type":"","background-media":"","overlay-type":"","overlay-color":"","overlay-opacity":"","overlay-gradient":""},"tablet":{"background-color":"var(--ast-global-color-4)","background-image":"","background-repeat":"repeat","background-position":"center center","background-size":"auto","background-attachment":"scroll","background-type":"","background-media":"","overlay-type":"","overlay-color":"","overlay-opacity":"","overlay-gradient":""},"mobile":{"background-color":"var(--ast-global-color-4)","background-image":"","background-repeat":"repeat","background-position":"center center","background-size":"auto","background-attachment":"scroll","background-type":"","background-media":"","overlay-type":"","overlay-color":"","overlay-opacity":"","overlay-gradient":""}},"footnotes":""},"categories":[18,1,13],"tags":[],"class_list":["post-15226","post","type-post","status-publish","format-standard","has-post-thumbnail","hentry","category-neuquen","category-noticias","category-provinciales"],"yoast_head":"<!-- This site is optimized with the Yoast SEO Premium plugin v23.0 (Yoast SEO v27.5) - https:\/\/yoast.com\/product\/yoast-seo-premium-wordpress\/ -->\n<title>Cooperativa el\u00e9ctrica de Neuquen lanz\u00f3 campa\u00f1a para uso racional de la energ\u00eda<\/title>\n<meta name=\"robots\" content=\"index, follow, max-snippet:-1, max-image-preview:large, max-video-preview:-1\" \/>\n<link rel=\"canonical\" href=\"https:\/\/patagoniambiental.com.ar\/info\/cooperativa-electrica-de-neuquen-lanzo-campana-para-uso-racional-de-la-energia\/\" \/>\n<meta property=\"og:locale\" content=\"es_ES\" \/>\n<meta property=\"og:type\" content=\"article\" \/>\n<meta property=\"og:title\" content=\"Cooperativa el\u00e9ctrica de Neuquen lanz\u00f3 campa\u00f1a para uso racional de la energ\u00eda\" \/>\n<meta property=\"og:description\" content=\"La cooperativa el\u00e9ctrica CALF se lanz\u00f3 una campa\u00f1a para concientizar sobre el uso racional de la energ\u00eda.\u00a0Es una iniciativa dispuesta [&hellip;]\" \/>\n<meta property=\"og:url\" content=\"https:\/\/patagoniambiental.com.ar\/info\/cooperativa-electrica-de-neuquen-lanzo-campana-para-uso-racional-de-la-energia\/\" \/>\n<meta property=\"og:site_name\" content=\"Patagonia Ambiental\" \/>\n<meta property=\"article:publisher\" content=\"https:\/\/www.facebook.com\/patagonia.ambiental\" \/>\n<meta property=\"article:author\" content=\"https:\/\/www.facebook.com\/share\/1C1V8Gv9BX\/?mibextid=qi2Omg\" \/>\n<meta property=\"article:published_time\" content=\"2015-11-24T12:00:34+00:00\" \/>\n<meta name=\"author\" content=\"Patagonia Ambiental\" \/>\n<meta name=\"twitter:card\" content=\"summary_large_image\" \/>\n<meta name=\"twitter:creator\" content=\"@PatAmb\" \/>\n<meta name=\"twitter:site\" content=\"@PatAmb\" \/>\n<script type=\"application\/ld+json\" class=\"yoast-schema-graph\">{\"@context\":\"https:\\\/\\\/schema.org\",\"@graph\":[{\"@type\":\"Article\",\"@id\":\"https:\\\/\\\/patagoniambiental.com.ar\\\/info\\\/cooperativa-electrica-de-neuquen-lanzo-campana-para-uso-racional-de-la-energia\\\/#article\",\"isPartOf\":{\"@id\":\"https:\\\/\\\/patagoniambiental.com.ar\\\/info\\\/cooperativa-electrica-de-neuquen-lanzo-campana-para-uso-racional-de-la-energia\\\/\"},\"author\":{\"name\":\"Patagonia Ambiental\",\"@id\":\"https:\\\/\\\/patagoniambiental.com.ar\\\/info\\\/#\\\/schema\\\/person\\\/db12bff64bbcbf6a253710bf0ea37b5d\"},\"headline\":\"Cooperativa el\u00e9ctrica de Neuquen lanz\u00f3 campa\u00f1a para uso racional de la energ\u00eda\",\"datePublished\":\"2015-11-24T12:00:34+00:00\",\"mainEntityOfPage\":{\"@id\":\"https:\\\/\\\/patagoniambiental.com.ar\\\/info\\\/cooperativa-electrica-de-neuquen-lanzo-campana-para-uso-racional-de-la-energia\\\/\"},\"wordCount\":231,\"publisher\":{\"@id\":\"https:\\\/\\\/patagoniambiental.com.ar\\\/info\\\/#organization\"},\"image\":{\"@id\":\"https:\\\/\\\/patagoniambiental.com.ar\\\/info\\\/cooperativa-electrica-de-neuquen-lanzo-campana-para-uso-racional-de-la-energia\\\/#primaryimage\"},\"thumbnailUrl\":\"\",\"articleSection\":[\"Neuqu\u00e9n\",\"Noticias\",\"Provinciales\"],\"inLanguage\":\"es\"},{\"@type\":\"WebPage\",\"@id\":\"https:\\\/\\\/patagoniambiental.com.ar\\\/info\\\/cooperativa-electrica-de-neuquen-lanzo-campana-para-uso-racional-de-la-energia\\\/\",\"url\":\"https:\\\/\\\/patagoniambiental.com.ar\\\/info\\\/cooperativa-electrica-de-neuquen-lanzo-campana-para-uso-racional-de-la-energia\\\/\",\"name\":\"Cooperativa el\u00e9ctrica de Neuquen lanz\u00f3 campa\u00f1a para uso racional de la energ\u00eda\",\"isPartOf\":{\"@id\":\"https:\\\/\\\/patagoniambiental.com.ar\\\/info\\\/#website\"},\"primaryImageOfPage\":{\"@id\":\"https:\\\/\\\/patagoniambiental.com.ar\\\/info\\\/cooperativa-electrica-de-neuquen-lanzo-campana-para-uso-racional-de-la-energia\\\/#primaryimage\"},\"image\":{\"@id\":\"https:\\\/\\\/patagoniambiental.com.ar\\\/info\\\/cooperativa-electrica-de-neuquen-lanzo-campana-para-uso-racional-de-la-energia\\\/#primaryimage\"},\"thumbnailUrl\":\"\",\"datePublished\":\"2015-11-24T12:00:34+00:00\",\"breadcrumb\":{\"@id\":\"https:\\\/\\\/patagoniambiental.com.ar\\\/info\\\/cooperativa-electrica-de-neuquen-lanzo-campana-para-uso-racional-de-la-energia\\\/#breadcrumb\"},\"inLanguage\":\"es\",\"potentialAction\":[{\"@type\":\"ReadAction\",\"target\":[\"https:\\\/\\\/patagoniambiental.com.ar\\\/info\\\/cooperativa-electrica-de-neuquen-lanzo-campana-para-uso-racional-de-la-energia\\\/\"]}]},{\"@type\":\"ImageObject\",\"inLanguage\":\"es\",\"@id\":\"https:\\\/\\\/patagoniambiental.com.ar\\\/info\\\/cooperativa-electrica-de-neuquen-lanzo-campana-para-uso-racional-de-la-energia\\\/#primaryimage\",\"url\":\"\",\"contentUrl\":\"\"},{\"@type\":\"BreadcrumbList\",\"@id\":\"https:\\\/\\\/patagoniambiental.com.ar\\\/info\\\/cooperativa-electrica-de-neuquen-lanzo-campana-para-uso-racional-de-la-energia\\\/#breadcrumb\",\"itemListElement\":[{\"@type\":\"ListItem\",\"position\":1,\"name\":\"Inicio\",\"item\":\"https:\\\/\\\/patagoniambiental.com.ar\\\/info\\\/\"},{\"@type\":\"ListItem\",\"position\":2,\"name\":\"Cooperativa el\u00e9ctrica de Neuquen lanz\u00f3 campa\u00f1a para uso racional de la energ\u00eda\"}]},{\"@type\":\"WebSite\",\"@id\":\"https:\\\/\\\/patagoniambiental.com.ar\\\/info\\\/#website\",\"url\":\"https:\\\/\\\/patagoniambiental.com.ar\\\/info\\\/\",\"name\":\"Patagonia Ambiental\",\"description\":\"Monitoreo y an\u00e1lisis de la situaci\u00f3n geopol\u00edtica en el mundo y su implicancia en la Patagonia\",\"publisher\":{\"@id\":\"https:\\\/\\\/patagoniambiental.com.ar\\\/info\\\/#organization\"},\"potentialAction\":[{\"@type\":\"SearchAction\",\"target\":{\"@type\":\"EntryPoint\",\"urlTemplate\":\"https:\\\/\\\/patagoniambiental.com.ar\\\/info\\\/?s={search_term_string}\"},\"query-input\":{\"@type\":\"PropertyValueSpecification\",\"valueRequired\":true,\"valueName\":\"search_term_string\"}}],\"inLanguage\":\"es\"},{\"@type\":\"Organization\",\"@id\":\"https:\\\/\\\/patagoniambiental.com.ar\\\/info\\\/#organization\",\"name\":\"Patagonia Ambiental\",\"url\":\"https:\\\/\\\/patagoniambiental.com.ar\\\/info\\\/\",\"logo\":{\"@type\":\"ImageObject\",\"inLanguage\":\"es\",\"@id\":\"https:\\\/\\\/patagoniambiental.com.ar\\\/info\\\/#\\\/schema\\\/logo\\\/image\\\/\",\"url\":\"https:\\\/\\\/patagoniambiental.com.ar\\\/info\\\/wp-content\\\/uploads\\\/2025\\\/05\\\/LOGO-PATAGONIA-AMBIENTAL.png\",\"contentUrl\":\"https:\\\/\\\/patagoniambiental.com.ar\\\/info\\\/wp-content\\\/uploads\\\/2025\\\/05\\\/LOGO-PATAGONIA-AMBIENTAL.png\",\"width\":433,\"height\":250,\"caption\":\"Patagonia Ambiental\"},\"image\":{\"@id\":\"https:\\\/\\\/patagoniambiental.com.ar\\\/info\\\/#\\\/schema\\\/logo\\\/image\\\/\"},\"sameAs\":[\"https:\\\/\\\/www.facebook.com\\\/patagonia.ambiental\",\"https:\\\/\\\/x.com\\\/PatAmb\"]},{\"@type\":\"Person\",\"@id\":\"https:\\\/\\\/patagoniambiental.com.ar\\\/info\\\/#\\\/schema\\\/person\\\/db12bff64bbcbf6a253710bf0ea37b5d\",\"name\":\"Patagonia Ambiental\",\"description\":\"Andr\u00e9s Nievas T\u00e9cnico en manejo ambiental, consultor Ambiental y escritor para medios locales e internacionales sobre temas de geopolitica y medio ambiente.\",\"sameAs\":[\"http:\\\/\\\/www.patagoniambiental.com.ar\",\"https:\\\/\\\/www.facebook.com\\\/share\\\/1C1V8Gv9BX\\\/?mibextid=qi2Omg\",\"@patagoniambiental\",\"https:\\\/\\\/youtube.com\\\/@patagoniaambiental2023?si=BLt58t0wuXquxlYZ\"]}]}<\/script>\n<!-- \/ Yoast SEO Premium plugin. -->","yoast_head_json":{"title":"Cooperativa el\u00e9ctrica de Neuquen lanz\u00f3 campa\u00f1a para uso racional de la energ\u00eda","robots":{"index":"index","follow":"follow","max-snippet":"max-snippet:-1","max-image-preview":"max-image-preview:large","max-video-preview":"max-video-preview:-1"},"canonical":"https:\/\/patagoniambiental.com.ar\/info\/cooperativa-electrica-de-neuquen-lanzo-campana-para-uso-racional-de-la-energia\/","og_locale":"es_ES","og_type":"article","og_title":"Cooperativa el\u00e9ctrica de Neuquen lanz\u00f3 campa\u00f1a para uso racional de la energ\u00eda","og_description":"La cooperativa el\u00e9ctrica CALF se lanz\u00f3 una campa\u00f1a para concientizar sobre el uso racional de la energ\u00eda.\u00a0Es una iniciativa dispuesta [&hellip;]","og_url":"https:\/\/patagoniambiental.com.ar\/info\/cooperativa-electrica-de-neuquen-lanzo-campana-para-uso-racional-de-la-energia\/","og_site_name":"Patagonia Ambiental","article_publisher":"https:\/\/www.facebook.com\/patagonia.ambiental","article_author":"https:\/\/www.facebook.com\/share\/1C1V8Gv9BX\/?mibextid=qi2Omg","article_published_time":"2015-11-24T12:00:34+00:00","author":"Patagonia Ambiental","twitter_card":"summary_large_image","twitter_creator":"@PatAmb","twitter_site":"@PatAmb","schema":{"@context":"https:\/\/schema.org","@graph":[{"@type":"Article","@id":"https:\/\/patagoniambiental.com.ar\/info\/cooperativa-electrica-de-neuquen-lanzo-campana-para-uso-racional-de-la-energia\/#article","isPartOf":{"@id":"https:\/\/patagoniambiental.com.ar\/info\/cooperativa-electrica-de-neuquen-lanzo-campana-para-uso-racional-de-la-energia\/"},"author":{"name":"Patagonia Ambiental","@id":"https:\/\/patagoniambiental.com.ar\/info\/#\/schema\/person\/db12bff64bbcbf6a253710bf0ea37b5d"},"headline":"Cooperativa el\u00e9ctrica de Neuquen lanz\u00f3 campa\u00f1a para uso racional de la energ\u00eda","datePublished":"2015-11-24T12:00:34+00:00","mainEntityOfPage":{"@id":"https:\/\/patagoniambiental.com.ar\/info\/cooperativa-electrica-de-neuquen-lanzo-campana-para-uso-racional-de-la-energia\/"},"wordCount":231,"publisher":{"@id":"https:\/\/patagoniambiental.com.ar\/info\/#organization"},"image":{"@id":"https:\/\/patagoniambiental.com.ar\/info\/cooperativa-electrica-de-neuquen-lanzo-campana-para-uso-racional-de-la-energia\/#primaryimage"},"thumbnailUrl":"","articleSection":["Neuqu\u00e9n","Noticias","Provinciales"],"inLanguage":"es"},{"@type":"WebPage","@id":"https:\/\/patagoniambiental.com.ar\/info\/cooperativa-electrica-de-neuquen-lanzo-campana-para-uso-racional-de-la-energia\/","url":"https:\/\/patagoniambiental.com.ar\/info\/cooperativa-electrica-de-neuquen-lanzo-campana-para-uso-racional-de-la-energia\/","name":"Cooperativa el\u00e9ctrica de Neuquen lanz\u00f3 campa\u00f1a para uso racional de la energ\u00eda","isPartOf":{"@id":"https:\/\/patagoniambiental.com.ar\/info\/#website"},"primaryImageOfPage":{"@id":"https:\/\/patagoniambiental.com.ar\/info\/cooperativa-electrica-de-neuquen-lanzo-campana-para-uso-racional-de-la-energia\/#primaryimage"},"image":{"@id":"https:\/\/patagoniambiental.com.ar\/info\/cooperativa-electrica-de-neuquen-lanzo-campana-para-uso-racional-de-la-energia\/#primaryimage"},"thumbnailUrl":"","datePublished":"2015-11-24T12:00:34+00:00","breadcrumb":{"@id":"https:\/\/patagoniambiental.com.ar\/info\/cooperativa-electrica-de-neuquen-lanzo-campana-para-uso-racional-de-la-energia\/#breadcrumb"},"inLanguage":"es","potentialAction":[{"@type":"ReadAction","target":["https:\/\/patagoniambiental.com.ar\/info\/cooperativa-electrica-de-neuquen-lanzo-campana-para-uso-racional-de-la-energia\/"]}]},{"@type":"ImageObject","inLanguage":"es","@id":"https:\/\/patagoniambiental.com.ar\/info\/cooperativa-electrica-de-neuquen-lanzo-campana-para-uso-racional-de-la-energia\/#primaryimage","url":"","contentUrl":""},{"@type":"BreadcrumbList","@id":"https:\/\/patagoniambiental.com.ar\/info\/cooperativa-electrica-de-neuquen-lanzo-campana-para-uso-racional-de-la-energia\/#breadcrumb","itemListElement":[{"@type":"ListItem","position":1,"name":"Inicio","item":"https:\/\/patagoniambiental.com.ar\/info\/"},{"@type":"ListItem","position":2,"name":"Cooperativa el\u00e9ctrica de Neuquen lanz\u00f3 campa\u00f1a para uso racional de la energ\u00eda"}]},{"@type":"WebSite","@id":"https:\/\/patagoniambiental.com.ar\/info\/#website","url":"https:\/\/patagoniambiental.com.ar\/info\/","name":"Patagonia Ambiental","description":"Monitoreo y an\u00e1lisis de la situaci\u00f3n geopol\u00edtica en el mundo y su implicancia en la Patagonia","publisher":{"@id":"https:\/\/patagoniambiental.com.ar\/info\/#organization"},"potentialAction":[{"@type":"SearchAction","target":{"@type":"EntryPoint","urlTemplate":"https:\/\/patagoniambiental.com.ar\/info\/?s={search_term_string}"},"query-input":{"@type":"PropertyValueSpecification","valueRequired":true,"valueName":"search_term_string"}}],"inLanguage":"es"},{"@type":"Organization","@id":"https:\/\/patagoniambiental.com.ar\/info\/#organization","name":"Patagonia Ambiental","url":"https:\/\/patagoniambiental.com.ar\/info\/","logo":{"@type":"ImageObject","inLanguage":"es","@id":"https:\/\/patagoniambiental.com.ar\/info\/#\/schema\/logo\/image\/","url":"https:\/\/patagoniambiental.com.ar\/info\/wp-content\/uploads\/2025\/05\/LOGO-PATAGONIA-AMBIENTAL.png","contentUrl":"https:\/\/patagoniambiental.com.ar\/info\/wp-content\/uploads\/2025\/05\/LOGO-PATAGONIA-AMBIENTAL.png","width":433,"height":250,"caption":"Patagonia Ambiental"},"image":{"@id":"https:\/\/patagoniambiental.com.ar\/info\/#\/schema\/logo\/image\/"},"sameAs":["https:\/\/www.facebook.com\/patagonia.ambiental","https:\/\/x.com\/PatAmb"]},{"@type":"Person","@id":"https:\/\/patagoniambiental.com.ar\/info\/#\/schema\/person\/db12bff64bbcbf6a253710bf0ea37b5d","name":"Patagonia Ambiental","description":"Andr\u00e9s Nievas T\u00e9cnico en manejo ambiental, consultor Ambiental y escritor para medios locales e internacionales sobre temas de geopolitica y medio ambiente.","sameAs":["http:\/\/www.patagoniambiental.com.ar","https:\/\/www.facebook.com\/share\/1C1V8Gv9BX\/?mibextid=qi2Omg","@patagoniambiental","https:\/\/youtube.com\/@patagoniaambiental2023?si=BLt58t0wuXquxlYZ"]}]}},"_links":{"self":[{"href":"https:\/\/patagoniambiental.com.ar\/info\/wp-json\/wp\/v2\/posts\/15226","targetHints":{"allow":["GET"]}}],"collection":[{"href":"https:\/\/patagoniambiental.com.ar\/info\/wp-json\/wp\/v2\/posts"}],"about":[{"href":"https:\/\/patagoniambiental.com.ar\/info\/wp-json\/wp\/v2\/types\/post"}],"author":[{"embeddable":true,"href":"https:\/\/patagoniambiental.com.ar\/info\/wp-json\/wp\/v2\/users\/2"}],"replies":[{"embeddable":true,"href":"https:\/\/patagoniambiental.com.ar\/info\/wp-json\/wp\/v2\/comments?post=15226"}],"version-history":[{"count":0,"href":"https:\/\/patagoniambiental.com.ar\/info\/wp-json\/wp\/v2\/posts\/15226\/revisions"}],"wp:featuredmedia":[{"embeddable":true,"href":"https:\/\/patagoniambiental.com.ar\/info\/wp-json\/"}],"wp:attachment":[{"href":"https:\/\/patagoniambiental.com.ar\/info\/wp-json\/wp\/v2\/media?parent=15226"}],"wp:term":[{"taxonomy":"category","embeddable":true,"href":"https:\/\/patagoniambiental.com.ar\/info\/wp-json\/wp\/v2\/categories?post=15226"},{"taxonomy":"post_tag","embeddable":true,"href":"https:\/\/patagoniambiental.com.ar\/info\/wp-json\/wp\/v2\/tags?post=15226"}],"curies":[{"name":"wp","href":"https:\/\/api.w.org\/{rel}","templated":true}]}}