{"id":15229,"date":"2015-11-24T09:00:35","date_gmt":"2015-11-24T12:00:35","guid":{"rendered":"http:\/\/patagoniambiental.com.ar\/?p=15229"},"modified":"2015-11-24T09:00:35","modified_gmt":"2015-11-24T12:00:35","slug":"se-podra-ver-los-datos-de-la-estacion-meteorologica-en-el-sitio-oficial-del-municipio-de-centenario","status":"publish","type":"post","link":"https:\/\/patagoniambiental.com.ar\/info\/se-podra-ver-los-datos-de-la-estacion-meteorologica-en-el-sitio-oficial-del-municipio-de-centenario\/","title":{"rendered":"Datos de la estaci\u00f3n meteorol\u00f3gica en tiempo real en la web del Municipio de Centenario"},"content":{"rendered":"<p>En poco tiempo m\u00e1s, la estaci\u00f3n meteorol\u00f3gica del Municipio de Centenario podr\u00e1 difundir los datos del clima a trav\u00e9s del sitio de internet oficial -www.centenario.gov.ar, como un servicio a la comunidad y especialmente a los productores de la zona. La estaci\u00f3n est\u00e1 ubicada en la chacra municipal y si bien funciona hace m\u00e1s de dos a\u00f1os, ahora estar\u00e1 conectada en tiempo real al sistema de la p\u00e1gina, para tomar todos los datos que ser\u00e1n actualizados cada 10 segundos.<\/p>\n<p>\u201cEmpezamos a trabajar con Defensa Civil, la estaci\u00f3n arroja datos del temperatura, humedad, velocidad del viento y se actualiza en poco tiempo. Ser\u00eda bueno que la AIC (Autoridad Interjurisdiccional de Cuencas) pueda tomar los datos de esta estaci\u00f3n, para que la incorporen a sus datos\u201d, dijo Orlando Bertoldi, director de Producci\u00f3n de la comuna.<\/p>\n<p>Si bien la estaci\u00f3n ofrecer\u00e1 datos del clima para toda la comunidad, ser\u00e1 un servicio especial para los productores. No s\u00f3lo arrojar\u00e1 los datos en tiempo real sino que tendr\u00e1 un archivo de registros clim\u00e1ticos a disposici\u00f3n, tanto como para los productores o estudiantes de Agronom\u00eda.<\/p>\n","protected":false},"excerpt":{"rendered":"<p>En poco tiempo m\u00e1s, la estaci\u00f3n meteorol\u00f3gica del Municipio de Centenario podr\u00e1 difundir los datos del clima a trav\u00e9s del [&hellip;]<\/p>\n","protected":false},"author":2,"featured_media":15230,"comment_status":"closed","ping_status":"closed","sticky":false,"template":"","format":"standard","meta":{"site-sidebar-layout":"default","site-content-layout":"","ast-site-content-layout":"default","site-content-style":"default","site-sidebar-style":"default","ast-global-header-display":"","ast-banner-title-visibility":"","ast-main-header-display":"","ast-hfb-above-header-display":"","ast-hfb-below-header-display":"","ast-hfb-mobile-header-display":"","site-post-title":"","ast-breadcrumbs-content":"","ast-featured-img":"","footer-sml-layout":"","ast-disable-related-posts":"","theme-transparent-header-meta":"","adv-header-id-meta":"","stick-header-meta":"","header-above-stick-meta":"","header-main-stick-meta":"","header-below-stick-meta":"","astra-migrate-meta-layouts":"default","ast-page-background-enabled":"default","ast-page-background-meta":{"desktop":{"background-color":"var(--ast-global-color-5)","background-image":"","background-repeat":"repeat","background-position":"center center","background-size":"auto","background-attachment":"scroll","background-type":"","background-media":"","overlay-type":"","overlay-color":"","overlay-opacity":"","overlay-gradient":""},"tablet":{"background-color":"","background-image":"","background-repeat":"repeat","background-position":"center center","background-size":"auto","background-attachment":"scroll","background-type":"","background-media":"","overlay-type":"","overlay-color":"","overlay-opacity":"","overlay-gradient":""},"mobile":{"background-color":"","background-image":"","background-repeat":"repeat","background-position":"center center","background-size":"auto","background-attachment":"scroll","background-type":"","background-media":"","overlay-type":"","overlay-color":"","overlay-opacity":"","overlay-gradient":""}},"ast-content-background-meta":{"desktop":{"background-color":"var(--ast-global-color-4)","background-image":"","background-repeat":"repeat","background-position":"center center","background-size":"auto","background-attachment":"scroll","background-type":"","background-media":"","overlay-type":"","overlay-color":"","overlay-opacity":"","overlay-gradient":""},"tablet":{"background-color":"var(--ast-global-color-4)","background-image":"","background-repeat":"repeat","background-position":"center center","background-size":"auto","background-attachment":"scroll","background-type":"","background-media":"","overlay-type":"","overlay-color":"","overlay-opacity":"","overlay-gradient":""},"mobile":{"background-color":"var(--ast-global-color-4)","background-image":"","background-repeat":"repeat","background-position":"center center","background-size":"auto","background-attachment":"scroll","background-type":"","background-media":"","overlay-type":"","overlay-color":"","overlay-opacity":"","overlay-gradient":""}},"footnotes":""},"categories":[1],"tags":[],"class_list":["post-15229","post","type-post","status-publish","format-standard","has-post-thumbnail","hentry","category-noticias"],"yoast_head":"<!-- This site is optimized with the Yoast SEO Premium plugin v23.0 (Yoast SEO v27.5) - https:\/\/yoast.com\/product\/yoast-seo-premium-wordpress\/ -->\n<title>Datos de la estaci\u00f3n meteorol\u00f3gica en tiempo real en la web del Municipio de Centenario<\/title>\n<meta name=\"robots\" content=\"index, follow, max-snippet:-1, max-image-preview:large, max-video-preview:-1\" \/>\n<link rel=\"canonical\" href=\"https:\/\/patagoniambiental.com.ar\/info\/se-podra-ver-los-datos-de-la-estacion-meteorologica-en-el-sitio-oficial-del-municipio-de-centenario\/\" \/>\n<meta property=\"og:locale\" content=\"es_ES\" \/>\n<meta property=\"og:type\" content=\"article\" \/>\n<meta property=\"og:title\" content=\"Datos de la estaci\u00f3n meteorol\u00f3gica en tiempo real en la web del Municipio de Centenario\" \/>\n<meta property=\"og:description\" content=\"En poco tiempo m\u00e1s, la estaci\u00f3n meteorol\u00f3gica del Municipio de Centenario podr\u00e1 difundir los datos del clima a trav\u00e9s del [&hellip;]\" \/>\n<meta property=\"og:url\" content=\"https:\/\/patagoniambiental.com.ar\/info\/se-podra-ver-los-datos-de-la-estacion-meteorologica-en-el-sitio-oficial-del-municipio-de-centenario\/\" \/>\n<meta property=\"og:site_name\" content=\"Patagonia Ambiental\" \/>\n<meta property=\"article:publisher\" content=\"https:\/\/www.facebook.com\/patagonia.ambiental\" \/>\n<meta property=\"article:author\" content=\"https:\/\/www.facebook.com\/share\/1C1V8Gv9BX\/?mibextid=qi2Omg\" \/>\n<meta property=\"article:published_time\" content=\"2015-11-24T12:00:35+00:00\" \/>\n<meta name=\"author\" content=\"Patagonia Ambiental\" \/>\n<meta name=\"twitter:card\" content=\"summary_large_image\" \/>\n<meta name=\"twitter:creator\" content=\"@PatAmb\" \/>\n<meta name=\"twitter:site\" content=\"@PatAmb\" \/>\n<script type=\"application\/ld+json\" class=\"yoast-schema-graph\">{\"@context\":\"https:\\\/\\\/schema.org\",\"@graph\":[{\"@type\":\"Article\",\"@id\":\"https:\\\/\\\/patagoniambiental.com.ar\\\/info\\\/se-podra-ver-los-datos-de-la-estacion-meteorologica-en-el-sitio-oficial-del-municipio-de-centenario\\\/#article\",\"isPartOf\":{\"@id\":\"https:\\\/\\\/patagoniambiental.com.ar\\\/info\\\/se-podra-ver-los-datos-de-la-estacion-meteorologica-en-el-sitio-oficial-del-municipio-de-centenario\\\/\"},\"author\":{\"name\":\"Patagonia Ambiental\",\"@id\":\"https:\\\/\\\/patagoniambiental.com.ar\\\/info\\\/#\\\/schema\\\/person\\\/db12bff64bbcbf6a253710bf0ea37b5d\"},\"headline\":\"Datos de la estaci\u00f3n meteorol\u00f3gica en tiempo real en la web del Municipio de Centenario\",\"datePublished\":\"2015-11-24T12:00:35+00:00\",\"mainEntityOfPage\":{\"@id\":\"https:\\\/\\\/patagoniambiental.com.ar\\\/info\\\/se-podra-ver-los-datos-de-la-estacion-meteorologica-en-el-sitio-oficial-del-municipio-de-centenario\\\/\"},\"wordCount\":215,\"publisher\":{\"@id\":\"https:\\\/\\\/patagoniambiental.com.ar\\\/info\\\/#organization\"},\"image\":{\"@id\":\"https:\\\/\\\/patagoniambiental.com.ar\\\/info\\\/se-podra-ver-los-datos-de-la-estacion-meteorologica-en-el-sitio-oficial-del-municipio-de-centenario\\\/#primaryimage\"},\"thumbnailUrl\":\"\",\"articleSection\":[\"Noticias\"],\"inLanguage\":\"es\"},{\"@type\":\"WebPage\",\"@id\":\"https:\\\/\\\/patagoniambiental.com.ar\\\/info\\\/se-podra-ver-los-datos-de-la-estacion-meteorologica-en-el-sitio-oficial-del-municipio-de-centenario\\\/\",\"url\":\"https:\\\/\\\/patagoniambiental.com.ar\\\/info\\\/se-podra-ver-los-datos-de-la-estacion-meteorologica-en-el-sitio-oficial-del-municipio-de-centenario\\\/\",\"name\":\"Datos de la estaci\u00f3n meteorol\u00f3gica en tiempo real en la web del Municipio de Centenario\",\"isPartOf\":{\"@id\":\"https:\\\/\\\/patagoniambiental.com.ar\\\/info\\\/#website\"},\"primaryImageOfPage\":{\"@id\":\"https:\\\/\\\/patagoniambiental.com.ar\\\/info\\\/se-podra-ver-los-datos-de-la-estacion-meteorologica-en-el-sitio-oficial-del-municipio-de-centenario\\\/#primaryimage\"},\"image\":{\"@id\":\"https:\\\/\\\/patagoniambiental.com.ar\\\/info\\\/se-podra-ver-los-datos-de-la-estacion-meteorologica-en-el-sitio-oficial-del-municipio-de-centenario\\\/#primaryimage\"},\"thumbnailUrl\":\"\",\"datePublished\":\"2015-11-24T12:00:35+00:00\",\"breadcrumb\":{\"@id\":\"https:\\\/\\\/patagoniambiental.com.ar\\\/info\\\/se-podra-ver-los-datos-de-la-estacion-meteorologica-en-el-sitio-oficial-del-municipio-de-centenario\\\/#breadcrumb\"},\"inLanguage\":\"es\",\"potentialAction\":[{\"@type\":\"ReadAction\",\"target\":[\"https:\\\/\\\/patagoniambiental.com.ar\\\/info\\\/se-podra-ver-los-datos-de-la-estacion-meteorologica-en-el-sitio-oficial-del-municipio-de-centenario\\\/\"]}]},{\"@type\":\"ImageObject\",\"inLanguage\":\"es\",\"@id\":\"https:\\\/\\\/patagoniambiental.com.ar\\\/info\\\/se-podra-ver-los-datos-de-la-estacion-meteorologica-en-el-sitio-oficial-del-municipio-de-centenario\\\/#primaryimage\",\"url\":\"\",\"contentUrl\":\"\"},{\"@type\":\"BreadcrumbList\",\"@id\":\"https:\\\/\\\/patagoniambiental.com.ar\\\/info\\\/se-podra-ver-los-datos-de-la-estacion-meteorologica-en-el-sitio-oficial-del-municipio-de-centenario\\\/#breadcrumb\",\"itemListElement\":[{\"@type\":\"ListItem\",\"position\":1,\"name\":\"Inicio\",\"item\":\"https:\\\/\\\/patagoniambiental.com.ar\\\/info\\\/\"},{\"@type\":\"ListItem\",\"position\":2,\"name\":\"Datos de la estaci\u00f3n meteorol\u00f3gica en tiempo real en la web del Municipio de Centenario\"}]},{\"@type\":\"WebSite\",\"@id\":\"https:\\\/\\\/patagoniambiental.com.ar\\\/info\\\/#website\",\"url\":\"https:\\\/\\\/patagoniambiental.com.ar\\\/info\\\/\",\"name\":\"Patagonia Ambiental\",\"description\":\"Monitoreo y an\u00e1lisis de la situaci\u00f3n geopol\u00edtica en el mundo y su implicancia en la Patagonia\",\"publisher\":{\"@id\":\"https:\\\/\\\/patagoniambiental.com.ar\\\/info\\\/#organization\"},\"potentialAction\":[{\"@type\":\"SearchAction\",\"target\":{\"@type\":\"EntryPoint\",\"urlTemplate\":\"https:\\\/\\\/patagoniambiental.com.ar\\\/info\\\/?s={search_term_string}\"},\"query-input\":{\"@type\":\"PropertyValueSpecification\",\"valueRequired\":true,\"valueName\":\"search_term_string\"}}],\"inLanguage\":\"es\"},{\"@type\":\"Organization\",\"@id\":\"https:\\\/\\\/patagoniambiental.com.ar\\\/info\\\/#organization\",\"name\":\"Patagonia Ambiental\",\"url\":\"https:\\\/\\\/patagoniambiental.com.ar\\\/info\\\/\",\"logo\":{\"@type\":\"ImageObject\",\"inLanguage\":\"es\",\"@id\":\"https:\\\/\\\/patagoniambiental.com.ar\\\/info\\\/#\\\/schema\\\/logo\\\/image\\\/\",\"url\":\"https:\\\/\\\/patagoniambiental.com.ar\\\/info\\\/wp-content\\\/uploads\\\/2025\\\/05\\\/LOGO-PATAGONIA-AMBIENTAL.png\",\"contentUrl\":\"https:\\\/\\\/patagoniambiental.com.ar\\\/info\\\/wp-content\\\/uploads\\\/2025\\\/05\\\/LOGO-PATAGONIA-AMBIENTAL.png\",\"width\":433,\"height\":250,\"caption\":\"Patagonia Ambiental\"},\"image\":{\"@id\":\"https:\\\/\\\/patagoniambiental.com.ar\\\/info\\\/#\\\/schema\\\/logo\\\/image\\\/\"},\"sameAs\":[\"https:\\\/\\\/www.facebook.com\\\/patagonia.ambiental\",\"https:\\\/\\\/x.com\\\/PatAmb\"]},{\"@type\":\"Person\",\"@id\":\"https:\\\/\\\/patagoniambiental.com.ar\\\/info\\\/#\\\/schema\\\/person\\\/db12bff64bbcbf6a253710bf0ea37b5d\",\"name\":\"Patagonia Ambiental\",\"description\":\"Andr\u00e9s Nievas T\u00e9cnico en manejo ambiental, consultor Ambiental y escritor para medios locales e internacionales sobre temas de geopolitica y medio ambiente.\",\"sameAs\":[\"http:\\\/\\\/www.patagoniambiental.com.ar\",\"https:\\\/\\\/www.facebook.com\\\/share\\\/1C1V8Gv9BX\\\/?mibextid=qi2Omg\",\"@patagoniambiental\",\"https:\\\/\\\/youtube.com\\\/@patagoniaambiental2023?si=BLt58t0wuXquxlYZ\"]}]}<\/script>\n<!-- \/ Yoast SEO Premium plugin. -->","yoast_head_json":{"title":"Datos de la estaci\u00f3n meteorol\u00f3gica en tiempo real en la web del Municipio de Centenario","robots":{"index":"index","follow":"follow","max-snippet":"max-snippet:-1","max-image-preview":"max-image-preview:large","max-video-preview":"max-video-preview:-1"},"canonical":"https:\/\/patagoniambiental.com.ar\/info\/se-podra-ver-los-datos-de-la-estacion-meteorologica-en-el-sitio-oficial-del-municipio-de-centenario\/","og_locale":"es_ES","og_type":"article","og_title":"Datos de la estaci\u00f3n meteorol\u00f3gica en tiempo real en la web del Municipio de Centenario","og_description":"En poco tiempo m\u00e1s, la estaci\u00f3n meteorol\u00f3gica del Municipio de Centenario podr\u00e1 difundir los datos del clima a trav\u00e9s del [&hellip;]","og_url":"https:\/\/patagoniambiental.com.ar\/info\/se-podra-ver-los-datos-de-la-estacion-meteorologica-en-el-sitio-oficial-del-municipio-de-centenario\/","og_site_name":"Patagonia Ambiental","article_publisher":"https:\/\/www.facebook.com\/patagonia.ambiental","article_author":"https:\/\/www.facebook.com\/share\/1C1V8Gv9BX\/?mibextid=qi2Omg","article_published_time":"2015-11-24T12:00:35+00:00","author":"Patagonia Ambiental","twitter_card":"summary_large_image","twitter_creator":"@PatAmb","twitter_site":"@PatAmb","schema":{"@context":"https:\/\/schema.org","@graph":[{"@type":"Article","@id":"https:\/\/patagoniambiental.com.ar\/info\/se-podra-ver-los-datos-de-la-estacion-meteorologica-en-el-sitio-oficial-del-municipio-de-centenario\/#article","isPartOf":{"@id":"https:\/\/patagoniambiental.com.ar\/info\/se-podra-ver-los-datos-de-la-estacion-meteorologica-en-el-sitio-oficial-del-municipio-de-centenario\/"},"author":{"name":"Patagonia Ambiental","@id":"https:\/\/patagoniambiental.com.ar\/info\/#\/schema\/person\/db12bff64bbcbf6a253710bf0ea37b5d"},"headline":"Datos de la estaci\u00f3n meteorol\u00f3gica en tiempo real en la web del Municipio de Centenario","datePublished":"2015-11-24T12:00:35+00:00","mainEntityOfPage":{"@id":"https:\/\/patagoniambiental.com.ar\/info\/se-podra-ver-los-datos-de-la-estacion-meteorologica-en-el-sitio-oficial-del-municipio-de-centenario\/"},"wordCount":215,"publisher":{"@id":"https:\/\/patagoniambiental.com.ar\/info\/#organization"},"image":{"@id":"https:\/\/patagoniambiental.com.ar\/info\/se-podra-ver-los-datos-de-la-estacion-meteorologica-en-el-sitio-oficial-del-municipio-de-centenario\/#primaryimage"},"thumbnailUrl":"","articleSection":["Noticias"],"inLanguage":"es"},{"@type":"WebPage","@id":"https:\/\/patagoniambiental.com.ar\/info\/se-podra-ver-los-datos-de-la-estacion-meteorologica-en-el-sitio-oficial-del-municipio-de-centenario\/","url":"https:\/\/patagoniambiental.com.ar\/info\/se-podra-ver-los-datos-de-la-estacion-meteorologica-en-el-sitio-oficial-del-municipio-de-centenario\/","name":"Datos de la estaci\u00f3n meteorol\u00f3gica en tiempo real en la web del Municipio de Centenario","isPartOf":{"@id":"https:\/\/patagoniambiental.com.ar\/info\/#website"},"primaryImageOfPage":{"@id":"https:\/\/patagoniambiental.com.ar\/info\/se-podra-ver-los-datos-de-la-estacion-meteorologica-en-el-sitio-oficial-del-municipio-de-centenario\/#primaryimage"},"image":{"@id":"https:\/\/patagoniambiental.com.ar\/info\/se-podra-ver-los-datos-de-la-estacion-meteorologica-en-el-sitio-oficial-del-municipio-de-centenario\/#primaryimage"},"thumbnailUrl":"","datePublished":"2015-11-24T12:00:35+00:00","breadcrumb":{"@id":"https:\/\/patagoniambiental.com.ar\/info\/se-podra-ver-los-datos-de-la-estacion-meteorologica-en-el-sitio-oficial-del-municipio-de-centenario\/#breadcrumb"},"inLanguage":"es","potentialAction":[{"@type":"ReadAction","target":["https:\/\/patagoniambiental.com.ar\/info\/se-podra-ver-los-datos-de-la-estacion-meteorologica-en-el-sitio-oficial-del-municipio-de-centenario\/"]}]},{"@type":"ImageObject","inLanguage":"es","@id":"https:\/\/patagoniambiental.com.ar\/info\/se-podra-ver-los-datos-de-la-estacion-meteorologica-en-el-sitio-oficial-del-municipio-de-centenario\/#primaryimage","url":"","contentUrl":""},{"@type":"BreadcrumbList","@id":"https:\/\/patagoniambiental.com.ar\/info\/se-podra-ver-los-datos-de-la-estacion-meteorologica-en-el-sitio-oficial-del-municipio-de-centenario\/#breadcrumb","itemListElement":[{"@type":"ListItem","position":1,"name":"Inicio","item":"https:\/\/patagoniambiental.com.ar\/info\/"},{"@type":"ListItem","position":2,"name":"Datos de la estaci\u00f3n meteorol\u00f3gica en tiempo real en la web del Municipio de Centenario"}]},{"@type":"WebSite","@id":"https:\/\/patagoniambiental.com.ar\/info\/#website","url":"https:\/\/patagoniambiental.com.ar\/info\/","name":"Patagonia Ambiental","description":"Monitoreo y an\u00e1lisis de la situaci\u00f3n geopol\u00edtica en el mundo y su implicancia en la Patagonia","publisher":{"@id":"https:\/\/patagoniambiental.com.ar\/info\/#organization"},"potentialAction":[{"@type":"SearchAction","target":{"@type":"EntryPoint","urlTemplate":"https:\/\/patagoniambiental.com.ar\/info\/?s={search_term_string}"},"query-input":{"@type":"PropertyValueSpecification","valueRequired":true,"valueName":"search_term_string"}}],"inLanguage":"es"},{"@type":"Organization","@id":"https:\/\/patagoniambiental.com.ar\/info\/#organization","name":"Patagonia Ambiental","url":"https:\/\/patagoniambiental.com.ar\/info\/","logo":{"@type":"ImageObject","inLanguage":"es","@id":"https:\/\/patagoniambiental.com.ar\/info\/#\/schema\/logo\/image\/","url":"https:\/\/patagoniambiental.com.ar\/info\/wp-content\/uploads\/2025\/05\/LOGO-PATAGONIA-AMBIENTAL.png","contentUrl":"https:\/\/patagoniambiental.com.ar\/info\/wp-content\/uploads\/2025\/05\/LOGO-PATAGONIA-AMBIENTAL.png","width":433,"height":250,"caption":"Patagonia Ambiental"},"image":{"@id":"https:\/\/patagoniambiental.com.ar\/info\/#\/schema\/logo\/image\/"},"sameAs":["https:\/\/www.facebook.com\/patagonia.ambiental","https:\/\/x.com\/PatAmb"]},{"@type":"Person","@id":"https:\/\/patagoniambiental.com.ar\/info\/#\/schema\/person\/db12bff64bbcbf6a253710bf0ea37b5d","name":"Patagonia Ambiental","description":"Andr\u00e9s Nievas T\u00e9cnico en manejo ambiental, consultor Ambiental y escritor para medios locales e internacionales sobre temas de geopolitica y medio ambiente.","sameAs":["http:\/\/www.patagoniambiental.com.ar","https:\/\/www.facebook.com\/share\/1C1V8Gv9BX\/?mibextid=qi2Omg","@patagoniambiental","https:\/\/youtube.com\/@patagoniaambiental2023?si=BLt58t0wuXquxlYZ"]}]}},"_links":{"self":[{"href":"https:\/\/patagoniambiental.com.ar\/info\/wp-json\/wp\/v2\/posts\/15229","targetHints":{"allow":["GET"]}}],"collection":[{"href":"https:\/\/patagoniambiental.com.ar\/info\/wp-json\/wp\/v2\/posts"}],"about":[{"href":"https:\/\/patagoniambiental.com.ar\/info\/wp-json\/wp\/v2\/types\/post"}],"author":[{"embeddable":true,"href":"https:\/\/patagoniambiental.com.ar\/info\/wp-json\/wp\/v2\/users\/2"}],"replies":[{"embeddable":true,"href":"https:\/\/patagoniambiental.com.ar\/info\/wp-json\/wp\/v2\/comments?post=15229"}],"version-history":[{"count":0,"href":"https:\/\/patagoniambiental.com.ar\/info\/wp-json\/wp\/v2\/posts\/15229\/revisions"}],"wp:featuredmedia":[{"embeddable":true,"href":"https:\/\/patagoniambiental.com.ar\/info\/wp-json\/"}],"wp:attachment":[{"href":"https:\/\/patagoniambiental.com.ar\/info\/wp-json\/wp\/v2\/media?parent=15229"}],"wp:term":[{"taxonomy":"category","embeddable":true,"href":"https:\/\/patagoniambiental.com.ar\/info\/wp-json\/wp\/v2\/categories?post=15229"},{"taxonomy":"post_tag","embeddable":true,"href":"https:\/\/patagoniambiental.com.ar\/info\/wp-json\/wp\/v2\/tags?post=15229"}],"curies":[{"name":"wp","href":"https:\/\/api.w.org\/{rel}","templated":true}]}}