{"id":15237,"date":"2015-11-24T09:00:19","date_gmt":"2015-11-24T12:00:19","guid":{"rendered":"http:\/\/patagoniambiental.com.ar\/?p=15237"},"modified":"2015-11-24T09:00:19","modified_gmt":"2015-11-24T12:00:19","slug":"programa-senderos-de-argentina-invita-a-recorrer-neuquen-y-chubut-este-verano","status":"publish","type":"post","link":"https:\/\/patagoniambiental.com.ar\/info\/programa-senderos-de-argentina-invita-a-recorrer-neuquen-y-chubut-este-verano\/","title":{"rendered":"Programa Senderos de Argentina invita a recorrer Neuqu\u00e9n y Chubut este verano"},"content":{"rendered":"<div>El ministro de Turismo de la Naci\u00f3n se\u00f1al\u00f3 que \u00abel programa Senderos de Argentina tiene una visi\u00f3n pol\u00edtica, estrat\u00e9gica y territorial, que aspira a favorecer las econom\u00edas regionales\u00bb. Y agreg\u00f3 que \u00ablos senderos invitan a conocer \u00abcaminando\u00bb los valores patrimoniales naturales y culturales sobresalientes de cada una de las eco-regiones del pa\u00eds, que generan oportunidades de inclusi\u00f3n a la poblaci\u00f3n rural\u00bb.<\/div>\n<div>Del lanzamiento de la nueva temporada participaron la subsecretaria Nacional de Desarrollo Tur\u00edstico, Valeria Pelliza; el ministro de Desarrollo Territorial de Neuqu\u00e9n, Leandro Bertoya; el intendente de Villa La Angostura, Roberto Cacault; la subsecretaria de Turismo de Neuqu\u00e9n, Beatriz Villalobos; el intendente del Parque Nacional Nahuel Huapi, Dami\u00e1n Mujica; autoridades nacionales, provinciales y municipales; y representantes de C\u00e1maras y Asociaciones, entre otros miembros del sector.<\/div>\n<div>Cabe recordar que Huella Andina, se enmarca en el Programa Senderos de Argentina, es un sendero de largo recorrido que abarca casi 580 kil\u00f3metros de longitud, organizado en 42 etapas, consideradas las unidades m\u00ednimas de caminata diaria, atravesando longitudinalmente el corredor de los lagos, y enhebrando en su recorrido tres provincias, cinco Parques Nacionales, catorce pueblos, comunidades rurales campesinas y comunidades de pueblos originarios.<\/div>\n<div>Adem\u00e1s recupera la memoria de las viejas rastrilladas, picadas y huellas y ofrece la oportunidad de recorrer a ritmo tranquilo los paisajes cordilleranos, acercando el conocimiento de la variedad y riqueza del territorio argentino patag\u00f3nico. Invita a una experiencia en un entorno natural \u00fanico, y facilita el recorrido, con un sendero intensamente se\u00f1alizado, con un itinerario elegido para que sea principalmente de dificultad baja-media y con gran soporte informativo. Y permite disfrutar del ocio y colaborar con un turismo sustentable, respetuoso con el medio ambiente y las formas de vida tradicionales, contribuyendo a su salvaguarda.<\/div>\n<div>El desarrollo del Senderismo cuenta con cuatro premisas fundamentales: la conceptualizaci\u00f3n, la inversi\u00f3n p\u00fablica, la red de actores y por \u00faltimo la comunicaci\u00f3n y el marketing.<\/div>\n<div>Por otra parte, cabe destacar que para impulsar el sendero se realizaron inversiones p\u00fablicas que consistieron principalmente en el reacondicionamiento de sendas, se\u00f1alizaci\u00f3n y obras vinculadas a la construcci\u00f3n de oficinas de informes tur\u00edsticos, sanitarios, pasarelas peatonales, puentes colgantes y miradores, por un total invertido de m\u00e1s de 2.500.000 millones de pesos. Con toda esta infraestructura, se optimiza la experiencia de los turistas y se pone en valor toda la zona para la explotaci\u00f3n tur\u00edstica.<\/div>\n","protected":false},"excerpt":{"rendered":"<p>El ministro de Turismo de la Naci\u00f3n se\u00f1al\u00f3 que \u00abel programa Senderos de Argentina tiene una visi\u00f3n pol\u00edtica, estrat\u00e9gica y [&hellip;]<\/p>\n","protected":false},"author":2,"featured_media":15238,"comment_status":"closed","ping_status":"closed","sticky":false,"template":"","format":"standard","meta":{"site-sidebar-layout":"default","site-content-layout":"","ast-site-content-layout":"default","site-content-style":"default","site-sidebar-style":"default","ast-global-header-display":"","ast-banner-title-visibility":"","ast-main-header-display":"","ast-hfb-above-header-display":"","ast-hfb-below-header-display":"","ast-hfb-mobile-header-display":"","site-post-title":"","ast-breadcrumbs-content":"","ast-featured-img":"","footer-sml-layout":"","ast-disable-related-posts":"","theme-transparent-header-meta":"","adv-header-id-meta":"","stick-header-meta":"","header-above-stick-meta":"","header-main-stick-meta":"","header-below-stick-meta":"","astra-migrate-meta-layouts":"default","ast-page-background-enabled":"default","ast-page-background-meta":{"desktop":{"background-color":"var(--ast-global-color-5)","background-image":"","background-repeat":"repeat","background-position":"center center","background-size":"auto","background-attachment":"scroll","background-type":"","background-media":"","overlay-type":"","overlay-color":"","overlay-opacity":"","overlay-gradient":""},"tablet":{"background-color":"","background-image":"","background-repeat":"repeat","background-position":"center center","background-size":"auto","background-attachment":"scroll","background-type":"","background-media":"","overlay-type":"","overlay-color":"","overlay-opacity":"","overlay-gradient":""},"mobile":{"background-color":"","background-image":"","background-repeat":"repeat","background-position":"center center","background-size":"auto","background-attachment":"scroll","background-type":"","background-media":"","overlay-type":"","overlay-color":"","overlay-opacity":"","overlay-gradient":""}},"ast-content-background-meta":{"desktop":{"background-color":"var(--ast-global-color-4)","background-image":"","background-repeat":"repeat","background-position":"center center","background-size":"auto","background-attachment":"scroll","background-type":"","background-media":"","overlay-type":"","overlay-color":"","overlay-opacity":"","overlay-gradient":""},"tablet":{"background-color":"var(--ast-global-color-4)","background-image":"","background-repeat":"repeat","background-position":"center center","background-size":"auto","background-attachment":"scroll","background-type":"","background-media":"","overlay-type":"","overlay-color":"","overlay-opacity":"","overlay-gradient":""},"mobile":{"background-color":"var(--ast-global-color-4)","background-image":"","background-repeat":"repeat","background-position":"center center","background-size":"auto","background-attachment":"scroll","background-type":"","background-media":"","overlay-type":"","overlay-color":"","overlay-opacity":"","overlay-gradient":""}},"footnotes":""},"categories":[1],"tags":[],"class_list":["post-15237","post","type-post","status-publish","format-standard","has-post-thumbnail","hentry","category-noticias"],"yoast_head":"<!-- This site is optimized with the Yoast SEO Premium plugin v23.0 (Yoast SEO v27.5) - https:\/\/yoast.com\/product\/yoast-seo-premium-wordpress\/ -->\n<title>Programa Senderos de Argentina invita a recorrer Neuqu\u00e9n y Chubut este verano<\/title>\n<meta name=\"robots\" content=\"index, follow, max-snippet:-1, max-image-preview:large, max-video-preview:-1\" \/>\n<link rel=\"canonical\" href=\"https:\/\/patagoniambiental.com.ar\/info\/programa-senderos-de-argentina-invita-a-recorrer-neuquen-y-chubut-este-verano\/\" \/>\n<meta property=\"og:locale\" content=\"es_ES\" \/>\n<meta property=\"og:type\" content=\"article\" \/>\n<meta property=\"og:title\" content=\"Programa Senderos de Argentina invita a recorrer Neuqu\u00e9n y Chubut este verano\" \/>\n<meta property=\"og:description\" content=\"El ministro de Turismo de la Naci\u00f3n se\u00f1al\u00f3 que \u00abel programa Senderos de Argentina tiene una visi\u00f3n pol\u00edtica, estrat\u00e9gica y [&hellip;]\" \/>\n<meta property=\"og:url\" content=\"https:\/\/patagoniambiental.com.ar\/info\/programa-senderos-de-argentina-invita-a-recorrer-neuquen-y-chubut-este-verano\/\" \/>\n<meta property=\"og:site_name\" content=\"Patagonia Ambiental\" \/>\n<meta property=\"article:publisher\" content=\"https:\/\/www.facebook.com\/patagonia.ambiental\" \/>\n<meta property=\"article:author\" content=\"https:\/\/www.facebook.com\/share\/1C1V8Gv9BX\/?mibextid=qi2Omg\" \/>\n<meta property=\"article:published_time\" content=\"2015-11-24T12:00:19+00:00\" \/>\n<meta name=\"author\" content=\"Patagonia Ambiental\" \/>\n<meta name=\"twitter:card\" content=\"summary_large_image\" \/>\n<meta name=\"twitter:creator\" content=\"@PatAmb\" \/>\n<meta name=\"twitter:site\" content=\"@PatAmb\" \/>\n<script type=\"application\/ld+json\" class=\"yoast-schema-graph\">{\"@context\":\"https:\\\/\\\/schema.org\",\"@graph\":[{\"@type\":\"Article\",\"@id\":\"https:\\\/\\\/patagoniambiental.com.ar\\\/info\\\/programa-senderos-de-argentina-invita-a-recorrer-neuquen-y-chubut-este-verano\\\/#article\",\"isPartOf\":{\"@id\":\"https:\\\/\\\/patagoniambiental.com.ar\\\/info\\\/programa-senderos-de-argentina-invita-a-recorrer-neuquen-y-chubut-este-verano\\\/\"},\"author\":{\"name\":\"Patagonia Ambiental\",\"@id\":\"https:\\\/\\\/patagoniambiental.com.ar\\\/info\\\/#\\\/schema\\\/person\\\/db12bff64bbcbf6a253710bf0ea37b5d\"},\"headline\":\"Programa Senderos de Argentina invita a recorrer Neuqu\u00e9n y Chubut este verano\",\"datePublished\":\"2015-11-24T12:00:19+00:00\",\"mainEntityOfPage\":{\"@id\":\"https:\\\/\\\/patagoniambiental.com.ar\\\/info\\\/programa-senderos-de-argentina-invita-a-recorrer-neuquen-y-chubut-este-verano\\\/\"},\"wordCount\":427,\"publisher\":{\"@id\":\"https:\\\/\\\/patagoniambiental.com.ar\\\/info\\\/#organization\"},\"image\":{\"@id\":\"https:\\\/\\\/patagoniambiental.com.ar\\\/info\\\/programa-senderos-de-argentina-invita-a-recorrer-neuquen-y-chubut-este-verano\\\/#primaryimage\"},\"thumbnailUrl\":\"\",\"articleSection\":[\"Noticias\"],\"inLanguage\":\"es\"},{\"@type\":\"WebPage\",\"@id\":\"https:\\\/\\\/patagoniambiental.com.ar\\\/info\\\/programa-senderos-de-argentina-invita-a-recorrer-neuquen-y-chubut-este-verano\\\/\",\"url\":\"https:\\\/\\\/patagoniambiental.com.ar\\\/info\\\/programa-senderos-de-argentina-invita-a-recorrer-neuquen-y-chubut-este-verano\\\/\",\"name\":\"Programa Senderos de Argentina invita a recorrer Neuqu\u00e9n y Chubut este verano\",\"isPartOf\":{\"@id\":\"https:\\\/\\\/patagoniambiental.com.ar\\\/info\\\/#website\"},\"primaryImageOfPage\":{\"@id\":\"https:\\\/\\\/patagoniambiental.com.ar\\\/info\\\/programa-senderos-de-argentina-invita-a-recorrer-neuquen-y-chubut-este-verano\\\/#primaryimage\"},\"image\":{\"@id\":\"https:\\\/\\\/patagoniambiental.com.ar\\\/info\\\/programa-senderos-de-argentina-invita-a-recorrer-neuquen-y-chubut-este-verano\\\/#primaryimage\"},\"thumbnailUrl\":\"\",\"datePublished\":\"2015-11-24T12:00:19+00:00\",\"breadcrumb\":{\"@id\":\"https:\\\/\\\/patagoniambiental.com.ar\\\/info\\\/programa-senderos-de-argentina-invita-a-recorrer-neuquen-y-chubut-este-verano\\\/#breadcrumb\"},\"inLanguage\":\"es\",\"potentialAction\":[{\"@type\":\"ReadAction\",\"target\":[\"https:\\\/\\\/patagoniambiental.com.ar\\\/info\\\/programa-senderos-de-argentina-invita-a-recorrer-neuquen-y-chubut-este-verano\\\/\"]}]},{\"@type\":\"ImageObject\",\"inLanguage\":\"es\",\"@id\":\"https:\\\/\\\/patagoniambiental.com.ar\\\/info\\\/programa-senderos-de-argentina-invita-a-recorrer-neuquen-y-chubut-este-verano\\\/#primaryimage\",\"url\":\"\",\"contentUrl\":\"\"},{\"@type\":\"BreadcrumbList\",\"@id\":\"https:\\\/\\\/patagoniambiental.com.ar\\\/info\\\/programa-senderos-de-argentina-invita-a-recorrer-neuquen-y-chubut-este-verano\\\/#breadcrumb\",\"itemListElement\":[{\"@type\":\"ListItem\",\"position\":1,\"name\":\"Inicio\",\"item\":\"https:\\\/\\\/patagoniambiental.com.ar\\\/info\\\/\"},{\"@type\":\"ListItem\",\"position\":2,\"name\":\"Programa Senderos de Argentina invita a recorrer Neuqu\u00e9n y Chubut este verano\"}]},{\"@type\":\"WebSite\",\"@id\":\"https:\\\/\\\/patagoniambiental.com.ar\\\/info\\\/#website\",\"url\":\"https:\\\/\\\/patagoniambiental.com.ar\\\/info\\\/\",\"name\":\"Patagonia Ambiental\",\"description\":\"Monitoreo y an\u00e1lisis de la situaci\u00f3n geopol\u00edtica en el mundo y su implicancia en la Patagonia\",\"publisher\":{\"@id\":\"https:\\\/\\\/patagoniambiental.com.ar\\\/info\\\/#organization\"},\"potentialAction\":[{\"@type\":\"SearchAction\",\"target\":{\"@type\":\"EntryPoint\",\"urlTemplate\":\"https:\\\/\\\/patagoniambiental.com.ar\\\/info\\\/?s={search_term_string}\"},\"query-input\":{\"@type\":\"PropertyValueSpecification\",\"valueRequired\":true,\"valueName\":\"search_term_string\"}}],\"inLanguage\":\"es\"},{\"@type\":\"Organization\",\"@id\":\"https:\\\/\\\/patagoniambiental.com.ar\\\/info\\\/#organization\",\"name\":\"Patagonia Ambiental\",\"url\":\"https:\\\/\\\/patagoniambiental.com.ar\\\/info\\\/\",\"logo\":{\"@type\":\"ImageObject\",\"inLanguage\":\"es\",\"@id\":\"https:\\\/\\\/patagoniambiental.com.ar\\\/info\\\/#\\\/schema\\\/logo\\\/image\\\/\",\"url\":\"https:\\\/\\\/patagoniambiental.com.ar\\\/info\\\/wp-content\\\/uploads\\\/2025\\\/05\\\/LOGO-PATAGONIA-AMBIENTAL.png\",\"contentUrl\":\"https:\\\/\\\/patagoniambiental.com.ar\\\/info\\\/wp-content\\\/uploads\\\/2025\\\/05\\\/LOGO-PATAGONIA-AMBIENTAL.png\",\"width\":433,\"height\":250,\"caption\":\"Patagonia Ambiental\"},\"image\":{\"@id\":\"https:\\\/\\\/patagoniambiental.com.ar\\\/info\\\/#\\\/schema\\\/logo\\\/image\\\/\"},\"sameAs\":[\"https:\\\/\\\/www.facebook.com\\\/patagonia.ambiental\",\"https:\\\/\\\/x.com\\\/PatAmb\"]},{\"@type\":\"Person\",\"@id\":\"https:\\\/\\\/patagoniambiental.com.ar\\\/info\\\/#\\\/schema\\\/person\\\/db12bff64bbcbf6a253710bf0ea37b5d\",\"name\":\"Patagonia Ambiental\",\"description\":\"Andr\u00e9s Nievas T\u00e9cnico en manejo ambiental, consultor Ambiental y escritor para medios locales e internacionales sobre temas de geopolitica y medio ambiente.\",\"sameAs\":[\"http:\\\/\\\/www.patagoniambiental.com.ar\",\"https:\\\/\\\/www.facebook.com\\\/share\\\/1C1V8Gv9BX\\\/?mibextid=qi2Omg\",\"@patagoniambiental\",\"https:\\\/\\\/youtube.com\\\/@patagoniaambiental2023?si=BLt58t0wuXquxlYZ\"]}]}<\/script>\n<!-- \/ Yoast SEO Premium plugin. -->","yoast_head_json":{"title":"Programa Senderos de Argentina invita a recorrer Neuqu\u00e9n y Chubut este verano","robots":{"index":"index","follow":"follow","max-snippet":"max-snippet:-1","max-image-preview":"max-image-preview:large","max-video-preview":"max-video-preview:-1"},"canonical":"https:\/\/patagoniambiental.com.ar\/info\/programa-senderos-de-argentina-invita-a-recorrer-neuquen-y-chubut-este-verano\/","og_locale":"es_ES","og_type":"article","og_title":"Programa Senderos de Argentina invita a recorrer Neuqu\u00e9n y Chubut este verano","og_description":"El ministro de Turismo de la Naci\u00f3n se\u00f1al\u00f3 que \u00abel programa Senderos de Argentina tiene una visi\u00f3n pol\u00edtica, estrat\u00e9gica y [&hellip;]","og_url":"https:\/\/patagoniambiental.com.ar\/info\/programa-senderos-de-argentina-invita-a-recorrer-neuquen-y-chubut-este-verano\/","og_site_name":"Patagonia Ambiental","article_publisher":"https:\/\/www.facebook.com\/patagonia.ambiental","article_author":"https:\/\/www.facebook.com\/share\/1C1V8Gv9BX\/?mibextid=qi2Omg","article_published_time":"2015-11-24T12:00:19+00:00","author":"Patagonia Ambiental","twitter_card":"summary_large_image","twitter_creator":"@PatAmb","twitter_site":"@PatAmb","schema":{"@context":"https:\/\/schema.org","@graph":[{"@type":"Article","@id":"https:\/\/patagoniambiental.com.ar\/info\/programa-senderos-de-argentina-invita-a-recorrer-neuquen-y-chubut-este-verano\/#article","isPartOf":{"@id":"https:\/\/patagoniambiental.com.ar\/info\/programa-senderos-de-argentina-invita-a-recorrer-neuquen-y-chubut-este-verano\/"},"author":{"name":"Patagonia Ambiental","@id":"https:\/\/patagoniambiental.com.ar\/info\/#\/schema\/person\/db12bff64bbcbf6a253710bf0ea37b5d"},"headline":"Programa Senderos de Argentina invita a recorrer Neuqu\u00e9n y Chubut este verano","datePublished":"2015-11-24T12:00:19+00:00","mainEntityOfPage":{"@id":"https:\/\/patagoniambiental.com.ar\/info\/programa-senderos-de-argentina-invita-a-recorrer-neuquen-y-chubut-este-verano\/"},"wordCount":427,"publisher":{"@id":"https:\/\/patagoniambiental.com.ar\/info\/#organization"},"image":{"@id":"https:\/\/patagoniambiental.com.ar\/info\/programa-senderos-de-argentina-invita-a-recorrer-neuquen-y-chubut-este-verano\/#primaryimage"},"thumbnailUrl":"","articleSection":["Noticias"],"inLanguage":"es"},{"@type":"WebPage","@id":"https:\/\/patagoniambiental.com.ar\/info\/programa-senderos-de-argentina-invita-a-recorrer-neuquen-y-chubut-este-verano\/","url":"https:\/\/patagoniambiental.com.ar\/info\/programa-senderos-de-argentina-invita-a-recorrer-neuquen-y-chubut-este-verano\/","name":"Programa Senderos de Argentina invita a recorrer Neuqu\u00e9n y Chubut este verano","isPartOf":{"@id":"https:\/\/patagoniambiental.com.ar\/info\/#website"},"primaryImageOfPage":{"@id":"https:\/\/patagoniambiental.com.ar\/info\/programa-senderos-de-argentina-invita-a-recorrer-neuquen-y-chubut-este-verano\/#primaryimage"},"image":{"@id":"https:\/\/patagoniambiental.com.ar\/info\/programa-senderos-de-argentina-invita-a-recorrer-neuquen-y-chubut-este-verano\/#primaryimage"},"thumbnailUrl":"","datePublished":"2015-11-24T12:00:19+00:00","breadcrumb":{"@id":"https:\/\/patagoniambiental.com.ar\/info\/programa-senderos-de-argentina-invita-a-recorrer-neuquen-y-chubut-este-verano\/#breadcrumb"},"inLanguage":"es","potentialAction":[{"@type":"ReadAction","target":["https:\/\/patagoniambiental.com.ar\/info\/programa-senderos-de-argentina-invita-a-recorrer-neuquen-y-chubut-este-verano\/"]}]},{"@type":"ImageObject","inLanguage":"es","@id":"https:\/\/patagoniambiental.com.ar\/info\/programa-senderos-de-argentina-invita-a-recorrer-neuquen-y-chubut-este-verano\/#primaryimage","url":"","contentUrl":""},{"@type":"BreadcrumbList","@id":"https:\/\/patagoniambiental.com.ar\/info\/programa-senderos-de-argentina-invita-a-recorrer-neuquen-y-chubut-este-verano\/#breadcrumb","itemListElement":[{"@type":"ListItem","position":1,"name":"Inicio","item":"https:\/\/patagoniambiental.com.ar\/info\/"},{"@type":"ListItem","position":2,"name":"Programa Senderos de Argentina invita a recorrer Neuqu\u00e9n y Chubut este verano"}]},{"@type":"WebSite","@id":"https:\/\/patagoniambiental.com.ar\/info\/#website","url":"https:\/\/patagoniambiental.com.ar\/info\/","name":"Patagonia Ambiental","description":"Monitoreo y an\u00e1lisis de la situaci\u00f3n geopol\u00edtica en el mundo y su implicancia en la Patagonia","publisher":{"@id":"https:\/\/patagoniambiental.com.ar\/info\/#organization"},"potentialAction":[{"@type":"SearchAction","target":{"@type":"EntryPoint","urlTemplate":"https:\/\/patagoniambiental.com.ar\/info\/?s={search_term_string}"},"query-input":{"@type":"PropertyValueSpecification","valueRequired":true,"valueName":"search_term_string"}}],"inLanguage":"es"},{"@type":"Organization","@id":"https:\/\/patagoniambiental.com.ar\/info\/#organization","name":"Patagonia Ambiental","url":"https:\/\/patagoniambiental.com.ar\/info\/","logo":{"@type":"ImageObject","inLanguage":"es","@id":"https:\/\/patagoniambiental.com.ar\/info\/#\/schema\/logo\/image\/","url":"https:\/\/patagoniambiental.com.ar\/info\/wp-content\/uploads\/2025\/05\/LOGO-PATAGONIA-AMBIENTAL.png","contentUrl":"https:\/\/patagoniambiental.com.ar\/info\/wp-content\/uploads\/2025\/05\/LOGO-PATAGONIA-AMBIENTAL.png","width":433,"height":250,"caption":"Patagonia Ambiental"},"image":{"@id":"https:\/\/patagoniambiental.com.ar\/info\/#\/schema\/logo\/image\/"},"sameAs":["https:\/\/www.facebook.com\/patagonia.ambiental","https:\/\/x.com\/PatAmb"]},{"@type":"Person","@id":"https:\/\/patagoniambiental.com.ar\/info\/#\/schema\/person\/db12bff64bbcbf6a253710bf0ea37b5d","name":"Patagonia Ambiental","description":"Andr\u00e9s Nievas T\u00e9cnico en manejo ambiental, consultor Ambiental y escritor para medios locales e internacionales sobre temas de geopolitica y medio ambiente.","sameAs":["http:\/\/www.patagoniambiental.com.ar","https:\/\/www.facebook.com\/share\/1C1V8Gv9BX\/?mibextid=qi2Omg","@patagoniambiental","https:\/\/youtube.com\/@patagoniaambiental2023?si=BLt58t0wuXquxlYZ"]}]}},"_links":{"self":[{"href":"https:\/\/patagoniambiental.com.ar\/info\/wp-json\/wp\/v2\/posts\/15237","targetHints":{"allow":["GET"]}}],"collection":[{"href":"https:\/\/patagoniambiental.com.ar\/info\/wp-json\/wp\/v2\/posts"}],"about":[{"href":"https:\/\/patagoniambiental.com.ar\/info\/wp-json\/wp\/v2\/types\/post"}],"author":[{"embeddable":true,"href":"https:\/\/patagoniambiental.com.ar\/info\/wp-json\/wp\/v2\/users\/2"}],"replies":[{"embeddable":true,"href":"https:\/\/patagoniambiental.com.ar\/info\/wp-json\/wp\/v2\/comments?post=15237"}],"version-history":[{"count":0,"href":"https:\/\/patagoniambiental.com.ar\/info\/wp-json\/wp\/v2\/posts\/15237\/revisions"}],"wp:featuredmedia":[{"embeddable":true,"href":"https:\/\/patagoniambiental.com.ar\/info\/wp-json\/"}],"wp:attachment":[{"href":"https:\/\/patagoniambiental.com.ar\/info\/wp-json\/wp\/v2\/media?parent=15237"}],"wp:term":[{"taxonomy":"category","embeddable":true,"href":"https:\/\/patagoniambiental.com.ar\/info\/wp-json\/wp\/v2\/categories?post=15237"},{"taxonomy":"post_tag","embeddable":true,"href":"https:\/\/patagoniambiental.com.ar\/info\/wp-json\/wp\/v2\/tags?post=15237"}],"curies":[{"name":"wp","href":"https:\/\/api.w.org\/{rel}","templated":true}]}}