{"id":15442,"date":"2015-11-28T09:57:40","date_gmt":"2015-11-28T12:57:40","guid":{"rendered":"http:\/\/patagoniambiental.com.ar\/?p=15442"},"modified":"2015-11-28T09:57:40","modified_gmt":"2015-11-28T12:57:40","slug":"tuvo-media-sancion-la-reforma-del-codigo-civil-y-comercial-de-la-nacion-para-garantizar-el-libre-acceso-a-rios-lagos-y-montanas","status":"publish","type":"post","link":"https:\/\/patagoniambiental.com.ar\/info\/tuvo-media-sancion-la-reforma-del-codigo-civil-y-comercial-de-la-nacion-para-garantizar-el-libre-acceso-a-rios-lagos-y-montanas\/","title":{"rendered":"Tuvo media sanci\u00f3n la reforma del C\u00f3digo Civil y Comercial de la Naci\u00f3n para garantizar el libre acceso a r\u00edos, lagos y monta\u00f1as"},"content":{"rendered":"<p>El Senado dio media sanci\u00f3n al proyecto de ley de la senadora Silvina Garc\u00eda Larraburu, para modificar la nueva redacci\u00f3n del C\u00f3digo Civil y Comercial sobre\u00a0el\u00a0Camino de Sirga y as\u00ed garantizar el libre acceso a r\u00edos, lagos y monta\u00f1as.<\/p>\n<p>Garc\u00eda Larraburu resalt\u00f3 que: \u201cdesde mi mandato como diputada de la Naci\u00f3n sostengo la misma postura, nunca debi\u00f3 modificarse en este punto la antigua\u00a0redacci\u00f3n\u00a0del C\u00f3digo Civil\u201d. Hizo hincapi\u00e9 en que R\u00edo Negro tiene una infinidad de recursos naturales y, bajo el nuevo plexo normativo, se benefician\u00a0solamente los due\u00f1os de\u00a0los terrenos, en desmedro de los intereses comunitarios.<\/p>\n<p>La rionegrina se\u00f1al\u00f3 que: \u201cse trata nada menos que de una protecci\u00f3n al patrimonio del Estado, no solo para la Patagonia sino para todo el territorio argentino.\u00a0Resulta prioritario retomar la antigua redacci\u00f3n, por ello en octubre de 2014 present\u00e9 esta iniciativa tras la sanci\u00f3n del nuevo c\u00f3digo\u201d, asegur\u00f3 y destac\u00f3 que:\u00a0\u201cel texto\u00a0pretende que el propietario de un inmueble colindante con cualquiera de las orillas de los cauces o sus riberas, aptos para el transporte por agua, deje\u00a0libre una franja\u00a0de treinta y cinco metros hasta la orilla del curso\u201d.<\/p>\n<p>\u201cEl camino de sirga cumple una misi\u00f3n fundamental en la preservaci\u00f3n de los ecosistemas costeros y en la funci\u00f3n de garantizar la libre circulaci\u00f3n y acceso a\u00a0los bienes\u00a0naturales de dominio p\u00fablico, para el ocio y el aprovechamiento recreativo de las familias\u201d, remarc\u00f3 y concluy\u00f3 que es de gran elevancia revertir una\u00a0legislaci\u00f3n sumamente\u00a0perjudicial para nuestra naturaleza y para el derecho p\u00fablico de todos los habitantes.<\/p>\n<p>&nbsp;<\/p>\n","protected":false},"excerpt":{"rendered":"<p>El Senado dio media sanci\u00f3n al proyecto de ley de la senadora Silvina Garc\u00eda Larraburu, para modificar la nueva redacci\u00f3n [&hellip;]<\/p>\n","protected":false},"author":2,"featured_media":15443,"comment_status":"closed","ping_status":"closed","sticky":false,"template":"","format":"standard","meta":{"site-sidebar-layout":"default","site-content-layout":"","ast-site-content-layout":"default","site-content-style":"default","site-sidebar-style":"default","ast-global-header-display":"","ast-banner-title-visibility":"","ast-main-header-display":"","ast-hfb-above-header-display":"","ast-hfb-below-header-display":"","ast-hfb-mobile-header-display":"","site-post-title":"","ast-breadcrumbs-content":"","ast-featured-img":"","footer-sml-layout":"","ast-disable-related-posts":"","theme-transparent-header-meta":"","adv-header-id-meta":"","stick-header-meta":"","header-above-stick-meta":"","header-main-stick-meta":"","header-below-stick-meta":"","astra-migrate-meta-layouts":"default","ast-page-background-enabled":"default","ast-page-background-meta":{"desktop":{"background-color":"var(--ast-global-color-5)","background-image":"","background-repeat":"repeat","background-position":"center center","background-size":"auto","background-attachment":"scroll","background-type":"","background-media":"","overlay-type":"","overlay-color":"","overlay-opacity":"","overlay-gradient":""},"tablet":{"background-color":"","background-image":"","background-repeat":"repeat","background-position":"center center","background-size":"auto","background-attachment":"scroll","background-type":"","background-media":"","overlay-type":"","overlay-color":"","overlay-opacity":"","overlay-gradient":""},"mobile":{"background-color":"","background-image":"","background-repeat":"repeat","background-position":"center center","background-size":"auto","background-attachment":"scroll","background-type":"","background-media":"","overlay-type":"","overlay-color":"","overlay-opacity":"","overlay-gradient":""}},"ast-content-background-meta":{"desktop":{"background-color":"var(--ast-global-color-4)","background-image":"","background-repeat":"repeat","background-position":"center center","background-size":"auto","background-attachment":"scroll","background-type":"","background-media":"","overlay-type":"","overlay-color":"","overlay-opacity":"","overlay-gradient":""},"tablet":{"background-color":"var(--ast-global-color-4)","background-image":"","background-repeat":"repeat","background-position":"center center","background-size":"auto","background-attachment":"scroll","background-type":"","background-media":"","overlay-type":"","overlay-color":"","overlay-opacity":"","overlay-gradient":""},"mobile":{"background-color":"var(--ast-global-color-4)","background-image":"","background-repeat":"repeat","background-position":"center center","background-size":"auto","background-attachment":"scroll","background-type":"","background-media":"","overlay-type":"","overlay-color":"","overlay-opacity":"","overlay-gradient":""}},"footnotes":""},"categories":[1],"tags":[],"class_list":["post-15442","post","type-post","status-publish","format-standard","has-post-thumbnail","hentry","category-noticias"],"yoast_head":"<!-- This site is optimized with the Yoast SEO Premium plugin v23.0 (Yoast SEO v27.5) - https:\/\/yoast.com\/product\/yoast-seo-premium-wordpress\/ -->\n<title>Tuvo media sanci\u00f3n la reforma del C\u00f3digo Civil y Comercial de la Naci\u00f3n para garantizar el libre acceso a r\u00edos, lagos y monta\u00f1as<\/title>\n<meta name=\"robots\" content=\"index, follow, max-snippet:-1, max-image-preview:large, max-video-preview:-1\" \/>\n<link rel=\"canonical\" href=\"https:\/\/patagoniambiental.com.ar\/info\/tuvo-media-sancion-la-reforma-del-codigo-civil-y-comercial-de-la-nacion-para-garantizar-el-libre-acceso-a-rios-lagos-y-montanas\/\" \/>\n<meta property=\"og:locale\" content=\"es_ES\" \/>\n<meta property=\"og:type\" content=\"article\" \/>\n<meta property=\"og:title\" content=\"Tuvo media sanci\u00f3n la reforma del C\u00f3digo Civil y Comercial de la Naci\u00f3n para garantizar el libre acceso a r\u00edos, lagos y monta\u00f1as\" \/>\n<meta property=\"og:description\" content=\"El Senado dio media sanci\u00f3n al proyecto de ley de la senadora Silvina Garc\u00eda Larraburu, para modificar la nueva redacci\u00f3n [&hellip;]\" \/>\n<meta property=\"og:url\" content=\"https:\/\/patagoniambiental.com.ar\/info\/tuvo-media-sancion-la-reforma-del-codigo-civil-y-comercial-de-la-nacion-para-garantizar-el-libre-acceso-a-rios-lagos-y-montanas\/\" \/>\n<meta property=\"og:site_name\" content=\"Patagonia Ambiental\" \/>\n<meta property=\"article:publisher\" content=\"https:\/\/www.facebook.com\/patagonia.ambiental\" \/>\n<meta property=\"article:author\" content=\"https:\/\/www.facebook.com\/share\/1C1V8Gv9BX\/?mibextid=qi2Omg\" \/>\n<meta property=\"article:published_time\" content=\"2015-11-28T12:57:40+00:00\" \/>\n<meta name=\"author\" content=\"Patagonia Ambiental\" \/>\n<meta name=\"twitter:card\" content=\"summary_large_image\" \/>\n<meta name=\"twitter:creator\" content=\"@PatAmb\" \/>\n<meta name=\"twitter:site\" content=\"@PatAmb\" \/>\n<script type=\"application\/ld+json\" class=\"yoast-schema-graph\">{\"@context\":\"https:\\\/\\\/schema.org\",\"@graph\":[{\"@type\":\"Article\",\"@id\":\"https:\\\/\\\/patagoniambiental.com.ar\\\/info\\\/tuvo-media-sancion-la-reforma-del-codigo-civil-y-comercial-de-la-nacion-para-garantizar-el-libre-acceso-a-rios-lagos-y-montanas\\\/#article\",\"isPartOf\":{\"@id\":\"https:\\\/\\\/patagoniambiental.com.ar\\\/info\\\/tuvo-media-sancion-la-reforma-del-codigo-civil-y-comercial-de-la-nacion-para-garantizar-el-libre-acceso-a-rios-lagos-y-montanas\\\/\"},\"author\":{\"name\":\"Patagonia Ambiental\",\"@id\":\"https:\\\/\\\/patagoniambiental.com.ar\\\/info\\\/#\\\/schema\\\/person\\\/db12bff64bbcbf6a253710bf0ea37b5d\"},\"headline\":\"Tuvo media sanci\u00f3n la reforma del C\u00f3digo Civil y Comercial de la Naci\u00f3n para garantizar el libre acceso a r\u00edos, lagos y monta\u00f1as\",\"datePublished\":\"2015-11-28T12:57:40+00:00\",\"mainEntityOfPage\":{\"@id\":\"https:\\\/\\\/patagoniambiental.com.ar\\\/info\\\/tuvo-media-sancion-la-reforma-del-codigo-civil-y-comercial-de-la-nacion-para-garantizar-el-libre-acceso-a-rios-lagos-y-montanas\\\/\"},\"wordCount\":314,\"publisher\":{\"@id\":\"https:\\\/\\\/patagoniambiental.com.ar\\\/info\\\/#organization\"},\"image\":{\"@id\":\"https:\\\/\\\/patagoniambiental.com.ar\\\/info\\\/tuvo-media-sancion-la-reforma-del-codigo-civil-y-comercial-de-la-nacion-para-garantizar-el-libre-acceso-a-rios-lagos-y-montanas\\\/#primaryimage\"},\"thumbnailUrl\":\"\",\"articleSection\":[\"Noticias\"],\"inLanguage\":\"es\"},{\"@type\":\"WebPage\",\"@id\":\"https:\\\/\\\/patagoniambiental.com.ar\\\/info\\\/tuvo-media-sancion-la-reforma-del-codigo-civil-y-comercial-de-la-nacion-para-garantizar-el-libre-acceso-a-rios-lagos-y-montanas\\\/\",\"url\":\"https:\\\/\\\/patagoniambiental.com.ar\\\/info\\\/tuvo-media-sancion-la-reforma-del-codigo-civil-y-comercial-de-la-nacion-para-garantizar-el-libre-acceso-a-rios-lagos-y-montanas\\\/\",\"name\":\"Tuvo media sanci\u00f3n la reforma del C\u00f3digo Civil y Comercial de la Naci\u00f3n para garantizar el libre acceso a r\u00edos, lagos y monta\u00f1as\",\"isPartOf\":{\"@id\":\"https:\\\/\\\/patagoniambiental.com.ar\\\/info\\\/#website\"},\"primaryImageOfPage\":{\"@id\":\"https:\\\/\\\/patagoniambiental.com.ar\\\/info\\\/tuvo-media-sancion-la-reforma-del-codigo-civil-y-comercial-de-la-nacion-para-garantizar-el-libre-acceso-a-rios-lagos-y-montanas\\\/#primaryimage\"},\"image\":{\"@id\":\"https:\\\/\\\/patagoniambiental.com.ar\\\/info\\\/tuvo-media-sancion-la-reforma-del-codigo-civil-y-comercial-de-la-nacion-para-garantizar-el-libre-acceso-a-rios-lagos-y-montanas\\\/#primaryimage\"},\"thumbnailUrl\":\"\",\"datePublished\":\"2015-11-28T12:57:40+00:00\",\"breadcrumb\":{\"@id\":\"https:\\\/\\\/patagoniambiental.com.ar\\\/info\\\/tuvo-media-sancion-la-reforma-del-codigo-civil-y-comercial-de-la-nacion-para-garantizar-el-libre-acceso-a-rios-lagos-y-montanas\\\/#breadcrumb\"},\"inLanguage\":\"es\",\"potentialAction\":[{\"@type\":\"ReadAction\",\"target\":[\"https:\\\/\\\/patagoniambiental.com.ar\\\/info\\\/tuvo-media-sancion-la-reforma-del-codigo-civil-y-comercial-de-la-nacion-para-garantizar-el-libre-acceso-a-rios-lagos-y-montanas\\\/\"]}]},{\"@type\":\"ImageObject\",\"inLanguage\":\"es\",\"@id\":\"https:\\\/\\\/patagoniambiental.com.ar\\\/info\\\/tuvo-media-sancion-la-reforma-del-codigo-civil-y-comercial-de-la-nacion-para-garantizar-el-libre-acceso-a-rios-lagos-y-montanas\\\/#primaryimage\",\"url\":\"\",\"contentUrl\":\"\"},{\"@type\":\"BreadcrumbList\",\"@id\":\"https:\\\/\\\/patagoniambiental.com.ar\\\/info\\\/tuvo-media-sancion-la-reforma-del-codigo-civil-y-comercial-de-la-nacion-para-garantizar-el-libre-acceso-a-rios-lagos-y-montanas\\\/#breadcrumb\",\"itemListElement\":[{\"@type\":\"ListItem\",\"position\":1,\"name\":\"Inicio\",\"item\":\"https:\\\/\\\/patagoniambiental.com.ar\\\/info\\\/\"},{\"@type\":\"ListItem\",\"position\":2,\"name\":\"Tuvo media sanci\u00f3n la reforma del C\u00f3digo Civil y Comercial de la Naci\u00f3n para garantizar el libre acceso a r\u00edos, lagos y monta\u00f1as\"}]},{\"@type\":\"WebSite\",\"@id\":\"https:\\\/\\\/patagoniambiental.com.ar\\\/info\\\/#website\",\"url\":\"https:\\\/\\\/patagoniambiental.com.ar\\\/info\\\/\",\"name\":\"Patagonia Ambiental\",\"description\":\"Monitoreo y an\u00e1lisis de la situaci\u00f3n geopol\u00edtica en el mundo y su implicancia en la Patagonia\",\"publisher\":{\"@id\":\"https:\\\/\\\/patagoniambiental.com.ar\\\/info\\\/#organization\"},\"potentialAction\":[{\"@type\":\"SearchAction\",\"target\":{\"@type\":\"EntryPoint\",\"urlTemplate\":\"https:\\\/\\\/patagoniambiental.com.ar\\\/info\\\/?s={search_term_string}\"},\"query-input\":{\"@type\":\"PropertyValueSpecification\",\"valueRequired\":true,\"valueName\":\"search_term_string\"}}],\"inLanguage\":\"es\"},{\"@type\":\"Organization\",\"@id\":\"https:\\\/\\\/patagoniambiental.com.ar\\\/info\\\/#organization\",\"name\":\"Patagonia Ambiental\",\"url\":\"https:\\\/\\\/patagoniambiental.com.ar\\\/info\\\/\",\"logo\":{\"@type\":\"ImageObject\",\"inLanguage\":\"es\",\"@id\":\"https:\\\/\\\/patagoniambiental.com.ar\\\/info\\\/#\\\/schema\\\/logo\\\/image\\\/\",\"url\":\"https:\\\/\\\/patagoniambiental.com.ar\\\/info\\\/wp-content\\\/uploads\\\/2025\\\/05\\\/LOGO-PATAGONIA-AMBIENTAL.png\",\"contentUrl\":\"https:\\\/\\\/patagoniambiental.com.ar\\\/info\\\/wp-content\\\/uploads\\\/2025\\\/05\\\/LOGO-PATAGONIA-AMBIENTAL.png\",\"width\":433,\"height\":250,\"caption\":\"Patagonia Ambiental\"},\"image\":{\"@id\":\"https:\\\/\\\/patagoniambiental.com.ar\\\/info\\\/#\\\/schema\\\/logo\\\/image\\\/\"},\"sameAs\":[\"https:\\\/\\\/www.facebook.com\\\/patagonia.ambiental\",\"https:\\\/\\\/x.com\\\/PatAmb\"]},{\"@type\":\"Person\",\"@id\":\"https:\\\/\\\/patagoniambiental.com.ar\\\/info\\\/#\\\/schema\\\/person\\\/db12bff64bbcbf6a253710bf0ea37b5d\",\"name\":\"Patagonia Ambiental\",\"description\":\"Andr\u00e9s Nievas T\u00e9cnico en manejo ambiental, consultor Ambiental y escritor para medios locales e internacionales sobre temas de geopolitica y medio ambiente.\",\"sameAs\":[\"http:\\\/\\\/www.patagoniambiental.com.ar\",\"https:\\\/\\\/www.facebook.com\\\/share\\\/1C1V8Gv9BX\\\/?mibextid=qi2Omg\",\"@patagoniambiental\",\"https:\\\/\\\/youtube.com\\\/@patagoniaambiental2023?si=BLt58t0wuXquxlYZ\"]}]}<\/script>\n<!-- \/ Yoast SEO Premium plugin. -->","yoast_head_json":{"title":"Tuvo media sanci\u00f3n la reforma del C\u00f3digo Civil y Comercial de la Naci\u00f3n para garantizar el libre acceso a r\u00edos, lagos y monta\u00f1as","robots":{"index":"index","follow":"follow","max-snippet":"max-snippet:-1","max-image-preview":"max-image-preview:large","max-video-preview":"max-video-preview:-1"},"canonical":"https:\/\/patagoniambiental.com.ar\/info\/tuvo-media-sancion-la-reforma-del-codigo-civil-y-comercial-de-la-nacion-para-garantizar-el-libre-acceso-a-rios-lagos-y-montanas\/","og_locale":"es_ES","og_type":"article","og_title":"Tuvo media sanci\u00f3n la reforma del C\u00f3digo Civil y Comercial de la Naci\u00f3n para garantizar el libre acceso a r\u00edos, lagos y monta\u00f1as","og_description":"El Senado dio media sanci\u00f3n al proyecto de ley de la senadora Silvina Garc\u00eda Larraburu, para modificar la nueva redacci\u00f3n [&hellip;]","og_url":"https:\/\/patagoniambiental.com.ar\/info\/tuvo-media-sancion-la-reforma-del-codigo-civil-y-comercial-de-la-nacion-para-garantizar-el-libre-acceso-a-rios-lagos-y-montanas\/","og_site_name":"Patagonia Ambiental","article_publisher":"https:\/\/www.facebook.com\/patagonia.ambiental","article_author":"https:\/\/www.facebook.com\/share\/1C1V8Gv9BX\/?mibextid=qi2Omg","article_published_time":"2015-11-28T12:57:40+00:00","author":"Patagonia Ambiental","twitter_card":"summary_large_image","twitter_creator":"@PatAmb","twitter_site":"@PatAmb","schema":{"@context":"https:\/\/schema.org","@graph":[{"@type":"Article","@id":"https:\/\/patagoniambiental.com.ar\/info\/tuvo-media-sancion-la-reforma-del-codigo-civil-y-comercial-de-la-nacion-para-garantizar-el-libre-acceso-a-rios-lagos-y-montanas\/#article","isPartOf":{"@id":"https:\/\/patagoniambiental.com.ar\/info\/tuvo-media-sancion-la-reforma-del-codigo-civil-y-comercial-de-la-nacion-para-garantizar-el-libre-acceso-a-rios-lagos-y-montanas\/"},"author":{"name":"Patagonia Ambiental","@id":"https:\/\/patagoniambiental.com.ar\/info\/#\/schema\/person\/db12bff64bbcbf6a253710bf0ea37b5d"},"headline":"Tuvo media sanci\u00f3n la reforma del C\u00f3digo Civil y Comercial de la Naci\u00f3n para garantizar el libre acceso a r\u00edos, lagos y monta\u00f1as","datePublished":"2015-11-28T12:57:40+00:00","mainEntityOfPage":{"@id":"https:\/\/patagoniambiental.com.ar\/info\/tuvo-media-sancion-la-reforma-del-codigo-civil-y-comercial-de-la-nacion-para-garantizar-el-libre-acceso-a-rios-lagos-y-montanas\/"},"wordCount":314,"publisher":{"@id":"https:\/\/patagoniambiental.com.ar\/info\/#organization"},"image":{"@id":"https:\/\/patagoniambiental.com.ar\/info\/tuvo-media-sancion-la-reforma-del-codigo-civil-y-comercial-de-la-nacion-para-garantizar-el-libre-acceso-a-rios-lagos-y-montanas\/#primaryimage"},"thumbnailUrl":"","articleSection":["Noticias"],"inLanguage":"es"},{"@type":"WebPage","@id":"https:\/\/patagoniambiental.com.ar\/info\/tuvo-media-sancion-la-reforma-del-codigo-civil-y-comercial-de-la-nacion-para-garantizar-el-libre-acceso-a-rios-lagos-y-montanas\/","url":"https:\/\/patagoniambiental.com.ar\/info\/tuvo-media-sancion-la-reforma-del-codigo-civil-y-comercial-de-la-nacion-para-garantizar-el-libre-acceso-a-rios-lagos-y-montanas\/","name":"Tuvo media sanci\u00f3n la reforma del C\u00f3digo Civil y Comercial de la Naci\u00f3n para garantizar el libre acceso a r\u00edos, lagos y monta\u00f1as","isPartOf":{"@id":"https:\/\/patagoniambiental.com.ar\/info\/#website"},"primaryImageOfPage":{"@id":"https:\/\/patagoniambiental.com.ar\/info\/tuvo-media-sancion-la-reforma-del-codigo-civil-y-comercial-de-la-nacion-para-garantizar-el-libre-acceso-a-rios-lagos-y-montanas\/#primaryimage"},"image":{"@id":"https:\/\/patagoniambiental.com.ar\/info\/tuvo-media-sancion-la-reforma-del-codigo-civil-y-comercial-de-la-nacion-para-garantizar-el-libre-acceso-a-rios-lagos-y-montanas\/#primaryimage"},"thumbnailUrl":"","datePublished":"2015-11-28T12:57:40+00:00","breadcrumb":{"@id":"https:\/\/patagoniambiental.com.ar\/info\/tuvo-media-sancion-la-reforma-del-codigo-civil-y-comercial-de-la-nacion-para-garantizar-el-libre-acceso-a-rios-lagos-y-montanas\/#breadcrumb"},"inLanguage":"es","potentialAction":[{"@type":"ReadAction","target":["https:\/\/patagoniambiental.com.ar\/info\/tuvo-media-sancion-la-reforma-del-codigo-civil-y-comercial-de-la-nacion-para-garantizar-el-libre-acceso-a-rios-lagos-y-montanas\/"]}]},{"@type":"ImageObject","inLanguage":"es","@id":"https:\/\/patagoniambiental.com.ar\/info\/tuvo-media-sancion-la-reforma-del-codigo-civil-y-comercial-de-la-nacion-para-garantizar-el-libre-acceso-a-rios-lagos-y-montanas\/#primaryimage","url":"","contentUrl":""},{"@type":"BreadcrumbList","@id":"https:\/\/patagoniambiental.com.ar\/info\/tuvo-media-sancion-la-reforma-del-codigo-civil-y-comercial-de-la-nacion-para-garantizar-el-libre-acceso-a-rios-lagos-y-montanas\/#breadcrumb","itemListElement":[{"@type":"ListItem","position":1,"name":"Inicio","item":"https:\/\/patagoniambiental.com.ar\/info\/"},{"@type":"ListItem","position":2,"name":"Tuvo media sanci\u00f3n la reforma del C\u00f3digo Civil y Comercial de la Naci\u00f3n para garantizar el libre acceso a r\u00edos, lagos y monta\u00f1as"}]},{"@type":"WebSite","@id":"https:\/\/patagoniambiental.com.ar\/info\/#website","url":"https:\/\/patagoniambiental.com.ar\/info\/","name":"Patagonia Ambiental","description":"Monitoreo y an\u00e1lisis de la situaci\u00f3n geopol\u00edtica en el mundo y su implicancia en la Patagonia","publisher":{"@id":"https:\/\/patagoniambiental.com.ar\/info\/#organization"},"potentialAction":[{"@type":"SearchAction","target":{"@type":"EntryPoint","urlTemplate":"https:\/\/patagoniambiental.com.ar\/info\/?s={search_term_string}"},"query-input":{"@type":"PropertyValueSpecification","valueRequired":true,"valueName":"search_term_string"}}],"inLanguage":"es"},{"@type":"Organization","@id":"https:\/\/patagoniambiental.com.ar\/info\/#organization","name":"Patagonia Ambiental","url":"https:\/\/patagoniambiental.com.ar\/info\/","logo":{"@type":"ImageObject","inLanguage":"es","@id":"https:\/\/patagoniambiental.com.ar\/info\/#\/schema\/logo\/image\/","url":"https:\/\/patagoniambiental.com.ar\/info\/wp-content\/uploads\/2025\/05\/LOGO-PATAGONIA-AMBIENTAL.png","contentUrl":"https:\/\/patagoniambiental.com.ar\/info\/wp-content\/uploads\/2025\/05\/LOGO-PATAGONIA-AMBIENTAL.png","width":433,"height":250,"caption":"Patagonia Ambiental"},"image":{"@id":"https:\/\/patagoniambiental.com.ar\/info\/#\/schema\/logo\/image\/"},"sameAs":["https:\/\/www.facebook.com\/patagonia.ambiental","https:\/\/x.com\/PatAmb"]},{"@type":"Person","@id":"https:\/\/patagoniambiental.com.ar\/info\/#\/schema\/person\/db12bff64bbcbf6a253710bf0ea37b5d","name":"Patagonia Ambiental","description":"Andr\u00e9s Nievas T\u00e9cnico en manejo ambiental, consultor Ambiental y escritor para medios locales e internacionales sobre temas de geopolitica y medio ambiente.","sameAs":["http:\/\/www.patagoniambiental.com.ar","https:\/\/www.facebook.com\/share\/1C1V8Gv9BX\/?mibextid=qi2Omg","@patagoniambiental","https:\/\/youtube.com\/@patagoniaambiental2023?si=BLt58t0wuXquxlYZ"]}]}},"_links":{"self":[{"href":"https:\/\/patagoniambiental.com.ar\/info\/wp-json\/wp\/v2\/posts\/15442","targetHints":{"allow":["GET"]}}],"collection":[{"href":"https:\/\/patagoniambiental.com.ar\/info\/wp-json\/wp\/v2\/posts"}],"about":[{"href":"https:\/\/patagoniambiental.com.ar\/info\/wp-json\/wp\/v2\/types\/post"}],"author":[{"embeddable":true,"href":"https:\/\/patagoniambiental.com.ar\/info\/wp-json\/wp\/v2\/users\/2"}],"replies":[{"embeddable":true,"href":"https:\/\/patagoniambiental.com.ar\/info\/wp-json\/wp\/v2\/comments?post=15442"}],"version-history":[{"count":0,"href":"https:\/\/patagoniambiental.com.ar\/info\/wp-json\/wp\/v2\/posts\/15442\/revisions"}],"wp:featuredmedia":[{"embeddable":true,"href":"https:\/\/patagoniambiental.com.ar\/info\/wp-json\/"}],"wp:attachment":[{"href":"https:\/\/patagoniambiental.com.ar\/info\/wp-json\/wp\/v2\/media?parent=15442"}],"wp:term":[{"taxonomy":"category","embeddable":true,"href":"https:\/\/patagoniambiental.com.ar\/info\/wp-json\/wp\/v2\/categories?post=15442"},{"taxonomy":"post_tag","embeddable":true,"href":"https:\/\/patagoniambiental.com.ar\/info\/wp-json\/wp\/v2\/tags?post=15442"}],"curies":[{"name":"wp","href":"https:\/\/api.w.org\/{rel}","templated":true}]}}