{"id":15542,"date":"2015-11-30T09:00:47","date_gmt":"2015-11-30T12:00:47","guid":{"rendered":"http:\/\/patagoniambiental.com.ar\/?p=15542"},"modified":"2015-11-30T09:00:47","modified_gmt":"2015-11-30T12:00:47","slug":"comienza-hoy-la-cumbre-mundial-sobre-cambio-climatico-en-paris","status":"publish","type":"post","link":"https:\/\/patagoniambiental.com.ar\/info\/comienza-hoy-la-cumbre-mundial-sobre-cambio-climatico-en-paris\/","title":{"rendered":"Comienza hoy la cumbre mundial sobre cambio clim\u00e1tico en Par\u00eds"},"content":{"rendered":"<div class=\"head-content\">\n<div class=\"copete\">\n<p>Representantes de 195 pa\u00edses participar\u00e1n a partir de hoy en Par\u00eds \u00a0de la Cumbre Mundial sobre Cambio Clim\u00e1tico. En el encuentro Argentina ratificar\u00e1 su predisposici\u00f3n a reducir en un 30 por ciento en 15 a\u00f1os la emisi\u00f3n de gases causantes del efecto invernaderos (GEI).<\/p>\n<p>As\u00ed lo establece el informe que la Argentina present\u00f3 en forma previa a la Cumbre ante la Secretaria de la Convenci\u00f3n Marco de las Naciones Unidas para el Cambio Clim\u00e1tico (CMNUCC), donde tambi\u00e9n se hace referencia a la \u00abnecesidad de contar con apoyo\u00bb de los pa\u00edses desarrollados para \u00abhacer frente a las consecuencias del cambio clim\u00e1tico\u00bb como son las inundaciones o las sequ\u00edas.<\/p>\n<p>Desde la revoluci\u00f3n industrial hasta hoy, la quema de combustibles f\u00f3siles como el petr\u00f3leo, el carb\u00f3n y el gas liber\u00f3 gases de efecto invernadero (CO2) a la atm\u00f3sfera, aumentando la temperatura de la tierra y provocando una distorsi\u00f3n en el sistema clim\u00e1tico global.<\/p>\n<p>Los cient\u00edficos advierten que si el aumento de la temperatura global supera los 2\u00b0C las consecuencias tendr\u00edan impactos econ\u00f3micos, sociales, pol\u00edticos, culturales y ambientales en todas las regiones del mundo.<\/p>\n<p>Se\u00f1alan que el derretimiento de los glaciares y otras masas de hielos permanentes en todo el planeta pondr\u00edan en riesgo las m\u00e1s importantes reservas de agua dulce del mundo y causar\u00edan la crecida del nivel del mar.<br \/>\nOtras consecuencias estar\u00edan dadas por el incremento de olas de calor, inundaciones y sequ\u00edas, adem\u00e1s de la expansi\u00f3n de enfermedades y el colapso de numerosos ecosistemas.<\/p>\n<p>\u00abEstamos en condiciones de asegurar que hasta el 2030 vamos a realizar una contribuci\u00f3n con el apoyo de los organismos internacionales del 30% sin dejar afuera a nadie, sin dejar de crecer con nuestra industria y sin presentar n\u00fameros imposibles de alcanzar\u00bb, dijo al presentar el secretario de Ambiente y Desarrollo Sustentable de la Naci\u00f3n, Sergio Lorusso.<\/p>\n<p>El documento previo presentado ante la ONU, que coincide en t\u00e9rminos generales con la posici\u00f3n sustentada por los pa\u00edses de la regi\u00f3n latinoamericana, abarca una contextualizaci\u00f3n socio econ\u00f3mica de la Argentina, precisa las circunstancias del pa\u00eds; la vulnerabilidad e impactos del cambio clim\u00e1tico y el perfil de emisiones de GEI.<br \/>\n\u00abDesde hace a\u00f1os, venimos implementando acciones nacionales voluntarias de mitigaci\u00f3n y adaptaci\u00f3n en diferentes sectores como la agricultura, la energ\u00eda y el transporte\u00bb, explic\u00f3 Lorusso.<br \/>\n\u00abEn esta historia nosotros (Argentina) que somos los que estamos haciendo un aporte importante en el tema contribuci\u00f3n somos los que menos emitimos. Desde que todo esto empez\u00f3 hasta el protocolo de Kyoto, curiosamente, hay algunos pa\u00edses que no suscribieron y curiosamente son los que m\u00e1s emitieron; nosotros esperamos que estos pa\u00edses tambi\u00e9n se comprometan y tambi\u00e9n cumplan con sus metas. Porque este es un problema en el que todos tenemos responsabilidades pero diferenciadas\u00bb, precis\u00f3 Lorusso, en relaci\u00f3n a los temas a debatir en la Cumbre de Par\u00eds .<\/p>\n<\/div>\n<p>Las naciones que estar\u00e1n representadas en la capital francesa tiene como objetivo acordar un pacto que gestione el proceso mundial de descarbonizaci\u00f3n para que la temperatura del planeta no supere los peligrosos 2 grados a finales del siglo XXI, as\u00ed como para colaborar en la adaptaci\u00f3n a los impactos que producir\u00e1 el cambio clim\u00e1tico a\u00fan cuando no se supere ese l\u00edmite.<\/p>\n<p>El acuerdo, seg\u00fan rese\u00f1\u00f3 un despacho de la Agencia EFE, entrar\u00eda en vigor en 2020, tiene vocaci\u00f3n de perdurar hasta 2050 y sustituir\u00eda la segunda fase del Protocolo de Kyoto, aunque a diferencia de \u00e9ste, que s\u00f3lo inclu\u00eda a un grupo de pa\u00edses industrializados que representan el 11 % de las emisiones, el nuevo acuerdo incluye responsabilidades para todos los pa\u00edses y cubrir\u00eda casi el 100 % de los gases.<\/p>\n<p>Cerca de 170 pa\u00edses responsables del 95 % de las emisiones, entre ellos la Argentina, han remitido a Naciones Unidas compromisos de reducci\u00f3n de emisiones para Par\u00eds.<\/p>\n<p>M\u00e1s all\u00e1 de los compromisos, la finalidad del pacto es marcar el principio del fin de los combustibles f\u00f3siles, enviando un mensaje contundente a los mercados de la apuesta pol\u00edtica mundial por una econom\u00eda baja en carbono.<br \/>\nEste objetivo se debe materializar en el texto con una fecha para las emisiones mundiales toquen techo, otra de reducci\u00f3n para 2050 y el fin de las emisiones en 2100.<\/p>\n<p>Los tres principales puntos de desacuerdo en la negociaci\u00f3n son la financiaci\u00f3n para mitigaci\u00f3n y adaptaci\u00f3n al cambio clim\u00e1tico en los pa\u00edses m\u00e1s vulnerables; la diferenciaci\u00f3n o no entre pa\u00edses ricos y pobres y la ambici\u00f3n del acuerdo m\u00e1s all\u00e1 de una mera declaraci\u00f3n de intenciones, seg\u00fan rese\u00f1aron especialistas.<\/p>\n<\/div>\n<div class=\"wrapper-main-content clearfix\"><\/div>\n","protected":false},"excerpt":{"rendered":"<p>Representantes de 195 pa\u00edses participar\u00e1n a partir de hoy en Par\u00eds \u00a0de la Cumbre Mundial sobre Cambio Clim\u00e1tico. En el [&hellip;]<\/p>\n","protected":false},"author":2,"featured_media":15543,"comment_status":"closed","ping_status":"closed","sticky":false,"template":"","format":"standard","meta":{"site-sidebar-layout":"default","site-content-layout":"","ast-site-content-layout":"default","site-content-style":"default","site-sidebar-style":"default","ast-global-header-display":"","ast-banner-title-visibility":"","ast-main-header-display":"","ast-hfb-above-header-display":"","ast-hfb-below-header-display":"","ast-hfb-mobile-header-display":"","site-post-title":"","ast-breadcrumbs-content":"","ast-featured-img":"","footer-sml-layout":"","ast-disable-related-posts":"","theme-transparent-header-meta":"","adv-header-id-meta":"","stick-header-meta":"","header-above-stick-meta":"","header-main-stick-meta":"","header-below-stick-meta":"","astra-migrate-meta-layouts":"default","ast-page-background-enabled":"default","ast-page-background-meta":{"desktop":{"background-color":"var(--ast-global-color-5)","background-image":"","background-repeat":"repeat","background-position":"center center","background-size":"auto","background-attachment":"scroll","background-type":"","background-media":"","overlay-type":"","overlay-color":"","overlay-opacity":"","overlay-gradient":""},"tablet":{"background-color":"","background-image":"","background-repeat":"repeat","background-position":"center center","background-size":"auto","background-attachment":"scroll","background-type":"","background-media":"","overlay-type":"","overlay-color":"","overlay-opacity":"","overlay-gradient":""},"mobile":{"background-color":"","background-image":"","background-repeat":"repeat","background-position":"center center","background-size":"auto","background-attachment":"scroll","background-type":"","background-media":"","overlay-type":"","overlay-color":"","overlay-opacity":"","overlay-gradient":""}},"ast-content-background-meta":{"desktop":{"background-color":"var(--ast-global-color-4)","background-image":"","background-repeat":"repeat","background-position":"center center","background-size":"auto","background-attachment":"scroll","background-type":"","background-media":"","overlay-type":"","overlay-color":"","overlay-opacity":"","overlay-gradient":""},"tablet":{"background-color":"var(--ast-global-color-4)","background-image":"","background-repeat":"repeat","background-position":"center center","background-size":"auto","background-attachment":"scroll","background-type":"","background-media":"","overlay-type":"","overlay-color":"","overlay-opacity":"","overlay-gradient":""},"mobile":{"background-color":"var(--ast-global-color-4)","background-image":"","background-repeat":"repeat","background-position":"center center","background-size":"auto","background-attachment":"scroll","background-type":"","background-media":"","overlay-type":"","overlay-color":"","overlay-opacity":"","overlay-gradient":""}},"footnotes":""},"categories":[1],"tags":[],"class_list":["post-15542","post","type-post","status-publish","format-standard","has-post-thumbnail","hentry","category-noticias"],"yoast_head":"<!-- This site is optimized with the Yoast SEO Premium plugin v23.0 (Yoast SEO v27.5) - https:\/\/yoast.com\/product\/yoast-seo-premium-wordpress\/ -->\n<title>Comienza hoy la cumbre mundial sobre cambio clim\u00e1tico en Par\u00eds<\/title>\n<meta name=\"robots\" content=\"index, follow, max-snippet:-1, max-image-preview:large, max-video-preview:-1\" \/>\n<link rel=\"canonical\" href=\"https:\/\/patagoniambiental.com.ar\/info\/comienza-hoy-la-cumbre-mundial-sobre-cambio-climatico-en-paris\/\" \/>\n<meta property=\"og:locale\" content=\"es_ES\" \/>\n<meta property=\"og:type\" content=\"article\" \/>\n<meta property=\"og:title\" content=\"Comienza hoy la cumbre mundial sobre cambio clim\u00e1tico en Par\u00eds\" \/>\n<meta property=\"og:description\" content=\"Representantes de 195 pa\u00edses participar\u00e1n a partir de hoy en Par\u00eds \u00a0de la Cumbre Mundial sobre Cambio Clim\u00e1tico. En el [&hellip;]\" \/>\n<meta property=\"og:url\" content=\"https:\/\/patagoniambiental.com.ar\/info\/comienza-hoy-la-cumbre-mundial-sobre-cambio-climatico-en-paris\/\" \/>\n<meta property=\"og:site_name\" content=\"Patagonia Ambiental\" \/>\n<meta property=\"article:publisher\" content=\"https:\/\/www.facebook.com\/patagonia.ambiental\" \/>\n<meta property=\"article:author\" content=\"https:\/\/www.facebook.com\/share\/1C1V8Gv9BX\/?mibextid=qi2Omg\" \/>\n<meta property=\"article:published_time\" content=\"2015-11-30T12:00:47+00:00\" \/>\n<meta name=\"author\" content=\"Patagonia Ambiental\" \/>\n<meta name=\"twitter:card\" content=\"summary_large_image\" \/>\n<meta name=\"twitter:creator\" content=\"@PatAmb\" \/>\n<meta name=\"twitter:site\" content=\"@PatAmb\" \/>\n<script type=\"application\/ld+json\" class=\"yoast-schema-graph\">{\"@context\":\"https:\\\/\\\/schema.org\",\"@graph\":[{\"@type\":\"Article\",\"@id\":\"https:\\\/\\\/patagoniambiental.com.ar\\\/info\\\/comienza-hoy-la-cumbre-mundial-sobre-cambio-climatico-en-paris\\\/#article\",\"isPartOf\":{\"@id\":\"https:\\\/\\\/patagoniambiental.com.ar\\\/info\\\/comienza-hoy-la-cumbre-mundial-sobre-cambio-climatico-en-paris\\\/\"},\"author\":{\"name\":\"Patagonia Ambiental\",\"@id\":\"https:\\\/\\\/patagoniambiental.com.ar\\\/info\\\/#\\\/schema\\\/person\\\/db12bff64bbcbf6a253710bf0ea37b5d\"},\"headline\":\"Comienza hoy la cumbre mundial sobre cambio clim\u00e1tico en Par\u00eds\",\"datePublished\":\"2015-11-30T12:00:47+00:00\",\"mainEntityOfPage\":{\"@id\":\"https:\\\/\\\/patagoniambiental.com.ar\\\/info\\\/comienza-hoy-la-cumbre-mundial-sobre-cambio-climatico-en-paris\\\/\"},\"wordCount\":824,\"publisher\":{\"@id\":\"https:\\\/\\\/patagoniambiental.com.ar\\\/info\\\/#organization\"},\"image\":{\"@id\":\"https:\\\/\\\/patagoniambiental.com.ar\\\/info\\\/comienza-hoy-la-cumbre-mundial-sobre-cambio-climatico-en-paris\\\/#primaryimage\"},\"thumbnailUrl\":\"\",\"articleSection\":[\"Noticias\"],\"inLanguage\":\"es\"},{\"@type\":\"WebPage\",\"@id\":\"https:\\\/\\\/patagoniambiental.com.ar\\\/info\\\/comienza-hoy-la-cumbre-mundial-sobre-cambio-climatico-en-paris\\\/\",\"url\":\"https:\\\/\\\/patagoniambiental.com.ar\\\/info\\\/comienza-hoy-la-cumbre-mundial-sobre-cambio-climatico-en-paris\\\/\",\"name\":\"Comienza hoy la cumbre mundial sobre cambio clim\u00e1tico en Par\u00eds\",\"isPartOf\":{\"@id\":\"https:\\\/\\\/patagoniambiental.com.ar\\\/info\\\/#website\"},\"primaryImageOfPage\":{\"@id\":\"https:\\\/\\\/patagoniambiental.com.ar\\\/info\\\/comienza-hoy-la-cumbre-mundial-sobre-cambio-climatico-en-paris\\\/#primaryimage\"},\"image\":{\"@id\":\"https:\\\/\\\/patagoniambiental.com.ar\\\/info\\\/comienza-hoy-la-cumbre-mundial-sobre-cambio-climatico-en-paris\\\/#primaryimage\"},\"thumbnailUrl\":\"\",\"datePublished\":\"2015-11-30T12:00:47+00:00\",\"breadcrumb\":{\"@id\":\"https:\\\/\\\/patagoniambiental.com.ar\\\/info\\\/comienza-hoy-la-cumbre-mundial-sobre-cambio-climatico-en-paris\\\/#breadcrumb\"},\"inLanguage\":\"es\",\"potentialAction\":[{\"@type\":\"ReadAction\",\"target\":[\"https:\\\/\\\/patagoniambiental.com.ar\\\/info\\\/comienza-hoy-la-cumbre-mundial-sobre-cambio-climatico-en-paris\\\/\"]}]},{\"@type\":\"ImageObject\",\"inLanguage\":\"es\",\"@id\":\"https:\\\/\\\/patagoniambiental.com.ar\\\/info\\\/comienza-hoy-la-cumbre-mundial-sobre-cambio-climatico-en-paris\\\/#primaryimage\",\"url\":\"\",\"contentUrl\":\"\"},{\"@type\":\"BreadcrumbList\",\"@id\":\"https:\\\/\\\/patagoniambiental.com.ar\\\/info\\\/comienza-hoy-la-cumbre-mundial-sobre-cambio-climatico-en-paris\\\/#breadcrumb\",\"itemListElement\":[{\"@type\":\"ListItem\",\"position\":1,\"name\":\"Inicio\",\"item\":\"https:\\\/\\\/patagoniambiental.com.ar\\\/info\\\/\"},{\"@type\":\"ListItem\",\"position\":2,\"name\":\"Comienza hoy la cumbre mundial sobre cambio clim\u00e1tico en Par\u00eds\"}]},{\"@type\":\"WebSite\",\"@id\":\"https:\\\/\\\/patagoniambiental.com.ar\\\/info\\\/#website\",\"url\":\"https:\\\/\\\/patagoniambiental.com.ar\\\/info\\\/\",\"name\":\"Patagonia Ambiental\",\"description\":\"Monitoreo y an\u00e1lisis de la situaci\u00f3n geopol\u00edtica en el mundo y su implicancia en la Patagonia\",\"publisher\":{\"@id\":\"https:\\\/\\\/patagoniambiental.com.ar\\\/info\\\/#organization\"},\"potentialAction\":[{\"@type\":\"SearchAction\",\"target\":{\"@type\":\"EntryPoint\",\"urlTemplate\":\"https:\\\/\\\/patagoniambiental.com.ar\\\/info\\\/?s={search_term_string}\"},\"query-input\":{\"@type\":\"PropertyValueSpecification\",\"valueRequired\":true,\"valueName\":\"search_term_string\"}}],\"inLanguage\":\"es\"},{\"@type\":\"Organization\",\"@id\":\"https:\\\/\\\/patagoniambiental.com.ar\\\/info\\\/#organization\",\"name\":\"Patagonia Ambiental\",\"url\":\"https:\\\/\\\/patagoniambiental.com.ar\\\/info\\\/\",\"logo\":{\"@type\":\"ImageObject\",\"inLanguage\":\"es\",\"@id\":\"https:\\\/\\\/patagoniambiental.com.ar\\\/info\\\/#\\\/schema\\\/logo\\\/image\\\/\",\"url\":\"https:\\\/\\\/patagoniambiental.com.ar\\\/info\\\/wp-content\\\/uploads\\\/2025\\\/05\\\/LOGO-PATAGONIA-AMBIENTAL.png\",\"contentUrl\":\"https:\\\/\\\/patagoniambiental.com.ar\\\/info\\\/wp-content\\\/uploads\\\/2025\\\/05\\\/LOGO-PATAGONIA-AMBIENTAL.png\",\"width\":433,\"height\":250,\"caption\":\"Patagonia Ambiental\"},\"image\":{\"@id\":\"https:\\\/\\\/patagoniambiental.com.ar\\\/info\\\/#\\\/schema\\\/logo\\\/image\\\/\"},\"sameAs\":[\"https:\\\/\\\/www.facebook.com\\\/patagonia.ambiental\",\"https:\\\/\\\/x.com\\\/PatAmb\"]},{\"@type\":\"Person\",\"@id\":\"https:\\\/\\\/patagoniambiental.com.ar\\\/info\\\/#\\\/schema\\\/person\\\/db12bff64bbcbf6a253710bf0ea37b5d\",\"name\":\"Patagonia Ambiental\",\"description\":\"Andr\u00e9s Nievas T\u00e9cnico en manejo ambiental, consultor Ambiental y escritor para medios locales e internacionales sobre temas de geopolitica y medio ambiente.\",\"sameAs\":[\"http:\\\/\\\/www.patagoniambiental.com.ar\",\"https:\\\/\\\/www.facebook.com\\\/share\\\/1C1V8Gv9BX\\\/?mibextid=qi2Omg\",\"@patagoniambiental\",\"https:\\\/\\\/youtube.com\\\/@patagoniaambiental2023?si=BLt58t0wuXquxlYZ\"]}]}<\/script>\n<!-- \/ Yoast SEO Premium plugin. -->","yoast_head_json":{"title":"Comienza hoy la cumbre mundial sobre cambio clim\u00e1tico en Par\u00eds","robots":{"index":"index","follow":"follow","max-snippet":"max-snippet:-1","max-image-preview":"max-image-preview:large","max-video-preview":"max-video-preview:-1"},"canonical":"https:\/\/patagoniambiental.com.ar\/info\/comienza-hoy-la-cumbre-mundial-sobre-cambio-climatico-en-paris\/","og_locale":"es_ES","og_type":"article","og_title":"Comienza hoy la cumbre mundial sobre cambio clim\u00e1tico en Par\u00eds","og_description":"Representantes de 195 pa\u00edses participar\u00e1n a partir de hoy en Par\u00eds \u00a0de la Cumbre Mundial sobre Cambio Clim\u00e1tico. En el [&hellip;]","og_url":"https:\/\/patagoniambiental.com.ar\/info\/comienza-hoy-la-cumbre-mundial-sobre-cambio-climatico-en-paris\/","og_site_name":"Patagonia Ambiental","article_publisher":"https:\/\/www.facebook.com\/patagonia.ambiental","article_author":"https:\/\/www.facebook.com\/share\/1C1V8Gv9BX\/?mibextid=qi2Omg","article_published_time":"2015-11-30T12:00:47+00:00","author":"Patagonia Ambiental","twitter_card":"summary_large_image","twitter_creator":"@PatAmb","twitter_site":"@PatAmb","schema":{"@context":"https:\/\/schema.org","@graph":[{"@type":"Article","@id":"https:\/\/patagoniambiental.com.ar\/info\/comienza-hoy-la-cumbre-mundial-sobre-cambio-climatico-en-paris\/#article","isPartOf":{"@id":"https:\/\/patagoniambiental.com.ar\/info\/comienza-hoy-la-cumbre-mundial-sobre-cambio-climatico-en-paris\/"},"author":{"name":"Patagonia Ambiental","@id":"https:\/\/patagoniambiental.com.ar\/info\/#\/schema\/person\/db12bff64bbcbf6a253710bf0ea37b5d"},"headline":"Comienza hoy la cumbre mundial sobre cambio clim\u00e1tico en Par\u00eds","datePublished":"2015-11-30T12:00:47+00:00","mainEntityOfPage":{"@id":"https:\/\/patagoniambiental.com.ar\/info\/comienza-hoy-la-cumbre-mundial-sobre-cambio-climatico-en-paris\/"},"wordCount":824,"publisher":{"@id":"https:\/\/patagoniambiental.com.ar\/info\/#organization"},"image":{"@id":"https:\/\/patagoniambiental.com.ar\/info\/comienza-hoy-la-cumbre-mundial-sobre-cambio-climatico-en-paris\/#primaryimage"},"thumbnailUrl":"","articleSection":["Noticias"],"inLanguage":"es"},{"@type":"WebPage","@id":"https:\/\/patagoniambiental.com.ar\/info\/comienza-hoy-la-cumbre-mundial-sobre-cambio-climatico-en-paris\/","url":"https:\/\/patagoniambiental.com.ar\/info\/comienza-hoy-la-cumbre-mundial-sobre-cambio-climatico-en-paris\/","name":"Comienza hoy la cumbre mundial sobre cambio clim\u00e1tico en Par\u00eds","isPartOf":{"@id":"https:\/\/patagoniambiental.com.ar\/info\/#website"},"primaryImageOfPage":{"@id":"https:\/\/patagoniambiental.com.ar\/info\/comienza-hoy-la-cumbre-mundial-sobre-cambio-climatico-en-paris\/#primaryimage"},"image":{"@id":"https:\/\/patagoniambiental.com.ar\/info\/comienza-hoy-la-cumbre-mundial-sobre-cambio-climatico-en-paris\/#primaryimage"},"thumbnailUrl":"","datePublished":"2015-11-30T12:00:47+00:00","breadcrumb":{"@id":"https:\/\/patagoniambiental.com.ar\/info\/comienza-hoy-la-cumbre-mundial-sobre-cambio-climatico-en-paris\/#breadcrumb"},"inLanguage":"es","potentialAction":[{"@type":"ReadAction","target":["https:\/\/patagoniambiental.com.ar\/info\/comienza-hoy-la-cumbre-mundial-sobre-cambio-climatico-en-paris\/"]}]},{"@type":"ImageObject","inLanguage":"es","@id":"https:\/\/patagoniambiental.com.ar\/info\/comienza-hoy-la-cumbre-mundial-sobre-cambio-climatico-en-paris\/#primaryimage","url":"","contentUrl":""},{"@type":"BreadcrumbList","@id":"https:\/\/patagoniambiental.com.ar\/info\/comienza-hoy-la-cumbre-mundial-sobre-cambio-climatico-en-paris\/#breadcrumb","itemListElement":[{"@type":"ListItem","position":1,"name":"Inicio","item":"https:\/\/patagoniambiental.com.ar\/info\/"},{"@type":"ListItem","position":2,"name":"Comienza hoy la cumbre mundial sobre cambio clim\u00e1tico en Par\u00eds"}]},{"@type":"WebSite","@id":"https:\/\/patagoniambiental.com.ar\/info\/#website","url":"https:\/\/patagoniambiental.com.ar\/info\/","name":"Patagonia Ambiental","description":"Monitoreo y an\u00e1lisis de la situaci\u00f3n geopol\u00edtica en el mundo y su implicancia en la Patagonia","publisher":{"@id":"https:\/\/patagoniambiental.com.ar\/info\/#organization"},"potentialAction":[{"@type":"SearchAction","target":{"@type":"EntryPoint","urlTemplate":"https:\/\/patagoniambiental.com.ar\/info\/?s={search_term_string}"},"query-input":{"@type":"PropertyValueSpecification","valueRequired":true,"valueName":"search_term_string"}}],"inLanguage":"es"},{"@type":"Organization","@id":"https:\/\/patagoniambiental.com.ar\/info\/#organization","name":"Patagonia Ambiental","url":"https:\/\/patagoniambiental.com.ar\/info\/","logo":{"@type":"ImageObject","inLanguage":"es","@id":"https:\/\/patagoniambiental.com.ar\/info\/#\/schema\/logo\/image\/","url":"https:\/\/patagoniambiental.com.ar\/info\/wp-content\/uploads\/2025\/05\/LOGO-PATAGONIA-AMBIENTAL.png","contentUrl":"https:\/\/patagoniambiental.com.ar\/info\/wp-content\/uploads\/2025\/05\/LOGO-PATAGONIA-AMBIENTAL.png","width":433,"height":250,"caption":"Patagonia Ambiental"},"image":{"@id":"https:\/\/patagoniambiental.com.ar\/info\/#\/schema\/logo\/image\/"},"sameAs":["https:\/\/www.facebook.com\/patagonia.ambiental","https:\/\/x.com\/PatAmb"]},{"@type":"Person","@id":"https:\/\/patagoniambiental.com.ar\/info\/#\/schema\/person\/db12bff64bbcbf6a253710bf0ea37b5d","name":"Patagonia Ambiental","description":"Andr\u00e9s Nievas T\u00e9cnico en manejo ambiental, consultor Ambiental y escritor para medios locales e internacionales sobre temas de geopolitica y medio ambiente.","sameAs":["http:\/\/www.patagoniambiental.com.ar","https:\/\/www.facebook.com\/share\/1C1V8Gv9BX\/?mibextid=qi2Omg","@patagoniambiental","https:\/\/youtube.com\/@patagoniaambiental2023?si=BLt58t0wuXquxlYZ"]}]}},"_links":{"self":[{"href":"https:\/\/patagoniambiental.com.ar\/info\/wp-json\/wp\/v2\/posts\/15542","targetHints":{"allow":["GET"]}}],"collection":[{"href":"https:\/\/patagoniambiental.com.ar\/info\/wp-json\/wp\/v2\/posts"}],"about":[{"href":"https:\/\/patagoniambiental.com.ar\/info\/wp-json\/wp\/v2\/types\/post"}],"author":[{"embeddable":true,"href":"https:\/\/patagoniambiental.com.ar\/info\/wp-json\/wp\/v2\/users\/2"}],"replies":[{"embeddable":true,"href":"https:\/\/patagoniambiental.com.ar\/info\/wp-json\/wp\/v2\/comments?post=15542"}],"version-history":[{"count":0,"href":"https:\/\/patagoniambiental.com.ar\/info\/wp-json\/wp\/v2\/posts\/15542\/revisions"}],"wp:featuredmedia":[{"embeddable":true,"href":"https:\/\/patagoniambiental.com.ar\/info\/wp-json\/"}],"wp:attachment":[{"href":"https:\/\/patagoniambiental.com.ar\/info\/wp-json\/wp\/v2\/media?parent=15542"}],"wp:term":[{"taxonomy":"category","embeddable":true,"href":"https:\/\/patagoniambiental.com.ar\/info\/wp-json\/wp\/v2\/categories?post=15542"},{"taxonomy":"post_tag","embeddable":true,"href":"https:\/\/patagoniambiental.com.ar\/info\/wp-json\/wp\/v2\/tags?post=15542"}],"curies":[{"name":"wp","href":"https:\/\/api.w.org\/{rel}","templated":true}]}}