{"id":15545,"date":"2015-11-30T09:00:29","date_gmt":"2015-11-30T12:00:29","guid":{"rendered":"http:\/\/patagoniambiental.com.ar\/?p=15545"},"modified":"2015-11-30T09:00:29","modified_gmt":"2015-11-30T12:00:29","slug":"joven-argentina-fue-elegida-por-la-unesco-para-hablar-en-la-cumbre-mundial-sobre-el-cambio-climatico","status":"publish","type":"post","link":"https:\/\/patagoniambiental.com.ar\/info\/joven-argentina-fue-elegida-por-la-unesco-para-hablar-en-la-cumbre-mundial-sobre-el-cambio-climatico\/","title":{"rendered":"Joven argentina fue elegida por la Unesco para hablar en la Cumbre Mundial sobre el Cambio Clim\u00e1tico"},"content":{"rendered":"<p class=\"selectionShareable\">Nasha Cuello Cuvelier ser\u00e1 una de las dos embajadoras que el organismo de la ONU mandar\u00e1 a la cumbre que comenzar hoy en Par\u00eds(COP21) , Francia.\u00a0La joven, de 25 a\u00f1os, ser\u00e1 la encargada de representar a su generaci\u00f3n y pedir\u00e1 que los j\u00f3venes sean incluidos en las\u00a0discusiones referidas al tema.<\/p>\n<p>Ella y el filipino Nicol\u00e1s Aquino fueron seleccionados entre 400 j\u00f3venes\u00a0que participaron del \u00faltimo foro de la juventud de ese organismo de las Naciones Unidas.<\/p>\n<p>\u00abLo que m\u00e1s esperamos es que los compromisos pasen a la acci\u00f3n. Es una fecha clave porque podemos ser la generaci\u00f3n que realice el cambio para detener el aumento de la temperatura global por debajo de los dos grados\u00bb, destac\u00f3 Nasha en una entrevista con el diario La Naci\u00f3n.<\/p>\n<p>\u00abNosotros vamos a ser los l\u00edderes del ma\u00f1ana y vamos a recibir un mundo destruido; queremos ser parte del proceso que lo transforme en sustentable desde la innovaci\u00f3n, la tecnolog\u00eda y el trabajo\u00bb, destac\u00f3, y agreg\u00f3 que hablar\u00e1 en nombre de los j\u00f3venes no solo \u00absiendo el futuro, sino tambi\u00e9n el presente\u00bb:<\/p>\n<p>&nbsp;<\/p>\n<p class=\"selectionShareable\">Nasha estudia Ciencias Ambientales en la Facultad de Agronom\u00edade la Universidad de Buenos Aires y, como miembro de la\u00a0Fundaci\u00f3n Eidos, trabaja en proyectos de educaci\u00f3n.<\/p>\n<p class=\"selectionShareable\">En el foro de la juventud de la Unesco, Nasha particip\u00f3 de un proyecto educativo llamado Ecodebate\u00a0se les pide a estudiantes de escuelas secundarias que identifiquen una iniciativa dentro de su comunidad.<\/p>\n","protected":false},"excerpt":{"rendered":"<p>Nasha Cuello Cuvelier ser\u00e1 una de las dos embajadoras que el organismo de la ONU mandar\u00e1 a la cumbre que [&hellip;]<\/p>\n","protected":false},"author":2,"featured_media":15546,"comment_status":"closed","ping_status":"closed","sticky":false,"template":"","format":"standard","meta":{"site-sidebar-layout":"default","site-content-layout":"","ast-site-content-layout":"default","site-content-style":"default","site-sidebar-style":"default","ast-global-header-display":"","ast-banner-title-visibility":"","ast-main-header-display":"","ast-hfb-above-header-display":"","ast-hfb-below-header-display":"","ast-hfb-mobile-header-display":"","site-post-title":"","ast-breadcrumbs-content":"","ast-featured-img":"","footer-sml-layout":"","ast-disable-related-posts":"","theme-transparent-header-meta":"","adv-header-id-meta":"","stick-header-meta":"","header-above-stick-meta":"","header-main-stick-meta":"","header-below-stick-meta":"","astra-migrate-meta-layouts":"default","ast-page-background-enabled":"default","ast-page-background-meta":{"desktop":{"background-color":"var(--ast-global-color-5)","background-image":"","background-repeat":"repeat","background-position":"center center","background-size":"auto","background-attachment":"scroll","background-type":"","background-media":"","overlay-type":"","overlay-color":"","overlay-opacity":"","overlay-gradient":""},"tablet":{"background-color":"","background-image":"","background-repeat":"repeat","background-position":"center center","background-size":"auto","background-attachment":"scroll","background-type":"","background-media":"","overlay-type":"","overlay-color":"","overlay-opacity":"","overlay-gradient":""},"mobile":{"background-color":"","background-image":"","background-repeat":"repeat","background-position":"center center","background-size":"auto","background-attachment":"scroll","background-type":"","background-media":"","overlay-type":"","overlay-color":"","overlay-opacity":"","overlay-gradient":""}},"ast-content-background-meta":{"desktop":{"background-color":"var(--ast-global-color-4)","background-image":"","background-repeat":"repeat","background-position":"center center","background-size":"auto","background-attachment":"scroll","background-type":"","background-media":"","overlay-type":"","overlay-color":"","overlay-opacity":"","overlay-gradient":""},"tablet":{"background-color":"var(--ast-global-color-4)","background-image":"","background-repeat":"repeat","background-position":"center center","background-size":"auto","background-attachment":"scroll","background-type":"","background-media":"","overlay-type":"","overlay-color":"","overlay-opacity":"","overlay-gradient":""},"mobile":{"background-color":"var(--ast-global-color-4)","background-image":"","background-repeat":"repeat","background-position":"center center","background-size":"auto","background-attachment":"scroll","background-type":"","background-media":"","overlay-type":"","overlay-color":"","overlay-opacity":"","overlay-gradient":""}},"footnotes":""},"categories":[1],"tags":[],"class_list":["post-15545","post","type-post","status-publish","format-standard","has-post-thumbnail","hentry","category-noticias"],"yoast_head":"<!-- This site is optimized with the Yoast SEO Premium plugin v23.0 (Yoast SEO v27.5) - https:\/\/yoast.com\/product\/yoast-seo-premium-wordpress\/ -->\n<title>Joven argentina fue elegida por la Unesco para hablar en la Cumbre Mundial sobre el Cambio Clim\u00e1tico<\/title>\n<meta name=\"robots\" content=\"index, follow, max-snippet:-1, max-image-preview:large, max-video-preview:-1\" \/>\n<link rel=\"canonical\" href=\"https:\/\/patagoniambiental.com.ar\/info\/joven-argentina-fue-elegida-por-la-unesco-para-hablar-en-la-cumbre-mundial-sobre-el-cambio-climatico\/\" \/>\n<meta property=\"og:locale\" content=\"es_ES\" \/>\n<meta property=\"og:type\" content=\"article\" \/>\n<meta property=\"og:title\" content=\"Joven argentina fue elegida por la Unesco para hablar en la Cumbre Mundial sobre el Cambio Clim\u00e1tico\" \/>\n<meta property=\"og:description\" content=\"Nasha Cuello Cuvelier ser\u00e1 una de las dos embajadoras que el organismo de la ONU mandar\u00e1 a la cumbre que [&hellip;]\" \/>\n<meta property=\"og:url\" content=\"https:\/\/patagoniambiental.com.ar\/info\/joven-argentina-fue-elegida-por-la-unesco-para-hablar-en-la-cumbre-mundial-sobre-el-cambio-climatico\/\" \/>\n<meta property=\"og:site_name\" content=\"Patagonia Ambiental\" \/>\n<meta property=\"article:publisher\" content=\"https:\/\/www.facebook.com\/patagonia.ambiental\" \/>\n<meta property=\"article:author\" content=\"https:\/\/www.facebook.com\/share\/1C1V8Gv9BX\/?mibextid=qi2Omg\" \/>\n<meta property=\"article:published_time\" content=\"2015-11-30T12:00:29+00:00\" \/>\n<meta name=\"author\" content=\"Patagonia Ambiental\" \/>\n<meta name=\"twitter:card\" content=\"summary_large_image\" \/>\n<meta name=\"twitter:creator\" content=\"@PatAmb\" \/>\n<meta name=\"twitter:site\" content=\"@PatAmb\" \/>\n<script type=\"application\/ld+json\" class=\"yoast-schema-graph\">{\"@context\":\"https:\\\/\\\/schema.org\",\"@graph\":[{\"@type\":\"Article\",\"@id\":\"https:\\\/\\\/patagoniambiental.com.ar\\\/info\\\/joven-argentina-fue-elegida-por-la-unesco-para-hablar-en-la-cumbre-mundial-sobre-el-cambio-climatico\\\/#article\",\"isPartOf\":{\"@id\":\"https:\\\/\\\/patagoniambiental.com.ar\\\/info\\\/joven-argentina-fue-elegida-por-la-unesco-para-hablar-en-la-cumbre-mundial-sobre-el-cambio-climatico\\\/\"},\"author\":{\"name\":\"Patagonia Ambiental\",\"@id\":\"https:\\\/\\\/patagoniambiental.com.ar\\\/info\\\/#\\\/schema\\\/person\\\/db12bff64bbcbf6a253710bf0ea37b5d\"},\"headline\":\"Joven argentina fue elegida por la Unesco para hablar en la Cumbre Mundial sobre el Cambio Clim\u00e1tico\",\"datePublished\":\"2015-11-30T12:00:29+00:00\",\"mainEntityOfPage\":{\"@id\":\"https:\\\/\\\/patagoniambiental.com.ar\\\/info\\\/joven-argentina-fue-elegida-por-la-unesco-para-hablar-en-la-cumbre-mundial-sobre-el-cambio-climatico\\\/\"},\"wordCount\":274,\"publisher\":{\"@id\":\"https:\\\/\\\/patagoniambiental.com.ar\\\/info\\\/#organization\"},\"image\":{\"@id\":\"https:\\\/\\\/patagoniambiental.com.ar\\\/info\\\/joven-argentina-fue-elegida-por-la-unesco-para-hablar-en-la-cumbre-mundial-sobre-el-cambio-climatico\\\/#primaryimage\"},\"thumbnailUrl\":\"\",\"articleSection\":[\"Noticias\"],\"inLanguage\":\"es\"},{\"@type\":\"WebPage\",\"@id\":\"https:\\\/\\\/patagoniambiental.com.ar\\\/info\\\/joven-argentina-fue-elegida-por-la-unesco-para-hablar-en-la-cumbre-mundial-sobre-el-cambio-climatico\\\/\",\"url\":\"https:\\\/\\\/patagoniambiental.com.ar\\\/info\\\/joven-argentina-fue-elegida-por-la-unesco-para-hablar-en-la-cumbre-mundial-sobre-el-cambio-climatico\\\/\",\"name\":\"Joven argentina fue elegida por la Unesco para hablar en la Cumbre Mundial sobre el Cambio Clim\u00e1tico\",\"isPartOf\":{\"@id\":\"https:\\\/\\\/patagoniambiental.com.ar\\\/info\\\/#website\"},\"primaryImageOfPage\":{\"@id\":\"https:\\\/\\\/patagoniambiental.com.ar\\\/info\\\/joven-argentina-fue-elegida-por-la-unesco-para-hablar-en-la-cumbre-mundial-sobre-el-cambio-climatico\\\/#primaryimage\"},\"image\":{\"@id\":\"https:\\\/\\\/patagoniambiental.com.ar\\\/info\\\/joven-argentina-fue-elegida-por-la-unesco-para-hablar-en-la-cumbre-mundial-sobre-el-cambio-climatico\\\/#primaryimage\"},\"thumbnailUrl\":\"\",\"datePublished\":\"2015-11-30T12:00:29+00:00\",\"breadcrumb\":{\"@id\":\"https:\\\/\\\/patagoniambiental.com.ar\\\/info\\\/joven-argentina-fue-elegida-por-la-unesco-para-hablar-en-la-cumbre-mundial-sobre-el-cambio-climatico\\\/#breadcrumb\"},\"inLanguage\":\"es\",\"potentialAction\":[{\"@type\":\"ReadAction\",\"target\":[\"https:\\\/\\\/patagoniambiental.com.ar\\\/info\\\/joven-argentina-fue-elegida-por-la-unesco-para-hablar-en-la-cumbre-mundial-sobre-el-cambio-climatico\\\/\"]}]},{\"@type\":\"ImageObject\",\"inLanguage\":\"es\",\"@id\":\"https:\\\/\\\/patagoniambiental.com.ar\\\/info\\\/joven-argentina-fue-elegida-por-la-unesco-para-hablar-en-la-cumbre-mundial-sobre-el-cambio-climatico\\\/#primaryimage\",\"url\":\"\",\"contentUrl\":\"\"},{\"@type\":\"BreadcrumbList\",\"@id\":\"https:\\\/\\\/patagoniambiental.com.ar\\\/info\\\/joven-argentina-fue-elegida-por-la-unesco-para-hablar-en-la-cumbre-mundial-sobre-el-cambio-climatico\\\/#breadcrumb\",\"itemListElement\":[{\"@type\":\"ListItem\",\"position\":1,\"name\":\"Inicio\",\"item\":\"https:\\\/\\\/patagoniambiental.com.ar\\\/info\\\/\"},{\"@type\":\"ListItem\",\"position\":2,\"name\":\"Joven argentina fue elegida por la Unesco para hablar en la Cumbre Mundial sobre el Cambio Clim\u00e1tico\"}]},{\"@type\":\"WebSite\",\"@id\":\"https:\\\/\\\/patagoniambiental.com.ar\\\/info\\\/#website\",\"url\":\"https:\\\/\\\/patagoniambiental.com.ar\\\/info\\\/\",\"name\":\"Patagonia Ambiental\",\"description\":\"Monitoreo y an\u00e1lisis de la situaci\u00f3n geopol\u00edtica en el mundo y su implicancia en la Patagonia\",\"publisher\":{\"@id\":\"https:\\\/\\\/patagoniambiental.com.ar\\\/info\\\/#organization\"},\"potentialAction\":[{\"@type\":\"SearchAction\",\"target\":{\"@type\":\"EntryPoint\",\"urlTemplate\":\"https:\\\/\\\/patagoniambiental.com.ar\\\/info\\\/?s={search_term_string}\"},\"query-input\":{\"@type\":\"PropertyValueSpecification\",\"valueRequired\":true,\"valueName\":\"search_term_string\"}}],\"inLanguage\":\"es\"},{\"@type\":\"Organization\",\"@id\":\"https:\\\/\\\/patagoniambiental.com.ar\\\/info\\\/#organization\",\"name\":\"Patagonia Ambiental\",\"url\":\"https:\\\/\\\/patagoniambiental.com.ar\\\/info\\\/\",\"logo\":{\"@type\":\"ImageObject\",\"inLanguage\":\"es\",\"@id\":\"https:\\\/\\\/patagoniambiental.com.ar\\\/info\\\/#\\\/schema\\\/logo\\\/image\\\/\",\"url\":\"https:\\\/\\\/patagoniambiental.com.ar\\\/info\\\/wp-content\\\/uploads\\\/2025\\\/05\\\/LOGO-PATAGONIA-AMBIENTAL.png\",\"contentUrl\":\"https:\\\/\\\/patagoniambiental.com.ar\\\/info\\\/wp-content\\\/uploads\\\/2025\\\/05\\\/LOGO-PATAGONIA-AMBIENTAL.png\",\"width\":433,\"height\":250,\"caption\":\"Patagonia Ambiental\"},\"image\":{\"@id\":\"https:\\\/\\\/patagoniambiental.com.ar\\\/info\\\/#\\\/schema\\\/logo\\\/image\\\/\"},\"sameAs\":[\"https:\\\/\\\/www.facebook.com\\\/patagonia.ambiental\",\"https:\\\/\\\/x.com\\\/PatAmb\"]},{\"@type\":\"Person\",\"@id\":\"https:\\\/\\\/patagoniambiental.com.ar\\\/info\\\/#\\\/schema\\\/person\\\/db12bff64bbcbf6a253710bf0ea37b5d\",\"name\":\"Patagonia Ambiental\",\"description\":\"Andr\u00e9s Nievas T\u00e9cnico en manejo ambiental, consultor Ambiental y escritor para medios locales e internacionales sobre temas de geopolitica y medio ambiente.\",\"sameAs\":[\"http:\\\/\\\/www.patagoniambiental.com.ar\",\"https:\\\/\\\/www.facebook.com\\\/share\\\/1C1V8Gv9BX\\\/?mibextid=qi2Omg\",\"@patagoniambiental\",\"https:\\\/\\\/youtube.com\\\/@patagoniaambiental2023?si=BLt58t0wuXquxlYZ\"]}]}<\/script>\n<!-- \/ Yoast SEO Premium plugin. -->","yoast_head_json":{"title":"Joven argentina fue elegida por la Unesco para hablar en la Cumbre Mundial sobre el Cambio Clim\u00e1tico","robots":{"index":"index","follow":"follow","max-snippet":"max-snippet:-1","max-image-preview":"max-image-preview:large","max-video-preview":"max-video-preview:-1"},"canonical":"https:\/\/patagoniambiental.com.ar\/info\/joven-argentina-fue-elegida-por-la-unesco-para-hablar-en-la-cumbre-mundial-sobre-el-cambio-climatico\/","og_locale":"es_ES","og_type":"article","og_title":"Joven argentina fue elegida por la Unesco para hablar en la Cumbre Mundial sobre el Cambio Clim\u00e1tico","og_description":"Nasha Cuello Cuvelier ser\u00e1 una de las dos embajadoras que el organismo de la ONU mandar\u00e1 a la cumbre que [&hellip;]","og_url":"https:\/\/patagoniambiental.com.ar\/info\/joven-argentina-fue-elegida-por-la-unesco-para-hablar-en-la-cumbre-mundial-sobre-el-cambio-climatico\/","og_site_name":"Patagonia Ambiental","article_publisher":"https:\/\/www.facebook.com\/patagonia.ambiental","article_author":"https:\/\/www.facebook.com\/share\/1C1V8Gv9BX\/?mibextid=qi2Omg","article_published_time":"2015-11-30T12:00:29+00:00","author":"Patagonia Ambiental","twitter_card":"summary_large_image","twitter_creator":"@PatAmb","twitter_site":"@PatAmb","schema":{"@context":"https:\/\/schema.org","@graph":[{"@type":"Article","@id":"https:\/\/patagoniambiental.com.ar\/info\/joven-argentina-fue-elegida-por-la-unesco-para-hablar-en-la-cumbre-mundial-sobre-el-cambio-climatico\/#article","isPartOf":{"@id":"https:\/\/patagoniambiental.com.ar\/info\/joven-argentina-fue-elegida-por-la-unesco-para-hablar-en-la-cumbre-mundial-sobre-el-cambio-climatico\/"},"author":{"name":"Patagonia Ambiental","@id":"https:\/\/patagoniambiental.com.ar\/info\/#\/schema\/person\/db12bff64bbcbf6a253710bf0ea37b5d"},"headline":"Joven argentina fue elegida por la Unesco para hablar en la Cumbre Mundial sobre el Cambio Clim\u00e1tico","datePublished":"2015-11-30T12:00:29+00:00","mainEntityOfPage":{"@id":"https:\/\/patagoniambiental.com.ar\/info\/joven-argentina-fue-elegida-por-la-unesco-para-hablar-en-la-cumbre-mundial-sobre-el-cambio-climatico\/"},"wordCount":274,"publisher":{"@id":"https:\/\/patagoniambiental.com.ar\/info\/#organization"},"image":{"@id":"https:\/\/patagoniambiental.com.ar\/info\/joven-argentina-fue-elegida-por-la-unesco-para-hablar-en-la-cumbre-mundial-sobre-el-cambio-climatico\/#primaryimage"},"thumbnailUrl":"","articleSection":["Noticias"],"inLanguage":"es"},{"@type":"WebPage","@id":"https:\/\/patagoniambiental.com.ar\/info\/joven-argentina-fue-elegida-por-la-unesco-para-hablar-en-la-cumbre-mundial-sobre-el-cambio-climatico\/","url":"https:\/\/patagoniambiental.com.ar\/info\/joven-argentina-fue-elegida-por-la-unesco-para-hablar-en-la-cumbre-mundial-sobre-el-cambio-climatico\/","name":"Joven argentina fue elegida por la Unesco para hablar en la Cumbre Mundial sobre el Cambio Clim\u00e1tico","isPartOf":{"@id":"https:\/\/patagoniambiental.com.ar\/info\/#website"},"primaryImageOfPage":{"@id":"https:\/\/patagoniambiental.com.ar\/info\/joven-argentina-fue-elegida-por-la-unesco-para-hablar-en-la-cumbre-mundial-sobre-el-cambio-climatico\/#primaryimage"},"image":{"@id":"https:\/\/patagoniambiental.com.ar\/info\/joven-argentina-fue-elegida-por-la-unesco-para-hablar-en-la-cumbre-mundial-sobre-el-cambio-climatico\/#primaryimage"},"thumbnailUrl":"","datePublished":"2015-11-30T12:00:29+00:00","breadcrumb":{"@id":"https:\/\/patagoniambiental.com.ar\/info\/joven-argentina-fue-elegida-por-la-unesco-para-hablar-en-la-cumbre-mundial-sobre-el-cambio-climatico\/#breadcrumb"},"inLanguage":"es","potentialAction":[{"@type":"ReadAction","target":["https:\/\/patagoniambiental.com.ar\/info\/joven-argentina-fue-elegida-por-la-unesco-para-hablar-en-la-cumbre-mundial-sobre-el-cambio-climatico\/"]}]},{"@type":"ImageObject","inLanguage":"es","@id":"https:\/\/patagoniambiental.com.ar\/info\/joven-argentina-fue-elegida-por-la-unesco-para-hablar-en-la-cumbre-mundial-sobre-el-cambio-climatico\/#primaryimage","url":"","contentUrl":""},{"@type":"BreadcrumbList","@id":"https:\/\/patagoniambiental.com.ar\/info\/joven-argentina-fue-elegida-por-la-unesco-para-hablar-en-la-cumbre-mundial-sobre-el-cambio-climatico\/#breadcrumb","itemListElement":[{"@type":"ListItem","position":1,"name":"Inicio","item":"https:\/\/patagoniambiental.com.ar\/info\/"},{"@type":"ListItem","position":2,"name":"Joven argentina fue elegida por la Unesco para hablar en la Cumbre Mundial sobre el Cambio Clim\u00e1tico"}]},{"@type":"WebSite","@id":"https:\/\/patagoniambiental.com.ar\/info\/#website","url":"https:\/\/patagoniambiental.com.ar\/info\/","name":"Patagonia Ambiental","description":"Monitoreo y an\u00e1lisis de la situaci\u00f3n geopol\u00edtica en el mundo y su implicancia en la Patagonia","publisher":{"@id":"https:\/\/patagoniambiental.com.ar\/info\/#organization"},"potentialAction":[{"@type":"SearchAction","target":{"@type":"EntryPoint","urlTemplate":"https:\/\/patagoniambiental.com.ar\/info\/?s={search_term_string}"},"query-input":{"@type":"PropertyValueSpecification","valueRequired":true,"valueName":"search_term_string"}}],"inLanguage":"es"},{"@type":"Organization","@id":"https:\/\/patagoniambiental.com.ar\/info\/#organization","name":"Patagonia Ambiental","url":"https:\/\/patagoniambiental.com.ar\/info\/","logo":{"@type":"ImageObject","inLanguage":"es","@id":"https:\/\/patagoniambiental.com.ar\/info\/#\/schema\/logo\/image\/","url":"https:\/\/patagoniambiental.com.ar\/info\/wp-content\/uploads\/2025\/05\/LOGO-PATAGONIA-AMBIENTAL.png","contentUrl":"https:\/\/patagoniambiental.com.ar\/info\/wp-content\/uploads\/2025\/05\/LOGO-PATAGONIA-AMBIENTAL.png","width":433,"height":250,"caption":"Patagonia Ambiental"},"image":{"@id":"https:\/\/patagoniambiental.com.ar\/info\/#\/schema\/logo\/image\/"},"sameAs":["https:\/\/www.facebook.com\/patagonia.ambiental","https:\/\/x.com\/PatAmb"]},{"@type":"Person","@id":"https:\/\/patagoniambiental.com.ar\/info\/#\/schema\/person\/db12bff64bbcbf6a253710bf0ea37b5d","name":"Patagonia Ambiental","description":"Andr\u00e9s Nievas T\u00e9cnico en manejo ambiental, consultor Ambiental y escritor para medios locales e internacionales sobre temas de geopolitica y medio ambiente.","sameAs":["http:\/\/www.patagoniambiental.com.ar","https:\/\/www.facebook.com\/share\/1C1V8Gv9BX\/?mibextid=qi2Omg","@patagoniambiental","https:\/\/youtube.com\/@patagoniaambiental2023?si=BLt58t0wuXquxlYZ"]}]}},"_links":{"self":[{"href":"https:\/\/patagoniambiental.com.ar\/info\/wp-json\/wp\/v2\/posts\/15545","targetHints":{"allow":["GET"]}}],"collection":[{"href":"https:\/\/patagoniambiental.com.ar\/info\/wp-json\/wp\/v2\/posts"}],"about":[{"href":"https:\/\/patagoniambiental.com.ar\/info\/wp-json\/wp\/v2\/types\/post"}],"author":[{"embeddable":true,"href":"https:\/\/patagoniambiental.com.ar\/info\/wp-json\/wp\/v2\/users\/2"}],"replies":[{"embeddable":true,"href":"https:\/\/patagoniambiental.com.ar\/info\/wp-json\/wp\/v2\/comments?post=15545"}],"version-history":[{"count":0,"href":"https:\/\/patagoniambiental.com.ar\/info\/wp-json\/wp\/v2\/posts\/15545\/revisions"}],"wp:featuredmedia":[{"embeddable":true,"href":"https:\/\/patagoniambiental.com.ar\/info\/wp-json\/"}],"wp:attachment":[{"href":"https:\/\/patagoniambiental.com.ar\/info\/wp-json\/wp\/v2\/media?parent=15545"}],"wp:term":[{"taxonomy":"category","embeddable":true,"href":"https:\/\/patagoniambiental.com.ar\/info\/wp-json\/wp\/v2\/categories?post=15545"},{"taxonomy":"post_tag","embeddable":true,"href":"https:\/\/patagoniambiental.com.ar\/info\/wp-json\/wp\/v2\/tags?post=15545"}],"curies":[{"name":"wp","href":"https:\/\/api.w.org\/{rel}","templated":true}]}}