{"id":15573,"date":"2015-11-30T19:00:36","date_gmt":"2015-11-30T22:00:36","guid":{"rendered":"http:\/\/patagoniambiental.com.ar\/?p=15573"},"modified":"2015-11-30T19:00:36","modified_gmt":"2015-11-30T22:00:36","slug":"cambio-climatico-cop21-un-acuerdo-para-cambiar-el-cambio-climatico","status":"publish","type":"post","link":"https:\/\/patagoniambiental.com.ar\/info\/cambio-climatico-cop21-un-acuerdo-para-cambiar-el-cambio-climatico\/","title":{"rendered":"CAMBIO CLIM\u00c1TICO &#8211; COP21: un acuerdo para cambiar el cambio clim\u00e1tico"},"content":{"rendered":"<p style=\"text-align: justify;\" align=\"center\">Paris.-Es urgente reducir las emisiones mundiales de gases de efecto invernadero para mantener el calentamiento global por debajo de 2\u00b0 C. <!--more--><\/p>\n<p style=\"text-align: justify;\" align=\"center\">La Argentina tiene un gran potencial para mitigar los efectos del cambio clim\u00e1tico a trav\u00e9s de la implementaci\u00f3n de pol\u00edticas de eficiencia energ\u00e9tica, desarrollo de energ\u00edas renovables y cumplimiento efectivo de la Ley de Bosques.<\/p>\n<p>(Lunes 30 de noviembre, Buenos Aires) Hoy comienza la Convenci\u00f3n Marco de Naciones Unidas sobre Cambio Clim\u00e1tico donde representantes de 195 pa\u00edses, entre ellos Argentina, se reunir\u00e1n en Par\u00eds hasta el 11 de diciembre para tratar de cerrar el primer acuerdo global de lucha contra el cambio clim\u00e1tico.<\/p>\n<p>Para la Organizaci\u00f3n Mundial de Conservaci\u00f3n (WWF) las expectativas residen en que los gobiernos se comprometan a actuar con urgencia para garantizar la reducci\u00f3n de sus emisiones a partir de 2020, junto con la entrega de US$ 100 mil millones por a\u00f1o para facilitar la ejecuci\u00f3n de acciones de mitigaci\u00f3n y adaptaci\u00f3n al cambio clim\u00e1tico de los pa\u00edses en desarrollo.<\/p>\n<p>Para Samantha Smith, responsable de la Iniciativa Clima Global y Energ\u00eda de WWF, los esfuerzos deben orientarse al \u201c<em>desarrollo de energ\u00edas renovables y eficiencia energ\u00e9tica junto con el empleo de financiaci\u00f3n y tecnolog\u00eda, asuntos esenciales si queremos mantener el calentamiento global por debajo de 2 \u00b0 C<\/em>\u201d.<\/p>\n<p><strong>La Argentina<\/strong><\/p>\n<p>Nuestro pa\u00eds ocupa el puesto 21 en el ranking de emisiones globales totales<a title=\"\" href=\"http:\/\/patagoniambiental.com.ar:2095\/cpsess880523024\/3rdparty\/roundcube\/?_task=mail&amp;_action=show&amp;_uid=2630&amp;_mbox=INBOX&amp;_safe=1&amp;_caps=pdf%3D0%2Cflash%3D1%2Ctif%3D0#_ftn1\" name=\"_ftnref1\">[1]<\/a> , produce 4,6 toneladas m\u00e9tricas de emisiones de CO2 per c\u00e1pita y contribuye al 0,88% de las emisiones globales de gases de efecto invernadero. En este contexto, la Argentina llega a Par\u00eds con metas que plantean un piso del 15% de reducci\u00f3n de emisiones a 2030, con un potencial de alcanzar un 30% condicionado a financiamiento internacional.<\/p>\n<p>Vida Silvestre considera que esta meta no demuestra un claro compromiso y voluntad por encarar el problema del cambio clim\u00e1tico, ni aprovecha el potencial del pa\u00eds para mitigar sus efectos. As\u00ed, considera fundamental orientar la estrategia argentina en tres ejes claves: implementaci\u00f3n de pol\u00edticas de eficiencia energ\u00e9tica, desarrollo de energ\u00edas renovables y cumplimiento efectivo de la Ley de Bosques. <em>\u201cEn 2016 tener una repartici\u00f3n p\u00fablica especializada y exclusivamente dedicada a fomentar y jerarquizar el Uso Racional y Eficiente de la Energ\u00eda para alcanzar un ahorro de energ\u00eda del 25% al 2030\u201d<\/em>, propone como meta Carlos Tanides, Coordinador del Programa Energ\u00eda de Vida Silvestre. A su vez plantea <em>\u201cpara 2016 tener reglamentada la Ley 27.191\/15 \u201cR\u00e9gimen de fomento nacional para el uso de fuentes renovables de energ\u00eda destinadas a la producci\u00f3n de energ\u00eda el\u00e9ctrica\u201d, elevando la participaci\u00f3n de energ\u00eda el\u00e9ctrica nacional proveniente de fuentes renovables con vistas a alcanzar el 20% al 2025. Hoy la Argentina cuenta con menos de 1% de su matriz el\u00e9ctrica basada en energ\u00edas renovables\u201d. <\/em><\/p>\n<p>Sobre el futuro de nuestros bosques, Manuel Jaramillo, Director de Conservaci\u00f3n de Vida Silvestre, considera <em>\u201cPara 2017 contar con un Fondo Nacional plenamente constituido para la Conservaci\u00f3n de los Bosques Nativos en Argentina, que evite la emisi\u00f3n de alrededor de 14.680 millones de toneladas de carbono equivalente a trav\u00e9s de asegurar la conservaci\u00f3n y el manejo sustentable de 30 millones de hect\u00e1reas de bosques nativos con categor\u00eda roja y amarilla por la Ley de Bosques\u201d.<\/em><\/p>\n<p>Desde hoy y hasta el 11 de diciembre, la meta es clara y la coyuntura clim\u00e1tica se impone: es urgente reducir las emisiones mundiales de gases de efecto invernadero para mantener el calentamiento global por debajo de 2\u00b0 C. La supervivencia de muchas comunidades y ecosistemas claves para el desarrollo humano como los arrecifes de coral, los reg\u00edmenes de hielo del \u00c1rtico, y los Estados insulares del Pac\u00edfico est\u00e1n en juego. En la Argentina, la Bah\u00eda Samboromb\u00f3n ser\u00e1 uno de los sitios m\u00e1s afectados por el cambio clim\u00e1tico en los pr\u00f3ximos a\u00f1os.<\/p>\n<div>\n<hr align=\"left\" size=\"1\" width=\"33%\" \/>\n<div id=\"ftn1\">\n<p><a title=\"\" href=\"http:\/\/patagoniambiental.com.ar:2095\/cpsess880523024\/3rdparty\/roundcube\/?_task=mail&amp;_action=show&amp;_uid=2630&amp;_mbox=INBOX&amp;_safe=1&amp;_caps=pdf%3D0%2Cflash%3D1%2Ctif%3D0#_ftnref1\" name=\"_ftn1\">[1]<\/a> World Resources Institute: http:\/\/www.wri.org\/<\/p>\n<p><strong>Acerca de Vida Silvestre <\/strong><br \/>\nLa Fundaci\u00f3n Vida Silvestre Argentina es una organizaci\u00f3n no gubernamental, de bien p\u00fablico y sin fines de lucro, creada en 1977. Su misi\u00f3n es proponer e implementar soluciones para conservar la naturaleza, promover el uso sustentable de los recursos naturales y una conducta responsable en un contexto de cambio clim\u00e1tico. Desde 1988 est\u00e1 asociada y representa en la Argentina a WWF, una de las organizaciones independientes de conservaci\u00f3n m\u00e1s grande del mundo, presente en 100 pa\u00edses.<\/p>\n<p><strong>Contacto para prensa <\/strong><br \/>\nCarolina Mart\u00ednez | Departamento de Comunicaci\u00f3n de Fundaci\u00f3n Vida Silvestre Argentina<br \/>\nM (+54 9 11) 5701-4955 | T (+54 11) 4331-3631 ext. 126<br \/>\ncarolina.martinez@vidasilvestre.org.ar | <a href=\"https:\/\/email.duplika.com\/l\/daTCLSFm5jE8eUYAMJrM8g\/Dy1yW892uIZXw3cZc0iEC7uQ\/sUgx3v2SPlJ36mNnDVg8NQ\" target=\"_blank\" rel=\"noreferrer\">www.vidasilvestre.org.ar<\/a><br \/>\nTwitter:@vida_silvestre \/ Facebook : VidaSilvestre<\/p>\n<\/div>\n<\/div>\n","protected":false},"excerpt":{"rendered":"<p>Paris.-Es urgente reducir las emisiones mundiales de gases de efecto invernadero para mantener el calentamiento global por debajo de 2\u00b0 [&hellip;]<\/p>\n","protected":false},"author":2,"featured_media":15543,"comment_status":"closed","ping_status":"closed","sticky":false,"template":"","format":"standard","meta":{"site-sidebar-layout":"default","site-content-layout":"","ast-site-content-layout":"default","site-content-style":"default","site-sidebar-style":"default","ast-global-header-display":"","ast-banner-title-visibility":"","ast-main-header-display":"","ast-hfb-above-header-display":"","ast-hfb-below-header-display":"","ast-hfb-mobile-header-display":"","site-post-title":"","ast-breadcrumbs-content":"","ast-featured-img":"","footer-sml-layout":"","ast-disable-related-posts":"","theme-transparent-header-meta":"","adv-header-id-meta":"","stick-header-meta":"","header-above-stick-meta":"","header-main-stick-meta":"","header-below-stick-meta":"","astra-migrate-meta-layouts":"default","ast-page-background-enabled":"default","ast-page-background-meta":{"desktop":{"background-color":"var(--ast-global-color-5)","background-image":"","background-repeat":"repeat","background-position":"center center","background-size":"auto","background-attachment":"scroll","background-type":"","background-media":"","overlay-type":"","overlay-color":"","overlay-opacity":"","overlay-gradient":""},"tablet":{"background-color":"","background-image":"","background-repeat":"repeat","background-position":"center center","background-size":"auto","background-attachment":"scroll","background-type":"","background-media":"","overlay-type":"","overlay-color":"","overlay-opacity":"","overlay-gradient":""},"mobile":{"background-color":"","background-image":"","background-repeat":"repeat","background-position":"center center","background-size":"auto","background-attachment":"scroll","background-type":"","background-media":"","overlay-type":"","overlay-color":"","overlay-opacity":"","overlay-gradient":""}},"ast-content-background-meta":{"desktop":{"background-color":"var(--ast-global-color-4)","background-image":"","background-repeat":"repeat","background-position":"center center","background-size":"auto","background-attachment":"scroll","background-type":"","background-media":"","overlay-type":"","overlay-color":"","overlay-opacity":"","overlay-gradient":""},"tablet":{"background-color":"var(--ast-global-color-4)","background-image":"","background-repeat":"repeat","background-position":"center center","background-size":"auto","background-attachment":"scroll","background-type":"","background-media":"","overlay-type":"","overlay-color":"","overlay-opacity":"","overlay-gradient":""},"mobile":{"background-color":"var(--ast-global-color-4)","background-image":"","background-repeat":"repeat","background-position":"center center","background-size":"auto","background-attachment":"scroll","background-type":"","background-media":"","overlay-type":"","overlay-color":"","overlay-opacity":"","overlay-gradient":""}},"footnotes":""},"categories":[1,3],"tags":[],"class_list":["post-15573","post","type-post","status-publish","format-standard","has-post-thumbnail","hentry","category-noticias","category-ong"],"yoast_head":"<!-- This site is optimized with the Yoast SEO Premium plugin v23.0 (Yoast SEO v27.5) - https:\/\/yoast.com\/product\/yoast-seo-premium-wordpress\/ -->\n<title>CAMBIO CLIM\u00c1TICO - COP21: un acuerdo para cambiar el cambio clim\u00e1tico<\/title>\n<meta name=\"robots\" content=\"index, follow, max-snippet:-1, max-image-preview:large, max-video-preview:-1\" \/>\n<link rel=\"canonical\" href=\"https:\/\/patagoniambiental.com.ar\/info\/cambio-climatico-cop21-un-acuerdo-para-cambiar-el-cambio-climatico\/\" \/>\n<meta property=\"og:locale\" content=\"es_ES\" \/>\n<meta property=\"og:type\" content=\"article\" \/>\n<meta property=\"og:title\" content=\"CAMBIO CLIM\u00c1TICO - COP21: un acuerdo para cambiar el cambio clim\u00e1tico\" \/>\n<meta property=\"og:description\" content=\"Paris.-Es urgente reducir las emisiones mundiales de gases de efecto invernadero para mantener el calentamiento global por debajo de 2\u00b0 [&hellip;]\" \/>\n<meta property=\"og:url\" content=\"https:\/\/patagoniambiental.com.ar\/info\/cambio-climatico-cop21-un-acuerdo-para-cambiar-el-cambio-climatico\/\" \/>\n<meta property=\"og:site_name\" content=\"Patagonia Ambiental\" \/>\n<meta property=\"article:publisher\" content=\"https:\/\/www.facebook.com\/patagonia.ambiental\" \/>\n<meta property=\"article:author\" content=\"https:\/\/www.facebook.com\/share\/1C1V8Gv9BX\/?mibextid=qi2Omg\" \/>\n<meta property=\"article:published_time\" content=\"2015-11-30T22:00:36+00:00\" \/>\n<meta name=\"author\" content=\"Patagonia Ambiental\" \/>\n<meta name=\"twitter:card\" content=\"summary_large_image\" \/>\n<meta name=\"twitter:creator\" content=\"@PatAmb\" \/>\n<meta name=\"twitter:site\" content=\"@PatAmb\" \/>\n<script type=\"application\/ld+json\" class=\"yoast-schema-graph\">{\"@context\":\"https:\\\/\\\/schema.org\",\"@graph\":[{\"@type\":\"Article\",\"@id\":\"https:\\\/\\\/patagoniambiental.com.ar\\\/info\\\/cambio-climatico-cop21-un-acuerdo-para-cambiar-el-cambio-climatico\\\/#article\",\"isPartOf\":{\"@id\":\"https:\\\/\\\/patagoniambiental.com.ar\\\/info\\\/cambio-climatico-cop21-un-acuerdo-para-cambiar-el-cambio-climatico\\\/\"},\"author\":{\"name\":\"Patagonia Ambiental\",\"@id\":\"https:\\\/\\\/patagoniambiental.com.ar\\\/info\\\/#\\\/schema\\\/person\\\/db12bff64bbcbf6a253710bf0ea37b5d\"},\"headline\":\"CAMBIO CLIM\u00c1TICO &#8211; COP21: un acuerdo para cambiar el cambio clim\u00e1tico\",\"datePublished\":\"2015-11-30T22:00:36+00:00\",\"mainEntityOfPage\":{\"@id\":\"https:\\\/\\\/patagoniambiental.com.ar\\\/info\\\/cambio-climatico-cop21-un-acuerdo-para-cambiar-el-cambio-climatico\\\/\"},\"wordCount\":800,\"publisher\":{\"@id\":\"https:\\\/\\\/patagoniambiental.com.ar\\\/info\\\/#organization\"},\"image\":{\"@id\":\"https:\\\/\\\/patagoniambiental.com.ar\\\/info\\\/cambio-climatico-cop21-un-acuerdo-para-cambiar-el-cambio-climatico\\\/#primaryimage\"},\"thumbnailUrl\":\"\",\"articleSection\":[\"Noticias\",\"ONG\"],\"inLanguage\":\"es\"},{\"@type\":\"WebPage\",\"@id\":\"https:\\\/\\\/patagoniambiental.com.ar\\\/info\\\/cambio-climatico-cop21-un-acuerdo-para-cambiar-el-cambio-climatico\\\/\",\"url\":\"https:\\\/\\\/patagoniambiental.com.ar\\\/info\\\/cambio-climatico-cop21-un-acuerdo-para-cambiar-el-cambio-climatico\\\/\",\"name\":\"CAMBIO CLIM\u00c1TICO - COP21: un acuerdo para cambiar el cambio clim\u00e1tico\",\"isPartOf\":{\"@id\":\"https:\\\/\\\/patagoniambiental.com.ar\\\/info\\\/#website\"},\"primaryImageOfPage\":{\"@id\":\"https:\\\/\\\/patagoniambiental.com.ar\\\/info\\\/cambio-climatico-cop21-un-acuerdo-para-cambiar-el-cambio-climatico\\\/#primaryimage\"},\"image\":{\"@id\":\"https:\\\/\\\/patagoniambiental.com.ar\\\/info\\\/cambio-climatico-cop21-un-acuerdo-para-cambiar-el-cambio-climatico\\\/#primaryimage\"},\"thumbnailUrl\":\"\",\"datePublished\":\"2015-11-30T22:00:36+00:00\",\"breadcrumb\":{\"@id\":\"https:\\\/\\\/patagoniambiental.com.ar\\\/info\\\/cambio-climatico-cop21-un-acuerdo-para-cambiar-el-cambio-climatico\\\/#breadcrumb\"},\"inLanguage\":\"es\",\"potentialAction\":[{\"@type\":\"ReadAction\",\"target\":[\"https:\\\/\\\/patagoniambiental.com.ar\\\/info\\\/cambio-climatico-cop21-un-acuerdo-para-cambiar-el-cambio-climatico\\\/\"]}]},{\"@type\":\"ImageObject\",\"inLanguage\":\"es\",\"@id\":\"https:\\\/\\\/patagoniambiental.com.ar\\\/info\\\/cambio-climatico-cop21-un-acuerdo-para-cambiar-el-cambio-climatico\\\/#primaryimage\",\"url\":\"\",\"contentUrl\":\"\"},{\"@type\":\"BreadcrumbList\",\"@id\":\"https:\\\/\\\/patagoniambiental.com.ar\\\/info\\\/cambio-climatico-cop21-un-acuerdo-para-cambiar-el-cambio-climatico\\\/#breadcrumb\",\"itemListElement\":[{\"@type\":\"ListItem\",\"position\":1,\"name\":\"Inicio\",\"item\":\"https:\\\/\\\/patagoniambiental.com.ar\\\/info\\\/\"},{\"@type\":\"ListItem\",\"position\":2,\"name\":\"CAMBIO CLIM\u00c1TICO &#8211; COP21: un acuerdo para cambiar el cambio clim\u00e1tico\"}]},{\"@type\":\"WebSite\",\"@id\":\"https:\\\/\\\/patagoniambiental.com.ar\\\/info\\\/#website\",\"url\":\"https:\\\/\\\/patagoniambiental.com.ar\\\/info\\\/\",\"name\":\"Patagonia Ambiental\",\"description\":\"Monitoreo y an\u00e1lisis de la situaci\u00f3n geopol\u00edtica en el mundo y su implicancia en la Patagonia\",\"publisher\":{\"@id\":\"https:\\\/\\\/patagoniambiental.com.ar\\\/info\\\/#organization\"},\"potentialAction\":[{\"@type\":\"SearchAction\",\"target\":{\"@type\":\"EntryPoint\",\"urlTemplate\":\"https:\\\/\\\/patagoniambiental.com.ar\\\/info\\\/?s={search_term_string}\"},\"query-input\":{\"@type\":\"PropertyValueSpecification\",\"valueRequired\":true,\"valueName\":\"search_term_string\"}}],\"inLanguage\":\"es\"},{\"@type\":\"Organization\",\"@id\":\"https:\\\/\\\/patagoniambiental.com.ar\\\/info\\\/#organization\",\"name\":\"Patagonia Ambiental\",\"url\":\"https:\\\/\\\/patagoniambiental.com.ar\\\/info\\\/\",\"logo\":{\"@type\":\"ImageObject\",\"inLanguage\":\"es\",\"@id\":\"https:\\\/\\\/patagoniambiental.com.ar\\\/info\\\/#\\\/schema\\\/logo\\\/image\\\/\",\"url\":\"https:\\\/\\\/patagoniambiental.com.ar\\\/info\\\/wp-content\\\/uploads\\\/2025\\\/05\\\/LOGO-PATAGONIA-AMBIENTAL.png\",\"contentUrl\":\"https:\\\/\\\/patagoniambiental.com.ar\\\/info\\\/wp-content\\\/uploads\\\/2025\\\/05\\\/LOGO-PATAGONIA-AMBIENTAL.png\",\"width\":433,\"height\":250,\"caption\":\"Patagonia Ambiental\"},\"image\":{\"@id\":\"https:\\\/\\\/patagoniambiental.com.ar\\\/info\\\/#\\\/schema\\\/logo\\\/image\\\/\"},\"sameAs\":[\"https:\\\/\\\/www.facebook.com\\\/patagonia.ambiental\",\"https:\\\/\\\/x.com\\\/PatAmb\"]},{\"@type\":\"Person\",\"@id\":\"https:\\\/\\\/patagoniambiental.com.ar\\\/info\\\/#\\\/schema\\\/person\\\/db12bff64bbcbf6a253710bf0ea37b5d\",\"name\":\"Patagonia Ambiental\",\"description\":\"Andr\u00e9s Nievas T\u00e9cnico en manejo ambiental, consultor Ambiental y escritor para medios locales e internacionales sobre temas de geopolitica y medio ambiente.\",\"sameAs\":[\"http:\\\/\\\/www.patagoniambiental.com.ar\",\"https:\\\/\\\/www.facebook.com\\\/share\\\/1C1V8Gv9BX\\\/?mibextid=qi2Omg\",\"@patagoniambiental\",\"https:\\\/\\\/youtube.com\\\/@patagoniaambiental2023?si=BLt58t0wuXquxlYZ\"]}]}<\/script>\n<!-- \/ Yoast SEO Premium plugin. -->","yoast_head_json":{"title":"CAMBIO CLIM\u00c1TICO - COP21: un acuerdo para cambiar el cambio clim\u00e1tico","robots":{"index":"index","follow":"follow","max-snippet":"max-snippet:-1","max-image-preview":"max-image-preview:large","max-video-preview":"max-video-preview:-1"},"canonical":"https:\/\/patagoniambiental.com.ar\/info\/cambio-climatico-cop21-un-acuerdo-para-cambiar-el-cambio-climatico\/","og_locale":"es_ES","og_type":"article","og_title":"CAMBIO CLIM\u00c1TICO - COP21: un acuerdo para cambiar el cambio clim\u00e1tico","og_description":"Paris.-Es urgente reducir las emisiones mundiales de gases de efecto invernadero para mantener el calentamiento global por debajo de 2\u00b0 [&hellip;]","og_url":"https:\/\/patagoniambiental.com.ar\/info\/cambio-climatico-cop21-un-acuerdo-para-cambiar-el-cambio-climatico\/","og_site_name":"Patagonia Ambiental","article_publisher":"https:\/\/www.facebook.com\/patagonia.ambiental","article_author":"https:\/\/www.facebook.com\/share\/1C1V8Gv9BX\/?mibextid=qi2Omg","article_published_time":"2015-11-30T22:00:36+00:00","author":"Patagonia Ambiental","twitter_card":"summary_large_image","twitter_creator":"@PatAmb","twitter_site":"@PatAmb","schema":{"@context":"https:\/\/schema.org","@graph":[{"@type":"Article","@id":"https:\/\/patagoniambiental.com.ar\/info\/cambio-climatico-cop21-un-acuerdo-para-cambiar-el-cambio-climatico\/#article","isPartOf":{"@id":"https:\/\/patagoniambiental.com.ar\/info\/cambio-climatico-cop21-un-acuerdo-para-cambiar-el-cambio-climatico\/"},"author":{"name":"Patagonia Ambiental","@id":"https:\/\/patagoniambiental.com.ar\/info\/#\/schema\/person\/db12bff64bbcbf6a253710bf0ea37b5d"},"headline":"CAMBIO CLIM\u00c1TICO &#8211; COP21: un acuerdo para cambiar el cambio clim\u00e1tico","datePublished":"2015-11-30T22:00:36+00:00","mainEntityOfPage":{"@id":"https:\/\/patagoniambiental.com.ar\/info\/cambio-climatico-cop21-un-acuerdo-para-cambiar-el-cambio-climatico\/"},"wordCount":800,"publisher":{"@id":"https:\/\/patagoniambiental.com.ar\/info\/#organization"},"image":{"@id":"https:\/\/patagoniambiental.com.ar\/info\/cambio-climatico-cop21-un-acuerdo-para-cambiar-el-cambio-climatico\/#primaryimage"},"thumbnailUrl":"","articleSection":["Noticias","ONG"],"inLanguage":"es"},{"@type":"WebPage","@id":"https:\/\/patagoniambiental.com.ar\/info\/cambio-climatico-cop21-un-acuerdo-para-cambiar-el-cambio-climatico\/","url":"https:\/\/patagoniambiental.com.ar\/info\/cambio-climatico-cop21-un-acuerdo-para-cambiar-el-cambio-climatico\/","name":"CAMBIO CLIM\u00c1TICO - COP21: un acuerdo para cambiar el cambio clim\u00e1tico","isPartOf":{"@id":"https:\/\/patagoniambiental.com.ar\/info\/#website"},"primaryImageOfPage":{"@id":"https:\/\/patagoniambiental.com.ar\/info\/cambio-climatico-cop21-un-acuerdo-para-cambiar-el-cambio-climatico\/#primaryimage"},"image":{"@id":"https:\/\/patagoniambiental.com.ar\/info\/cambio-climatico-cop21-un-acuerdo-para-cambiar-el-cambio-climatico\/#primaryimage"},"thumbnailUrl":"","datePublished":"2015-11-30T22:00:36+00:00","breadcrumb":{"@id":"https:\/\/patagoniambiental.com.ar\/info\/cambio-climatico-cop21-un-acuerdo-para-cambiar-el-cambio-climatico\/#breadcrumb"},"inLanguage":"es","potentialAction":[{"@type":"ReadAction","target":["https:\/\/patagoniambiental.com.ar\/info\/cambio-climatico-cop21-un-acuerdo-para-cambiar-el-cambio-climatico\/"]}]},{"@type":"ImageObject","inLanguage":"es","@id":"https:\/\/patagoniambiental.com.ar\/info\/cambio-climatico-cop21-un-acuerdo-para-cambiar-el-cambio-climatico\/#primaryimage","url":"","contentUrl":""},{"@type":"BreadcrumbList","@id":"https:\/\/patagoniambiental.com.ar\/info\/cambio-climatico-cop21-un-acuerdo-para-cambiar-el-cambio-climatico\/#breadcrumb","itemListElement":[{"@type":"ListItem","position":1,"name":"Inicio","item":"https:\/\/patagoniambiental.com.ar\/info\/"},{"@type":"ListItem","position":2,"name":"CAMBIO CLIM\u00c1TICO &#8211; COP21: un acuerdo para cambiar el cambio clim\u00e1tico"}]},{"@type":"WebSite","@id":"https:\/\/patagoniambiental.com.ar\/info\/#website","url":"https:\/\/patagoniambiental.com.ar\/info\/","name":"Patagonia Ambiental","description":"Monitoreo y an\u00e1lisis de la situaci\u00f3n geopol\u00edtica en el mundo y su implicancia en la Patagonia","publisher":{"@id":"https:\/\/patagoniambiental.com.ar\/info\/#organization"},"potentialAction":[{"@type":"SearchAction","target":{"@type":"EntryPoint","urlTemplate":"https:\/\/patagoniambiental.com.ar\/info\/?s={search_term_string}"},"query-input":{"@type":"PropertyValueSpecification","valueRequired":true,"valueName":"search_term_string"}}],"inLanguage":"es"},{"@type":"Organization","@id":"https:\/\/patagoniambiental.com.ar\/info\/#organization","name":"Patagonia Ambiental","url":"https:\/\/patagoniambiental.com.ar\/info\/","logo":{"@type":"ImageObject","inLanguage":"es","@id":"https:\/\/patagoniambiental.com.ar\/info\/#\/schema\/logo\/image\/","url":"https:\/\/patagoniambiental.com.ar\/info\/wp-content\/uploads\/2025\/05\/LOGO-PATAGONIA-AMBIENTAL.png","contentUrl":"https:\/\/patagoniambiental.com.ar\/info\/wp-content\/uploads\/2025\/05\/LOGO-PATAGONIA-AMBIENTAL.png","width":433,"height":250,"caption":"Patagonia Ambiental"},"image":{"@id":"https:\/\/patagoniambiental.com.ar\/info\/#\/schema\/logo\/image\/"},"sameAs":["https:\/\/www.facebook.com\/patagonia.ambiental","https:\/\/x.com\/PatAmb"]},{"@type":"Person","@id":"https:\/\/patagoniambiental.com.ar\/info\/#\/schema\/person\/db12bff64bbcbf6a253710bf0ea37b5d","name":"Patagonia Ambiental","description":"Andr\u00e9s Nievas T\u00e9cnico en manejo ambiental, consultor Ambiental y escritor para medios locales e internacionales sobre temas de geopolitica y medio ambiente.","sameAs":["http:\/\/www.patagoniambiental.com.ar","https:\/\/www.facebook.com\/share\/1C1V8Gv9BX\/?mibextid=qi2Omg","@patagoniambiental","https:\/\/youtube.com\/@patagoniaambiental2023?si=BLt58t0wuXquxlYZ"]}]}},"_links":{"self":[{"href":"https:\/\/patagoniambiental.com.ar\/info\/wp-json\/wp\/v2\/posts\/15573","targetHints":{"allow":["GET"]}}],"collection":[{"href":"https:\/\/patagoniambiental.com.ar\/info\/wp-json\/wp\/v2\/posts"}],"about":[{"href":"https:\/\/patagoniambiental.com.ar\/info\/wp-json\/wp\/v2\/types\/post"}],"author":[{"embeddable":true,"href":"https:\/\/patagoniambiental.com.ar\/info\/wp-json\/wp\/v2\/users\/2"}],"replies":[{"embeddable":true,"href":"https:\/\/patagoniambiental.com.ar\/info\/wp-json\/wp\/v2\/comments?post=15573"}],"version-history":[{"count":0,"href":"https:\/\/patagoniambiental.com.ar\/info\/wp-json\/wp\/v2\/posts\/15573\/revisions"}],"wp:featuredmedia":[{"embeddable":true,"href":"https:\/\/patagoniambiental.com.ar\/info\/wp-json\/"}],"wp:attachment":[{"href":"https:\/\/patagoniambiental.com.ar\/info\/wp-json\/wp\/v2\/media?parent=15573"}],"wp:term":[{"taxonomy":"category","embeddable":true,"href":"https:\/\/patagoniambiental.com.ar\/info\/wp-json\/wp\/v2\/categories?post=15573"},{"taxonomy":"post_tag","embeddable":true,"href":"https:\/\/patagoniambiental.com.ar\/info\/wp-json\/wp\/v2\/tags?post=15573"}],"curies":[{"name":"wp","href":"https:\/\/api.w.org\/{rel}","templated":true}]}}