{"id":15597,"date":"2015-11-30T19:07:44","date_gmt":"2015-11-30T22:07:44","guid":{"rendered":"http:\/\/patagoniambiental.com.ar\/?p=15597"},"modified":"2015-11-30T19:07:44","modified_gmt":"2015-11-30T22:07:44","slug":"energia-y-medio-ambiente-hidrocarburos-puso-en-marcha-la-planta-de-biodiesel","status":"publish","type":"post","link":"https:\/\/patagoniambiental.com.ar\/info\/energia-y-medio-ambiente-hidrocarburos-puso-en-marcha-la-planta-de-biodiesel\/","title":{"rendered":"ENERG\u00cdA Y MEDIO AMBIENTE Hidrocarburos puso en marcha la Planta de Biodiesel"},"content":{"rendered":"<p>Tierra del Fuego.-La Secretar\u00eda de Energ\u00eda e Hidrocarburos comenz\u00f3 con los trabajos de montaje y puesta en marcha de la planta de recuperaci\u00f3n de aceites vegetales usados para la fabricaci\u00f3n de biodiesel.<!--more--><\/p>\n<p>El Secretario de Energ\u00eda e Hidrocarburos, Alejandro Aguirre explic\u00f3 que \u201ceste proyecto, iniciado hace varios a\u00f1os, se concreta por medio de los aportes en materia de Responsabilidad Social Empresaria de las empresas que extendieron sus concesiones de explotaci\u00f3n en la Provincia\u201d.<\/p>\n<p>El montaje y puesta en marcha tiene m\u00faltiples actores, lo cual desde un comienzo es significativo y resume el car\u00e1cter social de este proyecto, dado que no s\u00f3lo los operadores participan con su aporte, sino tambi\u00e9n otras empresas de servicios, colaboran en la provisi\u00f3n de insumos b\u00e1sicos para las pruebas iniciales.<\/p>\n<p>Indic\u00f3 que \u201cuno de los actores de mayor participaci\u00f3n futura, es el CENT N\u00b0 35, a trav\u00e9s de sus docentes y alumnos de las carreras de Petr\u00f3leo, Procesos Qu\u00edmicos y Mantenimiento Industrial, quienes estar\u00e1n presentes en estos d\u00edas de intenso trabajo mancomunado\u201d.<\/p>\n<p>Esta planta tiene una capacidad nominal de 300 litros por lote, pudi\u00e9ndose hacer dos bidones en una jornada normal, no obstante, la finalidad did\u00e1ctica determinar\u00e1 la frecuencia de operaci\u00f3n, brindando un aporte significativo al cuidado del ambiente, dado que manipular\u00e1 como insumo aceites usados provenientes de cocinas de restaurants y rotiser\u00edas.<\/p>\n<p>El sistema est\u00e1 previsto para el suministro de 2 o m\u00e1s bidones que los donantes del aceite utilizar\u00e1n para acopiar el descarte de freidoras, los cuales ser\u00e1n retirados por un sistema de recolecci\u00f3n y llevados hasta el sitio de acopio en las instalaciones del galp\u00f3n.<\/p>\n<p>De esta manera el proyecto alcanzar\u00e1 dos grandes objetivos como eliminar los aceites de la corriente de residuos urbanos o cloacales y convertirlos en un insumo \u00fatil, y brindar capacitaci\u00f3n a alumnos de distintas carreras del CENT, posibilitando el desarrollo de la investigaci\u00f3n de procesos, de almacenaje de productos, de log\u00edstica, de electr\u00f3nica, entre otros.<\/p>\n<p>Por su parte, el Coordinador de la Tecnicatura Superior en Petr\u00f3leo, y Subsecretario de Producci\u00f3n y Desarrollo Energ\u00e9tico, e impulsor de este proyecto, Ing. Daniel Bl\u00e1zquez junto al T\u00e9cnico Juan Manuel Garc\u00eda, manifest\u00f3 que \u201cver cumplido este proyecto tiene un significado de profunda satisfacci\u00f3n y de gran impacto en las carreras que hoy representan la mayor oferta educativa terciaria en la provincia, otorgando un aporte m\u00e1s a la calidad educativa\u201d.<\/p>\n<p>Fuente: Ushuaia Noticias<\/p>\n","protected":false},"excerpt":{"rendered":"<p>Tierra del Fuego.-La Secretar\u00eda de Energ\u00eda e Hidrocarburos comenz\u00f3 con los trabajos de montaje y puesta en marcha de la [&hellip;]<\/p>\n","protected":false},"author":2,"featured_media":15598,"comment_status":"closed","ping_status":"closed","sticky":false,"template":"","format":"standard","meta":{"site-sidebar-layout":"default","site-content-layout":"","ast-site-content-layout":"default","site-content-style":"default","site-sidebar-style":"default","ast-global-header-display":"","ast-banner-title-visibility":"","ast-main-header-display":"","ast-hfb-above-header-display":"","ast-hfb-below-header-display":"","ast-hfb-mobile-header-display":"","site-post-title":"","ast-breadcrumbs-content":"","ast-featured-img":"","footer-sml-layout":"","ast-disable-related-posts":"","theme-transparent-header-meta":"","adv-header-id-meta":"","stick-header-meta":"","header-above-stick-meta":"","header-main-stick-meta":"","header-below-stick-meta":"","astra-migrate-meta-layouts":"default","ast-page-background-enabled":"default","ast-page-background-meta":{"desktop":{"background-color":"var(--ast-global-color-5)","background-image":"","background-repeat":"repeat","background-position":"center center","background-size":"auto","background-attachment":"scroll","background-type":"","background-media":"","overlay-type":"","overlay-color":"","overlay-opacity":"","overlay-gradient":""},"tablet":{"background-color":"","background-image":"","background-repeat":"repeat","background-position":"center center","background-size":"auto","background-attachment":"scroll","background-type":"","background-media":"","overlay-type":"","overlay-color":"","overlay-opacity":"","overlay-gradient":""},"mobile":{"background-color":"","background-image":"","background-repeat":"repeat","background-position":"center center","background-size":"auto","background-attachment":"scroll","background-type":"","background-media":"","overlay-type":"","overlay-color":"","overlay-opacity":"","overlay-gradient":""}},"ast-content-background-meta":{"desktop":{"background-color":"var(--ast-global-color-4)","background-image":"","background-repeat":"repeat","background-position":"center center","background-size":"auto","background-attachment":"scroll","background-type":"","background-media":"","overlay-type":"","overlay-color":"","overlay-opacity":"","overlay-gradient":""},"tablet":{"background-color":"var(--ast-global-color-4)","background-image":"","background-repeat":"repeat","background-position":"center center","background-size":"auto","background-attachment":"scroll","background-type":"","background-media":"","overlay-type":"","overlay-color":"","overlay-opacity":"","overlay-gradient":""},"mobile":{"background-color":"var(--ast-global-color-4)","background-image":"","background-repeat":"repeat","background-position":"center center","background-size":"auto","background-attachment":"scroll","background-type":"","background-media":"","overlay-type":"","overlay-color":"","overlay-opacity":"","overlay-gradient":""}},"footnotes":""},"categories":[1,13,25],"tags":[],"class_list":["post-15597","post","type-post","status-publish","format-standard","has-post-thumbnail","hentry","category-noticias","category-provinciales","category-tierra-del-fuego"],"yoast_head":"<!-- This site is optimized with the Yoast SEO Premium plugin v23.0 (Yoast SEO v27.5) - https:\/\/yoast.com\/product\/yoast-seo-premium-wordpress\/ -->\n<title>ENERG\u00cdA Y MEDIO AMBIENTE Hidrocarburos puso en marcha la Planta de Biodiesel<\/title>\n<meta name=\"robots\" content=\"index, follow, max-snippet:-1, max-image-preview:large, max-video-preview:-1\" \/>\n<link rel=\"canonical\" href=\"https:\/\/patagoniambiental.com.ar\/info\/energia-y-medio-ambiente-hidrocarburos-puso-en-marcha-la-planta-de-biodiesel\/\" \/>\n<meta property=\"og:locale\" content=\"es_ES\" \/>\n<meta property=\"og:type\" content=\"article\" \/>\n<meta property=\"og:title\" content=\"ENERG\u00cdA Y MEDIO AMBIENTE Hidrocarburos puso en marcha la Planta de Biodiesel\" \/>\n<meta property=\"og:description\" content=\"Tierra del Fuego.-La Secretar\u00eda de Energ\u00eda e Hidrocarburos comenz\u00f3 con los trabajos de montaje y puesta en marcha de la [&hellip;]\" \/>\n<meta property=\"og:url\" content=\"https:\/\/patagoniambiental.com.ar\/info\/energia-y-medio-ambiente-hidrocarburos-puso-en-marcha-la-planta-de-biodiesel\/\" \/>\n<meta property=\"og:site_name\" content=\"Patagonia Ambiental\" \/>\n<meta property=\"article:publisher\" content=\"https:\/\/www.facebook.com\/patagonia.ambiental\" \/>\n<meta property=\"article:author\" content=\"https:\/\/www.facebook.com\/share\/1C1V8Gv9BX\/?mibextid=qi2Omg\" \/>\n<meta property=\"article:published_time\" content=\"2015-11-30T22:07:44+00:00\" \/>\n<meta name=\"author\" content=\"Patagonia Ambiental\" \/>\n<meta name=\"twitter:card\" content=\"summary_large_image\" \/>\n<meta name=\"twitter:creator\" content=\"@PatAmb\" \/>\n<meta name=\"twitter:site\" content=\"@PatAmb\" \/>\n<script type=\"application\/ld+json\" class=\"yoast-schema-graph\">{\"@context\":\"https:\\\/\\\/schema.org\",\"@graph\":[{\"@type\":\"Article\",\"@id\":\"https:\\\/\\\/patagoniambiental.com.ar\\\/info\\\/energia-y-medio-ambiente-hidrocarburos-puso-en-marcha-la-planta-de-biodiesel\\\/#article\",\"isPartOf\":{\"@id\":\"https:\\\/\\\/patagoniambiental.com.ar\\\/info\\\/energia-y-medio-ambiente-hidrocarburos-puso-en-marcha-la-planta-de-biodiesel\\\/\"},\"author\":{\"name\":\"Patagonia Ambiental\",\"@id\":\"https:\\\/\\\/patagoniambiental.com.ar\\\/info\\\/#\\\/schema\\\/person\\\/db12bff64bbcbf6a253710bf0ea37b5d\"},\"headline\":\"ENERG\u00cdA Y MEDIO AMBIENTE Hidrocarburos puso en marcha la Planta de Biodiesel\",\"datePublished\":\"2015-11-30T22:07:44+00:00\",\"mainEntityOfPage\":{\"@id\":\"https:\\\/\\\/patagoniambiental.com.ar\\\/info\\\/energia-y-medio-ambiente-hidrocarburos-puso-en-marcha-la-planta-de-biodiesel\\\/\"},\"wordCount\":441,\"publisher\":{\"@id\":\"https:\\\/\\\/patagoniambiental.com.ar\\\/info\\\/#organization\"},\"image\":{\"@id\":\"https:\\\/\\\/patagoniambiental.com.ar\\\/info\\\/energia-y-medio-ambiente-hidrocarburos-puso-en-marcha-la-planta-de-biodiesel\\\/#primaryimage\"},\"thumbnailUrl\":\"\",\"articleSection\":[\"Noticias\",\"Provinciales\",\"Tierra del Fuego\"],\"inLanguage\":\"es\"},{\"@type\":\"WebPage\",\"@id\":\"https:\\\/\\\/patagoniambiental.com.ar\\\/info\\\/energia-y-medio-ambiente-hidrocarburos-puso-en-marcha-la-planta-de-biodiesel\\\/\",\"url\":\"https:\\\/\\\/patagoniambiental.com.ar\\\/info\\\/energia-y-medio-ambiente-hidrocarburos-puso-en-marcha-la-planta-de-biodiesel\\\/\",\"name\":\"ENERG\u00cdA Y MEDIO AMBIENTE Hidrocarburos puso en marcha la Planta de Biodiesel\",\"isPartOf\":{\"@id\":\"https:\\\/\\\/patagoniambiental.com.ar\\\/info\\\/#website\"},\"primaryImageOfPage\":{\"@id\":\"https:\\\/\\\/patagoniambiental.com.ar\\\/info\\\/energia-y-medio-ambiente-hidrocarburos-puso-en-marcha-la-planta-de-biodiesel\\\/#primaryimage\"},\"image\":{\"@id\":\"https:\\\/\\\/patagoniambiental.com.ar\\\/info\\\/energia-y-medio-ambiente-hidrocarburos-puso-en-marcha-la-planta-de-biodiesel\\\/#primaryimage\"},\"thumbnailUrl\":\"\",\"datePublished\":\"2015-11-30T22:07:44+00:00\",\"breadcrumb\":{\"@id\":\"https:\\\/\\\/patagoniambiental.com.ar\\\/info\\\/energia-y-medio-ambiente-hidrocarburos-puso-en-marcha-la-planta-de-biodiesel\\\/#breadcrumb\"},\"inLanguage\":\"es\",\"potentialAction\":[{\"@type\":\"ReadAction\",\"target\":[\"https:\\\/\\\/patagoniambiental.com.ar\\\/info\\\/energia-y-medio-ambiente-hidrocarburos-puso-en-marcha-la-planta-de-biodiesel\\\/\"]}]},{\"@type\":\"ImageObject\",\"inLanguage\":\"es\",\"@id\":\"https:\\\/\\\/patagoniambiental.com.ar\\\/info\\\/energia-y-medio-ambiente-hidrocarburos-puso-en-marcha-la-planta-de-biodiesel\\\/#primaryimage\",\"url\":\"\",\"contentUrl\":\"\"},{\"@type\":\"BreadcrumbList\",\"@id\":\"https:\\\/\\\/patagoniambiental.com.ar\\\/info\\\/energia-y-medio-ambiente-hidrocarburos-puso-en-marcha-la-planta-de-biodiesel\\\/#breadcrumb\",\"itemListElement\":[{\"@type\":\"ListItem\",\"position\":1,\"name\":\"Inicio\",\"item\":\"https:\\\/\\\/patagoniambiental.com.ar\\\/info\\\/\"},{\"@type\":\"ListItem\",\"position\":2,\"name\":\"ENERG\u00cdA Y MEDIO AMBIENTE Hidrocarburos puso en marcha la Planta de Biodiesel\"}]},{\"@type\":\"WebSite\",\"@id\":\"https:\\\/\\\/patagoniambiental.com.ar\\\/info\\\/#website\",\"url\":\"https:\\\/\\\/patagoniambiental.com.ar\\\/info\\\/\",\"name\":\"Patagonia Ambiental\",\"description\":\"Monitoreo y an\u00e1lisis de la situaci\u00f3n geopol\u00edtica en el mundo y su implicancia en la Patagonia\",\"publisher\":{\"@id\":\"https:\\\/\\\/patagoniambiental.com.ar\\\/info\\\/#organization\"},\"potentialAction\":[{\"@type\":\"SearchAction\",\"target\":{\"@type\":\"EntryPoint\",\"urlTemplate\":\"https:\\\/\\\/patagoniambiental.com.ar\\\/info\\\/?s={search_term_string}\"},\"query-input\":{\"@type\":\"PropertyValueSpecification\",\"valueRequired\":true,\"valueName\":\"search_term_string\"}}],\"inLanguage\":\"es\"},{\"@type\":\"Organization\",\"@id\":\"https:\\\/\\\/patagoniambiental.com.ar\\\/info\\\/#organization\",\"name\":\"Patagonia Ambiental\",\"url\":\"https:\\\/\\\/patagoniambiental.com.ar\\\/info\\\/\",\"logo\":{\"@type\":\"ImageObject\",\"inLanguage\":\"es\",\"@id\":\"https:\\\/\\\/patagoniambiental.com.ar\\\/info\\\/#\\\/schema\\\/logo\\\/image\\\/\",\"url\":\"https:\\\/\\\/patagoniambiental.com.ar\\\/info\\\/wp-content\\\/uploads\\\/2025\\\/05\\\/LOGO-PATAGONIA-AMBIENTAL.png\",\"contentUrl\":\"https:\\\/\\\/patagoniambiental.com.ar\\\/info\\\/wp-content\\\/uploads\\\/2025\\\/05\\\/LOGO-PATAGONIA-AMBIENTAL.png\",\"width\":433,\"height\":250,\"caption\":\"Patagonia Ambiental\"},\"image\":{\"@id\":\"https:\\\/\\\/patagoniambiental.com.ar\\\/info\\\/#\\\/schema\\\/logo\\\/image\\\/\"},\"sameAs\":[\"https:\\\/\\\/www.facebook.com\\\/patagonia.ambiental\",\"https:\\\/\\\/x.com\\\/PatAmb\"]},{\"@type\":\"Person\",\"@id\":\"https:\\\/\\\/patagoniambiental.com.ar\\\/info\\\/#\\\/schema\\\/person\\\/db12bff64bbcbf6a253710bf0ea37b5d\",\"name\":\"Patagonia Ambiental\",\"description\":\"Andr\u00e9s Nievas T\u00e9cnico en manejo ambiental, consultor Ambiental y escritor para medios locales e internacionales sobre temas de geopolitica y medio ambiente.\",\"sameAs\":[\"http:\\\/\\\/www.patagoniambiental.com.ar\",\"https:\\\/\\\/www.facebook.com\\\/share\\\/1C1V8Gv9BX\\\/?mibextid=qi2Omg\",\"@patagoniambiental\",\"https:\\\/\\\/youtube.com\\\/@patagoniaambiental2023?si=BLt58t0wuXquxlYZ\"]}]}<\/script>\n<!-- \/ Yoast SEO Premium plugin. -->","yoast_head_json":{"title":"ENERG\u00cdA Y MEDIO AMBIENTE Hidrocarburos puso en marcha la Planta de Biodiesel","robots":{"index":"index","follow":"follow","max-snippet":"max-snippet:-1","max-image-preview":"max-image-preview:large","max-video-preview":"max-video-preview:-1"},"canonical":"https:\/\/patagoniambiental.com.ar\/info\/energia-y-medio-ambiente-hidrocarburos-puso-en-marcha-la-planta-de-biodiesel\/","og_locale":"es_ES","og_type":"article","og_title":"ENERG\u00cdA Y MEDIO AMBIENTE Hidrocarburos puso en marcha la Planta de Biodiesel","og_description":"Tierra del Fuego.-La Secretar\u00eda de Energ\u00eda e Hidrocarburos comenz\u00f3 con los trabajos de montaje y puesta en marcha de la [&hellip;]","og_url":"https:\/\/patagoniambiental.com.ar\/info\/energia-y-medio-ambiente-hidrocarburos-puso-en-marcha-la-planta-de-biodiesel\/","og_site_name":"Patagonia Ambiental","article_publisher":"https:\/\/www.facebook.com\/patagonia.ambiental","article_author":"https:\/\/www.facebook.com\/share\/1C1V8Gv9BX\/?mibextid=qi2Omg","article_published_time":"2015-11-30T22:07:44+00:00","author":"Patagonia Ambiental","twitter_card":"summary_large_image","twitter_creator":"@PatAmb","twitter_site":"@PatAmb","schema":{"@context":"https:\/\/schema.org","@graph":[{"@type":"Article","@id":"https:\/\/patagoniambiental.com.ar\/info\/energia-y-medio-ambiente-hidrocarburos-puso-en-marcha-la-planta-de-biodiesel\/#article","isPartOf":{"@id":"https:\/\/patagoniambiental.com.ar\/info\/energia-y-medio-ambiente-hidrocarburos-puso-en-marcha-la-planta-de-biodiesel\/"},"author":{"name":"Patagonia Ambiental","@id":"https:\/\/patagoniambiental.com.ar\/info\/#\/schema\/person\/db12bff64bbcbf6a253710bf0ea37b5d"},"headline":"ENERG\u00cdA Y MEDIO AMBIENTE Hidrocarburos puso en marcha la Planta de Biodiesel","datePublished":"2015-11-30T22:07:44+00:00","mainEntityOfPage":{"@id":"https:\/\/patagoniambiental.com.ar\/info\/energia-y-medio-ambiente-hidrocarburos-puso-en-marcha-la-planta-de-biodiesel\/"},"wordCount":441,"publisher":{"@id":"https:\/\/patagoniambiental.com.ar\/info\/#organization"},"image":{"@id":"https:\/\/patagoniambiental.com.ar\/info\/energia-y-medio-ambiente-hidrocarburos-puso-en-marcha-la-planta-de-biodiesel\/#primaryimage"},"thumbnailUrl":"","articleSection":["Noticias","Provinciales","Tierra del Fuego"],"inLanguage":"es"},{"@type":"WebPage","@id":"https:\/\/patagoniambiental.com.ar\/info\/energia-y-medio-ambiente-hidrocarburos-puso-en-marcha-la-planta-de-biodiesel\/","url":"https:\/\/patagoniambiental.com.ar\/info\/energia-y-medio-ambiente-hidrocarburos-puso-en-marcha-la-planta-de-biodiesel\/","name":"ENERG\u00cdA Y MEDIO AMBIENTE Hidrocarburos puso en marcha la Planta de Biodiesel","isPartOf":{"@id":"https:\/\/patagoniambiental.com.ar\/info\/#website"},"primaryImageOfPage":{"@id":"https:\/\/patagoniambiental.com.ar\/info\/energia-y-medio-ambiente-hidrocarburos-puso-en-marcha-la-planta-de-biodiesel\/#primaryimage"},"image":{"@id":"https:\/\/patagoniambiental.com.ar\/info\/energia-y-medio-ambiente-hidrocarburos-puso-en-marcha-la-planta-de-biodiesel\/#primaryimage"},"thumbnailUrl":"","datePublished":"2015-11-30T22:07:44+00:00","breadcrumb":{"@id":"https:\/\/patagoniambiental.com.ar\/info\/energia-y-medio-ambiente-hidrocarburos-puso-en-marcha-la-planta-de-biodiesel\/#breadcrumb"},"inLanguage":"es","potentialAction":[{"@type":"ReadAction","target":["https:\/\/patagoniambiental.com.ar\/info\/energia-y-medio-ambiente-hidrocarburos-puso-en-marcha-la-planta-de-biodiesel\/"]}]},{"@type":"ImageObject","inLanguage":"es","@id":"https:\/\/patagoniambiental.com.ar\/info\/energia-y-medio-ambiente-hidrocarburos-puso-en-marcha-la-planta-de-biodiesel\/#primaryimage","url":"","contentUrl":""},{"@type":"BreadcrumbList","@id":"https:\/\/patagoniambiental.com.ar\/info\/energia-y-medio-ambiente-hidrocarburos-puso-en-marcha-la-planta-de-biodiesel\/#breadcrumb","itemListElement":[{"@type":"ListItem","position":1,"name":"Inicio","item":"https:\/\/patagoniambiental.com.ar\/info\/"},{"@type":"ListItem","position":2,"name":"ENERG\u00cdA Y MEDIO AMBIENTE Hidrocarburos puso en marcha la Planta de Biodiesel"}]},{"@type":"WebSite","@id":"https:\/\/patagoniambiental.com.ar\/info\/#website","url":"https:\/\/patagoniambiental.com.ar\/info\/","name":"Patagonia Ambiental","description":"Monitoreo y an\u00e1lisis de la situaci\u00f3n geopol\u00edtica en el mundo y su implicancia en la Patagonia","publisher":{"@id":"https:\/\/patagoniambiental.com.ar\/info\/#organization"},"potentialAction":[{"@type":"SearchAction","target":{"@type":"EntryPoint","urlTemplate":"https:\/\/patagoniambiental.com.ar\/info\/?s={search_term_string}"},"query-input":{"@type":"PropertyValueSpecification","valueRequired":true,"valueName":"search_term_string"}}],"inLanguage":"es"},{"@type":"Organization","@id":"https:\/\/patagoniambiental.com.ar\/info\/#organization","name":"Patagonia Ambiental","url":"https:\/\/patagoniambiental.com.ar\/info\/","logo":{"@type":"ImageObject","inLanguage":"es","@id":"https:\/\/patagoniambiental.com.ar\/info\/#\/schema\/logo\/image\/","url":"https:\/\/patagoniambiental.com.ar\/info\/wp-content\/uploads\/2025\/05\/LOGO-PATAGONIA-AMBIENTAL.png","contentUrl":"https:\/\/patagoniambiental.com.ar\/info\/wp-content\/uploads\/2025\/05\/LOGO-PATAGONIA-AMBIENTAL.png","width":433,"height":250,"caption":"Patagonia Ambiental"},"image":{"@id":"https:\/\/patagoniambiental.com.ar\/info\/#\/schema\/logo\/image\/"},"sameAs":["https:\/\/www.facebook.com\/patagonia.ambiental","https:\/\/x.com\/PatAmb"]},{"@type":"Person","@id":"https:\/\/patagoniambiental.com.ar\/info\/#\/schema\/person\/db12bff64bbcbf6a253710bf0ea37b5d","name":"Patagonia Ambiental","description":"Andr\u00e9s Nievas T\u00e9cnico en manejo ambiental, consultor Ambiental y escritor para medios locales e internacionales sobre temas de geopolitica y medio ambiente.","sameAs":["http:\/\/www.patagoniambiental.com.ar","https:\/\/www.facebook.com\/share\/1C1V8Gv9BX\/?mibextid=qi2Omg","@patagoniambiental","https:\/\/youtube.com\/@patagoniaambiental2023?si=BLt58t0wuXquxlYZ"]}]}},"_links":{"self":[{"href":"https:\/\/patagoniambiental.com.ar\/info\/wp-json\/wp\/v2\/posts\/15597","targetHints":{"allow":["GET"]}}],"collection":[{"href":"https:\/\/patagoniambiental.com.ar\/info\/wp-json\/wp\/v2\/posts"}],"about":[{"href":"https:\/\/patagoniambiental.com.ar\/info\/wp-json\/wp\/v2\/types\/post"}],"author":[{"embeddable":true,"href":"https:\/\/patagoniambiental.com.ar\/info\/wp-json\/wp\/v2\/users\/2"}],"replies":[{"embeddable":true,"href":"https:\/\/patagoniambiental.com.ar\/info\/wp-json\/wp\/v2\/comments?post=15597"}],"version-history":[{"count":0,"href":"https:\/\/patagoniambiental.com.ar\/info\/wp-json\/wp\/v2\/posts\/15597\/revisions"}],"wp:featuredmedia":[{"embeddable":true,"href":"https:\/\/patagoniambiental.com.ar\/info\/wp-json\/"}],"wp:attachment":[{"href":"https:\/\/patagoniambiental.com.ar\/info\/wp-json\/wp\/v2\/media?parent=15597"}],"wp:term":[{"taxonomy":"category","embeddable":true,"href":"https:\/\/patagoniambiental.com.ar\/info\/wp-json\/wp\/v2\/categories?post=15597"},{"taxonomy":"post_tag","embeddable":true,"href":"https:\/\/patagoniambiental.com.ar\/info\/wp-json\/wp\/v2\/tags?post=15597"}],"curies":[{"name":"wp","href":"https:\/\/api.w.org\/{rel}","templated":true}]}}