{"id":15609,"date":"2015-12-01T09:00:43","date_gmt":"2015-12-01T12:00:43","guid":{"rendered":"http:\/\/patagoniambiental.com.ar\/?p=15609"},"modified":"2015-12-01T09:00:43","modified_gmt":"2015-12-01T12:00:43","slug":"bill-gates-y-mark-zuckerberg-se-asocian-para-invertir-en-proyectos-de-energia-renovable","status":"publish","type":"post","link":"https:\/\/patagoniambiental.com.ar\/info\/bill-gates-y-mark-zuckerberg-se-asocian-para-invertir-en-proyectos-de-energia-renovable\/","title":{"rendered":"Bill Gates y Mark Zuckerberg promover\u00e1n la inversi\u00f3n en proyectos de energ\u00eda renovable"},"content":{"rendered":"<p>Ayer, Mark Zuckerberg\u00a0public\u00f3 en su p\u00e1gina de Facebook una foto junto a Bill Gates\u00a0en la que informaba del lanzamiento de la Breakthrough Energy Coalition,\u00a0una organizaci\u00f3n formada por\u00a028 inversores de 10 pa\u00edses cuyo objetivo ser\u00e1 dar apoyo econ\u00f3mico\u00a0a compa\u00f1\u00edas con proyectos relacionados a la\u00a0energ\u00eda sustentable.<\/p>\n<p>Adem\u00e1s de Zuckerberg y Gates, otros importantes ejecutivos de la industria tencol\u00f3gica\u00a0ser\u00e1n parte de esta asociaci\u00f3n; entre ellos se encuentran Jeff Bezos, CEO de Amazon, y Jack Ma, Presidente de Alibaba. El grupo de inversores destaca en el sitio oficial de la organizaci\u00f3n: \u201c El sistema existente de investigaci\u00f3n, inversi\u00f3n en energ\u00edas renovables, marcos regulatorios y subsidios falla en movilizar las inversiones suficientes para verdaderamente alcanzar las soluciones del futuro en relaci\u00f3n a la energ\u00eda\u201d.<\/p>\n<p>Del mismo modo, los ejecutivos aseguran en carta de presentaci\u00f3n que la \u00fanica forma de\u00a0lograr su objetivo de \u201ccarb\u00f3n cero\u201d es desarrollar \u201cnuevas herramientas que motoricen\u00a0al mundo\u201d. Para lograr su meta, la\u00a0Breakthrough Energy Coalition\u00a0trabajar\u00e1 en conjunto con los pa\u00edses adheridos a Mission Innovation, una iniciativa que hizo prometer a los\u00a0l\u00edderes comprometidos con el programa que duplicar\u00edan\u00a0su inversi\u00f3n en investigaci\u00f3n y desarrollo de energ\u00eda renovable durante los pr\u00f3ximos cinco a\u00f1os.<\/p>\n<p>La organizaci\u00f3n se comprometi\u00f3 a apoyar empresas que est\u00e9n trabajando para producir energ\u00eda asequible\u00a0y confiable\u00a0y que se encuentren\u00a0en fase inicial. \u201cLas ideas m\u00e1s transformadoras surgen de instituciones de investigaci\u00f3n y la brecha de capital se reduce sacando a esas ideas del laboratorio y llev\u00e1ndolas por el camino de la comercializaci\u00f3n\u201d, dice el sitio oficial de la\u00a0Breakthrough Energy Coalition. La asociaci\u00f3n har\u00e1\u00a0inversiones semilla, \u00e1ngel y de Serie A en sectores como los de\u00a0generaci\u00f3n y almacenamiento de energ\u00eda, transporte, uso industrial, agrilcultura y eficiencia energ\u00e9tica. \u201cEl factor diferenciador\u00a0deber\u00e1\u00a0ser una v\u00eda cre\u00edble para\u00a0el escalamiento r\u00e1pido y\u00a0el suministro de energ\u00eda asequible para el mayor n\u00famero de personas sin sobrecargar los recursos esenciales, incluyendo el uso de la tierra\u201d, agregan.<\/p>\n<p>Por \u00faltimo, Zuckerberg\u00a0asegur\u00f3 en su publicaci\u00f3n que \u201cno seremos capaces de progresar en otros desaf\u00edos \u2013como el acceso a\u00a0la educaci\u00f3n o a la conectividad a nivel global\u2013\u00a0sin energ\u00eda confiable y un clima estable\u201d.<\/p>\n<p>&nbsp;<\/p>\n","protected":false},"excerpt":{"rendered":"<p>Ayer, Mark Zuckerberg\u00a0public\u00f3 en su p\u00e1gina de Facebook una foto junto a Bill Gates\u00a0en la que informaba del lanzamiento de [&hellip;]<\/p>\n","protected":false},"author":2,"featured_media":15610,"comment_status":"closed","ping_status":"closed","sticky":false,"template":"","format":"standard","meta":{"site-sidebar-layout":"default","site-content-layout":"","ast-site-content-layout":"default","site-content-style":"default","site-sidebar-style":"default","ast-global-header-display":"","ast-banner-title-visibility":"","ast-main-header-display":"","ast-hfb-above-header-display":"","ast-hfb-below-header-display":"","ast-hfb-mobile-header-display":"","site-post-title":"","ast-breadcrumbs-content":"","ast-featured-img":"","footer-sml-layout":"","ast-disable-related-posts":"","theme-transparent-header-meta":"","adv-header-id-meta":"","stick-header-meta":"","header-above-stick-meta":"","header-main-stick-meta":"","header-below-stick-meta":"","astra-migrate-meta-layouts":"default","ast-page-background-enabled":"default","ast-page-background-meta":{"desktop":{"background-color":"var(--ast-global-color-5)","background-image":"","background-repeat":"repeat","background-position":"center center","background-size":"auto","background-attachment":"scroll","background-type":"","background-media":"","overlay-type":"","overlay-color":"","overlay-opacity":"","overlay-gradient":""},"tablet":{"background-color":"","background-image":"","background-repeat":"repeat","background-position":"center center","background-size":"auto","background-attachment":"scroll","background-type":"","background-media":"","overlay-type":"","overlay-color":"","overlay-opacity":"","overlay-gradient":""},"mobile":{"background-color":"","background-image":"","background-repeat":"repeat","background-position":"center center","background-size":"auto","background-attachment":"scroll","background-type":"","background-media":"","overlay-type":"","overlay-color":"","overlay-opacity":"","overlay-gradient":""}},"ast-content-background-meta":{"desktop":{"background-color":"var(--ast-global-color-4)","background-image":"","background-repeat":"repeat","background-position":"center center","background-size":"auto","background-attachment":"scroll","background-type":"","background-media":"","overlay-type":"","overlay-color":"","overlay-opacity":"","overlay-gradient":""},"tablet":{"background-color":"var(--ast-global-color-4)","background-image":"","background-repeat":"repeat","background-position":"center center","background-size":"auto","background-attachment":"scroll","background-type":"","background-media":"","overlay-type":"","overlay-color":"","overlay-opacity":"","overlay-gradient":""},"mobile":{"background-color":"var(--ast-global-color-4)","background-image":"","background-repeat":"repeat","background-position":"center center","background-size":"auto","background-attachment":"scroll","background-type":"","background-media":"","overlay-type":"","overlay-color":"","overlay-opacity":"","overlay-gradient":""}},"footnotes":""},"categories":[1],"tags":[],"class_list":["post-15609","post","type-post","status-publish","format-standard","has-post-thumbnail","hentry","category-noticias"],"yoast_head":"<!-- This site is optimized with the Yoast SEO Premium plugin v23.0 (Yoast SEO v27.5) - https:\/\/yoast.com\/product\/yoast-seo-premium-wordpress\/ -->\n<title>Bill Gates y Mark Zuckerberg promover\u00e1n la inversi\u00f3n en proyectos de energ\u00eda renovable<\/title>\n<meta name=\"robots\" content=\"index, follow, max-snippet:-1, max-image-preview:large, max-video-preview:-1\" \/>\n<link rel=\"canonical\" href=\"https:\/\/patagoniambiental.com.ar\/info\/bill-gates-y-mark-zuckerberg-se-asocian-para-invertir-en-proyectos-de-energia-renovable\/\" \/>\n<meta property=\"og:locale\" content=\"es_ES\" \/>\n<meta property=\"og:type\" content=\"article\" \/>\n<meta property=\"og:title\" content=\"Bill Gates y Mark Zuckerberg promover\u00e1n la inversi\u00f3n en proyectos de energ\u00eda renovable\" \/>\n<meta property=\"og:description\" content=\"Ayer, Mark Zuckerberg\u00a0public\u00f3 en su p\u00e1gina de Facebook una foto junto a Bill Gates\u00a0en la que informaba del lanzamiento de [&hellip;]\" \/>\n<meta property=\"og:url\" content=\"https:\/\/patagoniambiental.com.ar\/info\/bill-gates-y-mark-zuckerberg-se-asocian-para-invertir-en-proyectos-de-energia-renovable\/\" \/>\n<meta property=\"og:site_name\" content=\"Patagonia Ambiental\" \/>\n<meta property=\"article:publisher\" content=\"https:\/\/www.facebook.com\/patagonia.ambiental\" \/>\n<meta property=\"article:author\" content=\"https:\/\/www.facebook.com\/share\/1C1V8Gv9BX\/?mibextid=qi2Omg\" \/>\n<meta property=\"article:published_time\" content=\"2015-12-01T12:00:43+00:00\" \/>\n<meta name=\"author\" content=\"Patagonia Ambiental\" \/>\n<meta name=\"twitter:card\" content=\"summary_large_image\" \/>\n<meta name=\"twitter:creator\" content=\"@PatAmb\" \/>\n<meta name=\"twitter:site\" content=\"@PatAmb\" \/>\n<script type=\"application\/ld+json\" class=\"yoast-schema-graph\">{\"@context\":\"https:\\\/\\\/schema.org\",\"@graph\":[{\"@type\":\"Article\",\"@id\":\"https:\\\/\\\/patagoniambiental.com.ar\\\/info\\\/bill-gates-y-mark-zuckerberg-se-asocian-para-invertir-en-proyectos-de-energia-renovable\\\/#article\",\"isPartOf\":{\"@id\":\"https:\\\/\\\/patagoniambiental.com.ar\\\/info\\\/bill-gates-y-mark-zuckerberg-se-asocian-para-invertir-en-proyectos-de-energia-renovable\\\/\"},\"author\":{\"name\":\"Patagonia Ambiental\",\"@id\":\"https:\\\/\\\/patagoniambiental.com.ar\\\/info\\\/#\\\/schema\\\/person\\\/db12bff64bbcbf6a253710bf0ea37b5d\"},\"headline\":\"Bill Gates y Mark Zuckerberg promover\u00e1n la inversi\u00f3n en proyectos de energ\u00eda renovable\",\"datePublished\":\"2015-12-01T12:00:43+00:00\",\"mainEntityOfPage\":{\"@id\":\"https:\\\/\\\/patagoniambiental.com.ar\\\/info\\\/bill-gates-y-mark-zuckerberg-se-asocian-para-invertir-en-proyectos-de-energia-renovable\\\/\"},\"wordCount\":422,\"publisher\":{\"@id\":\"https:\\\/\\\/patagoniambiental.com.ar\\\/info\\\/#organization\"},\"image\":{\"@id\":\"https:\\\/\\\/patagoniambiental.com.ar\\\/info\\\/bill-gates-y-mark-zuckerberg-se-asocian-para-invertir-en-proyectos-de-energia-renovable\\\/#primaryimage\"},\"thumbnailUrl\":\"\",\"articleSection\":[\"Noticias\"],\"inLanguage\":\"es\"},{\"@type\":\"WebPage\",\"@id\":\"https:\\\/\\\/patagoniambiental.com.ar\\\/info\\\/bill-gates-y-mark-zuckerberg-se-asocian-para-invertir-en-proyectos-de-energia-renovable\\\/\",\"url\":\"https:\\\/\\\/patagoniambiental.com.ar\\\/info\\\/bill-gates-y-mark-zuckerberg-se-asocian-para-invertir-en-proyectos-de-energia-renovable\\\/\",\"name\":\"Bill Gates y Mark Zuckerberg promover\u00e1n la inversi\u00f3n en proyectos de energ\u00eda renovable\",\"isPartOf\":{\"@id\":\"https:\\\/\\\/patagoniambiental.com.ar\\\/info\\\/#website\"},\"primaryImageOfPage\":{\"@id\":\"https:\\\/\\\/patagoniambiental.com.ar\\\/info\\\/bill-gates-y-mark-zuckerberg-se-asocian-para-invertir-en-proyectos-de-energia-renovable\\\/#primaryimage\"},\"image\":{\"@id\":\"https:\\\/\\\/patagoniambiental.com.ar\\\/info\\\/bill-gates-y-mark-zuckerberg-se-asocian-para-invertir-en-proyectos-de-energia-renovable\\\/#primaryimage\"},\"thumbnailUrl\":\"\",\"datePublished\":\"2015-12-01T12:00:43+00:00\",\"breadcrumb\":{\"@id\":\"https:\\\/\\\/patagoniambiental.com.ar\\\/info\\\/bill-gates-y-mark-zuckerberg-se-asocian-para-invertir-en-proyectos-de-energia-renovable\\\/#breadcrumb\"},\"inLanguage\":\"es\",\"potentialAction\":[{\"@type\":\"ReadAction\",\"target\":[\"https:\\\/\\\/patagoniambiental.com.ar\\\/info\\\/bill-gates-y-mark-zuckerberg-se-asocian-para-invertir-en-proyectos-de-energia-renovable\\\/\"]}]},{\"@type\":\"ImageObject\",\"inLanguage\":\"es\",\"@id\":\"https:\\\/\\\/patagoniambiental.com.ar\\\/info\\\/bill-gates-y-mark-zuckerberg-se-asocian-para-invertir-en-proyectos-de-energia-renovable\\\/#primaryimage\",\"url\":\"\",\"contentUrl\":\"\"},{\"@type\":\"BreadcrumbList\",\"@id\":\"https:\\\/\\\/patagoniambiental.com.ar\\\/info\\\/bill-gates-y-mark-zuckerberg-se-asocian-para-invertir-en-proyectos-de-energia-renovable\\\/#breadcrumb\",\"itemListElement\":[{\"@type\":\"ListItem\",\"position\":1,\"name\":\"Inicio\",\"item\":\"https:\\\/\\\/patagoniambiental.com.ar\\\/info\\\/\"},{\"@type\":\"ListItem\",\"position\":2,\"name\":\"Bill Gates y Mark Zuckerberg promover\u00e1n la inversi\u00f3n en proyectos de energ\u00eda renovable\"}]},{\"@type\":\"WebSite\",\"@id\":\"https:\\\/\\\/patagoniambiental.com.ar\\\/info\\\/#website\",\"url\":\"https:\\\/\\\/patagoniambiental.com.ar\\\/info\\\/\",\"name\":\"Patagonia Ambiental\",\"description\":\"Monitoreo y an\u00e1lisis de la situaci\u00f3n geopol\u00edtica en el mundo y su implicancia en la Patagonia\",\"publisher\":{\"@id\":\"https:\\\/\\\/patagoniambiental.com.ar\\\/info\\\/#organization\"},\"potentialAction\":[{\"@type\":\"SearchAction\",\"target\":{\"@type\":\"EntryPoint\",\"urlTemplate\":\"https:\\\/\\\/patagoniambiental.com.ar\\\/info\\\/?s={search_term_string}\"},\"query-input\":{\"@type\":\"PropertyValueSpecification\",\"valueRequired\":true,\"valueName\":\"search_term_string\"}}],\"inLanguage\":\"es\"},{\"@type\":\"Organization\",\"@id\":\"https:\\\/\\\/patagoniambiental.com.ar\\\/info\\\/#organization\",\"name\":\"Patagonia Ambiental\",\"url\":\"https:\\\/\\\/patagoniambiental.com.ar\\\/info\\\/\",\"logo\":{\"@type\":\"ImageObject\",\"inLanguage\":\"es\",\"@id\":\"https:\\\/\\\/patagoniambiental.com.ar\\\/info\\\/#\\\/schema\\\/logo\\\/image\\\/\",\"url\":\"https:\\\/\\\/patagoniambiental.com.ar\\\/info\\\/wp-content\\\/uploads\\\/2025\\\/05\\\/LOGO-PATAGONIA-AMBIENTAL.png\",\"contentUrl\":\"https:\\\/\\\/patagoniambiental.com.ar\\\/info\\\/wp-content\\\/uploads\\\/2025\\\/05\\\/LOGO-PATAGONIA-AMBIENTAL.png\",\"width\":433,\"height\":250,\"caption\":\"Patagonia Ambiental\"},\"image\":{\"@id\":\"https:\\\/\\\/patagoniambiental.com.ar\\\/info\\\/#\\\/schema\\\/logo\\\/image\\\/\"},\"sameAs\":[\"https:\\\/\\\/www.facebook.com\\\/patagonia.ambiental\",\"https:\\\/\\\/x.com\\\/PatAmb\"]},{\"@type\":\"Person\",\"@id\":\"https:\\\/\\\/patagoniambiental.com.ar\\\/info\\\/#\\\/schema\\\/person\\\/db12bff64bbcbf6a253710bf0ea37b5d\",\"name\":\"Patagonia Ambiental\",\"description\":\"Andr\u00e9s Nievas T\u00e9cnico en manejo ambiental, consultor Ambiental y escritor para medios locales e internacionales sobre temas de geopolitica y medio ambiente.\",\"sameAs\":[\"http:\\\/\\\/www.patagoniambiental.com.ar\",\"https:\\\/\\\/www.facebook.com\\\/share\\\/1C1V8Gv9BX\\\/?mibextid=qi2Omg\",\"@patagoniambiental\",\"https:\\\/\\\/youtube.com\\\/@patagoniaambiental2023?si=BLt58t0wuXquxlYZ\"]}]}<\/script>\n<!-- \/ Yoast SEO Premium plugin. -->","yoast_head_json":{"title":"Bill Gates y Mark Zuckerberg promover\u00e1n la inversi\u00f3n en proyectos de energ\u00eda renovable","robots":{"index":"index","follow":"follow","max-snippet":"max-snippet:-1","max-image-preview":"max-image-preview:large","max-video-preview":"max-video-preview:-1"},"canonical":"https:\/\/patagoniambiental.com.ar\/info\/bill-gates-y-mark-zuckerberg-se-asocian-para-invertir-en-proyectos-de-energia-renovable\/","og_locale":"es_ES","og_type":"article","og_title":"Bill Gates y Mark Zuckerberg promover\u00e1n la inversi\u00f3n en proyectos de energ\u00eda renovable","og_description":"Ayer, Mark Zuckerberg\u00a0public\u00f3 en su p\u00e1gina de Facebook una foto junto a Bill Gates\u00a0en la que informaba del lanzamiento de [&hellip;]","og_url":"https:\/\/patagoniambiental.com.ar\/info\/bill-gates-y-mark-zuckerberg-se-asocian-para-invertir-en-proyectos-de-energia-renovable\/","og_site_name":"Patagonia Ambiental","article_publisher":"https:\/\/www.facebook.com\/patagonia.ambiental","article_author":"https:\/\/www.facebook.com\/share\/1C1V8Gv9BX\/?mibextid=qi2Omg","article_published_time":"2015-12-01T12:00:43+00:00","author":"Patagonia Ambiental","twitter_card":"summary_large_image","twitter_creator":"@PatAmb","twitter_site":"@PatAmb","schema":{"@context":"https:\/\/schema.org","@graph":[{"@type":"Article","@id":"https:\/\/patagoniambiental.com.ar\/info\/bill-gates-y-mark-zuckerberg-se-asocian-para-invertir-en-proyectos-de-energia-renovable\/#article","isPartOf":{"@id":"https:\/\/patagoniambiental.com.ar\/info\/bill-gates-y-mark-zuckerberg-se-asocian-para-invertir-en-proyectos-de-energia-renovable\/"},"author":{"name":"Patagonia Ambiental","@id":"https:\/\/patagoniambiental.com.ar\/info\/#\/schema\/person\/db12bff64bbcbf6a253710bf0ea37b5d"},"headline":"Bill Gates y Mark Zuckerberg promover\u00e1n la inversi\u00f3n en proyectos de energ\u00eda renovable","datePublished":"2015-12-01T12:00:43+00:00","mainEntityOfPage":{"@id":"https:\/\/patagoniambiental.com.ar\/info\/bill-gates-y-mark-zuckerberg-se-asocian-para-invertir-en-proyectos-de-energia-renovable\/"},"wordCount":422,"publisher":{"@id":"https:\/\/patagoniambiental.com.ar\/info\/#organization"},"image":{"@id":"https:\/\/patagoniambiental.com.ar\/info\/bill-gates-y-mark-zuckerberg-se-asocian-para-invertir-en-proyectos-de-energia-renovable\/#primaryimage"},"thumbnailUrl":"","articleSection":["Noticias"],"inLanguage":"es"},{"@type":"WebPage","@id":"https:\/\/patagoniambiental.com.ar\/info\/bill-gates-y-mark-zuckerberg-se-asocian-para-invertir-en-proyectos-de-energia-renovable\/","url":"https:\/\/patagoniambiental.com.ar\/info\/bill-gates-y-mark-zuckerberg-se-asocian-para-invertir-en-proyectos-de-energia-renovable\/","name":"Bill Gates y Mark Zuckerberg promover\u00e1n la inversi\u00f3n en proyectos de energ\u00eda renovable","isPartOf":{"@id":"https:\/\/patagoniambiental.com.ar\/info\/#website"},"primaryImageOfPage":{"@id":"https:\/\/patagoniambiental.com.ar\/info\/bill-gates-y-mark-zuckerberg-se-asocian-para-invertir-en-proyectos-de-energia-renovable\/#primaryimage"},"image":{"@id":"https:\/\/patagoniambiental.com.ar\/info\/bill-gates-y-mark-zuckerberg-se-asocian-para-invertir-en-proyectos-de-energia-renovable\/#primaryimage"},"thumbnailUrl":"","datePublished":"2015-12-01T12:00:43+00:00","breadcrumb":{"@id":"https:\/\/patagoniambiental.com.ar\/info\/bill-gates-y-mark-zuckerberg-se-asocian-para-invertir-en-proyectos-de-energia-renovable\/#breadcrumb"},"inLanguage":"es","potentialAction":[{"@type":"ReadAction","target":["https:\/\/patagoniambiental.com.ar\/info\/bill-gates-y-mark-zuckerberg-se-asocian-para-invertir-en-proyectos-de-energia-renovable\/"]}]},{"@type":"ImageObject","inLanguage":"es","@id":"https:\/\/patagoniambiental.com.ar\/info\/bill-gates-y-mark-zuckerberg-se-asocian-para-invertir-en-proyectos-de-energia-renovable\/#primaryimage","url":"","contentUrl":""},{"@type":"BreadcrumbList","@id":"https:\/\/patagoniambiental.com.ar\/info\/bill-gates-y-mark-zuckerberg-se-asocian-para-invertir-en-proyectos-de-energia-renovable\/#breadcrumb","itemListElement":[{"@type":"ListItem","position":1,"name":"Inicio","item":"https:\/\/patagoniambiental.com.ar\/info\/"},{"@type":"ListItem","position":2,"name":"Bill Gates y Mark Zuckerberg promover\u00e1n la inversi\u00f3n en proyectos de energ\u00eda renovable"}]},{"@type":"WebSite","@id":"https:\/\/patagoniambiental.com.ar\/info\/#website","url":"https:\/\/patagoniambiental.com.ar\/info\/","name":"Patagonia Ambiental","description":"Monitoreo y an\u00e1lisis de la situaci\u00f3n geopol\u00edtica en el mundo y su implicancia en la Patagonia","publisher":{"@id":"https:\/\/patagoniambiental.com.ar\/info\/#organization"},"potentialAction":[{"@type":"SearchAction","target":{"@type":"EntryPoint","urlTemplate":"https:\/\/patagoniambiental.com.ar\/info\/?s={search_term_string}"},"query-input":{"@type":"PropertyValueSpecification","valueRequired":true,"valueName":"search_term_string"}}],"inLanguage":"es"},{"@type":"Organization","@id":"https:\/\/patagoniambiental.com.ar\/info\/#organization","name":"Patagonia Ambiental","url":"https:\/\/patagoniambiental.com.ar\/info\/","logo":{"@type":"ImageObject","inLanguage":"es","@id":"https:\/\/patagoniambiental.com.ar\/info\/#\/schema\/logo\/image\/","url":"https:\/\/patagoniambiental.com.ar\/info\/wp-content\/uploads\/2025\/05\/LOGO-PATAGONIA-AMBIENTAL.png","contentUrl":"https:\/\/patagoniambiental.com.ar\/info\/wp-content\/uploads\/2025\/05\/LOGO-PATAGONIA-AMBIENTAL.png","width":433,"height":250,"caption":"Patagonia Ambiental"},"image":{"@id":"https:\/\/patagoniambiental.com.ar\/info\/#\/schema\/logo\/image\/"},"sameAs":["https:\/\/www.facebook.com\/patagonia.ambiental","https:\/\/x.com\/PatAmb"]},{"@type":"Person","@id":"https:\/\/patagoniambiental.com.ar\/info\/#\/schema\/person\/db12bff64bbcbf6a253710bf0ea37b5d","name":"Patagonia Ambiental","description":"Andr\u00e9s Nievas T\u00e9cnico en manejo ambiental, consultor Ambiental y escritor para medios locales e internacionales sobre temas de geopolitica y medio ambiente.","sameAs":["http:\/\/www.patagoniambiental.com.ar","https:\/\/www.facebook.com\/share\/1C1V8Gv9BX\/?mibextid=qi2Omg","@patagoniambiental","https:\/\/youtube.com\/@patagoniaambiental2023?si=BLt58t0wuXquxlYZ"]}]}},"_links":{"self":[{"href":"https:\/\/patagoniambiental.com.ar\/info\/wp-json\/wp\/v2\/posts\/15609","targetHints":{"allow":["GET"]}}],"collection":[{"href":"https:\/\/patagoniambiental.com.ar\/info\/wp-json\/wp\/v2\/posts"}],"about":[{"href":"https:\/\/patagoniambiental.com.ar\/info\/wp-json\/wp\/v2\/types\/post"}],"author":[{"embeddable":true,"href":"https:\/\/patagoniambiental.com.ar\/info\/wp-json\/wp\/v2\/users\/2"}],"replies":[{"embeddable":true,"href":"https:\/\/patagoniambiental.com.ar\/info\/wp-json\/wp\/v2\/comments?post=15609"}],"version-history":[{"count":0,"href":"https:\/\/patagoniambiental.com.ar\/info\/wp-json\/wp\/v2\/posts\/15609\/revisions"}],"wp:featuredmedia":[{"embeddable":true,"href":"https:\/\/patagoniambiental.com.ar\/info\/wp-json\/"}],"wp:attachment":[{"href":"https:\/\/patagoniambiental.com.ar\/info\/wp-json\/wp\/v2\/media?parent=15609"}],"wp:term":[{"taxonomy":"category","embeddable":true,"href":"https:\/\/patagoniambiental.com.ar\/info\/wp-json\/wp\/v2\/categories?post=15609"},{"taxonomy":"post_tag","embeddable":true,"href":"https:\/\/patagoniambiental.com.ar\/info\/wp-json\/wp\/v2\/tags?post=15609"}],"curies":[{"name":"wp","href":"https:\/\/api.w.org\/{rel}","templated":true}]}}