{"id":15854,"date":"2015-12-03T09:00:47","date_gmt":"2015-12-03T12:00:47","guid":{"rendered":"http:\/\/patagoniambiental.com.ar\/?p=15854"},"modified":"2015-12-03T09:00:47","modified_gmt":"2015-12-03T12:00:47","slug":"este-domingo-bariloche-se-moviliza-por-el-libre-acceso-a-las-costas","status":"publish","type":"post","link":"https:\/\/patagoniambiental.com.ar\/info\/este-domingo-bariloche-se-moviliza-por-el-libre-acceso-a-las-costas\/","title":{"rendered":"Este domingo Bariloche se moviliza por el libre acceso a las costas"},"content":{"rendered":"<p>Las ONG Ambientalistas\u00a0Asociaci\u00f3n Arbol de Pie, el Grupo Bah\u00eda Serena por las Costas Libres, la Asociaci\u00f3n por el Libre Acceso a las Costas \u00abCristian Gonz\u00e1lez\u00bb y Alerta Angostura, convocan el pr\u00f3ximo domingo\u00a0a un acto que busca\u00a0reclamar la restituci\u00f3n de los 35 metros sobre r\u00edos, lagos y lagunas (recortado por el nuevo C\u00f3digo Civil) y que terminar\u00e1 con una flotada de balsas en el r\u00edo Limay.<\/p>\n<p>&nbsp;<\/p>\n<p>La objetivo\u00a0es apoyar el cambio en la ley que promueven entre otros la senadora Magdalena Odarda para garantizar la restricci\u00f3n al dominio privado en la franja costera.<\/p>\n<p>La actividad programada comenzar\u00e1 a las 11 en el Centro C\u00edvico, con una charla por parte del abogado Dar\u00edo Rodr\u00edguez Duch, sobre los cambios aplicados al C\u00f3digo Civil y las iniciativas parlamentarias en estudio. Luego actuar\u00e1 el grupo Asociaci\u00f3n Folkl\u00f3rica Integrados Patag\u00f3nicos.\u00a0A las 12.30 los manifestantes se trasladar\u00e1n hasta Rinc\u00f3n Chico, en la costa del Limay, donde habr\u00e1 un almuerzo \u00aba la canasta\u00bb y posteriormente los interesados podr\u00e1n participar de la bajada en balsas\u00a0y kayaks\u00a0hasta Villa Llanqu\u00edn.<\/p>\n","protected":false},"excerpt":{"rendered":"<p>Las ONG Ambientalistas\u00a0Asociaci\u00f3n Arbol de Pie, el Grupo Bah\u00eda Serena por las Costas Libres, la Asociaci\u00f3n por el Libre Acceso [&hellip;]<\/p>\n","protected":false},"author":2,"featured_media":15443,"comment_status":"closed","ping_status":"closed","sticky":false,"template":"","format":"standard","meta":{"site-sidebar-layout":"default","site-content-layout":"","ast-site-content-layout":"default","site-content-style":"default","site-sidebar-style":"default","ast-global-header-display":"","ast-banner-title-visibility":"","ast-main-header-display":"","ast-hfb-above-header-display":"","ast-hfb-below-header-display":"","ast-hfb-mobile-header-display":"","site-post-title":"","ast-breadcrumbs-content":"","ast-featured-img":"","footer-sml-layout":"","ast-disable-related-posts":"","theme-transparent-header-meta":"","adv-header-id-meta":"","stick-header-meta":"","header-above-stick-meta":"","header-main-stick-meta":"","header-below-stick-meta":"","astra-migrate-meta-layouts":"default","ast-page-background-enabled":"default","ast-page-background-meta":{"desktop":{"background-color":"var(--ast-global-color-5)","background-image":"","background-repeat":"repeat","background-position":"center center","background-size":"auto","background-attachment":"scroll","background-type":"","background-media":"","overlay-type":"","overlay-color":"","overlay-opacity":"","overlay-gradient":""},"tablet":{"background-color":"","background-image":"","background-repeat":"repeat","background-position":"center center","background-size":"auto","background-attachment":"scroll","background-type":"","background-media":"","overlay-type":"","overlay-color":"","overlay-opacity":"","overlay-gradient":""},"mobile":{"background-color":"","background-image":"","background-repeat":"repeat","background-position":"center center","background-size":"auto","background-attachment":"scroll","background-type":"","background-media":"","overlay-type":"","overlay-color":"","overlay-opacity":"","overlay-gradient":""}},"ast-content-background-meta":{"desktop":{"background-color":"var(--ast-global-color-4)","background-image":"","background-repeat":"repeat","background-position":"center center","background-size":"auto","background-attachment":"scroll","background-type":"","background-media":"","overlay-type":"","overlay-color":"","overlay-opacity":"","overlay-gradient":""},"tablet":{"background-color":"var(--ast-global-color-4)","background-image":"","background-repeat":"repeat","background-position":"center center","background-size":"auto","background-attachment":"scroll","background-type":"","background-media":"","overlay-type":"","overlay-color":"","overlay-opacity":"","overlay-gradient":""},"mobile":{"background-color":"var(--ast-global-color-4)","background-image":"","background-repeat":"repeat","background-position":"center center","background-size":"auto","background-attachment":"scroll","background-type":"","background-media":"","overlay-type":"","overlay-color":"","overlay-opacity":"","overlay-gradient":""}},"footnotes":""},"categories":[1],"tags":[],"class_list":["post-15854","post","type-post","status-publish","format-standard","has-post-thumbnail","hentry","category-noticias"],"yoast_head":"<!-- This site is optimized with the Yoast SEO Premium plugin v23.0 (Yoast SEO v27.5) - https:\/\/yoast.com\/product\/yoast-seo-premium-wordpress\/ -->\n<title>Este domingo Bariloche se moviliza por el libre acceso a las costas<\/title>\n<meta name=\"robots\" content=\"index, follow, max-snippet:-1, max-image-preview:large, max-video-preview:-1\" \/>\n<link rel=\"canonical\" href=\"https:\/\/patagoniambiental.com.ar\/info\/este-domingo-bariloche-se-moviliza-por-el-libre-acceso-a-las-costas\/\" \/>\n<meta property=\"og:locale\" content=\"es_ES\" \/>\n<meta property=\"og:type\" content=\"article\" \/>\n<meta property=\"og:title\" content=\"Este domingo Bariloche se moviliza por el libre acceso a las costas\" \/>\n<meta property=\"og:description\" content=\"Las ONG Ambientalistas\u00a0Asociaci\u00f3n Arbol de Pie, el Grupo Bah\u00eda Serena por las Costas Libres, la Asociaci\u00f3n por el Libre Acceso [&hellip;]\" \/>\n<meta property=\"og:url\" content=\"https:\/\/patagoniambiental.com.ar\/info\/este-domingo-bariloche-se-moviliza-por-el-libre-acceso-a-las-costas\/\" \/>\n<meta property=\"og:site_name\" content=\"Patagonia Ambiental\" \/>\n<meta property=\"article:publisher\" content=\"https:\/\/www.facebook.com\/patagonia.ambiental\" \/>\n<meta property=\"article:author\" content=\"https:\/\/www.facebook.com\/share\/1C1V8Gv9BX\/?mibextid=qi2Omg\" \/>\n<meta property=\"article:published_time\" content=\"2015-12-03T12:00:47+00:00\" \/>\n<meta name=\"author\" content=\"Patagonia Ambiental\" \/>\n<meta name=\"twitter:card\" content=\"summary_large_image\" \/>\n<meta name=\"twitter:creator\" content=\"@PatAmb\" \/>\n<meta name=\"twitter:site\" content=\"@PatAmb\" \/>\n<script type=\"application\/ld+json\" class=\"yoast-schema-graph\">{\"@context\":\"https:\\\/\\\/schema.org\",\"@graph\":[{\"@type\":\"Article\",\"@id\":\"https:\\\/\\\/patagoniambiental.com.ar\\\/info\\\/este-domingo-bariloche-se-moviliza-por-el-libre-acceso-a-las-costas\\\/#article\",\"isPartOf\":{\"@id\":\"https:\\\/\\\/patagoniambiental.com.ar\\\/info\\\/este-domingo-bariloche-se-moviliza-por-el-libre-acceso-a-las-costas\\\/\"},\"author\":{\"name\":\"Patagonia Ambiental\",\"@id\":\"https:\\\/\\\/patagoniambiental.com.ar\\\/info\\\/#\\\/schema\\\/person\\\/db12bff64bbcbf6a253710bf0ea37b5d\"},\"headline\":\"Este domingo Bariloche se moviliza por el libre acceso a las costas\",\"datePublished\":\"2015-12-03T12:00:47+00:00\",\"mainEntityOfPage\":{\"@id\":\"https:\\\/\\\/patagoniambiental.com.ar\\\/info\\\/este-domingo-bariloche-se-moviliza-por-el-libre-acceso-a-las-costas\\\/\"},\"wordCount\":207,\"publisher\":{\"@id\":\"https:\\\/\\\/patagoniambiental.com.ar\\\/info\\\/#organization\"},\"image\":{\"@id\":\"https:\\\/\\\/patagoniambiental.com.ar\\\/info\\\/este-domingo-bariloche-se-moviliza-por-el-libre-acceso-a-las-costas\\\/#primaryimage\"},\"thumbnailUrl\":\"\",\"articleSection\":[\"Noticias\"],\"inLanguage\":\"es\"},{\"@type\":\"WebPage\",\"@id\":\"https:\\\/\\\/patagoniambiental.com.ar\\\/info\\\/este-domingo-bariloche-se-moviliza-por-el-libre-acceso-a-las-costas\\\/\",\"url\":\"https:\\\/\\\/patagoniambiental.com.ar\\\/info\\\/este-domingo-bariloche-se-moviliza-por-el-libre-acceso-a-las-costas\\\/\",\"name\":\"Este domingo Bariloche se moviliza por el libre acceso a las costas\",\"isPartOf\":{\"@id\":\"https:\\\/\\\/patagoniambiental.com.ar\\\/info\\\/#website\"},\"primaryImageOfPage\":{\"@id\":\"https:\\\/\\\/patagoniambiental.com.ar\\\/info\\\/este-domingo-bariloche-se-moviliza-por-el-libre-acceso-a-las-costas\\\/#primaryimage\"},\"image\":{\"@id\":\"https:\\\/\\\/patagoniambiental.com.ar\\\/info\\\/este-domingo-bariloche-se-moviliza-por-el-libre-acceso-a-las-costas\\\/#primaryimage\"},\"thumbnailUrl\":\"\",\"datePublished\":\"2015-12-03T12:00:47+00:00\",\"breadcrumb\":{\"@id\":\"https:\\\/\\\/patagoniambiental.com.ar\\\/info\\\/este-domingo-bariloche-se-moviliza-por-el-libre-acceso-a-las-costas\\\/#breadcrumb\"},\"inLanguage\":\"es\",\"potentialAction\":[{\"@type\":\"ReadAction\",\"target\":[\"https:\\\/\\\/patagoniambiental.com.ar\\\/info\\\/este-domingo-bariloche-se-moviliza-por-el-libre-acceso-a-las-costas\\\/\"]}]},{\"@type\":\"ImageObject\",\"inLanguage\":\"es\",\"@id\":\"https:\\\/\\\/patagoniambiental.com.ar\\\/info\\\/este-domingo-bariloche-se-moviliza-por-el-libre-acceso-a-las-costas\\\/#primaryimage\",\"url\":\"\",\"contentUrl\":\"\"},{\"@type\":\"BreadcrumbList\",\"@id\":\"https:\\\/\\\/patagoniambiental.com.ar\\\/info\\\/este-domingo-bariloche-se-moviliza-por-el-libre-acceso-a-las-costas\\\/#breadcrumb\",\"itemListElement\":[{\"@type\":\"ListItem\",\"position\":1,\"name\":\"Inicio\",\"item\":\"https:\\\/\\\/patagoniambiental.com.ar\\\/info\\\/\"},{\"@type\":\"ListItem\",\"position\":2,\"name\":\"Este domingo Bariloche se moviliza por el libre acceso a las costas\"}]},{\"@type\":\"WebSite\",\"@id\":\"https:\\\/\\\/patagoniambiental.com.ar\\\/info\\\/#website\",\"url\":\"https:\\\/\\\/patagoniambiental.com.ar\\\/info\\\/\",\"name\":\"Patagonia Ambiental\",\"description\":\"Monitoreo y an\u00e1lisis de la situaci\u00f3n geopol\u00edtica en el mundo y su implicancia en la Patagonia\",\"publisher\":{\"@id\":\"https:\\\/\\\/patagoniambiental.com.ar\\\/info\\\/#organization\"},\"potentialAction\":[{\"@type\":\"SearchAction\",\"target\":{\"@type\":\"EntryPoint\",\"urlTemplate\":\"https:\\\/\\\/patagoniambiental.com.ar\\\/info\\\/?s={search_term_string}\"},\"query-input\":{\"@type\":\"PropertyValueSpecification\",\"valueRequired\":true,\"valueName\":\"search_term_string\"}}],\"inLanguage\":\"es\"},{\"@type\":\"Organization\",\"@id\":\"https:\\\/\\\/patagoniambiental.com.ar\\\/info\\\/#organization\",\"name\":\"Patagonia Ambiental\",\"url\":\"https:\\\/\\\/patagoniambiental.com.ar\\\/info\\\/\",\"logo\":{\"@type\":\"ImageObject\",\"inLanguage\":\"es\",\"@id\":\"https:\\\/\\\/patagoniambiental.com.ar\\\/info\\\/#\\\/schema\\\/logo\\\/image\\\/\",\"url\":\"https:\\\/\\\/patagoniambiental.com.ar\\\/info\\\/wp-content\\\/uploads\\\/2025\\\/05\\\/LOGO-PATAGONIA-AMBIENTAL.png\",\"contentUrl\":\"https:\\\/\\\/patagoniambiental.com.ar\\\/info\\\/wp-content\\\/uploads\\\/2025\\\/05\\\/LOGO-PATAGONIA-AMBIENTAL.png\",\"width\":433,\"height\":250,\"caption\":\"Patagonia Ambiental\"},\"image\":{\"@id\":\"https:\\\/\\\/patagoniambiental.com.ar\\\/info\\\/#\\\/schema\\\/logo\\\/image\\\/\"},\"sameAs\":[\"https:\\\/\\\/www.facebook.com\\\/patagonia.ambiental\",\"https:\\\/\\\/x.com\\\/PatAmb\"]},{\"@type\":\"Person\",\"@id\":\"https:\\\/\\\/patagoniambiental.com.ar\\\/info\\\/#\\\/schema\\\/person\\\/db12bff64bbcbf6a253710bf0ea37b5d\",\"name\":\"Patagonia Ambiental\",\"description\":\"Andr\u00e9s Nievas T\u00e9cnico en manejo ambiental, consultor Ambiental y escritor para medios locales e internacionales sobre temas de geopolitica y medio ambiente.\",\"sameAs\":[\"http:\\\/\\\/www.patagoniambiental.com.ar\",\"https:\\\/\\\/www.facebook.com\\\/share\\\/1C1V8Gv9BX\\\/?mibextid=qi2Omg\",\"@patagoniambiental\",\"https:\\\/\\\/youtube.com\\\/@patagoniaambiental2023?si=BLt58t0wuXquxlYZ\"]}]}<\/script>\n<!-- \/ Yoast SEO Premium plugin. -->","yoast_head_json":{"title":"Este domingo Bariloche se moviliza por el libre acceso a las costas","robots":{"index":"index","follow":"follow","max-snippet":"max-snippet:-1","max-image-preview":"max-image-preview:large","max-video-preview":"max-video-preview:-1"},"canonical":"https:\/\/patagoniambiental.com.ar\/info\/este-domingo-bariloche-se-moviliza-por-el-libre-acceso-a-las-costas\/","og_locale":"es_ES","og_type":"article","og_title":"Este domingo Bariloche se moviliza por el libre acceso a las costas","og_description":"Las ONG Ambientalistas\u00a0Asociaci\u00f3n Arbol de Pie, el Grupo Bah\u00eda Serena por las Costas Libres, la Asociaci\u00f3n por el Libre Acceso [&hellip;]","og_url":"https:\/\/patagoniambiental.com.ar\/info\/este-domingo-bariloche-se-moviliza-por-el-libre-acceso-a-las-costas\/","og_site_name":"Patagonia Ambiental","article_publisher":"https:\/\/www.facebook.com\/patagonia.ambiental","article_author":"https:\/\/www.facebook.com\/share\/1C1V8Gv9BX\/?mibextid=qi2Omg","article_published_time":"2015-12-03T12:00:47+00:00","author":"Patagonia Ambiental","twitter_card":"summary_large_image","twitter_creator":"@PatAmb","twitter_site":"@PatAmb","schema":{"@context":"https:\/\/schema.org","@graph":[{"@type":"Article","@id":"https:\/\/patagoniambiental.com.ar\/info\/este-domingo-bariloche-se-moviliza-por-el-libre-acceso-a-las-costas\/#article","isPartOf":{"@id":"https:\/\/patagoniambiental.com.ar\/info\/este-domingo-bariloche-se-moviliza-por-el-libre-acceso-a-las-costas\/"},"author":{"name":"Patagonia Ambiental","@id":"https:\/\/patagoniambiental.com.ar\/info\/#\/schema\/person\/db12bff64bbcbf6a253710bf0ea37b5d"},"headline":"Este domingo Bariloche se moviliza por el libre acceso a las costas","datePublished":"2015-12-03T12:00:47+00:00","mainEntityOfPage":{"@id":"https:\/\/patagoniambiental.com.ar\/info\/este-domingo-bariloche-se-moviliza-por-el-libre-acceso-a-las-costas\/"},"wordCount":207,"publisher":{"@id":"https:\/\/patagoniambiental.com.ar\/info\/#organization"},"image":{"@id":"https:\/\/patagoniambiental.com.ar\/info\/este-domingo-bariloche-se-moviliza-por-el-libre-acceso-a-las-costas\/#primaryimage"},"thumbnailUrl":"","articleSection":["Noticias"],"inLanguage":"es"},{"@type":"WebPage","@id":"https:\/\/patagoniambiental.com.ar\/info\/este-domingo-bariloche-se-moviliza-por-el-libre-acceso-a-las-costas\/","url":"https:\/\/patagoniambiental.com.ar\/info\/este-domingo-bariloche-se-moviliza-por-el-libre-acceso-a-las-costas\/","name":"Este domingo Bariloche se moviliza por el libre acceso a las costas","isPartOf":{"@id":"https:\/\/patagoniambiental.com.ar\/info\/#website"},"primaryImageOfPage":{"@id":"https:\/\/patagoniambiental.com.ar\/info\/este-domingo-bariloche-se-moviliza-por-el-libre-acceso-a-las-costas\/#primaryimage"},"image":{"@id":"https:\/\/patagoniambiental.com.ar\/info\/este-domingo-bariloche-se-moviliza-por-el-libre-acceso-a-las-costas\/#primaryimage"},"thumbnailUrl":"","datePublished":"2015-12-03T12:00:47+00:00","breadcrumb":{"@id":"https:\/\/patagoniambiental.com.ar\/info\/este-domingo-bariloche-se-moviliza-por-el-libre-acceso-a-las-costas\/#breadcrumb"},"inLanguage":"es","potentialAction":[{"@type":"ReadAction","target":["https:\/\/patagoniambiental.com.ar\/info\/este-domingo-bariloche-se-moviliza-por-el-libre-acceso-a-las-costas\/"]}]},{"@type":"ImageObject","inLanguage":"es","@id":"https:\/\/patagoniambiental.com.ar\/info\/este-domingo-bariloche-se-moviliza-por-el-libre-acceso-a-las-costas\/#primaryimage","url":"","contentUrl":""},{"@type":"BreadcrumbList","@id":"https:\/\/patagoniambiental.com.ar\/info\/este-domingo-bariloche-se-moviliza-por-el-libre-acceso-a-las-costas\/#breadcrumb","itemListElement":[{"@type":"ListItem","position":1,"name":"Inicio","item":"https:\/\/patagoniambiental.com.ar\/info\/"},{"@type":"ListItem","position":2,"name":"Este domingo Bariloche se moviliza por el libre acceso a las costas"}]},{"@type":"WebSite","@id":"https:\/\/patagoniambiental.com.ar\/info\/#website","url":"https:\/\/patagoniambiental.com.ar\/info\/","name":"Patagonia Ambiental","description":"Monitoreo y an\u00e1lisis de la situaci\u00f3n geopol\u00edtica en el mundo y su implicancia en la Patagonia","publisher":{"@id":"https:\/\/patagoniambiental.com.ar\/info\/#organization"},"potentialAction":[{"@type":"SearchAction","target":{"@type":"EntryPoint","urlTemplate":"https:\/\/patagoniambiental.com.ar\/info\/?s={search_term_string}"},"query-input":{"@type":"PropertyValueSpecification","valueRequired":true,"valueName":"search_term_string"}}],"inLanguage":"es"},{"@type":"Organization","@id":"https:\/\/patagoniambiental.com.ar\/info\/#organization","name":"Patagonia Ambiental","url":"https:\/\/patagoniambiental.com.ar\/info\/","logo":{"@type":"ImageObject","inLanguage":"es","@id":"https:\/\/patagoniambiental.com.ar\/info\/#\/schema\/logo\/image\/","url":"https:\/\/patagoniambiental.com.ar\/info\/wp-content\/uploads\/2025\/05\/LOGO-PATAGONIA-AMBIENTAL.png","contentUrl":"https:\/\/patagoniambiental.com.ar\/info\/wp-content\/uploads\/2025\/05\/LOGO-PATAGONIA-AMBIENTAL.png","width":433,"height":250,"caption":"Patagonia Ambiental"},"image":{"@id":"https:\/\/patagoniambiental.com.ar\/info\/#\/schema\/logo\/image\/"},"sameAs":["https:\/\/www.facebook.com\/patagonia.ambiental","https:\/\/x.com\/PatAmb"]},{"@type":"Person","@id":"https:\/\/patagoniambiental.com.ar\/info\/#\/schema\/person\/db12bff64bbcbf6a253710bf0ea37b5d","name":"Patagonia Ambiental","description":"Andr\u00e9s Nievas T\u00e9cnico en manejo ambiental, consultor Ambiental y escritor para medios locales e internacionales sobre temas de geopolitica y medio ambiente.","sameAs":["http:\/\/www.patagoniambiental.com.ar","https:\/\/www.facebook.com\/share\/1C1V8Gv9BX\/?mibextid=qi2Omg","@patagoniambiental","https:\/\/youtube.com\/@patagoniaambiental2023?si=BLt58t0wuXquxlYZ"]}]}},"_links":{"self":[{"href":"https:\/\/patagoniambiental.com.ar\/info\/wp-json\/wp\/v2\/posts\/15854","targetHints":{"allow":["GET"]}}],"collection":[{"href":"https:\/\/patagoniambiental.com.ar\/info\/wp-json\/wp\/v2\/posts"}],"about":[{"href":"https:\/\/patagoniambiental.com.ar\/info\/wp-json\/wp\/v2\/types\/post"}],"author":[{"embeddable":true,"href":"https:\/\/patagoniambiental.com.ar\/info\/wp-json\/wp\/v2\/users\/2"}],"replies":[{"embeddable":true,"href":"https:\/\/patagoniambiental.com.ar\/info\/wp-json\/wp\/v2\/comments?post=15854"}],"version-history":[{"count":0,"href":"https:\/\/patagoniambiental.com.ar\/info\/wp-json\/wp\/v2\/posts\/15854\/revisions"}],"wp:featuredmedia":[{"embeddable":true,"href":"https:\/\/patagoniambiental.com.ar\/info\/wp-json\/"}],"wp:attachment":[{"href":"https:\/\/patagoniambiental.com.ar\/info\/wp-json\/wp\/v2\/media?parent=15854"}],"wp:term":[{"taxonomy":"category","embeddable":true,"href":"https:\/\/patagoniambiental.com.ar\/info\/wp-json\/wp\/v2\/categories?post=15854"},{"taxonomy":"post_tag","embeddable":true,"href":"https:\/\/patagoniambiental.com.ar\/info\/wp-json\/wp\/v2\/tags?post=15854"}],"curies":[{"name":"wp","href":"https:\/\/api.w.org\/{rel}","templated":true}]}}