{"id":15872,"date":"2015-12-03T09:00:36","date_gmt":"2015-12-03T12:00:36","guid":{"rendered":"http:\/\/patagoniambiental.com.ar\/?p=15872"},"modified":"2015-12-03T09:00:36","modified_gmt":"2015-12-03T12:00:36","slug":"emprendedores-neuquinos-recibieron-mencion-en-los-premios-mayma","status":"publish","type":"post","link":"https:\/\/patagoniambiental.com.ar\/info\/emprendedores-neuquinos-recibieron-mencion-en-los-premios-mayma\/","title":{"rendered":"Emprendedores neuquinos recibieron menci\u00f3n en los Premios Mayma"},"content":{"rendered":"<p class=\"p1\"><span class=\"s1\">Por noveno a\u00f1o consecutivo,\u00a0la Asociaci\u00f3n Civil Contribuir al Desarrollo Local\u00a0llevo adelante este concurso nacional de Planes de Negocios que distingue el Mejor Proyecto de Impacto Social, Econ\u00f3mico y Ambiental Positivo. En esta oportunidad, el certamen cont\u00f3 con la participaci\u00f3n de\u00a018 propuestas finalistas provenientes de todo el pa\u00eds. Los proyectos\u00a0Viv\u00ed m\u00e1s verde\u00a0de Buenos Aires y\u00a0Solar Inti\u00a0de Salta resultaron ganadores de esta edici\u00f3n.<\/span><\/p>\n<p class=\"p1\"><span class=\"s1\">En tanto, la iniciativa neuquina\u00a0\u201cMe hace Bien\u201d\u00a0recibi\u00f3 la\u00a0Menci\u00f3n Especial 2015. Se trata de un proyecto gastron\u00f3mico de calidad que promueve la elaboraci\u00f3n de comidas con frutas, verduras y semillas org\u00e1nicas, mayoritariamente de producci\u00f3n local. En la propuesta predominan los alimentos revitalizantes, prescindiendo de productos animales y\/o transg\u00e9nicos, conformando una muy buena propuesta para acompa\u00f1ar a las personas que eligen hacer cambios en sus h\u00e1bitos.<\/span><\/p>\n<p class=\"p1\"><span class=\"s1\">Otros proyectos patag\u00f3nicos que participaron de la instancia final del concurso tras resultar ganadores de la final regional, fueron:<\/span><\/p>\n<p class=\"p2\"><b>AROMA:<\/b>\u00a0f\u00e1brica de chocolates, alfajores y bombones de fruta, aptos para cel\u00edacos. Se trata de un emprendimiento familiar localizado en Ca\u00f1ad\u00f3n Seco, que naci\u00f3 hace 11 a\u00f1os y crece en base a la\u00a0 inserci\u00f3n de sus productos en el circuito de ferias, proyectando en el futuro mediato un mayor desarrollo de canales comerciales en la regi\u00f3n patag\u00f3nica.<\/p>\n<p class=\"p2\"><b>BAG-SURA<\/b>: el proyecto consiste en el dise\u00f1o, desarrollo y comercializaci\u00f3n de una bolsa de tela resistente y apta para lavarropas, para acopiar en forma organizada diferentes tipos de residuos secos en el hogar. Pertenece a Rada Tilly.<\/p>\n<p class=\"p2\"><b>ESCORPION SERVICIOS<\/b>: proyecto de servicios para la industria de la construcci\u00f3n, impulsado por Sara Ferrari, una activa emprendedora de Centenario, provincia del Neuqu\u00e9n.<\/p>\n","protected":false},"excerpt":{"rendered":"<p>Por noveno a\u00f1o consecutivo,\u00a0la Asociaci\u00f3n Civil Contribuir al Desarrollo Local\u00a0llevo adelante este concurso nacional de Planes de Negocios que distingue [&hellip;]<\/p>\n","protected":false},"author":2,"featured_media":15873,"comment_status":"closed","ping_status":"closed","sticky":false,"template":"","format":"standard","meta":{"site-sidebar-layout":"default","site-content-layout":"","ast-site-content-layout":"default","site-content-style":"default","site-sidebar-style":"default","ast-global-header-display":"","ast-banner-title-visibility":"","ast-main-header-display":"","ast-hfb-above-header-display":"","ast-hfb-below-header-display":"","ast-hfb-mobile-header-display":"","site-post-title":"","ast-breadcrumbs-content":"","ast-featured-img":"","footer-sml-layout":"","ast-disable-related-posts":"","theme-transparent-header-meta":"","adv-header-id-meta":"","stick-header-meta":"","header-above-stick-meta":"","header-main-stick-meta":"","header-below-stick-meta":"","astra-migrate-meta-layouts":"default","ast-page-background-enabled":"default","ast-page-background-meta":{"desktop":{"background-color":"var(--ast-global-color-5)","background-image":"","background-repeat":"repeat","background-position":"center center","background-size":"auto","background-attachment":"scroll","background-type":"","background-media":"","overlay-type":"","overlay-color":"","overlay-opacity":"","overlay-gradient":""},"tablet":{"background-color":"","background-image":"","background-repeat":"repeat","background-position":"center center","background-size":"auto","background-attachment":"scroll","background-type":"","background-media":"","overlay-type":"","overlay-color":"","overlay-opacity":"","overlay-gradient":""},"mobile":{"background-color":"","background-image":"","background-repeat":"repeat","background-position":"center center","background-size":"auto","background-attachment":"scroll","background-type":"","background-media":"","overlay-type":"","overlay-color":"","overlay-opacity":"","overlay-gradient":""}},"ast-content-background-meta":{"desktop":{"background-color":"var(--ast-global-color-4)","background-image":"","background-repeat":"repeat","background-position":"center center","background-size":"auto","background-attachment":"scroll","background-type":"","background-media":"","overlay-type":"","overlay-color":"","overlay-opacity":"","overlay-gradient":""},"tablet":{"background-color":"var(--ast-global-color-4)","background-image":"","background-repeat":"repeat","background-position":"center center","background-size":"auto","background-attachment":"scroll","background-type":"","background-media":"","overlay-type":"","overlay-color":"","overlay-opacity":"","overlay-gradient":""},"mobile":{"background-color":"var(--ast-global-color-4)","background-image":"","background-repeat":"repeat","background-position":"center center","background-size":"auto","background-attachment":"scroll","background-type":"","background-media":"","overlay-type":"","overlay-color":"","overlay-opacity":"","overlay-gradient":""}},"footnotes":""},"categories":[1],"tags":[],"class_list":["post-15872","post","type-post","status-publish","format-standard","has-post-thumbnail","hentry","category-noticias"],"yoast_head":"<!-- This site is optimized with the Yoast SEO Premium plugin v23.0 (Yoast SEO v27.5) - https:\/\/yoast.com\/product\/yoast-seo-premium-wordpress\/ -->\n<title>Emprendedores neuquinos recibieron menci\u00f3n en los Premios Mayma<\/title>\n<meta name=\"robots\" content=\"index, follow, max-snippet:-1, max-image-preview:large, max-video-preview:-1\" \/>\n<link rel=\"canonical\" href=\"https:\/\/patagoniambiental.com.ar\/info\/emprendedores-neuquinos-recibieron-mencion-en-los-premios-mayma\/\" \/>\n<meta property=\"og:locale\" content=\"es_ES\" \/>\n<meta property=\"og:type\" content=\"article\" \/>\n<meta property=\"og:title\" content=\"Emprendedores neuquinos recibieron menci\u00f3n en los Premios Mayma\" \/>\n<meta property=\"og:description\" content=\"Por noveno a\u00f1o consecutivo,\u00a0la Asociaci\u00f3n Civil Contribuir al Desarrollo Local\u00a0llevo adelante este concurso nacional de Planes de Negocios que distingue [&hellip;]\" \/>\n<meta property=\"og:url\" content=\"https:\/\/patagoniambiental.com.ar\/info\/emprendedores-neuquinos-recibieron-mencion-en-los-premios-mayma\/\" \/>\n<meta property=\"og:site_name\" content=\"Patagonia Ambiental\" \/>\n<meta property=\"article:publisher\" content=\"https:\/\/www.facebook.com\/patagonia.ambiental\" \/>\n<meta property=\"article:author\" content=\"https:\/\/www.facebook.com\/share\/1C1V8Gv9BX\/?mibextid=qi2Omg\" \/>\n<meta property=\"article:published_time\" content=\"2015-12-03T12:00:36+00:00\" \/>\n<meta name=\"author\" content=\"Patagonia Ambiental\" \/>\n<meta name=\"twitter:card\" content=\"summary_large_image\" \/>\n<meta name=\"twitter:creator\" content=\"@PatAmb\" \/>\n<meta name=\"twitter:site\" content=\"@PatAmb\" \/>\n<script type=\"application\/ld+json\" class=\"yoast-schema-graph\">{\"@context\":\"https:\\\/\\\/schema.org\",\"@graph\":[{\"@type\":\"Article\",\"@id\":\"https:\\\/\\\/patagoniambiental.com.ar\\\/info\\\/emprendedores-neuquinos-recibieron-mencion-en-los-premios-mayma\\\/#article\",\"isPartOf\":{\"@id\":\"https:\\\/\\\/patagoniambiental.com.ar\\\/info\\\/emprendedores-neuquinos-recibieron-mencion-en-los-premios-mayma\\\/\"},\"author\":{\"name\":\"Patagonia Ambiental\",\"@id\":\"https:\\\/\\\/patagoniambiental.com.ar\\\/info\\\/#\\\/schema\\\/person\\\/db12bff64bbcbf6a253710bf0ea37b5d\"},\"headline\":\"Emprendedores neuquinos recibieron menci\u00f3n en los Premios Mayma\",\"datePublished\":\"2015-12-03T12:00:36+00:00\",\"mainEntityOfPage\":{\"@id\":\"https:\\\/\\\/patagoniambiental.com.ar\\\/info\\\/emprendedores-neuquinos-recibieron-mencion-en-los-premios-mayma\\\/\"},\"wordCount\":306,\"publisher\":{\"@id\":\"https:\\\/\\\/patagoniambiental.com.ar\\\/info\\\/#organization\"},\"image\":{\"@id\":\"https:\\\/\\\/patagoniambiental.com.ar\\\/info\\\/emprendedores-neuquinos-recibieron-mencion-en-los-premios-mayma\\\/#primaryimage\"},\"thumbnailUrl\":\"\",\"articleSection\":[\"Noticias\"],\"inLanguage\":\"es\"},{\"@type\":\"WebPage\",\"@id\":\"https:\\\/\\\/patagoniambiental.com.ar\\\/info\\\/emprendedores-neuquinos-recibieron-mencion-en-los-premios-mayma\\\/\",\"url\":\"https:\\\/\\\/patagoniambiental.com.ar\\\/info\\\/emprendedores-neuquinos-recibieron-mencion-en-los-premios-mayma\\\/\",\"name\":\"Emprendedores neuquinos recibieron menci\u00f3n en los Premios Mayma\",\"isPartOf\":{\"@id\":\"https:\\\/\\\/patagoniambiental.com.ar\\\/info\\\/#website\"},\"primaryImageOfPage\":{\"@id\":\"https:\\\/\\\/patagoniambiental.com.ar\\\/info\\\/emprendedores-neuquinos-recibieron-mencion-en-los-premios-mayma\\\/#primaryimage\"},\"image\":{\"@id\":\"https:\\\/\\\/patagoniambiental.com.ar\\\/info\\\/emprendedores-neuquinos-recibieron-mencion-en-los-premios-mayma\\\/#primaryimage\"},\"thumbnailUrl\":\"\",\"datePublished\":\"2015-12-03T12:00:36+00:00\",\"breadcrumb\":{\"@id\":\"https:\\\/\\\/patagoniambiental.com.ar\\\/info\\\/emprendedores-neuquinos-recibieron-mencion-en-los-premios-mayma\\\/#breadcrumb\"},\"inLanguage\":\"es\",\"potentialAction\":[{\"@type\":\"ReadAction\",\"target\":[\"https:\\\/\\\/patagoniambiental.com.ar\\\/info\\\/emprendedores-neuquinos-recibieron-mencion-en-los-premios-mayma\\\/\"]}]},{\"@type\":\"ImageObject\",\"inLanguage\":\"es\",\"@id\":\"https:\\\/\\\/patagoniambiental.com.ar\\\/info\\\/emprendedores-neuquinos-recibieron-mencion-en-los-premios-mayma\\\/#primaryimage\",\"url\":\"\",\"contentUrl\":\"\"},{\"@type\":\"BreadcrumbList\",\"@id\":\"https:\\\/\\\/patagoniambiental.com.ar\\\/info\\\/emprendedores-neuquinos-recibieron-mencion-en-los-premios-mayma\\\/#breadcrumb\",\"itemListElement\":[{\"@type\":\"ListItem\",\"position\":1,\"name\":\"Inicio\",\"item\":\"https:\\\/\\\/patagoniambiental.com.ar\\\/info\\\/\"},{\"@type\":\"ListItem\",\"position\":2,\"name\":\"Emprendedores neuquinos recibieron menci\u00f3n en los Premios Mayma\"}]},{\"@type\":\"WebSite\",\"@id\":\"https:\\\/\\\/patagoniambiental.com.ar\\\/info\\\/#website\",\"url\":\"https:\\\/\\\/patagoniambiental.com.ar\\\/info\\\/\",\"name\":\"Patagonia Ambiental\",\"description\":\"Monitoreo y an\u00e1lisis de la situaci\u00f3n geopol\u00edtica en el mundo y su implicancia en la Patagonia\",\"publisher\":{\"@id\":\"https:\\\/\\\/patagoniambiental.com.ar\\\/info\\\/#organization\"},\"potentialAction\":[{\"@type\":\"SearchAction\",\"target\":{\"@type\":\"EntryPoint\",\"urlTemplate\":\"https:\\\/\\\/patagoniambiental.com.ar\\\/info\\\/?s={search_term_string}\"},\"query-input\":{\"@type\":\"PropertyValueSpecification\",\"valueRequired\":true,\"valueName\":\"search_term_string\"}}],\"inLanguage\":\"es\"},{\"@type\":\"Organization\",\"@id\":\"https:\\\/\\\/patagoniambiental.com.ar\\\/info\\\/#organization\",\"name\":\"Patagonia Ambiental\",\"url\":\"https:\\\/\\\/patagoniambiental.com.ar\\\/info\\\/\",\"logo\":{\"@type\":\"ImageObject\",\"inLanguage\":\"es\",\"@id\":\"https:\\\/\\\/patagoniambiental.com.ar\\\/info\\\/#\\\/schema\\\/logo\\\/image\\\/\",\"url\":\"https:\\\/\\\/patagoniambiental.com.ar\\\/info\\\/wp-content\\\/uploads\\\/2025\\\/05\\\/LOGO-PATAGONIA-AMBIENTAL.png\",\"contentUrl\":\"https:\\\/\\\/patagoniambiental.com.ar\\\/info\\\/wp-content\\\/uploads\\\/2025\\\/05\\\/LOGO-PATAGONIA-AMBIENTAL.png\",\"width\":433,\"height\":250,\"caption\":\"Patagonia Ambiental\"},\"image\":{\"@id\":\"https:\\\/\\\/patagoniambiental.com.ar\\\/info\\\/#\\\/schema\\\/logo\\\/image\\\/\"},\"sameAs\":[\"https:\\\/\\\/www.facebook.com\\\/patagonia.ambiental\",\"https:\\\/\\\/x.com\\\/PatAmb\"]},{\"@type\":\"Person\",\"@id\":\"https:\\\/\\\/patagoniambiental.com.ar\\\/info\\\/#\\\/schema\\\/person\\\/db12bff64bbcbf6a253710bf0ea37b5d\",\"name\":\"Patagonia Ambiental\",\"description\":\"Andr\u00e9s Nievas T\u00e9cnico en manejo ambiental, consultor Ambiental y escritor para medios locales e internacionales sobre temas de geopolitica y medio ambiente.\",\"sameAs\":[\"http:\\\/\\\/www.patagoniambiental.com.ar\",\"https:\\\/\\\/www.facebook.com\\\/share\\\/1C1V8Gv9BX\\\/?mibextid=qi2Omg\",\"@patagoniambiental\",\"https:\\\/\\\/youtube.com\\\/@patagoniaambiental2023?si=BLt58t0wuXquxlYZ\"]}]}<\/script>\n<!-- \/ Yoast SEO Premium plugin. -->","yoast_head_json":{"title":"Emprendedores neuquinos recibieron menci\u00f3n en los Premios Mayma","robots":{"index":"index","follow":"follow","max-snippet":"max-snippet:-1","max-image-preview":"max-image-preview:large","max-video-preview":"max-video-preview:-1"},"canonical":"https:\/\/patagoniambiental.com.ar\/info\/emprendedores-neuquinos-recibieron-mencion-en-los-premios-mayma\/","og_locale":"es_ES","og_type":"article","og_title":"Emprendedores neuquinos recibieron menci\u00f3n en los Premios Mayma","og_description":"Por noveno a\u00f1o consecutivo,\u00a0la Asociaci\u00f3n Civil Contribuir al Desarrollo Local\u00a0llevo adelante este concurso nacional de Planes de Negocios que distingue [&hellip;]","og_url":"https:\/\/patagoniambiental.com.ar\/info\/emprendedores-neuquinos-recibieron-mencion-en-los-premios-mayma\/","og_site_name":"Patagonia Ambiental","article_publisher":"https:\/\/www.facebook.com\/patagonia.ambiental","article_author":"https:\/\/www.facebook.com\/share\/1C1V8Gv9BX\/?mibextid=qi2Omg","article_published_time":"2015-12-03T12:00:36+00:00","author":"Patagonia Ambiental","twitter_card":"summary_large_image","twitter_creator":"@PatAmb","twitter_site":"@PatAmb","schema":{"@context":"https:\/\/schema.org","@graph":[{"@type":"Article","@id":"https:\/\/patagoniambiental.com.ar\/info\/emprendedores-neuquinos-recibieron-mencion-en-los-premios-mayma\/#article","isPartOf":{"@id":"https:\/\/patagoniambiental.com.ar\/info\/emprendedores-neuquinos-recibieron-mencion-en-los-premios-mayma\/"},"author":{"name":"Patagonia Ambiental","@id":"https:\/\/patagoniambiental.com.ar\/info\/#\/schema\/person\/db12bff64bbcbf6a253710bf0ea37b5d"},"headline":"Emprendedores neuquinos recibieron menci\u00f3n en los Premios Mayma","datePublished":"2015-12-03T12:00:36+00:00","mainEntityOfPage":{"@id":"https:\/\/patagoniambiental.com.ar\/info\/emprendedores-neuquinos-recibieron-mencion-en-los-premios-mayma\/"},"wordCount":306,"publisher":{"@id":"https:\/\/patagoniambiental.com.ar\/info\/#organization"},"image":{"@id":"https:\/\/patagoniambiental.com.ar\/info\/emprendedores-neuquinos-recibieron-mencion-en-los-premios-mayma\/#primaryimage"},"thumbnailUrl":"","articleSection":["Noticias"],"inLanguage":"es"},{"@type":"WebPage","@id":"https:\/\/patagoniambiental.com.ar\/info\/emprendedores-neuquinos-recibieron-mencion-en-los-premios-mayma\/","url":"https:\/\/patagoniambiental.com.ar\/info\/emprendedores-neuquinos-recibieron-mencion-en-los-premios-mayma\/","name":"Emprendedores neuquinos recibieron menci\u00f3n en los Premios Mayma","isPartOf":{"@id":"https:\/\/patagoniambiental.com.ar\/info\/#website"},"primaryImageOfPage":{"@id":"https:\/\/patagoniambiental.com.ar\/info\/emprendedores-neuquinos-recibieron-mencion-en-los-premios-mayma\/#primaryimage"},"image":{"@id":"https:\/\/patagoniambiental.com.ar\/info\/emprendedores-neuquinos-recibieron-mencion-en-los-premios-mayma\/#primaryimage"},"thumbnailUrl":"","datePublished":"2015-12-03T12:00:36+00:00","breadcrumb":{"@id":"https:\/\/patagoniambiental.com.ar\/info\/emprendedores-neuquinos-recibieron-mencion-en-los-premios-mayma\/#breadcrumb"},"inLanguage":"es","potentialAction":[{"@type":"ReadAction","target":["https:\/\/patagoniambiental.com.ar\/info\/emprendedores-neuquinos-recibieron-mencion-en-los-premios-mayma\/"]}]},{"@type":"ImageObject","inLanguage":"es","@id":"https:\/\/patagoniambiental.com.ar\/info\/emprendedores-neuquinos-recibieron-mencion-en-los-premios-mayma\/#primaryimage","url":"","contentUrl":""},{"@type":"BreadcrumbList","@id":"https:\/\/patagoniambiental.com.ar\/info\/emprendedores-neuquinos-recibieron-mencion-en-los-premios-mayma\/#breadcrumb","itemListElement":[{"@type":"ListItem","position":1,"name":"Inicio","item":"https:\/\/patagoniambiental.com.ar\/info\/"},{"@type":"ListItem","position":2,"name":"Emprendedores neuquinos recibieron menci\u00f3n en los Premios Mayma"}]},{"@type":"WebSite","@id":"https:\/\/patagoniambiental.com.ar\/info\/#website","url":"https:\/\/patagoniambiental.com.ar\/info\/","name":"Patagonia Ambiental","description":"Monitoreo y an\u00e1lisis de la situaci\u00f3n geopol\u00edtica en el mundo y su implicancia en la Patagonia","publisher":{"@id":"https:\/\/patagoniambiental.com.ar\/info\/#organization"},"potentialAction":[{"@type":"SearchAction","target":{"@type":"EntryPoint","urlTemplate":"https:\/\/patagoniambiental.com.ar\/info\/?s={search_term_string}"},"query-input":{"@type":"PropertyValueSpecification","valueRequired":true,"valueName":"search_term_string"}}],"inLanguage":"es"},{"@type":"Organization","@id":"https:\/\/patagoniambiental.com.ar\/info\/#organization","name":"Patagonia Ambiental","url":"https:\/\/patagoniambiental.com.ar\/info\/","logo":{"@type":"ImageObject","inLanguage":"es","@id":"https:\/\/patagoniambiental.com.ar\/info\/#\/schema\/logo\/image\/","url":"https:\/\/patagoniambiental.com.ar\/info\/wp-content\/uploads\/2025\/05\/LOGO-PATAGONIA-AMBIENTAL.png","contentUrl":"https:\/\/patagoniambiental.com.ar\/info\/wp-content\/uploads\/2025\/05\/LOGO-PATAGONIA-AMBIENTAL.png","width":433,"height":250,"caption":"Patagonia Ambiental"},"image":{"@id":"https:\/\/patagoniambiental.com.ar\/info\/#\/schema\/logo\/image\/"},"sameAs":["https:\/\/www.facebook.com\/patagonia.ambiental","https:\/\/x.com\/PatAmb"]},{"@type":"Person","@id":"https:\/\/patagoniambiental.com.ar\/info\/#\/schema\/person\/db12bff64bbcbf6a253710bf0ea37b5d","name":"Patagonia Ambiental","description":"Andr\u00e9s Nievas T\u00e9cnico en manejo ambiental, consultor Ambiental y escritor para medios locales e internacionales sobre temas de geopolitica y medio ambiente.","sameAs":["http:\/\/www.patagoniambiental.com.ar","https:\/\/www.facebook.com\/share\/1C1V8Gv9BX\/?mibextid=qi2Omg","@patagoniambiental","https:\/\/youtube.com\/@patagoniaambiental2023?si=BLt58t0wuXquxlYZ"]}]}},"_links":{"self":[{"href":"https:\/\/patagoniambiental.com.ar\/info\/wp-json\/wp\/v2\/posts\/15872","targetHints":{"allow":["GET"]}}],"collection":[{"href":"https:\/\/patagoniambiental.com.ar\/info\/wp-json\/wp\/v2\/posts"}],"about":[{"href":"https:\/\/patagoniambiental.com.ar\/info\/wp-json\/wp\/v2\/types\/post"}],"author":[{"embeddable":true,"href":"https:\/\/patagoniambiental.com.ar\/info\/wp-json\/wp\/v2\/users\/2"}],"replies":[{"embeddable":true,"href":"https:\/\/patagoniambiental.com.ar\/info\/wp-json\/wp\/v2\/comments?post=15872"}],"version-history":[{"count":0,"href":"https:\/\/patagoniambiental.com.ar\/info\/wp-json\/wp\/v2\/posts\/15872\/revisions"}],"wp:featuredmedia":[{"embeddable":true,"href":"https:\/\/patagoniambiental.com.ar\/info\/wp-json\/"}],"wp:attachment":[{"href":"https:\/\/patagoniambiental.com.ar\/info\/wp-json\/wp\/v2\/media?parent=15872"}],"wp:term":[{"taxonomy":"category","embeddable":true,"href":"https:\/\/patagoniambiental.com.ar\/info\/wp-json\/wp\/v2\/categories?post=15872"},{"taxonomy":"post_tag","embeddable":true,"href":"https:\/\/patagoniambiental.com.ar\/info\/wp-json\/wp\/v2\/tags?post=15872"}],"curies":[{"name":"wp","href":"https:\/\/api.w.org\/{rel}","templated":true}]}}