{"id":15994,"date":"2015-12-04T09:00:02","date_gmt":"2015-12-04T12:00:02","guid":{"rendered":"http:\/\/patagoniambiental.com.ar\/?p=15994"},"modified":"2015-12-04T09:00:02","modified_gmt":"2015-12-04T12:00:02","slug":"cumbre-del-clima-ong-piden-que-se-deje-de-financiar-las-energias-fosiles-inmediatamente","status":"publish","type":"post","link":"https:\/\/patagoniambiental.com.ar\/info\/cumbre-del-clima-ong-piden-que-se-deje-de-financiar-las-energias-fosiles-inmediatamente\/","title":{"rendered":"Cumbre del Clima: ONG piden que se deje de financiar las energ\u00edas f\u00f3siles inmediatamente"},"content":{"rendered":"<p>Las ONG que representan a la sociedad civil en las negociaciones sobre el cambio clim\u00e1tico de Par\u00eds celebraron hoy los ligeros avances de los primeros d\u00edas de intercambios, pero urgieron a los l\u00edderes mundiales a presentar planes concretos de financiaci\u00f3n y a eliminar los subsidios a los combustibles f\u00f3siles.<\/p>\n<p class=\"text\">\u00abHay que dejar de financiar los combustibles f\u00f3siles\u00bb, subray\u00f3 ante la prensa el responsable de Oil Change International, Alex Doukas, en representaci\u00f3n de la Red de Acci\u00f3n Clim\u00e1tica (CAN) en la que se agrupan gran parte de las organizaciones no gubernamentales presentes en la cumbre del clima (COP21).<\/p>\n<p class=\"text\">Doukas indic\u00f3 que cada a\u00f1o se destinan m\u00e1s de 44.000 millones de d\u00f3lares en subsidios f\u00f3siles, frente a los 22.0000 millones que se invierten en renovables.<\/p>\n<p class=\"text\">\u00abEs una verdadera desgracia\u00bb que los pa\u00edses del G7 y Australia destinen \u00ab44 veces m\u00e1s\u00bb dinero a subsidios a hidrocarburos que al Fondo Verde por el clima, a\u00f1adi\u00f3.<\/p>\n<p class=\"text\">Otro de los puntos en los que las delegaciones deben progresar antes de presentar el s\u00e1bado un primer borrador de las negociaciones pasa por poner sobre la mesa planes concretos de financiaci\u00f3n en la lucha contra el calentamiento con \u00abreglas para contar el dinero de forma transparente\u00bb, destac\u00f3 Raman Mehta, de la Fundaci\u00f3n Vasudha.<\/p>\n<p class=\"text\">Criticaron tambi\u00e9n que no se haya avanzado lo suficiente en un acuerdo sobre \u00abdiferenciaci\u00f3n\u00bb, pues creen que no se puede pretender que exista una \u00absimetr\u00eda absoluta\u00bb en los esfuerzos entre pa\u00edses desarrollados y pa\u00edses pobres.<\/p>\n<p class=\"text\">\u00abNecesitamos buscar un nuevo paradigma\u00bb y para ello es \u00abnecesario que los ministros empujen el texto adelante y no se centren en los detalles\u00bb, dijo Mehta, de cara al tramo duro de las discusiones a partir del pr\u00f3ximo lunes con vistas a alcanzar un pacto universal y jur\u00eddicamente vinculante el pr\u00f3ximo 11 de diciembre.<\/p>\n<p class=\"text\">Entre los aspectos positivos de los primeros cuatro d\u00edas de negociaciones es un mayor consenso para lograr un objetivo a\u00fan m\u00e1s ambicioso que limitar el aumento de la temperatura del planeta a 2 grados cent\u00edgrados en 2100 frente a los niveles preindustriales.<\/p>\n<p class=\"text\">\u00abParece que hay m\u00e1s comprensi\u00f3n sobre que 1,5 grados ya es en s\u00ed peligroso\u00bb y \u00abel hecho de que el presidente de Francia, Fran\u00e7ois Hollande, lo mencionara en su discurso muestra que tiene m\u00e1s apoyo\u00bb, destac\u00f3 en nombre de Greenpeace Kaisa Kosonen.<\/p>\n<p class=\"text\">Agreg\u00f3 que tambi\u00e9n se acercan posturas en Par\u00eds entre los 196 pa\u00edses y la Uni\u00f3n Europea (UE) sobre la \u00abnecesidad de deshacerse de los combustibles f\u00f3siles para mediados de siglo\u00bb y valor\u00f3 que haya 43 pa\u00edses que apoyen una transici\u00f3n al 100 % a energ\u00edas renovables a medio plazo.<\/p>\n<p class=\"text\">\u00abSi le preguntas a cualquier ocean\u00f3grafo te dir\u00e1 que hay que acabar con las emisiones ahora mismo\u00bb, precis\u00f3 al a\u00f1adir que, a su juicio, es imprescindible que el texto final tenga \u00abun lenguaje claro para los inversores y las empresas\u00bb.<\/p>\n","protected":false},"excerpt":{"rendered":"<p>Las ONG que representan a la sociedad civil en las negociaciones sobre el cambio clim\u00e1tico de Par\u00eds celebraron hoy los [&hellip;]<\/p>\n","protected":false},"author":2,"featured_media":15995,"comment_status":"closed","ping_status":"closed","sticky":false,"template":"","format":"standard","meta":{"site-sidebar-layout":"default","site-content-layout":"","ast-site-content-layout":"default","site-content-style":"default","site-sidebar-style":"default","ast-global-header-display":"","ast-banner-title-visibility":"","ast-main-header-display":"","ast-hfb-above-header-display":"","ast-hfb-below-header-display":"","ast-hfb-mobile-header-display":"","site-post-title":"","ast-breadcrumbs-content":"","ast-featured-img":"","footer-sml-layout":"","ast-disable-related-posts":"","theme-transparent-header-meta":"","adv-header-id-meta":"","stick-header-meta":"","header-above-stick-meta":"","header-main-stick-meta":"","header-below-stick-meta":"","astra-migrate-meta-layouts":"default","ast-page-background-enabled":"default","ast-page-background-meta":{"desktop":{"background-color":"var(--ast-global-color-5)","background-image":"","background-repeat":"repeat","background-position":"center center","background-size":"auto","background-attachment":"scroll","background-type":"","background-media":"","overlay-type":"","overlay-color":"","overlay-opacity":"","overlay-gradient":""},"tablet":{"background-color":"","background-image":"","background-repeat":"repeat","background-position":"center center","background-size":"auto","background-attachment":"scroll","background-type":"","background-media":"","overlay-type":"","overlay-color":"","overlay-opacity":"","overlay-gradient":""},"mobile":{"background-color":"","background-image":"","background-repeat":"repeat","background-position":"center center","background-size":"auto","background-attachment":"scroll","background-type":"","background-media":"","overlay-type":"","overlay-color":"","overlay-opacity":"","overlay-gradient":""}},"ast-content-background-meta":{"desktop":{"background-color":"var(--ast-global-color-4)","background-image":"","background-repeat":"repeat","background-position":"center center","background-size":"auto","background-attachment":"scroll","background-type":"","background-media":"","overlay-type":"","overlay-color":"","overlay-opacity":"","overlay-gradient":""},"tablet":{"background-color":"var(--ast-global-color-4)","background-image":"","background-repeat":"repeat","background-position":"center center","background-size":"auto","background-attachment":"scroll","background-type":"","background-media":"","overlay-type":"","overlay-color":"","overlay-opacity":"","overlay-gradient":""},"mobile":{"background-color":"var(--ast-global-color-4)","background-image":"","background-repeat":"repeat","background-position":"center center","background-size":"auto","background-attachment":"scroll","background-type":"","background-media":"","overlay-type":"","overlay-color":"","overlay-opacity":"","overlay-gradient":""}},"footnotes":""},"categories":[1],"tags":[],"class_list":["post-15994","post","type-post","status-publish","format-standard","has-post-thumbnail","hentry","category-noticias"],"yoast_head":"<!-- This site is optimized with the Yoast SEO Premium plugin v23.0 (Yoast SEO v27.5) - https:\/\/yoast.com\/product\/yoast-seo-premium-wordpress\/ -->\n<title>Cumbre del Clima: ONG piden que se deje de financiar las energ\u00edas f\u00f3siles inmediatamente<\/title>\n<meta name=\"robots\" content=\"index, follow, max-snippet:-1, max-image-preview:large, max-video-preview:-1\" \/>\n<link rel=\"canonical\" href=\"https:\/\/patagoniambiental.com.ar\/info\/cumbre-del-clima-ong-piden-que-se-deje-de-financiar-las-energias-fosiles-inmediatamente\/\" \/>\n<meta property=\"og:locale\" content=\"es_ES\" \/>\n<meta property=\"og:type\" content=\"article\" \/>\n<meta property=\"og:title\" content=\"Cumbre del Clima: ONG piden que se deje de financiar las energ\u00edas f\u00f3siles inmediatamente\" \/>\n<meta property=\"og:description\" content=\"Las ONG que representan a la sociedad civil en las negociaciones sobre el cambio clim\u00e1tico de Par\u00eds celebraron hoy los [&hellip;]\" \/>\n<meta property=\"og:url\" content=\"https:\/\/patagoniambiental.com.ar\/info\/cumbre-del-clima-ong-piden-que-se-deje-de-financiar-las-energias-fosiles-inmediatamente\/\" \/>\n<meta property=\"og:site_name\" content=\"Patagonia Ambiental\" \/>\n<meta property=\"article:publisher\" content=\"https:\/\/www.facebook.com\/patagonia.ambiental\" \/>\n<meta property=\"article:author\" content=\"https:\/\/www.facebook.com\/share\/1C1V8Gv9BX\/?mibextid=qi2Omg\" \/>\n<meta property=\"article:published_time\" content=\"2015-12-04T12:00:02+00:00\" \/>\n<meta name=\"author\" content=\"Patagonia Ambiental\" \/>\n<meta name=\"twitter:card\" content=\"summary_large_image\" \/>\n<meta name=\"twitter:creator\" content=\"@PatAmb\" \/>\n<meta name=\"twitter:site\" content=\"@PatAmb\" \/>\n<script type=\"application\/ld+json\" class=\"yoast-schema-graph\">{\"@context\":\"https:\\\/\\\/schema.org\",\"@graph\":[{\"@type\":\"Article\",\"@id\":\"https:\\\/\\\/patagoniambiental.com.ar\\\/info\\\/cumbre-del-clima-ong-piden-que-se-deje-de-financiar-las-energias-fosiles-inmediatamente\\\/#article\",\"isPartOf\":{\"@id\":\"https:\\\/\\\/patagoniambiental.com.ar\\\/info\\\/cumbre-del-clima-ong-piden-que-se-deje-de-financiar-las-energias-fosiles-inmediatamente\\\/\"},\"author\":{\"name\":\"Patagonia Ambiental\",\"@id\":\"https:\\\/\\\/patagoniambiental.com.ar\\\/info\\\/#\\\/schema\\\/person\\\/db12bff64bbcbf6a253710bf0ea37b5d\"},\"headline\":\"Cumbre del Clima: ONG piden que se deje de financiar las energ\u00edas f\u00f3siles inmediatamente\",\"datePublished\":\"2015-12-04T12:00:02+00:00\",\"mainEntityOfPage\":{\"@id\":\"https:\\\/\\\/patagoniambiental.com.ar\\\/info\\\/cumbre-del-clima-ong-piden-que-se-deje-de-financiar-las-energias-fosiles-inmediatamente\\\/\"},\"wordCount\":518,\"publisher\":{\"@id\":\"https:\\\/\\\/patagoniambiental.com.ar\\\/info\\\/#organization\"},\"image\":{\"@id\":\"https:\\\/\\\/patagoniambiental.com.ar\\\/info\\\/cumbre-del-clima-ong-piden-que-se-deje-de-financiar-las-energias-fosiles-inmediatamente\\\/#primaryimage\"},\"thumbnailUrl\":\"\",\"articleSection\":[\"Noticias\"],\"inLanguage\":\"es\"},{\"@type\":\"WebPage\",\"@id\":\"https:\\\/\\\/patagoniambiental.com.ar\\\/info\\\/cumbre-del-clima-ong-piden-que-se-deje-de-financiar-las-energias-fosiles-inmediatamente\\\/\",\"url\":\"https:\\\/\\\/patagoniambiental.com.ar\\\/info\\\/cumbre-del-clima-ong-piden-que-se-deje-de-financiar-las-energias-fosiles-inmediatamente\\\/\",\"name\":\"Cumbre del Clima: ONG piden que se deje de financiar las energ\u00edas f\u00f3siles inmediatamente\",\"isPartOf\":{\"@id\":\"https:\\\/\\\/patagoniambiental.com.ar\\\/info\\\/#website\"},\"primaryImageOfPage\":{\"@id\":\"https:\\\/\\\/patagoniambiental.com.ar\\\/info\\\/cumbre-del-clima-ong-piden-que-se-deje-de-financiar-las-energias-fosiles-inmediatamente\\\/#primaryimage\"},\"image\":{\"@id\":\"https:\\\/\\\/patagoniambiental.com.ar\\\/info\\\/cumbre-del-clima-ong-piden-que-se-deje-de-financiar-las-energias-fosiles-inmediatamente\\\/#primaryimage\"},\"thumbnailUrl\":\"\",\"datePublished\":\"2015-12-04T12:00:02+00:00\",\"breadcrumb\":{\"@id\":\"https:\\\/\\\/patagoniambiental.com.ar\\\/info\\\/cumbre-del-clima-ong-piden-que-se-deje-de-financiar-las-energias-fosiles-inmediatamente\\\/#breadcrumb\"},\"inLanguage\":\"es\",\"potentialAction\":[{\"@type\":\"ReadAction\",\"target\":[\"https:\\\/\\\/patagoniambiental.com.ar\\\/info\\\/cumbre-del-clima-ong-piden-que-se-deje-de-financiar-las-energias-fosiles-inmediatamente\\\/\"]}]},{\"@type\":\"ImageObject\",\"inLanguage\":\"es\",\"@id\":\"https:\\\/\\\/patagoniambiental.com.ar\\\/info\\\/cumbre-del-clima-ong-piden-que-se-deje-de-financiar-las-energias-fosiles-inmediatamente\\\/#primaryimage\",\"url\":\"\",\"contentUrl\":\"\"},{\"@type\":\"BreadcrumbList\",\"@id\":\"https:\\\/\\\/patagoniambiental.com.ar\\\/info\\\/cumbre-del-clima-ong-piden-que-se-deje-de-financiar-las-energias-fosiles-inmediatamente\\\/#breadcrumb\",\"itemListElement\":[{\"@type\":\"ListItem\",\"position\":1,\"name\":\"Inicio\",\"item\":\"https:\\\/\\\/patagoniambiental.com.ar\\\/info\\\/\"},{\"@type\":\"ListItem\",\"position\":2,\"name\":\"Cumbre del Clima: ONG piden que se deje de financiar las energ\u00edas f\u00f3siles inmediatamente\"}]},{\"@type\":\"WebSite\",\"@id\":\"https:\\\/\\\/patagoniambiental.com.ar\\\/info\\\/#website\",\"url\":\"https:\\\/\\\/patagoniambiental.com.ar\\\/info\\\/\",\"name\":\"Patagonia Ambiental\",\"description\":\"Monitoreo y an\u00e1lisis de la situaci\u00f3n geopol\u00edtica en el mundo y su implicancia en la Patagonia\",\"publisher\":{\"@id\":\"https:\\\/\\\/patagoniambiental.com.ar\\\/info\\\/#organization\"},\"potentialAction\":[{\"@type\":\"SearchAction\",\"target\":{\"@type\":\"EntryPoint\",\"urlTemplate\":\"https:\\\/\\\/patagoniambiental.com.ar\\\/info\\\/?s={search_term_string}\"},\"query-input\":{\"@type\":\"PropertyValueSpecification\",\"valueRequired\":true,\"valueName\":\"search_term_string\"}}],\"inLanguage\":\"es\"},{\"@type\":\"Organization\",\"@id\":\"https:\\\/\\\/patagoniambiental.com.ar\\\/info\\\/#organization\",\"name\":\"Patagonia Ambiental\",\"url\":\"https:\\\/\\\/patagoniambiental.com.ar\\\/info\\\/\",\"logo\":{\"@type\":\"ImageObject\",\"inLanguage\":\"es\",\"@id\":\"https:\\\/\\\/patagoniambiental.com.ar\\\/info\\\/#\\\/schema\\\/logo\\\/image\\\/\",\"url\":\"https:\\\/\\\/patagoniambiental.com.ar\\\/info\\\/wp-content\\\/uploads\\\/2025\\\/05\\\/LOGO-PATAGONIA-AMBIENTAL.png\",\"contentUrl\":\"https:\\\/\\\/patagoniambiental.com.ar\\\/info\\\/wp-content\\\/uploads\\\/2025\\\/05\\\/LOGO-PATAGONIA-AMBIENTAL.png\",\"width\":433,\"height\":250,\"caption\":\"Patagonia Ambiental\"},\"image\":{\"@id\":\"https:\\\/\\\/patagoniambiental.com.ar\\\/info\\\/#\\\/schema\\\/logo\\\/image\\\/\"},\"sameAs\":[\"https:\\\/\\\/www.facebook.com\\\/patagonia.ambiental\",\"https:\\\/\\\/x.com\\\/PatAmb\"]},{\"@type\":\"Person\",\"@id\":\"https:\\\/\\\/patagoniambiental.com.ar\\\/info\\\/#\\\/schema\\\/person\\\/db12bff64bbcbf6a253710bf0ea37b5d\",\"name\":\"Patagonia Ambiental\",\"description\":\"Andr\u00e9s Nievas T\u00e9cnico en manejo ambiental, consultor Ambiental y escritor para medios locales e internacionales sobre temas de geopolitica y medio ambiente.\",\"sameAs\":[\"http:\\\/\\\/www.patagoniambiental.com.ar\",\"https:\\\/\\\/www.facebook.com\\\/share\\\/1C1V8Gv9BX\\\/?mibextid=qi2Omg\",\"@patagoniambiental\",\"https:\\\/\\\/youtube.com\\\/@patagoniaambiental2023?si=BLt58t0wuXquxlYZ\"]}]}<\/script>\n<!-- \/ Yoast SEO Premium plugin. -->","yoast_head_json":{"title":"Cumbre del Clima: ONG piden que se deje de financiar las energ\u00edas f\u00f3siles inmediatamente","robots":{"index":"index","follow":"follow","max-snippet":"max-snippet:-1","max-image-preview":"max-image-preview:large","max-video-preview":"max-video-preview:-1"},"canonical":"https:\/\/patagoniambiental.com.ar\/info\/cumbre-del-clima-ong-piden-que-se-deje-de-financiar-las-energias-fosiles-inmediatamente\/","og_locale":"es_ES","og_type":"article","og_title":"Cumbre del Clima: ONG piden que se deje de financiar las energ\u00edas f\u00f3siles inmediatamente","og_description":"Las ONG que representan a la sociedad civil en las negociaciones sobre el cambio clim\u00e1tico de Par\u00eds celebraron hoy los [&hellip;]","og_url":"https:\/\/patagoniambiental.com.ar\/info\/cumbre-del-clima-ong-piden-que-se-deje-de-financiar-las-energias-fosiles-inmediatamente\/","og_site_name":"Patagonia Ambiental","article_publisher":"https:\/\/www.facebook.com\/patagonia.ambiental","article_author":"https:\/\/www.facebook.com\/share\/1C1V8Gv9BX\/?mibextid=qi2Omg","article_published_time":"2015-12-04T12:00:02+00:00","author":"Patagonia Ambiental","twitter_card":"summary_large_image","twitter_creator":"@PatAmb","twitter_site":"@PatAmb","schema":{"@context":"https:\/\/schema.org","@graph":[{"@type":"Article","@id":"https:\/\/patagoniambiental.com.ar\/info\/cumbre-del-clima-ong-piden-que-se-deje-de-financiar-las-energias-fosiles-inmediatamente\/#article","isPartOf":{"@id":"https:\/\/patagoniambiental.com.ar\/info\/cumbre-del-clima-ong-piden-que-se-deje-de-financiar-las-energias-fosiles-inmediatamente\/"},"author":{"name":"Patagonia Ambiental","@id":"https:\/\/patagoniambiental.com.ar\/info\/#\/schema\/person\/db12bff64bbcbf6a253710bf0ea37b5d"},"headline":"Cumbre del Clima: ONG piden que se deje de financiar las energ\u00edas f\u00f3siles inmediatamente","datePublished":"2015-12-04T12:00:02+00:00","mainEntityOfPage":{"@id":"https:\/\/patagoniambiental.com.ar\/info\/cumbre-del-clima-ong-piden-que-se-deje-de-financiar-las-energias-fosiles-inmediatamente\/"},"wordCount":518,"publisher":{"@id":"https:\/\/patagoniambiental.com.ar\/info\/#organization"},"image":{"@id":"https:\/\/patagoniambiental.com.ar\/info\/cumbre-del-clima-ong-piden-que-se-deje-de-financiar-las-energias-fosiles-inmediatamente\/#primaryimage"},"thumbnailUrl":"","articleSection":["Noticias"],"inLanguage":"es"},{"@type":"WebPage","@id":"https:\/\/patagoniambiental.com.ar\/info\/cumbre-del-clima-ong-piden-que-se-deje-de-financiar-las-energias-fosiles-inmediatamente\/","url":"https:\/\/patagoniambiental.com.ar\/info\/cumbre-del-clima-ong-piden-que-se-deje-de-financiar-las-energias-fosiles-inmediatamente\/","name":"Cumbre del Clima: ONG piden que se deje de financiar las energ\u00edas f\u00f3siles inmediatamente","isPartOf":{"@id":"https:\/\/patagoniambiental.com.ar\/info\/#website"},"primaryImageOfPage":{"@id":"https:\/\/patagoniambiental.com.ar\/info\/cumbre-del-clima-ong-piden-que-se-deje-de-financiar-las-energias-fosiles-inmediatamente\/#primaryimage"},"image":{"@id":"https:\/\/patagoniambiental.com.ar\/info\/cumbre-del-clima-ong-piden-que-se-deje-de-financiar-las-energias-fosiles-inmediatamente\/#primaryimage"},"thumbnailUrl":"","datePublished":"2015-12-04T12:00:02+00:00","breadcrumb":{"@id":"https:\/\/patagoniambiental.com.ar\/info\/cumbre-del-clima-ong-piden-que-se-deje-de-financiar-las-energias-fosiles-inmediatamente\/#breadcrumb"},"inLanguage":"es","potentialAction":[{"@type":"ReadAction","target":["https:\/\/patagoniambiental.com.ar\/info\/cumbre-del-clima-ong-piden-que-se-deje-de-financiar-las-energias-fosiles-inmediatamente\/"]}]},{"@type":"ImageObject","inLanguage":"es","@id":"https:\/\/patagoniambiental.com.ar\/info\/cumbre-del-clima-ong-piden-que-se-deje-de-financiar-las-energias-fosiles-inmediatamente\/#primaryimage","url":"","contentUrl":""},{"@type":"BreadcrumbList","@id":"https:\/\/patagoniambiental.com.ar\/info\/cumbre-del-clima-ong-piden-que-se-deje-de-financiar-las-energias-fosiles-inmediatamente\/#breadcrumb","itemListElement":[{"@type":"ListItem","position":1,"name":"Inicio","item":"https:\/\/patagoniambiental.com.ar\/info\/"},{"@type":"ListItem","position":2,"name":"Cumbre del Clima: ONG piden que se deje de financiar las energ\u00edas f\u00f3siles inmediatamente"}]},{"@type":"WebSite","@id":"https:\/\/patagoniambiental.com.ar\/info\/#website","url":"https:\/\/patagoniambiental.com.ar\/info\/","name":"Patagonia Ambiental","description":"Monitoreo y an\u00e1lisis de la situaci\u00f3n geopol\u00edtica en el mundo y su implicancia en la Patagonia","publisher":{"@id":"https:\/\/patagoniambiental.com.ar\/info\/#organization"},"potentialAction":[{"@type":"SearchAction","target":{"@type":"EntryPoint","urlTemplate":"https:\/\/patagoniambiental.com.ar\/info\/?s={search_term_string}"},"query-input":{"@type":"PropertyValueSpecification","valueRequired":true,"valueName":"search_term_string"}}],"inLanguage":"es"},{"@type":"Organization","@id":"https:\/\/patagoniambiental.com.ar\/info\/#organization","name":"Patagonia Ambiental","url":"https:\/\/patagoniambiental.com.ar\/info\/","logo":{"@type":"ImageObject","inLanguage":"es","@id":"https:\/\/patagoniambiental.com.ar\/info\/#\/schema\/logo\/image\/","url":"https:\/\/patagoniambiental.com.ar\/info\/wp-content\/uploads\/2025\/05\/LOGO-PATAGONIA-AMBIENTAL.png","contentUrl":"https:\/\/patagoniambiental.com.ar\/info\/wp-content\/uploads\/2025\/05\/LOGO-PATAGONIA-AMBIENTAL.png","width":433,"height":250,"caption":"Patagonia Ambiental"},"image":{"@id":"https:\/\/patagoniambiental.com.ar\/info\/#\/schema\/logo\/image\/"},"sameAs":["https:\/\/www.facebook.com\/patagonia.ambiental","https:\/\/x.com\/PatAmb"]},{"@type":"Person","@id":"https:\/\/patagoniambiental.com.ar\/info\/#\/schema\/person\/db12bff64bbcbf6a253710bf0ea37b5d","name":"Patagonia Ambiental","description":"Andr\u00e9s Nievas T\u00e9cnico en manejo ambiental, consultor Ambiental y escritor para medios locales e internacionales sobre temas de geopolitica y medio ambiente.","sameAs":["http:\/\/www.patagoniambiental.com.ar","https:\/\/www.facebook.com\/share\/1C1V8Gv9BX\/?mibextid=qi2Omg","@patagoniambiental","https:\/\/youtube.com\/@patagoniaambiental2023?si=BLt58t0wuXquxlYZ"]}]}},"_links":{"self":[{"href":"https:\/\/patagoniambiental.com.ar\/info\/wp-json\/wp\/v2\/posts\/15994","targetHints":{"allow":["GET"]}}],"collection":[{"href":"https:\/\/patagoniambiental.com.ar\/info\/wp-json\/wp\/v2\/posts"}],"about":[{"href":"https:\/\/patagoniambiental.com.ar\/info\/wp-json\/wp\/v2\/types\/post"}],"author":[{"embeddable":true,"href":"https:\/\/patagoniambiental.com.ar\/info\/wp-json\/wp\/v2\/users\/2"}],"replies":[{"embeddable":true,"href":"https:\/\/patagoniambiental.com.ar\/info\/wp-json\/wp\/v2\/comments?post=15994"}],"version-history":[{"count":0,"href":"https:\/\/patagoniambiental.com.ar\/info\/wp-json\/wp\/v2\/posts\/15994\/revisions"}],"wp:featuredmedia":[{"embeddable":true,"href":"https:\/\/patagoniambiental.com.ar\/info\/wp-json\/"}],"wp:attachment":[{"href":"https:\/\/patagoniambiental.com.ar\/info\/wp-json\/wp\/v2\/media?parent=15994"}],"wp:term":[{"taxonomy":"category","embeddable":true,"href":"https:\/\/patagoniambiental.com.ar\/info\/wp-json\/wp\/v2\/categories?post=15994"},{"taxonomy":"post_tag","embeddable":true,"href":"https:\/\/patagoniambiental.com.ar\/info\/wp-json\/wp\/v2\/tags?post=15994"}],"curies":[{"name":"wp","href":"https:\/\/api.w.org\/{rel}","templated":true}]}}