{"id":16000,"date":"2015-12-07T09:00:08","date_gmt":"2015-12-07T12:00:08","guid":{"rendered":"http:\/\/patagoniambiental.com.ar\/?p=16000"},"modified":"2015-12-07T09:00:08","modified_gmt":"2015-12-07T12:00:08","slug":"encuentro-de-reflexion-sobre-las-problematicas-ambientales-en-tierra-del-fuego","status":"publish","type":"post","link":"https:\/\/patagoniambiental.com.ar\/info\/encuentro-de-reflexion-sobre-las-problematicas-ambientales-en-tierra-del-fuego\/","title":{"rendered":"Encuentro de reflexi\u00f3n sobre las problem\u00e1ticas ambientales en Tierra del Fuego"},"content":{"rendered":"<p><span lang=\"ES-AR\">Se realiz\u00f3 un importante encuentro de reflexi\u00f3n ambiental en Tierra del Fuego organizado por la APOC y que tiene como objetivo relevar las problem\u00e1ticas ambientales provinciales percibidas por los distintos actores de la sociedad y asimismo ampliar la participaci\u00f3n y construcci\u00f3n colaborativa de la agenda de control ambiental que APOC organiza en Tierra del Fuego. Tambi\u00e9n entre sus cometidos estuvo el se reflexionar sobre la enc\u00edclica Laudato Si del Santo Padre y los problemas socio-ambientales de la provincia. Particip\u00f3 el padre Carlos Accaputo quien preside la Pastoral Social porte\u00f1a y es la mano derecha del papa Francisco.<\/span><\/p>\n<p>&nbsp;<\/p>\n<p>El encuentro cont\u00f3 con la colaboraci\u00f3n del \u00e1rea de protocolo de la municipalidad de Ushuaia y del presidente del IPRA Sr. Ricardo Uribe.<\/p>\n<p>Los objetivos del encuentro consistieron en:<\/p>\n<p>\u2022 Relevar las problem\u00e1ticas ambientales provinciales percibidas por los distintos actores de la sociedad.<\/p>\n<p>\u2022 Ampliar la participaci\u00f3n y construcci\u00f3n colaborativa de la agenda de control ambiental que APOC organiza en Tierra del Fuego.<\/p>\n<p>\u2022 Reflexionar sobre la enc\u00edclica Laudato Si del papa Francisco y los problemas socio- ambientales de la provincia.<\/p>\n<p>Entre los expositores participaron en el primer panel:<\/p>\n<p>La Lic. Sol Klas de AGN \u2013 APOC, quien expuso sobre la necesidad del control ambiental en sinton\u00eda con lo mencionado por el Santo Padre: \u00abSi los ciudadanos no controlan al poder pol\u00edtico nacional, regional y municipal, tampoco es posible un control de los da\u00f1os ambientales.\u201d<\/p>\n<p>El Lic. Rodrigo Rodr\u00edguez Tornquist, colaborador de di\u00e1logos sociales y pol\u00edticos de la pastoral social de Buenos Aires, presentando el cap\u00edtulo de la enc\u00edclica que plantea el diagn\u00f3stico.<\/p>\n<p>Padre Carlos Accaputo, responsable de la pastoral social de Buenos Aires quien habl\u00f3 sobre el pensamiento social del papa Francisco sobre el cuidado de la Casa Com\u00fan.<\/p>\n<p>Mar\u00eda Gabriela Sosa, responsable del programa Ushuaia Recicla que present\u00f3 los resultados de su gesti\u00f3n.<\/p>\n<p>Claudio Barrueco, gerente de operaciones de Arakur present\u00f3 las numerosas acciones de gesti\u00f3n ambiental y la implementaci\u00f3n de tecnolog\u00edas limpias en el hotel. A su vez cont\u00f3 sobre la creaci\u00f3n de la Reserva Ecol\u00f3gica Alarken. Cont\u00f3 sobre las pol\u00edticas de la empresa que son adoptadas por el personal para repicar buenas pr\u00e1cticas ambientales.<\/p>\n<p>Carolina Valls, Miembro de la fundaci\u00f3n CULTIVAR, present\u00f3 las actividades dedicadas a la defensa del bosque YATANA.<\/p>\n<p>Marilina Henninger, vicepresidenta de la C\u00e1mara de Comercio de R\u00edo Grande y miembro de la ONG Basura Cero expuso las acciones que llevaron a cabo para limpiar la ruta 3 y los esfuerzos para continuar con la campa\u00f1a de sensibilizaci\u00f3n de los fueguinos para frenara la contaminaci\u00f3n de la ruta nacional 3.<\/p>\n<p>Walter Delpiaz, director de medio ambiente de la municipalidad de Ushuaia quien expuso el avance en la gesti\u00f3n de RSU en la ciudad.<\/p>\n<p>Daniel Leguizam\u00f3n, director de turismo del municipio de Ushuaia experto en temas ant\u00e1rticos quien mencion\u00f3 diversos aspectos de la gesti\u00f3n ambiental en la Provincia.<\/p>\n<p>En el segundo panel expusieron:<\/p>\n<p>Roberto Berbel, director de turismo del municipio de Tolhuin, propietario del camping Hain quien cont\u00f3 sobre acciones educativas y recreativas sobre reciclaje.<\/p>\n<p>Jos\u00e9 Frem, director de medio ambiente del municipio de Tolhuin que plante\u00f3 la urgencia de la gesti\u00f3n de los RSU (residuos s\u00f3lidos urbanos) municipales.<\/p>\n<p>Laura Rojo, legisladora provincial quien expuso su proyecto de ley sobre los residuos industriales y la certificaci\u00f3n de libre deuda ambiental que se sancion\u00f3 pero el Ejecutivo la vet\u00f3\u2026 Se plante\u00f3 la falta de pol\u00edtica ambiental sobre este tema.<\/p>\n<p>Tabar\u00e9 Barreto, responsable del programa Aves Migratoria del municipio de R\u00edo Grande quien expuso sobre la creaci\u00f3n de \u00e1reas naturales protegidas provinciales.<\/p>\n<p>Ing. Horacio Salva\u00f1\u00e1, quien expuso sobre la matriz energ\u00e9tica de TDF y sobre la econom\u00eda de la Energ\u00eda.<\/p>\n<p>Moder\u00f3 el evento Jos\u00e9 Mar\u00eda Mart\u00edn, y en t\u00e9rminos generales se destaca la diversidad de las tem\u00e1ticas abordadas, el grado de compromiso de los expositores para con el tema del encuentro y el inter\u00e9s de los participantes medido como permanencia durante las m\u00e1s de cinco horas que dur\u00f3 el encuentro.<\/p>\n<p>Vale destacar que se gener\u00f3 debate en torno al tema de residuos industriales en el marco de la ley 19.640 del r\u00e9gimen aduanero especial que rige en la provincia que amerita una a adecuaci\u00f3n en virtud de los temas de reciclaje.<\/p>\n","protected":false},"excerpt":{"rendered":"<p>Se realiz\u00f3 un importante encuentro de reflexi\u00f3n ambiental en Tierra del Fuego organizado por la APOC y que tiene como [&hellip;]<\/p>\n","protected":false},"author":2,"featured_media":16001,"comment_status":"closed","ping_status":"closed","sticky":false,"template":"","format":"standard","meta":{"site-sidebar-layout":"default","site-content-layout":"","ast-site-content-layout":"default","site-content-style":"default","site-sidebar-style":"default","ast-global-header-display":"","ast-banner-title-visibility":"","ast-main-header-display":"","ast-hfb-above-header-display":"","ast-hfb-below-header-display":"","ast-hfb-mobile-header-display":"","site-post-title":"","ast-breadcrumbs-content":"","ast-featured-img":"","footer-sml-layout":"","ast-disable-related-posts":"","theme-transparent-header-meta":"","adv-header-id-meta":"","stick-header-meta":"","header-above-stick-meta":"","header-main-stick-meta":"","header-below-stick-meta":"","astra-migrate-meta-layouts":"default","ast-page-background-enabled":"default","ast-page-background-meta":{"desktop":{"background-color":"var(--ast-global-color-5)","background-image":"","background-repeat":"repeat","background-position":"center center","background-size":"auto","background-attachment":"scroll","background-type":"","background-media":"","overlay-type":"","overlay-color":"","overlay-opacity":"","overlay-gradient":""},"tablet":{"background-color":"","background-image":"","background-repeat":"repeat","background-position":"center center","background-size":"auto","background-attachment":"scroll","background-type":"","background-media":"","overlay-type":"","overlay-color":"","overlay-opacity":"","overlay-gradient":""},"mobile":{"background-color":"","background-image":"","background-repeat":"repeat","background-position":"center center","background-size":"auto","background-attachment":"scroll","background-type":"","background-media":"","overlay-type":"","overlay-color":"","overlay-opacity":"","overlay-gradient":""}},"ast-content-background-meta":{"desktop":{"background-color":"var(--ast-global-color-4)","background-image":"","background-repeat":"repeat","background-position":"center center","background-size":"auto","background-attachment":"scroll","background-type":"","background-media":"","overlay-type":"","overlay-color":"","overlay-opacity":"","overlay-gradient":""},"tablet":{"background-color":"var(--ast-global-color-4)","background-image":"","background-repeat":"repeat","background-position":"center center","background-size":"auto","background-attachment":"scroll","background-type":"","background-media":"","overlay-type":"","overlay-color":"","overlay-opacity":"","overlay-gradient":""},"mobile":{"background-color":"var(--ast-global-color-4)","background-image":"","background-repeat":"repeat","background-position":"center center","background-size":"auto","background-attachment":"scroll","background-type":"","background-media":"","overlay-type":"","overlay-color":"","overlay-opacity":"","overlay-gradient":""}},"footnotes":""},"categories":[1],"tags":[],"class_list":["post-16000","post","type-post","status-publish","format-standard","has-post-thumbnail","hentry","category-noticias"],"yoast_head":"<!-- This site is optimized with the Yoast SEO Premium plugin v23.0 (Yoast SEO v27.5) - https:\/\/yoast.com\/product\/yoast-seo-premium-wordpress\/ -->\n<title>Encuentro de reflexi\u00f3n sobre las problem\u00e1ticas ambientales en Tierra del Fuego<\/title>\n<meta name=\"robots\" content=\"index, follow, max-snippet:-1, max-image-preview:large, max-video-preview:-1\" \/>\n<link rel=\"canonical\" href=\"https:\/\/patagoniambiental.com.ar\/info\/encuentro-de-reflexion-sobre-las-problematicas-ambientales-en-tierra-del-fuego\/\" \/>\n<meta property=\"og:locale\" content=\"es_ES\" \/>\n<meta property=\"og:type\" content=\"article\" \/>\n<meta property=\"og:title\" content=\"Encuentro de reflexi\u00f3n sobre las problem\u00e1ticas ambientales en Tierra del Fuego\" \/>\n<meta property=\"og:description\" content=\"Se realiz\u00f3 un importante encuentro de reflexi\u00f3n ambiental en Tierra del Fuego organizado por la APOC y que tiene como [&hellip;]\" \/>\n<meta property=\"og:url\" content=\"https:\/\/patagoniambiental.com.ar\/info\/encuentro-de-reflexion-sobre-las-problematicas-ambientales-en-tierra-del-fuego\/\" \/>\n<meta property=\"og:site_name\" content=\"Patagonia Ambiental\" \/>\n<meta property=\"article:publisher\" content=\"https:\/\/www.facebook.com\/patagonia.ambiental\" \/>\n<meta property=\"article:author\" content=\"https:\/\/www.facebook.com\/share\/1C1V8Gv9BX\/?mibextid=qi2Omg\" \/>\n<meta property=\"article:published_time\" content=\"2015-12-07T12:00:08+00:00\" \/>\n<meta name=\"author\" content=\"Patagonia Ambiental\" \/>\n<meta name=\"twitter:card\" content=\"summary_large_image\" \/>\n<meta name=\"twitter:creator\" content=\"@PatAmb\" \/>\n<meta name=\"twitter:site\" content=\"@PatAmb\" \/>\n<script type=\"application\/ld+json\" class=\"yoast-schema-graph\">{\"@context\":\"https:\\\/\\\/schema.org\",\"@graph\":[{\"@type\":\"Article\",\"@id\":\"https:\\\/\\\/patagoniambiental.com.ar\\\/info\\\/encuentro-de-reflexion-sobre-las-problematicas-ambientales-en-tierra-del-fuego\\\/#article\",\"isPartOf\":{\"@id\":\"https:\\\/\\\/patagoniambiental.com.ar\\\/info\\\/encuentro-de-reflexion-sobre-las-problematicas-ambientales-en-tierra-del-fuego\\\/\"},\"author\":{\"name\":\"Patagonia Ambiental\",\"@id\":\"https:\\\/\\\/patagoniambiental.com.ar\\\/info\\\/#\\\/schema\\\/person\\\/db12bff64bbcbf6a253710bf0ea37b5d\"},\"headline\":\"Encuentro de reflexi\u00f3n sobre las problem\u00e1ticas ambientales en Tierra del Fuego\",\"datePublished\":\"2015-12-07T12:00:08+00:00\",\"mainEntityOfPage\":{\"@id\":\"https:\\\/\\\/patagoniambiental.com.ar\\\/info\\\/encuentro-de-reflexion-sobre-las-problematicas-ambientales-en-tierra-del-fuego\\\/\"},\"wordCount\":757,\"publisher\":{\"@id\":\"https:\\\/\\\/patagoniambiental.com.ar\\\/info\\\/#organization\"},\"image\":{\"@id\":\"https:\\\/\\\/patagoniambiental.com.ar\\\/info\\\/encuentro-de-reflexion-sobre-las-problematicas-ambientales-en-tierra-del-fuego\\\/#primaryimage\"},\"thumbnailUrl\":\"\",\"articleSection\":[\"Noticias\"],\"inLanguage\":\"es\"},{\"@type\":\"WebPage\",\"@id\":\"https:\\\/\\\/patagoniambiental.com.ar\\\/info\\\/encuentro-de-reflexion-sobre-las-problematicas-ambientales-en-tierra-del-fuego\\\/\",\"url\":\"https:\\\/\\\/patagoniambiental.com.ar\\\/info\\\/encuentro-de-reflexion-sobre-las-problematicas-ambientales-en-tierra-del-fuego\\\/\",\"name\":\"Encuentro de reflexi\u00f3n sobre las problem\u00e1ticas ambientales en Tierra del Fuego\",\"isPartOf\":{\"@id\":\"https:\\\/\\\/patagoniambiental.com.ar\\\/info\\\/#website\"},\"primaryImageOfPage\":{\"@id\":\"https:\\\/\\\/patagoniambiental.com.ar\\\/info\\\/encuentro-de-reflexion-sobre-las-problematicas-ambientales-en-tierra-del-fuego\\\/#primaryimage\"},\"image\":{\"@id\":\"https:\\\/\\\/patagoniambiental.com.ar\\\/info\\\/encuentro-de-reflexion-sobre-las-problematicas-ambientales-en-tierra-del-fuego\\\/#primaryimage\"},\"thumbnailUrl\":\"\",\"datePublished\":\"2015-12-07T12:00:08+00:00\",\"breadcrumb\":{\"@id\":\"https:\\\/\\\/patagoniambiental.com.ar\\\/info\\\/encuentro-de-reflexion-sobre-las-problematicas-ambientales-en-tierra-del-fuego\\\/#breadcrumb\"},\"inLanguage\":\"es\",\"potentialAction\":[{\"@type\":\"ReadAction\",\"target\":[\"https:\\\/\\\/patagoniambiental.com.ar\\\/info\\\/encuentro-de-reflexion-sobre-las-problematicas-ambientales-en-tierra-del-fuego\\\/\"]}]},{\"@type\":\"ImageObject\",\"inLanguage\":\"es\",\"@id\":\"https:\\\/\\\/patagoniambiental.com.ar\\\/info\\\/encuentro-de-reflexion-sobre-las-problematicas-ambientales-en-tierra-del-fuego\\\/#primaryimage\",\"url\":\"\",\"contentUrl\":\"\"},{\"@type\":\"BreadcrumbList\",\"@id\":\"https:\\\/\\\/patagoniambiental.com.ar\\\/info\\\/encuentro-de-reflexion-sobre-las-problematicas-ambientales-en-tierra-del-fuego\\\/#breadcrumb\",\"itemListElement\":[{\"@type\":\"ListItem\",\"position\":1,\"name\":\"Inicio\",\"item\":\"https:\\\/\\\/patagoniambiental.com.ar\\\/info\\\/\"},{\"@type\":\"ListItem\",\"position\":2,\"name\":\"Encuentro de reflexi\u00f3n sobre las problem\u00e1ticas ambientales en Tierra del Fuego\"}]},{\"@type\":\"WebSite\",\"@id\":\"https:\\\/\\\/patagoniambiental.com.ar\\\/info\\\/#website\",\"url\":\"https:\\\/\\\/patagoniambiental.com.ar\\\/info\\\/\",\"name\":\"Patagonia Ambiental\",\"description\":\"Monitoreo y an\u00e1lisis de la situaci\u00f3n geopol\u00edtica en el mundo y su implicancia en la Patagonia\",\"publisher\":{\"@id\":\"https:\\\/\\\/patagoniambiental.com.ar\\\/info\\\/#organization\"},\"potentialAction\":[{\"@type\":\"SearchAction\",\"target\":{\"@type\":\"EntryPoint\",\"urlTemplate\":\"https:\\\/\\\/patagoniambiental.com.ar\\\/info\\\/?s={search_term_string}\"},\"query-input\":{\"@type\":\"PropertyValueSpecification\",\"valueRequired\":true,\"valueName\":\"search_term_string\"}}],\"inLanguage\":\"es\"},{\"@type\":\"Organization\",\"@id\":\"https:\\\/\\\/patagoniambiental.com.ar\\\/info\\\/#organization\",\"name\":\"Patagonia Ambiental\",\"url\":\"https:\\\/\\\/patagoniambiental.com.ar\\\/info\\\/\",\"logo\":{\"@type\":\"ImageObject\",\"inLanguage\":\"es\",\"@id\":\"https:\\\/\\\/patagoniambiental.com.ar\\\/info\\\/#\\\/schema\\\/logo\\\/image\\\/\",\"url\":\"https:\\\/\\\/patagoniambiental.com.ar\\\/info\\\/wp-content\\\/uploads\\\/2025\\\/05\\\/LOGO-PATAGONIA-AMBIENTAL.png\",\"contentUrl\":\"https:\\\/\\\/patagoniambiental.com.ar\\\/info\\\/wp-content\\\/uploads\\\/2025\\\/05\\\/LOGO-PATAGONIA-AMBIENTAL.png\",\"width\":433,\"height\":250,\"caption\":\"Patagonia Ambiental\"},\"image\":{\"@id\":\"https:\\\/\\\/patagoniambiental.com.ar\\\/info\\\/#\\\/schema\\\/logo\\\/image\\\/\"},\"sameAs\":[\"https:\\\/\\\/www.facebook.com\\\/patagonia.ambiental\",\"https:\\\/\\\/x.com\\\/PatAmb\"]},{\"@type\":\"Person\",\"@id\":\"https:\\\/\\\/patagoniambiental.com.ar\\\/info\\\/#\\\/schema\\\/person\\\/db12bff64bbcbf6a253710bf0ea37b5d\",\"name\":\"Patagonia Ambiental\",\"description\":\"Andr\u00e9s Nievas T\u00e9cnico en manejo ambiental, consultor Ambiental y escritor para medios locales e internacionales sobre temas de geopolitica y medio ambiente.\",\"sameAs\":[\"http:\\\/\\\/www.patagoniambiental.com.ar\",\"https:\\\/\\\/www.facebook.com\\\/share\\\/1C1V8Gv9BX\\\/?mibextid=qi2Omg\",\"@patagoniambiental\",\"https:\\\/\\\/youtube.com\\\/@patagoniaambiental2023?si=BLt58t0wuXquxlYZ\"]}]}<\/script>\n<!-- \/ Yoast SEO Premium plugin. -->","yoast_head_json":{"title":"Encuentro de reflexi\u00f3n sobre las problem\u00e1ticas ambientales en Tierra del Fuego","robots":{"index":"index","follow":"follow","max-snippet":"max-snippet:-1","max-image-preview":"max-image-preview:large","max-video-preview":"max-video-preview:-1"},"canonical":"https:\/\/patagoniambiental.com.ar\/info\/encuentro-de-reflexion-sobre-las-problematicas-ambientales-en-tierra-del-fuego\/","og_locale":"es_ES","og_type":"article","og_title":"Encuentro de reflexi\u00f3n sobre las problem\u00e1ticas ambientales en Tierra del Fuego","og_description":"Se realiz\u00f3 un importante encuentro de reflexi\u00f3n ambiental en Tierra del Fuego organizado por la APOC y que tiene como [&hellip;]","og_url":"https:\/\/patagoniambiental.com.ar\/info\/encuentro-de-reflexion-sobre-las-problematicas-ambientales-en-tierra-del-fuego\/","og_site_name":"Patagonia Ambiental","article_publisher":"https:\/\/www.facebook.com\/patagonia.ambiental","article_author":"https:\/\/www.facebook.com\/share\/1C1V8Gv9BX\/?mibextid=qi2Omg","article_published_time":"2015-12-07T12:00:08+00:00","author":"Patagonia Ambiental","twitter_card":"summary_large_image","twitter_creator":"@PatAmb","twitter_site":"@PatAmb","schema":{"@context":"https:\/\/schema.org","@graph":[{"@type":"Article","@id":"https:\/\/patagoniambiental.com.ar\/info\/encuentro-de-reflexion-sobre-las-problematicas-ambientales-en-tierra-del-fuego\/#article","isPartOf":{"@id":"https:\/\/patagoniambiental.com.ar\/info\/encuentro-de-reflexion-sobre-las-problematicas-ambientales-en-tierra-del-fuego\/"},"author":{"name":"Patagonia Ambiental","@id":"https:\/\/patagoniambiental.com.ar\/info\/#\/schema\/person\/db12bff64bbcbf6a253710bf0ea37b5d"},"headline":"Encuentro de reflexi\u00f3n sobre las problem\u00e1ticas ambientales en Tierra del Fuego","datePublished":"2015-12-07T12:00:08+00:00","mainEntityOfPage":{"@id":"https:\/\/patagoniambiental.com.ar\/info\/encuentro-de-reflexion-sobre-las-problematicas-ambientales-en-tierra-del-fuego\/"},"wordCount":757,"publisher":{"@id":"https:\/\/patagoniambiental.com.ar\/info\/#organization"},"image":{"@id":"https:\/\/patagoniambiental.com.ar\/info\/encuentro-de-reflexion-sobre-las-problematicas-ambientales-en-tierra-del-fuego\/#primaryimage"},"thumbnailUrl":"","articleSection":["Noticias"],"inLanguage":"es"},{"@type":"WebPage","@id":"https:\/\/patagoniambiental.com.ar\/info\/encuentro-de-reflexion-sobre-las-problematicas-ambientales-en-tierra-del-fuego\/","url":"https:\/\/patagoniambiental.com.ar\/info\/encuentro-de-reflexion-sobre-las-problematicas-ambientales-en-tierra-del-fuego\/","name":"Encuentro de reflexi\u00f3n sobre las problem\u00e1ticas ambientales en Tierra del Fuego","isPartOf":{"@id":"https:\/\/patagoniambiental.com.ar\/info\/#website"},"primaryImageOfPage":{"@id":"https:\/\/patagoniambiental.com.ar\/info\/encuentro-de-reflexion-sobre-las-problematicas-ambientales-en-tierra-del-fuego\/#primaryimage"},"image":{"@id":"https:\/\/patagoniambiental.com.ar\/info\/encuentro-de-reflexion-sobre-las-problematicas-ambientales-en-tierra-del-fuego\/#primaryimage"},"thumbnailUrl":"","datePublished":"2015-12-07T12:00:08+00:00","breadcrumb":{"@id":"https:\/\/patagoniambiental.com.ar\/info\/encuentro-de-reflexion-sobre-las-problematicas-ambientales-en-tierra-del-fuego\/#breadcrumb"},"inLanguage":"es","potentialAction":[{"@type":"ReadAction","target":["https:\/\/patagoniambiental.com.ar\/info\/encuentro-de-reflexion-sobre-las-problematicas-ambientales-en-tierra-del-fuego\/"]}]},{"@type":"ImageObject","inLanguage":"es","@id":"https:\/\/patagoniambiental.com.ar\/info\/encuentro-de-reflexion-sobre-las-problematicas-ambientales-en-tierra-del-fuego\/#primaryimage","url":"","contentUrl":""},{"@type":"BreadcrumbList","@id":"https:\/\/patagoniambiental.com.ar\/info\/encuentro-de-reflexion-sobre-las-problematicas-ambientales-en-tierra-del-fuego\/#breadcrumb","itemListElement":[{"@type":"ListItem","position":1,"name":"Inicio","item":"https:\/\/patagoniambiental.com.ar\/info\/"},{"@type":"ListItem","position":2,"name":"Encuentro de reflexi\u00f3n sobre las problem\u00e1ticas ambientales en Tierra del Fuego"}]},{"@type":"WebSite","@id":"https:\/\/patagoniambiental.com.ar\/info\/#website","url":"https:\/\/patagoniambiental.com.ar\/info\/","name":"Patagonia Ambiental","description":"Monitoreo y an\u00e1lisis de la situaci\u00f3n geopol\u00edtica en el mundo y su implicancia en la Patagonia","publisher":{"@id":"https:\/\/patagoniambiental.com.ar\/info\/#organization"},"potentialAction":[{"@type":"SearchAction","target":{"@type":"EntryPoint","urlTemplate":"https:\/\/patagoniambiental.com.ar\/info\/?s={search_term_string}"},"query-input":{"@type":"PropertyValueSpecification","valueRequired":true,"valueName":"search_term_string"}}],"inLanguage":"es"},{"@type":"Organization","@id":"https:\/\/patagoniambiental.com.ar\/info\/#organization","name":"Patagonia Ambiental","url":"https:\/\/patagoniambiental.com.ar\/info\/","logo":{"@type":"ImageObject","inLanguage":"es","@id":"https:\/\/patagoniambiental.com.ar\/info\/#\/schema\/logo\/image\/","url":"https:\/\/patagoniambiental.com.ar\/info\/wp-content\/uploads\/2025\/05\/LOGO-PATAGONIA-AMBIENTAL.png","contentUrl":"https:\/\/patagoniambiental.com.ar\/info\/wp-content\/uploads\/2025\/05\/LOGO-PATAGONIA-AMBIENTAL.png","width":433,"height":250,"caption":"Patagonia Ambiental"},"image":{"@id":"https:\/\/patagoniambiental.com.ar\/info\/#\/schema\/logo\/image\/"},"sameAs":["https:\/\/www.facebook.com\/patagonia.ambiental","https:\/\/x.com\/PatAmb"]},{"@type":"Person","@id":"https:\/\/patagoniambiental.com.ar\/info\/#\/schema\/person\/db12bff64bbcbf6a253710bf0ea37b5d","name":"Patagonia Ambiental","description":"Andr\u00e9s Nievas T\u00e9cnico en manejo ambiental, consultor Ambiental y escritor para medios locales e internacionales sobre temas de geopolitica y medio ambiente.","sameAs":["http:\/\/www.patagoniambiental.com.ar","https:\/\/www.facebook.com\/share\/1C1V8Gv9BX\/?mibextid=qi2Omg","@patagoniambiental","https:\/\/youtube.com\/@patagoniaambiental2023?si=BLt58t0wuXquxlYZ"]}]}},"_links":{"self":[{"href":"https:\/\/patagoniambiental.com.ar\/info\/wp-json\/wp\/v2\/posts\/16000","targetHints":{"allow":["GET"]}}],"collection":[{"href":"https:\/\/patagoniambiental.com.ar\/info\/wp-json\/wp\/v2\/posts"}],"about":[{"href":"https:\/\/patagoniambiental.com.ar\/info\/wp-json\/wp\/v2\/types\/post"}],"author":[{"embeddable":true,"href":"https:\/\/patagoniambiental.com.ar\/info\/wp-json\/wp\/v2\/users\/2"}],"replies":[{"embeddable":true,"href":"https:\/\/patagoniambiental.com.ar\/info\/wp-json\/wp\/v2\/comments?post=16000"}],"version-history":[{"count":0,"href":"https:\/\/patagoniambiental.com.ar\/info\/wp-json\/wp\/v2\/posts\/16000\/revisions"}],"wp:featuredmedia":[{"embeddable":true,"href":"https:\/\/patagoniambiental.com.ar\/info\/wp-json\/"}],"wp:attachment":[{"href":"https:\/\/patagoniambiental.com.ar\/info\/wp-json\/wp\/v2\/media?parent=16000"}],"wp:term":[{"taxonomy":"category","embeddable":true,"href":"https:\/\/patagoniambiental.com.ar\/info\/wp-json\/wp\/v2\/categories?post=16000"},{"taxonomy":"post_tag","embeddable":true,"href":"https:\/\/patagoniambiental.com.ar\/info\/wp-json\/wp\/v2\/tags?post=16000"}],"curies":[{"name":"wp","href":"https:\/\/api.w.org\/{rel}","templated":true}]}}