{"id":16013,"date":"2015-12-09T09:00:53","date_gmt":"2015-12-09T12:00:53","guid":{"rendered":"http:\/\/patagoniambiental.com.ar\/?p=16013"},"modified":"2015-12-09T09:00:53","modified_gmt":"2015-12-09T12:00:53","slug":"bariloche-cuenta-con-una-estacion-de-monitoreo-continuo-de-calidad-del-aire","status":"publish","type":"post","link":"https:\/\/patagoniambiental.com.ar\/info\/bariloche-cuenta-con-una-estacion-de-monitoreo-continuo-de-calidad-del-aire\/","title":{"rendered":"Bariloche cuenta con una Estaci\u00f3n de Monitoreo Continuo de Calidad del Aire"},"content":{"rendered":"<p>Este equipamiento, 5to en su tipo en el pa\u00eds, significa una inversi\u00f3n de m\u00e1s de 6 millones de pesos. Generar\u00e1 datos ambientales de la calidad del aire en forma continua bajo las normas de la OMS, para monitorear riesgos en la poblaci\u00f3n ante fen\u00f3menos ambientales. El mismo ser\u00e1\u00a0operado desde el Centro de Monitoreo Municipal, a cargo de la Subsecretar\u00eda de Medio Ambiente local.<\/p>\n<p>La intendenta local, Mar\u00eda Eugenia Martini recorri\u00f3 las recientes instalaciones de la Estaci\u00f3n de Monitoreo Continuo de Calidad del Aire, que su sala de control se encuentra ubicada en el edificio del Centro de Monitoreo Municipal. \u201cEste proyecto surge en un trabajo conjunto con la Secretaria de Medio Ambiente de la provincia, en ese momento, por lo sucedido con la ca\u00edda de cenizas en el 2011 del volc\u00e1n Puyehue. Hoy estamos present\u00e1ndolo. Es un equipamiento de m\u00e1s de 6 millones de pesos, que se hizo junto con profesionales de la ciencia y tecnolog\u00eda de San Carlos de Bariloche y el Gobierno Municipal\u201d.<\/p>\n<p>Por otro lado agreg\u00f3 \u201ces muy importante por la salud de todos los barilochenses, saber cu\u00e1l es la calidad de part\u00edculas que respiramos todos los d\u00edas, y por otro lado informar\u00e1 los datos meteorol\u00f3gicos, medir\u00e1 la capa de ozono, y el objetivo para un futuro es que cualquier persona por internet pueda acceder y ver esta informaci\u00f3n de la calidad del aire, y la temperatura brindado por el municipio\u201d.<\/p>\n<p>La jefa comunal estuvo acompa\u00f1ada por el Secretario de Seguridad, Alejo Arias; el Director de Tecnolog\u00edas, Juan Jos\u00e9 Lopez Marti, e Ignacio Sagardoy de la Subsecretar\u00eda de Medio Ambiente Municipal.<\/p>\n<p>El equipamiento incluye una estaci\u00f3n meteorol\u00f3gica completa (brindando la informaci\u00f3n de Temperatura, Humedad, Presi\u00f3n Atmosf\u00e9rica, Direcci\u00f3n y Velocidad del Viento, Pluvi\u00f3metro y Medici\u00f3n de Radiaci\u00f3n Solar); un analizador de part\u00edculas en suspensi\u00f3n en aire ambiente (part\u00edculas TSP, PM10 y PM2.5); un analizador de gases contaminantes; un analizador ambiental de Ozono (O3), y un servidor de datos y sistema de comunicaci\u00f3n. Es considerado como el mejor sistema instalado en el pa\u00eds. Otros similares se encuentran en la Ciudad Aut\u00f3noma de Buenos Aires en la cantidad de 3 y 1 en ACUMAR (cuenca Riachuelo Matanza). El 5to es el de la ciudad de San Carlos de Bariloche.<\/p>\n<p>Ser\u00e1 comandada localmente por la Subsecretar\u00eda de Medio Ambiente del Gobierno Municipal como operador del sistema, que provey\u00f3 los espacios f\u00edsicos para la estaci\u00f3n (convenio con Parques Nacionales) y para la sala de Control (Centro de Monitoreo); adem\u00e1s de la infraestructura de servicios de alimentaci\u00f3n, conectividad, cerco perimetral y operadores del sistema.<\/p>\n<p>Con este equipamiento no s\u00f3lo se aportar\u00e1 a la salud p\u00fablica de la ciudad, sino que servir\u00e1 para evaluar par\u00e1metros asociados a la actividad aeron\u00e1utica. Se obtendr\u00e1n mediciones que permitan la toma de decisiones respecto a la navegaci\u00f3n a\u00e9rea. Esto como consecuencia de lo ocurrido con los fen\u00f3menos de las erupciones volc\u00e1nicas y sobre todo en el 2011 que llev\u00f3 a decretar la zona de emergencia con suspensi\u00f3n de vuelos por 7 meses. Ambos sistemas se complementar\u00e1n como generadores de informaci\u00f3n para la ciudad.<\/p>\n<p>El equipamiento fue financiado a trav\u00e9s del UPCEFE (Unidad Provincial de Coordinaci\u00f3n y Ejecuci\u00f3n de Financiamiento Externo, integrada tambi\u00e9n por la Naci\u00f3n) que logr\u00f3 una financiaci\u00f3n de la Cooperaci\u00f3n Andina de Fomento (CAF), por $6.200.000 para la provisi\u00f3n del equipamiento. La empresa proveedora del sistema recay\u00f3 en SIAFA SRL.<\/p>\n<p>&nbsp;<\/p>\n","protected":false},"excerpt":{"rendered":"<p>Este equipamiento, 5to en su tipo en el pa\u00eds, significa una inversi\u00f3n de m\u00e1s de 6 millones de pesos. Generar\u00e1 [&hellip;]<\/p>\n","protected":false},"author":2,"featured_media":16014,"comment_status":"closed","ping_status":"closed","sticky":false,"template":"","format":"standard","meta":{"site-sidebar-layout":"default","site-content-layout":"","ast-site-content-layout":"default","site-content-style":"default","site-sidebar-style":"default","ast-global-header-display":"","ast-banner-title-visibility":"","ast-main-header-display":"","ast-hfb-above-header-display":"","ast-hfb-below-header-display":"","ast-hfb-mobile-header-display":"","site-post-title":"","ast-breadcrumbs-content":"","ast-featured-img":"","footer-sml-layout":"","ast-disable-related-posts":"","theme-transparent-header-meta":"","adv-header-id-meta":"","stick-header-meta":"","header-above-stick-meta":"","header-main-stick-meta":"","header-below-stick-meta":"","astra-migrate-meta-layouts":"default","ast-page-background-enabled":"default","ast-page-background-meta":{"desktop":{"background-color":"var(--ast-global-color-5)","background-image":"","background-repeat":"repeat","background-position":"center center","background-size":"auto","background-attachment":"scroll","background-type":"","background-media":"","overlay-type":"","overlay-color":"","overlay-opacity":"","overlay-gradient":""},"tablet":{"background-color":"","background-image":"","background-repeat":"repeat","background-position":"center center","background-size":"auto","background-attachment":"scroll","background-type":"","background-media":"","overlay-type":"","overlay-color":"","overlay-opacity":"","overlay-gradient":""},"mobile":{"background-color":"","background-image":"","background-repeat":"repeat","background-position":"center center","background-size":"auto","background-attachment":"scroll","background-type":"","background-media":"","overlay-type":"","overlay-color":"","overlay-opacity":"","overlay-gradient":""}},"ast-content-background-meta":{"desktop":{"background-color":"var(--ast-global-color-4)","background-image":"","background-repeat":"repeat","background-position":"center center","background-size":"auto","background-attachment":"scroll","background-type":"","background-media":"","overlay-type":"","overlay-color":"","overlay-opacity":"","overlay-gradient":""},"tablet":{"background-color":"var(--ast-global-color-4)","background-image":"","background-repeat":"repeat","background-position":"center center","background-size":"auto","background-attachment":"scroll","background-type":"","background-media":"","overlay-type":"","overlay-color":"","overlay-opacity":"","overlay-gradient":""},"mobile":{"background-color":"var(--ast-global-color-4)","background-image":"","background-repeat":"repeat","background-position":"center center","background-size":"auto","background-attachment":"scroll","background-type":"","background-media":"","overlay-type":"","overlay-color":"","overlay-opacity":"","overlay-gradient":""}},"footnotes":""},"categories":[1],"tags":[],"class_list":["post-16013","post","type-post","status-publish","format-standard","has-post-thumbnail","hentry","category-noticias"],"yoast_head":"<!-- This site is optimized with the Yoast SEO Premium plugin v23.0 (Yoast SEO v27.5) - https:\/\/yoast.com\/product\/yoast-seo-premium-wordpress\/ -->\n<title>Bariloche cuenta con una Estaci\u00f3n de Monitoreo Continuo de Calidad del Aire<\/title>\n<meta name=\"robots\" content=\"index, follow, max-snippet:-1, max-image-preview:large, max-video-preview:-1\" \/>\n<link rel=\"canonical\" href=\"https:\/\/patagoniambiental.com.ar\/info\/bariloche-cuenta-con-una-estacion-de-monitoreo-continuo-de-calidad-del-aire\/\" \/>\n<meta property=\"og:locale\" content=\"es_ES\" \/>\n<meta property=\"og:type\" content=\"article\" \/>\n<meta property=\"og:title\" content=\"Bariloche cuenta con una Estaci\u00f3n de Monitoreo Continuo de Calidad del Aire\" \/>\n<meta property=\"og:description\" content=\"Este equipamiento, 5to en su tipo en el pa\u00eds, significa una inversi\u00f3n de m\u00e1s de 6 millones de pesos. Generar\u00e1 [&hellip;]\" \/>\n<meta property=\"og:url\" content=\"https:\/\/patagoniambiental.com.ar\/info\/bariloche-cuenta-con-una-estacion-de-monitoreo-continuo-de-calidad-del-aire\/\" \/>\n<meta property=\"og:site_name\" content=\"Patagonia Ambiental\" \/>\n<meta property=\"article:publisher\" content=\"https:\/\/www.facebook.com\/patagonia.ambiental\" \/>\n<meta property=\"article:author\" content=\"https:\/\/www.facebook.com\/share\/1C1V8Gv9BX\/?mibextid=qi2Omg\" \/>\n<meta property=\"article:published_time\" content=\"2015-12-09T12:00:53+00:00\" \/>\n<meta name=\"author\" content=\"Patagonia Ambiental\" \/>\n<meta name=\"twitter:card\" content=\"summary_large_image\" \/>\n<meta name=\"twitter:creator\" content=\"@PatAmb\" \/>\n<meta name=\"twitter:site\" content=\"@PatAmb\" \/>\n<script type=\"application\/ld+json\" class=\"yoast-schema-graph\">{\"@context\":\"https:\\\/\\\/schema.org\",\"@graph\":[{\"@type\":\"Article\",\"@id\":\"https:\\\/\\\/patagoniambiental.com.ar\\\/info\\\/bariloche-cuenta-con-una-estacion-de-monitoreo-continuo-de-calidad-del-aire\\\/#article\",\"isPartOf\":{\"@id\":\"https:\\\/\\\/patagoniambiental.com.ar\\\/info\\\/bariloche-cuenta-con-una-estacion-de-monitoreo-continuo-de-calidad-del-aire\\\/\"},\"author\":{\"name\":\"Patagonia Ambiental\",\"@id\":\"https:\\\/\\\/patagoniambiental.com.ar\\\/info\\\/#\\\/schema\\\/person\\\/db12bff64bbcbf6a253710bf0ea37b5d\"},\"headline\":\"Bariloche cuenta con una Estaci\u00f3n de Monitoreo Continuo de Calidad del Aire\",\"datePublished\":\"2015-12-09T12:00:53+00:00\",\"mainEntityOfPage\":{\"@id\":\"https:\\\/\\\/patagoniambiental.com.ar\\\/info\\\/bariloche-cuenta-con-una-estacion-de-monitoreo-continuo-de-calidad-del-aire\\\/\"},\"wordCount\":622,\"publisher\":{\"@id\":\"https:\\\/\\\/patagoniambiental.com.ar\\\/info\\\/#organization\"},\"image\":{\"@id\":\"https:\\\/\\\/patagoniambiental.com.ar\\\/info\\\/bariloche-cuenta-con-una-estacion-de-monitoreo-continuo-de-calidad-del-aire\\\/#primaryimage\"},\"thumbnailUrl\":\"\",\"articleSection\":[\"Noticias\"],\"inLanguage\":\"es\"},{\"@type\":\"WebPage\",\"@id\":\"https:\\\/\\\/patagoniambiental.com.ar\\\/info\\\/bariloche-cuenta-con-una-estacion-de-monitoreo-continuo-de-calidad-del-aire\\\/\",\"url\":\"https:\\\/\\\/patagoniambiental.com.ar\\\/info\\\/bariloche-cuenta-con-una-estacion-de-monitoreo-continuo-de-calidad-del-aire\\\/\",\"name\":\"Bariloche cuenta con una Estaci\u00f3n de Monitoreo Continuo de Calidad del Aire\",\"isPartOf\":{\"@id\":\"https:\\\/\\\/patagoniambiental.com.ar\\\/info\\\/#website\"},\"primaryImageOfPage\":{\"@id\":\"https:\\\/\\\/patagoniambiental.com.ar\\\/info\\\/bariloche-cuenta-con-una-estacion-de-monitoreo-continuo-de-calidad-del-aire\\\/#primaryimage\"},\"image\":{\"@id\":\"https:\\\/\\\/patagoniambiental.com.ar\\\/info\\\/bariloche-cuenta-con-una-estacion-de-monitoreo-continuo-de-calidad-del-aire\\\/#primaryimage\"},\"thumbnailUrl\":\"\",\"datePublished\":\"2015-12-09T12:00:53+00:00\",\"breadcrumb\":{\"@id\":\"https:\\\/\\\/patagoniambiental.com.ar\\\/info\\\/bariloche-cuenta-con-una-estacion-de-monitoreo-continuo-de-calidad-del-aire\\\/#breadcrumb\"},\"inLanguage\":\"es\",\"potentialAction\":[{\"@type\":\"ReadAction\",\"target\":[\"https:\\\/\\\/patagoniambiental.com.ar\\\/info\\\/bariloche-cuenta-con-una-estacion-de-monitoreo-continuo-de-calidad-del-aire\\\/\"]}]},{\"@type\":\"ImageObject\",\"inLanguage\":\"es\",\"@id\":\"https:\\\/\\\/patagoniambiental.com.ar\\\/info\\\/bariloche-cuenta-con-una-estacion-de-monitoreo-continuo-de-calidad-del-aire\\\/#primaryimage\",\"url\":\"\",\"contentUrl\":\"\"},{\"@type\":\"BreadcrumbList\",\"@id\":\"https:\\\/\\\/patagoniambiental.com.ar\\\/info\\\/bariloche-cuenta-con-una-estacion-de-monitoreo-continuo-de-calidad-del-aire\\\/#breadcrumb\",\"itemListElement\":[{\"@type\":\"ListItem\",\"position\":1,\"name\":\"Inicio\",\"item\":\"https:\\\/\\\/patagoniambiental.com.ar\\\/info\\\/\"},{\"@type\":\"ListItem\",\"position\":2,\"name\":\"Bariloche cuenta con una Estaci\u00f3n de Monitoreo Continuo de Calidad del Aire\"}]},{\"@type\":\"WebSite\",\"@id\":\"https:\\\/\\\/patagoniambiental.com.ar\\\/info\\\/#website\",\"url\":\"https:\\\/\\\/patagoniambiental.com.ar\\\/info\\\/\",\"name\":\"Patagonia Ambiental\",\"description\":\"Monitoreo y an\u00e1lisis de la situaci\u00f3n geopol\u00edtica en el mundo y su implicancia en la Patagonia\",\"publisher\":{\"@id\":\"https:\\\/\\\/patagoniambiental.com.ar\\\/info\\\/#organization\"},\"potentialAction\":[{\"@type\":\"SearchAction\",\"target\":{\"@type\":\"EntryPoint\",\"urlTemplate\":\"https:\\\/\\\/patagoniambiental.com.ar\\\/info\\\/?s={search_term_string}\"},\"query-input\":{\"@type\":\"PropertyValueSpecification\",\"valueRequired\":true,\"valueName\":\"search_term_string\"}}],\"inLanguage\":\"es\"},{\"@type\":\"Organization\",\"@id\":\"https:\\\/\\\/patagoniambiental.com.ar\\\/info\\\/#organization\",\"name\":\"Patagonia Ambiental\",\"url\":\"https:\\\/\\\/patagoniambiental.com.ar\\\/info\\\/\",\"logo\":{\"@type\":\"ImageObject\",\"inLanguage\":\"es\",\"@id\":\"https:\\\/\\\/patagoniambiental.com.ar\\\/info\\\/#\\\/schema\\\/logo\\\/image\\\/\",\"url\":\"https:\\\/\\\/patagoniambiental.com.ar\\\/info\\\/wp-content\\\/uploads\\\/2025\\\/05\\\/LOGO-PATAGONIA-AMBIENTAL.png\",\"contentUrl\":\"https:\\\/\\\/patagoniambiental.com.ar\\\/info\\\/wp-content\\\/uploads\\\/2025\\\/05\\\/LOGO-PATAGONIA-AMBIENTAL.png\",\"width\":433,\"height\":250,\"caption\":\"Patagonia Ambiental\"},\"image\":{\"@id\":\"https:\\\/\\\/patagoniambiental.com.ar\\\/info\\\/#\\\/schema\\\/logo\\\/image\\\/\"},\"sameAs\":[\"https:\\\/\\\/www.facebook.com\\\/patagonia.ambiental\",\"https:\\\/\\\/x.com\\\/PatAmb\"]},{\"@type\":\"Person\",\"@id\":\"https:\\\/\\\/patagoniambiental.com.ar\\\/info\\\/#\\\/schema\\\/person\\\/db12bff64bbcbf6a253710bf0ea37b5d\",\"name\":\"Patagonia Ambiental\",\"description\":\"Andr\u00e9s Nievas T\u00e9cnico en manejo ambiental, consultor Ambiental y escritor para medios locales e internacionales sobre temas de geopolitica y medio ambiente.\",\"sameAs\":[\"http:\\\/\\\/www.patagoniambiental.com.ar\",\"https:\\\/\\\/www.facebook.com\\\/share\\\/1C1V8Gv9BX\\\/?mibextid=qi2Omg\",\"@patagoniambiental\",\"https:\\\/\\\/youtube.com\\\/@patagoniaambiental2023?si=BLt58t0wuXquxlYZ\"]}]}<\/script>\n<!-- \/ Yoast SEO Premium plugin. -->","yoast_head_json":{"title":"Bariloche cuenta con una Estaci\u00f3n de Monitoreo Continuo de Calidad del Aire","robots":{"index":"index","follow":"follow","max-snippet":"max-snippet:-1","max-image-preview":"max-image-preview:large","max-video-preview":"max-video-preview:-1"},"canonical":"https:\/\/patagoniambiental.com.ar\/info\/bariloche-cuenta-con-una-estacion-de-monitoreo-continuo-de-calidad-del-aire\/","og_locale":"es_ES","og_type":"article","og_title":"Bariloche cuenta con una Estaci\u00f3n de Monitoreo Continuo de Calidad del Aire","og_description":"Este equipamiento, 5to en su tipo en el pa\u00eds, significa una inversi\u00f3n de m\u00e1s de 6 millones de pesos. Generar\u00e1 [&hellip;]","og_url":"https:\/\/patagoniambiental.com.ar\/info\/bariloche-cuenta-con-una-estacion-de-monitoreo-continuo-de-calidad-del-aire\/","og_site_name":"Patagonia Ambiental","article_publisher":"https:\/\/www.facebook.com\/patagonia.ambiental","article_author":"https:\/\/www.facebook.com\/share\/1C1V8Gv9BX\/?mibextid=qi2Omg","article_published_time":"2015-12-09T12:00:53+00:00","author":"Patagonia Ambiental","twitter_card":"summary_large_image","twitter_creator":"@PatAmb","twitter_site":"@PatAmb","schema":{"@context":"https:\/\/schema.org","@graph":[{"@type":"Article","@id":"https:\/\/patagoniambiental.com.ar\/info\/bariloche-cuenta-con-una-estacion-de-monitoreo-continuo-de-calidad-del-aire\/#article","isPartOf":{"@id":"https:\/\/patagoniambiental.com.ar\/info\/bariloche-cuenta-con-una-estacion-de-monitoreo-continuo-de-calidad-del-aire\/"},"author":{"name":"Patagonia Ambiental","@id":"https:\/\/patagoniambiental.com.ar\/info\/#\/schema\/person\/db12bff64bbcbf6a253710bf0ea37b5d"},"headline":"Bariloche cuenta con una Estaci\u00f3n de Monitoreo Continuo de Calidad del Aire","datePublished":"2015-12-09T12:00:53+00:00","mainEntityOfPage":{"@id":"https:\/\/patagoniambiental.com.ar\/info\/bariloche-cuenta-con-una-estacion-de-monitoreo-continuo-de-calidad-del-aire\/"},"wordCount":622,"publisher":{"@id":"https:\/\/patagoniambiental.com.ar\/info\/#organization"},"image":{"@id":"https:\/\/patagoniambiental.com.ar\/info\/bariloche-cuenta-con-una-estacion-de-monitoreo-continuo-de-calidad-del-aire\/#primaryimage"},"thumbnailUrl":"","articleSection":["Noticias"],"inLanguage":"es"},{"@type":"WebPage","@id":"https:\/\/patagoniambiental.com.ar\/info\/bariloche-cuenta-con-una-estacion-de-monitoreo-continuo-de-calidad-del-aire\/","url":"https:\/\/patagoniambiental.com.ar\/info\/bariloche-cuenta-con-una-estacion-de-monitoreo-continuo-de-calidad-del-aire\/","name":"Bariloche cuenta con una Estaci\u00f3n de Monitoreo Continuo de Calidad del Aire","isPartOf":{"@id":"https:\/\/patagoniambiental.com.ar\/info\/#website"},"primaryImageOfPage":{"@id":"https:\/\/patagoniambiental.com.ar\/info\/bariloche-cuenta-con-una-estacion-de-monitoreo-continuo-de-calidad-del-aire\/#primaryimage"},"image":{"@id":"https:\/\/patagoniambiental.com.ar\/info\/bariloche-cuenta-con-una-estacion-de-monitoreo-continuo-de-calidad-del-aire\/#primaryimage"},"thumbnailUrl":"","datePublished":"2015-12-09T12:00:53+00:00","breadcrumb":{"@id":"https:\/\/patagoniambiental.com.ar\/info\/bariloche-cuenta-con-una-estacion-de-monitoreo-continuo-de-calidad-del-aire\/#breadcrumb"},"inLanguage":"es","potentialAction":[{"@type":"ReadAction","target":["https:\/\/patagoniambiental.com.ar\/info\/bariloche-cuenta-con-una-estacion-de-monitoreo-continuo-de-calidad-del-aire\/"]}]},{"@type":"ImageObject","inLanguage":"es","@id":"https:\/\/patagoniambiental.com.ar\/info\/bariloche-cuenta-con-una-estacion-de-monitoreo-continuo-de-calidad-del-aire\/#primaryimage","url":"","contentUrl":""},{"@type":"BreadcrumbList","@id":"https:\/\/patagoniambiental.com.ar\/info\/bariloche-cuenta-con-una-estacion-de-monitoreo-continuo-de-calidad-del-aire\/#breadcrumb","itemListElement":[{"@type":"ListItem","position":1,"name":"Inicio","item":"https:\/\/patagoniambiental.com.ar\/info\/"},{"@type":"ListItem","position":2,"name":"Bariloche cuenta con una Estaci\u00f3n de Monitoreo Continuo de Calidad del Aire"}]},{"@type":"WebSite","@id":"https:\/\/patagoniambiental.com.ar\/info\/#website","url":"https:\/\/patagoniambiental.com.ar\/info\/","name":"Patagonia Ambiental","description":"Monitoreo y an\u00e1lisis de la situaci\u00f3n geopol\u00edtica en el mundo y su implicancia en la Patagonia","publisher":{"@id":"https:\/\/patagoniambiental.com.ar\/info\/#organization"},"potentialAction":[{"@type":"SearchAction","target":{"@type":"EntryPoint","urlTemplate":"https:\/\/patagoniambiental.com.ar\/info\/?s={search_term_string}"},"query-input":{"@type":"PropertyValueSpecification","valueRequired":true,"valueName":"search_term_string"}}],"inLanguage":"es"},{"@type":"Organization","@id":"https:\/\/patagoniambiental.com.ar\/info\/#organization","name":"Patagonia Ambiental","url":"https:\/\/patagoniambiental.com.ar\/info\/","logo":{"@type":"ImageObject","inLanguage":"es","@id":"https:\/\/patagoniambiental.com.ar\/info\/#\/schema\/logo\/image\/","url":"https:\/\/patagoniambiental.com.ar\/info\/wp-content\/uploads\/2025\/05\/LOGO-PATAGONIA-AMBIENTAL.png","contentUrl":"https:\/\/patagoniambiental.com.ar\/info\/wp-content\/uploads\/2025\/05\/LOGO-PATAGONIA-AMBIENTAL.png","width":433,"height":250,"caption":"Patagonia Ambiental"},"image":{"@id":"https:\/\/patagoniambiental.com.ar\/info\/#\/schema\/logo\/image\/"},"sameAs":["https:\/\/www.facebook.com\/patagonia.ambiental","https:\/\/x.com\/PatAmb"]},{"@type":"Person","@id":"https:\/\/patagoniambiental.com.ar\/info\/#\/schema\/person\/db12bff64bbcbf6a253710bf0ea37b5d","name":"Patagonia Ambiental","description":"Andr\u00e9s Nievas T\u00e9cnico en manejo ambiental, consultor Ambiental y escritor para medios locales e internacionales sobre temas de geopolitica y medio ambiente.","sameAs":["http:\/\/www.patagoniambiental.com.ar","https:\/\/www.facebook.com\/share\/1C1V8Gv9BX\/?mibextid=qi2Omg","@patagoniambiental","https:\/\/youtube.com\/@patagoniaambiental2023?si=BLt58t0wuXquxlYZ"]}]}},"_links":{"self":[{"href":"https:\/\/patagoniambiental.com.ar\/info\/wp-json\/wp\/v2\/posts\/16013","targetHints":{"allow":["GET"]}}],"collection":[{"href":"https:\/\/patagoniambiental.com.ar\/info\/wp-json\/wp\/v2\/posts"}],"about":[{"href":"https:\/\/patagoniambiental.com.ar\/info\/wp-json\/wp\/v2\/types\/post"}],"author":[{"embeddable":true,"href":"https:\/\/patagoniambiental.com.ar\/info\/wp-json\/wp\/v2\/users\/2"}],"replies":[{"embeddable":true,"href":"https:\/\/patagoniambiental.com.ar\/info\/wp-json\/wp\/v2\/comments?post=16013"}],"version-history":[{"count":0,"href":"https:\/\/patagoniambiental.com.ar\/info\/wp-json\/wp\/v2\/posts\/16013\/revisions"}],"wp:featuredmedia":[{"embeddable":true,"href":"https:\/\/patagoniambiental.com.ar\/info\/wp-json\/"}],"wp:attachment":[{"href":"https:\/\/patagoniambiental.com.ar\/info\/wp-json\/wp\/v2\/media?parent=16013"}],"wp:term":[{"taxonomy":"category","embeddable":true,"href":"https:\/\/patagoniambiental.com.ar\/info\/wp-json\/wp\/v2\/categories?post=16013"},{"taxonomy":"post_tag","embeddable":true,"href":"https:\/\/patagoniambiental.com.ar\/info\/wp-json\/wp\/v2\/tags?post=16013"}],"curies":[{"name":"wp","href":"https:\/\/api.w.org\/{rel}","templated":true}]}}