{"id":16020,"date":"2015-12-09T09:00:37","date_gmt":"2015-12-09T12:00:37","guid":{"rendered":"http:\/\/patagoniambiental.com.ar\/?p=16020"},"modified":"2015-12-09T09:00:37","modified_gmt":"2015-12-09T12:00:37","slug":"el-almacenamiento-de-electricidad-actor-clave-de-las-energias-verdes","status":"publish","type":"post","link":"https:\/\/patagoniambiental.com.ar\/info\/el-almacenamiento-de-electricidad-actor-clave-de-las-energias-verdes\/","title":{"rendered":"El almacenamiento de electricidad, actor clave de las energ\u00edas verdes"},"content":{"rendered":"<p>Las nuevas tecnolog\u00edas de almacenamiento de electricidad, consideradas por muchos expertos como esenciales para la generalizaci\u00f3n de las energ\u00edas renovables, se est\u00e1n volviendo cada vez m\u00e1s accesibles aunque siguen limitadas a un uso restringido.<\/p>\n<p>El almacenamiento permite absorber el excedente de corriente producido en ciertos per\u00edodos para reinyectarlo cuando la demanda de electricidad es muy fuerte, optimizando la producci\u00f3n intermitente de energ\u00edas renovables.<\/p>\n<p>\u201cEs indispensable, y sin duda una de las claves de la integraci\u00f3n de energ\u00edas renovables de gran capacidad o descentralizadas a nivel de los particulares\u201d, explica Jean-Philippe Tridant-Bel, de la consultora Alcimed.<\/p>\n<p>En un informe reciente, la Agencia Internacional de la Energ\u00eda (AIE) estima que para alcanzar el objetivo de mantener el calentamiento del planeta por debajo de los 2 \u00baC \u201cser\u00eda necesario agregar 310 gigavatios (GW) de nuevas capacidades de almacenamiento a la red el\u00e9ctrica de Estados Unidos, Europa, China e India\u201d, es decir una inversi\u00f3n de 590.000 millones de d\u00f3lares.<\/p>\n<p>De momento s\u00f3lo hay 140 GW de capacidades instaladas en el mundo, es decir el equivalente de la producci\u00f3n el\u00e9ctrica de un pa\u00eds europeo como Francia.<\/p>\n<p>Un 99% son represas hidroel\u00e9ctricas. Cuando se produce un excedente de electricidad, la represa bombea agua situada en su nivel inferior para liberarla y producir electricidad mediante una turbina cuando la misma escasea en la red.<\/p>\n<p>Sin embargo, estos \u00faltimos a\u00f1os, los industriales avanzaron mucho en materia de bater\u00edas a base de litio como las que se utilizan en los tel\u00e9fonos celulares.<\/p>\n<p>Por lo general tienen capacidad limitada pero permiten un almacenamiento m\u00e1s descentralizado, a la vez en redes el\u00e9ctricas, edificios y viviendas particulares.<\/p>\n<p>Durante mucho tiempo su generalizaci\u00f3n estuvo limitada por su coste elevado, pero las cosas est\u00e1n cambiando y actualmente \u201cexisten nichos en los que el almacenamiento se ha vuelto rentable\u201d, explic\u00f3 Michael Salomon, fundador de Clean Horizon, consultante especializado en el sector.<\/p>\n<p>\u201cEn los lugares donde la generaci\u00f3n de electricidad es garantizada por motores di\u00e9sel, resulta desde ya menos caro reemplazar esa producci\u00f3n por paneles solares asociados a un sistema de almacenamiento\u201d, explica.<\/p>\n<p>Ello tambi\u00e9n explica su desarrollo en Alemania, donde el desmantelamiento de la energ\u00eda nuclear hace que el precio de la electricidad para los particulares sea elevado y oscile en torno a los 30 centavos de euro por kwh. La poblaci\u00f3n est\u00e1 produciendo cada vez m\u00e1s su propia electricidad, gracias a paneles solares en sus tejados.<\/p>\n<p>Otro ejemplo son algunas islas y regiones aisladas \u201cdonde las redes son m\u00e1s bien d\u00e9biles y la penetraci\u00f3n de las energ\u00edas renovables ya es muy fuerte\u201d, explica Michael Lippert, experto en almacenamiento de energ\u00eda del fabricante de bater\u00edas Saft.<\/p>\n<p>Cita el ejemplo de las islas Feroe, donde un parque e\u00f3lico funciona al 70% de sus capacidades porque la red no es capaz de absorber m\u00e1s electricidad por carecer de capacidad de almacenamiento.<\/p>\n<p>En California, el almacenamiento se ha desarrollado porque el consumidor \u2013particular e industrial\u2013 es alentado desde un punto de vista financiero a equiparse para aliviar una red de mediana calidad. Estados Unidos protege adem\u00e1s a sus empresas a la vanguardia del sector, como Stem, AMS y Tesla.<\/p>\n<p>Fabricantes de autom\u00f3viles como Nissan o Daimler se han posicionado en este mercado, vecino del de las bater\u00edas para veh\u00edculos el\u00e9ctricos.<\/p>\n<p>Sin embargo, los industriales todav\u00eda deben hacer avances en materia de costes de fabricaci\u00f3n, que superan actualmente los 400 d\u00f3lares el kwh. \u201cPor debajo de los 200 d\u00f3lares, muchos mercados se van a desbloquear\u201d, predice Michael Salomon.<\/p>\n<p>\u00bfC\u00f3mo hacer? Tesla apuesta a la industrializaci\u00f3n y la masificaci\u00f3n de su producci\u00f3n en una futura f\u00e1brica gigante.<\/p>\n<p>Seg\u00fan Michael Salomon, el futuro es la tecnolog\u00eda \u201cpost-litio\u201d, ya que ese material es caro y se est\u00e1 agotando. La industria podr\u00eda apostar por bater\u00edas de sodio, metal-aire, o de hidr\u00f3geno y aire comprimido, capaces de almacenar energ\u00eda durante m\u00e1s tiempo.<\/p>\n<p><em>Fuente: Periodicodigital.mx<\/em><\/p>\n","protected":false},"excerpt":{"rendered":"<p>Las nuevas tecnolog\u00edas de almacenamiento de electricidad, consideradas por muchos expertos como esenciales para la generalizaci\u00f3n de las energ\u00edas renovables, [&hellip;]<\/p>\n","protected":false},"author":2,"featured_media":16021,"comment_status":"closed","ping_status":"closed","sticky":false,"template":"","format":"standard","meta":{"site-sidebar-layout":"default","site-content-layout":"","ast-site-content-layout":"default","site-content-style":"default","site-sidebar-style":"default","ast-global-header-display":"","ast-banner-title-visibility":"","ast-main-header-display":"","ast-hfb-above-header-display":"","ast-hfb-below-header-display":"","ast-hfb-mobile-header-display":"","site-post-title":"","ast-breadcrumbs-content":"","ast-featured-img":"","footer-sml-layout":"","ast-disable-related-posts":"","theme-transparent-header-meta":"","adv-header-id-meta":"","stick-header-meta":"","header-above-stick-meta":"","header-main-stick-meta":"","header-below-stick-meta":"","astra-migrate-meta-layouts":"default","ast-page-background-enabled":"default","ast-page-background-meta":{"desktop":{"background-color":"var(--ast-global-color-5)","background-image":"","background-repeat":"repeat","background-position":"center center","background-size":"auto","background-attachment":"scroll","background-type":"","background-media":"","overlay-type":"","overlay-color":"","overlay-opacity":"","overlay-gradient":""},"tablet":{"background-color":"","background-image":"","background-repeat":"repeat","background-position":"center center","background-size":"auto","background-attachment":"scroll","background-type":"","background-media":"","overlay-type":"","overlay-color":"","overlay-opacity":"","overlay-gradient":""},"mobile":{"background-color":"","background-image":"","background-repeat":"repeat","background-position":"center center","background-size":"auto","background-attachment":"scroll","background-type":"","background-media":"","overlay-type":"","overlay-color":"","overlay-opacity":"","overlay-gradient":""}},"ast-content-background-meta":{"desktop":{"background-color":"var(--ast-global-color-4)","background-image":"","background-repeat":"repeat","background-position":"center center","background-size":"auto","background-attachment":"scroll","background-type":"","background-media":"","overlay-type":"","overlay-color":"","overlay-opacity":"","overlay-gradient":""},"tablet":{"background-color":"var(--ast-global-color-4)","background-image":"","background-repeat":"repeat","background-position":"center center","background-size":"auto","background-attachment":"scroll","background-type":"","background-media":"","overlay-type":"","overlay-color":"","overlay-opacity":"","overlay-gradient":""},"mobile":{"background-color":"var(--ast-global-color-4)","background-image":"","background-repeat":"repeat","background-position":"center center","background-size":"auto","background-attachment":"scroll","background-type":"","background-media":"","overlay-type":"","overlay-color":"","overlay-opacity":"","overlay-gradient":""}},"footnotes":""},"categories":[1],"tags":[],"class_list":["post-16020","post","type-post","status-publish","format-standard","has-post-thumbnail","hentry","category-noticias"],"yoast_head":"<!-- This site is optimized with the Yoast SEO Premium plugin v23.0 (Yoast SEO v27.5) - https:\/\/yoast.com\/product\/yoast-seo-premium-wordpress\/ -->\n<title>El almacenamiento de electricidad, actor clave de las energ\u00edas verdes<\/title>\n<meta name=\"robots\" content=\"index, follow, max-snippet:-1, max-image-preview:large, max-video-preview:-1\" \/>\n<link rel=\"canonical\" href=\"https:\/\/patagoniambiental.com.ar\/info\/el-almacenamiento-de-electricidad-actor-clave-de-las-energias-verdes\/\" \/>\n<meta property=\"og:locale\" content=\"es_ES\" \/>\n<meta property=\"og:type\" content=\"article\" \/>\n<meta property=\"og:title\" content=\"El almacenamiento de electricidad, actor clave de las energ\u00edas verdes\" \/>\n<meta property=\"og:description\" content=\"Las nuevas tecnolog\u00edas de almacenamiento de electricidad, consideradas por muchos expertos como esenciales para la generalizaci\u00f3n de las energ\u00edas renovables, [&hellip;]\" \/>\n<meta property=\"og:url\" content=\"https:\/\/patagoniambiental.com.ar\/info\/el-almacenamiento-de-electricidad-actor-clave-de-las-energias-verdes\/\" \/>\n<meta property=\"og:site_name\" content=\"Patagonia Ambiental\" \/>\n<meta property=\"article:publisher\" content=\"https:\/\/www.facebook.com\/patagonia.ambiental\" \/>\n<meta property=\"article:author\" content=\"https:\/\/www.facebook.com\/share\/1C1V8Gv9BX\/?mibextid=qi2Omg\" \/>\n<meta property=\"article:published_time\" content=\"2015-12-09T12:00:37+00:00\" \/>\n<meta name=\"author\" content=\"Patagonia Ambiental\" \/>\n<meta name=\"twitter:card\" content=\"summary_large_image\" \/>\n<meta name=\"twitter:creator\" content=\"@PatAmb\" \/>\n<meta name=\"twitter:site\" content=\"@PatAmb\" \/>\n<script type=\"application\/ld+json\" class=\"yoast-schema-graph\">{\"@context\":\"https:\\\/\\\/schema.org\",\"@graph\":[{\"@type\":\"Article\",\"@id\":\"https:\\\/\\\/patagoniambiental.com.ar\\\/info\\\/el-almacenamiento-de-electricidad-actor-clave-de-las-energias-verdes\\\/#article\",\"isPartOf\":{\"@id\":\"https:\\\/\\\/patagoniambiental.com.ar\\\/info\\\/el-almacenamiento-de-electricidad-actor-clave-de-las-energias-verdes\\\/\"},\"author\":{\"name\":\"Patagonia Ambiental\",\"@id\":\"https:\\\/\\\/patagoniambiental.com.ar\\\/info\\\/#\\\/schema\\\/person\\\/db12bff64bbcbf6a253710bf0ea37b5d\"},\"headline\":\"El almacenamiento de electricidad, actor clave de las energ\u00edas verdes\",\"datePublished\":\"2015-12-09T12:00:37+00:00\",\"mainEntityOfPage\":{\"@id\":\"https:\\\/\\\/patagoniambiental.com.ar\\\/info\\\/el-almacenamiento-de-electricidad-actor-clave-de-las-energias-verdes\\\/\"},\"wordCount\":696,\"publisher\":{\"@id\":\"https:\\\/\\\/patagoniambiental.com.ar\\\/info\\\/#organization\"},\"image\":{\"@id\":\"https:\\\/\\\/patagoniambiental.com.ar\\\/info\\\/el-almacenamiento-de-electricidad-actor-clave-de-las-energias-verdes\\\/#primaryimage\"},\"thumbnailUrl\":\"\",\"articleSection\":[\"Noticias\"],\"inLanguage\":\"es\"},{\"@type\":\"WebPage\",\"@id\":\"https:\\\/\\\/patagoniambiental.com.ar\\\/info\\\/el-almacenamiento-de-electricidad-actor-clave-de-las-energias-verdes\\\/\",\"url\":\"https:\\\/\\\/patagoniambiental.com.ar\\\/info\\\/el-almacenamiento-de-electricidad-actor-clave-de-las-energias-verdes\\\/\",\"name\":\"El almacenamiento de electricidad, actor clave de las energ\u00edas verdes\",\"isPartOf\":{\"@id\":\"https:\\\/\\\/patagoniambiental.com.ar\\\/info\\\/#website\"},\"primaryImageOfPage\":{\"@id\":\"https:\\\/\\\/patagoniambiental.com.ar\\\/info\\\/el-almacenamiento-de-electricidad-actor-clave-de-las-energias-verdes\\\/#primaryimage\"},\"image\":{\"@id\":\"https:\\\/\\\/patagoniambiental.com.ar\\\/info\\\/el-almacenamiento-de-electricidad-actor-clave-de-las-energias-verdes\\\/#primaryimage\"},\"thumbnailUrl\":\"\",\"datePublished\":\"2015-12-09T12:00:37+00:00\",\"breadcrumb\":{\"@id\":\"https:\\\/\\\/patagoniambiental.com.ar\\\/info\\\/el-almacenamiento-de-electricidad-actor-clave-de-las-energias-verdes\\\/#breadcrumb\"},\"inLanguage\":\"es\",\"potentialAction\":[{\"@type\":\"ReadAction\",\"target\":[\"https:\\\/\\\/patagoniambiental.com.ar\\\/info\\\/el-almacenamiento-de-electricidad-actor-clave-de-las-energias-verdes\\\/\"]}]},{\"@type\":\"ImageObject\",\"inLanguage\":\"es\",\"@id\":\"https:\\\/\\\/patagoniambiental.com.ar\\\/info\\\/el-almacenamiento-de-electricidad-actor-clave-de-las-energias-verdes\\\/#primaryimage\",\"url\":\"\",\"contentUrl\":\"\"},{\"@type\":\"BreadcrumbList\",\"@id\":\"https:\\\/\\\/patagoniambiental.com.ar\\\/info\\\/el-almacenamiento-de-electricidad-actor-clave-de-las-energias-verdes\\\/#breadcrumb\",\"itemListElement\":[{\"@type\":\"ListItem\",\"position\":1,\"name\":\"Inicio\",\"item\":\"https:\\\/\\\/patagoniambiental.com.ar\\\/info\\\/\"},{\"@type\":\"ListItem\",\"position\":2,\"name\":\"El almacenamiento de electricidad, actor clave de las energ\u00edas verdes\"}]},{\"@type\":\"WebSite\",\"@id\":\"https:\\\/\\\/patagoniambiental.com.ar\\\/info\\\/#website\",\"url\":\"https:\\\/\\\/patagoniambiental.com.ar\\\/info\\\/\",\"name\":\"Patagonia Ambiental\",\"description\":\"Monitoreo y an\u00e1lisis de la situaci\u00f3n geopol\u00edtica en el mundo y su implicancia en la Patagonia\",\"publisher\":{\"@id\":\"https:\\\/\\\/patagoniambiental.com.ar\\\/info\\\/#organization\"},\"potentialAction\":[{\"@type\":\"SearchAction\",\"target\":{\"@type\":\"EntryPoint\",\"urlTemplate\":\"https:\\\/\\\/patagoniambiental.com.ar\\\/info\\\/?s={search_term_string}\"},\"query-input\":{\"@type\":\"PropertyValueSpecification\",\"valueRequired\":true,\"valueName\":\"search_term_string\"}}],\"inLanguage\":\"es\"},{\"@type\":\"Organization\",\"@id\":\"https:\\\/\\\/patagoniambiental.com.ar\\\/info\\\/#organization\",\"name\":\"Patagonia Ambiental\",\"url\":\"https:\\\/\\\/patagoniambiental.com.ar\\\/info\\\/\",\"logo\":{\"@type\":\"ImageObject\",\"inLanguage\":\"es\",\"@id\":\"https:\\\/\\\/patagoniambiental.com.ar\\\/info\\\/#\\\/schema\\\/logo\\\/image\\\/\",\"url\":\"https:\\\/\\\/patagoniambiental.com.ar\\\/info\\\/wp-content\\\/uploads\\\/2025\\\/05\\\/LOGO-PATAGONIA-AMBIENTAL.png\",\"contentUrl\":\"https:\\\/\\\/patagoniambiental.com.ar\\\/info\\\/wp-content\\\/uploads\\\/2025\\\/05\\\/LOGO-PATAGONIA-AMBIENTAL.png\",\"width\":433,\"height\":250,\"caption\":\"Patagonia Ambiental\"},\"image\":{\"@id\":\"https:\\\/\\\/patagoniambiental.com.ar\\\/info\\\/#\\\/schema\\\/logo\\\/image\\\/\"},\"sameAs\":[\"https:\\\/\\\/www.facebook.com\\\/patagonia.ambiental\",\"https:\\\/\\\/x.com\\\/PatAmb\"]},{\"@type\":\"Person\",\"@id\":\"https:\\\/\\\/patagoniambiental.com.ar\\\/info\\\/#\\\/schema\\\/person\\\/db12bff64bbcbf6a253710bf0ea37b5d\",\"name\":\"Patagonia Ambiental\",\"description\":\"Andr\u00e9s Nievas T\u00e9cnico en manejo ambiental, consultor Ambiental y escritor para medios locales e internacionales sobre temas de geopolitica y medio ambiente.\",\"sameAs\":[\"http:\\\/\\\/www.patagoniambiental.com.ar\",\"https:\\\/\\\/www.facebook.com\\\/share\\\/1C1V8Gv9BX\\\/?mibextid=qi2Omg\",\"@patagoniambiental\",\"https:\\\/\\\/youtube.com\\\/@patagoniaambiental2023?si=BLt58t0wuXquxlYZ\"]}]}<\/script>\n<!-- \/ Yoast SEO Premium plugin. -->","yoast_head_json":{"title":"El almacenamiento de electricidad, actor clave de las energ\u00edas verdes","robots":{"index":"index","follow":"follow","max-snippet":"max-snippet:-1","max-image-preview":"max-image-preview:large","max-video-preview":"max-video-preview:-1"},"canonical":"https:\/\/patagoniambiental.com.ar\/info\/el-almacenamiento-de-electricidad-actor-clave-de-las-energias-verdes\/","og_locale":"es_ES","og_type":"article","og_title":"El almacenamiento de electricidad, actor clave de las energ\u00edas verdes","og_description":"Las nuevas tecnolog\u00edas de almacenamiento de electricidad, consideradas por muchos expertos como esenciales para la generalizaci\u00f3n de las energ\u00edas renovables, [&hellip;]","og_url":"https:\/\/patagoniambiental.com.ar\/info\/el-almacenamiento-de-electricidad-actor-clave-de-las-energias-verdes\/","og_site_name":"Patagonia Ambiental","article_publisher":"https:\/\/www.facebook.com\/patagonia.ambiental","article_author":"https:\/\/www.facebook.com\/share\/1C1V8Gv9BX\/?mibextid=qi2Omg","article_published_time":"2015-12-09T12:00:37+00:00","author":"Patagonia Ambiental","twitter_card":"summary_large_image","twitter_creator":"@PatAmb","twitter_site":"@PatAmb","schema":{"@context":"https:\/\/schema.org","@graph":[{"@type":"Article","@id":"https:\/\/patagoniambiental.com.ar\/info\/el-almacenamiento-de-electricidad-actor-clave-de-las-energias-verdes\/#article","isPartOf":{"@id":"https:\/\/patagoniambiental.com.ar\/info\/el-almacenamiento-de-electricidad-actor-clave-de-las-energias-verdes\/"},"author":{"name":"Patagonia Ambiental","@id":"https:\/\/patagoniambiental.com.ar\/info\/#\/schema\/person\/db12bff64bbcbf6a253710bf0ea37b5d"},"headline":"El almacenamiento de electricidad, actor clave de las energ\u00edas verdes","datePublished":"2015-12-09T12:00:37+00:00","mainEntityOfPage":{"@id":"https:\/\/patagoniambiental.com.ar\/info\/el-almacenamiento-de-electricidad-actor-clave-de-las-energias-verdes\/"},"wordCount":696,"publisher":{"@id":"https:\/\/patagoniambiental.com.ar\/info\/#organization"},"image":{"@id":"https:\/\/patagoniambiental.com.ar\/info\/el-almacenamiento-de-electricidad-actor-clave-de-las-energias-verdes\/#primaryimage"},"thumbnailUrl":"","articleSection":["Noticias"],"inLanguage":"es"},{"@type":"WebPage","@id":"https:\/\/patagoniambiental.com.ar\/info\/el-almacenamiento-de-electricidad-actor-clave-de-las-energias-verdes\/","url":"https:\/\/patagoniambiental.com.ar\/info\/el-almacenamiento-de-electricidad-actor-clave-de-las-energias-verdes\/","name":"El almacenamiento de electricidad, actor clave de las energ\u00edas verdes","isPartOf":{"@id":"https:\/\/patagoniambiental.com.ar\/info\/#website"},"primaryImageOfPage":{"@id":"https:\/\/patagoniambiental.com.ar\/info\/el-almacenamiento-de-electricidad-actor-clave-de-las-energias-verdes\/#primaryimage"},"image":{"@id":"https:\/\/patagoniambiental.com.ar\/info\/el-almacenamiento-de-electricidad-actor-clave-de-las-energias-verdes\/#primaryimage"},"thumbnailUrl":"","datePublished":"2015-12-09T12:00:37+00:00","breadcrumb":{"@id":"https:\/\/patagoniambiental.com.ar\/info\/el-almacenamiento-de-electricidad-actor-clave-de-las-energias-verdes\/#breadcrumb"},"inLanguage":"es","potentialAction":[{"@type":"ReadAction","target":["https:\/\/patagoniambiental.com.ar\/info\/el-almacenamiento-de-electricidad-actor-clave-de-las-energias-verdes\/"]}]},{"@type":"ImageObject","inLanguage":"es","@id":"https:\/\/patagoniambiental.com.ar\/info\/el-almacenamiento-de-electricidad-actor-clave-de-las-energias-verdes\/#primaryimage","url":"","contentUrl":""},{"@type":"BreadcrumbList","@id":"https:\/\/patagoniambiental.com.ar\/info\/el-almacenamiento-de-electricidad-actor-clave-de-las-energias-verdes\/#breadcrumb","itemListElement":[{"@type":"ListItem","position":1,"name":"Inicio","item":"https:\/\/patagoniambiental.com.ar\/info\/"},{"@type":"ListItem","position":2,"name":"El almacenamiento de electricidad, actor clave de las energ\u00edas verdes"}]},{"@type":"WebSite","@id":"https:\/\/patagoniambiental.com.ar\/info\/#website","url":"https:\/\/patagoniambiental.com.ar\/info\/","name":"Patagonia Ambiental","description":"Monitoreo y an\u00e1lisis de la situaci\u00f3n geopol\u00edtica en el mundo y su implicancia en la Patagonia","publisher":{"@id":"https:\/\/patagoniambiental.com.ar\/info\/#organization"},"potentialAction":[{"@type":"SearchAction","target":{"@type":"EntryPoint","urlTemplate":"https:\/\/patagoniambiental.com.ar\/info\/?s={search_term_string}"},"query-input":{"@type":"PropertyValueSpecification","valueRequired":true,"valueName":"search_term_string"}}],"inLanguage":"es"},{"@type":"Organization","@id":"https:\/\/patagoniambiental.com.ar\/info\/#organization","name":"Patagonia Ambiental","url":"https:\/\/patagoniambiental.com.ar\/info\/","logo":{"@type":"ImageObject","inLanguage":"es","@id":"https:\/\/patagoniambiental.com.ar\/info\/#\/schema\/logo\/image\/","url":"https:\/\/patagoniambiental.com.ar\/info\/wp-content\/uploads\/2025\/05\/LOGO-PATAGONIA-AMBIENTAL.png","contentUrl":"https:\/\/patagoniambiental.com.ar\/info\/wp-content\/uploads\/2025\/05\/LOGO-PATAGONIA-AMBIENTAL.png","width":433,"height":250,"caption":"Patagonia Ambiental"},"image":{"@id":"https:\/\/patagoniambiental.com.ar\/info\/#\/schema\/logo\/image\/"},"sameAs":["https:\/\/www.facebook.com\/patagonia.ambiental","https:\/\/x.com\/PatAmb"]},{"@type":"Person","@id":"https:\/\/patagoniambiental.com.ar\/info\/#\/schema\/person\/db12bff64bbcbf6a253710bf0ea37b5d","name":"Patagonia Ambiental","description":"Andr\u00e9s Nievas T\u00e9cnico en manejo ambiental, consultor Ambiental y escritor para medios locales e internacionales sobre temas de geopolitica y medio ambiente.","sameAs":["http:\/\/www.patagoniambiental.com.ar","https:\/\/www.facebook.com\/share\/1C1V8Gv9BX\/?mibextid=qi2Omg","@patagoniambiental","https:\/\/youtube.com\/@patagoniaambiental2023?si=BLt58t0wuXquxlYZ"]}]}},"_links":{"self":[{"href":"https:\/\/patagoniambiental.com.ar\/info\/wp-json\/wp\/v2\/posts\/16020","targetHints":{"allow":["GET"]}}],"collection":[{"href":"https:\/\/patagoniambiental.com.ar\/info\/wp-json\/wp\/v2\/posts"}],"about":[{"href":"https:\/\/patagoniambiental.com.ar\/info\/wp-json\/wp\/v2\/types\/post"}],"author":[{"embeddable":true,"href":"https:\/\/patagoniambiental.com.ar\/info\/wp-json\/wp\/v2\/users\/2"}],"replies":[{"embeddable":true,"href":"https:\/\/patagoniambiental.com.ar\/info\/wp-json\/wp\/v2\/comments?post=16020"}],"version-history":[{"count":0,"href":"https:\/\/patagoniambiental.com.ar\/info\/wp-json\/wp\/v2\/posts\/16020\/revisions"}],"wp:featuredmedia":[{"embeddable":true,"href":"https:\/\/patagoniambiental.com.ar\/info\/wp-json\/"}],"wp:attachment":[{"href":"https:\/\/patagoniambiental.com.ar\/info\/wp-json\/wp\/v2\/media?parent=16020"}],"wp:term":[{"taxonomy":"category","embeddable":true,"href":"https:\/\/patagoniambiental.com.ar\/info\/wp-json\/wp\/v2\/categories?post=16020"},{"taxonomy":"post_tag","embeddable":true,"href":"https:\/\/patagoniambiental.com.ar\/info\/wp-json\/wp\/v2\/tags?post=16020"}],"curies":[{"name":"wp","href":"https:\/\/api.w.org\/{rel}","templated":true}]}}