{"id":16037,"date":"2015-12-10T09:00:37","date_gmt":"2015-12-10T12:00:37","guid":{"rendered":"http:\/\/patagoniambiental.com.ar\/?p=16037"},"modified":"2015-12-10T09:00:37","modified_gmt":"2015-12-10T12:00:37","slug":"el-desafio-de-los-paises-es-tener-su-propia-energia","status":"publish","type":"post","link":"https:\/\/patagoniambiental.com.ar\/info\/el-desafio-de-los-paises-es-tener-su-propia-energia\/","title":{"rendered":"El desaf\u00edo de los pa\u00edses es \u00abtener su propia energ\u00eda\u00bb"},"content":{"rendered":"<p>\u00abLos pa\u00edses, las regiones, tienen como primer desaf\u00edo tener su propia energ\u00eda\u00bb, dijo Miguel Galuccio al exponer en el primer seminario en Latinoam\u00e9rica organizado por la Fundaci\u00f3n Cotec, auspiciada por Telef\u00f3nica.<\/p>\n<div class=\"editable-content\">Al t\u00e9rmino de su presentaci\u00f3n Galuccio, cuya continuidad al frente de la empresa YPF no fue confirmada por las autoridades que asumen el Gobierno nacional ma\u00f1ana, evit\u00f3 el cruce con los periodistas presentes.<\/p>\n<p>Galuccio subray\u00f3 que la protecci\u00f3n ambiental es uno de los desaf\u00edos centrales del sector y en ese sentido se\u00f1al\u00f3 que \u00abhacia el 2040, el 15% de la energ\u00eda que se consuma provendr\u00e1 de energ\u00edas renovables\u00bb.<\/p>\n<p>El \u00abpuente\u00bb hacia un mundo con un mayor porcentaje de energ\u00edas renovables, seg\u00fan Galuccio, est\u00e1 en el gas; y se convierte en una \u00absoluci\u00f3n pragm\u00e1tica\u00bb.<\/p>\n<p>\u00abEn este mundo, en YPF nos dedicamos a una serie de cosas: la primera tratar fue tener el combustible que nos permita de alguna manera ser independientes. Los pa\u00edses, las regiones, se enfrentan a ese desaf\u00edo: primero tener su propia energ\u00eda\u00bb, subray\u00f3 el ejecutivo.<\/p>\n<p>Agreg\u00f3 que \u00abno hay energ\u00eda m\u00e1s cara que la que uno no tiene\u00bb e identific\u00f3 como segundo objetivo que la energ\u00eda \u00absea econ\u00f3mica desde el punto de vista de costo, que nos permita un desarrollo econ\u00f3mico\u00bb.<\/p>\n<p>En el seminario consultado sobre qu\u00e9 hace falta para hacer realidad cotidiana la innovaci\u00f3n, el directivo se\u00f1al\u00f3 que \u00abse necesita una visi\u00f3n de largo plazo\u00bb y que \u00abesa visi\u00f3n de largo plazo necesita una voluntad pol\u00edtica muy importante\u00bb.<\/p>\n<p>Tambi\u00e9n coincidi\u00f3 en la importancia de que el sistema financiero \u00abayude a que la innovaci\u00f3n se traduzca en resultados comerciales, que permita que se puedan seguir financiando\u00bb.<\/p><\/div>\n<div class=\"tags-bar clearfix\"><\/div>\n","protected":false},"excerpt":{"rendered":"<p>\u00abLos pa\u00edses, las regiones, tienen como primer desaf\u00edo tener su propia energ\u00eda\u00bb, dijo Miguel Galuccio al exponer en el primer [&hellip;]<\/p>\n","protected":false},"author":2,"featured_media":16038,"comment_status":"closed","ping_status":"closed","sticky":false,"template":"","format":"standard","meta":{"site-sidebar-layout":"default","site-content-layout":"","ast-site-content-layout":"default","site-content-style":"default","site-sidebar-style":"default","ast-global-header-display":"","ast-banner-title-visibility":"","ast-main-header-display":"","ast-hfb-above-header-display":"","ast-hfb-below-header-display":"","ast-hfb-mobile-header-display":"","site-post-title":"","ast-breadcrumbs-content":"","ast-featured-img":"","footer-sml-layout":"","ast-disable-related-posts":"","theme-transparent-header-meta":"","adv-header-id-meta":"","stick-header-meta":"","header-above-stick-meta":"","header-main-stick-meta":"","header-below-stick-meta":"","astra-migrate-meta-layouts":"default","ast-page-background-enabled":"default","ast-page-background-meta":{"desktop":{"background-color":"var(--ast-global-color-5)","background-image":"","background-repeat":"repeat","background-position":"center center","background-size":"auto","background-attachment":"scroll","background-type":"","background-media":"","overlay-type":"","overlay-color":"","overlay-opacity":"","overlay-gradient":""},"tablet":{"background-color":"","background-image":"","background-repeat":"repeat","background-position":"center center","background-size":"auto","background-attachment":"scroll","background-type":"","background-media":"","overlay-type":"","overlay-color":"","overlay-opacity":"","overlay-gradient":""},"mobile":{"background-color":"","background-image":"","background-repeat":"repeat","background-position":"center center","background-size":"auto","background-attachment":"scroll","background-type":"","background-media":"","overlay-type":"","overlay-color":"","overlay-opacity":"","overlay-gradient":""}},"ast-content-background-meta":{"desktop":{"background-color":"var(--ast-global-color-4)","background-image":"","background-repeat":"repeat","background-position":"center center","background-size":"auto","background-attachment":"scroll","background-type":"","background-media":"","overlay-type":"","overlay-color":"","overlay-opacity":"","overlay-gradient":""},"tablet":{"background-color":"var(--ast-global-color-4)","background-image":"","background-repeat":"repeat","background-position":"center center","background-size":"auto","background-attachment":"scroll","background-type":"","background-media":"","overlay-type":"","overlay-color":"","overlay-opacity":"","overlay-gradient":""},"mobile":{"background-color":"var(--ast-global-color-4)","background-image":"","background-repeat":"repeat","background-position":"center center","background-size":"auto","background-attachment":"scroll","background-type":"","background-media":"","overlay-type":"","overlay-color":"","overlay-opacity":"","overlay-gradient":""}},"footnotes":""},"categories":[1],"tags":[],"class_list":["post-16037","post","type-post","status-publish","format-standard","has-post-thumbnail","hentry","category-noticias"],"yoast_head":"<!-- This site is optimized with the Yoast SEO Premium plugin v23.0 (Yoast SEO v27.5) - https:\/\/yoast.com\/product\/yoast-seo-premium-wordpress\/ -->\n<title>El desaf\u00edo de los pa\u00edses es &quot;tener su propia energ\u00eda&quot;<\/title>\n<meta name=\"robots\" content=\"index, follow, max-snippet:-1, max-image-preview:large, max-video-preview:-1\" \/>\n<link rel=\"canonical\" href=\"https:\/\/patagoniambiental.com.ar\/info\/el-desafio-de-los-paises-es-tener-su-propia-energia\/\" \/>\n<meta property=\"og:locale\" content=\"es_ES\" \/>\n<meta property=\"og:type\" content=\"article\" \/>\n<meta property=\"og:title\" content=\"El desaf\u00edo de los pa\u00edses es &quot;tener su propia energ\u00eda&quot;\" \/>\n<meta property=\"og:description\" content=\"\u00abLos pa\u00edses, las regiones, tienen como primer desaf\u00edo tener su propia energ\u00eda\u00bb, dijo Miguel Galuccio al exponer en el primer [&hellip;]\" \/>\n<meta property=\"og:url\" content=\"https:\/\/patagoniambiental.com.ar\/info\/el-desafio-de-los-paises-es-tener-su-propia-energia\/\" \/>\n<meta property=\"og:site_name\" content=\"Patagonia Ambiental\" \/>\n<meta property=\"article:publisher\" content=\"https:\/\/www.facebook.com\/patagonia.ambiental\" \/>\n<meta property=\"article:author\" content=\"https:\/\/www.facebook.com\/share\/1C1V8Gv9BX\/?mibextid=qi2Omg\" \/>\n<meta property=\"article:published_time\" content=\"2015-12-10T12:00:37+00:00\" \/>\n<meta name=\"author\" content=\"Patagonia Ambiental\" \/>\n<meta name=\"twitter:card\" content=\"summary_large_image\" \/>\n<meta name=\"twitter:creator\" content=\"@PatAmb\" \/>\n<meta name=\"twitter:site\" content=\"@PatAmb\" \/>\n<script type=\"application\/ld+json\" class=\"yoast-schema-graph\">{\"@context\":\"https:\\\/\\\/schema.org\",\"@graph\":[{\"@type\":\"Article\",\"@id\":\"https:\\\/\\\/patagoniambiental.com.ar\\\/info\\\/el-desafio-de-los-paises-es-tener-su-propia-energia\\\/#article\",\"isPartOf\":{\"@id\":\"https:\\\/\\\/patagoniambiental.com.ar\\\/info\\\/el-desafio-de-los-paises-es-tener-su-propia-energia\\\/\"},\"author\":{\"name\":\"Patagonia Ambiental\",\"@id\":\"https:\\\/\\\/patagoniambiental.com.ar\\\/info\\\/#\\\/schema\\\/person\\\/db12bff64bbcbf6a253710bf0ea37b5d\"},\"headline\":\"El desaf\u00edo de los pa\u00edses es \u00abtener su propia energ\u00eda\u00bb\",\"datePublished\":\"2015-12-10T12:00:37+00:00\",\"mainEntityOfPage\":{\"@id\":\"https:\\\/\\\/patagoniambiental.com.ar\\\/info\\\/el-desafio-de-los-paises-es-tener-su-propia-energia\\\/\"},\"wordCount\":313,\"publisher\":{\"@id\":\"https:\\\/\\\/patagoniambiental.com.ar\\\/info\\\/#organization\"},\"image\":{\"@id\":\"https:\\\/\\\/patagoniambiental.com.ar\\\/info\\\/el-desafio-de-los-paises-es-tener-su-propia-energia\\\/#primaryimage\"},\"thumbnailUrl\":\"\",\"articleSection\":[\"Noticias\"],\"inLanguage\":\"es\"},{\"@type\":\"WebPage\",\"@id\":\"https:\\\/\\\/patagoniambiental.com.ar\\\/info\\\/el-desafio-de-los-paises-es-tener-su-propia-energia\\\/\",\"url\":\"https:\\\/\\\/patagoniambiental.com.ar\\\/info\\\/el-desafio-de-los-paises-es-tener-su-propia-energia\\\/\",\"name\":\"El desaf\u00edo de los pa\u00edses es \\\"tener su propia energ\u00eda\\\"\",\"isPartOf\":{\"@id\":\"https:\\\/\\\/patagoniambiental.com.ar\\\/info\\\/#website\"},\"primaryImageOfPage\":{\"@id\":\"https:\\\/\\\/patagoniambiental.com.ar\\\/info\\\/el-desafio-de-los-paises-es-tener-su-propia-energia\\\/#primaryimage\"},\"image\":{\"@id\":\"https:\\\/\\\/patagoniambiental.com.ar\\\/info\\\/el-desafio-de-los-paises-es-tener-su-propia-energia\\\/#primaryimage\"},\"thumbnailUrl\":\"\",\"datePublished\":\"2015-12-10T12:00:37+00:00\",\"breadcrumb\":{\"@id\":\"https:\\\/\\\/patagoniambiental.com.ar\\\/info\\\/el-desafio-de-los-paises-es-tener-su-propia-energia\\\/#breadcrumb\"},\"inLanguage\":\"es\",\"potentialAction\":[{\"@type\":\"ReadAction\",\"target\":[\"https:\\\/\\\/patagoniambiental.com.ar\\\/info\\\/el-desafio-de-los-paises-es-tener-su-propia-energia\\\/\"]}]},{\"@type\":\"ImageObject\",\"inLanguage\":\"es\",\"@id\":\"https:\\\/\\\/patagoniambiental.com.ar\\\/info\\\/el-desafio-de-los-paises-es-tener-su-propia-energia\\\/#primaryimage\",\"url\":\"\",\"contentUrl\":\"\"},{\"@type\":\"BreadcrumbList\",\"@id\":\"https:\\\/\\\/patagoniambiental.com.ar\\\/info\\\/el-desafio-de-los-paises-es-tener-su-propia-energia\\\/#breadcrumb\",\"itemListElement\":[{\"@type\":\"ListItem\",\"position\":1,\"name\":\"Inicio\",\"item\":\"https:\\\/\\\/patagoniambiental.com.ar\\\/info\\\/\"},{\"@type\":\"ListItem\",\"position\":2,\"name\":\"El desaf\u00edo de los pa\u00edses es \u00abtener su propia energ\u00eda\u00bb\"}]},{\"@type\":\"WebSite\",\"@id\":\"https:\\\/\\\/patagoniambiental.com.ar\\\/info\\\/#website\",\"url\":\"https:\\\/\\\/patagoniambiental.com.ar\\\/info\\\/\",\"name\":\"Patagonia Ambiental\",\"description\":\"Monitoreo y an\u00e1lisis de la situaci\u00f3n geopol\u00edtica en el mundo y su implicancia en la Patagonia\",\"publisher\":{\"@id\":\"https:\\\/\\\/patagoniambiental.com.ar\\\/info\\\/#organization\"},\"potentialAction\":[{\"@type\":\"SearchAction\",\"target\":{\"@type\":\"EntryPoint\",\"urlTemplate\":\"https:\\\/\\\/patagoniambiental.com.ar\\\/info\\\/?s={search_term_string}\"},\"query-input\":{\"@type\":\"PropertyValueSpecification\",\"valueRequired\":true,\"valueName\":\"search_term_string\"}}],\"inLanguage\":\"es\"},{\"@type\":\"Organization\",\"@id\":\"https:\\\/\\\/patagoniambiental.com.ar\\\/info\\\/#organization\",\"name\":\"Patagonia Ambiental\",\"url\":\"https:\\\/\\\/patagoniambiental.com.ar\\\/info\\\/\",\"logo\":{\"@type\":\"ImageObject\",\"inLanguage\":\"es\",\"@id\":\"https:\\\/\\\/patagoniambiental.com.ar\\\/info\\\/#\\\/schema\\\/logo\\\/image\\\/\",\"url\":\"https:\\\/\\\/patagoniambiental.com.ar\\\/info\\\/wp-content\\\/uploads\\\/2025\\\/05\\\/LOGO-PATAGONIA-AMBIENTAL.png\",\"contentUrl\":\"https:\\\/\\\/patagoniambiental.com.ar\\\/info\\\/wp-content\\\/uploads\\\/2025\\\/05\\\/LOGO-PATAGONIA-AMBIENTAL.png\",\"width\":433,\"height\":250,\"caption\":\"Patagonia Ambiental\"},\"image\":{\"@id\":\"https:\\\/\\\/patagoniambiental.com.ar\\\/info\\\/#\\\/schema\\\/logo\\\/image\\\/\"},\"sameAs\":[\"https:\\\/\\\/www.facebook.com\\\/patagonia.ambiental\",\"https:\\\/\\\/x.com\\\/PatAmb\"]},{\"@type\":\"Person\",\"@id\":\"https:\\\/\\\/patagoniambiental.com.ar\\\/info\\\/#\\\/schema\\\/person\\\/db12bff64bbcbf6a253710bf0ea37b5d\",\"name\":\"Patagonia Ambiental\",\"description\":\"Andr\u00e9s Nievas T\u00e9cnico en manejo ambiental, consultor Ambiental y escritor para medios locales e internacionales sobre temas de geopolitica y medio ambiente.\",\"sameAs\":[\"http:\\\/\\\/www.patagoniambiental.com.ar\",\"https:\\\/\\\/www.facebook.com\\\/share\\\/1C1V8Gv9BX\\\/?mibextid=qi2Omg\",\"@patagoniambiental\",\"https:\\\/\\\/youtube.com\\\/@patagoniaambiental2023?si=BLt58t0wuXquxlYZ\"]}]}<\/script>\n<!-- \/ Yoast SEO Premium plugin. -->","yoast_head_json":{"title":"El desaf\u00edo de los pa\u00edses es \"tener su propia energ\u00eda\"","robots":{"index":"index","follow":"follow","max-snippet":"max-snippet:-1","max-image-preview":"max-image-preview:large","max-video-preview":"max-video-preview:-1"},"canonical":"https:\/\/patagoniambiental.com.ar\/info\/el-desafio-de-los-paises-es-tener-su-propia-energia\/","og_locale":"es_ES","og_type":"article","og_title":"El desaf\u00edo de los pa\u00edses es \"tener su propia energ\u00eda\"","og_description":"\u00abLos pa\u00edses, las regiones, tienen como primer desaf\u00edo tener su propia energ\u00eda\u00bb, dijo Miguel Galuccio al exponer en el primer [&hellip;]","og_url":"https:\/\/patagoniambiental.com.ar\/info\/el-desafio-de-los-paises-es-tener-su-propia-energia\/","og_site_name":"Patagonia Ambiental","article_publisher":"https:\/\/www.facebook.com\/patagonia.ambiental","article_author":"https:\/\/www.facebook.com\/share\/1C1V8Gv9BX\/?mibextid=qi2Omg","article_published_time":"2015-12-10T12:00:37+00:00","author":"Patagonia Ambiental","twitter_card":"summary_large_image","twitter_creator":"@PatAmb","twitter_site":"@PatAmb","schema":{"@context":"https:\/\/schema.org","@graph":[{"@type":"Article","@id":"https:\/\/patagoniambiental.com.ar\/info\/el-desafio-de-los-paises-es-tener-su-propia-energia\/#article","isPartOf":{"@id":"https:\/\/patagoniambiental.com.ar\/info\/el-desafio-de-los-paises-es-tener-su-propia-energia\/"},"author":{"name":"Patagonia Ambiental","@id":"https:\/\/patagoniambiental.com.ar\/info\/#\/schema\/person\/db12bff64bbcbf6a253710bf0ea37b5d"},"headline":"El desaf\u00edo de los pa\u00edses es \u00abtener su propia energ\u00eda\u00bb","datePublished":"2015-12-10T12:00:37+00:00","mainEntityOfPage":{"@id":"https:\/\/patagoniambiental.com.ar\/info\/el-desafio-de-los-paises-es-tener-su-propia-energia\/"},"wordCount":313,"publisher":{"@id":"https:\/\/patagoniambiental.com.ar\/info\/#organization"},"image":{"@id":"https:\/\/patagoniambiental.com.ar\/info\/el-desafio-de-los-paises-es-tener-su-propia-energia\/#primaryimage"},"thumbnailUrl":"","articleSection":["Noticias"],"inLanguage":"es"},{"@type":"WebPage","@id":"https:\/\/patagoniambiental.com.ar\/info\/el-desafio-de-los-paises-es-tener-su-propia-energia\/","url":"https:\/\/patagoniambiental.com.ar\/info\/el-desafio-de-los-paises-es-tener-su-propia-energia\/","name":"El desaf\u00edo de los pa\u00edses es \"tener su propia energ\u00eda\"","isPartOf":{"@id":"https:\/\/patagoniambiental.com.ar\/info\/#website"},"primaryImageOfPage":{"@id":"https:\/\/patagoniambiental.com.ar\/info\/el-desafio-de-los-paises-es-tener-su-propia-energia\/#primaryimage"},"image":{"@id":"https:\/\/patagoniambiental.com.ar\/info\/el-desafio-de-los-paises-es-tener-su-propia-energia\/#primaryimage"},"thumbnailUrl":"","datePublished":"2015-12-10T12:00:37+00:00","breadcrumb":{"@id":"https:\/\/patagoniambiental.com.ar\/info\/el-desafio-de-los-paises-es-tener-su-propia-energia\/#breadcrumb"},"inLanguage":"es","potentialAction":[{"@type":"ReadAction","target":["https:\/\/patagoniambiental.com.ar\/info\/el-desafio-de-los-paises-es-tener-su-propia-energia\/"]}]},{"@type":"ImageObject","inLanguage":"es","@id":"https:\/\/patagoniambiental.com.ar\/info\/el-desafio-de-los-paises-es-tener-su-propia-energia\/#primaryimage","url":"","contentUrl":""},{"@type":"BreadcrumbList","@id":"https:\/\/patagoniambiental.com.ar\/info\/el-desafio-de-los-paises-es-tener-su-propia-energia\/#breadcrumb","itemListElement":[{"@type":"ListItem","position":1,"name":"Inicio","item":"https:\/\/patagoniambiental.com.ar\/info\/"},{"@type":"ListItem","position":2,"name":"El desaf\u00edo de los pa\u00edses es \u00abtener su propia energ\u00eda\u00bb"}]},{"@type":"WebSite","@id":"https:\/\/patagoniambiental.com.ar\/info\/#website","url":"https:\/\/patagoniambiental.com.ar\/info\/","name":"Patagonia Ambiental","description":"Monitoreo y an\u00e1lisis de la situaci\u00f3n geopol\u00edtica en el mundo y su implicancia en la Patagonia","publisher":{"@id":"https:\/\/patagoniambiental.com.ar\/info\/#organization"},"potentialAction":[{"@type":"SearchAction","target":{"@type":"EntryPoint","urlTemplate":"https:\/\/patagoniambiental.com.ar\/info\/?s={search_term_string}"},"query-input":{"@type":"PropertyValueSpecification","valueRequired":true,"valueName":"search_term_string"}}],"inLanguage":"es"},{"@type":"Organization","@id":"https:\/\/patagoniambiental.com.ar\/info\/#organization","name":"Patagonia Ambiental","url":"https:\/\/patagoniambiental.com.ar\/info\/","logo":{"@type":"ImageObject","inLanguage":"es","@id":"https:\/\/patagoniambiental.com.ar\/info\/#\/schema\/logo\/image\/","url":"https:\/\/patagoniambiental.com.ar\/info\/wp-content\/uploads\/2025\/05\/LOGO-PATAGONIA-AMBIENTAL.png","contentUrl":"https:\/\/patagoniambiental.com.ar\/info\/wp-content\/uploads\/2025\/05\/LOGO-PATAGONIA-AMBIENTAL.png","width":433,"height":250,"caption":"Patagonia Ambiental"},"image":{"@id":"https:\/\/patagoniambiental.com.ar\/info\/#\/schema\/logo\/image\/"},"sameAs":["https:\/\/www.facebook.com\/patagonia.ambiental","https:\/\/x.com\/PatAmb"]},{"@type":"Person","@id":"https:\/\/patagoniambiental.com.ar\/info\/#\/schema\/person\/db12bff64bbcbf6a253710bf0ea37b5d","name":"Patagonia Ambiental","description":"Andr\u00e9s Nievas T\u00e9cnico en manejo ambiental, consultor Ambiental y escritor para medios locales e internacionales sobre temas de geopolitica y medio ambiente.","sameAs":["http:\/\/www.patagoniambiental.com.ar","https:\/\/www.facebook.com\/share\/1C1V8Gv9BX\/?mibextid=qi2Omg","@patagoniambiental","https:\/\/youtube.com\/@patagoniaambiental2023?si=BLt58t0wuXquxlYZ"]}]}},"_links":{"self":[{"href":"https:\/\/patagoniambiental.com.ar\/info\/wp-json\/wp\/v2\/posts\/16037","targetHints":{"allow":["GET"]}}],"collection":[{"href":"https:\/\/patagoniambiental.com.ar\/info\/wp-json\/wp\/v2\/posts"}],"about":[{"href":"https:\/\/patagoniambiental.com.ar\/info\/wp-json\/wp\/v2\/types\/post"}],"author":[{"embeddable":true,"href":"https:\/\/patagoniambiental.com.ar\/info\/wp-json\/wp\/v2\/users\/2"}],"replies":[{"embeddable":true,"href":"https:\/\/patagoniambiental.com.ar\/info\/wp-json\/wp\/v2\/comments?post=16037"}],"version-history":[{"count":0,"href":"https:\/\/patagoniambiental.com.ar\/info\/wp-json\/wp\/v2\/posts\/16037\/revisions"}],"wp:featuredmedia":[{"embeddable":true,"href":"https:\/\/patagoniambiental.com.ar\/info\/wp-json\/"}],"wp:attachment":[{"href":"https:\/\/patagoniambiental.com.ar\/info\/wp-json\/wp\/v2\/media?parent=16037"}],"wp:term":[{"taxonomy":"category","embeddable":true,"href":"https:\/\/patagoniambiental.com.ar\/info\/wp-json\/wp\/v2\/categories?post=16037"},{"taxonomy":"post_tag","embeddable":true,"href":"https:\/\/patagoniambiental.com.ar\/info\/wp-json\/wp\/v2\/tags?post=16037"}],"curies":[{"name":"wp","href":"https:\/\/api.w.org\/{rel}","templated":true}]}}