{"id":16043,"date":"2015-12-10T09:00:46","date_gmt":"2015-12-10T12:00:46","guid":{"rendered":"http:\/\/patagoniambiental.com.ar\/?p=16043"},"modified":"2015-12-10T09:00:46","modified_gmt":"2015-12-10T12:00:46","slug":"neuquen-limpian-basureros-clandestinos-en-cumelen-y-confluencia","status":"publish","type":"post","link":"https:\/\/patagoniambiental.com.ar\/info\/neuquen-limpian-basureros-clandestinos-en-cumelen-y-confluencia\/","title":{"rendered":"Neuquen: Limpian basureros clandestinos en Cumel\u00e9n y Confluencia"},"content":{"rendered":"<p>El municipio desactiv\u00f3 \u00a0importantes microbasurales que hab\u00edan sido saneados la semana anterior y donde los vecinos volvieron a tirar desechos. Seg\u00fan inform\u00f3 la subsecretaria de Limpieza Urbana y Espacios Verdes, Eva Rocca, se retiraron 440 metros c\u00fabicos de residuos.<\/p>\n<div class=\"wp_bannerize banner_contenido_abajo\"><\/div>\n<div class=\"wp_bannerize banner_contenido_abajo\">\n<p>El sector de Anaya y 12 de Septiembre se limpia todos los d\u00edas lunes, mi\u00e9rcoles y viernes pero \u201cdespu\u00e9s del fin de semana largo sacamos 80 metros c\u00fabicos de basura, sino sacamos alrededor de 40 cada vez\u201d, observ\u00f3 Rocca.<\/p>\n<p>Otro punto cr\u00edtico es Tronador casi El Choc\u00f3n, donde hasta hace poco hab\u00eda dos cajuelas pero luego de una seguidilla de incendios y tras varias reposiciones, fueron retiradas. \u201cLa gente sigui\u00f3 tirando bolsas, botellas y hasta carcazas de grandes electrodom\u00e9sticos\u201d, lament\u00f3 la funcionaria.<\/p>\n<p>\u201cAh\u00ed se limpia todos los d\u00edas y, sin embargo, cinco camiones volcadores de 18 metros c\u00fabicos de capacidad no dan a basto. Aprovechamos y de paso repasamos el sector de La Trapera porque el saneamiento de los espacios p\u00fablicos es una prioridad para este gobierno municipal\u201d, agreg\u00f3.<\/p>\n<p>En Confluencia los camiones recorren una vez por semana las calles Copahue, Paim\u00fan, Choc\u00f3n y Obrero Argentino \u201cporque hist\u00f3ricamente son las m\u00e1s degradadas por el arrojo de basura\u201d. Rocca dijo que es necesario hacer tres viajes para remover la basura.<\/p>\n<p>La pol\u00edtica municipal de saneamiento se extiende adem\u00e1s a los barrios a trav\u00e9s de operativos especiales. Entre el mi\u00e9rcoles y el viernes pasado se hizo uno en el sector Z1 y se encuentra en marcha otro en Gregorio \u00c1lvarez. Del primero se sacaron 108 metros c\u00fabicos de residuos y del otro se hab\u00eda retirado una cantidad igual \u201cpero como queda m\u00e1s, los trabajos se prolongar\u00e1n hasta el viernes\u201d.<\/p>\n<p>\u201cSacamos grandes cantidades de desechos domiciliarios, colchones viejos, hierros, escombros e incluso restos de poda, una cosa inimaginable si se toma conciencia de que el municipio limpia todas las semanas, por lo menos una vez, todos estos mismos sectores\u201d, recalc\u00f3 al tiempo que llam\u00f3 a los vecinos a colaborar y a mantener en condiciones a los espacios urbanos.<\/p>\n<\/div>\n","protected":false},"excerpt":{"rendered":"<p>El municipio desactiv\u00f3 \u00a0importantes microbasurales que hab\u00edan sido saneados la semana anterior y donde los vecinos volvieron a tirar desechos. [&hellip;]<\/p>\n","protected":false},"author":2,"featured_media":16044,"comment_status":"closed","ping_status":"closed","sticky":false,"template":"","format":"standard","meta":{"site-sidebar-layout":"default","site-content-layout":"","ast-site-content-layout":"default","site-content-style":"default","site-sidebar-style":"default","ast-global-header-display":"","ast-banner-title-visibility":"","ast-main-header-display":"","ast-hfb-above-header-display":"","ast-hfb-below-header-display":"","ast-hfb-mobile-header-display":"","site-post-title":"","ast-breadcrumbs-content":"","ast-featured-img":"","footer-sml-layout":"","ast-disable-related-posts":"","theme-transparent-header-meta":"","adv-header-id-meta":"","stick-header-meta":"","header-above-stick-meta":"","header-main-stick-meta":"","header-below-stick-meta":"","astra-migrate-meta-layouts":"default","ast-page-background-enabled":"default","ast-page-background-meta":{"desktop":{"background-color":"var(--ast-global-color-5)","background-image":"","background-repeat":"repeat","background-position":"center center","background-size":"auto","background-attachment":"scroll","background-type":"","background-media":"","overlay-type":"","overlay-color":"","overlay-opacity":"","overlay-gradient":""},"tablet":{"background-color":"","background-image":"","background-repeat":"repeat","background-position":"center center","background-size":"auto","background-attachment":"scroll","background-type":"","background-media":"","overlay-type":"","overlay-color":"","overlay-opacity":"","overlay-gradient":""},"mobile":{"background-color":"","background-image":"","background-repeat":"repeat","background-position":"center center","background-size":"auto","background-attachment":"scroll","background-type":"","background-media":"","overlay-type":"","overlay-color":"","overlay-opacity":"","overlay-gradient":""}},"ast-content-background-meta":{"desktop":{"background-color":"var(--ast-global-color-4)","background-image":"","background-repeat":"repeat","background-position":"center center","background-size":"auto","background-attachment":"scroll","background-type":"","background-media":"","overlay-type":"","overlay-color":"","overlay-opacity":"","overlay-gradient":""},"tablet":{"background-color":"var(--ast-global-color-4)","background-image":"","background-repeat":"repeat","background-position":"center center","background-size":"auto","background-attachment":"scroll","background-type":"","background-media":"","overlay-type":"","overlay-color":"","overlay-opacity":"","overlay-gradient":""},"mobile":{"background-color":"var(--ast-global-color-4)","background-image":"","background-repeat":"repeat","background-position":"center center","background-size":"auto","background-attachment":"scroll","background-type":"","background-media":"","overlay-type":"","overlay-color":"","overlay-opacity":"","overlay-gradient":""}},"footnotes":""},"categories":[1],"tags":[],"class_list":["post-16043","post","type-post","status-publish","format-standard","has-post-thumbnail","hentry","category-noticias"],"yoast_head":"<!-- This site is optimized with the Yoast SEO Premium plugin v23.0 (Yoast SEO v27.5) - https:\/\/yoast.com\/product\/yoast-seo-premium-wordpress\/ -->\n<title>Neuquen: Limpian basureros clandestinos en Cumel\u00e9n y Confluencia<\/title>\n<meta name=\"robots\" content=\"index, follow, max-snippet:-1, max-image-preview:large, max-video-preview:-1\" \/>\n<link rel=\"canonical\" href=\"https:\/\/patagoniambiental.com.ar\/info\/neuquen-limpian-basureros-clandestinos-en-cumelen-y-confluencia\/\" \/>\n<meta property=\"og:locale\" content=\"es_ES\" \/>\n<meta property=\"og:type\" content=\"article\" \/>\n<meta property=\"og:title\" content=\"Neuquen: Limpian basureros clandestinos en Cumel\u00e9n y Confluencia\" \/>\n<meta property=\"og:description\" content=\"El municipio desactiv\u00f3 \u00a0importantes microbasurales que hab\u00edan sido saneados la semana anterior y donde los vecinos volvieron a tirar desechos. [&hellip;]\" \/>\n<meta property=\"og:url\" content=\"https:\/\/patagoniambiental.com.ar\/info\/neuquen-limpian-basureros-clandestinos-en-cumelen-y-confluencia\/\" \/>\n<meta property=\"og:site_name\" content=\"Patagonia Ambiental\" \/>\n<meta property=\"article:publisher\" content=\"https:\/\/www.facebook.com\/patagonia.ambiental\" \/>\n<meta property=\"article:author\" content=\"https:\/\/www.facebook.com\/share\/1C1V8Gv9BX\/?mibextid=qi2Omg\" \/>\n<meta property=\"article:published_time\" content=\"2015-12-10T12:00:46+00:00\" \/>\n<meta name=\"author\" content=\"Patagonia Ambiental\" \/>\n<meta name=\"twitter:card\" content=\"summary_large_image\" \/>\n<meta name=\"twitter:creator\" content=\"@PatAmb\" \/>\n<meta name=\"twitter:site\" content=\"@PatAmb\" \/>\n<script type=\"application\/ld+json\" class=\"yoast-schema-graph\">{\"@context\":\"https:\\\/\\\/schema.org\",\"@graph\":[{\"@type\":\"Article\",\"@id\":\"https:\\\/\\\/patagoniambiental.com.ar\\\/info\\\/neuquen-limpian-basureros-clandestinos-en-cumelen-y-confluencia\\\/#article\",\"isPartOf\":{\"@id\":\"https:\\\/\\\/patagoniambiental.com.ar\\\/info\\\/neuquen-limpian-basureros-clandestinos-en-cumelen-y-confluencia\\\/\"},\"author\":{\"name\":\"Patagonia Ambiental\",\"@id\":\"https:\\\/\\\/patagoniambiental.com.ar\\\/info\\\/#\\\/schema\\\/person\\\/db12bff64bbcbf6a253710bf0ea37b5d\"},\"headline\":\"Neuquen: Limpian basureros clandestinos en Cumel\u00e9n y Confluencia\",\"datePublished\":\"2015-12-10T12:00:46+00:00\",\"mainEntityOfPage\":{\"@id\":\"https:\\\/\\\/patagoniambiental.com.ar\\\/info\\\/neuquen-limpian-basureros-clandestinos-en-cumelen-y-confluencia\\\/\"},\"wordCount\":363,\"publisher\":{\"@id\":\"https:\\\/\\\/patagoniambiental.com.ar\\\/info\\\/#organization\"},\"image\":{\"@id\":\"https:\\\/\\\/patagoniambiental.com.ar\\\/info\\\/neuquen-limpian-basureros-clandestinos-en-cumelen-y-confluencia\\\/#primaryimage\"},\"thumbnailUrl\":\"\",\"articleSection\":[\"Noticias\"],\"inLanguage\":\"es\"},{\"@type\":\"WebPage\",\"@id\":\"https:\\\/\\\/patagoniambiental.com.ar\\\/info\\\/neuquen-limpian-basureros-clandestinos-en-cumelen-y-confluencia\\\/\",\"url\":\"https:\\\/\\\/patagoniambiental.com.ar\\\/info\\\/neuquen-limpian-basureros-clandestinos-en-cumelen-y-confluencia\\\/\",\"name\":\"Neuquen: Limpian basureros clandestinos en Cumel\u00e9n y Confluencia\",\"isPartOf\":{\"@id\":\"https:\\\/\\\/patagoniambiental.com.ar\\\/info\\\/#website\"},\"primaryImageOfPage\":{\"@id\":\"https:\\\/\\\/patagoniambiental.com.ar\\\/info\\\/neuquen-limpian-basureros-clandestinos-en-cumelen-y-confluencia\\\/#primaryimage\"},\"image\":{\"@id\":\"https:\\\/\\\/patagoniambiental.com.ar\\\/info\\\/neuquen-limpian-basureros-clandestinos-en-cumelen-y-confluencia\\\/#primaryimage\"},\"thumbnailUrl\":\"\",\"datePublished\":\"2015-12-10T12:00:46+00:00\",\"breadcrumb\":{\"@id\":\"https:\\\/\\\/patagoniambiental.com.ar\\\/info\\\/neuquen-limpian-basureros-clandestinos-en-cumelen-y-confluencia\\\/#breadcrumb\"},\"inLanguage\":\"es\",\"potentialAction\":[{\"@type\":\"ReadAction\",\"target\":[\"https:\\\/\\\/patagoniambiental.com.ar\\\/info\\\/neuquen-limpian-basureros-clandestinos-en-cumelen-y-confluencia\\\/\"]}]},{\"@type\":\"ImageObject\",\"inLanguage\":\"es\",\"@id\":\"https:\\\/\\\/patagoniambiental.com.ar\\\/info\\\/neuquen-limpian-basureros-clandestinos-en-cumelen-y-confluencia\\\/#primaryimage\",\"url\":\"\",\"contentUrl\":\"\"},{\"@type\":\"BreadcrumbList\",\"@id\":\"https:\\\/\\\/patagoniambiental.com.ar\\\/info\\\/neuquen-limpian-basureros-clandestinos-en-cumelen-y-confluencia\\\/#breadcrumb\",\"itemListElement\":[{\"@type\":\"ListItem\",\"position\":1,\"name\":\"Inicio\",\"item\":\"https:\\\/\\\/patagoniambiental.com.ar\\\/info\\\/\"},{\"@type\":\"ListItem\",\"position\":2,\"name\":\"Neuquen: Limpian basureros clandestinos en Cumel\u00e9n y Confluencia\"}]},{\"@type\":\"WebSite\",\"@id\":\"https:\\\/\\\/patagoniambiental.com.ar\\\/info\\\/#website\",\"url\":\"https:\\\/\\\/patagoniambiental.com.ar\\\/info\\\/\",\"name\":\"Patagonia Ambiental\",\"description\":\"Monitoreo y an\u00e1lisis de la situaci\u00f3n geopol\u00edtica en el mundo y su implicancia en la Patagonia\",\"publisher\":{\"@id\":\"https:\\\/\\\/patagoniambiental.com.ar\\\/info\\\/#organization\"},\"potentialAction\":[{\"@type\":\"SearchAction\",\"target\":{\"@type\":\"EntryPoint\",\"urlTemplate\":\"https:\\\/\\\/patagoniambiental.com.ar\\\/info\\\/?s={search_term_string}\"},\"query-input\":{\"@type\":\"PropertyValueSpecification\",\"valueRequired\":true,\"valueName\":\"search_term_string\"}}],\"inLanguage\":\"es\"},{\"@type\":\"Organization\",\"@id\":\"https:\\\/\\\/patagoniambiental.com.ar\\\/info\\\/#organization\",\"name\":\"Patagonia Ambiental\",\"url\":\"https:\\\/\\\/patagoniambiental.com.ar\\\/info\\\/\",\"logo\":{\"@type\":\"ImageObject\",\"inLanguage\":\"es\",\"@id\":\"https:\\\/\\\/patagoniambiental.com.ar\\\/info\\\/#\\\/schema\\\/logo\\\/image\\\/\",\"url\":\"https:\\\/\\\/patagoniambiental.com.ar\\\/info\\\/wp-content\\\/uploads\\\/2025\\\/05\\\/LOGO-PATAGONIA-AMBIENTAL.png\",\"contentUrl\":\"https:\\\/\\\/patagoniambiental.com.ar\\\/info\\\/wp-content\\\/uploads\\\/2025\\\/05\\\/LOGO-PATAGONIA-AMBIENTAL.png\",\"width\":433,\"height\":250,\"caption\":\"Patagonia Ambiental\"},\"image\":{\"@id\":\"https:\\\/\\\/patagoniambiental.com.ar\\\/info\\\/#\\\/schema\\\/logo\\\/image\\\/\"},\"sameAs\":[\"https:\\\/\\\/www.facebook.com\\\/patagonia.ambiental\",\"https:\\\/\\\/x.com\\\/PatAmb\"]},{\"@type\":\"Person\",\"@id\":\"https:\\\/\\\/patagoniambiental.com.ar\\\/info\\\/#\\\/schema\\\/person\\\/db12bff64bbcbf6a253710bf0ea37b5d\",\"name\":\"Patagonia Ambiental\",\"description\":\"Andr\u00e9s Nievas T\u00e9cnico en manejo ambiental, consultor Ambiental y escritor para medios locales e internacionales sobre temas de geopolitica y medio ambiente.\",\"sameAs\":[\"http:\\\/\\\/www.patagoniambiental.com.ar\",\"https:\\\/\\\/www.facebook.com\\\/share\\\/1C1V8Gv9BX\\\/?mibextid=qi2Omg\",\"@patagoniambiental\",\"https:\\\/\\\/youtube.com\\\/@patagoniaambiental2023?si=BLt58t0wuXquxlYZ\"]}]}<\/script>\n<!-- \/ Yoast SEO Premium plugin. -->","yoast_head_json":{"title":"Neuquen: Limpian basureros clandestinos en Cumel\u00e9n y Confluencia","robots":{"index":"index","follow":"follow","max-snippet":"max-snippet:-1","max-image-preview":"max-image-preview:large","max-video-preview":"max-video-preview:-1"},"canonical":"https:\/\/patagoniambiental.com.ar\/info\/neuquen-limpian-basureros-clandestinos-en-cumelen-y-confluencia\/","og_locale":"es_ES","og_type":"article","og_title":"Neuquen: Limpian basureros clandestinos en Cumel\u00e9n y Confluencia","og_description":"El municipio desactiv\u00f3 \u00a0importantes microbasurales que hab\u00edan sido saneados la semana anterior y donde los vecinos volvieron a tirar desechos. [&hellip;]","og_url":"https:\/\/patagoniambiental.com.ar\/info\/neuquen-limpian-basureros-clandestinos-en-cumelen-y-confluencia\/","og_site_name":"Patagonia Ambiental","article_publisher":"https:\/\/www.facebook.com\/patagonia.ambiental","article_author":"https:\/\/www.facebook.com\/share\/1C1V8Gv9BX\/?mibextid=qi2Omg","article_published_time":"2015-12-10T12:00:46+00:00","author":"Patagonia Ambiental","twitter_card":"summary_large_image","twitter_creator":"@PatAmb","twitter_site":"@PatAmb","schema":{"@context":"https:\/\/schema.org","@graph":[{"@type":"Article","@id":"https:\/\/patagoniambiental.com.ar\/info\/neuquen-limpian-basureros-clandestinos-en-cumelen-y-confluencia\/#article","isPartOf":{"@id":"https:\/\/patagoniambiental.com.ar\/info\/neuquen-limpian-basureros-clandestinos-en-cumelen-y-confluencia\/"},"author":{"name":"Patagonia Ambiental","@id":"https:\/\/patagoniambiental.com.ar\/info\/#\/schema\/person\/db12bff64bbcbf6a253710bf0ea37b5d"},"headline":"Neuquen: Limpian basureros clandestinos en Cumel\u00e9n y Confluencia","datePublished":"2015-12-10T12:00:46+00:00","mainEntityOfPage":{"@id":"https:\/\/patagoniambiental.com.ar\/info\/neuquen-limpian-basureros-clandestinos-en-cumelen-y-confluencia\/"},"wordCount":363,"publisher":{"@id":"https:\/\/patagoniambiental.com.ar\/info\/#organization"},"image":{"@id":"https:\/\/patagoniambiental.com.ar\/info\/neuquen-limpian-basureros-clandestinos-en-cumelen-y-confluencia\/#primaryimage"},"thumbnailUrl":"","articleSection":["Noticias"],"inLanguage":"es"},{"@type":"WebPage","@id":"https:\/\/patagoniambiental.com.ar\/info\/neuquen-limpian-basureros-clandestinos-en-cumelen-y-confluencia\/","url":"https:\/\/patagoniambiental.com.ar\/info\/neuquen-limpian-basureros-clandestinos-en-cumelen-y-confluencia\/","name":"Neuquen: Limpian basureros clandestinos en Cumel\u00e9n y Confluencia","isPartOf":{"@id":"https:\/\/patagoniambiental.com.ar\/info\/#website"},"primaryImageOfPage":{"@id":"https:\/\/patagoniambiental.com.ar\/info\/neuquen-limpian-basureros-clandestinos-en-cumelen-y-confluencia\/#primaryimage"},"image":{"@id":"https:\/\/patagoniambiental.com.ar\/info\/neuquen-limpian-basureros-clandestinos-en-cumelen-y-confluencia\/#primaryimage"},"thumbnailUrl":"","datePublished":"2015-12-10T12:00:46+00:00","breadcrumb":{"@id":"https:\/\/patagoniambiental.com.ar\/info\/neuquen-limpian-basureros-clandestinos-en-cumelen-y-confluencia\/#breadcrumb"},"inLanguage":"es","potentialAction":[{"@type":"ReadAction","target":["https:\/\/patagoniambiental.com.ar\/info\/neuquen-limpian-basureros-clandestinos-en-cumelen-y-confluencia\/"]}]},{"@type":"ImageObject","inLanguage":"es","@id":"https:\/\/patagoniambiental.com.ar\/info\/neuquen-limpian-basureros-clandestinos-en-cumelen-y-confluencia\/#primaryimage","url":"","contentUrl":""},{"@type":"BreadcrumbList","@id":"https:\/\/patagoniambiental.com.ar\/info\/neuquen-limpian-basureros-clandestinos-en-cumelen-y-confluencia\/#breadcrumb","itemListElement":[{"@type":"ListItem","position":1,"name":"Inicio","item":"https:\/\/patagoniambiental.com.ar\/info\/"},{"@type":"ListItem","position":2,"name":"Neuquen: Limpian basureros clandestinos en Cumel\u00e9n y Confluencia"}]},{"@type":"WebSite","@id":"https:\/\/patagoniambiental.com.ar\/info\/#website","url":"https:\/\/patagoniambiental.com.ar\/info\/","name":"Patagonia Ambiental","description":"Monitoreo y an\u00e1lisis de la situaci\u00f3n geopol\u00edtica en el mundo y su implicancia en la Patagonia","publisher":{"@id":"https:\/\/patagoniambiental.com.ar\/info\/#organization"},"potentialAction":[{"@type":"SearchAction","target":{"@type":"EntryPoint","urlTemplate":"https:\/\/patagoniambiental.com.ar\/info\/?s={search_term_string}"},"query-input":{"@type":"PropertyValueSpecification","valueRequired":true,"valueName":"search_term_string"}}],"inLanguage":"es"},{"@type":"Organization","@id":"https:\/\/patagoniambiental.com.ar\/info\/#organization","name":"Patagonia Ambiental","url":"https:\/\/patagoniambiental.com.ar\/info\/","logo":{"@type":"ImageObject","inLanguage":"es","@id":"https:\/\/patagoniambiental.com.ar\/info\/#\/schema\/logo\/image\/","url":"https:\/\/patagoniambiental.com.ar\/info\/wp-content\/uploads\/2025\/05\/LOGO-PATAGONIA-AMBIENTAL.png","contentUrl":"https:\/\/patagoniambiental.com.ar\/info\/wp-content\/uploads\/2025\/05\/LOGO-PATAGONIA-AMBIENTAL.png","width":433,"height":250,"caption":"Patagonia Ambiental"},"image":{"@id":"https:\/\/patagoniambiental.com.ar\/info\/#\/schema\/logo\/image\/"},"sameAs":["https:\/\/www.facebook.com\/patagonia.ambiental","https:\/\/x.com\/PatAmb"]},{"@type":"Person","@id":"https:\/\/patagoniambiental.com.ar\/info\/#\/schema\/person\/db12bff64bbcbf6a253710bf0ea37b5d","name":"Patagonia Ambiental","description":"Andr\u00e9s Nievas T\u00e9cnico en manejo ambiental, consultor Ambiental y escritor para medios locales e internacionales sobre temas de geopolitica y medio ambiente.","sameAs":["http:\/\/www.patagoniambiental.com.ar","https:\/\/www.facebook.com\/share\/1C1V8Gv9BX\/?mibextid=qi2Omg","@patagoniambiental","https:\/\/youtube.com\/@patagoniaambiental2023?si=BLt58t0wuXquxlYZ"]}]}},"_links":{"self":[{"href":"https:\/\/patagoniambiental.com.ar\/info\/wp-json\/wp\/v2\/posts\/16043","targetHints":{"allow":["GET"]}}],"collection":[{"href":"https:\/\/patagoniambiental.com.ar\/info\/wp-json\/wp\/v2\/posts"}],"about":[{"href":"https:\/\/patagoniambiental.com.ar\/info\/wp-json\/wp\/v2\/types\/post"}],"author":[{"embeddable":true,"href":"https:\/\/patagoniambiental.com.ar\/info\/wp-json\/wp\/v2\/users\/2"}],"replies":[{"embeddable":true,"href":"https:\/\/patagoniambiental.com.ar\/info\/wp-json\/wp\/v2\/comments?post=16043"}],"version-history":[{"count":0,"href":"https:\/\/patagoniambiental.com.ar\/info\/wp-json\/wp\/v2\/posts\/16043\/revisions"}],"wp:featuredmedia":[{"embeddable":true,"href":"https:\/\/patagoniambiental.com.ar\/info\/wp-json\/"}],"wp:attachment":[{"href":"https:\/\/patagoniambiental.com.ar\/info\/wp-json\/wp\/v2\/media?parent=16043"}],"wp:term":[{"taxonomy":"category","embeddable":true,"href":"https:\/\/patagoniambiental.com.ar\/info\/wp-json\/wp\/v2\/categories?post=16043"},{"taxonomy":"post_tag","embeddable":true,"href":"https:\/\/patagoniambiental.com.ar\/info\/wp-json\/wp\/v2\/tags?post=16043"}],"curies":[{"name":"wp","href":"https:\/\/api.w.org\/{rel}","templated":true}]}}