{"id":16057,"date":"2015-12-11T09:00:20","date_gmt":"2015-12-11T12:00:20","guid":{"rendered":"http:\/\/patagoniambiental.com.ar\/?p=16057"},"modified":"2015-12-11T09:00:20","modified_gmt":"2015-12-11T12:00:20","slug":"el-ministerio-de-ambiente-aclaro-que-no-autorizo-el-vuelco-de-efluentes-cloacales-al-rio-chubut","status":"publish","type":"post","link":"https:\/\/patagoniambiental.com.ar\/info\/el-ministerio-de-ambiente-aclaro-que-no-autorizo-el-vuelco-de-efluentes-cloacales-al-rio-chubut\/","title":{"rendered":"El Ministerio de Ambiente aclar\u00f3 que no autoriz\u00f3 el vuelco de efluentes cloacales al r\u00edo Chubut"},"content":{"rendered":"<p>El Ministerio de Ambiente y Control del Desarrollo Sustentable inform\u00f3 que desde ese organismo no se autoriz\u00f3 a la Cooperativa de Rawson al vuelco de efluentes cloacales al R\u00edo Chubut y que se realizaron inspecciones y toma de muestras, comprobando que fueron arrojados al r\u00edo unos 200 metros c\u00fabicos de l\u00edquidos al d\u00eda.<\/p>\n<p>Adem\u00e1s se aclar\u00f3 que t\u00e9cnicos del Ministerio actuaron inmediatamente verificando que los vertidos no afectaron la calidad del agua potable, ya que la descarga fue aguas abajo de la planta de tratamiento de Rawson.<\/p>\n<p>Tambi\u00e9n se explic\u00f3 que esta contingencia se dio en el marco de un problema estructural que afecta a la cooperativa, con ca\u00f1er\u00edas que datan de 30 a\u00f1os o m\u00e1s. En este caso -se explic\u00f3- una de ellas colaps\u00f3 y el paso de flujo arrastr\u00f3 tierra y tosca produciendo taponamientos y afloramientos por bocas de tormenta y enlagunamiento de aguas servidas en diversas zonas de Playa Uni\u00f3n.<\/p>\n<p>Finalmente se alert\u00f3 a la poblaci\u00f3n sobre la necesidad de evitar la realizaci\u00f3n de actividades deportivas y recreativas en la zona.<\/p>\n","protected":false},"excerpt":{"rendered":"<p>El Ministerio de Ambiente y Control del Desarrollo Sustentable inform\u00f3 que desde ese organismo no se autoriz\u00f3 a la Cooperativa [&hellip;]<\/p>\n","protected":false},"author":2,"featured_media":16058,"comment_status":"closed","ping_status":"closed","sticky":false,"template":"","format":"standard","meta":{"site-sidebar-layout":"default","site-content-layout":"","ast-site-content-layout":"default","site-content-style":"default","site-sidebar-style":"default","ast-global-header-display":"","ast-banner-title-visibility":"","ast-main-header-display":"","ast-hfb-above-header-display":"","ast-hfb-below-header-display":"","ast-hfb-mobile-header-display":"","site-post-title":"","ast-breadcrumbs-content":"","ast-featured-img":"","footer-sml-layout":"","ast-disable-related-posts":"","theme-transparent-header-meta":"","adv-header-id-meta":"","stick-header-meta":"","header-above-stick-meta":"","header-main-stick-meta":"","header-below-stick-meta":"","astra-migrate-meta-layouts":"default","ast-page-background-enabled":"default","ast-page-background-meta":{"desktop":{"background-color":"var(--ast-global-color-5)","background-image":"","background-repeat":"repeat","background-position":"center center","background-size":"auto","background-attachment":"scroll","background-type":"","background-media":"","overlay-type":"","overlay-color":"","overlay-opacity":"","overlay-gradient":""},"tablet":{"background-color":"","background-image":"","background-repeat":"repeat","background-position":"center center","background-size":"auto","background-attachment":"scroll","background-type":"","background-media":"","overlay-type":"","overlay-color":"","overlay-opacity":"","overlay-gradient":""},"mobile":{"background-color":"","background-image":"","background-repeat":"repeat","background-position":"center center","background-size":"auto","background-attachment":"scroll","background-type":"","background-media":"","overlay-type":"","overlay-color":"","overlay-opacity":"","overlay-gradient":""}},"ast-content-background-meta":{"desktop":{"background-color":"var(--ast-global-color-4)","background-image":"","background-repeat":"repeat","background-position":"center center","background-size":"auto","background-attachment":"scroll","background-type":"","background-media":"","overlay-type":"","overlay-color":"","overlay-opacity":"","overlay-gradient":""},"tablet":{"background-color":"var(--ast-global-color-4)","background-image":"","background-repeat":"repeat","background-position":"center center","background-size":"auto","background-attachment":"scroll","background-type":"","background-media":"","overlay-type":"","overlay-color":"","overlay-opacity":"","overlay-gradient":""},"mobile":{"background-color":"var(--ast-global-color-4)","background-image":"","background-repeat":"repeat","background-position":"center center","background-size":"auto","background-attachment":"scroll","background-type":"","background-media":"","overlay-type":"","overlay-color":"","overlay-opacity":"","overlay-gradient":""}},"footnotes":""},"categories":[1],"tags":[],"class_list":["post-16057","post","type-post","status-publish","format-standard","has-post-thumbnail","hentry","category-noticias"],"yoast_head":"<!-- This site is optimized with the Yoast SEO Premium plugin v23.0 (Yoast SEO v27.5) - https:\/\/yoast.com\/product\/yoast-seo-premium-wordpress\/ -->\n<title>El Ministerio de Ambiente aclar\u00f3 que no autoriz\u00f3 el vuelco de efluentes cloacales al r\u00edo Chubut<\/title>\n<meta name=\"robots\" content=\"index, follow, max-snippet:-1, max-image-preview:large, max-video-preview:-1\" \/>\n<link rel=\"canonical\" href=\"https:\/\/patagoniambiental.com.ar\/info\/el-ministerio-de-ambiente-aclaro-que-no-autorizo-el-vuelco-de-efluentes-cloacales-al-rio-chubut\/\" \/>\n<meta property=\"og:locale\" content=\"es_ES\" \/>\n<meta property=\"og:type\" content=\"article\" \/>\n<meta property=\"og:title\" content=\"El Ministerio de Ambiente aclar\u00f3 que no autoriz\u00f3 el vuelco de efluentes cloacales al r\u00edo Chubut\" \/>\n<meta property=\"og:description\" content=\"El Ministerio de Ambiente y Control del Desarrollo Sustentable inform\u00f3 que desde ese organismo no se autoriz\u00f3 a la Cooperativa [&hellip;]\" \/>\n<meta property=\"og:url\" content=\"https:\/\/patagoniambiental.com.ar\/info\/el-ministerio-de-ambiente-aclaro-que-no-autorizo-el-vuelco-de-efluentes-cloacales-al-rio-chubut\/\" \/>\n<meta property=\"og:site_name\" content=\"Patagonia Ambiental\" \/>\n<meta property=\"article:publisher\" content=\"https:\/\/www.facebook.com\/patagonia.ambiental\" \/>\n<meta property=\"article:author\" content=\"https:\/\/www.facebook.com\/share\/1C1V8Gv9BX\/?mibextid=qi2Omg\" \/>\n<meta property=\"article:published_time\" content=\"2015-12-11T12:00:20+00:00\" \/>\n<meta name=\"author\" content=\"Patagonia Ambiental\" \/>\n<meta name=\"twitter:card\" content=\"summary_large_image\" \/>\n<meta name=\"twitter:creator\" content=\"@PatAmb\" \/>\n<meta name=\"twitter:site\" content=\"@PatAmb\" \/>\n<script type=\"application\/ld+json\" class=\"yoast-schema-graph\">{\"@context\":\"https:\\\/\\\/schema.org\",\"@graph\":[{\"@type\":\"Article\",\"@id\":\"https:\\\/\\\/patagoniambiental.com.ar\\\/info\\\/el-ministerio-de-ambiente-aclaro-que-no-autorizo-el-vuelco-de-efluentes-cloacales-al-rio-chubut\\\/#article\",\"isPartOf\":{\"@id\":\"https:\\\/\\\/patagoniambiental.com.ar\\\/info\\\/el-ministerio-de-ambiente-aclaro-que-no-autorizo-el-vuelco-de-efluentes-cloacales-al-rio-chubut\\\/\"},\"author\":{\"name\":\"Patagonia Ambiental\",\"@id\":\"https:\\\/\\\/patagoniambiental.com.ar\\\/info\\\/#\\\/schema\\\/person\\\/db12bff64bbcbf6a253710bf0ea37b5d\"},\"headline\":\"El Ministerio de Ambiente aclar\u00f3 que no autoriz\u00f3 el vuelco de efluentes cloacales al r\u00edo Chubut\",\"datePublished\":\"2015-12-11T12:00:20+00:00\",\"mainEntityOfPage\":{\"@id\":\"https:\\\/\\\/patagoniambiental.com.ar\\\/info\\\/el-ministerio-de-ambiente-aclaro-que-no-autorizo-el-vuelco-de-efluentes-cloacales-al-rio-chubut\\\/\"},\"wordCount\":205,\"publisher\":{\"@id\":\"https:\\\/\\\/patagoniambiental.com.ar\\\/info\\\/#organization\"},\"image\":{\"@id\":\"https:\\\/\\\/patagoniambiental.com.ar\\\/info\\\/el-ministerio-de-ambiente-aclaro-que-no-autorizo-el-vuelco-de-efluentes-cloacales-al-rio-chubut\\\/#primaryimage\"},\"thumbnailUrl\":\"\",\"articleSection\":[\"Noticias\"],\"inLanguage\":\"es\"},{\"@type\":\"WebPage\",\"@id\":\"https:\\\/\\\/patagoniambiental.com.ar\\\/info\\\/el-ministerio-de-ambiente-aclaro-que-no-autorizo-el-vuelco-de-efluentes-cloacales-al-rio-chubut\\\/\",\"url\":\"https:\\\/\\\/patagoniambiental.com.ar\\\/info\\\/el-ministerio-de-ambiente-aclaro-que-no-autorizo-el-vuelco-de-efluentes-cloacales-al-rio-chubut\\\/\",\"name\":\"El Ministerio de Ambiente aclar\u00f3 que no autoriz\u00f3 el vuelco de efluentes cloacales al r\u00edo Chubut\",\"isPartOf\":{\"@id\":\"https:\\\/\\\/patagoniambiental.com.ar\\\/info\\\/#website\"},\"primaryImageOfPage\":{\"@id\":\"https:\\\/\\\/patagoniambiental.com.ar\\\/info\\\/el-ministerio-de-ambiente-aclaro-que-no-autorizo-el-vuelco-de-efluentes-cloacales-al-rio-chubut\\\/#primaryimage\"},\"image\":{\"@id\":\"https:\\\/\\\/patagoniambiental.com.ar\\\/info\\\/el-ministerio-de-ambiente-aclaro-que-no-autorizo-el-vuelco-de-efluentes-cloacales-al-rio-chubut\\\/#primaryimage\"},\"thumbnailUrl\":\"\",\"datePublished\":\"2015-12-11T12:00:20+00:00\",\"breadcrumb\":{\"@id\":\"https:\\\/\\\/patagoniambiental.com.ar\\\/info\\\/el-ministerio-de-ambiente-aclaro-que-no-autorizo-el-vuelco-de-efluentes-cloacales-al-rio-chubut\\\/#breadcrumb\"},\"inLanguage\":\"es\",\"potentialAction\":[{\"@type\":\"ReadAction\",\"target\":[\"https:\\\/\\\/patagoniambiental.com.ar\\\/info\\\/el-ministerio-de-ambiente-aclaro-que-no-autorizo-el-vuelco-de-efluentes-cloacales-al-rio-chubut\\\/\"]}]},{\"@type\":\"ImageObject\",\"inLanguage\":\"es\",\"@id\":\"https:\\\/\\\/patagoniambiental.com.ar\\\/info\\\/el-ministerio-de-ambiente-aclaro-que-no-autorizo-el-vuelco-de-efluentes-cloacales-al-rio-chubut\\\/#primaryimage\",\"url\":\"\",\"contentUrl\":\"\"},{\"@type\":\"BreadcrumbList\",\"@id\":\"https:\\\/\\\/patagoniambiental.com.ar\\\/info\\\/el-ministerio-de-ambiente-aclaro-que-no-autorizo-el-vuelco-de-efluentes-cloacales-al-rio-chubut\\\/#breadcrumb\",\"itemListElement\":[{\"@type\":\"ListItem\",\"position\":1,\"name\":\"Inicio\",\"item\":\"https:\\\/\\\/patagoniambiental.com.ar\\\/info\\\/\"},{\"@type\":\"ListItem\",\"position\":2,\"name\":\"El Ministerio de Ambiente aclar\u00f3 que no autoriz\u00f3 el vuelco de efluentes cloacales al r\u00edo Chubut\"}]},{\"@type\":\"WebSite\",\"@id\":\"https:\\\/\\\/patagoniambiental.com.ar\\\/info\\\/#website\",\"url\":\"https:\\\/\\\/patagoniambiental.com.ar\\\/info\\\/\",\"name\":\"Patagonia Ambiental\",\"description\":\"Monitoreo y an\u00e1lisis de la situaci\u00f3n geopol\u00edtica en el mundo y su implicancia en la Patagonia\",\"publisher\":{\"@id\":\"https:\\\/\\\/patagoniambiental.com.ar\\\/info\\\/#organization\"},\"potentialAction\":[{\"@type\":\"SearchAction\",\"target\":{\"@type\":\"EntryPoint\",\"urlTemplate\":\"https:\\\/\\\/patagoniambiental.com.ar\\\/info\\\/?s={search_term_string}\"},\"query-input\":{\"@type\":\"PropertyValueSpecification\",\"valueRequired\":true,\"valueName\":\"search_term_string\"}}],\"inLanguage\":\"es\"},{\"@type\":\"Organization\",\"@id\":\"https:\\\/\\\/patagoniambiental.com.ar\\\/info\\\/#organization\",\"name\":\"Patagonia Ambiental\",\"url\":\"https:\\\/\\\/patagoniambiental.com.ar\\\/info\\\/\",\"logo\":{\"@type\":\"ImageObject\",\"inLanguage\":\"es\",\"@id\":\"https:\\\/\\\/patagoniambiental.com.ar\\\/info\\\/#\\\/schema\\\/logo\\\/image\\\/\",\"url\":\"https:\\\/\\\/patagoniambiental.com.ar\\\/info\\\/wp-content\\\/uploads\\\/2025\\\/05\\\/LOGO-PATAGONIA-AMBIENTAL.png\",\"contentUrl\":\"https:\\\/\\\/patagoniambiental.com.ar\\\/info\\\/wp-content\\\/uploads\\\/2025\\\/05\\\/LOGO-PATAGONIA-AMBIENTAL.png\",\"width\":433,\"height\":250,\"caption\":\"Patagonia Ambiental\"},\"image\":{\"@id\":\"https:\\\/\\\/patagoniambiental.com.ar\\\/info\\\/#\\\/schema\\\/logo\\\/image\\\/\"},\"sameAs\":[\"https:\\\/\\\/www.facebook.com\\\/patagonia.ambiental\",\"https:\\\/\\\/x.com\\\/PatAmb\"]},{\"@type\":\"Person\",\"@id\":\"https:\\\/\\\/patagoniambiental.com.ar\\\/info\\\/#\\\/schema\\\/person\\\/db12bff64bbcbf6a253710bf0ea37b5d\",\"name\":\"Patagonia Ambiental\",\"description\":\"Andr\u00e9s Nievas T\u00e9cnico en manejo ambiental, consultor Ambiental y escritor para medios locales e internacionales sobre temas de geopolitica y medio ambiente.\",\"sameAs\":[\"http:\\\/\\\/www.patagoniambiental.com.ar\",\"https:\\\/\\\/www.facebook.com\\\/share\\\/1C1V8Gv9BX\\\/?mibextid=qi2Omg\",\"@patagoniambiental\",\"https:\\\/\\\/youtube.com\\\/@patagoniaambiental2023?si=BLt58t0wuXquxlYZ\"]}]}<\/script>\n<!-- \/ Yoast SEO Premium plugin. -->","yoast_head_json":{"title":"El Ministerio de Ambiente aclar\u00f3 que no autoriz\u00f3 el vuelco de efluentes cloacales al r\u00edo Chubut","robots":{"index":"index","follow":"follow","max-snippet":"max-snippet:-1","max-image-preview":"max-image-preview:large","max-video-preview":"max-video-preview:-1"},"canonical":"https:\/\/patagoniambiental.com.ar\/info\/el-ministerio-de-ambiente-aclaro-que-no-autorizo-el-vuelco-de-efluentes-cloacales-al-rio-chubut\/","og_locale":"es_ES","og_type":"article","og_title":"El Ministerio de Ambiente aclar\u00f3 que no autoriz\u00f3 el vuelco de efluentes cloacales al r\u00edo Chubut","og_description":"El Ministerio de Ambiente y Control del Desarrollo Sustentable inform\u00f3 que desde ese organismo no se autoriz\u00f3 a la Cooperativa [&hellip;]","og_url":"https:\/\/patagoniambiental.com.ar\/info\/el-ministerio-de-ambiente-aclaro-que-no-autorizo-el-vuelco-de-efluentes-cloacales-al-rio-chubut\/","og_site_name":"Patagonia Ambiental","article_publisher":"https:\/\/www.facebook.com\/patagonia.ambiental","article_author":"https:\/\/www.facebook.com\/share\/1C1V8Gv9BX\/?mibextid=qi2Omg","article_published_time":"2015-12-11T12:00:20+00:00","author":"Patagonia Ambiental","twitter_card":"summary_large_image","twitter_creator":"@PatAmb","twitter_site":"@PatAmb","schema":{"@context":"https:\/\/schema.org","@graph":[{"@type":"Article","@id":"https:\/\/patagoniambiental.com.ar\/info\/el-ministerio-de-ambiente-aclaro-que-no-autorizo-el-vuelco-de-efluentes-cloacales-al-rio-chubut\/#article","isPartOf":{"@id":"https:\/\/patagoniambiental.com.ar\/info\/el-ministerio-de-ambiente-aclaro-que-no-autorizo-el-vuelco-de-efluentes-cloacales-al-rio-chubut\/"},"author":{"name":"Patagonia Ambiental","@id":"https:\/\/patagoniambiental.com.ar\/info\/#\/schema\/person\/db12bff64bbcbf6a253710bf0ea37b5d"},"headline":"El Ministerio de Ambiente aclar\u00f3 que no autoriz\u00f3 el vuelco de efluentes cloacales al r\u00edo Chubut","datePublished":"2015-12-11T12:00:20+00:00","mainEntityOfPage":{"@id":"https:\/\/patagoniambiental.com.ar\/info\/el-ministerio-de-ambiente-aclaro-que-no-autorizo-el-vuelco-de-efluentes-cloacales-al-rio-chubut\/"},"wordCount":205,"publisher":{"@id":"https:\/\/patagoniambiental.com.ar\/info\/#organization"},"image":{"@id":"https:\/\/patagoniambiental.com.ar\/info\/el-ministerio-de-ambiente-aclaro-que-no-autorizo-el-vuelco-de-efluentes-cloacales-al-rio-chubut\/#primaryimage"},"thumbnailUrl":"","articleSection":["Noticias"],"inLanguage":"es"},{"@type":"WebPage","@id":"https:\/\/patagoniambiental.com.ar\/info\/el-ministerio-de-ambiente-aclaro-que-no-autorizo-el-vuelco-de-efluentes-cloacales-al-rio-chubut\/","url":"https:\/\/patagoniambiental.com.ar\/info\/el-ministerio-de-ambiente-aclaro-que-no-autorizo-el-vuelco-de-efluentes-cloacales-al-rio-chubut\/","name":"El Ministerio de Ambiente aclar\u00f3 que no autoriz\u00f3 el vuelco de efluentes cloacales al r\u00edo Chubut","isPartOf":{"@id":"https:\/\/patagoniambiental.com.ar\/info\/#website"},"primaryImageOfPage":{"@id":"https:\/\/patagoniambiental.com.ar\/info\/el-ministerio-de-ambiente-aclaro-que-no-autorizo-el-vuelco-de-efluentes-cloacales-al-rio-chubut\/#primaryimage"},"image":{"@id":"https:\/\/patagoniambiental.com.ar\/info\/el-ministerio-de-ambiente-aclaro-que-no-autorizo-el-vuelco-de-efluentes-cloacales-al-rio-chubut\/#primaryimage"},"thumbnailUrl":"","datePublished":"2015-12-11T12:00:20+00:00","breadcrumb":{"@id":"https:\/\/patagoniambiental.com.ar\/info\/el-ministerio-de-ambiente-aclaro-que-no-autorizo-el-vuelco-de-efluentes-cloacales-al-rio-chubut\/#breadcrumb"},"inLanguage":"es","potentialAction":[{"@type":"ReadAction","target":["https:\/\/patagoniambiental.com.ar\/info\/el-ministerio-de-ambiente-aclaro-que-no-autorizo-el-vuelco-de-efluentes-cloacales-al-rio-chubut\/"]}]},{"@type":"ImageObject","inLanguage":"es","@id":"https:\/\/patagoniambiental.com.ar\/info\/el-ministerio-de-ambiente-aclaro-que-no-autorizo-el-vuelco-de-efluentes-cloacales-al-rio-chubut\/#primaryimage","url":"","contentUrl":""},{"@type":"BreadcrumbList","@id":"https:\/\/patagoniambiental.com.ar\/info\/el-ministerio-de-ambiente-aclaro-que-no-autorizo-el-vuelco-de-efluentes-cloacales-al-rio-chubut\/#breadcrumb","itemListElement":[{"@type":"ListItem","position":1,"name":"Inicio","item":"https:\/\/patagoniambiental.com.ar\/info\/"},{"@type":"ListItem","position":2,"name":"El Ministerio de Ambiente aclar\u00f3 que no autoriz\u00f3 el vuelco de efluentes cloacales al r\u00edo Chubut"}]},{"@type":"WebSite","@id":"https:\/\/patagoniambiental.com.ar\/info\/#website","url":"https:\/\/patagoniambiental.com.ar\/info\/","name":"Patagonia Ambiental","description":"Monitoreo y an\u00e1lisis de la situaci\u00f3n geopol\u00edtica en el mundo y su implicancia en la Patagonia","publisher":{"@id":"https:\/\/patagoniambiental.com.ar\/info\/#organization"},"potentialAction":[{"@type":"SearchAction","target":{"@type":"EntryPoint","urlTemplate":"https:\/\/patagoniambiental.com.ar\/info\/?s={search_term_string}"},"query-input":{"@type":"PropertyValueSpecification","valueRequired":true,"valueName":"search_term_string"}}],"inLanguage":"es"},{"@type":"Organization","@id":"https:\/\/patagoniambiental.com.ar\/info\/#organization","name":"Patagonia Ambiental","url":"https:\/\/patagoniambiental.com.ar\/info\/","logo":{"@type":"ImageObject","inLanguage":"es","@id":"https:\/\/patagoniambiental.com.ar\/info\/#\/schema\/logo\/image\/","url":"https:\/\/patagoniambiental.com.ar\/info\/wp-content\/uploads\/2025\/05\/LOGO-PATAGONIA-AMBIENTAL.png","contentUrl":"https:\/\/patagoniambiental.com.ar\/info\/wp-content\/uploads\/2025\/05\/LOGO-PATAGONIA-AMBIENTAL.png","width":433,"height":250,"caption":"Patagonia Ambiental"},"image":{"@id":"https:\/\/patagoniambiental.com.ar\/info\/#\/schema\/logo\/image\/"},"sameAs":["https:\/\/www.facebook.com\/patagonia.ambiental","https:\/\/x.com\/PatAmb"]},{"@type":"Person","@id":"https:\/\/patagoniambiental.com.ar\/info\/#\/schema\/person\/db12bff64bbcbf6a253710bf0ea37b5d","name":"Patagonia Ambiental","description":"Andr\u00e9s Nievas T\u00e9cnico en manejo ambiental, consultor Ambiental y escritor para medios locales e internacionales sobre temas de geopolitica y medio ambiente.","sameAs":["http:\/\/www.patagoniambiental.com.ar","https:\/\/www.facebook.com\/share\/1C1V8Gv9BX\/?mibextid=qi2Omg","@patagoniambiental","https:\/\/youtube.com\/@patagoniaambiental2023?si=BLt58t0wuXquxlYZ"]}]}},"_links":{"self":[{"href":"https:\/\/patagoniambiental.com.ar\/info\/wp-json\/wp\/v2\/posts\/16057","targetHints":{"allow":["GET"]}}],"collection":[{"href":"https:\/\/patagoniambiental.com.ar\/info\/wp-json\/wp\/v2\/posts"}],"about":[{"href":"https:\/\/patagoniambiental.com.ar\/info\/wp-json\/wp\/v2\/types\/post"}],"author":[{"embeddable":true,"href":"https:\/\/patagoniambiental.com.ar\/info\/wp-json\/wp\/v2\/users\/2"}],"replies":[{"embeddable":true,"href":"https:\/\/patagoniambiental.com.ar\/info\/wp-json\/wp\/v2\/comments?post=16057"}],"version-history":[{"count":0,"href":"https:\/\/patagoniambiental.com.ar\/info\/wp-json\/wp\/v2\/posts\/16057\/revisions"}],"wp:featuredmedia":[{"embeddable":true,"href":"https:\/\/patagoniambiental.com.ar\/info\/wp-json\/"}],"wp:attachment":[{"href":"https:\/\/patagoniambiental.com.ar\/info\/wp-json\/wp\/v2\/media?parent=16057"}],"wp:term":[{"taxonomy":"category","embeddable":true,"href":"https:\/\/patagoniambiental.com.ar\/info\/wp-json\/wp\/v2\/categories?post=16057"},{"taxonomy":"post_tag","embeddable":true,"href":"https:\/\/patagoniambiental.com.ar\/info\/wp-json\/wp\/v2\/tags?post=16057"}],"curies":[{"name":"wp","href":"https:\/\/api.w.org\/{rel}","templated":true}]}}