{"id":16060,"date":"2015-12-11T09:00:21","date_gmt":"2015-12-11T12:00:21","guid":{"rendered":"http:\/\/patagoniambiental.com.ar\/?p=16060"},"modified":"2015-12-11T09:00:21","modified_gmt":"2015-12-11T12:00:21","slug":"es-necesario-que-se-desarrolle-de-una-vez-por-todas-la-energia-eolica-en-nuestro-pais","status":"publish","type":"post","link":"https:\/\/patagoniambiental.com.ar\/info\/es-necesario-que-se-desarrolle-de-una-vez-por-todas-la-energia-eolica-en-nuestro-pais\/","title":{"rendered":"\u00abEs necesario que se desarrolle de una vez por todas la energ\u00eda e\u00f3lica en nuestro pa\u00eds\u00bb"},"content":{"rendered":"<div class=\"cuerpo clearfix\">\n<p>Hern\u00e1n Giardini coordinador de la Campa\u00f1a de Biodiversidad de Greenpeace en comunicaci\u00f3n con radio Del Mar se refiri\u00f3 a la Cumbre Clim\u00e1tica que se realiza en Par\u00eds, que busca llegar a un acuerdo con todos los pa\u00edses del mundo para lograr bajar la cantidad de emanaciones t\u00f3xicas por parte de las industrias y as\u00ed frenar el aumento de la temperatura del planeta que pone en riesgo el futuro del planeta.<\/p>\n<p>Sobre dicha Cumbre Giardini indic\u00f3 \u00abcomo organizaci\u00f3n queremos que sea un acuerdo vinculante, que nos permita no subir m\u00e1s de 1 grado y medio de temperatura, el miedo es que se llegue a un acuerdo que no sea suficientemente ambicioso\u00bb.<\/p>\n<p>El miembro de Greenpeace Argentina se mostr\u00f3 esperanzado dado el hecho de \u00abque EEUU y China est\u00e9n tirando n\u00fameros arriba de la mesa es un avance porque anteriormente ni respond\u00edan. Brasil, India y Argentina tendr\u00e1n tambi\u00e9n que tener responsabilidad a pesar de no ser pa\u00edses industrializados porque son parte de este problema. Va a haber que tratar tambi\u00e9n la deforestaci\u00f3n. Los \u00faltimos anuncios de Shell sobre el abandono de investigaciones en el \u00e1rtico son un avance\u00bb.<\/p>\n<p>Hern\u00e1n se refiri\u00f3 a la utilizaci\u00f3n de energ\u00edas renovables y puso especial atenci\u00f3n en la regi\u00f3n ya que consider\u00f3 que \u00abes necesario que se desarrolle de una vez por todas la energ\u00eda e\u00f3lica en nuestro pa\u00eds, que en la Patagonia tiene un gran potencial que est\u00e1 completamente desaprovechado\u00bb.<\/p>\n<p>Sobre las peleas que llevan adelante desde su organizaci\u00f3n y otras del mismo tipo asegur\u00f3 \u00ablas organizaciones sociales y distintas comunidades van a seguir presionando para que las energ\u00edas renovables comiencen a tener m\u00e1s espacio y se comiencen a descartar las energ\u00edas no renovables\u00bb.<\/p>\n<p>Finalmente al ser consultado sobre el gobierno entrante sentenci\u00f3 que \u00abno hay grandes expectativas con el gobierno de Macri porque puso a el rabino Bergman en la cartera de Ambiente, que no tiene nada que ver con el puesto, no es id\u00f3neo, pero tendremos que esperar\u00bb.<\/p>\n<\/div>\n<div class=\"poll-nota\">\n<h2 class=\"section-title\"><\/h2>\n<\/div>\n","protected":false},"excerpt":{"rendered":"<p>Hern\u00e1n Giardini coordinador de la Campa\u00f1a de Biodiversidad de Greenpeace en comunicaci\u00f3n con radio Del Mar se refiri\u00f3 a la [&hellip;]<\/p>\n","protected":false},"author":2,"featured_media":16061,"comment_status":"closed","ping_status":"closed","sticky":false,"template":"","format":"standard","meta":{"site-sidebar-layout":"default","site-content-layout":"","ast-site-content-layout":"default","site-content-style":"default","site-sidebar-style":"default","ast-global-header-display":"","ast-banner-title-visibility":"","ast-main-header-display":"","ast-hfb-above-header-display":"","ast-hfb-below-header-display":"","ast-hfb-mobile-header-display":"","site-post-title":"","ast-breadcrumbs-content":"","ast-featured-img":"","footer-sml-layout":"","ast-disable-related-posts":"","theme-transparent-header-meta":"","adv-header-id-meta":"","stick-header-meta":"","header-above-stick-meta":"","header-main-stick-meta":"","header-below-stick-meta":"","astra-migrate-meta-layouts":"default","ast-page-background-enabled":"default","ast-page-background-meta":{"desktop":{"background-color":"var(--ast-global-color-5)","background-image":"","background-repeat":"repeat","background-position":"center center","background-size":"auto","background-attachment":"scroll","background-type":"","background-media":"","overlay-type":"","overlay-color":"","overlay-opacity":"","overlay-gradient":""},"tablet":{"background-color":"","background-image":"","background-repeat":"repeat","background-position":"center center","background-size":"auto","background-attachment":"scroll","background-type":"","background-media":"","overlay-type":"","overlay-color":"","overlay-opacity":"","overlay-gradient":""},"mobile":{"background-color":"","background-image":"","background-repeat":"repeat","background-position":"center center","background-size":"auto","background-attachment":"scroll","background-type":"","background-media":"","overlay-type":"","overlay-color":"","overlay-opacity":"","overlay-gradient":""}},"ast-content-background-meta":{"desktop":{"background-color":"var(--ast-global-color-4)","background-image":"","background-repeat":"repeat","background-position":"center center","background-size":"auto","background-attachment":"scroll","background-type":"","background-media":"","overlay-type":"","overlay-color":"","overlay-opacity":"","overlay-gradient":""},"tablet":{"background-color":"var(--ast-global-color-4)","background-image":"","background-repeat":"repeat","background-position":"center center","background-size":"auto","background-attachment":"scroll","background-type":"","background-media":"","overlay-type":"","overlay-color":"","overlay-opacity":"","overlay-gradient":""},"mobile":{"background-color":"var(--ast-global-color-4)","background-image":"","background-repeat":"repeat","background-position":"center center","background-size":"auto","background-attachment":"scroll","background-type":"","background-media":"","overlay-type":"","overlay-color":"","overlay-opacity":"","overlay-gradient":""}},"footnotes":""},"categories":[1],"tags":[],"class_list":["post-16060","post","type-post","status-publish","format-standard","has-post-thumbnail","hentry","category-noticias"],"yoast_head":"<!-- This site is optimized with the Yoast SEO Premium plugin v23.0 (Yoast SEO v27.5) - https:\/\/yoast.com\/product\/yoast-seo-premium-wordpress\/ -->\n<title>&quot;Es necesario que se desarrolle de una vez por todas la energ\u00eda e\u00f3lica en nuestro pa\u00eds&quot;<\/title>\n<meta name=\"robots\" content=\"index, follow, max-snippet:-1, max-image-preview:large, max-video-preview:-1\" \/>\n<link rel=\"canonical\" href=\"https:\/\/patagoniambiental.com.ar\/info\/es-necesario-que-se-desarrolle-de-una-vez-por-todas-la-energia-eolica-en-nuestro-pais\/\" \/>\n<meta property=\"og:locale\" content=\"es_ES\" \/>\n<meta property=\"og:type\" content=\"article\" \/>\n<meta property=\"og:title\" content=\"&quot;Es necesario que se desarrolle de una vez por todas la energ\u00eda e\u00f3lica en nuestro pa\u00eds&quot;\" \/>\n<meta property=\"og:description\" content=\"Hern\u00e1n Giardini coordinador de la Campa\u00f1a de Biodiversidad de Greenpeace en comunicaci\u00f3n con radio Del Mar se refiri\u00f3 a la [&hellip;]\" \/>\n<meta property=\"og:url\" content=\"https:\/\/patagoniambiental.com.ar\/info\/es-necesario-que-se-desarrolle-de-una-vez-por-todas-la-energia-eolica-en-nuestro-pais\/\" \/>\n<meta property=\"og:site_name\" content=\"Patagonia Ambiental\" \/>\n<meta property=\"article:publisher\" content=\"https:\/\/www.facebook.com\/patagonia.ambiental\" \/>\n<meta property=\"article:author\" content=\"https:\/\/www.facebook.com\/share\/1C1V8Gv9BX\/?mibextid=qi2Omg\" \/>\n<meta property=\"article:published_time\" content=\"2015-12-11T12:00:21+00:00\" \/>\n<meta name=\"author\" content=\"Patagonia Ambiental\" \/>\n<meta name=\"twitter:card\" content=\"summary_large_image\" \/>\n<meta name=\"twitter:creator\" content=\"@PatAmb\" \/>\n<meta name=\"twitter:site\" content=\"@PatAmb\" \/>\n<script type=\"application\/ld+json\" class=\"yoast-schema-graph\">{\"@context\":\"https:\\\/\\\/schema.org\",\"@graph\":[{\"@type\":\"Article\",\"@id\":\"https:\\\/\\\/patagoniambiental.com.ar\\\/info\\\/es-necesario-que-se-desarrolle-de-una-vez-por-todas-la-energia-eolica-en-nuestro-pais\\\/#article\",\"isPartOf\":{\"@id\":\"https:\\\/\\\/patagoniambiental.com.ar\\\/info\\\/es-necesario-que-se-desarrolle-de-una-vez-por-todas-la-energia-eolica-en-nuestro-pais\\\/\"},\"author\":{\"name\":\"Patagonia Ambiental\",\"@id\":\"https:\\\/\\\/patagoniambiental.com.ar\\\/info\\\/#\\\/schema\\\/person\\\/db12bff64bbcbf6a253710bf0ea37b5d\"},\"headline\":\"\u00abEs necesario que se desarrolle de una vez por todas la energ\u00eda e\u00f3lica en nuestro pa\u00eds\u00bb\",\"datePublished\":\"2015-12-11T12:00:21+00:00\",\"mainEntityOfPage\":{\"@id\":\"https:\\\/\\\/patagoniambiental.com.ar\\\/info\\\/es-necesario-que-se-desarrolle-de-una-vez-por-todas-la-energia-eolica-en-nuestro-pais\\\/\"},\"wordCount\":372,\"publisher\":{\"@id\":\"https:\\\/\\\/patagoniambiental.com.ar\\\/info\\\/#organization\"},\"image\":{\"@id\":\"https:\\\/\\\/patagoniambiental.com.ar\\\/info\\\/es-necesario-que-se-desarrolle-de-una-vez-por-todas-la-energia-eolica-en-nuestro-pais\\\/#primaryimage\"},\"thumbnailUrl\":\"\",\"articleSection\":[\"Noticias\"],\"inLanguage\":\"es\"},{\"@type\":\"WebPage\",\"@id\":\"https:\\\/\\\/patagoniambiental.com.ar\\\/info\\\/es-necesario-que-se-desarrolle-de-una-vez-por-todas-la-energia-eolica-en-nuestro-pais\\\/\",\"url\":\"https:\\\/\\\/patagoniambiental.com.ar\\\/info\\\/es-necesario-que-se-desarrolle-de-una-vez-por-todas-la-energia-eolica-en-nuestro-pais\\\/\",\"name\":\"\\\"Es necesario que se desarrolle de una vez por todas la energ\u00eda e\u00f3lica en nuestro pa\u00eds\\\"\",\"isPartOf\":{\"@id\":\"https:\\\/\\\/patagoniambiental.com.ar\\\/info\\\/#website\"},\"primaryImageOfPage\":{\"@id\":\"https:\\\/\\\/patagoniambiental.com.ar\\\/info\\\/es-necesario-que-se-desarrolle-de-una-vez-por-todas-la-energia-eolica-en-nuestro-pais\\\/#primaryimage\"},\"image\":{\"@id\":\"https:\\\/\\\/patagoniambiental.com.ar\\\/info\\\/es-necesario-que-se-desarrolle-de-una-vez-por-todas-la-energia-eolica-en-nuestro-pais\\\/#primaryimage\"},\"thumbnailUrl\":\"\",\"datePublished\":\"2015-12-11T12:00:21+00:00\",\"breadcrumb\":{\"@id\":\"https:\\\/\\\/patagoniambiental.com.ar\\\/info\\\/es-necesario-que-se-desarrolle-de-una-vez-por-todas-la-energia-eolica-en-nuestro-pais\\\/#breadcrumb\"},\"inLanguage\":\"es\",\"potentialAction\":[{\"@type\":\"ReadAction\",\"target\":[\"https:\\\/\\\/patagoniambiental.com.ar\\\/info\\\/es-necesario-que-se-desarrolle-de-una-vez-por-todas-la-energia-eolica-en-nuestro-pais\\\/\"]}]},{\"@type\":\"ImageObject\",\"inLanguage\":\"es\",\"@id\":\"https:\\\/\\\/patagoniambiental.com.ar\\\/info\\\/es-necesario-que-se-desarrolle-de-una-vez-por-todas-la-energia-eolica-en-nuestro-pais\\\/#primaryimage\",\"url\":\"\",\"contentUrl\":\"\"},{\"@type\":\"BreadcrumbList\",\"@id\":\"https:\\\/\\\/patagoniambiental.com.ar\\\/info\\\/es-necesario-que-se-desarrolle-de-una-vez-por-todas-la-energia-eolica-en-nuestro-pais\\\/#breadcrumb\",\"itemListElement\":[{\"@type\":\"ListItem\",\"position\":1,\"name\":\"Inicio\",\"item\":\"https:\\\/\\\/patagoniambiental.com.ar\\\/info\\\/\"},{\"@type\":\"ListItem\",\"position\":2,\"name\":\"\u00abEs necesario que se desarrolle de una vez por todas la energ\u00eda e\u00f3lica en nuestro pa\u00eds\u00bb\"}]},{\"@type\":\"WebSite\",\"@id\":\"https:\\\/\\\/patagoniambiental.com.ar\\\/info\\\/#website\",\"url\":\"https:\\\/\\\/patagoniambiental.com.ar\\\/info\\\/\",\"name\":\"Patagonia Ambiental\",\"description\":\"Monitoreo y an\u00e1lisis de la situaci\u00f3n geopol\u00edtica en el mundo y su implicancia en la Patagonia\",\"publisher\":{\"@id\":\"https:\\\/\\\/patagoniambiental.com.ar\\\/info\\\/#organization\"},\"potentialAction\":[{\"@type\":\"SearchAction\",\"target\":{\"@type\":\"EntryPoint\",\"urlTemplate\":\"https:\\\/\\\/patagoniambiental.com.ar\\\/info\\\/?s={search_term_string}\"},\"query-input\":{\"@type\":\"PropertyValueSpecification\",\"valueRequired\":true,\"valueName\":\"search_term_string\"}}],\"inLanguage\":\"es\"},{\"@type\":\"Organization\",\"@id\":\"https:\\\/\\\/patagoniambiental.com.ar\\\/info\\\/#organization\",\"name\":\"Patagonia Ambiental\",\"url\":\"https:\\\/\\\/patagoniambiental.com.ar\\\/info\\\/\",\"logo\":{\"@type\":\"ImageObject\",\"inLanguage\":\"es\",\"@id\":\"https:\\\/\\\/patagoniambiental.com.ar\\\/info\\\/#\\\/schema\\\/logo\\\/image\\\/\",\"url\":\"https:\\\/\\\/patagoniambiental.com.ar\\\/info\\\/wp-content\\\/uploads\\\/2025\\\/05\\\/LOGO-PATAGONIA-AMBIENTAL.png\",\"contentUrl\":\"https:\\\/\\\/patagoniambiental.com.ar\\\/info\\\/wp-content\\\/uploads\\\/2025\\\/05\\\/LOGO-PATAGONIA-AMBIENTAL.png\",\"width\":433,\"height\":250,\"caption\":\"Patagonia Ambiental\"},\"image\":{\"@id\":\"https:\\\/\\\/patagoniambiental.com.ar\\\/info\\\/#\\\/schema\\\/logo\\\/image\\\/\"},\"sameAs\":[\"https:\\\/\\\/www.facebook.com\\\/patagonia.ambiental\",\"https:\\\/\\\/x.com\\\/PatAmb\"]},{\"@type\":\"Person\",\"@id\":\"https:\\\/\\\/patagoniambiental.com.ar\\\/info\\\/#\\\/schema\\\/person\\\/db12bff64bbcbf6a253710bf0ea37b5d\",\"name\":\"Patagonia Ambiental\",\"description\":\"Andr\u00e9s Nievas T\u00e9cnico en manejo ambiental, consultor Ambiental y escritor para medios locales e internacionales sobre temas de geopolitica y medio ambiente.\",\"sameAs\":[\"http:\\\/\\\/www.patagoniambiental.com.ar\",\"https:\\\/\\\/www.facebook.com\\\/share\\\/1C1V8Gv9BX\\\/?mibextid=qi2Omg\",\"@patagoniambiental\",\"https:\\\/\\\/youtube.com\\\/@patagoniaambiental2023?si=BLt58t0wuXquxlYZ\"]}]}<\/script>\n<!-- \/ Yoast SEO Premium plugin. -->","yoast_head_json":{"title":"\"Es necesario que se desarrolle de una vez por todas la energ\u00eda e\u00f3lica en nuestro pa\u00eds\"","robots":{"index":"index","follow":"follow","max-snippet":"max-snippet:-1","max-image-preview":"max-image-preview:large","max-video-preview":"max-video-preview:-1"},"canonical":"https:\/\/patagoniambiental.com.ar\/info\/es-necesario-que-se-desarrolle-de-una-vez-por-todas-la-energia-eolica-en-nuestro-pais\/","og_locale":"es_ES","og_type":"article","og_title":"\"Es necesario que se desarrolle de una vez por todas la energ\u00eda e\u00f3lica en nuestro pa\u00eds\"","og_description":"Hern\u00e1n Giardini coordinador de la Campa\u00f1a de Biodiversidad de Greenpeace en comunicaci\u00f3n con radio Del Mar se refiri\u00f3 a la [&hellip;]","og_url":"https:\/\/patagoniambiental.com.ar\/info\/es-necesario-que-se-desarrolle-de-una-vez-por-todas-la-energia-eolica-en-nuestro-pais\/","og_site_name":"Patagonia Ambiental","article_publisher":"https:\/\/www.facebook.com\/patagonia.ambiental","article_author":"https:\/\/www.facebook.com\/share\/1C1V8Gv9BX\/?mibextid=qi2Omg","article_published_time":"2015-12-11T12:00:21+00:00","author":"Patagonia Ambiental","twitter_card":"summary_large_image","twitter_creator":"@PatAmb","twitter_site":"@PatAmb","schema":{"@context":"https:\/\/schema.org","@graph":[{"@type":"Article","@id":"https:\/\/patagoniambiental.com.ar\/info\/es-necesario-que-se-desarrolle-de-una-vez-por-todas-la-energia-eolica-en-nuestro-pais\/#article","isPartOf":{"@id":"https:\/\/patagoniambiental.com.ar\/info\/es-necesario-que-se-desarrolle-de-una-vez-por-todas-la-energia-eolica-en-nuestro-pais\/"},"author":{"name":"Patagonia Ambiental","@id":"https:\/\/patagoniambiental.com.ar\/info\/#\/schema\/person\/db12bff64bbcbf6a253710bf0ea37b5d"},"headline":"\u00abEs necesario que se desarrolle de una vez por todas la energ\u00eda e\u00f3lica en nuestro pa\u00eds\u00bb","datePublished":"2015-12-11T12:00:21+00:00","mainEntityOfPage":{"@id":"https:\/\/patagoniambiental.com.ar\/info\/es-necesario-que-se-desarrolle-de-una-vez-por-todas-la-energia-eolica-en-nuestro-pais\/"},"wordCount":372,"publisher":{"@id":"https:\/\/patagoniambiental.com.ar\/info\/#organization"},"image":{"@id":"https:\/\/patagoniambiental.com.ar\/info\/es-necesario-que-se-desarrolle-de-una-vez-por-todas-la-energia-eolica-en-nuestro-pais\/#primaryimage"},"thumbnailUrl":"","articleSection":["Noticias"],"inLanguage":"es"},{"@type":"WebPage","@id":"https:\/\/patagoniambiental.com.ar\/info\/es-necesario-que-se-desarrolle-de-una-vez-por-todas-la-energia-eolica-en-nuestro-pais\/","url":"https:\/\/patagoniambiental.com.ar\/info\/es-necesario-que-se-desarrolle-de-una-vez-por-todas-la-energia-eolica-en-nuestro-pais\/","name":"\"Es necesario que se desarrolle de una vez por todas la energ\u00eda e\u00f3lica en nuestro pa\u00eds\"","isPartOf":{"@id":"https:\/\/patagoniambiental.com.ar\/info\/#website"},"primaryImageOfPage":{"@id":"https:\/\/patagoniambiental.com.ar\/info\/es-necesario-que-se-desarrolle-de-una-vez-por-todas-la-energia-eolica-en-nuestro-pais\/#primaryimage"},"image":{"@id":"https:\/\/patagoniambiental.com.ar\/info\/es-necesario-que-se-desarrolle-de-una-vez-por-todas-la-energia-eolica-en-nuestro-pais\/#primaryimage"},"thumbnailUrl":"","datePublished":"2015-12-11T12:00:21+00:00","breadcrumb":{"@id":"https:\/\/patagoniambiental.com.ar\/info\/es-necesario-que-se-desarrolle-de-una-vez-por-todas-la-energia-eolica-en-nuestro-pais\/#breadcrumb"},"inLanguage":"es","potentialAction":[{"@type":"ReadAction","target":["https:\/\/patagoniambiental.com.ar\/info\/es-necesario-que-se-desarrolle-de-una-vez-por-todas-la-energia-eolica-en-nuestro-pais\/"]}]},{"@type":"ImageObject","inLanguage":"es","@id":"https:\/\/patagoniambiental.com.ar\/info\/es-necesario-que-se-desarrolle-de-una-vez-por-todas-la-energia-eolica-en-nuestro-pais\/#primaryimage","url":"","contentUrl":""},{"@type":"BreadcrumbList","@id":"https:\/\/patagoniambiental.com.ar\/info\/es-necesario-que-se-desarrolle-de-una-vez-por-todas-la-energia-eolica-en-nuestro-pais\/#breadcrumb","itemListElement":[{"@type":"ListItem","position":1,"name":"Inicio","item":"https:\/\/patagoniambiental.com.ar\/info\/"},{"@type":"ListItem","position":2,"name":"\u00abEs necesario que se desarrolle de una vez por todas la energ\u00eda e\u00f3lica en nuestro pa\u00eds\u00bb"}]},{"@type":"WebSite","@id":"https:\/\/patagoniambiental.com.ar\/info\/#website","url":"https:\/\/patagoniambiental.com.ar\/info\/","name":"Patagonia Ambiental","description":"Monitoreo y an\u00e1lisis de la situaci\u00f3n geopol\u00edtica en el mundo y su implicancia en la Patagonia","publisher":{"@id":"https:\/\/patagoniambiental.com.ar\/info\/#organization"},"potentialAction":[{"@type":"SearchAction","target":{"@type":"EntryPoint","urlTemplate":"https:\/\/patagoniambiental.com.ar\/info\/?s={search_term_string}"},"query-input":{"@type":"PropertyValueSpecification","valueRequired":true,"valueName":"search_term_string"}}],"inLanguage":"es"},{"@type":"Organization","@id":"https:\/\/patagoniambiental.com.ar\/info\/#organization","name":"Patagonia Ambiental","url":"https:\/\/patagoniambiental.com.ar\/info\/","logo":{"@type":"ImageObject","inLanguage":"es","@id":"https:\/\/patagoniambiental.com.ar\/info\/#\/schema\/logo\/image\/","url":"https:\/\/patagoniambiental.com.ar\/info\/wp-content\/uploads\/2025\/05\/LOGO-PATAGONIA-AMBIENTAL.png","contentUrl":"https:\/\/patagoniambiental.com.ar\/info\/wp-content\/uploads\/2025\/05\/LOGO-PATAGONIA-AMBIENTAL.png","width":433,"height":250,"caption":"Patagonia Ambiental"},"image":{"@id":"https:\/\/patagoniambiental.com.ar\/info\/#\/schema\/logo\/image\/"},"sameAs":["https:\/\/www.facebook.com\/patagonia.ambiental","https:\/\/x.com\/PatAmb"]},{"@type":"Person","@id":"https:\/\/patagoniambiental.com.ar\/info\/#\/schema\/person\/db12bff64bbcbf6a253710bf0ea37b5d","name":"Patagonia Ambiental","description":"Andr\u00e9s Nievas T\u00e9cnico en manejo ambiental, consultor Ambiental y escritor para medios locales e internacionales sobre temas de geopolitica y medio ambiente.","sameAs":["http:\/\/www.patagoniambiental.com.ar","https:\/\/www.facebook.com\/share\/1C1V8Gv9BX\/?mibextid=qi2Omg","@patagoniambiental","https:\/\/youtube.com\/@patagoniaambiental2023?si=BLt58t0wuXquxlYZ"]}]}},"_links":{"self":[{"href":"https:\/\/patagoniambiental.com.ar\/info\/wp-json\/wp\/v2\/posts\/16060","targetHints":{"allow":["GET"]}}],"collection":[{"href":"https:\/\/patagoniambiental.com.ar\/info\/wp-json\/wp\/v2\/posts"}],"about":[{"href":"https:\/\/patagoniambiental.com.ar\/info\/wp-json\/wp\/v2\/types\/post"}],"author":[{"embeddable":true,"href":"https:\/\/patagoniambiental.com.ar\/info\/wp-json\/wp\/v2\/users\/2"}],"replies":[{"embeddable":true,"href":"https:\/\/patagoniambiental.com.ar\/info\/wp-json\/wp\/v2\/comments?post=16060"}],"version-history":[{"count":0,"href":"https:\/\/patagoniambiental.com.ar\/info\/wp-json\/wp\/v2\/posts\/16060\/revisions"}],"wp:featuredmedia":[{"embeddable":true,"href":"https:\/\/patagoniambiental.com.ar\/info\/wp-json\/"}],"wp:attachment":[{"href":"https:\/\/patagoniambiental.com.ar\/info\/wp-json\/wp\/v2\/media?parent=16060"}],"wp:term":[{"taxonomy":"category","embeddable":true,"href":"https:\/\/patagoniambiental.com.ar\/info\/wp-json\/wp\/v2\/categories?post=16060"},{"taxonomy":"post_tag","embeddable":true,"href":"https:\/\/patagoniambiental.com.ar\/info\/wp-json\/wp\/v2\/tags?post=16060"}],"curies":[{"name":"wp","href":"https:\/\/api.w.org\/{rel}","templated":true}]}}