{"id":16063,"date":"2015-12-11T09:00:42","date_gmt":"2015-12-11T12:00:42","guid":{"rendered":"http:\/\/patagoniambiental.com.ar\/?p=16063"},"modified":"2015-12-11T09:00:42","modified_gmt":"2015-12-11T12:00:42","slug":"cop21-se-retrasa-para-manana-la-presentacion-del-proyecto-sobre-cambio-climatico","status":"publish","type":"post","link":"https:\/\/patagoniambiental.com.ar\/info\/cop21-se-retrasa-para-manana-la-presentacion-del-proyecto-sobre-cambio-climatico\/","title":{"rendered":"COP21: Se retrasa para ma\u00f1ana la presentaci\u00f3n del proyecto sobre cambio clim\u00e1tico"},"content":{"rendered":"<p>La presentaci\u00f3n del proyecto de acuerdo global de lucha contra el cambio clim\u00e1tico se retrasa de hoy, viernes, al s\u00e1bado por la ma\u00f1ana, inform\u00f3 el ministro franc\u00e9s de Exteriores, Laurent Fabius.<\/p>\n<p>Voy a presentar el texto no la noche del viernes como yo pensaba, sino el s\u00e1bado por la ma\u00f1ana\u201d, dijo Fabius, presidente de la cumbre del clima (COP21) que se celebra en Par\u00eds, al canal de televisi\u00f3n BFM, sin precisar los motivos.<\/p>\n<p>El nuevo documento, en el que pr\u00e1cticamente han desaparecido los corchetes (apenas quedan 48 frente a los 365 que ten\u00eda anoche), ya tiene \u201cla forma\u201d del acuerdo legal que preven adoptar 195 pa\u00edses m\u00e1s la Uni\u00f3n Europea, seg\u00fan expertos consultados por Efe.<\/p>\n<p>El texto posee 27 p\u00e1ginas, de las que 12 corresponden al pacto en s\u00ed y 15 a una decisi\u00f3n que lo desarrolla, y supone \u201cun progreso\u201d dijo Fabius el jueves por la noche, al reconocer que a\u00fan quedan puntos conflictivos por cerrar, entre los que destac\u00f3 la ambici\u00f3n del acuerdo, la diferenciaci\u00f3n entre pa\u00edses ricos y pobres, y la financiaci\u00f3n para estos \u00faltimos.<\/p>\n<p>El pre\u00e1mbulo del acuerdo ha quedado \u201cordenado\u201d y est\u00e1 pr\u00e1cticamente cerrado, seg\u00fan indic\u00f3 a EfeVerde la jefa de la delegaci\u00f3n venezolana, Claudia Salerno, responsable de facilitar las negociaciones del mismo.<\/p>\n<p>El pre\u00e1mbulo se\u00f1ala que el pacto deber\u00eda guiarse por \u201cresponsabilidades comunes pero diferenciadas\u201d en combatir el cambio clim\u00e1tico y tener en cuenta las necesidades de los pa\u00edses en desarrollo y de los m\u00e1s vulnerables, tambi\u00e9n menos responsables de haber causado el problema.<\/p>\n<p>El acuerdo en s\u00ed se propone como objetivo mantener la temperatura del planeta por debajo de dos grados respecto a niveles preindustriales y perseguir que no aumente m\u00e1s de 1,5 para evitar los peores impactos del cambio clim\u00e1tico.<\/p>\n<p>En cuanto a sus objetivos a largo plazo, los pa\u00edses se comprometen a \u201cponer pico a sus emisiones tan pronto como sea posible\u201d y a alcanzar la neutralidad en emisiones de gases de efecto invernadero en la segunda mitad de siglo, o dicho con otras palabras, a no lanzar m\u00e1s gases contaminantes de los que el planeta pueda absorber.<\/p>\n<p>Entre otras cuestiones, desaparece la referencia a fijarse un objetivo de reducci\u00f3n de emisiones para 2050, como pretend\u00eda la Uni\u00f3n Europea, y tambi\u00e9n la alusi\u00f3n a lograr la descarbonizaci\u00f3n de las econom\u00edas en 2100.<\/p>\n<p>Fabius hab\u00eda pedido el jueves a los representantes de los pa\u00edses que \u201ctengan el acuerdo final en mente\u201d cuando revisen este \u00faltimo borrador y que su intervenci\u00f3n en el plenario eluda las cr\u00edticas y se centre en \u201caportar soluciones\u201d.<\/p>\n<p>&nbsp;<\/p>\n","protected":false},"excerpt":{"rendered":"<p>La presentaci\u00f3n del proyecto de acuerdo global de lucha contra el cambio clim\u00e1tico se retrasa de hoy, viernes, al s\u00e1bado [&hellip;]<\/p>\n","protected":false},"author":2,"featured_media":16064,"comment_status":"closed","ping_status":"closed","sticky":false,"template":"","format":"standard","meta":{"site-sidebar-layout":"default","site-content-layout":"","ast-site-content-layout":"default","site-content-style":"default","site-sidebar-style":"default","ast-global-header-display":"","ast-banner-title-visibility":"","ast-main-header-display":"","ast-hfb-above-header-display":"","ast-hfb-below-header-display":"","ast-hfb-mobile-header-display":"","site-post-title":"","ast-breadcrumbs-content":"","ast-featured-img":"","footer-sml-layout":"","ast-disable-related-posts":"","theme-transparent-header-meta":"","adv-header-id-meta":"","stick-header-meta":"","header-above-stick-meta":"","header-main-stick-meta":"","header-below-stick-meta":"","astra-migrate-meta-layouts":"default","ast-page-background-enabled":"default","ast-page-background-meta":{"desktop":{"background-color":"var(--ast-global-color-5)","background-image":"","background-repeat":"repeat","background-position":"center center","background-size":"auto","background-attachment":"scroll","background-type":"","background-media":"","overlay-type":"","overlay-color":"","overlay-opacity":"","overlay-gradient":""},"tablet":{"background-color":"","background-image":"","background-repeat":"repeat","background-position":"center center","background-size":"auto","background-attachment":"scroll","background-type":"","background-media":"","overlay-type":"","overlay-color":"","overlay-opacity":"","overlay-gradient":""},"mobile":{"background-color":"","background-image":"","background-repeat":"repeat","background-position":"center center","background-size":"auto","background-attachment":"scroll","background-type":"","background-media":"","overlay-type":"","overlay-color":"","overlay-opacity":"","overlay-gradient":""}},"ast-content-background-meta":{"desktop":{"background-color":"var(--ast-global-color-4)","background-image":"","background-repeat":"repeat","background-position":"center center","background-size":"auto","background-attachment":"scroll","background-type":"","background-media":"","overlay-type":"","overlay-color":"","overlay-opacity":"","overlay-gradient":""},"tablet":{"background-color":"var(--ast-global-color-4)","background-image":"","background-repeat":"repeat","background-position":"center center","background-size":"auto","background-attachment":"scroll","background-type":"","background-media":"","overlay-type":"","overlay-color":"","overlay-opacity":"","overlay-gradient":""},"mobile":{"background-color":"var(--ast-global-color-4)","background-image":"","background-repeat":"repeat","background-position":"center center","background-size":"auto","background-attachment":"scroll","background-type":"","background-media":"","overlay-type":"","overlay-color":"","overlay-opacity":"","overlay-gradient":""}},"footnotes":""},"categories":[1],"tags":[],"class_list":["post-16063","post","type-post","status-publish","format-standard","has-post-thumbnail","hentry","category-noticias"],"yoast_head":"<!-- This site is optimized with the Yoast SEO Premium plugin v23.0 (Yoast SEO v27.5) - https:\/\/yoast.com\/product\/yoast-seo-premium-wordpress\/ -->\n<title>COP21: Se retrasa para ma\u00f1ana la presentaci\u00f3n del proyecto sobre cambio clim\u00e1tico<\/title>\n<meta name=\"robots\" content=\"index, follow, max-snippet:-1, max-image-preview:large, max-video-preview:-1\" \/>\n<link rel=\"canonical\" href=\"https:\/\/patagoniambiental.com.ar\/info\/cop21-se-retrasa-para-manana-la-presentacion-del-proyecto-sobre-cambio-climatico\/\" \/>\n<meta property=\"og:locale\" content=\"es_ES\" \/>\n<meta property=\"og:type\" content=\"article\" \/>\n<meta property=\"og:title\" content=\"COP21: Se retrasa para ma\u00f1ana la presentaci\u00f3n del proyecto sobre cambio clim\u00e1tico\" \/>\n<meta property=\"og:description\" content=\"La presentaci\u00f3n del proyecto de acuerdo global de lucha contra el cambio clim\u00e1tico se retrasa de hoy, viernes, al s\u00e1bado [&hellip;]\" \/>\n<meta property=\"og:url\" content=\"https:\/\/patagoniambiental.com.ar\/info\/cop21-se-retrasa-para-manana-la-presentacion-del-proyecto-sobre-cambio-climatico\/\" \/>\n<meta property=\"og:site_name\" content=\"Patagonia Ambiental\" \/>\n<meta property=\"article:publisher\" content=\"https:\/\/www.facebook.com\/patagonia.ambiental\" \/>\n<meta property=\"article:author\" content=\"https:\/\/www.facebook.com\/share\/1C1V8Gv9BX\/?mibextid=qi2Omg\" \/>\n<meta property=\"article:published_time\" content=\"2015-12-11T12:00:42+00:00\" \/>\n<meta name=\"author\" content=\"Patagonia Ambiental\" \/>\n<meta name=\"twitter:card\" content=\"summary_large_image\" \/>\n<meta name=\"twitter:creator\" content=\"@PatAmb\" \/>\n<meta name=\"twitter:site\" content=\"@PatAmb\" \/>\n<script type=\"application\/ld+json\" class=\"yoast-schema-graph\">{\"@context\":\"https:\\\/\\\/schema.org\",\"@graph\":[{\"@type\":\"Article\",\"@id\":\"https:\\\/\\\/patagoniambiental.com.ar\\\/info\\\/cop21-se-retrasa-para-manana-la-presentacion-del-proyecto-sobre-cambio-climatico\\\/#article\",\"isPartOf\":{\"@id\":\"https:\\\/\\\/patagoniambiental.com.ar\\\/info\\\/cop21-se-retrasa-para-manana-la-presentacion-del-proyecto-sobre-cambio-climatico\\\/\"},\"author\":{\"name\":\"Patagonia Ambiental\",\"@id\":\"https:\\\/\\\/patagoniambiental.com.ar\\\/info\\\/#\\\/schema\\\/person\\\/db12bff64bbcbf6a253710bf0ea37b5d\"},\"headline\":\"COP21: Se retrasa para ma\u00f1ana la presentaci\u00f3n del proyecto sobre cambio clim\u00e1tico\",\"datePublished\":\"2015-12-11T12:00:42+00:00\",\"mainEntityOfPage\":{\"@id\":\"https:\\\/\\\/patagoniambiental.com.ar\\\/info\\\/cop21-se-retrasa-para-manana-la-presentacion-del-proyecto-sobre-cambio-climatico\\\/\"},\"wordCount\":475,\"publisher\":{\"@id\":\"https:\\\/\\\/patagoniambiental.com.ar\\\/info\\\/#organization\"},\"image\":{\"@id\":\"https:\\\/\\\/patagoniambiental.com.ar\\\/info\\\/cop21-se-retrasa-para-manana-la-presentacion-del-proyecto-sobre-cambio-climatico\\\/#primaryimage\"},\"thumbnailUrl\":\"\",\"articleSection\":[\"Noticias\"],\"inLanguage\":\"es\"},{\"@type\":\"WebPage\",\"@id\":\"https:\\\/\\\/patagoniambiental.com.ar\\\/info\\\/cop21-se-retrasa-para-manana-la-presentacion-del-proyecto-sobre-cambio-climatico\\\/\",\"url\":\"https:\\\/\\\/patagoniambiental.com.ar\\\/info\\\/cop21-se-retrasa-para-manana-la-presentacion-del-proyecto-sobre-cambio-climatico\\\/\",\"name\":\"COP21: Se retrasa para ma\u00f1ana la presentaci\u00f3n del proyecto sobre cambio clim\u00e1tico\",\"isPartOf\":{\"@id\":\"https:\\\/\\\/patagoniambiental.com.ar\\\/info\\\/#website\"},\"primaryImageOfPage\":{\"@id\":\"https:\\\/\\\/patagoniambiental.com.ar\\\/info\\\/cop21-se-retrasa-para-manana-la-presentacion-del-proyecto-sobre-cambio-climatico\\\/#primaryimage\"},\"image\":{\"@id\":\"https:\\\/\\\/patagoniambiental.com.ar\\\/info\\\/cop21-se-retrasa-para-manana-la-presentacion-del-proyecto-sobre-cambio-climatico\\\/#primaryimage\"},\"thumbnailUrl\":\"\",\"datePublished\":\"2015-12-11T12:00:42+00:00\",\"breadcrumb\":{\"@id\":\"https:\\\/\\\/patagoniambiental.com.ar\\\/info\\\/cop21-se-retrasa-para-manana-la-presentacion-del-proyecto-sobre-cambio-climatico\\\/#breadcrumb\"},\"inLanguage\":\"es\",\"potentialAction\":[{\"@type\":\"ReadAction\",\"target\":[\"https:\\\/\\\/patagoniambiental.com.ar\\\/info\\\/cop21-se-retrasa-para-manana-la-presentacion-del-proyecto-sobre-cambio-climatico\\\/\"]}]},{\"@type\":\"ImageObject\",\"inLanguage\":\"es\",\"@id\":\"https:\\\/\\\/patagoniambiental.com.ar\\\/info\\\/cop21-se-retrasa-para-manana-la-presentacion-del-proyecto-sobre-cambio-climatico\\\/#primaryimage\",\"url\":\"\",\"contentUrl\":\"\"},{\"@type\":\"BreadcrumbList\",\"@id\":\"https:\\\/\\\/patagoniambiental.com.ar\\\/info\\\/cop21-se-retrasa-para-manana-la-presentacion-del-proyecto-sobre-cambio-climatico\\\/#breadcrumb\",\"itemListElement\":[{\"@type\":\"ListItem\",\"position\":1,\"name\":\"Inicio\",\"item\":\"https:\\\/\\\/patagoniambiental.com.ar\\\/info\\\/\"},{\"@type\":\"ListItem\",\"position\":2,\"name\":\"COP21: Se retrasa para ma\u00f1ana la presentaci\u00f3n del proyecto sobre cambio clim\u00e1tico\"}]},{\"@type\":\"WebSite\",\"@id\":\"https:\\\/\\\/patagoniambiental.com.ar\\\/info\\\/#website\",\"url\":\"https:\\\/\\\/patagoniambiental.com.ar\\\/info\\\/\",\"name\":\"Patagonia Ambiental\",\"description\":\"Monitoreo y an\u00e1lisis de la situaci\u00f3n geopol\u00edtica en el mundo y su implicancia en la Patagonia\",\"publisher\":{\"@id\":\"https:\\\/\\\/patagoniambiental.com.ar\\\/info\\\/#organization\"},\"potentialAction\":[{\"@type\":\"SearchAction\",\"target\":{\"@type\":\"EntryPoint\",\"urlTemplate\":\"https:\\\/\\\/patagoniambiental.com.ar\\\/info\\\/?s={search_term_string}\"},\"query-input\":{\"@type\":\"PropertyValueSpecification\",\"valueRequired\":true,\"valueName\":\"search_term_string\"}}],\"inLanguage\":\"es\"},{\"@type\":\"Organization\",\"@id\":\"https:\\\/\\\/patagoniambiental.com.ar\\\/info\\\/#organization\",\"name\":\"Patagonia Ambiental\",\"url\":\"https:\\\/\\\/patagoniambiental.com.ar\\\/info\\\/\",\"logo\":{\"@type\":\"ImageObject\",\"inLanguage\":\"es\",\"@id\":\"https:\\\/\\\/patagoniambiental.com.ar\\\/info\\\/#\\\/schema\\\/logo\\\/image\\\/\",\"url\":\"https:\\\/\\\/patagoniambiental.com.ar\\\/info\\\/wp-content\\\/uploads\\\/2025\\\/05\\\/LOGO-PATAGONIA-AMBIENTAL.png\",\"contentUrl\":\"https:\\\/\\\/patagoniambiental.com.ar\\\/info\\\/wp-content\\\/uploads\\\/2025\\\/05\\\/LOGO-PATAGONIA-AMBIENTAL.png\",\"width\":433,\"height\":250,\"caption\":\"Patagonia Ambiental\"},\"image\":{\"@id\":\"https:\\\/\\\/patagoniambiental.com.ar\\\/info\\\/#\\\/schema\\\/logo\\\/image\\\/\"},\"sameAs\":[\"https:\\\/\\\/www.facebook.com\\\/patagonia.ambiental\",\"https:\\\/\\\/x.com\\\/PatAmb\"]},{\"@type\":\"Person\",\"@id\":\"https:\\\/\\\/patagoniambiental.com.ar\\\/info\\\/#\\\/schema\\\/person\\\/db12bff64bbcbf6a253710bf0ea37b5d\",\"name\":\"Patagonia Ambiental\",\"description\":\"Andr\u00e9s Nievas T\u00e9cnico en manejo ambiental, consultor Ambiental y escritor para medios locales e internacionales sobre temas de geopolitica y medio ambiente.\",\"sameAs\":[\"http:\\\/\\\/www.patagoniambiental.com.ar\",\"https:\\\/\\\/www.facebook.com\\\/share\\\/1C1V8Gv9BX\\\/?mibextid=qi2Omg\",\"@patagoniambiental\",\"https:\\\/\\\/youtube.com\\\/@patagoniaambiental2023?si=BLt58t0wuXquxlYZ\"]}]}<\/script>\n<!-- \/ Yoast SEO Premium plugin. -->","yoast_head_json":{"title":"COP21: Se retrasa para ma\u00f1ana la presentaci\u00f3n del proyecto sobre cambio clim\u00e1tico","robots":{"index":"index","follow":"follow","max-snippet":"max-snippet:-1","max-image-preview":"max-image-preview:large","max-video-preview":"max-video-preview:-1"},"canonical":"https:\/\/patagoniambiental.com.ar\/info\/cop21-se-retrasa-para-manana-la-presentacion-del-proyecto-sobre-cambio-climatico\/","og_locale":"es_ES","og_type":"article","og_title":"COP21: Se retrasa para ma\u00f1ana la presentaci\u00f3n del proyecto sobre cambio clim\u00e1tico","og_description":"La presentaci\u00f3n del proyecto de acuerdo global de lucha contra el cambio clim\u00e1tico se retrasa de hoy, viernes, al s\u00e1bado [&hellip;]","og_url":"https:\/\/patagoniambiental.com.ar\/info\/cop21-se-retrasa-para-manana-la-presentacion-del-proyecto-sobre-cambio-climatico\/","og_site_name":"Patagonia Ambiental","article_publisher":"https:\/\/www.facebook.com\/patagonia.ambiental","article_author":"https:\/\/www.facebook.com\/share\/1C1V8Gv9BX\/?mibextid=qi2Omg","article_published_time":"2015-12-11T12:00:42+00:00","author":"Patagonia Ambiental","twitter_card":"summary_large_image","twitter_creator":"@PatAmb","twitter_site":"@PatAmb","schema":{"@context":"https:\/\/schema.org","@graph":[{"@type":"Article","@id":"https:\/\/patagoniambiental.com.ar\/info\/cop21-se-retrasa-para-manana-la-presentacion-del-proyecto-sobre-cambio-climatico\/#article","isPartOf":{"@id":"https:\/\/patagoniambiental.com.ar\/info\/cop21-se-retrasa-para-manana-la-presentacion-del-proyecto-sobre-cambio-climatico\/"},"author":{"name":"Patagonia Ambiental","@id":"https:\/\/patagoniambiental.com.ar\/info\/#\/schema\/person\/db12bff64bbcbf6a253710bf0ea37b5d"},"headline":"COP21: Se retrasa para ma\u00f1ana la presentaci\u00f3n del proyecto sobre cambio clim\u00e1tico","datePublished":"2015-12-11T12:00:42+00:00","mainEntityOfPage":{"@id":"https:\/\/patagoniambiental.com.ar\/info\/cop21-se-retrasa-para-manana-la-presentacion-del-proyecto-sobre-cambio-climatico\/"},"wordCount":475,"publisher":{"@id":"https:\/\/patagoniambiental.com.ar\/info\/#organization"},"image":{"@id":"https:\/\/patagoniambiental.com.ar\/info\/cop21-se-retrasa-para-manana-la-presentacion-del-proyecto-sobre-cambio-climatico\/#primaryimage"},"thumbnailUrl":"","articleSection":["Noticias"],"inLanguage":"es"},{"@type":"WebPage","@id":"https:\/\/patagoniambiental.com.ar\/info\/cop21-se-retrasa-para-manana-la-presentacion-del-proyecto-sobre-cambio-climatico\/","url":"https:\/\/patagoniambiental.com.ar\/info\/cop21-se-retrasa-para-manana-la-presentacion-del-proyecto-sobre-cambio-climatico\/","name":"COP21: Se retrasa para ma\u00f1ana la presentaci\u00f3n del proyecto sobre cambio clim\u00e1tico","isPartOf":{"@id":"https:\/\/patagoniambiental.com.ar\/info\/#website"},"primaryImageOfPage":{"@id":"https:\/\/patagoniambiental.com.ar\/info\/cop21-se-retrasa-para-manana-la-presentacion-del-proyecto-sobre-cambio-climatico\/#primaryimage"},"image":{"@id":"https:\/\/patagoniambiental.com.ar\/info\/cop21-se-retrasa-para-manana-la-presentacion-del-proyecto-sobre-cambio-climatico\/#primaryimage"},"thumbnailUrl":"","datePublished":"2015-12-11T12:00:42+00:00","breadcrumb":{"@id":"https:\/\/patagoniambiental.com.ar\/info\/cop21-se-retrasa-para-manana-la-presentacion-del-proyecto-sobre-cambio-climatico\/#breadcrumb"},"inLanguage":"es","potentialAction":[{"@type":"ReadAction","target":["https:\/\/patagoniambiental.com.ar\/info\/cop21-se-retrasa-para-manana-la-presentacion-del-proyecto-sobre-cambio-climatico\/"]}]},{"@type":"ImageObject","inLanguage":"es","@id":"https:\/\/patagoniambiental.com.ar\/info\/cop21-se-retrasa-para-manana-la-presentacion-del-proyecto-sobre-cambio-climatico\/#primaryimage","url":"","contentUrl":""},{"@type":"BreadcrumbList","@id":"https:\/\/patagoniambiental.com.ar\/info\/cop21-se-retrasa-para-manana-la-presentacion-del-proyecto-sobre-cambio-climatico\/#breadcrumb","itemListElement":[{"@type":"ListItem","position":1,"name":"Inicio","item":"https:\/\/patagoniambiental.com.ar\/info\/"},{"@type":"ListItem","position":2,"name":"COP21: Se retrasa para ma\u00f1ana la presentaci\u00f3n del proyecto sobre cambio clim\u00e1tico"}]},{"@type":"WebSite","@id":"https:\/\/patagoniambiental.com.ar\/info\/#website","url":"https:\/\/patagoniambiental.com.ar\/info\/","name":"Patagonia Ambiental","description":"Monitoreo y an\u00e1lisis de la situaci\u00f3n geopol\u00edtica en el mundo y su implicancia en la Patagonia","publisher":{"@id":"https:\/\/patagoniambiental.com.ar\/info\/#organization"},"potentialAction":[{"@type":"SearchAction","target":{"@type":"EntryPoint","urlTemplate":"https:\/\/patagoniambiental.com.ar\/info\/?s={search_term_string}"},"query-input":{"@type":"PropertyValueSpecification","valueRequired":true,"valueName":"search_term_string"}}],"inLanguage":"es"},{"@type":"Organization","@id":"https:\/\/patagoniambiental.com.ar\/info\/#organization","name":"Patagonia Ambiental","url":"https:\/\/patagoniambiental.com.ar\/info\/","logo":{"@type":"ImageObject","inLanguage":"es","@id":"https:\/\/patagoniambiental.com.ar\/info\/#\/schema\/logo\/image\/","url":"https:\/\/patagoniambiental.com.ar\/info\/wp-content\/uploads\/2025\/05\/LOGO-PATAGONIA-AMBIENTAL.png","contentUrl":"https:\/\/patagoniambiental.com.ar\/info\/wp-content\/uploads\/2025\/05\/LOGO-PATAGONIA-AMBIENTAL.png","width":433,"height":250,"caption":"Patagonia Ambiental"},"image":{"@id":"https:\/\/patagoniambiental.com.ar\/info\/#\/schema\/logo\/image\/"},"sameAs":["https:\/\/www.facebook.com\/patagonia.ambiental","https:\/\/x.com\/PatAmb"]},{"@type":"Person","@id":"https:\/\/patagoniambiental.com.ar\/info\/#\/schema\/person\/db12bff64bbcbf6a253710bf0ea37b5d","name":"Patagonia Ambiental","description":"Andr\u00e9s Nievas T\u00e9cnico en manejo ambiental, consultor Ambiental y escritor para medios locales e internacionales sobre temas de geopolitica y medio ambiente.","sameAs":["http:\/\/www.patagoniambiental.com.ar","https:\/\/www.facebook.com\/share\/1C1V8Gv9BX\/?mibextid=qi2Omg","@patagoniambiental","https:\/\/youtube.com\/@patagoniaambiental2023?si=BLt58t0wuXquxlYZ"]}]}},"_links":{"self":[{"href":"https:\/\/patagoniambiental.com.ar\/info\/wp-json\/wp\/v2\/posts\/16063","targetHints":{"allow":["GET"]}}],"collection":[{"href":"https:\/\/patagoniambiental.com.ar\/info\/wp-json\/wp\/v2\/posts"}],"about":[{"href":"https:\/\/patagoniambiental.com.ar\/info\/wp-json\/wp\/v2\/types\/post"}],"author":[{"embeddable":true,"href":"https:\/\/patagoniambiental.com.ar\/info\/wp-json\/wp\/v2\/users\/2"}],"replies":[{"embeddable":true,"href":"https:\/\/patagoniambiental.com.ar\/info\/wp-json\/wp\/v2\/comments?post=16063"}],"version-history":[{"count":0,"href":"https:\/\/patagoniambiental.com.ar\/info\/wp-json\/wp\/v2\/posts\/16063\/revisions"}],"wp:featuredmedia":[{"embeddable":true,"href":"https:\/\/patagoniambiental.com.ar\/info\/wp-json\/"}],"wp:attachment":[{"href":"https:\/\/patagoniambiental.com.ar\/info\/wp-json\/wp\/v2\/media?parent=16063"}],"wp:term":[{"taxonomy":"category","embeddable":true,"href":"https:\/\/patagoniambiental.com.ar\/info\/wp-json\/wp\/v2\/categories?post=16063"},{"taxonomy":"post_tag","embeddable":true,"href":"https:\/\/patagoniambiental.com.ar\/info\/wp-json\/wp\/v2\/tags?post=16063"}],"curies":[{"name":"wp","href":"https:\/\/api.w.org\/{rel}","templated":true}]}}