{"id":16087,"date":"2015-12-15T09:00:38","date_gmt":"2015-12-15T12:00:38","guid":{"rendered":"http:\/\/patagoniambiental.com.ar\/?p=16087"},"modified":"2015-12-15T09:00:38","modified_gmt":"2015-12-15T12:00:38","slug":"inidep-y-prefectura-firman-convenio-en-pos-de-investigar-la-dinamica-del-plancton-y-el-cambio-climatico","status":"publish","type":"post","link":"https:\/\/patagoniambiental.com.ar\/info\/inidep-y-prefectura-firman-convenio-en-pos-de-investigar-la-dinamica-del-plancton-y-el-cambio-climatico\/","title":{"rendered":"INIDEP y Prefectura firman convenio en pos de investigar la din\u00e1mica del plancton y el cambio clim\u00e1tico"},"content":{"rendered":"<p>El cambio clim\u00e1tico es un tema que preocupa y ocupa a los investigadores de todo el mundo. Los de nuestra ciudad no son la excepci\u00f3n y con el mar como fuente de informaci\u00f3n, se encuentran hace 15 a\u00f1os construyendo una Serie de Tiempo de algunas variables ambientales y del plancton en el sector costero bonaerense.<span id=\"more-3622\"><\/span><\/p>\n<p>Para continuar ampliando los estudios del<strong> Proyecto \u201cDin\u00e1mica del Plancton Marino y Cambio Clim\u00e1tico\u201d (DiPlaMCC)<\/strong>, se firm\u00f3 un convenio por el cual Prefectura Naval Argentina dependiente del Ministerio de Justicia, Seguridad y Derechos Humanos de la Naci\u00f3n, que facilitar\u00e1 el uso del <strong>Motovelero Oceanogr\u00e1fico \u201cDr. Bernardo Houssay\u201d<\/strong> al Instituto Nacional de Investigaci\u00f3n y Desarrollo Pesquero.<\/p>\n<p><strong>El director del INIDEP Dr. Otto W\u00f6hler recibi\u00f3 al Prefecto Mayor y Jefe de Servicio de Buques Guardacostas Mario Rub\u00e9n Farin\u00f3n y al Prefecto Principal Capit\u00e1n Jos\u00e9 Fernando Dos Santos, \u00a0para concretar la r\u00fabrica<\/strong> y de esta manera, dar la posibilidad a los profesionales del Instituto de continuar realizando campa\u00f1as en el mencionado nav\u00edo, que ya los recibi\u00f3 en este 2015 en tres oportunidades.<\/p>\n<p>\u201cEs la concreci\u00f3n de un hecho m\u00e1s de cooperaci\u00f3n mutua. La Prefectura ha incrementado mucho su inter\u00e9s y la realizaci\u00f3n de actividades cient\u00edficas, para lo cual siempre contar\u00e1n con nuestro apoyo\u201d, afirm\u00f3 el Dr. W\u00f6hler, al tiempo que el Prefecto Mayor Farin\u00f3n afirm\u00f3 que \u201c<strong>es una posibilidad de crecer institucional y profesionalmente<\/strong>\u201d y que \u201ces el esp\u00edritu del Prefecto Nacional Naval, hacer hincapi\u00e9 en la investigaci\u00f3n cient\u00edfica. Es un \u00e1rea que particularmente nos interesa adicionar al patrullado y al control de la zona exclusiva, nuestras actividades habituales\u201d<\/p>\n<p>Dos Santos, como Capit\u00e1n del motovelero, remarc\u00f3 que \u201ceste acuerdo refrenda el trabajo que venimos haciendo con el personal cient\u00edfico del Instituto. Modernizamos el nav\u00edo y est\u00e1 incursionando por primeras veces en tareas oceanogr\u00e1ficas. El aporte que nos dan los cient\u00edficos nos permite aprender algo para lo cual no est\u00e1bamos preparado pero que estamos llevando delante de manera decorosa\u201d.<\/p>\n<p>Asimismo, el Prefecto Mayor se\u00f1al\u00f3 que \u201c<strong>existen intenciones de sumar otras unidades guardacostas para ampliar la capacidad y el espectro para tareas investigativa porque en igualdad de costos con el patrullado mar\u00edtimo<\/strong>, se puede sumar la tarea de investigaci\u00f3n sin generar gastos adicionales\u201d.<\/p>\n<p>Por \u00faltimo, el Director del INIDEP sostuvo que \u201cel aumento de las capacidades de investigaci\u00f3n del pa\u00eds necesariamente requiere de cantidad de plataformas volcadas a la investigaci\u00f3n. Poder contar con estos buques para investigaci\u00f3n, optimiza la utilizaci\u00f3n de los fondos\u201d.<\/p>\n<p>El 2 de enero del 2016 el Motovelero Oceanogr\u00e1fico \u201cDr. Bernardo Houssay\u201d partir\u00e1 a una Campa\u00f1a Ant\u00e1rtica hasta mediados de febrero. A su vuelta \u201cprobablemente se realice una estaci\u00f3n permanente en Miramar, como las ya realizadas\u201d, anunciaron los Prefectos.<\/p>\n<p><strong>Investigaci\u00f3n necesaria<\/strong><\/p>\n<p><strong>La \u00faltima salida del motovelero Houssay con el INIDEP, fue el pasado 16 de septiembre cuando se realiz\u00f3 una nueva campa\u00f1a oceanogr\u00e1fica a la \u201cEstaci\u00f3n Permanente de Estudios Ambientales (EPEA)\u201d<\/strong>, ubicada frente a Miramar (las anteriores fueron el 9\/02 y el 28\/04). Gracias a la excelente colaboraci\u00f3n de Prefectura, el capit\u00e1n del buque Prefecto Jos\u00e9 Fernando Dos Santos y toda su tripulaci\u00f3n, se pudo realizar el estudio de las caracter\u00edsticas ambientales y de los componentes del plancton en la serie de tiempo EPEA.<\/p>\n<p>\u201cEn el contexto actual, debido a la preocupaci\u00f3n por los efectos del cambio clim\u00e1tico, <strong>urge obtener un conocimiento peri\u00f3dico de los cambios ambientales y biol\u00f3gicos a que est\u00e1 sujeto el mar, por lo que poder continuar las investigaciones a partir de una de las pocas series de tiempo en el Atl\u00e1ntico Sur, y en el Mar Argentino en particular, es de suma relevancia<\/strong>\u201d, afirm\u00f3 la Doctora Vivian Lutz, quien a su vez defini\u00f3 como \u201cfabulosa\u201d esta oportunidad junto a Prefectura: \u201cLa primera campa\u00f1a de febrero fue para confirmar si era factible realizar el trabajo y se prob\u00f3 que s\u00ed, y ha ido mejorando el engranaje en las siguientes navegaciones. Esta \u00faltima permiti\u00f3 realizar mediciones con el CTD y toma de muestras a distintas profundidades en toda la columna de agua con la roseta pertenecientes al barco. Contamos con gran predisposici\u00f3n de la tripulaci\u00f3n para trabajar y colaborar. Fue muy lindo\u201d.<\/p>\n<p>\u201cNuestro proyecto, que comenz\u00f3 en el 2000 y es dirigido por Rub\u00e9n Negri, <strong>requiere \u2013como ideal- salidas mensuales para hacer un seguimiento de c\u00f3mo cambian las condiciones en el mar<\/strong>. Al igual que un m\u00e9dico sigue la evoluci\u00f3n de un paciente, nosotros tomamos muestras del agua (que es \u201cla sangre\u201d del mar) para ver si cambian en composici\u00f3n o abundancia las comunidades del plancton as\u00ed como las variables f\u00edsico-qu\u00edmicas.<\/p>\n<p>Por ejemplo, el cambio en las temperaturas del mar hace que las especies migren para encontrar sus rangos de nutrientes y t\u00e9rmicos adecuados, y se mueven a otras \u00e1reas donde antes no estaban, lo cual puede provocar un cambio en el ecosistema\u201d.<\/p>\n<p>La falta de periodicidad en las campa\u00f1as que se ha sufrido en los \u00faltimos tiempos \u201ces un problema\u201d ya que las mediciones deben ser frecuentes porque \u201c<strong>los cambios son sutiles y no como muestran exageradamente las pel\u00edculas de Hollywood. Son graduales y sistem\u00e1ticos y est\u00e1n ocurriendo, no hay dudas. Las consecuencias est\u00e1n siendo fuertes y ser\u00e1n m\u00e1s en los pr\u00f3ximos 30 o m\u00e1s a\u00f1os<\/strong>\u201d alert\u00f3 y aclar\u00f3 que \u201clos cambios no son iguales en todas partes del mundo: en algunos lugares la temperatura del oc\u00e9ano ha bajado, por cambio de circulaciones, por ejemplo. Por eso es importante hacer seguimientos en todo el planeta. En el Atl\u00e1ntico Norte hay un monitoreo muy frecuente, gracias a que los pa\u00edses m\u00e1s desarrollados cuentan con m\u00e1s recursos y equipamiento. En el Atl\u00e1ntico Sur hay muy poco estudio de seguimiento, en algunos pa\u00edses ni se han comenzado a desarrollar Series de Tiempo\u201d.<\/p>\n<p>Para que esta Serie de Tiempo cobre el valor adecuado, \u201cse necesitan tener varias d\u00e9cadas de mediciones. Nosotros llevamos quince a\u00f1os, pero con muchos huecos. Sin embargo, hemos notado en las escalas de tiempo locales algunos \u201ceventos especiales\u201d. Al menos hemos tenido tres muy notables, entre ellos uno en el 2005 y otro en diciembre del 2008, un mes con condiciones muy at\u00edpicas, de temperatura de alrededor de 15\u00baC que trajo aguas fr\u00edas de plataforma media y cambi\u00f3 la comunidad del plancton. Tuvimos m\u00e1s fitoplancton. Si es bueno o malo, si es natural o debido a causas antr\u00f3picas a\u00fan no lo sabemos. La \u00fanica forma de confirmarlo es medir peri\u00f3dicamente\u201d.<\/p>\n<p>Por \u00faltimo, la profesional coment\u00f3 que el \u201cHoussay\u201d tambi\u00e9n cuenta con laboratorio seco, donde se utiliz\u00f3 por primera vez un equipo de \u00faltima generaci\u00f3n recientemente incorporado al INIDEP para hacer mediciones de pH (grado de acidez del agua de mar) \u00a0que fue armado por la bi\u00f3loga Carla Bergoff\u00a0 (ver http:\/\/info.inidep.edu.ar\/2015\/09\/23\/inidep-pone-en-marcha-el-primer-equipo-para-medir-ph-oceanico-en-argentina\/ ).<\/p>\n","protected":false},"excerpt":{"rendered":"<p>El cambio clim\u00e1tico es un tema que preocupa y ocupa a los investigadores de todo el mundo. Los de nuestra [&hellip;]<\/p>\n","protected":false},"author":2,"featured_media":16088,"comment_status":"closed","ping_status":"closed","sticky":false,"template":"","format":"standard","meta":{"site-sidebar-layout":"default","site-content-layout":"","ast-site-content-layout":"default","site-content-style":"default","site-sidebar-style":"default","ast-global-header-display":"","ast-banner-title-visibility":"","ast-main-header-display":"","ast-hfb-above-header-display":"","ast-hfb-below-header-display":"","ast-hfb-mobile-header-display":"","site-post-title":"","ast-breadcrumbs-content":"","ast-featured-img":"","footer-sml-layout":"","ast-disable-related-posts":"","theme-transparent-header-meta":"","adv-header-id-meta":"","stick-header-meta":"","header-above-stick-meta":"","header-main-stick-meta":"","header-below-stick-meta":"","astra-migrate-meta-layouts":"default","ast-page-background-enabled":"default","ast-page-background-meta":{"desktop":{"background-color":"var(--ast-global-color-5)","background-image":"","background-repeat":"repeat","background-position":"center center","background-size":"auto","background-attachment":"scroll","background-type":"","background-media":"","overlay-type":"","overlay-color":"","overlay-opacity":"","overlay-gradient":""},"tablet":{"background-color":"","background-image":"","background-repeat":"repeat","background-position":"center center","background-size":"auto","background-attachment":"scroll","background-type":"","background-media":"","overlay-type":"","overlay-color":"","overlay-opacity":"","overlay-gradient":""},"mobile":{"background-color":"","background-image":"","background-repeat":"repeat","background-position":"center center","background-size":"auto","background-attachment":"scroll","background-type":"","background-media":"","overlay-type":"","overlay-color":"","overlay-opacity":"","overlay-gradient":""}},"ast-content-background-meta":{"desktop":{"background-color":"var(--ast-global-color-4)","background-image":"","background-repeat":"repeat","background-position":"center center","background-size":"auto","background-attachment":"scroll","background-type":"","background-media":"","overlay-type":"","overlay-color":"","overlay-opacity":"","overlay-gradient":""},"tablet":{"background-color":"var(--ast-global-color-4)","background-image":"","background-repeat":"repeat","background-position":"center center","background-size":"auto","background-attachment":"scroll","background-type":"","background-media":"","overlay-type":"","overlay-color":"","overlay-opacity":"","overlay-gradient":""},"mobile":{"background-color":"var(--ast-global-color-4)","background-image":"","background-repeat":"repeat","background-position":"center center","background-size":"auto","background-attachment":"scroll","background-type":"","background-media":"","overlay-type":"","overlay-color":"","overlay-opacity":"","overlay-gradient":""}},"footnotes":""},"categories":[1],"tags":[],"class_list":["post-16087","post","type-post","status-publish","format-standard","has-post-thumbnail","hentry","category-noticias"],"yoast_head":"<!-- This site is optimized with the Yoast SEO Premium plugin v23.0 (Yoast SEO v27.5) - https:\/\/yoast.com\/product\/yoast-seo-premium-wordpress\/ -->\n<title>INIDEP y Prefectura firman convenio en pos de investigar la din\u00e1mica del plancton y el cambio clim\u00e1tico<\/title>\n<meta name=\"robots\" content=\"index, follow, max-snippet:-1, max-image-preview:large, max-video-preview:-1\" \/>\n<link rel=\"canonical\" href=\"https:\/\/patagoniambiental.com.ar\/info\/inidep-y-prefectura-firman-convenio-en-pos-de-investigar-la-dinamica-del-plancton-y-el-cambio-climatico\/\" \/>\n<meta property=\"og:locale\" content=\"es_ES\" \/>\n<meta property=\"og:type\" content=\"article\" \/>\n<meta property=\"og:title\" content=\"INIDEP y Prefectura firman convenio en pos de investigar la din\u00e1mica del plancton y el cambio clim\u00e1tico\" \/>\n<meta property=\"og:description\" content=\"El cambio clim\u00e1tico es un tema que preocupa y ocupa a los investigadores de todo el mundo. Los de nuestra [&hellip;]\" \/>\n<meta property=\"og:url\" content=\"https:\/\/patagoniambiental.com.ar\/info\/inidep-y-prefectura-firman-convenio-en-pos-de-investigar-la-dinamica-del-plancton-y-el-cambio-climatico\/\" \/>\n<meta property=\"og:site_name\" content=\"Patagonia Ambiental\" \/>\n<meta property=\"article:publisher\" content=\"https:\/\/www.facebook.com\/patagonia.ambiental\" \/>\n<meta property=\"article:author\" content=\"https:\/\/www.facebook.com\/share\/1C1V8Gv9BX\/?mibextid=qi2Omg\" \/>\n<meta property=\"article:published_time\" content=\"2015-12-15T12:00:38+00:00\" \/>\n<meta name=\"author\" content=\"Patagonia Ambiental\" \/>\n<meta name=\"twitter:card\" content=\"summary_large_image\" \/>\n<meta name=\"twitter:creator\" content=\"@PatAmb\" \/>\n<meta name=\"twitter:site\" content=\"@PatAmb\" \/>\n<script type=\"application\/ld+json\" class=\"yoast-schema-graph\">{\"@context\":\"https:\\\/\\\/schema.org\",\"@graph\":[{\"@type\":\"Article\",\"@id\":\"https:\\\/\\\/patagoniambiental.com.ar\\\/info\\\/inidep-y-prefectura-firman-convenio-en-pos-de-investigar-la-dinamica-del-plancton-y-el-cambio-climatico\\\/#article\",\"isPartOf\":{\"@id\":\"https:\\\/\\\/patagoniambiental.com.ar\\\/info\\\/inidep-y-prefectura-firman-convenio-en-pos-de-investigar-la-dinamica-del-plancton-y-el-cambio-climatico\\\/\"},\"author\":{\"name\":\"Patagonia Ambiental\",\"@id\":\"https:\\\/\\\/patagoniambiental.com.ar\\\/info\\\/#\\\/schema\\\/person\\\/db12bff64bbcbf6a253710bf0ea37b5d\"},\"headline\":\"INIDEP y Prefectura firman convenio en pos de investigar la din\u00e1mica del plancton y el cambio clim\u00e1tico\",\"datePublished\":\"2015-12-15T12:00:38+00:00\",\"mainEntityOfPage\":{\"@id\":\"https:\\\/\\\/patagoniambiental.com.ar\\\/info\\\/inidep-y-prefectura-firman-convenio-en-pos-de-investigar-la-dinamica-del-plancton-y-el-cambio-climatico\\\/\"},\"wordCount\":1206,\"publisher\":{\"@id\":\"https:\\\/\\\/patagoniambiental.com.ar\\\/info\\\/#organization\"},\"image\":{\"@id\":\"https:\\\/\\\/patagoniambiental.com.ar\\\/info\\\/inidep-y-prefectura-firman-convenio-en-pos-de-investigar-la-dinamica-del-plancton-y-el-cambio-climatico\\\/#primaryimage\"},\"thumbnailUrl\":\"\",\"articleSection\":[\"Noticias\"],\"inLanguage\":\"es\"},{\"@type\":\"WebPage\",\"@id\":\"https:\\\/\\\/patagoniambiental.com.ar\\\/info\\\/inidep-y-prefectura-firman-convenio-en-pos-de-investigar-la-dinamica-del-plancton-y-el-cambio-climatico\\\/\",\"url\":\"https:\\\/\\\/patagoniambiental.com.ar\\\/info\\\/inidep-y-prefectura-firman-convenio-en-pos-de-investigar-la-dinamica-del-plancton-y-el-cambio-climatico\\\/\",\"name\":\"INIDEP y Prefectura firman convenio en pos de investigar la din\u00e1mica del plancton y el cambio clim\u00e1tico\",\"isPartOf\":{\"@id\":\"https:\\\/\\\/patagoniambiental.com.ar\\\/info\\\/#website\"},\"primaryImageOfPage\":{\"@id\":\"https:\\\/\\\/patagoniambiental.com.ar\\\/info\\\/inidep-y-prefectura-firman-convenio-en-pos-de-investigar-la-dinamica-del-plancton-y-el-cambio-climatico\\\/#primaryimage\"},\"image\":{\"@id\":\"https:\\\/\\\/patagoniambiental.com.ar\\\/info\\\/inidep-y-prefectura-firman-convenio-en-pos-de-investigar-la-dinamica-del-plancton-y-el-cambio-climatico\\\/#primaryimage\"},\"thumbnailUrl\":\"\",\"datePublished\":\"2015-12-15T12:00:38+00:00\",\"breadcrumb\":{\"@id\":\"https:\\\/\\\/patagoniambiental.com.ar\\\/info\\\/inidep-y-prefectura-firman-convenio-en-pos-de-investigar-la-dinamica-del-plancton-y-el-cambio-climatico\\\/#breadcrumb\"},\"inLanguage\":\"es\",\"potentialAction\":[{\"@type\":\"ReadAction\",\"target\":[\"https:\\\/\\\/patagoniambiental.com.ar\\\/info\\\/inidep-y-prefectura-firman-convenio-en-pos-de-investigar-la-dinamica-del-plancton-y-el-cambio-climatico\\\/\"]}]},{\"@type\":\"ImageObject\",\"inLanguage\":\"es\",\"@id\":\"https:\\\/\\\/patagoniambiental.com.ar\\\/info\\\/inidep-y-prefectura-firman-convenio-en-pos-de-investigar-la-dinamica-del-plancton-y-el-cambio-climatico\\\/#primaryimage\",\"url\":\"\",\"contentUrl\":\"\"},{\"@type\":\"BreadcrumbList\",\"@id\":\"https:\\\/\\\/patagoniambiental.com.ar\\\/info\\\/inidep-y-prefectura-firman-convenio-en-pos-de-investigar-la-dinamica-del-plancton-y-el-cambio-climatico\\\/#breadcrumb\",\"itemListElement\":[{\"@type\":\"ListItem\",\"position\":1,\"name\":\"Inicio\",\"item\":\"https:\\\/\\\/patagoniambiental.com.ar\\\/info\\\/\"},{\"@type\":\"ListItem\",\"position\":2,\"name\":\"INIDEP y Prefectura firman convenio en pos de investigar la din\u00e1mica del plancton y el cambio clim\u00e1tico\"}]},{\"@type\":\"WebSite\",\"@id\":\"https:\\\/\\\/patagoniambiental.com.ar\\\/info\\\/#website\",\"url\":\"https:\\\/\\\/patagoniambiental.com.ar\\\/info\\\/\",\"name\":\"Patagonia Ambiental\",\"description\":\"Monitoreo y an\u00e1lisis de la situaci\u00f3n geopol\u00edtica en el mundo y su implicancia en la Patagonia\",\"publisher\":{\"@id\":\"https:\\\/\\\/patagoniambiental.com.ar\\\/info\\\/#organization\"},\"potentialAction\":[{\"@type\":\"SearchAction\",\"target\":{\"@type\":\"EntryPoint\",\"urlTemplate\":\"https:\\\/\\\/patagoniambiental.com.ar\\\/info\\\/?s={search_term_string}\"},\"query-input\":{\"@type\":\"PropertyValueSpecification\",\"valueRequired\":true,\"valueName\":\"search_term_string\"}}],\"inLanguage\":\"es\"},{\"@type\":\"Organization\",\"@id\":\"https:\\\/\\\/patagoniambiental.com.ar\\\/info\\\/#organization\",\"name\":\"Patagonia Ambiental\",\"url\":\"https:\\\/\\\/patagoniambiental.com.ar\\\/info\\\/\",\"logo\":{\"@type\":\"ImageObject\",\"inLanguage\":\"es\",\"@id\":\"https:\\\/\\\/patagoniambiental.com.ar\\\/info\\\/#\\\/schema\\\/logo\\\/image\\\/\",\"url\":\"https:\\\/\\\/patagoniambiental.com.ar\\\/info\\\/wp-content\\\/uploads\\\/2025\\\/05\\\/LOGO-PATAGONIA-AMBIENTAL.png\",\"contentUrl\":\"https:\\\/\\\/patagoniambiental.com.ar\\\/info\\\/wp-content\\\/uploads\\\/2025\\\/05\\\/LOGO-PATAGONIA-AMBIENTAL.png\",\"width\":433,\"height\":250,\"caption\":\"Patagonia Ambiental\"},\"image\":{\"@id\":\"https:\\\/\\\/patagoniambiental.com.ar\\\/info\\\/#\\\/schema\\\/logo\\\/image\\\/\"},\"sameAs\":[\"https:\\\/\\\/www.facebook.com\\\/patagonia.ambiental\",\"https:\\\/\\\/x.com\\\/PatAmb\"]},{\"@type\":\"Person\",\"@id\":\"https:\\\/\\\/patagoniambiental.com.ar\\\/info\\\/#\\\/schema\\\/person\\\/db12bff64bbcbf6a253710bf0ea37b5d\",\"name\":\"Patagonia Ambiental\",\"description\":\"Andr\u00e9s Nievas T\u00e9cnico en manejo ambiental, consultor Ambiental y escritor para medios locales e internacionales sobre temas de geopolitica y medio ambiente.\",\"sameAs\":[\"http:\\\/\\\/www.patagoniambiental.com.ar\",\"https:\\\/\\\/www.facebook.com\\\/share\\\/1C1V8Gv9BX\\\/?mibextid=qi2Omg\",\"@patagoniambiental\",\"https:\\\/\\\/youtube.com\\\/@patagoniaambiental2023?si=BLt58t0wuXquxlYZ\"]}]}<\/script>\n<!-- \/ Yoast SEO Premium plugin. -->","yoast_head_json":{"title":"INIDEP y Prefectura firman convenio en pos de investigar la din\u00e1mica del plancton y el cambio clim\u00e1tico","robots":{"index":"index","follow":"follow","max-snippet":"max-snippet:-1","max-image-preview":"max-image-preview:large","max-video-preview":"max-video-preview:-1"},"canonical":"https:\/\/patagoniambiental.com.ar\/info\/inidep-y-prefectura-firman-convenio-en-pos-de-investigar-la-dinamica-del-plancton-y-el-cambio-climatico\/","og_locale":"es_ES","og_type":"article","og_title":"INIDEP y Prefectura firman convenio en pos de investigar la din\u00e1mica del plancton y el cambio clim\u00e1tico","og_description":"El cambio clim\u00e1tico es un tema que preocupa y ocupa a los investigadores de todo el mundo. Los de nuestra [&hellip;]","og_url":"https:\/\/patagoniambiental.com.ar\/info\/inidep-y-prefectura-firman-convenio-en-pos-de-investigar-la-dinamica-del-plancton-y-el-cambio-climatico\/","og_site_name":"Patagonia Ambiental","article_publisher":"https:\/\/www.facebook.com\/patagonia.ambiental","article_author":"https:\/\/www.facebook.com\/share\/1C1V8Gv9BX\/?mibextid=qi2Omg","article_published_time":"2015-12-15T12:00:38+00:00","author":"Patagonia Ambiental","twitter_card":"summary_large_image","twitter_creator":"@PatAmb","twitter_site":"@PatAmb","schema":{"@context":"https:\/\/schema.org","@graph":[{"@type":"Article","@id":"https:\/\/patagoniambiental.com.ar\/info\/inidep-y-prefectura-firman-convenio-en-pos-de-investigar-la-dinamica-del-plancton-y-el-cambio-climatico\/#article","isPartOf":{"@id":"https:\/\/patagoniambiental.com.ar\/info\/inidep-y-prefectura-firman-convenio-en-pos-de-investigar-la-dinamica-del-plancton-y-el-cambio-climatico\/"},"author":{"name":"Patagonia Ambiental","@id":"https:\/\/patagoniambiental.com.ar\/info\/#\/schema\/person\/db12bff64bbcbf6a253710bf0ea37b5d"},"headline":"INIDEP y Prefectura firman convenio en pos de investigar la din\u00e1mica del plancton y el cambio clim\u00e1tico","datePublished":"2015-12-15T12:00:38+00:00","mainEntityOfPage":{"@id":"https:\/\/patagoniambiental.com.ar\/info\/inidep-y-prefectura-firman-convenio-en-pos-de-investigar-la-dinamica-del-plancton-y-el-cambio-climatico\/"},"wordCount":1206,"publisher":{"@id":"https:\/\/patagoniambiental.com.ar\/info\/#organization"},"image":{"@id":"https:\/\/patagoniambiental.com.ar\/info\/inidep-y-prefectura-firman-convenio-en-pos-de-investigar-la-dinamica-del-plancton-y-el-cambio-climatico\/#primaryimage"},"thumbnailUrl":"","articleSection":["Noticias"],"inLanguage":"es"},{"@type":"WebPage","@id":"https:\/\/patagoniambiental.com.ar\/info\/inidep-y-prefectura-firman-convenio-en-pos-de-investigar-la-dinamica-del-plancton-y-el-cambio-climatico\/","url":"https:\/\/patagoniambiental.com.ar\/info\/inidep-y-prefectura-firman-convenio-en-pos-de-investigar-la-dinamica-del-plancton-y-el-cambio-climatico\/","name":"INIDEP y Prefectura firman convenio en pos de investigar la din\u00e1mica del plancton y el cambio clim\u00e1tico","isPartOf":{"@id":"https:\/\/patagoniambiental.com.ar\/info\/#website"},"primaryImageOfPage":{"@id":"https:\/\/patagoniambiental.com.ar\/info\/inidep-y-prefectura-firman-convenio-en-pos-de-investigar-la-dinamica-del-plancton-y-el-cambio-climatico\/#primaryimage"},"image":{"@id":"https:\/\/patagoniambiental.com.ar\/info\/inidep-y-prefectura-firman-convenio-en-pos-de-investigar-la-dinamica-del-plancton-y-el-cambio-climatico\/#primaryimage"},"thumbnailUrl":"","datePublished":"2015-12-15T12:00:38+00:00","breadcrumb":{"@id":"https:\/\/patagoniambiental.com.ar\/info\/inidep-y-prefectura-firman-convenio-en-pos-de-investigar-la-dinamica-del-plancton-y-el-cambio-climatico\/#breadcrumb"},"inLanguage":"es","potentialAction":[{"@type":"ReadAction","target":["https:\/\/patagoniambiental.com.ar\/info\/inidep-y-prefectura-firman-convenio-en-pos-de-investigar-la-dinamica-del-plancton-y-el-cambio-climatico\/"]}]},{"@type":"ImageObject","inLanguage":"es","@id":"https:\/\/patagoniambiental.com.ar\/info\/inidep-y-prefectura-firman-convenio-en-pos-de-investigar-la-dinamica-del-plancton-y-el-cambio-climatico\/#primaryimage","url":"","contentUrl":""},{"@type":"BreadcrumbList","@id":"https:\/\/patagoniambiental.com.ar\/info\/inidep-y-prefectura-firman-convenio-en-pos-de-investigar-la-dinamica-del-plancton-y-el-cambio-climatico\/#breadcrumb","itemListElement":[{"@type":"ListItem","position":1,"name":"Inicio","item":"https:\/\/patagoniambiental.com.ar\/info\/"},{"@type":"ListItem","position":2,"name":"INIDEP y Prefectura firman convenio en pos de investigar la din\u00e1mica del plancton y el cambio clim\u00e1tico"}]},{"@type":"WebSite","@id":"https:\/\/patagoniambiental.com.ar\/info\/#website","url":"https:\/\/patagoniambiental.com.ar\/info\/","name":"Patagonia Ambiental","description":"Monitoreo y an\u00e1lisis de la situaci\u00f3n geopol\u00edtica en el mundo y su implicancia en la Patagonia","publisher":{"@id":"https:\/\/patagoniambiental.com.ar\/info\/#organization"},"potentialAction":[{"@type":"SearchAction","target":{"@type":"EntryPoint","urlTemplate":"https:\/\/patagoniambiental.com.ar\/info\/?s={search_term_string}"},"query-input":{"@type":"PropertyValueSpecification","valueRequired":true,"valueName":"search_term_string"}}],"inLanguage":"es"},{"@type":"Organization","@id":"https:\/\/patagoniambiental.com.ar\/info\/#organization","name":"Patagonia Ambiental","url":"https:\/\/patagoniambiental.com.ar\/info\/","logo":{"@type":"ImageObject","inLanguage":"es","@id":"https:\/\/patagoniambiental.com.ar\/info\/#\/schema\/logo\/image\/","url":"https:\/\/patagoniambiental.com.ar\/info\/wp-content\/uploads\/2025\/05\/LOGO-PATAGONIA-AMBIENTAL.png","contentUrl":"https:\/\/patagoniambiental.com.ar\/info\/wp-content\/uploads\/2025\/05\/LOGO-PATAGONIA-AMBIENTAL.png","width":433,"height":250,"caption":"Patagonia Ambiental"},"image":{"@id":"https:\/\/patagoniambiental.com.ar\/info\/#\/schema\/logo\/image\/"},"sameAs":["https:\/\/www.facebook.com\/patagonia.ambiental","https:\/\/x.com\/PatAmb"]},{"@type":"Person","@id":"https:\/\/patagoniambiental.com.ar\/info\/#\/schema\/person\/db12bff64bbcbf6a253710bf0ea37b5d","name":"Patagonia Ambiental","description":"Andr\u00e9s Nievas T\u00e9cnico en manejo ambiental, consultor Ambiental y escritor para medios locales e internacionales sobre temas de geopolitica y medio ambiente.","sameAs":["http:\/\/www.patagoniambiental.com.ar","https:\/\/www.facebook.com\/share\/1C1V8Gv9BX\/?mibextid=qi2Omg","@patagoniambiental","https:\/\/youtube.com\/@patagoniaambiental2023?si=BLt58t0wuXquxlYZ"]}]}},"_links":{"self":[{"href":"https:\/\/patagoniambiental.com.ar\/info\/wp-json\/wp\/v2\/posts\/16087","targetHints":{"allow":["GET"]}}],"collection":[{"href":"https:\/\/patagoniambiental.com.ar\/info\/wp-json\/wp\/v2\/posts"}],"about":[{"href":"https:\/\/patagoniambiental.com.ar\/info\/wp-json\/wp\/v2\/types\/post"}],"author":[{"embeddable":true,"href":"https:\/\/patagoniambiental.com.ar\/info\/wp-json\/wp\/v2\/users\/2"}],"replies":[{"embeddable":true,"href":"https:\/\/patagoniambiental.com.ar\/info\/wp-json\/wp\/v2\/comments?post=16087"}],"version-history":[{"count":0,"href":"https:\/\/patagoniambiental.com.ar\/info\/wp-json\/wp\/v2\/posts\/16087\/revisions"}],"wp:featuredmedia":[{"embeddable":true,"href":"https:\/\/patagoniambiental.com.ar\/info\/wp-json\/"}],"wp:attachment":[{"href":"https:\/\/patagoniambiental.com.ar\/info\/wp-json\/wp\/v2\/media?parent=16087"}],"wp:term":[{"taxonomy":"category","embeddable":true,"href":"https:\/\/patagoniambiental.com.ar\/info\/wp-json\/wp\/v2\/categories?post=16087"},{"taxonomy":"post_tag","embeddable":true,"href":"https:\/\/patagoniambiental.com.ar\/info\/wp-json\/wp\/v2\/tags?post=16087"}],"curies":[{"name":"wp","href":"https:\/\/api.w.org\/{rel}","templated":true}]}}