{"id":16090,"date":"2015-12-15T09:00:38","date_gmt":"2015-12-15T12:00:38","guid":{"rendered":"http:\/\/patagoniambiental.com.ar\/?p=16090"},"modified":"2015-12-15T09:00:38","modified_gmt":"2015-12-15T12:00:38","slug":"argentina-puede-ser-la-gran-exportadora-de-energia-eolica-a-toda-america-latina","status":"publish","type":"post","link":"https:\/\/patagoniambiental.com.ar\/info\/argentina-puede-ser-la-gran-exportadora-de-energia-eolica-a-toda-america-latina\/","title":{"rendered":"\u201cArgentina puede ser la gran exportadora de energ\u00eda e\u00f3lica a toda Am\u00e9rica latina\u201d"},"content":{"rendered":"<p>Las grandes compa\u00f1\u00edas de la industria e\u00f3lica han estado salivando por entrar en el mercado del viento en la Argentina por a\u00f1os. Y no es para menos: la Patagonia tiene el mejor recurso para este tipo de generaci\u00f3n renovable: podr\u00eda satisfacer la necesidad el\u00e9ctrica de todo el continente 27 veces. Esto lo dice Steve Sawyer, el secretario general del Global Wind Energy Council, quien anunci\u00f3 en la Cumbre del Clima que aterrizar\u00e1 en Buenos Aires en marzo. Y ya piensa en inversiones de miles de millones de d\u00f3lares con los grandes del sector involucrados.<\/p>\n<p>Sawyer vio que los vientos pol\u00edticos comenzaron a cambiar con la primera ronda electoral en la Argentina y enseguida se puso ver a qui\u00e9n conoc\u00eda. Y record\u00f3 a un viejo compa\u00f1ero de militancia en Greenpeace, Juan Carlos Villalonga, que por casualidad result\u00f3 ser enviado de presidente Mauricio Macri a esta convenci\u00f3n. Ambos se juntaron en Par\u00eds para conversar. Y a Sawyer se le notaba el entusiasmo: seg\u00fan \u00e9l, Argentina podr\u00e1 contar con mucha energ\u00eda barata. Y hasta se podr\u00eda convertir en una potencia exportadora. Esto puede resultar extra\u00f1o en una Buenos Aires con cortes de luz por el calor. Pero el viento puede potenciar el sistema el\u00e9ctrico argentino de manera muy r\u00e1pida.<br \/>\n\u2013Argentina no pod\u00eda obtener financiamiento para la energ\u00eda e\u00f3lica. \u00bfEsto va a cambiar?<br \/>\n\u2013Vamos a ver cu\u00e1les son las pol\u00edticas del gobierno para estabilizar la moneda y bajar las tasas de inter\u00e9s. En t\u00e9rminos absolutos ustedes deber\u00edan tener que poder generar mucha electricidad con el viento a un precio muy barato.<br \/>\n\u2013\u00bfCu\u00e1nto se puede generar en la Patagonia?<br \/>\n\u2013Se hizo un estudio en los \u201890 que dec\u00eda que la Patagonia pod\u00eda generar suficiente energ\u00eda e\u00f3lica para abastecer la demanda total de energ\u00eda de Am\u00e9rica latina por siete veces. Y eso fue con la tecnolog\u00eda que hab\u00eda hace 20 a\u00f1os. Con la nueva tecnolog\u00eda que hay hoy, probablemente se pueda abastecer las necesidades energ\u00e9ticas de Am\u00e9rica latina por 27 veces.<br \/>\n\u2013\u00bfArgentina puede convertirse en una potencia generadora de electricidad?<br \/>\n\u2013Ciertamente. El potencial es enorme. Pero la primera cosa ser\u00e1 poder satisfacer la demanda el\u00e9ctrica argentina a un costo muy bajo.<br \/>\n\u2013\u00bfCu\u00e1n r\u00e1pido se puede hacer esto?<br \/>\n\u2013Muy r\u00e1pidamente. Entre tres y cinco a\u00f1os. Pero vamos a tener que ver qu\u00e9 pasa porque el sistema el\u00e9ctrico y la situaci\u00f3n macroecon\u00f3mica en Argentina no es muy buena. Sin embargo, esperamos empezar a trabajar lo m\u00e1s pronto posible con el nuevo gobierno para crear las condiciones para atraer las inversiones. Todo el mundo que conozco en la industria e\u00f3lica en Am\u00e9rica latina est\u00e1 muy entusiasmado con la Argentina.<\/p>\n<p>Fuente: Entrevista publicada por el diario Clarin el 11\/12\/2015<\/p>\n<p>&nbsp;<\/p>\n","protected":false},"excerpt":{"rendered":"<p>Las grandes compa\u00f1\u00edas de la industria e\u00f3lica han estado salivando por entrar en el mercado del viento en la Argentina [&hellip;]<\/p>\n","protected":false},"author":2,"featured_media":16092,"comment_status":"closed","ping_status":"closed","sticky":false,"template":"","format":"standard","meta":{"site-sidebar-layout":"default","site-content-layout":"","ast-site-content-layout":"default","site-content-style":"default","site-sidebar-style":"default","ast-global-header-display":"","ast-banner-title-visibility":"","ast-main-header-display":"","ast-hfb-above-header-display":"","ast-hfb-below-header-display":"","ast-hfb-mobile-header-display":"","site-post-title":"","ast-breadcrumbs-content":"","ast-featured-img":"","footer-sml-layout":"","ast-disable-related-posts":"","theme-transparent-header-meta":"","adv-header-id-meta":"","stick-header-meta":"","header-above-stick-meta":"","header-main-stick-meta":"","header-below-stick-meta":"","astra-migrate-meta-layouts":"default","ast-page-background-enabled":"default","ast-page-background-meta":{"desktop":{"background-color":"var(--ast-global-color-5)","background-image":"","background-repeat":"repeat","background-position":"center center","background-size":"auto","background-attachment":"scroll","background-type":"","background-media":"","overlay-type":"","overlay-color":"","overlay-opacity":"","overlay-gradient":""},"tablet":{"background-color":"","background-image":"","background-repeat":"repeat","background-position":"center center","background-size":"auto","background-attachment":"scroll","background-type":"","background-media":"","overlay-type":"","overlay-color":"","overlay-opacity":"","overlay-gradient":""},"mobile":{"background-color":"","background-image":"","background-repeat":"repeat","background-position":"center center","background-size":"auto","background-attachment":"scroll","background-type":"","background-media":"","overlay-type":"","overlay-color":"","overlay-opacity":"","overlay-gradient":""}},"ast-content-background-meta":{"desktop":{"background-color":"var(--ast-global-color-4)","background-image":"","background-repeat":"repeat","background-position":"center center","background-size":"auto","background-attachment":"scroll","background-type":"","background-media":"","overlay-type":"","overlay-color":"","overlay-opacity":"","overlay-gradient":""},"tablet":{"background-color":"var(--ast-global-color-4)","background-image":"","background-repeat":"repeat","background-position":"center center","background-size":"auto","background-attachment":"scroll","background-type":"","background-media":"","overlay-type":"","overlay-color":"","overlay-opacity":"","overlay-gradient":""},"mobile":{"background-color":"var(--ast-global-color-4)","background-image":"","background-repeat":"repeat","background-position":"center center","background-size":"auto","background-attachment":"scroll","background-type":"","background-media":"","overlay-type":"","overlay-color":"","overlay-opacity":"","overlay-gradient":""}},"footnotes":""},"categories":[1],"tags":[],"class_list":["post-16090","post","type-post","status-publish","format-standard","has-post-thumbnail","hentry","category-noticias"],"yoast_head":"<!-- This site is optimized with the Yoast SEO Premium plugin v23.0 (Yoast SEO v27.5) - https:\/\/yoast.com\/product\/yoast-seo-premium-wordpress\/ -->\n<title>\u201cArgentina puede ser la gran exportadora de energ\u00eda e\u00f3lica a toda Am\u00e9rica latina\u201d<\/title>\n<meta name=\"robots\" content=\"index, follow, max-snippet:-1, max-image-preview:large, max-video-preview:-1\" \/>\n<link rel=\"canonical\" href=\"https:\/\/patagoniambiental.com.ar\/info\/argentina-puede-ser-la-gran-exportadora-de-energia-eolica-a-toda-america-latina\/\" \/>\n<meta property=\"og:locale\" content=\"es_ES\" \/>\n<meta property=\"og:type\" content=\"article\" \/>\n<meta property=\"og:title\" content=\"\u201cArgentina puede ser la gran exportadora de energ\u00eda e\u00f3lica a toda Am\u00e9rica latina\u201d\" \/>\n<meta property=\"og:description\" content=\"Las grandes compa\u00f1\u00edas de la industria e\u00f3lica han estado salivando por entrar en el mercado del viento en la Argentina [&hellip;]\" \/>\n<meta property=\"og:url\" content=\"https:\/\/patagoniambiental.com.ar\/info\/argentina-puede-ser-la-gran-exportadora-de-energia-eolica-a-toda-america-latina\/\" \/>\n<meta property=\"og:site_name\" content=\"Patagonia Ambiental\" \/>\n<meta property=\"article:publisher\" content=\"https:\/\/www.facebook.com\/patagonia.ambiental\" \/>\n<meta property=\"article:author\" content=\"https:\/\/www.facebook.com\/share\/1C1V8Gv9BX\/?mibextid=qi2Omg\" \/>\n<meta property=\"article:published_time\" content=\"2015-12-15T12:00:38+00:00\" \/>\n<meta name=\"author\" content=\"Patagonia Ambiental\" \/>\n<meta name=\"twitter:card\" content=\"summary_large_image\" \/>\n<meta name=\"twitter:creator\" content=\"@PatAmb\" \/>\n<meta name=\"twitter:site\" content=\"@PatAmb\" \/>\n<script type=\"application\/ld+json\" class=\"yoast-schema-graph\">{\"@context\":\"https:\\\/\\\/schema.org\",\"@graph\":[{\"@type\":\"Article\",\"@id\":\"https:\\\/\\\/patagoniambiental.com.ar\\\/info\\\/argentina-puede-ser-la-gran-exportadora-de-energia-eolica-a-toda-america-latina\\\/#article\",\"isPartOf\":{\"@id\":\"https:\\\/\\\/patagoniambiental.com.ar\\\/info\\\/argentina-puede-ser-la-gran-exportadora-de-energia-eolica-a-toda-america-latina\\\/\"},\"author\":{\"name\":\"Patagonia Ambiental\",\"@id\":\"https:\\\/\\\/patagoniambiental.com.ar\\\/info\\\/#\\\/schema\\\/person\\\/db12bff64bbcbf6a253710bf0ea37b5d\"},\"headline\":\"\u201cArgentina puede ser la gran exportadora de energ\u00eda e\u00f3lica a toda Am\u00e9rica latina\u201d\",\"datePublished\":\"2015-12-15T12:00:38+00:00\",\"mainEntityOfPage\":{\"@id\":\"https:\\\/\\\/patagoniambiental.com.ar\\\/info\\\/argentina-puede-ser-la-gran-exportadora-de-energia-eolica-a-toda-america-latina\\\/\"},\"wordCount\":502,\"publisher\":{\"@id\":\"https:\\\/\\\/patagoniambiental.com.ar\\\/info\\\/#organization\"},\"image\":{\"@id\":\"https:\\\/\\\/patagoniambiental.com.ar\\\/info\\\/argentina-puede-ser-la-gran-exportadora-de-energia-eolica-a-toda-america-latina\\\/#primaryimage\"},\"thumbnailUrl\":\"\",\"articleSection\":[\"Noticias\"],\"inLanguage\":\"es\"},{\"@type\":\"WebPage\",\"@id\":\"https:\\\/\\\/patagoniambiental.com.ar\\\/info\\\/argentina-puede-ser-la-gran-exportadora-de-energia-eolica-a-toda-america-latina\\\/\",\"url\":\"https:\\\/\\\/patagoniambiental.com.ar\\\/info\\\/argentina-puede-ser-la-gran-exportadora-de-energia-eolica-a-toda-america-latina\\\/\",\"name\":\"\u201cArgentina puede ser la gran exportadora de energ\u00eda e\u00f3lica a toda Am\u00e9rica latina\u201d\",\"isPartOf\":{\"@id\":\"https:\\\/\\\/patagoniambiental.com.ar\\\/info\\\/#website\"},\"primaryImageOfPage\":{\"@id\":\"https:\\\/\\\/patagoniambiental.com.ar\\\/info\\\/argentina-puede-ser-la-gran-exportadora-de-energia-eolica-a-toda-america-latina\\\/#primaryimage\"},\"image\":{\"@id\":\"https:\\\/\\\/patagoniambiental.com.ar\\\/info\\\/argentina-puede-ser-la-gran-exportadora-de-energia-eolica-a-toda-america-latina\\\/#primaryimage\"},\"thumbnailUrl\":\"\",\"datePublished\":\"2015-12-15T12:00:38+00:00\",\"breadcrumb\":{\"@id\":\"https:\\\/\\\/patagoniambiental.com.ar\\\/info\\\/argentina-puede-ser-la-gran-exportadora-de-energia-eolica-a-toda-america-latina\\\/#breadcrumb\"},\"inLanguage\":\"es\",\"potentialAction\":[{\"@type\":\"ReadAction\",\"target\":[\"https:\\\/\\\/patagoniambiental.com.ar\\\/info\\\/argentina-puede-ser-la-gran-exportadora-de-energia-eolica-a-toda-america-latina\\\/\"]}]},{\"@type\":\"ImageObject\",\"inLanguage\":\"es\",\"@id\":\"https:\\\/\\\/patagoniambiental.com.ar\\\/info\\\/argentina-puede-ser-la-gran-exportadora-de-energia-eolica-a-toda-america-latina\\\/#primaryimage\",\"url\":\"\",\"contentUrl\":\"\"},{\"@type\":\"BreadcrumbList\",\"@id\":\"https:\\\/\\\/patagoniambiental.com.ar\\\/info\\\/argentina-puede-ser-la-gran-exportadora-de-energia-eolica-a-toda-america-latina\\\/#breadcrumb\",\"itemListElement\":[{\"@type\":\"ListItem\",\"position\":1,\"name\":\"Inicio\",\"item\":\"https:\\\/\\\/patagoniambiental.com.ar\\\/info\\\/\"},{\"@type\":\"ListItem\",\"position\":2,\"name\":\"\u201cArgentina puede ser la gran exportadora de energ\u00eda e\u00f3lica a toda Am\u00e9rica latina\u201d\"}]},{\"@type\":\"WebSite\",\"@id\":\"https:\\\/\\\/patagoniambiental.com.ar\\\/info\\\/#website\",\"url\":\"https:\\\/\\\/patagoniambiental.com.ar\\\/info\\\/\",\"name\":\"Patagonia Ambiental\",\"description\":\"Monitoreo y an\u00e1lisis de la situaci\u00f3n geopol\u00edtica en el mundo y su implicancia en la Patagonia\",\"publisher\":{\"@id\":\"https:\\\/\\\/patagoniambiental.com.ar\\\/info\\\/#organization\"},\"potentialAction\":[{\"@type\":\"SearchAction\",\"target\":{\"@type\":\"EntryPoint\",\"urlTemplate\":\"https:\\\/\\\/patagoniambiental.com.ar\\\/info\\\/?s={search_term_string}\"},\"query-input\":{\"@type\":\"PropertyValueSpecification\",\"valueRequired\":true,\"valueName\":\"search_term_string\"}}],\"inLanguage\":\"es\"},{\"@type\":\"Organization\",\"@id\":\"https:\\\/\\\/patagoniambiental.com.ar\\\/info\\\/#organization\",\"name\":\"Patagonia Ambiental\",\"url\":\"https:\\\/\\\/patagoniambiental.com.ar\\\/info\\\/\",\"logo\":{\"@type\":\"ImageObject\",\"inLanguage\":\"es\",\"@id\":\"https:\\\/\\\/patagoniambiental.com.ar\\\/info\\\/#\\\/schema\\\/logo\\\/image\\\/\",\"url\":\"https:\\\/\\\/patagoniambiental.com.ar\\\/info\\\/wp-content\\\/uploads\\\/2025\\\/05\\\/LOGO-PATAGONIA-AMBIENTAL.png\",\"contentUrl\":\"https:\\\/\\\/patagoniambiental.com.ar\\\/info\\\/wp-content\\\/uploads\\\/2025\\\/05\\\/LOGO-PATAGONIA-AMBIENTAL.png\",\"width\":433,\"height\":250,\"caption\":\"Patagonia Ambiental\"},\"image\":{\"@id\":\"https:\\\/\\\/patagoniambiental.com.ar\\\/info\\\/#\\\/schema\\\/logo\\\/image\\\/\"},\"sameAs\":[\"https:\\\/\\\/www.facebook.com\\\/patagonia.ambiental\",\"https:\\\/\\\/x.com\\\/PatAmb\"]},{\"@type\":\"Person\",\"@id\":\"https:\\\/\\\/patagoniambiental.com.ar\\\/info\\\/#\\\/schema\\\/person\\\/db12bff64bbcbf6a253710bf0ea37b5d\",\"name\":\"Patagonia Ambiental\",\"description\":\"Andr\u00e9s Nievas T\u00e9cnico en manejo ambiental, consultor Ambiental y escritor para medios locales e internacionales sobre temas de geopolitica y medio ambiente.\",\"sameAs\":[\"http:\\\/\\\/www.patagoniambiental.com.ar\",\"https:\\\/\\\/www.facebook.com\\\/share\\\/1C1V8Gv9BX\\\/?mibextid=qi2Omg\",\"@patagoniambiental\",\"https:\\\/\\\/youtube.com\\\/@patagoniaambiental2023?si=BLt58t0wuXquxlYZ\"]}]}<\/script>\n<!-- \/ Yoast SEO Premium plugin. -->","yoast_head_json":{"title":"\u201cArgentina puede ser la gran exportadora de energ\u00eda e\u00f3lica a toda Am\u00e9rica latina\u201d","robots":{"index":"index","follow":"follow","max-snippet":"max-snippet:-1","max-image-preview":"max-image-preview:large","max-video-preview":"max-video-preview:-1"},"canonical":"https:\/\/patagoniambiental.com.ar\/info\/argentina-puede-ser-la-gran-exportadora-de-energia-eolica-a-toda-america-latina\/","og_locale":"es_ES","og_type":"article","og_title":"\u201cArgentina puede ser la gran exportadora de energ\u00eda e\u00f3lica a toda Am\u00e9rica latina\u201d","og_description":"Las grandes compa\u00f1\u00edas de la industria e\u00f3lica han estado salivando por entrar en el mercado del viento en la Argentina [&hellip;]","og_url":"https:\/\/patagoniambiental.com.ar\/info\/argentina-puede-ser-la-gran-exportadora-de-energia-eolica-a-toda-america-latina\/","og_site_name":"Patagonia Ambiental","article_publisher":"https:\/\/www.facebook.com\/patagonia.ambiental","article_author":"https:\/\/www.facebook.com\/share\/1C1V8Gv9BX\/?mibextid=qi2Omg","article_published_time":"2015-12-15T12:00:38+00:00","author":"Patagonia Ambiental","twitter_card":"summary_large_image","twitter_creator":"@PatAmb","twitter_site":"@PatAmb","schema":{"@context":"https:\/\/schema.org","@graph":[{"@type":"Article","@id":"https:\/\/patagoniambiental.com.ar\/info\/argentina-puede-ser-la-gran-exportadora-de-energia-eolica-a-toda-america-latina\/#article","isPartOf":{"@id":"https:\/\/patagoniambiental.com.ar\/info\/argentina-puede-ser-la-gran-exportadora-de-energia-eolica-a-toda-america-latina\/"},"author":{"name":"Patagonia Ambiental","@id":"https:\/\/patagoniambiental.com.ar\/info\/#\/schema\/person\/db12bff64bbcbf6a253710bf0ea37b5d"},"headline":"\u201cArgentina puede ser la gran exportadora de energ\u00eda e\u00f3lica a toda Am\u00e9rica latina\u201d","datePublished":"2015-12-15T12:00:38+00:00","mainEntityOfPage":{"@id":"https:\/\/patagoniambiental.com.ar\/info\/argentina-puede-ser-la-gran-exportadora-de-energia-eolica-a-toda-america-latina\/"},"wordCount":502,"publisher":{"@id":"https:\/\/patagoniambiental.com.ar\/info\/#organization"},"image":{"@id":"https:\/\/patagoniambiental.com.ar\/info\/argentina-puede-ser-la-gran-exportadora-de-energia-eolica-a-toda-america-latina\/#primaryimage"},"thumbnailUrl":"","articleSection":["Noticias"],"inLanguage":"es"},{"@type":"WebPage","@id":"https:\/\/patagoniambiental.com.ar\/info\/argentina-puede-ser-la-gran-exportadora-de-energia-eolica-a-toda-america-latina\/","url":"https:\/\/patagoniambiental.com.ar\/info\/argentina-puede-ser-la-gran-exportadora-de-energia-eolica-a-toda-america-latina\/","name":"\u201cArgentina puede ser la gran exportadora de energ\u00eda e\u00f3lica a toda Am\u00e9rica latina\u201d","isPartOf":{"@id":"https:\/\/patagoniambiental.com.ar\/info\/#website"},"primaryImageOfPage":{"@id":"https:\/\/patagoniambiental.com.ar\/info\/argentina-puede-ser-la-gran-exportadora-de-energia-eolica-a-toda-america-latina\/#primaryimage"},"image":{"@id":"https:\/\/patagoniambiental.com.ar\/info\/argentina-puede-ser-la-gran-exportadora-de-energia-eolica-a-toda-america-latina\/#primaryimage"},"thumbnailUrl":"","datePublished":"2015-12-15T12:00:38+00:00","breadcrumb":{"@id":"https:\/\/patagoniambiental.com.ar\/info\/argentina-puede-ser-la-gran-exportadora-de-energia-eolica-a-toda-america-latina\/#breadcrumb"},"inLanguage":"es","potentialAction":[{"@type":"ReadAction","target":["https:\/\/patagoniambiental.com.ar\/info\/argentina-puede-ser-la-gran-exportadora-de-energia-eolica-a-toda-america-latina\/"]}]},{"@type":"ImageObject","inLanguage":"es","@id":"https:\/\/patagoniambiental.com.ar\/info\/argentina-puede-ser-la-gran-exportadora-de-energia-eolica-a-toda-america-latina\/#primaryimage","url":"","contentUrl":""},{"@type":"BreadcrumbList","@id":"https:\/\/patagoniambiental.com.ar\/info\/argentina-puede-ser-la-gran-exportadora-de-energia-eolica-a-toda-america-latina\/#breadcrumb","itemListElement":[{"@type":"ListItem","position":1,"name":"Inicio","item":"https:\/\/patagoniambiental.com.ar\/info\/"},{"@type":"ListItem","position":2,"name":"\u201cArgentina puede ser la gran exportadora de energ\u00eda e\u00f3lica a toda Am\u00e9rica latina\u201d"}]},{"@type":"WebSite","@id":"https:\/\/patagoniambiental.com.ar\/info\/#website","url":"https:\/\/patagoniambiental.com.ar\/info\/","name":"Patagonia Ambiental","description":"Monitoreo y an\u00e1lisis de la situaci\u00f3n geopol\u00edtica en el mundo y su implicancia en la Patagonia","publisher":{"@id":"https:\/\/patagoniambiental.com.ar\/info\/#organization"},"potentialAction":[{"@type":"SearchAction","target":{"@type":"EntryPoint","urlTemplate":"https:\/\/patagoniambiental.com.ar\/info\/?s={search_term_string}"},"query-input":{"@type":"PropertyValueSpecification","valueRequired":true,"valueName":"search_term_string"}}],"inLanguage":"es"},{"@type":"Organization","@id":"https:\/\/patagoniambiental.com.ar\/info\/#organization","name":"Patagonia Ambiental","url":"https:\/\/patagoniambiental.com.ar\/info\/","logo":{"@type":"ImageObject","inLanguage":"es","@id":"https:\/\/patagoniambiental.com.ar\/info\/#\/schema\/logo\/image\/","url":"https:\/\/patagoniambiental.com.ar\/info\/wp-content\/uploads\/2025\/05\/LOGO-PATAGONIA-AMBIENTAL.png","contentUrl":"https:\/\/patagoniambiental.com.ar\/info\/wp-content\/uploads\/2025\/05\/LOGO-PATAGONIA-AMBIENTAL.png","width":433,"height":250,"caption":"Patagonia Ambiental"},"image":{"@id":"https:\/\/patagoniambiental.com.ar\/info\/#\/schema\/logo\/image\/"},"sameAs":["https:\/\/www.facebook.com\/patagonia.ambiental","https:\/\/x.com\/PatAmb"]},{"@type":"Person","@id":"https:\/\/patagoniambiental.com.ar\/info\/#\/schema\/person\/db12bff64bbcbf6a253710bf0ea37b5d","name":"Patagonia Ambiental","description":"Andr\u00e9s Nievas T\u00e9cnico en manejo ambiental, consultor Ambiental y escritor para medios locales e internacionales sobre temas de geopolitica y medio ambiente.","sameAs":["http:\/\/www.patagoniambiental.com.ar","https:\/\/www.facebook.com\/share\/1C1V8Gv9BX\/?mibextid=qi2Omg","@patagoniambiental","https:\/\/youtube.com\/@patagoniaambiental2023?si=BLt58t0wuXquxlYZ"]}]}},"_links":{"self":[{"href":"https:\/\/patagoniambiental.com.ar\/info\/wp-json\/wp\/v2\/posts\/16090","targetHints":{"allow":["GET"]}}],"collection":[{"href":"https:\/\/patagoniambiental.com.ar\/info\/wp-json\/wp\/v2\/posts"}],"about":[{"href":"https:\/\/patagoniambiental.com.ar\/info\/wp-json\/wp\/v2\/types\/post"}],"author":[{"embeddable":true,"href":"https:\/\/patagoniambiental.com.ar\/info\/wp-json\/wp\/v2\/users\/2"}],"replies":[{"embeddable":true,"href":"https:\/\/patagoniambiental.com.ar\/info\/wp-json\/wp\/v2\/comments?post=16090"}],"version-history":[{"count":0,"href":"https:\/\/patagoniambiental.com.ar\/info\/wp-json\/wp\/v2\/posts\/16090\/revisions"}],"wp:featuredmedia":[{"embeddable":true,"href":"https:\/\/patagoniambiental.com.ar\/info\/wp-json\/"}],"wp:attachment":[{"href":"https:\/\/patagoniambiental.com.ar\/info\/wp-json\/wp\/v2\/media?parent=16090"}],"wp:term":[{"taxonomy":"category","embeddable":true,"href":"https:\/\/patagoniambiental.com.ar\/info\/wp-json\/wp\/v2\/categories?post=16090"},{"taxonomy":"post_tag","embeddable":true,"href":"https:\/\/patagoniambiental.com.ar\/info\/wp-json\/wp\/v2\/tags?post=16090"}],"curies":[{"name":"wp","href":"https:\/\/api.w.org\/{rel}","templated":true}]}}