{"id":16107,"date":"2015-12-16T09:22:24","date_gmt":"2015-12-16T12:22:24","guid":{"rendered":"http:\/\/patagoniambiental.com.ar\/?p=16107"},"modified":"2015-12-16T09:22:24","modified_gmt":"2015-12-16T12:22:24","slug":"bergman-definio-que-el-ministerio-de-ambiente-estara-orientado-a-la-ultima-enciclica-de-francisco","status":"publish","type":"post","link":"https:\/\/patagoniambiental.com.ar\/info\/bergman-definio-que-el-ministerio-de-ambiente-estara-orientado-a-la-ultima-enciclica-de-francisco\/","title":{"rendered":"Bergman defini\u00f3 que el Ministerio de Ambiente estar\u00e1 orientado a la \u00faltima enc\u00edclica de Francisco"},"content":{"rendered":"<p>El titular de la cartera ambiental, una de las nuevas creadas por el gobierno que conduce el presidente Mauricio Macri, indic\u00f3 que la labor estar\u00e1 centrada \u00abno solamente en la ecolog\u00eda sino tambi\u00e9n en el desarrollo sustentable\u00bb.<\/p>\n<p>En ese sentido, precis\u00f3 que \u00abes un \u00e1rea transversal que toca temas de educaci\u00f3n, sobre c\u00f3mo formarse en la responsabilidad del medioambiente, de producci\u00f3n, de energ\u00eda e infraestructura\u00bb.<\/p>\n<p>\u00abTambi\u00e9n va a haber una \u00e1rea de energ\u00edas alternativas para que el crecimiento econ\u00f3mico no sea en detrimento de degradar de los recursos agotables y no renovables\u00bb, a\u00f1adi\u00f3 en declaraciones a Radio 10.<\/p>\n<p>Bergman anticip\u00f3 que el ministerio que conducir\u00e1 va \u00abestar fundamentalmente orientado con la \u00faltima enc\u00edclica papal &#8216;Laudato Si&#8217; que tiene que ver con la visi\u00f3n de la dignidad humana, la calidad de vida y la inclusi\u00f3n que ya ten\u00eda Francisco de As\u00eds de una armon\u00eda, de cuidado, respeto y preservaci\u00f3n de nuestra casa\u00bb.<\/p>\n<p>El rabino destac\u00f3 que \u00abse pondr\u00e1 en la agenda a nivel nacional y con rango ministerial algo que en la Ciudad tiene que ver con la perspectiva del programa Buenos Aires Verde\u00bb, adem\u00e1s de continuar con iniciativas como la del ente Acumar para la limpieza de la Cuenca Matanza Riachuelo.<\/p>\n<p>Al respecto, se\u00f1al\u00f3 que \u00abdado que las dos jurisdicciones (Ciudad y provincia de Buenos Aires) est\u00e1n ahora en una convergencia program\u00e1tica, adem\u00e1s de la conducci\u00f3n pol\u00edtica, las cosas que se demoraron van a tener un ritmo de realizaci\u00f3n superador\u00bb.<\/p>\n<p>Tambi\u00e9n se refiri\u00f3 al debate por la megaminer\u00eda y el uso de agrot\u00f3xicos donde \u00abevidentemente hay conflictos de intereses pero tambi\u00e9n una posici\u00f3n firme en tomar cartas en el asunto\u00bb.<\/p>\n<p>En ese marco, indic\u00f3 que \u00abfalta soporte de leyes y trabajo parlamentario\u00bb sobre estos temas que \u00abestaban m\u00e1s manejados por intereses de lobbys y grupos cerrados que despachaban leyes que no se debat\u00edan\u00bb.<\/p>\n<p>\u00abNadie est\u00e1 en contra de la miner\u00eda, pero la miner\u00eda a cielo abierto, sin chequear los efluentes y las proporciones que usas para la actividad nos parece contra del sentido com\u00fan\u00bb, apunt\u00f3.<\/p>\n","protected":false},"excerpt":{"rendered":"<p>El titular de la cartera ambiental, una de las nuevas creadas por el gobierno que conduce el presidente Mauricio Macri, [&hellip;]<\/p>\n","protected":false},"author":2,"featured_media":16108,"comment_status":"closed","ping_status":"closed","sticky":false,"template":"","format":"standard","meta":{"site-sidebar-layout":"default","site-content-layout":"","ast-site-content-layout":"default","site-content-style":"default","site-sidebar-style":"default","ast-global-header-display":"","ast-banner-title-visibility":"","ast-main-header-display":"","ast-hfb-above-header-display":"","ast-hfb-below-header-display":"","ast-hfb-mobile-header-display":"","site-post-title":"","ast-breadcrumbs-content":"","ast-featured-img":"","footer-sml-layout":"","ast-disable-related-posts":"","theme-transparent-header-meta":"","adv-header-id-meta":"","stick-header-meta":"","header-above-stick-meta":"","header-main-stick-meta":"","header-below-stick-meta":"","astra-migrate-meta-layouts":"default","ast-page-background-enabled":"default","ast-page-background-meta":{"desktop":{"background-color":"var(--ast-global-color-5)","background-image":"","background-repeat":"repeat","background-position":"center center","background-size":"auto","background-attachment":"scroll","background-type":"","background-media":"","overlay-type":"","overlay-color":"","overlay-opacity":"","overlay-gradient":""},"tablet":{"background-color":"","background-image":"","background-repeat":"repeat","background-position":"center center","background-size":"auto","background-attachment":"scroll","background-type":"","background-media":"","overlay-type":"","overlay-color":"","overlay-opacity":"","overlay-gradient":""},"mobile":{"background-color":"","background-image":"","background-repeat":"repeat","background-position":"center center","background-size":"auto","background-attachment":"scroll","background-type":"","background-media":"","overlay-type":"","overlay-color":"","overlay-opacity":"","overlay-gradient":""}},"ast-content-background-meta":{"desktop":{"background-color":"var(--ast-global-color-4)","background-image":"","background-repeat":"repeat","background-position":"center center","background-size":"auto","background-attachment":"scroll","background-type":"","background-media":"","overlay-type":"","overlay-color":"","overlay-opacity":"","overlay-gradient":""},"tablet":{"background-color":"var(--ast-global-color-4)","background-image":"","background-repeat":"repeat","background-position":"center center","background-size":"auto","background-attachment":"scroll","background-type":"","background-media":"","overlay-type":"","overlay-color":"","overlay-opacity":"","overlay-gradient":""},"mobile":{"background-color":"var(--ast-global-color-4)","background-image":"","background-repeat":"repeat","background-position":"center center","background-size":"auto","background-attachment":"scroll","background-type":"","background-media":"","overlay-type":"","overlay-color":"","overlay-opacity":"","overlay-gradient":""}},"footnotes":""},"categories":[1],"tags":[],"class_list":["post-16107","post","type-post","status-publish","format-standard","has-post-thumbnail","hentry","category-noticias"],"yoast_head":"<!-- This site is optimized with the Yoast SEO Premium plugin v23.0 (Yoast SEO v27.5) - https:\/\/yoast.com\/product\/yoast-seo-premium-wordpress\/ -->\n<title>Bergman defini\u00f3 que el Ministerio de Ambiente estar\u00e1 orientado a la \u00faltima enc\u00edclica de Francisco<\/title>\n<meta name=\"robots\" content=\"index, follow, max-snippet:-1, max-image-preview:large, max-video-preview:-1\" \/>\n<link rel=\"canonical\" href=\"https:\/\/patagoniambiental.com.ar\/info\/bergman-definio-que-el-ministerio-de-ambiente-estara-orientado-a-la-ultima-enciclica-de-francisco\/\" \/>\n<meta property=\"og:locale\" content=\"es_ES\" \/>\n<meta property=\"og:type\" content=\"article\" \/>\n<meta property=\"og:title\" content=\"Bergman defini\u00f3 que el Ministerio de Ambiente estar\u00e1 orientado a la \u00faltima enc\u00edclica de Francisco\" \/>\n<meta property=\"og:description\" content=\"El titular de la cartera ambiental, una de las nuevas creadas por el gobierno que conduce el presidente Mauricio Macri, [&hellip;]\" \/>\n<meta property=\"og:url\" content=\"https:\/\/patagoniambiental.com.ar\/info\/bergman-definio-que-el-ministerio-de-ambiente-estara-orientado-a-la-ultima-enciclica-de-francisco\/\" \/>\n<meta property=\"og:site_name\" content=\"Patagonia Ambiental\" \/>\n<meta property=\"article:publisher\" content=\"https:\/\/www.facebook.com\/patagonia.ambiental\" \/>\n<meta property=\"article:author\" content=\"https:\/\/www.facebook.com\/share\/1C1V8Gv9BX\/?mibextid=qi2Omg\" \/>\n<meta property=\"article:published_time\" content=\"2015-12-16T12:22:24+00:00\" \/>\n<meta name=\"author\" content=\"Patagonia Ambiental\" \/>\n<meta name=\"twitter:card\" content=\"summary_large_image\" \/>\n<meta name=\"twitter:creator\" content=\"@PatAmb\" \/>\n<meta name=\"twitter:site\" content=\"@PatAmb\" \/>\n<script type=\"application\/ld+json\" class=\"yoast-schema-graph\">{\"@context\":\"https:\\\/\\\/schema.org\",\"@graph\":[{\"@type\":\"Article\",\"@id\":\"https:\\\/\\\/patagoniambiental.com.ar\\\/info\\\/bergman-definio-que-el-ministerio-de-ambiente-estara-orientado-a-la-ultima-enciclica-de-francisco\\\/#article\",\"isPartOf\":{\"@id\":\"https:\\\/\\\/patagoniambiental.com.ar\\\/info\\\/bergman-definio-que-el-ministerio-de-ambiente-estara-orientado-a-la-ultima-enciclica-de-francisco\\\/\"},\"author\":{\"name\":\"Patagonia Ambiental\",\"@id\":\"https:\\\/\\\/patagoniambiental.com.ar\\\/info\\\/#\\\/schema\\\/person\\\/db12bff64bbcbf6a253710bf0ea37b5d\"},\"headline\":\"Bergman defini\u00f3 que el Ministerio de Ambiente estar\u00e1 orientado a la \u00faltima enc\u00edclica de Francisco\",\"datePublished\":\"2015-12-16T12:22:24+00:00\",\"mainEntityOfPage\":{\"@id\":\"https:\\\/\\\/patagoniambiental.com.ar\\\/info\\\/bergman-definio-que-el-ministerio-de-ambiente-estara-orientado-a-la-ultima-enciclica-de-francisco\\\/\"},\"wordCount\":385,\"publisher\":{\"@id\":\"https:\\\/\\\/patagoniambiental.com.ar\\\/info\\\/#organization\"},\"image\":{\"@id\":\"https:\\\/\\\/patagoniambiental.com.ar\\\/info\\\/bergman-definio-que-el-ministerio-de-ambiente-estara-orientado-a-la-ultima-enciclica-de-francisco\\\/#primaryimage\"},\"thumbnailUrl\":\"\",\"articleSection\":[\"Noticias\"],\"inLanguage\":\"es\"},{\"@type\":\"WebPage\",\"@id\":\"https:\\\/\\\/patagoniambiental.com.ar\\\/info\\\/bergman-definio-que-el-ministerio-de-ambiente-estara-orientado-a-la-ultima-enciclica-de-francisco\\\/\",\"url\":\"https:\\\/\\\/patagoniambiental.com.ar\\\/info\\\/bergman-definio-que-el-ministerio-de-ambiente-estara-orientado-a-la-ultima-enciclica-de-francisco\\\/\",\"name\":\"Bergman defini\u00f3 que el Ministerio de Ambiente estar\u00e1 orientado a la \u00faltima enc\u00edclica de Francisco\",\"isPartOf\":{\"@id\":\"https:\\\/\\\/patagoniambiental.com.ar\\\/info\\\/#website\"},\"primaryImageOfPage\":{\"@id\":\"https:\\\/\\\/patagoniambiental.com.ar\\\/info\\\/bergman-definio-que-el-ministerio-de-ambiente-estara-orientado-a-la-ultima-enciclica-de-francisco\\\/#primaryimage\"},\"image\":{\"@id\":\"https:\\\/\\\/patagoniambiental.com.ar\\\/info\\\/bergman-definio-que-el-ministerio-de-ambiente-estara-orientado-a-la-ultima-enciclica-de-francisco\\\/#primaryimage\"},\"thumbnailUrl\":\"\",\"datePublished\":\"2015-12-16T12:22:24+00:00\",\"breadcrumb\":{\"@id\":\"https:\\\/\\\/patagoniambiental.com.ar\\\/info\\\/bergman-definio-que-el-ministerio-de-ambiente-estara-orientado-a-la-ultima-enciclica-de-francisco\\\/#breadcrumb\"},\"inLanguage\":\"es\",\"potentialAction\":[{\"@type\":\"ReadAction\",\"target\":[\"https:\\\/\\\/patagoniambiental.com.ar\\\/info\\\/bergman-definio-que-el-ministerio-de-ambiente-estara-orientado-a-la-ultima-enciclica-de-francisco\\\/\"]}]},{\"@type\":\"ImageObject\",\"inLanguage\":\"es\",\"@id\":\"https:\\\/\\\/patagoniambiental.com.ar\\\/info\\\/bergman-definio-que-el-ministerio-de-ambiente-estara-orientado-a-la-ultima-enciclica-de-francisco\\\/#primaryimage\",\"url\":\"\",\"contentUrl\":\"\"},{\"@type\":\"BreadcrumbList\",\"@id\":\"https:\\\/\\\/patagoniambiental.com.ar\\\/info\\\/bergman-definio-que-el-ministerio-de-ambiente-estara-orientado-a-la-ultima-enciclica-de-francisco\\\/#breadcrumb\",\"itemListElement\":[{\"@type\":\"ListItem\",\"position\":1,\"name\":\"Inicio\",\"item\":\"https:\\\/\\\/patagoniambiental.com.ar\\\/info\\\/\"},{\"@type\":\"ListItem\",\"position\":2,\"name\":\"Bergman defini\u00f3 que el Ministerio de Ambiente estar\u00e1 orientado a la \u00faltima enc\u00edclica de Francisco\"}]},{\"@type\":\"WebSite\",\"@id\":\"https:\\\/\\\/patagoniambiental.com.ar\\\/info\\\/#website\",\"url\":\"https:\\\/\\\/patagoniambiental.com.ar\\\/info\\\/\",\"name\":\"Patagonia Ambiental\",\"description\":\"Monitoreo y an\u00e1lisis de la situaci\u00f3n geopol\u00edtica en el mundo y su implicancia en la Patagonia\",\"publisher\":{\"@id\":\"https:\\\/\\\/patagoniambiental.com.ar\\\/info\\\/#organization\"},\"potentialAction\":[{\"@type\":\"SearchAction\",\"target\":{\"@type\":\"EntryPoint\",\"urlTemplate\":\"https:\\\/\\\/patagoniambiental.com.ar\\\/info\\\/?s={search_term_string}\"},\"query-input\":{\"@type\":\"PropertyValueSpecification\",\"valueRequired\":true,\"valueName\":\"search_term_string\"}}],\"inLanguage\":\"es\"},{\"@type\":\"Organization\",\"@id\":\"https:\\\/\\\/patagoniambiental.com.ar\\\/info\\\/#organization\",\"name\":\"Patagonia Ambiental\",\"url\":\"https:\\\/\\\/patagoniambiental.com.ar\\\/info\\\/\",\"logo\":{\"@type\":\"ImageObject\",\"inLanguage\":\"es\",\"@id\":\"https:\\\/\\\/patagoniambiental.com.ar\\\/info\\\/#\\\/schema\\\/logo\\\/image\\\/\",\"url\":\"https:\\\/\\\/patagoniambiental.com.ar\\\/info\\\/wp-content\\\/uploads\\\/2025\\\/05\\\/LOGO-PATAGONIA-AMBIENTAL.png\",\"contentUrl\":\"https:\\\/\\\/patagoniambiental.com.ar\\\/info\\\/wp-content\\\/uploads\\\/2025\\\/05\\\/LOGO-PATAGONIA-AMBIENTAL.png\",\"width\":433,\"height\":250,\"caption\":\"Patagonia Ambiental\"},\"image\":{\"@id\":\"https:\\\/\\\/patagoniambiental.com.ar\\\/info\\\/#\\\/schema\\\/logo\\\/image\\\/\"},\"sameAs\":[\"https:\\\/\\\/www.facebook.com\\\/patagonia.ambiental\",\"https:\\\/\\\/x.com\\\/PatAmb\"]},{\"@type\":\"Person\",\"@id\":\"https:\\\/\\\/patagoniambiental.com.ar\\\/info\\\/#\\\/schema\\\/person\\\/db12bff64bbcbf6a253710bf0ea37b5d\",\"name\":\"Patagonia Ambiental\",\"description\":\"Andr\u00e9s Nievas T\u00e9cnico en manejo ambiental, consultor Ambiental y escritor para medios locales e internacionales sobre temas de geopolitica y medio ambiente.\",\"sameAs\":[\"http:\\\/\\\/www.patagoniambiental.com.ar\",\"https:\\\/\\\/www.facebook.com\\\/share\\\/1C1V8Gv9BX\\\/?mibextid=qi2Omg\",\"@patagoniambiental\",\"https:\\\/\\\/youtube.com\\\/@patagoniaambiental2023?si=BLt58t0wuXquxlYZ\"]}]}<\/script>\n<!-- \/ Yoast SEO Premium plugin. -->","yoast_head_json":{"title":"Bergman defini\u00f3 que el Ministerio de Ambiente estar\u00e1 orientado a la \u00faltima enc\u00edclica de Francisco","robots":{"index":"index","follow":"follow","max-snippet":"max-snippet:-1","max-image-preview":"max-image-preview:large","max-video-preview":"max-video-preview:-1"},"canonical":"https:\/\/patagoniambiental.com.ar\/info\/bergman-definio-que-el-ministerio-de-ambiente-estara-orientado-a-la-ultima-enciclica-de-francisco\/","og_locale":"es_ES","og_type":"article","og_title":"Bergman defini\u00f3 que el Ministerio de Ambiente estar\u00e1 orientado a la \u00faltima enc\u00edclica de Francisco","og_description":"El titular de la cartera ambiental, una de las nuevas creadas por el gobierno que conduce el presidente Mauricio Macri, [&hellip;]","og_url":"https:\/\/patagoniambiental.com.ar\/info\/bergman-definio-que-el-ministerio-de-ambiente-estara-orientado-a-la-ultima-enciclica-de-francisco\/","og_site_name":"Patagonia Ambiental","article_publisher":"https:\/\/www.facebook.com\/patagonia.ambiental","article_author":"https:\/\/www.facebook.com\/share\/1C1V8Gv9BX\/?mibextid=qi2Omg","article_published_time":"2015-12-16T12:22:24+00:00","author":"Patagonia Ambiental","twitter_card":"summary_large_image","twitter_creator":"@PatAmb","twitter_site":"@PatAmb","schema":{"@context":"https:\/\/schema.org","@graph":[{"@type":"Article","@id":"https:\/\/patagoniambiental.com.ar\/info\/bergman-definio-que-el-ministerio-de-ambiente-estara-orientado-a-la-ultima-enciclica-de-francisco\/#article","isPartOf":{"@id":"https:\/\/patagoniambiental.com.ar\/info\/bergman-definio-que-el-ministerio-de-ambiente-estara-orientado-a-la-ultima-enciclica-de-francisco\/"},"author":{"name":"Patagonia Ambiental","@id":"https:\/\/patagoniambiental.com.ar\/info\/#\/schema\/person\/db12bff64bbcbf6a253710bf0ea37b5d"},"headline":"Bergman defini\u00f3 que el Ministerio de Ambiente estar\u00e1 orientado a la \u00faltima enc\u00edclica de Francisco","datePublished":"2015-12-16T12:22:24+00:00","mainEntityOfPage":{"@id":"https:\/\/patagoniambiental.com.ar\/info\/bergman-definio-que-el-ministerio-de-ambiente-estara-orientado-a-la-ultima-enciclica-de-francisco\/"},"wordCount":385,"publisher":{"@id":"https:\/\/patagoniambiental.com.ar\/info\/#organization"},"image":{"@id":"https:\/\/patagoniambiental.com.ar\/info\/bergman-definio-que-el-ministerio-de-ambiente-estara-orientado-a-la-ultima-enciclica-de-francisco\/#primaryimage"},"thumbnailUrl":"","articleSection":["Noticias"],"inLanguage":"es"},{"@type":"WebPage","@id":"https:\/\/patagoniambiental.com.ar\/info\/bergman-definio-que-el-ministerio-de-ambiente-estara-orientado-a-la-ultima-enciclica-de-francisco\/","url":"https:\/\/patagoniambiental.com.ar\/info\/bergman-definio-que-el-ministerio-de-ambiente-estara-orientado-a-la-ultima-enciclica-de-francisco\/","name":"Bergman defini\u00f3 que el Ministerio de Ambiente estar\u00e1 orientado a la \u00faltima enc\u00edclica de Francisco","isPartOf":{"@id":"https:\/\/patagoniambiental.com.ar\/info\/#website"},"primaryImageOfPage":{"@id":"https:\/\/patagoniambiental.com.ar\/info\/bergman-definio-que-el-ministerio-de-ambiente-estara-orientado-a-la-ultima-enciclica-de-francisco\/#primaryimage"},"image":{"@id":"https:\/\/patagoniambiental.com.ar\/info\/bergman-definio-que-el-ministerio-de-ambiente-estara-orientado-a-la-ultima-enciclica-de-francisco\/#primaryimage"},"thumbnailUrl":"","datePublished":"2015-12-16T12:22:24+00:00","breadcrumb":{"@id":"https:\/\/patagoniambiental.com.ar\/info\/bergman-definio-que-el-ministerio-de-ambiente-estara-orientado-a-la-ultima-enciclica-de-francisco\/#breadcrumb"},"inLanguage":"es","potentialAction":[{"@type":"ReadAction","target":["https:\/\/patagoniambiental.com.ar\/info\/bergman-definio-que-el-ministerio-de-ambiente-estara-orientado-a-la-ultima-enciclica-de-francisco\/"]}]},{"@type":"ImageObject","inLanguage":"es","@id":"https:\/\/patagoniambiental.com.ar\/info\/bergman-definio-que-el-ministerio-de-ambiente-estara-orientado-a-la-ultima-enciclica-de-francisco\/#primaryimage","url":"","contentUrl":""},{"@type":"BreadcrumbList","@id":"https:\/\/patagoniambiental.com.ar\/info\/bergman-definio-que-el-ministerio-de-ambiente-estara-orientado-a-la-ultima-enciclica-de-francisco\/#breadcrumb","itemListElement":[{"@type":"ListItem","position":1,"name":"Inicio","item":"https:\/\/patagoniambiental.com.ar\/info\/"},{"@type":"ListItem","position":2,"name":"Bergman defini\u00f3 que el Ministerio de Ambiente estar\u00e1 orientado a la \u00faltima enc\u00edclica de Francisco"}]},{"@type":"WebSite","@id":"https:\/\/patagoniambiental.com.ar\/info\/#website","url":"https:\/\/patagoniambiental.com.ar\/info\/","name":"Patagonia Ambiental","description":"Monitoreo y an\u00e1lisis de la situaci\u00f3n geopol\u00edtica en el mundo y su implicancia en la Patagonia","publisher":{"@id":"https:\/\/patagoniambiental.com.ar\/info\/#organization"},"potentialAction":[{"@type":"SearchAction","target":{"@type":"EntryPoint","urlTemplate":"https:\/\/patagoniambiental.com.ar\/info\/?s={search_term_string}"},"query-input":{"@type":"PropertyValueSpecification","valueRequired":true,"valueName":"search_term_string"}}],"inLanguage":"es"},{"@type":"Organization","@id":"https:\/\/patagoniambiental.com.ar\/info\/#organization","name":"Patagonia Ambiental","url":"https:\/\/patagoniambiental.com.ar\/info\/","logo":{"@type":"ImageObject","inLanguage":"es","@id":"https:\/\/patagoniambiental.com.ar\/info\/#\/schema\/logo\/image\/","url":"https:\/\/patagoniambiental.com.ar\/info\/wp-content\/uploads\/2025\/05\/LOGO-PATAGONIA-AMBIENTAL.png","contentUrl":"https:\/\/patagoniambiental.com.ar\/info\/wp-content\/uploads\/2025\/05\/LOGO-PATAGONIA-AMBIENTAL.png","width":433,"height":250,"caption":"Patagonia Ambiental"},"image":{"@id":"https:\/\/patagoniambiental.com.ar\/info\/#\/schema\/logo\/image\/"},"sameAs":["https:\/\/www.facebook.com\/patagonia.ambiental","https:\/\/x.com\/PatAmb"]},{"@type":"Person","@id":"https:\/\/patagoniambiental.com.ar\/info\/#\/schema\/person\/db12bff64bbcbf6a253710bf0ea37b5d","name":"Patagonia Ambiental","description":"Andr\u00e9s Nievas T\u00e9cnico en manejo ambiental, consultor Ambiental y escritor para medios locales e internacionales sobre temas de geopolitica y medio ambiente.","sameAs":["http:\/\/www.patagoniambiental.com.ar","https:\/\/www.facebook.com\/share\/1C1V8Gv9BX\/?mibextid=qi2Omg","@patagoniambiental","https:\/\/youtube.com\/@patagoniaambiental2023?si=BLt58t0wuXquxlYZ"]}]}},"_links":{"self":[{"href":"https:\/\/patagoniambiental.com.ar\/info\/wp-json\/wp\/v2\/posts\/16107","targetHints":{"allow":["GET"]}}],"collection":[{"href":"https:\/\/patagoniambiental.com.ar\/info\/wp-json\/wp\/v2\/posts"}],"about":[{"href":"https:\/\/patagoniambiental.com.ar\/info\/wp-json\/wp\/v2\/types\/post"}],"author":[{"embeddable":true,"href":"https:\/\/patagoniambiental.com.ar\/info\/wp-json\/wp\/v2\/users\/2"}],"replies":[{"embeddable":true,"href":"https:\/\/patagoniambiental.com.ar\/info\/wp-json\/wp\/v2\/comments?post=16107"}],"version-history":[{"count":0,"href":"https:\/\/patagoniambiental.com.ar\/info\/wp-json\/wp\/v2\/posts\/16107\/revisions"}],"wp:featuredmedia":[{"embeddable":true,"href":"https:\/\/patagoniambiental.com.ar\/info\/wp-json\/"}],"wp:attachment":[{"href":"https:\/\/patagoniambiental.com.ar\/info\/wp-json\/wp\/v2\/media?parent=16107"}],"wp:term":[{"taxonomy":"category","embeddable":true,"href":"https:\/\/patagoniambiental.com.ar\/info\/wp-json\/wp\/v2\/categories?post=16107"},{"taxonomy":"post_tag","embeddable":true,"href":"https:\/\/patagoniambiental.com.ar\/info\/wp-json\/wp\/v2\/tags?post=16107"}],"curies":[{"name":"wp","href":"https:\/\/api.w.org\/{rel}","templated":true}]}}