{"id":16116,"date":"2015-12-17T09:00:19","date_gmt":"2015-12-17T12:00:19","guid":{"rendered":"http:\/\/patagoniambiental.com.ar\/?p=16116"},"modified":"2015-12-17T09:00:19","modified_gmt":"2015-12-17T12:00:19","slug":"parques-nacionales-en-contra-de-las-represas","status":"publish","type":"post","link":"https:\/\/patagoniambiental.com.ar\/info\/parques-nacionales-en-contra-de-las-represas\/","title":{"rendered":"Parques Nacionales en contra de las represas"},"content":{"rendered":"<p>El vicepresidente de Parques Nacionales Emiliano Ezcurra anticip\u00f3 la oposici\u00f3n de la instituci\u00f3n nacional al proyecto de las represas dejando abierta las puertas para una presentaci\u00f3n judicial.<\/p>\n<p>El flamante funcionario nacional dijo que nunca se consult\u00f3 a la Administraci\u00f3n de Parques Nacionales sobre su opini\u00f3n en cuanto al proyecto de las represas.<\/p>\n<p>Antes de asumir en la vicepresidencia de Parques Nacionales, Emiliano Ezcurra lider\u00f3 la asociaci\u00f3n ambientalista Banco de Bosques, la que tiene un planteo realizado ante la Corte Suprema de Justicia de la Naci\u00f3n para frenar las obras de las represas.<\/p>\n<p>Ahora, como funcionario, explic\u00f3 que por presiones pol\u00edticas Parques Nacionales no ten\u00eda una posici\u00f3n aguerrida en el tema, y \u201cahora la va a tener\u201d.<\/p>\n<p>Dijo que las represas en el rio Santa Cruz son un da\u00f1o innecesario a la patria. \u201cSi uno puede probar que esas represas son muy eficientes, que son la \u00fanica soluci\u00f3n y que luego de analizar estudios energ\u00e9ticos alternativos no hay posibilidad alguna de generar la misma energ\u00eda con otros medios, me la banco, pero ac\u00e1 no hay ni un solo papel que diga que se analizaran otras opciones\u201d, dijo Ezcurra.<\/p>\n<p>Agreg\u00f3 que no hay necesidad de generar ese da\u00f1o ambiental. \u201cNos van a sacar ese r\u00edo al pedo\u201d, se anim\u00f3 a decir el funcionario nacional.<\/p>\n<div class=\"XXtextoNota clearfix\">\n<div align=\"justify\">\n<p>Tambi\u00e9n contest\u00f3 que la Administraci\u00f3n de Parques Nacionales no fue consultada sobre el proyecto de las dos presas, pese a ser una obra que puede impactar en su jurisdicci\u00f3n. \u201cLos t\u00e9cnicos que tenemos en parques nacionales no est\u00e1n de adorno\u201d, agreg\u00f3.<\/p>\n<p>Ezcurra dijo que Parques fijar\u00e1 una posici\u00f3n que no estaba fijada, \u201cy se estudiar\u00e1 si podemos complementar las dos acciones legales que ya est\u00e1n iniciadas\u201d.<\/p>\n<p>Como se recuerda, la Asociaci\u00f3n de Abogados Ambientalista de la Patagonia y banco de Bosques, pidieron una cautelar a la Corte Suprema para frenar el inicio de obra, cosa que no fue resuelto hasta el momento.<\/p>\n<p>Adem\u00e1s defendi\u00f3 el cambio de la dependencia de los parques nacionales. La APN dependi\u00f3 desde hace muchos a\u00f1os del ministerio de Turismo, mientras que el nuevo gobierno la pas\u00f3 al flamante ministerio de Medio Ambiente. \u201cEst\u00e1 bien porque los Parques, ante todo, protegen el patrimonio gen\u00e9tico de la naci\u00f3n. Por supuesto que el componente tur\u00edstico es clave y se va a profundizar lo bien que se ven\u00eda haciendo desde esto\u201d, coment\u00f3.<\/p>\n<p>(Fuente: Ahora Calafate)<\/p>\n<\/div>\n<\/div>\n<div class=\"votes clearfix\"><\/div>\n","protected":false},"excerpt":{"rendered":"<p>El vicepresidente de Parques Nacionales Emiliano Ezcurra anticip\u00f3 la oposici\u00f3n de la instituci\u00f3n nacional al proyecto de las represas dejando [&hellip;]<\/p>\n","protected":false},"author":2,"featured_media":16117,"comment_status":"closed","ping_status":"closed","sticky":false,"template":"","format":"standard","meta":{"site-sidebar-layout":"default","site-content-layout":"","ast-site-content-layout":"default","site-content-style":"default","site-sidebar-style":"default","ast-global-header-display":"","ast-banner-title-visibility":"","ast-main-header-display":"","ast-hfb-above-header-display":"","ast-hfb-below-header-display":"","ast-hfb-mobile-header-display":"","site-post-title":"","ast-breadcrumbs-content":"","ast-featured-img":"","footer-sml-layout":"","ast-disable-related-posts":"","theme-transparent-header-meta":"","adv-header-id-meta":"","stick-header-meta":"","header-above-stick-meta":"","header-main-stick-meta":"","header-below-stick-meta":"","astra-migrate-meta-layouts":"default","ast-page-background-enabled":"default","ast-page-background-meta":{"desktop":{"background-color":"var(--ast-global-color-5)","background-image":"","background-repeat":"repeat","background-position":"center center","background-size":"auto","background-attachment":"scroll","background-type":"","background-media":"","overlay-type":"","overlay-color":"","overlay-opacity":"","overlay-gradient":""},"tablet":{"background-color":"","background-image":"","background-repeat":"repeat","background-position":"center center","background-size":"auto","background-attachment":"scroll","background-type":"","background-media":"","overlay-type":"","overlay-color":"","overlay-opacity":"","overlay-gradient":""},"mobile":{"background-color":"","background-image":"","background-repeat":"repeat","background-position":"center center","background-size":"auto","background-attachment":"scroll","background-type":"","background-media":"","overlay-type":"","overlay-color":"","overlay-opacity":"","overlay-gradient":""}},"ast-content-background-meta":{"desktop":{"background-color":"var(--ast-global-color-4)","background-image":"","background-repeat":"repeat","background-position":"center center","background-size":"auto","background-attachment":"scroll","background-type":"","background-media":"","overlay-type":"","overlay-color":"","overlay-opacity":"","overlay-gradient":""},"tablet":{"background-color":"var(--ast-global-color-4)","background-image":"","background-repeat":"repeat","background-position":"center center","background-size":"auto","background-attachment":"scroll","background-type":"","background-media":"","overlay-type":"","overlay-color":"","overlay-opacity":"","overlay-gradient":""},"mobile":{"background-color":"var(--ast-global-color-4)","background-image":"","background-repeat":"repeat","background-position":"center center","background-size":"auto","background-attachment":"scroll","background-type":"","background-media":"","overlay-type":"","overlay-color":"","overlay-opacity":"","overlay-gradient":""}},"footnotes":""},"categories":[1],"tags":[],"class_list":["post-16116","post","type-post","status-publish","format-standard","has-post-thumbnail","hentry","category-noticias"],"yoast_head":"<!-- This site is optimized with the Yoast SEO Premium plugin v23.0 (Yoast SEO v27.5) - https:\/\/yoast.com\/product\/yoast-seo-premium-wordpress\/ -->\n<title>Parques Nacionales en contra de las represas<\/title>\n<meta name=\"robots\" content=\"index, follow, max-snippet:-1, max-image-preview:large, max-video-preview:-1\" \/>\n<link rel=\"canonical\" href=\"https:\/\/patagoniambiental.com.ar\/info\/parques-nacionales-en-contra-de-las-represas\/\" \/>\n<meta property=\"og:locale\" content=\"es_ES\" \/>\n<meta property=\"og:type\" content=\"article\" \/>\n<meta property=\"og:title\" content=\"Parques Nacionales en contra de las represas\" \/>\n<meta property=\"og:description\" content=\"El vicepresidente de Parques Nacionales Emiliano Ezcurra anticip\u00f3 la oposici\u00f3n de la instituci\u00f3n nacional al proyecto de las represas dejando [&hellip;]\" \/>\n<meta property=\"og:url\" content=\"https:\/\/patagoniambiental.com.ar\/info\/parques-nacionales-en-contra-de-las-represas\/\" \/>\n<meta property=\"og:site_name\" content=\"Patagonia Ambiental\" \/>\n<meta property=\"article:publisher\" content=\"https:\/\/www.facebook.com\/patagonia.ambiental\" \/>\n<meta property=\"article:author\" content=\"https:\/\/www.facebook.com\/share\/1C1V8Gv9BX\/?mibextid=qi2Omg\" \/>\n<meta property=\"article:published_time\" content=\"2015-12-17T12:00:19+00:00\" \/>\n<meta name=\"author\" content=\"Patagonia Ambiental\" \/>\n<meta name=\"twitter:card\" content=\"summary_large_image\" \/>\n<meta name=\"twitter:creator\" content=\"@PatAmb\" \/>\n<meta name=\"twitter:site\" content=\"@PatAmb\" \/>\n<script type=\"application\/ld+json\" class=\"yoast-schema-graph\">{\"@context\":\"https:\\\/\\\/schema.org\",\"@graph\":[{\"@type\":\"Article\",\"@id\":\"https:\\\/\\\/patagoniambiental.com.ar\\\/info\\\/parques-nacionales-en-contra-de-las-represas\\\/#article\",\"isPartOf\":{\"@id\":\"https:\\\/\\\/patagoniambiental.com.ar\\\/info\\\/parques-nacionales-en-contra-de-las-represas\\\/\"},\"author\":{\"name\":\"Patagonia Ambiental\",\"@id\":\"https:\\\/\\\/patagoniambiental.com.ar\\\/info\\\/#\\\/schema\\\/person\\\/db12bff64bbcbf6a253710bf0ea37b5d\"},\"headline\":\"Parques Nacionales en contra de las represas\",\"datePublished\":\"2015-12-17T12:00:19+00:00\",\"mainEntityOfPage\":{\"@id\":\"https:\\\/\\\/patagoniambiental.com.ar\\\/info\\\/parques-nacionales-en-contra-de-las-represas\\\/\"},\"wordCount\":425,\"publisher\":{\"@id\":\"https:\\\/\\\/patagoniambiental.com.ar\\\/info\\\/#organization\"},\"image\":{\"@id\":\"https:\\\/\\\/patagoniambiental.com.ar\\\/info\\\/parques-nacionales-en-contra-de-las-represas\\\/#primaryimage\"},\"thumbnailUrl\":\"\",\"articleSection\":[\"Noticias\"],\"inLanguage\":\"es\"},{\"@type\":\"WebPage\",\"@id\":\"https:\\\/\\\/patagoniambiental.com.ar\\\/info\\\/parques-nacionales-en-contra-de-las-represas\\\/\",\"url\":\"https:\\\/\\\/patagoniambiental.com.ar\\\/info\\\/parques-nacionales-en-contra-de-las-represas\\\/\",\"name\":\"Parques Nacionales en contra de las represas\",\"isPartOf\":{\"@id\":\"https:\\\/\\\/patagoniambiental.com.ar\\\/info\\\/#website\"},\"primaryImageOfPage\":{\"@id\":\"https:\\\/\\\/patagoniambiental.com.ar\\\/info\\\/parques-nacionales-en-contra-de-las-represas\\\/#primaryimage\"},\"image\":{\"@id\":\"https:\\\/\\\/patagoniambiental.com.ar\\\/info\\\/parques-nacionales-en-contra-de-las-represas\\\/#primaryimage\"},\"thumbnailUrl\":\"\",\"datePublished\":\"2015-12-17T12:00:19+00:00\",\"breadcrumb\":{\"@id\":\"https:\\\/\\\/patagoniambiental.com.ar\\\/info\\\/parques-nacionales-en-contra-de-las-represas\\\/#breadcrumb\"},\"inLanguage\":\"es\",\"potentialAction\":[{\"@type\":\"ReadAction\",\"target\":[\"https:\\\/\\\/patagoniambiental.com.ar\\\/info\\\/parques-nacionales-en-contra-de-las-represas\\\/\"]}]},{\"@type\":\"ImageObject\",\"inLanguage\":\"es\",\"@id\":\"https:\\\/\\\/patagoniambiental.com.ar\\\/info\\\/parques-nacionales-en-contra-de-las-represas\\\/#primaryimage\",\"url\":\"\",\"contentUrl\":\"\"},{\"@type\":\"BreadcrumbList\",\"@id\":\"https:\\\/\\\/patagoniambiental.com.ar\\\/info\\\/parques-nacionales-en-contra-de-las-represas\\\/#breadcrumb\",\"itemListElement\":[{\"@type\":\"ListItem\",\"position\":1,\"name\":\"Inicio\",\"item\":\"https:\\\/\\\/patagoniambiental.com.ar\\\/info\\\/\"},{\"@type\":\"ListItem\",\"position\":2,\"name\":\"Parques Nacionales en contra de las represas\"}]},{\"@type\":\"WebSite\",\"@id\":\"https:\\\/\\\/patagoniambiental.com.ar\\\/info\\\/#website\",\"url\":\"https:\\\/\\\/patagoniambiental.com.ar\\\/info\\\/\",\"name\":\"Patagonia Ambiental\",\"description\":\"Monitoreo y an\u00e1lisis de la situaci\u00f3n geopol\u00edtica en el mundo y su implicancia en la Patagonia\",\"publisher\":{\"@id\":\"https:\\\/\\\/patagoniambiental.com.ar\\\/info\\\/#organization\"},\"potentialAction\":[{\"@type\":\"SearchAction\",\"target\":{\"@type\":\"EntryPoint\",\"urlTemplate\":\"https:\\\/\\\/patagoniambiental.com.ar\\\/info\\\/?s={search_term_string}\"},\"query-input\":{\"@type\":\"PropertyValueSpecification\",\"valueRequired\":true,\"valueName\":\"search_term_string\"}}],\"inLanguage\":\"es\"},{\"@type\":\"Organization\",\"@id\":\"https:\\\/\\\/patagoniambiental.com.ar\\\/info\\\/#organization\",\"name\":\"Patagonia Ambiental\",\"url\":\"https:\\\/\\\/patagoniambiental.com.ar\\\/info\\\/\",\"logo\":{\"@type\":\"ImageObject\",\"inLanguage\":\"es\",\"@id\":\"https:\\\/\\\/patagoniambiental.com.ar\\\/info\\\/#\\\/schema\\\/logo\\\/image\\\/\",\"url\":\"https:\\\/\\\/patagoniambiental.com.ar\\\/info\\\/wp-content\\\/uploads\\\/2025\\\/05\\\/LOGO-PATAGONIA-AMBIENTAL.png\",\"contentUrl\":\"https:\\\/\\\/patagoniambiental.com.ar\\\/info\\\/wp-content\\\/uploads\\\/2025\\\/05\\\/LOGO-PATAGONIA-AMBIENTAL.png\",\"width\":433,\"height\":250,\"caption\":\"Patagonia Ambiental\"},\"image\":{\"@id\":\"https:\\\/\\\/patagoniambiental.com.ar\\\/info\\\/#\\\/schema\\\/logo\\\/image\\\/\"},\"sameAs\":[\"https:\\\/\\\/www.facebook.com\\\/patagonia.ambiental\",\"https:\\\/\\\/x.com\\\/PatAmb\"]},{\"@type\":\"Person\",\"@id\":\"https:\\\/\\\/patagoniambiental.com.ar\\\/info\\\/#\\\/schema\\\/person\\\/db12bff64bbcbf6a253710bf0ea37b5d\",\"name\":\"Patagonia Ambiental\",\"description\":\"Andr\u00e9s Nievas T\u00e9cnico en manejo ambiental, consultor Ambiental y escritor para medios locales e internacionales sobre temas de geopolitica y medio ambiente.\",\"sameAs\":[\"http:\\\/\\\/www.patagoniambiental.com.ar\",\"https:\\\/\\\/www.facebook.com\\\/share\\\/1C1V8Gv9BX\\\/?mibextid=qi2Omg\",\"@patagoniambiental\",\"https:\\\/\\\/youtube.com\\\/@patagoniaambiental2023?si=BLt58t0wuXquxlYZ\"]}]}<\/script>\n<!-- \/ Yoast SEO Premium plugin. -->","yoast_head_json":{"title":"Parques Nacionales en contra de las represas","robots":{"index":"index","follow":"follow","max-snippet":"max-snippet:-1","max-image-preview":"max-image-preview:large","max-video-preview":"max-video-preview:-1"},"canonical":"https:\/\/patagoniambiental.com.ar\/info\/parques-nacionales-en-contra-de-las-represas\/","og_locale":"es_ES","og_type":"article","og_title":"Parques Nacionales en contra de las represas","og_description":"El vicepresidente de Parques Nacionales Emiliano Ezcurra anticip\u00f3 la oposici\u00f3n de la instituci\u00f3n nacional al proyecto de las represas dejando [&hellip;]","og_url":"https:\/\/patagoniambiental.com.ar\/info\/parques-nacionales-en-contra-de-las-represas\/","og_site_name":"Patagonia Ambiental","article_publisher":"https:\/\/www.facebook.com\/patagonia.ambiental","article_author":"https:\/\/www.facebook.com\/share\/1C1V8Gv9BX\/?mibextid=qi2Omg","article_published_time":"2015-12-17T12:00:19+00:00","author":"Patagonia Ambiental","twitter_card":"summary_large_image","twitter_creator":"@PatAmb","twitter_site":"@PatAmb","schema":{"@context":"https:\/\/schema.org","@graph":[{"@type":"Article","@id":"https:\/\/patagoniambiental.com.ar\/info\/parques-nacionales-en-contra-de-las-represas\/#article","isPartOf":{"@id":"https:\/\/patagoniambiental.com.ar\/info\/parques-nacionales-en-contra-de-las-represas\/"},"author":{"name":"Patagonia Ambiental","@id":"https:\/\/patagoniambiental.com.ar\/info\/#\/schema\/person\/db12bff64bbcbf6a253710bf0ea37b5d"},"headline":"Parques Nacionales en contra de las represas","datePublished":"2015-12-17T12:00:19+00:00","mainEntityOfPage":{"@id":"https:\/\/patagoniambiental.com.ar\/info\/parques-nacionales-en-contra-de-las-represas\/"},"wordCount":425,"publisher":{"@id":"https:\/\/patagoniambiental.com.ar\/info\/#organization"},"image":{"@id":"https:\/\/patagoniambiental.com.ar\/info\/parques-nacionales-en-contra-de-las-represas\/#primaryimage"},"thumbnailUrl":"","articleSection":["Noticias"],"inLanguage":"es"},{"@type":"WebPage","@id":"https:\/\/patagoniambiental.com.ar\/info\/parques-nacionales-en-contra-de-las-represas\/","url":"https:\/\/patagoniambiental.com.ar\/info\/parques-nacionales-en-contra-de-las-represas\/","name":"Parques Nacionales en contra de las represas","isPartOf":{"@id":"https:\/\/patagoniambiental.com.ar\/info\/#website"},"primaryImageOfPage":{"@id":"https:\/\/patagoniambiental.com.ar\/info\/parques-nacionales-en-contra-de-las-represas\/#primaryimage"},"image":{"@id":"https:\/\/patagoniambiental.com.ar\/info\/parques-nacionales-en-contra-de-las-represas\/#primaryimage"},"thumbnailUrl":"","datePublished":"2015-12-17T12:00:19+00:00","breadcrumb":{"@id":"https:\/\/patagoniambiental.com.ar\/info\/parques-nacionales-en-contra-de-las-represas\/#breadcrumb"},"inLanguage":"es","potentialAction":[{"@type":"ReadAction","target":["https:\/\/patagoniambiental.com.ar\/info\/parques-nacionales-en-contra-de-las-represas\/"]}]},{"@type":"ImageObject","inLanguage":"es","@id":"https:\/\/patagoniambiental.com.ar\/info\/parques-nacionales-en-contra-de-las-represas\/#primaryimage","url":"","contentUrl":""},{"@type":"BreadcrumbList","@id":"https:\/\/patagoniambiental.com.ar\/info\/parques-nacionales-en-contra-de-las-represas\/#breadcrumb","itemListElement":[{"@type":"ListItem","position":1,"name":"Inicio","item":"https:\/\/patagoniambiental.com.ar\/info\/"},{"@type":"ListItem","position":2,"name":"Parques Nacionales en contra de las represas"}]},{"@type":"WebSite","@id":"https:\/\/patagoniambiental.com.ar\/info\/#website","url":"https:\/\/patagoniambiental.com.ar\/info\/","name":"Patagonia Ambiental","description":"Monitoreo y an\u00e1lisis de la situaci\u00f3n geopol\u00edtica en el mundo y su implicancia en la Patagonia","publisher":{"@id":"https:\/\/patagoniambiental.com.ar\/info\/#organization"},"potentialAction":[{"@type":"SearchAction","target":{"@type":"EntryPoint","urlTemplate":"https:\/\/patagoniambiental.com.ar\/info\/?s={search_term_string}"},"query-input":{"@type":"PropertyValueSpecification","valueRequired":true,"valueName":"search_term_string"}}],"inLanguage":"es"},{"@type":"Organization","@id":"https:\/\/patagoniambiental.com.ar\/info\/#organization","name":"Patagonia Ambiental","url":"https:\/\/patagoniambiental.com.ar\/info\/","logo":{"@type":"ImageObject","inLanguage":"es","@id":"https:\/\/patagoniambiental.com.ar\/info\/#\/schema\/logo\/image\/","url":"https:\/\/patagoniambiental.com.ar\/info\/wp-content\/uploads\/2025\/05\/LOGO-PATAGONIA-AMBIENTAL.png","contentUrl":"https:\/\/patagoniambiental.com.ar\/info\/wp-content\/uploads\/2025\/05\/LOGO-PATAGONIA-AMBIENTAL.png","width":433,"height":250,"caption":"Patagonia Ambiental"},"image":{"@id":"https:\/\/patagoniambiental.com.ar\/info\/#\/schema\/logo\/image\/"},"sameAs":["https:\/\/www.facebook.com\/patagonia.ambiental","https:\/\/x.com\/PatAmb"]},{"@type":"Person","@id":"https:\/\/patagoniambiental.com.ar\/info\/#\/schema\/person\/db12bff64bbcbf6a253710bf0ea37b5d","name":"Patagonia Ambiental","description":"Andr\u00e9s Nievas T\u00e9cnico en manejo ambiental, consultor Ambiental y escritor para medios locales e internacionales sobre temas de geopolitica y medio ambiente.","sameAs":["http:\/\/www.patagoniambiental.com.ar","https:\/\/www.facebook.com\/share\/1C1V8Gv9BX\/?mibextid=qi2Omg","@patagoniambiental","https:\/\/youtube.com\/@patagoniaambiental2023?si=BLt58t0wuXquxlYZ"]}]}},"_links":{"self":[{"href":"https:\/\/patagoniambiental.com.ar\/info\/wp-json\/wp\/v2\/posts\/16116","targetHints":{"allow":["GET"]}}],"collection":[{"href":"https:\/\/patagoniambiental.com.ar\/info\/wp-json\/wp\/v2\/posts"}],"about":[{"href":"https:\/\/patagoniambiental.com.ar\/info\/wp-json\/wp\/v2\/types\/post"}],"author":[{"embeddable":true,"href":"https:\/\/patagoniambiental.com.ar\/info\/wp-json\/wp\/v2\/users\/2"}],"replies":[{"embeddable":true,"href":"https:\/\/patagoniambiental.com.ar\/info\/wp-json\/wp\/v2\/comments?post=16116"}],"version-history":[{"count":0,"href":"https:\/\/patagoniambiental.com.ar\/info\/wp-json\/wp\/v2\/posts\/16116\/revisions"}],"wp:featuredmedia":[{"embeddable":true,"href":"https:\/\/patagoniambiental.com.ar\/info\/wp-json\/"}],"wp:attachment":[{"href":"https:\/\/patagoniambiental.com.ar\/info\/wp-json\/wp\/v2\/media?parent=16116"}],"wp:term":[{"taxonomy":"category","embeddable":true,"href":"https:\/\/patagoniambiental.com.ar\/info\/wp-json\/wp\/v2\/categories?post=16116"},{"taxonomy":"post_tag","embeddable":true,"href":"https:\/\/patagoniambiental.com.ar\/info\/wp-json\/wp\/v2\/tags?post=16116"}],"curies":[{"name":"wp","href":"https:\/\/api.w.org\/{rel}","templated":true}]}}