{"id":16122,"date":"2015-12-17T09:00:32","date_gmt":"2015-12-17T12:00:32","guid":{"rendered":"http:\/\/patagoniambiental.com.ar\/?p=16122"},"modified":"2015-12-17T09:00:32","modified_gmt":"2015-12-17T12:00:32","slug":"caleta-olivia-en-la-costanera-comienza-el-plan-limpiemos-caleta","status":"publish","type":"post","link":"https:\/\/patagoniambiental.com.ar\/info\/caleta-olivia-en-la-costanera-comienza-el-plan-limpiemos-caleta\/","title":{"rendered":"Caleta Olivia: En la costanera, comienza el plan \u201cLimpiemos Caleta\u201d"},"content":{"rendered":"<p>Un centenar de trabajadores comenzar\u00e1 a recolectar todos los residuos de las playas que dan al ejido urbano. Se invita a los vecinos que quieran ayudar.<br \/>\nEl flamante supervisor de Medio Ambiente, ingeniero Germ\u00e1n Stoessel comunic\u00f3 que este mi\u00e9rcoles 16, en horas de la ma\u00f1ana, iniciar\u00e1 la primera etapa del operativo de limpieza denominado \u201cLimpiemos Caleta\u201d, en la zona de la costanera local.<br \/>\nEl centenar de trabajadores design<span class=\"text_exposed_show\">ados para esta tarea comenzar\u00e1 a recolectar residuos desde el muelle de la costanera, y \u201cla idea es hacer un rastrillaje y recolecci\u00f3n de residuos tanto en la parte de abajo como arriba, y efectuar un desmalezado en forma manual\u201d explic\u00f3 el supervisor.<br \/>\nEsta es la primera etapa del plan en la que estar\u00e1 involucrada toda la Secretar\u00eda de Servicios. \u201cEl objetivo final es tener limpia toda la ciudad, para lo cual tenemos que ayudarnos entre todos. Desde el municipio tenemos que garantizar la limpieza frecuente, y los vecinos deben comprometerse a mantenerla y no seguir ensuciando la ciudad\u201d, pidi\u00f3 el supervisor.<br \/>\n<\/span><\/p>\n<div id=\"js_3c\" class=\"_5pbx userContent\" data-ft=\"{&quot;tn&quot;:&quot;K&quot;}\">\n<div id=\"id_5671f87bd5cce9e03769153\" class=\"text_exposed_root text_exposed\">\n<p><span class=\"text_exposed_show\">Especific\u00f3 que ser\u00e1n aproximadamente cien personas las que comenzar\u00e1n con la limpieza en la costanera, integrantes de las \u00e1reas comunales de Barrido y Limpieza, Forestaci\u00f3n, Espacios Verdes y beneficiarios del \u201cPlan 1840\u201d. Aunque tambi\u00e9n est\u00e1n invitados a colaborar todos los vecinos.<br \/>\nPor otra parte, dijo que si bien el operativo de limpieza estaba planteado para el comienzo de esta semana, el mismo se vio demorado debido la falta de insumos, \u201cpor eso en la medida que se va disponiendo de los mismos para garantizar el trabajo y brindar las condiciones necesarias de los trabajadores\u201d se ir\u00e1 avanzando sobre otras \u00e1reas de l ciudad.<br \/>\n\u201cLa idea es que luego podamos seguir junto a las dem\u00e1s \u00e1reas municipales con la limpieza, desde la rotonda del acceso Norte hasta el edificio del SUPE, para comenzar a erradicar los basurales clandestinos ubicados en la zona oeste. Luego continuaremos por los barrios hacia la zona centro\u201d, expuso Stoessel, indicando que para la siguiente etapa se espera el aporte y colaboraci\u00f3n de un gran n\u00famero de empresas para la log\u00edstica.<br \/>\nPor \u00faltimo, quiso destacar y agradecer el inter\u00e9s de aquellos vecinos que se han puesto a disposici\u00f3n, e invitarlos a participar del operativo de ma\u00f1ana, el cual dar\u00e1 inicio a las 08:30 horas de ma\u00f1ana desde el muelle, para lo cual deber\u00e1n traer guantes y bolsas de consorcio.<\/span><\/p>\n<\/div>\n<div class=\"\"><\/div>\n<\/div>\n<div class=\"_3x-2\"><\/div>\n","protected":false},"excerpt":{"rendered":"<p>Un centenar de trabajadores comenzar\u00e1 a recolectar todos los residuos de las playas que dan al ejido urbano. Se invita [&hellip;]<\/p>\n","protected":false},"author":2,"featured_media":16123,"comment_status":"closed","ping_status":"closed","sticky":false,"template":"","format":"standard","meta":{"site-sidebar-layout":"default","site-content-layout":"","ast-site-content-layout":"default","site-content-style":"default","site-sidebar-style":"default","ast-global-header-display":"","ast-banner-title-visibility":"","ast-main-header-display":"","ast-hfb-above-header-display":"","ast-hfb-below-header-display":"","ast-hfb-mobile-header-display":"","site-post-title":"","ast-breadcrumbs-content":"","ast-featured-img":"","footer-sml-layout":"","ast-disable-related-posts":"","theme-transparent-header-meta":"","adv-header-id-meta":"","stick-header-meta":"","header-above-stick-meta":"","header-main-stick-meta":"","header-below-stick-meta":"","astra-migrate-meta-layouts":"default","ast-page-background-enabled":"default","ast-page-background-meta":{"desktop":{"background-color":"var(--ast-global-color-5)","background-image":"","background-repeat":"repeat","background-position":"center center","background-size":"auto","background-attachment":"scroll","background-type":"","background-media":"","overlay-type":"","overlay-color":"","overlay-opacity":"","overlay-gradient":""},"tablet":{"background-color":"","background-image":"","background-repeat":"repeat","background-position":"center center","background-size":"auto","background-attachment":"scroll","background-type":"","background-media":"","overlay-type":"","overlay-color":"","overlay-opacity":"","overlay-gradient":""},"mobile":{"background-color":"","background-image":"","background-repeat":"repeat","background-position":"center center","background-size":"auto","background-attachment":"scroll","background-type":"","background-media":"","overlay-type":"","overlay-color":"","overlay-opacity":"","overlay-gradient":""}},"ast-content-background-meta":{"desktop":{"background-color":"var(--ast-global-color-4)","background-image":"","background-repeat":"repeat","background-position":"center center","background-size":"auto","background-attachment":"scroll","background-type":"","background-media":"","overlay-type":"","overlay-color":"","overlay-opacity":"","overlay-gradient":""},"tablet":{"background-color":"var(--ast-global-color-4)","background-image":"","background-repeat":"repeat","background-position":"center center","background-size":"auto","background-attachment":"scroll","background-type":"","background-media":"","overlay-type":"","overlay-color":"","overlay-opacity":"","overlay-gradient":""},"mobile":{"background-color":"var(--ast-global-color-4)","background-image":"","background-repeat":"repeat","background-position":"center center","background-size":"auto","background-attachment":"scroll","background-type":"","background-media":"","overlay-type":"","overlay-color":"","overlay-opacity":"","overlay-gradient":""}},"footnotes":""},"categories":[1],"tags":[],"class_list":["post-16122","post","type-post","status-publish","format-standard","has-post-thumbnail","hentry","category-noticias"],"yoast_head":"<!-- This site is optimized with the Yoast SEO Premium plugin v23.0 (Yoast SEO v27.5) - https:\/\/yoast.com\/product\/yoast-seo-premium-wordpress\/ -->\n<title>Caleta Olivia: En la costanera, comienza el plan \u201cLimpiemos Caleta\u201d<\/title>\n<meta name=\"robots\" content=\"index, follow, max-snippet:-1, max-image-preview:large, max-video-preview:-1\" \/>\n<link rel=\"canonical\" href=\"https:\/\/patagoniambiental.com.ar\/info\/caleta-olivia-en-la-costanera-comienza-el-plan-limpiemos-caleta\/\" \/>\n<meta property=\"og:locale\" content=\"es_ES\" \/>\n<meta property=\"og:type\" content=\"article\" \/>\n<meta property=\"og:title\" content=\"Caleta Olivia: En la costanera, comienza el plan \u201cLimpiemos Caleta\u201d\" \/>\n<meta property=\"og:description\" content=\"Un centenar de trabajadores comenzar\u00e1 a recolectar todos los residuos de las playas que dan al ejido urbano. Se invita [&hellip;]\" \/>\n<meta property=\"og:url\" content=\"https:\/\/patagoniambiental.com.ar\/info\/caleta-olivia-en-la-costanera-comienza-el-plan-limpiemos-caleta\/\" \/>\n<meta property=\"og:site_name\" content=\"Patagonia Ambiental\" \/>\n<meta property=\"article:publisher\" content=\"https:\/\/www.facebook.com\/patagonia.ambiental\" \/>\n<meta property=\"article:author\" content=\"https:\/\/www.facebook.com\/share\/1C1V8Gv9BX\/?mibextid=qi2Omg\" \/>\n<meta property=\"article:published_time\" content=\"2015-12-17T12:00:32+00:00\" \/>\n<meta name=\"author\" content=\"Patagonia Ambiental\" \/>\n<meta name=\"twitter:card\" content=\"summary_large_image\" \/>\n<meta name=\"twitter:creator\" content=\"@PatAmb\" \/>\n<meta name=\"twitter:site\" content=\"@PatAmb\" \/>\n<script type=\"application\/ld+json\" class=\"yoast-schema-graph\">{\"@context\":\"https:\\\/\\\/schema.org\",\"@graph\":[{\"@type\":\"Article\",\"@id\":\"https:\\\/\\\/patagoniambiental.com.ar\\\/info\\\/caleta-olivia-en-la-costanera-comienza-el-plan-limpiemos-caleta\\\/#article\",\"isPartOf\":{\"@id\":\"https:\\\/\\\/patagoniambiental.com.ar\\\/info\\\/caleta-olivia-en-la-costanera-comienza-el-plan-limpiemos-caleta\\\/\"},\"author\":{\"name\":\"Patagonia Ambiental\",\"@id\":\"https:\\\/\\\/patagoniambiental.com.ar\\\/info\\\/#\\\/schema\\\/person\\\/db12bff64bbcbf6a253710bf0ea37b5d\"},\"headline\":\"Caleta Olivia: En la costanera, comienza el plan \u201cLimpiemos Caleta\u201d\",\"datePublished\":\"2015-12-17T12:00:32+00:00\",\"mainEntityOfPage\":{\"@id\":\"https:\\\/\\\/patagoniambiental.com.ar\\\/info\\\/caleta-olivia-en-la-costanera-comienza-el-plan-limpiemos-caleta\\\/\"},\"wordCount\":417,\"publisher\":{\"@id\":\"https:\\\/\\\/patagoniambiental.com.ar\\\/info\\\/#organization\"},\"image\":{\"@id\":\"https:\\\/\\\/patagoniambiental.com.ar\\\/info\\\/caleta-olivia-en-la-costanera-comienza-el-plan-limpiemos-caleta\\\/#primaryimage\"},\"thumbnailUrl\":\"\",\"articleSection\":[\"Noticias\"],\"inLanguage\":\"es\"},{\"@type\":\"WebPage\",\"@id\":\"https:\\\/\\\/patagoniambiental.com.ar\\\/info\\\/caleta-olivia-en-la-costanera-comienza-el-plan-limpiemos-caleta\\\/\",\"url\":\"https:\\\/\\\/patagoniambiental.com.ar\\\/info\\\/caleta-olivia-en-la-costanera-comienza-el-plan-limpiemos-caleta\\\/\",\"name\":\"Caleta Olivia: En la costanera, comienza el plan \u201cLimpiemos Caleta\u201d\",\"isPartOf\":{\"@id\":\"https:\\\/\\\/patagoniambiental.com.ar\\\/info\\\/#website\"},\"primaryImageOfPage\":{\"@id\":\"https:\\\/\\\/patagoniambiental.com.ar\\\/info\\\/caleta-olivia-en-la-costanera-comienza-el-plan-limpiemos-caleta\\\/#primaryimage\"},\"image\":{\"@id\":\"https:\\\/\\\/patagoniambiental.com.ar\\\/info\\\/caleta-olivia-en-la-costanera-comienza-el-plan-limpiemos-caleta\\\/#primaryimage\"},\"thumbnailUrl\":\"\",\"datePublished\":\"2015-12-17T12:00:32+00:00\",\"breadcrumb\":{\"@id\":\"https:\\\/\\\/patagoniambiental.com.ar\\\/info\\\/caleta-olivia-en-la-costanera-comienza-el-plan-limpiemos-caleta\\\/#breadcrumb\"},\"inLanguage\":\"es\",\"potentialAction\":[{\"@type\":\"ReadAction\",\"target\":[\"https:\\\/\\\/patagoniambiental.com.ar\\\/info\\\/caleta-olivia-en-la-costanera-comienza-el-plan-limpiemos-caleta\\\/\"]}]},{\"@type\":\"ImageObject\",\"inLanguage\":\"es\",\"@id\":\"https:\\\/\\\/patagoniambiental.com.ar\\\/info\\\/caleta-olivia-en-la-costanera-comienza-el-plan-limpiemos-caleta\\\/#primaryimage\",\"url\":\"\",\"contentUrl\":\"\"},{\"@type\":\"BreadcrumbList\",\"@id\":\"https:\\\/\\\/patagoniambiental.com.ar\\\/info\\\/caleta-olivia-en-la-costanera-comienza-el-plan-limpiemos-caleta\\\/#breadcrumb\",\"itemListElement\":[{\"@type\":\"ListItem\",\"position\":1,\"name\":\"Inicio\",\"item\":\"https:\\\/\\\/patagoniambiental.com.ar\\\/info\\\/\"},{\"@type\":\"ListItem\",\"position\":2,\"name\":\"Caleta Olivia: En la costanera, comienza el plan \u201cLimpiemos Caleta\u201d\"}]},{\"@type\":\"WebSite\",\"@id\":\"https:\\\/\\\/patagoniambiental.com.ar\\\/info\\\/#website\",\"url\":\"https:\\\/\\\/patagoniambiental.com.ar\\\/info\\\/\",\"name\":\"Patagonia Ambiental\",\"description\":\"Monitoreo y an\u00e1lisis de la situaci\u00f3n geopol\u00edtica en el mundo y su implicancia en la Patagonia\",\"publisher\":{\"@id\":\"https:\\\/\\\/patagoniambiental.com.ar\\\/info\\\/#organization\"},\"potentialAction\":[{\"@type\":\"SearchAction\",\"target\":{\"@type\":\"EntryPoint\",\"urlTemplate\":\"https:\\\/\\\/patagoniambiental.com.ar\\\/info\\\/?s={search_term_string}\"},\"query-input\":{\"@type\":\"PropertyValueSpecification\",\"valueRequired\":true,\"valueName\":\"search_term_string\"}}],\"inLanguage\":\"es\"},{\"@type\":\"Organization\",\"@id\":\"https:\\\/\\\/patagoniambiental.com.ar\\\/info\\\/#organization\",\"name\":\"Patagonia Ambiental\",\"url\":\"https:\\\/\\\/patagoniambiental.com.ar\\\/info\\\/\",\"logo\":{\"@type\":\"ImageObject\",\"inLanguage\":\"es\",\"@id\":\"https:\\\/\\\/patagoniambiental.com.ar\\\/info\\\/#\\\/schema\\\/logo\\\/image\\\/\",\"url\":\"https:\\\/\\\/patagoniambiental.com.ar\\\/info\\\/wp-content\\\/uploads\\\/2025\\\/05\\\/LOGO-PATAGONIA-AMBIENTAL.png\",\"contentUrl\":\"https:\\\/\\\/patagoniambiental.com.ar\\\/info\\\/wp-content\\\/uploads\\\/2025\\\/05\\\/LOGO-PATAGONIA-AMBIENTAL.png\",\"width\":433,\"height\":250,\"caption\":\"Patagonia Ambiental\"},\"image\":{\"@id\":\"https:\\\/\\\/patagoniambiental.com.ar\\\/info\\\/#\\\/schema\\\/logo\\\/image\\\/\"},\"sameAs\":[\"https:\\\/\\\/www.facebook.com\\\/patagonia.ambiental\",\"https:\\\/\\\/x.com\\\/PatAmb\"]},{\"@type\":\"Person\",\"@id\":\"https:\\\/\\\/patagoniambiental.com.ar\\\/info\\\/#\\\/schema\\\/person\\\/db12bff64bbcbf6a253710bf0ea37b5d\",\"name\":\"Patagonia Ambiental\",\"description\":\"Andr\u00e9s Nievas T\u00e9cnico en manejo ambiental, consultor Ambiental y escritor para medios locales e internacionales sobre temas de geopolitica y medio ambiente.\",\"sameAs\":[\"http:\\\/\\\/www.patagoniambiental.com.ar\",\"https:\\\/\\\/www.facebook.com\\\/share\\\/1C1V8Gv9BX\\\/?mibextid=qi2Omg\",\"@patagoniambiental\",\"https:\\\/\\\/youtube.com\\\/@patagoniaambiental2023?si=BLt58t0wuXquxlYZ\"]}]}<\/script>\n<!-- \/ Yoast SEO Premium plugin. -->","yoast_head_json":{"title":"Caleta Olivia: En la costanera, comienza el plan \u201cLimpiemos Caleta\u201d","robots":{"index":"index","follow":"follow","max-snippet":"max-snippet:-1","max-image-preview":"max-image-preview:large","max-video-preview":"max-video-preview:-1"},"canonical":"https:\/\/patagoniambiental.com.ar\/info\/caleta-olivia-en-la-costanera-comienza-el-plan-limpiemos-caleta\/","og_locale":"es_ES","og_type":"article","og_title":"Caleta Olivia: En la costanera, comienza el plan \u201cLimpiemos Caleta\u201d","og_description":"Un centenar de trabajadores comenzar\u00e1 a recolectar todos los residuos de las playas que dan al ejido urbano. Se invita [&hellip;]","og_url":"https:\/\/patagoniambiental.com.ar\/info\/caleta-olivia-en-la-costanera-comienza-el-plan-limpiemos-caleta\/","og_site_name":"Patagonia Ambiental","article_publisher":"https:\/\/www.facebook.com\/patagonia.ambiental","article_author":"https:\/\/www.facebook.com\/share\/1C1V8Gv9BX\/?mibextid=qi2Omg","article_published_time":"2015-12-17T12:00:32+00:00","author":"Patagonia Ambiental","twitter_card":"summary_large_image","twitter_creator":"@PatAmb","twitter_site":"@PatAmb","schema":{"@context":"https:\/\/schema.org","@graph":[{"@type":"Article","@id":"https:\/\/patagoniambiental.com.ar\/info\/caleta-olivia-en-la-costanera-comienza-el-plan-limpiemos-caleta\/#article","isPartOf":{"@id":"https:\/\/patagoniambiental.com.ar\/info\/caleta-olivia-en-la-costanera-comienza-el-plan-limpiemos-caleta\/"},"author":{"name":"Patagonia Ambiental","@id":"https:\/\/patagoniambiental.com.ar\/info\/#\/schema\/person\/db12bff64bbcbf6a253710bf0ea37b5d"},"headline":"Caleta Olivia: En la costanera, comienza el plan \u201cLimpiemos Caleta\u201d","datePublished":"2015-12-17T12:00:32+00:00","mainEntityOfPage":{"@id":"https:\/\/patagoniambiental.com.ar\/info\/caleta-olivia-en-la-costanera-comienza-el-plan-limpiemos-caleta\/"},"wordCount":417,"publisher":{"@id":"https:\/\/patagoniambiental.com.ar\/info\/#organization"},"image":{"@id":"https:\/\/patagoniambiental.com.ar\/info\/caleta-olivia-en-la-costanera-comienza-el-plan-limpiemos-caleta\/#primaryimage"},"thumbnailUrl":"","articleSection":["Noticias"],"inLanguage":"es"},{"@type":"WebPage","@id":"https:\/\/patagoniambiental.com.ar\/info\/caleta-olivia-en-la-costanera-comienza-el-plan-limpiemos-caleta\/","url":"https:\/\/patagoniambiental.com.ar\/info\/caleta-olivia-en-la-costanera-comienza-el-plan-limpiemos-caleta\/","name":"Caleta Olivia: En la costanera, comienza el plan \u201cLimpiemos Caleta\u201d","isPartOf":{"@id":"https:\/\/patagoniambiental.com.ar\/info\/#website"},"primaryImageOfPage":{"@id":"https:\/\/patagoniambiental.com.ar\/info\/caleta-olivia-en-la-costanera-comienza-el-plan-limpiemos-caleta\/#primaryimage"},"image":{"@id":"https:\/\/patagoniambiental.com.ar\/info\/caleta-olivia-en-la-costanera-comienza-el-plan-limpiemos-caleta\/#primaryimage"},"thumbnailUrl":"","datePublished":"2015-12-17T12:00:32+00:00","breadcrumb":{"@id":"https:\/\/patagoniambiental.com.ar\/info\/caleta-olivia-en-la-costanera-comienza-el-plan-limpiemos-caleta\/#breadcrumb"},"inLanguage":"es","potentialAction":[{"@type":"ReadAction","target":["https:\/\/patagoniambiental.com.ar\/info\/caleta-olivia-en-la-costanera-comienza-el-plan-limpiemos-caleta\/"]}]},{"@type":"ImageObject","inLanguage":"es","@id":"https:\/\/patagoniambiental.com.ar\/info\/caleta-olivia-en-la-costanera-comienza-el-plan-limpiemos-caleta\/#primaryimage","url":"","contentUrl":""},{"@type":"BreadcrumbList","@id":"https:\/\/patagoniambiental.com.ar\/info\/caleta-olivia-en-la-costanera-comienza-el-plan-limpiemos-caleta\/#breadcrumb","itemListElement":[{"@type":"ListItem","position":1,"name":"Inicio","item":"https:\/\/patagoniambiental.com.ar\/info\/"},{"@type":"ListItem","position":2,"name":"Caleta Olivia: En la costanera, comienza el plan \u201cLimpiemos Caleta\u201d"}]},{"@type":"WebSite","@id":"https:\/\/patagoniambiental.com.ar\/info\/#website","url":"https:\/\/patagoniambiental.com.ar\/info\/","name":"Patagonia Ambiental","description":"Monitoreo y an\u00e1lisis de la situaci\u00f3n geopol\u00edtica en el mundo y su implicancia en la Patagonia","publisher":{"@id":"https:\/\/patagoniambiental.com.ar\/info\/#organization"},"potentialAction":[{"@type":"SearchAction","target":{"@type":"EntryPoint","urlTemplate":"https:\/\/patagoniambiental.com.ar\/info\/?s={search_term_string}"},"query-input":{"@type":"PropertyValueSpecification","valueRequired":true,"valueName":"search_term_string"}}],"inLanguage":"es"},{"@type":"Organization","@id":"https:\/\/patagoniambiental.com.ar\/info\/#organization","name":"Patagonia Ambiental","url":"https:\/\/patagoniambiental.com.ar\/info\/","logo":{"@type":"ImageObject","inLanguage":"es","@id":"https:\/\/patagoniambiental.com.ar\/info\/#\/schema\/logo\/image\/","url":"https:\/\/patagoniambiental.com.ar\/info\/wp-content\/uploads\/2025\/05\/LOGO-PATAGONIA-AMBIENTAL.png","contentUrl":"https:\/\/patagoniambiental.com.ar\/info\/wp-content\/uploads\/2025\/05\/LOGO-PATAGONIA-AMBIENTAL.png","width":433,"height":250,"caption":"Patagonia Ambiental"},"image":{"@id":"https:\/\/patagoniambiental.com.ar\/info\/#\/schema\/logo\/image\/"},"sameAs":["https:\/\/www.facebook.com\/patagonia.ambiental","https:\/\/x.com\/PatAmb"]},{"@type":"Person","@id":"https:\/\/patagoniambiental.com.ar\/info\/#\/schema\/person\/db12bff64bbcbf6a253710bf0ea37b5d","name":"Patagonia Ambiental","description":"Andr\u00e9s Nievas T\u00e9cnico en manejo ambiental, consultor Ambiental y escritor para medios locales e internacionales sobre temas de geopolitica y medio ambiente.","sameAs":["http:\/\/www.patagoniambiental.com.ar","https:\/\/www.facebook.com\/share\/1C1V8Gv9BX\/?mibextid=qi2Omg","@patagoniambiental","https:\/\/youtube.com\/@patagoniaambiental2023?si=BLt58t0wuXquxlYZ"]}]}},"_links":{"self":[{"href":"https:\/\/patagoniambiental.com.ar\/info\/wp-json\/wp\/v2\/posts\/16122","targetHints":{"allow":["GET"]}}],"collection":[{"href":"https:\/\/patagoniambiental.com.ar\/info\/wp-json\/wp\/v2\/posts"}],"about":[{"href":"https:\/\/patagoniambiental.com.ar\/info\/wp-json\/wp\/v2\/types\/post"}],"author":[{"embeddable":true,"href":"https:\/\/patagoniambiental.com.ar\/info\/wp-json\/wp\/v2\/users\/2"}],"replies":[{"embeddable":true,"href":"https:\/\/patagoniambiental.com.ar\/info\/wp-json\/wp\/v2\/comments?post=16122"}],"version-history":[{"count":0,"href":"https:\/\/patagoniambiental.com.ar\/info\/wp-json\/wp\/v2\/posts\/16122\/revisions"}],"wp:featuredmedia":[{"embeddable":true,"href":"https:\/\/patagoniambiental.com.ar\/info\/wp-json\/"}],"wp:attachment":[{"href":"https:\/\/patagoniambiental.com.ar\/info\/wp-json\/wp\/v2\/media?parent=16122"}],"wp:term":[{"taxonomy":"category","embeddable":true,"href":"https:\/\/patagoniambiental.com.ar\/info\/wp-json\/wp\/v2\/categories?post=16122"},{"taxonomy":"post_tag","embeddable":true,"href":"https:\/\/patagoniambiental.com.ar\/info\/wp-json\/wp\/v2\/tags?post=16122"}],"curies":[{"name":"wp","href":"https:\/\/api.w.org\/{rel}","templated":true}]}}