{"id":16128,"date":"2015-12-18T09:00:52","date_gmt":"2015-12-18T12:00:52","guid":{"rendered":"http:\/\/patagoniambiental.com.ar\/?p=16128"},"modified":"2015-12-18T09:00:52","modified_gmt":"2015-12-18T12:00:52","slug":"aporte-sustancial-a-las-siete-cooperativas-de-agua-y-cloacas-de-la-provincia","status":"publish","type":"post","link":"https:\/\/patagoniambiental.com.ar\/info\/aporte-sustancial-a-las-siete-cooperativas-de-agua-y-cloacas-de-la-provincia\/","title":{"rendered":"Aporte sustancial a las siete cooperativas de agua y cloacas de la provincia"},"content":{"rendered":"<div class=\"ContentRight WithRightRail FullView\" data-link=\"class{:~tag.contentRightClass(Layout.IsFullView, Layout.ReadingPaneMode)}\">\n<div class=\"ContentRightInner t_mbgc t_qtc t_urtc\">\n<div id=\"inboxControl0fv-ReadMessageContainer\" class=\"v-ReadMessageContainer slideOnResize\" tabindex=\"-1\">\n<div class=\"c-ReadMessage\" data-link=\"class{readMessageClass: ~tag.Show}\">\n<div id=\"ReadMessageScrollableSection\" class=\"rmMessages ClearBoth\" tabindex=\"-1\">\n<div id=\"readMessagePartControl476f\" class=\"c-ReadMessagePart ReadMsgContainer HasLayout ClearBoth HideShadows FullPart NoHistory Read RmIc\" data-link=\"class{:~tag.getHeaderCssClass(IsConversationPart, IsRead, IsDraft, IsTrustedSender, Items.length)}\">\n<div class=\"c-ReadMessagePartBody\" data-link=\"class{getClass:IsBodyExpanded}\">\n<div class=\"readMsgBody\">\n<div id=\"bodyreadMessagePartBodyControl481f\" class=\"ExternalClass MsgBodyContainer\" data-link=\"class{:~tag.cssClasses(PlainText, IsContentFiltered)}\">\n<div>\n<p align=\"JUSTIFY\"><b><\/b><span style=\"color: #000000;\"><span style=\"font-family: Asap;\"><span style=\"font-size: large;\">El gobernador Alberto Weretilneck autoriz\u00f3 un aporte de $1.300.000 destinado a revertir los desequilibrios financieros de las cooperativas que prestan servicios de agua potable y cloacas en siete localidades de la provincia.<\/span><\/span><\/span><\/p>\n<p align=\"JUSTIFY\"><span style=\"color: #000000;\"><span style=\"font-family: Asap;\"><span style=\"font-size: large;\">Esta asistencia se enmarca en un programa orientado a eficientizar el funcionamiento de esas entidades, con el criterio de hacer las correcciones que hagan viable su accionar, al tiempo de mejorar los servicios que prestan.<\/span><\/span><\/span><\/p>\n<p align=\"JUSTIFY\"><span style=\"color: #000000;\"><span style=\"font-family: Asap;\"><span style=\"font-size: large;\">El ministro de Gobierno, Luis Di Gi\u00e1como, destac\u00f3 que \u201ca partir de un diagn\u00f3stico de la situaci\u00f3n de la situaci\u00f3n que atraviesan las cooperativas de agua y cloacas de General Conesa, Chimpay, Lamarque Luis Beltr\u00e1n, Mainqu\u00e9; Villa Manzano e Ingeniero Jacobacci, se decidi\u00f3 no s\u00f3lo una asistencia financiera sino tambi\u00e9n t\u00e9cnica, de manera que todo esto redunde en beneficio de los usuarios\u201d.<\/span><\/span><\/span><\/p>\n<p align=\"JUSTIFY\"><span style=\"color: #000000;\"><span style=\"font-family: Asap;\"><span style=\"font-size: large;\">Record\u00f3<\/span><\/span><\/span> <span style=\"color: #000000;\"><span style=\"font-family: Asap;\"><span style=\"font-size: large;\">que<\/span><\/span><\/span> <span style=\"color: #000000;\"><span style=\"font-family: Asap;\"><span style=\"font-size: large;\">este<\/span><\/span><\/span> <span style=\"color: #000000;\"><span style=\"font-family: Asap;\"><span style=\"font-size: large;\">proceso<\/span><\/span><\/span> <span style=\"color: #000000;\"><span style=\"font-family: Asap;\"><span style=\"font-size: large;\">se<\/span><\/span><\/span> <span style=\"color: #000000;\"><span style=\"font-family: Asap;\"><span style=\"font-size: large;\">puso<\/span><\/span><\/span> <span style=\"color: #000000;\"><span style=\"font-family: Asap;\"><span style=\"font-size: large;\">en<\/span><\/span><\/span> <span style=\"color: #000000;\"><span style=\"font-family: Asap;\"><span style=\"font-size: large;\">marcha<\/span><\/span><\/span> <span style=\"color: #000000;\"><span style=\"font-family: Asap;\"><span style=\"font-size: large;\">a<\/span><\/span><\/span> <span style=\"color: #000000;\"><span style=\"font-family: Asap;\"><span style=\"font-size: large;\">partir<\/span><\/span><\/span> <span style=\"color: #000000;\"><span style=\"font-family: Asap;\"><span style=\"font-size: large;\">de<\/span><\/span><\/span> <span style=\"color: #000000;\"><span style=\"font-family: Asap;\"><span style=\"font-size: large;\">una<\/span><\/span><\/span> <span style=\"color: #000000;\"><span style=\"font-family: Asap;\"><span style=\"font-size: large;\">reuni\u00f3n<\/span><\/span><\/span> <span style=\"color: #000000;\"><span style=\"font-family: Asap;\"><span style=\"font-size: large;\">realizada<\/span><\/span><\/span> <span style=\"color: #000000;\"><span style=\"font-family: Asap;\"><span style=\"font-size: large;\">en<\/span><\/span><\/span> <span style=\"color: #000000;\"><span style=\"font-family: Asap;\"><span style=\"font-size: large;\">ag<\/span><\/span><\/span><span style=\"color: #000000;\"><span style=\"font-family: Asap;\"><span style=\"font-size: large;\">osto<\/span><\/span><\/span> <span style=\"color: #000000;\"><span style=\"font-family: Asap;\"><span style=\"font-size: large;\">\u00faltimo<\/span><\/span><\/span> <span style=\"color: #000000;\"><span style=\"font-family: Asap;\"><span style=\"font-size: large;\">con<\/span><\/span><\/span> <span style=\"color: #000000;\"><span style=\"font-family: Asap;\"><span style=\"font-size: large;\">las<\/span><\/span><\/span> <span style=\"color: #000000;\"><span style=\"font-family: Asap;\"><span style=\"font-size: large;\">autoridades<\/span><\/span><\/span> <span style=\"color: #000000;\"><span style=\"font-family: Asap;\"><span style=\"font-size: large;\">de<\/span><\/span><\/span> <span style=\"color: #000000;\"><span style=\"font-family: Asap;\"><span style=\"font-size: large;\">las<\/span><\/span><\/span><span style=\"color: #000000;\"><span style=\"font-family: Asap;\"><span style=\"font-size: large;\">cooperativas,<\/span><\/span><\/span> <span style=\"color: #000000;\"><span style=\"font-family: Asap;\"><span style=\"font-size: large;\">donde<\/span><\/span><\/span> <span style=\"color: #000000;\"><span style=\"font-family: Asap;\"><span style=\"font-size: large;\">participaron<\/span><\/span><\/span> <span style=\"color: #000000;\"><span style=\"font-family: Asap;\"><span style=\"font-size: large;\">la<\/span><\/span><\/span> <span style=\"color: #000000;\"><span style=\"font-family: Asap;\"><span style=\"font-size: large;\">subsecretaria<\/span><\/span><\/span> <span style=\"color: #000000;\"><span style=\"font-family: Asap;\"><span style=\"font-size: large;\">de<\/span><\/span><\/span> <span style=\"color: #000000;\"><span style=\"font-family: Asap;\"><span style=\"font-size: large;\">Coordinaci\u00f3n,<\/span><\/span><\/span> <span style=\"color: #000000;\"><span style=\"font-family: Asap;\"><span style=\"font-size: large;\">Sonia<\/span><\/span><\/span> <span style=\"color: #000000;\"><span style=\"font-family: Asap;\"><span style=\"font-size: large;\">Suyay<\/span><\/span><\/span> <span style=\"color: #000000;\"><span style=\"font-family: Asap;\"><span style=\"font-size: large;\">Urrutia<\/span><\/span><\/span><span style=\"color: #000000;\"><span style=\"font-family: Asap;\"><span style=\"font-size: large;\">;<\/span><\/span><\/span> <span style=\"color: #000000;\"><span style=\"font-family: Asap;\"><span style=\"font-size: large;\">el<\/span><\/span><\/span> <span style=\"color: #000000;\"><span style=\"font-family: Asap;\"><span style=\"font-size: large;\">director<\/span><\/span><\/span> <span style=\"color: #000000;\"><span style=\"font-family: Asap;\"><span style=\"font-size: large;\">de<\/span><\/span><\/span> <span style=\"color: #000000;\"><span style=\"font-family: Asap;\"><span style=\"font-size: large;\">Cooperativas<\/span><\/span><\/span> <span style=\"color: #000000;\"><span style=\"font-family: Asap;\"><span style=\"font-size: large;\">y<\/span><\/span><\/span> <span style=\"color: #000000;\"><span style=\"font-family: Asap;\"><span style=\"font-size: large;\">Mutuales,<\/span><\/span><\/span><span style=\"color: #000000;\"><span style=\"font-family: Asap;\"><span style=\"font-size: large;\">Osvaldo<\/span><\/span><\/span> <span style=\"color: #000000;\"><span style=\"font-family: Asap;\"><span style=\"font-size: large;\">Rampellotto,<\/span><\/span><\/span> <span style=\"color: #000000;\"><span style=\"font-family: Asap;\"><span style=\"font-size: large;\">as\u00ed<\/span><\/span><\/span> <span style=\"color: #000000;\"><span style=\"font-family: Asap;\"><span style=\"font-size: large;\">como<\/span><\/span><\/span> <span style=\"color: #000000;\"><span style=\"font-family: Asap;\"><span style=\"font-size: large;\">t\u00e9cnicos<\/span><\/span><\/span> <span style=\"color: #000000;\"><span style=\"font-family: Asap;\"><span style=\"font-size: large;\">de<\/span><\/span><\/span> <span style=\"color: #000000;\"><span style=\"font-family: Asap;\"><span style=\"font-size: large;\">Aguas<\/span><\/span><\/span> <span style=\"color: #000000;\"><span style=\"font-family: Asap;\"><span style=\"font-size: large;\">Rionegrinas<\/span><\/span><\/span> <span style=\"color: #000000;\"><span style=\"font-family: Asap;\"><span style=\"font-size: large;\">(ARSA)<\/span><\/span><\/span> <span style=\"color: #000000;\"><span style=\"font-family: Asap;\"><span style=\"font-size: large;\">y<\/span><\/span><\/span> <span style=\"color: #000000;\"><span style=\"font-family: Asap;\"><span style=\"font-size: large;\">el<\/span><\/span><\/span> <span style=\"color: #000000;\"><span style=\"font-family: Asap;\"><span style=\"font-size: large;\">Departamento<\/span><\/span><\/span> <span style=\"color: #000000;\"><span style=\"font-family: Asap;\"><span style=\"font-size: large;\">Provincial<\/span><\/span><\/span> <span style=\"color: #000000;\"><span style=\"font-family: Asap;\"><span style=\"font-size: large;\">de<\/span><\/span><\/span> <span style=\"color: #000000;\"><span style=\"font-family: Asap;\"><span style=\"font-size: large;\">Aguas.<\/span><\/span><\/span><\/p>\n<p align=\"JUSTIFY\"><span style=\"color: #000000;\"><span style=\"font-family: Asap;\"><span style=\"font-size: large;\">Rampellotto explic\u00f3 que \u201call\u00ed se fij\u00f3 un plazo de 25 d\u00edas para hacer un diagn\u00f3stico respecto a los desequilibrios financieros que ten\u00edan, con las deudas proyectadas a fin de a\u00f1o y otras necesidades materiales y de insumos relativas a la prestaci\u00f3n del servicio.\u201d<\/span><\/span><\/span><\/p>\n<p align=\"JUSTIFY\"><span style=\"color: #000000;\"><span style=\"font-family: Asap;\"><span style=\"font-size: large;\">Inform\u00f3 que en este marco \u201cel gobernador Alberto Weretilneck autoriz\u00f3 un aporte de $1.300.000 para las siete cooperativas, de manera de solucionar los desequilibrios, y avanzar en otras medidas que den sustentabilidad financiera y t\u00e9cnica a las entidades\u201d.<\/span><\/span><\/span><\/p>\n<p align=\"JUSTIFY\"><span style=\"color: #000000;\"><span style=\"font-family: Asap;\"><span style=\"font-size: large;\">Suyay Urrutia adelant\u00f3 que \u201cen conjunto con el DPA se est\u00e1 trabajando una resoluci\u00f3n de actualizaci\u00f3n de las tarifas, ya que est\u00e1n atrasadas y sin un incremento razonable den su valor no ser\u00eda posible alcanzar una situaci\u00f3n financiera acorde a los servicios que se deben prestar\u201d.<\/span><\/span><\/span><\/p>\n<p align=\"JUSTIFY\"><span style=\"color: #000000;\"><span style=\"font-family: Asap;\"><span style=\"font-size: large;\">Agreg\u00f3 que \u201cparalelamente se avanzar\u00e1 con el DPA y ARSA en un plan de acompa\u00f1amiento t\u00e9cnico y asistencia material para revertir las falencias en la prestaci\u00f3n de los servicios.\u201d<\/span><\/span><\/span><\/p>\n<p align=\"JUSTIFY\"><span style=\"color: #000000;\"><span style=\"font-family: Asap;\"><span style=\"font-size: large;\">Rampellotto<\/span><\/span><\/span> <span style=\"color: #000000;\"><span style=\"font-family: Asap;\"><span style=\"font-size: large;\">indic\u00f3<\/span><\/span><\/span> <span style=\"color: #000000;\"><span style=\"font-family: Asap;\"><span style=\"font-size: large;\">que<\/span><\/span><\/span><span style=\"color: #000000;\"><span style=\"font-family: Asap;\"><span style=\"font-size: large;\"> \u201c<\/span><\/span><\/span><span style=\"color: #000000;\"><span style=\"font-family: Asap;\"><span style=\"font-size: large;\">esta<\/span><\/span><\/span> <span style=\"color: #000000;\"><span style=\"font-family: Asap;\"><span style=\"font-size: large;\">intervenci\u00f3n<\/span><\/span><\/span> <span style=\"color: #000000;\"><span style=\"font-family: Asap;\"><span style=\"font-size: large;\">del<\/span><\/span><\/span> <span style=\"color: #000000;\"><span style=\"font-family: Asap;\"><span style=\"font-size: large;\">Estado<\/span><\/span><\/span> <span style=\"color: #000000;\"><span style=\"font-family: Asap;\"><span style=\"font-size: large;\">tendiente<\/span><\/span><\/span> <span style=\"color: #000000;\"><span style=\"font-family: Asap;\"><span style=\"font-size: large;\">a<\/span><\/span><\/span> <span style=\"color: #000000;\"><span style=\"font-family: Asap;\"><span style=\"font-size: large;\">apuntalar<\/span><\/span><\/span> <span style=\"color: #000000;\"><span style=\"font-family: Asap;\"><span style=\"font-size: large;\">el<\/span><\/span><\/span> <span style=\"color: #000000;\"><span style=\"font-family: Asap;\"><span style=\"font-size: large;\">funcionamiento<\/span><\/span><\/span> <span style=\"color: #000000;\"><span style=\"font-family: Asap;\"><span style=\"font-size: large;\">de<\/span><\/span><\/span> <span style=\"color: #000000;\"><span style=\"font-family: Asap;\"><span style=\"font-size: large;\">las<\/span><\/span><\/span> <span style=\"color: #000000;\"><span style=\"font-family: Asap;\"><span style=\"font-size: large;\">cooperativas,<\/span><\/span><\/span> <span style=\"color: #000000;\"><span style=\"font-family: Asap;\"><span style=\"font-size: large;\">tiene<\/span><\/span><\/span> <span style=\"color: #000000;\"><span style=\"font-family: Asap;\"><span style=\"font-size: large;\">como<\/span><\/span><\/span><span style=\"color: #000000;\"><span style=\"font-family: Asap;\"><span style=\"font-size: large;\">contrapartida<\/span><\/span><\/span> <span style=\"color: #000000;\"><span style=\"font-family: Asap;\"><span style=\"font-size: large;\">que<\/span><\/span><\/span> <span style=\"color: #000000;\"><span style=\"font-family: Asap;\"><span style=\"font-size: large;\">en<\/span><\/span><\/span> <span style=\"color: #000000;\"><span style=\"font-family: Asap;\"><span style=\"font-size: large;\">algunos<\/span><\/span><\/span> <span style=\"color: #000000;\"><span style=\"font-family: Asap;\"><span style=\"font-size: large;\">casos<\/span><\/span><\/span> <span style=\"color: #000000;\"><span style=\"font-family: Asap;\"><span style=\"font-size: large;\">las<\/span><\/span><\/span> <span style=\"color: #000000;\"><span style=\"font-family: Asap;\"><span style=\"font-size: large;\">cooperativas<\/span><\/span><\/span> <span style=\"color: #000000;\"><span style=\"font-family: Asap;\"><span style=\"font-size: large;\">diversificaran<\/span><\/span><\/span> <span style=\"color: #000000;\"><span style=\"font-family: Asap;\"><span style=\"font-size: large;\">sus<\/span><\/span><\/span> <span style=\"color: #000000;\"><span style=\"font-family: Asap;\"><span style=\"font-size: large;\">servicios,<\/span><\/span><\/span> <span style=\"color: #000000;\"><span style=\"font-family: Asap;\"><span style=\"font-size: large;\">por<\/span><\/span><\/span> <span style=\"color: #000000;\"><span style=\"font-family: Asap;\"><span style=\"font-size: large;\">ejemplo<\/span><\/span><\/span> <span style=\"color: #000000;\"><span style=\"font-family: Asap;\"><span style=\"font-size: large;\">sumando<\/span><\/span><\/span> <span style=\"color: #000000;\"><span style=\"font-family: Asap;\"><span style=\"font-size: large;\">el<\/span><\/span><\/span> <span style=\"color: #000000;\"><span style=\"font-family: Asap;\"><span style=\"font-size: large;\">servicio<\/span><\/span><\/span> <span style=\"color: #000000;\"><span style=\"font-family: Asap;\"><span style=\"font-size: large;\">de<\/span><\/span><\/span> <span style=\"color: #000000;\"><span style=\"font-family: Asap;\"><span style=\"font-size: large;\">agua<\/span><\/span><\/span> <span style=\"color: #000000;\"><span style=\"font-family: Asap;\"><span style=\"font-size: large;\">y<\/span><\/span><\/span><span style=\"color: #000000;\"><span style=\"font-family: Asap;\"><span style=\"font-size: large;\">cloacas<\/span><\/span><\/span> <span style=\"color: #000000;\"><span style=\"font-family: Asap;\"><span style=\"font-size: large;\">y<\/span><\/span><\/span> <span style=\"color: #000000;\"><span style=\"font-family: Asap;\"><span style=\"font-size: large;\">el<\/span><\/span><\/span> <span style=\"color: #000000;\"><span style=\"font-family: Asap;\"><span style=\"font-size: large;\">de<\/span><\/span><\/span> <span style=\"color: #000000;\"><span style=\"font-family: Asap;\"><span style=\"font-size: large;\">telecomunicaciones<\/span><\/span><\/span><span style=\"color: #000000;\"><span style=\"font-family: Asap;\"><span style=\"font-size: large;\">\u201d<\/span><\/span><\/span><span style=\"color: #000000;\"><span style=\"font-family: Asap;\"><span style=\"font-size: large;\">.<\/span><\/span><\/span><\/p>\n<p align=\"JUSTIFY\"><span style=\"color: #000000;\"><span style=\"font-family: Asap;\"><span style=\"font-size: large;\">Suyay Urrutia destac\u00f3 que \u201cno es menor el hecho que el estado haya logrado sentar en una misma mesa a todas las cooperativas, de manera de hacer un diagn\u00f3stico global que permita brindar una respuesta igualitaria y com\u00fan a todas las entidades, apuntando a solucionar los desequilibrios, trabajar las nuevas tarifas y poner en el v\u00e9rtice de la preocupaci\u00f3n la mejora en los servicios.\u201d<\/span><\/span><\/span><\/p>\n<p align=\"JUSTIFY\"><span style=\"color: #000000;\"><span style=\"font-family: Asap;\"><span style=\"font-size: large;\">Rampellotto explic\u00f3 adem\u00e1s que \u201clos profesionales del organismo asistir\u00e1n a las cooperativas en su regulaci\u00f3n administrativa y contable, apuntando a poner al d\u00eda los balances.\u201d<\/span><\/span><\/span><\/p>\n<p align=\"JUSTIFY\"><span style=\"color: #000000;\"><span style=\"font-family: Asap;\"><span style=\"font-size: large;\">El funcionario dijo que con este punto de partida consensuado entre las partes, algunas cooperativas, como la de Jacobacci, estar\u00edan en condiciones de asumir tambi\u00e9n el desarrollo de algunas otras en su localidad.<\/span><\/span><\/span><\/p>\n<\/div>\n<\/div>\n<\/div>\n<\/div>\n<\/div>\n<\/div>\n<\/div>\n<\/div>\n<\/div>\n<\/div>\n<div id=\"RightRailContainer\" class=\"c-RightRail RightRailContainerWidth t_sbgc\">\n<div id=\"RadAd_Skyscraper\" class=\"RightRailContent\">\n<div id=\"adbarContainer\">\n<div class=\"adBar container\">\n<div class=\"footer\"><\/div>\n<\/div>\n<\/div>\n<\/div>\n<\/div>\n","protected":false},"excerpt":{"rendered":"<p>El gobernador Alberto Weretilneck autoriz\u00f3 un aporte de $1.300.000 destinado a revertir los desequilibrios financieros de las cooperativas que prestan [&hellip;]<\/p>\n","protected":false},"author":2,"featured_media":16129,"comment_status":"closed","ping_status":"closed","sticky":false,"template":"","format":"standard","meta":{"site-sidebar-layout":"default","site-content-layout":"","ast-site-content-layout":"default","site-content-style":"default","site-sidebar-style":"default","ast-global-header-display":"","ast-banner-title-visibility":"","ast-main-header-display":"","ast-hfb-above-header-display":"","ast-hfb-below-header-display":"","ast-hfb-mobile-header-display":"","site-post-title":"","ast-breadcrumbs-content":"","ast-featured-img":"","footer-sml-layout":"","ast-disable-related-posts":"","theme-transparent-header-meta":"","adv-header-id-meta":"","stick-header-meta":"","header-above-stick-meta":"","header-main-stick-meta":"","header-below-stick-meta":"","astra-migrate-meta-layouts":"default","ast-page-background-enabled":"default","ast-page-background-meta":{"desktop":{"background-color":"var(--ast-global-color-5)","background-image":"","background-repeat":"repeat","background-position":"center center","background-size":"auto","background-attachment":"scroll","background-type":"","background-media":"","overlay-type":"","overlay-color":"","overlay-opacity":"","overlay-gradient":""},"tablet":{"background-color":"","background-image":"","background-repeat":"repeat","background-position":"center center","background-size":"auto","background-attachment":"scroll","background-type":"","background-media":"","overlay-type":"","overlay-color":"","overlay-opacity":"","overlay-gradient":""},"mobile":{"background-color":"","background-image":"","background-repeat":"repeat","background-position":"center center","background-size":"auto","background-attachment":"scroll","background-type":"","background-media":"","overlay-type":"","overlay-color":"","overlay-opacity":"","overlay-gradient":""}},"ast-content-background-meta":{"desktop":{"background-color":"var(--ast-global-color-4)","background-image":"","background-repeat":"repeat","background-position":"center center","background-size":"auto","background-attachment":"scroll","background-type":"","background-media":"","overlay-type":"","overlay-color":"","overlay-opacity":"","overlay-gradient":""},"tablet":{"background-color":"var(--ast-global-color-4)","background-image":"","background-repeat":"repeat","background-position":"center center","background-size":"auto","background-attachment":"scroll","background-type":"","background-media":"","overlay-type":"","overlay-color":"","overlay-opacity":"","overlay-gradient":""},"mobile":{"background-color":"var(--ast-global-color-4)","background-image":"","background-repeat":"repeat","background-position":"center center","background-size":"auto","background-attachment":"scroll","background-type":"","background-media":"","overlay-type":"","overlay-color":"","overlay-opacity":"","overlay-gradient":""}},"footnotes":""},"categories":[1],"tags":[],"class_list":["post-16128","post","type-post","status-publish","format-standard","has-post-thumbnail","hentry","category-noticias"],"yoast_head":"<!-- This site is optimized with the Yoast SEO Premium plugin v23.0 (Yoast SEO v27.5) - https:\/\/yoast.com\/product\/yoast-seo-premium-wordpress\/ -->\n<title>Aporte sustancial a las siete cooperativas de agua y cloacas de la provincia<\/title>\n<meta name=\"robots\" content=\"index, follow, max-snippet:-1, max-image-preview:large, max-video-preview:-1\" \/>\n<link rel=\"canonical\" href=\"https:\/\/patagoniambiental.com.ar\/info\/aporte-sustancial-a-las-siete-cooperativas-de-agua-y-cloacas-de-la-provincia\/\" \/>\n<meta property=\"og:locale\" content=\"es_ES\" \/>\n<meta property=\"og:type\" content=\"article\" \/>\n<meta property=\"og:title\" content=\"Aporte sustancial a las siete cooperativas de agua y cloacas de la provincia\" \/>\n<meta property=\"og:description\" content=\"El gobernador Alberto Weretilneck autoriz\u00f3 un aporte de $1.300.000 destinado a revertir los desequilibrios financieros de las cooperativas que prestan [&hellip;]\" \/>\n<meta property=\"og:url\" content=\"https:\/\/patagoniambiental.com.ar\/info\/aporte-sustancial-a-las-siete-cooperativas-de-agua-y-cloacas-de-la-provincia\/\" \/>\n<meta property=\"og:site_name\" content=\"Patagonia Ambiental\" \/>\n<meta property=\"article:publisher\" content=\"https:\/\/www.facebook.com\/patagonia.ambiental\" \/>\n<meta property=\"article:author\" content=\"https:\/\/www.facebook.com\/share\/1C1V8Gv9BX\/?mibextid=qi2Omg\" \/>\n<meta property=\"article:published_time\" content=\"2015-12-18T12:00:52+00:00\" \/>\n<meta name=\"author\" content=\"Patagonia Ambiental\" \/>\n<meta name=\"twitter:card\" content=\"summary_large_image\" \/>\n<meta name=\"twitter:creator\" content=\"@PatAmb\" \/>\n<meta name=\"twitter:site\" content=\"@PatAmb\" \/>\n<script type=\"application\/ld+json\" class=\"yoast-schema-graph\">{\"@context\":\"https:\\\/\\\/schema.org\",\"@graph\":[{\"@type\":\"Article\",\"@id\":\"https:\\\/\\\/patagoniambiental.com.ar\\\/info\\\/aporte-sustancial-a-las-siete-cooperativas-de-agua-y-cloacas-de-la-provincia\\\/#article\",\"isPartOf\":{\"@id\":\"https:\\\/\\\/patagoniambiental.com.ar\\\/info\\\/aporte-sustancial-a-las-siete-cooperativas-de-agua-y-cloacas-de-la-provincia\\\/\"},\"author\":{\"name\":\"Patagonia Ambiental\",\"@id\":\"https:\\\/\\\/patagoniambiental.com.ar\\\/info\\\/#\\\/schema\\\/person\\\/db12bff64bbcbf6a253710bf0ea37b5d\"},\"headline\":\"Aporte sustancial a las siete cooperativas de agua y cloacas de la provincia\",\"datePublished\":\"2015-12-18T12:00:52+00:00\",\"mainEntityOfPage\":{\"@id\":\"https:\\\/\\\/patagoniambiental.com.ar\\\/info\\\/aporte-sustancial-a-las-siete-cooperativas-de-agua-y-cloacas-de-la-provincia\\\/\"},\"wordCount\":547,\"publisher\":{\"@id\":\"https:\\\/\\\/patagoniambiental.com.ar\\\/info\\\/#organization\"},\"image\":{\"@id\":\"https:\\\/\\\/patagoniambiental.com.ar\\\/info\\\/aporte-sustancial-a-las-siete-cooperativas-de-agua-y-cloacas-de-la-provincia\\\/#primaryimage\"},\"thumbnailUrl\":\"\",\"articleSection\":[\"Noticias\"],\"inLanguage\":\"es\"},{\"@type\":\"WebPage\",\"@id\":\"https:\\\/\\\/patagoniambiental.com.ar\\\/info\\\/aporte-sustancial-a-las-siete-cooperativas-de-agua-y-cloacas-de-la-provincia\\\/\",\"url\":\"https:\\\/\\\/patagoniambiental.com.ar\\\/info\\\/aporte-sustancial-a-las-siete-cooperativas-de-agua-y-cloacas-de-la-provincia\\\/\",\"name\":\"Aporte sustancial a las siete cooperativas de agua y cloacas de la provincia\",\"isPartOf\":{\"@id\":\"https:\\\/\\\/patagoniambiental.com.ar\\\/info\\\/#website\"},\"primaryImageOfPage\":{\"@id\":\"https:\\\/\\\/patagoniambiental.com.ar\\\/info\\\/aporte-sustancial-a-las-siete-cooperativas-de-agua-y-cloacas-de-la-provincia\\\/#primaryimage\"},\"image\":{\"@id\":\"https:\\\/\\\/patagoniambiental.com.ar\\\/info\\\/aporte-sustancial-a-las-siete-cooperativas-de-agua-y-cloacas-de-la-provincia\\\/#primaryimage\"},\"thumbnailUrl\":\"\",\"datePublished\":\"2015-12-18T12:00:52+00:00\",\"breadcrumb\":{\"@id\":\"https:\\\/\\\/patagoniambiental.com.ar\\\/info\\\/aporte-sustancial-a-las-siete-cooperativas-de-agua-y-cloacas-de-la-provincia\\\/#breadcrumb\"},\"inLanguage\":\"es\",\"potentialAction\":[{\"@type\":\"ReadAction\",\"target\":[\"https:\\\/\\\/patagoniambiental.com.ar\\\/info\\\/aporte-sustancial-a-las-siete-cooperativas-de-agua-y-cloacas-de-la-provincia\\\/\"]}]},{\"@type\":\"ImageObject\",\"inLanguage\":\"es\",\"@id\":\"https:\\\/\\\/patagoniambiental.com.ar\\\/info\\\/aporte-sustancial-a-las-siete-cooperativas-de-agua-y-cloacas-de-la-provincia\\\/#primaryimage\",\"url\":\"\",\"contentUrl\":\"\"},{\"@type\":\"BreadcrumbList\",\"@id\":\"https:\\\/\\\/patagoniambiental.com.ar\\\/info\\\/aporte-sustancial-a-las-siete-cooperativas-de-agua-y-cloacas-de-la-provincia\\\/#breadcrumb\",\"itemListElement\":[{\"@type\":\"ListItem\",\"position\":1,\"name\":\"Inicio\",\"item\":\"https:\\\/\\\/patagoniambiental.com.ar\\\/info\\\/\"},{\"@type\":\"ListItem\",\"position\":2,\"name\":\"Aporte sustancial a las siete cooperativas de agua y cloacas de la provincia\"}]},{\"@type\":\"WebSite\",\"@id\":\"https:\\\/\\\/patagoniambiental.com.ar\\\/info\\\/#website\",\"url\":\"https:\\\/\\\/patagoniambiental.com.ar\\\/info\\\/\",\"name\":\"Patagonia Ambiental\",\"description\":\"Monitoreo y an\u00e1lisis de la situaci\u00f3n geopol\u00edtica en el mundo y su implicancia en la Patagonia\",\"publisher\":{\"@id\":\"https:\\\/\\\/patagoniambiental.com.ar\\\/info\\\/#organization\"},\"potentialAction\":[{\"@type\":\"SearchAction\",\"target\":{\"@type\":\"EntryPoint\",\"urlTemplate\":\"https:\\\/\\\/patagoniambiental.com.ar\\\/info\\\/?s={search_term_string}\"},\"query-input\":{\"@type\":\"PropertyValueSpecification\",\"valueRequired\":true,\"valueName\":\"search_term_string\"}}],\"inLanguage\":\"es\"},{\"@type\":\"Organization\",\"@id\":\"https:\\\/\\\/patagoniambiental.com.ar\\\/info\\\/#organization\",\"name\":\"Patagonia Ambiental\",\"url\":\"https:\\\/\\\/patagoniambiental.com.ar\\\/info\\\/\",\"logo\":{\"@type\":\"ImageObject\",\"inLanguage\":\"es\",\"@id\":\"https:\\\/\\\/patagoniambiental.com.ar\\\/info\\\/#\\\/schema\\\/logo\\\/image\\\/\",\"url\":\"https:\\\/\\\/patagoniambiental.com.ar\\\/info\\\/wp-content\\\/uploads\\\/2025\\\/05\\\/LOGO-PATAGONIA-AMBIENTAL.png\",\"contentUrl\":\"https:\\\/\\\/patagoniambiental.com.ar\\\/info\\\/wp-content\\\/uploads\\\/2025\\\/05\\\/LOGO-PATAGONIA-AMBIENTAL.png\",\"width\":433,\"height\":250,\"caption\":\"Patagonia Ambiental\"},\"image\":{\"@id\":\"https:\\\/\\\/patagoniambiental.com.ar\\\/info\\\/#\\\/schema\\\/logo\\\/image\\\/\"},\"sameAs\":[\"https:\\\/\\\/www.facebook.com\\\/patagonia.ambiental\",\"https:\\\/\\\/x.com\\\/PatAmb\"]},{\"@type\":\"Person\",\"@id\":\"https:\\\/\\\/patagoniambiental.com.ar\\\/info\\\/#\\\/schema\\\/person\\\/db12bff64bbcbf6a253710bf0ea37b5d\",\"name\":\"Patagonia Ambiental\",\"description\":\"Andr\u00e9s Nievas T\u00e9cnico en manejo ambiental, consultor Ambiental y escritor para medios locales e internacionales sobre temas de geopolitica y medio ambiente.\",\"sameAs\":[\"http:\\\/\\\/www.patagoniambiental.com.ar\",\"https:\\\/\\\/www.facebook.com\\\/share\\\/1C1V8Gv9BX\\\/?mibextid=qi2Omg\",\"@patagoniambiental\",\"https:\\\/\\\/youtube.com\\\/@patagoniaambiental2023?si=BLt58t0wuXquxlYZ\"]}]}<\/script>\n<!-- \/ Yoast SEO Premium plugin. -->","yoast_head_json":{"title":"Aporte sustancial a las siete cooperativas de agua y cloacas de la provincia","robots":{"index":"index","follow":"follow","max-snippet":"max-snippet:-1","max-image-preview":"max-image-preview:large","max-video-preview":"max-video-preview:-1"},"canonical":"https:\/\/patagoniambiental.com.ar\/info\/aporte-sustancial-a-las-siete-cooperativas-de-agua-y-cloacas-de-la-provincia\/","og_locale":"es_ES","og_type":"article","og_title":"Aporte sustancial a las siete cooperativas de agua y cloacas de la provincia","og_description":"El gobernador Alberto Weretilneck autoriz\u00f3 un aporte de $1.300.000 destinado a revertir los desequilibrios financieros de las cooperativas que prestan [&hellip;]","og_url":"https:\/\/patagoniambiental.com.ar\/info\/aporte-sustancial-a-las-siete-cooperativas-de-agua-y-cloacas-de-la-provincia\/","og_site_name":"Patagonia Ambiental","article_publisher":"https:\/\/www.facebook.com\/patagonia.ambiental","article_author":"https:\/\/www.facebook.com\/share\/1C1V8Gv9BX\/?mibextid=qi2Omg","article_published_time":"2015-12-18T12:00:52+00:00","author":"Patagonia Ambiental","twitter_card":"summary_large_image","twitter_creator":"@PatAmb","twitter_site":"@PatAmb","schema":{"@context":"https:\/\/schema.org","@graph":[{"@type":"Article","@id":"https:\/\/patagoniambiental.com.ar\/info\/aporte-sustancial-a-las-siete-cooperativas-de-agua-y-cloacas-de-la-provincia\/#article","isPartOf":{"@id":"https:\/\/patagoniambiental.com.ar\/info\/aporte-sustancial-a-las-siete-cooperativas-de-agua-y-cloacas-de-la-provincia\/"},"author":{"name":"Patagonia Ambiental","@id":"https:\/\/patagoniambiental.com.ar\/info\/#\/schema\/person\/db12bff64bbcbf6a253710bf0ea37b5d"},"headline":"Aporte sustancial a las siete cooperativas de agua y cloacas de la provincia","datePublished":"2015-12-18T12:00:52+00:00","mainEntityOfPage":{"@id":"https:\/\/patagoniambiental.com.ar\/info\/aporte-sustancial-a-las-siete-cooperativas-de-agua-y-cloacas-de-la-provincia\/"},"wordCount":547,"publisher":{"@id":"https:\/\/patagoniambiental.com.ar\/info\/#organization"},"image":{"@id":"https:\/\/patagoniambiental.com.ar\/info\/aporte-sustancial-a-las-siete-cooperativas-de-agua-y-cloacas-de-la-provincia\/#primaryimage"},"thumbnailUrl":"","articleSection":["Noticias"],"inLanguage":"es"},{"@type":"WebPage","@id":"https:\/\/patagoniambiental.com.ar\/info\/aporte-sustancial-a-las-siete-cooperativas-de-agua-y-cloacas-de-la-provincia\/","url":"https:\/\/patagoniambiental.com.ar\/info\/aporte-sustancial-a-las-siete-cooperativas-de-agua-y-cloacas-de-la-provincia\/","name":"Aporte sustancial a las siete cooperativas de agua y cloacas de la provincia","isPartOf":{"@id":"https:\/\/patagoniambiental.com.ar\/info\/#website"},"primaryImageOfPage":{"@id":"https:\/\/patagoniambiental.com.ar\/info\/aporte-sustancial-a-las-siete-cooperativas-de-agua-y-cloacas-de-la-provincia\/#primaryimage"},"image":{"@id":"https:\/\/patagoniambiental.com.ar\/info\/aporte-sustancial-a-las-siete-cooperativas-de-agua-y-cloacas-de-la-provincia\/#primaryimage"},"thumbnailUrl":"","datePublished":"2015-12-18T12:00:52+00:00","breadcrumb":{"@id":"https:\/\/patagoniambiental.com.ar\/info\/aporte-sustancial-a-las-siete-cooperativas-de-agua-y-cloacas-de-la-provincia\/#breadcrumb"},"inLanguage":"es","potentialAction":[{"@type":"ReadAction","target":["https:\/\/patagoniambiental.com.ar\/info\/aporte-sustancial-a-las-siete-cooperativas-de-agua-y-cloacas-de-la-provincia\/"]}]},{"@type":"ImageObject","inLanguage":"es","@id":"https:\/\/patagoniambiental.com.ar\/info\/aporte-sustancial-a-las-siete-cooperativas-de-agua-y-cloacas-de-la-provincia\/#primaryimage","url":"","contentUrl":""},{"@type":"BreadcrumbList","@id":"https:\/\/patagoniambiental.com.ar\/info\/aporte-sustancial-a-las-siete-cooperativas-de-agua-y-cloacas-de-la-provincia\/#breadcrumb","itemListElement":[{"@type":"ListItem","position":1,"name":"Inicio","item":"https:\/\/patagoniambiental.com.ar\/info\/"},{"@type":"ListItem","position":2,"name":"Aporte sustancial a las siete cooperativas de agua y cloacas de la provincia"}]},{"@type":"WebSite","@id":"https:\/\/patagoniambiental.com.ar\/info\/#website","url":"https:\/\/patagoniambiental.com.ar\/info\/","name":"Patagonia Ambiental","description":"Monitoreo y an\u00e1lisis de la situaci\u00f3n geopol\u00edtica en el mundo y su implicancia en la Patagonia","publisher":{"@id":"https:\/\/patagoniambiental.com.ar\/info\/#organization"},"potentialAction":[{"@type":"SearchAction","target":{"@type":"EntryPoint","urlTemplate":"https:\/\/patagoniambiental.com.ar\/info\/?s={search_term_string}"},"query-input":{"@type":"PropertyValueSpecification","valueRequired":true,"valueName":"search_term_string"}}],"inLanguage":"es"},{"@type":"Organization","@id":"https:\/\/patagoniambiental.com.ar\/info\/#organization","name":"Patagonia Ambiental","url":"https:\/\/patagoniambiental.com.ar\/info\/","logo":{"@type":"ImageObject","inLanguage":"es","@id":"https:\/\/patagoniambiental.com.ar\/info\/#\/schema\/logo\/image\/","url":"https:\/\/patagoniambiental.com.ar\/info\/wp-content\/uploads\/2025\/05\/LOGO-PATAGONIA-AMBIENTAL.png","contentUrl":"https:\/\/patagoniambiental.com.ar\/info\/wp-content\/uploads\/2025\/05\/LOGO-PATAGONIA-AMBIENTAL.png","width":433,"height":250,"caption":"Patagonia Ambiental"},"image":{"@id":"https:\/\/patagoniambiental.com.ar\/info\/#\/schema\/logo\/image\/"},"sameAs":["https:\/\/www.facebook.com\/patagonia.ambiental","https:\/\/x.com\/PatAmb"]},{"@type":"Person","@id":"https:\/\/patagoniambiental.com.ar\/info\/#\/schema\/person\/db12bff64bbcbf6a253710bf0ea37b5d","name":"Patagonia Ambiental","description":"Andr\u00e9s Nievas T\u00e9cnico en manejo ambiental, consultor Ambiental y escritor para medios locales e internacionales sobre temas de geopolitica y medio ambiente.","sameAs":["http:\/\/www.patagoniambiental.com.ar","https:\/\/www.facebook.com\/share\/1C1V8Gv9BX\/?mibextid=qi2Omg","@patagoniambiental","https:\/\/youtube.com\/@patagoniaambiental2023?si=BLt58t0wuXquxlYZ"]}]}},"_links":{"self":[{"href":"https:\/\/patagoniambiental.com.ar\/info\/wp-json\/wp\/v2\/posts\/16128","targetHints":{"allow":["GET"]}}],"collection":[{"href":"https:\/\/patagoniambiental.com.ar\/info\/wp-json\/wp\/v2\/posts"}],"about":[{"href":"https:\/\/patagoniambiental.com.ar\/info\/wp-json\/wp\/v2\/types\/post"}],"author":[{"embeddable":true,"href":"https:\/\/patagoniambiental.com.ar\/info\/wp-json\/wp\/v2\/users\/2"}],"replies":[{"embeddable":true,"href":"https:\/\/patagoniambiental.com.ar\/info\/wp-json\/wp\/v2\/comments?post=16128"}],"version-history":[{"count":0,"href":"https:\/\/patagoniambiental.com.ar\/info\/wp-json\/wp\/v2\/posts\/16128\/revisions"}],"wp:featuredmedia":[{"embeddable":true,"href":"https:\/\/patagoniambiental.com.ar\/info\/wp-json\/"}],"wp:attachment":[{"href":"https:\/\/patagoniambiental.com.ar\/info\/wp-json\/wp\/v2\/media?parent=16128"}],"wp:term":[{"taxonomy":"category","embeddable":true,"href":"https:\/\/patagoniambiental.com.ar\/info\/wp-json\/wp\/v2\/categories?post=16128"},{"taxonomy":"post_tag","embeddable":true,"href":"https:\/\/patagoniambiental.com.ar\/info\/wp-json\/wp\/v2\/tags?post=16128"}],"curies":[{"name":"wp","href":"https:\/\/api.w.org\/{rel}","templated":true}]}}