{"id":16131,"date":"2015-12-18T09:00:27","date_gmt":"2015-12-18T12:00:27","guid":{"rendered":"http:\/\/patagoniambiental.com.ar\/?p=16131"},"modified":"2015-12-18T09:00:27","modified_gmt":"2015-12-18T12:00:27","slug":"avanzan-los-trabajos-para-optimizar-la-provision-de-agua-en-sierra-grande","status":"publish","type":"post","link":"https:\/\/patagoniambiental.com.ar\/info\/avanzan-los-trabajos-para-optimizar-la-provision-de-agua-en-sierra-grande\/","title":{"rendered":"Avanzan los trabajos para optimizar la provisi\u00f3n de agua en Sierra Grande"},"content":{"rendered":"<div class=\"ecxx_gmail_default\">\n<p>El superintendente del General del DPA, Fernando Curetti, recorri\u00f3 este lunes la obra de reconstrucci\u00f3n y mejoramiento del Acueducto Arroyo Ventana.\u00a0En la oportunidad constat\u00f3 importantes avances en los trabajos de captaci\u00f3n en la progresiva 4000 que optimizar\u00e1 la provisi\u00f3n de agua para esta temporada estival.<\/p>\n<p>\u201cMe llev\u00e9 una buena impresi\u00f3n, se vieron los equipos trabajando, y soy optimista en cuanto a que vamos a tener agua en el verano gracias a la nueva captaci\u00f3n en la progresiva 4150 que estar\u00e1 terminada en d\u00edas, permitiendo inyectar 35 litros m\u00e1s a los 50 que ya trae el arroyo Los Berros para la zona\u201d, indic\u00f3 Curetti.<\/p>\n<p>Asimismo, a\u00f1adi\u00f3 que \u201ces una peque\u00f1a captaci\u00f3n desde el arroyo, es otra escala, mucho m\u00e1s chica porque fluye del arroyo y no se necesita obra de bombeo, ya que se trasladar\u00eda por gravedad\u201d.<\/p>\n<p>El titular del DPA, supervis\u00f3 los trabajos junto a t\u00e9cnicos de la empresa ejecutora Giacoia corroborando avances significativos en el \u00faltimo mes, y verific\u00f3 la instalaci\u00f3n de 9.500 metros de ca\u00f1er\u00edas nuevas de 315 mil\u00edmetros, de un total de 11.100 metros, para instalar pr\u00f3ximamente 5.000 metros de ca\u00f1er\u00edas de 250 mil\u00edmetros. Tambi\u00e9n constat\u00f3 la colocaci\u00f3n de gaviones, ca\u00f1er\u00edas y v\u00e1lvulas de aire con todos sus accesorios, piezas especiales, transiciones y empalme en tramos de asbesto cemento, PVC . Finalmente confirm\u00f3 las obras de protecci\u00f3n transversal, longitudinales, con gaviones, enrocado y colchonetas.<\/p>\n<p>De este modo, Curetti recorri\u00f3 los \u00faltimos 4.000 metros que restan de la obra global, en donde se present\u00f3 como alternativa un plan que comprende tareas de desviaci\u00f3n del acueducto de su traza original, trabajo que ahorrar\u00eda un costo importante en movimiento de suelos y construcci\u00f3n de obras de defensa de una escala significativa. Dicho plan se encuentra definido y en estudio por t\u00e9cnicos del DPA, que una vez aprobado, la empresa lo ejecutar\u00e1.<\/p>\n<p>Cabe agregar que esta obra insume un financiamiento provincial de $55.587.777 y comprende la ejecuci\u00f3n de un camino de servicio; provisi\u00f3n, acarreo, y colocaci\u00f3n de ca\u00f1os de PVC en distintos di\u00e1metros y obras de defensa longitudinales con muro de gaviones. Su concreci\u00f3n permitir\u00e1 contar con un servicio seguro de agua para consumo humano a Sierra Grande, el Complejo Tur\u00edstico Playas Doradas y para uso industrial a la Minera MCC.<\/p>\n<\/div>\n<p>&nbsp;<\/p>\n","protected":false},"excerpt":{"rendered":"<p>El superintendente del General del DPA, Fernando Curetti, recorri\u00f3 este lunes la obra de reconstrucci\u00f3n y mejoramiento del Acueducto Arroyo [&hellip;]<\/p>\n","protected":false},"author":2,"featured_media":16132,"comment_status":"closed","ping_status":"closed","sticky":false,"template":"","format":"standard","meta":{"site-sidebar-layout":"default","site-content-layout":"","ast-site-content-layout":"default","site-content-style":"default","site-sidebar-style":"default","ast-global-header-display":"","ast-banner-title-visibility":"","ast-main-header-display":"","ast-hfb-above-header-display":"","ast-hfb-below-header-display":"","ast-hfb-mobile-header-display":"","site-post-title":"","ast-breadcrumbs-content":"","ast-featured-img":"","footer-sml-layout":"","ast-disable-related-posts":"","theme-transparent-header-meta":"","adv-header-id-meta":"","stick-header-meta":"","header-above-stick-meta":"","header-main-stick-meta":"","header-below-stick-meta":"","astra-migrate-meta-layouts":"default","ast-page-background-enabled":"default","ast-page-background-meta":{"desktop":{"background-color":"var(--ast-global-color-5)","background-image":"","background-repeat":"repeat","background-position":"center center","background-size":"auto","background-attachment":"scroll","background-type":"","background-media":"","overlay-type":"","overlay-color":"","overlay-opacity":"","overlay-gradient":""},"tablet":{"background-color":"","background-image":"","background-repeat":"repeat","background-position":"center center","background-size":"auto","background-attachment":"scroll","background-type":"","background-media":"","overlay-type":"","overlay-color":"","overlay-opacity":"","overlay-gradient":""},"mobile":{"background-color":"","background-image":"","background-repeat":"repeat","background-position":"center center","background-size":"auto","background-attachment":"scroll","background-type":"","background-media":"","overlay-type":"","overlay-color":"","overlay-opacity":"","overlay-gradient":""}},"ast-content-background-meta":{"desktop":{"background-color":"var(--ast-global-color-4)","background-image":"","background-repeat":"repeat","background-position":"center center","background-size":"auto","background-attachment":"scroll","background-type":"","background-media":"","overlay-type":"","overlay-color":"","overlay-opacity":"","overlay-gradient":""},"tablet":{"background-color":"var(--ast-global-color-4)","background-image":"","background-repeat":"repeat","background-position":"center center","background-size":"auto","background-attachment":"scroll","background-type":"","background-media":"","overlay-type":"","overlay-color":"","overlay-opacity":"","overlay-gradient":""},"mobile":{"background-color":"var(--ast-global-color-4)","background-image":"","background-repeat":"repeat","background-position":"center center","background-size":"auto","background-attachment":"scroll","background-type":"","background-media":"","overlay-type":"","overlay-color":"","overlay-opacity":"","overlay-gradient":""}},"footnotes":""},"categories":[1],"tags":[],"class_list":["post-16131","post","type-post","status-publish","format-standard","has-post-thumbnail","hentry","category-noticias"],"yoast_head":"<!-- This site is optimized with the Yoast SEO Premium plugin v23.0 (Yoast SEO v27.5) - https:\/\/yoast.com\/product\/yoast-seo-premium-wordpress\/ -->\n<title>Avanzan los trabajos para optimizar la provisi\u00f3n de agua en Sierra Grande<\/title>\n<meta name=\"robots\" content=\"index, follow, max-snippet:-1, max-image-preview:large, max-video-preview:-1\" \/>\n<link rel=\"canonical\" href=\"https:\/\/patagoniambiental.com.ar\/info\/avanzan-los-trabajos-para-optimizar-la-provision-de-agua-en-sierra-grande\/\" \/>\n<meta property=\"og:locale\" content=\"es_ES\" \/>\n<meta property=\"og:type\" content=\"article\" \/>\n<meta property=\"og:title\" content=\"Avanzan los trabajos para optimizar la provisi\u00f3n de agua en Sierra Grande\" \/>\n<meta property=\"og:description\" content=\"El superintendente del General del DPA, Fernando Curetti, recorri\u00f3 este lunes la obra de reconstrucci\u00f3n y mejoramiento del Acueducto Arroyo [&hellip;]\" \/>\n<meta property=\"og:url\" content=\"https:\/\/patagoniambiental.com.ar\/info\/avanzan-los-trabajos-para-optimizar-la-provision-de-agua-en-sierra-grande\/\" \/>\n<meta property=\"og:site_name\" content=\"Patagonia Ambiental\" \/>\n<meta property=\"article:publisher\" content=\"https:\/\/www.facebook.com\/patagonia.ambiental\" \/>\n<meta property=\"article:author\" content=\"https:\/\/www.facebook.com\/share\/1C1V8Gv9BX\/?mibextid=qi2Omg\" \/>\n<meta property=\"article:published_time\" content=\"2015-12-18T12:00:27+00:00\" \/>\n<meta name=\"author\" content=\"Patagonia Ambiental\" \/>\n<meta name=\"twitter:card\" content=\"summary_large_image\" \/>\n<meta name=\"twitter:creator\" content=\"@PatAmb\" \/>\n<meta name=\"twitter:site\" content=\"@PatAmb\" \/>\n<script type=\"application\/ld+json\" class=\"yoast-schema-graph\">{\"@context\":\"https:\\\/\\\/schema.org\",\"@graph\":[{\"@type\":\"Article\",\"@id\":\"https:\\\/\\\/patagoniambiental.com.ar\\\/info\\\/avanzan-los-trabajos-para-optimizar-la-provision-de-agua-en-sierra-grande\\\/#article\",\"isPartOf\":{\"@id\":\"https:\\\/\\\/patagoniambiental.com.ar\\\/info\\\/avanzan-los-trabajos-para-optimizar-la-provision-de-agua-en-sierra-grande\\\/\"},\"author\":{\"name\":\"Patagonia Ambiental\",\"@id\":\"https:\\\/\\\/patagoniambiental.com.ar\\\/info\\\/#\\\/schema\\\/person\\\/db12bff64bbcbf6a253710bf0ea37b5d\"},\"headline\":\"Avanzan los trabajos para optimizar la provisi\u00f3n de agua en Sierra Grande\",\"datePublished\":\"2015-12-18T12:00:27+00:00\",\"mainEntityOfPage\":{\"@id\":\"https:\\\/\\\/patagoniambiental.com.ar\\\/info\\\/avanzan-los-trabajos-para-optimizar-la-provision-de-agua-en-sierra-grande\\\/\"},\"wordCount\":411,\"publisher\":{\"@id\":\"https:\\\/\\\/patagoniambiental.com.ar\\\/info\\\/#organization\"},\"image\":{\"@id\":\"https:\\\/\\\/patagoniambiental.com.ar\\\/info\\\/avanzan-los-trabajos-para-optimizar-la-provision-de-agua-en-sierra-grande\\\/#primaryimage\"},\"thumbnailUrl\":\"\",\"articleSection\":[\"Noticias\"],\"inLanguage\":\"es\"},{\"@type\":\"WebPage\",\"@id\":\"https:\\\/\\\/patagoniambiental.com.ar\\\/info\\\/avanzan-los-trabajos-para-optimizar-la-provision-de-agua-en-sierra-grande\\\/\",\"url\":\"https:\\\/\\\/patagoniambiental.com.ar\\\/info\\\/avanzan-los-trabajos-para-optimizar-la-provision-de-agua-en-sierra-grande\\\/\",\"name\":\"Avanzan los trabajos para optimizar la provisi\u00f3n de agua en Sierra Grande\",\"isPartOf\":{\"@id\":\"https:\\\/\\\/patagoniambiental.com.ar\\\/info\\\/#website\"},\"primaryImageOfPage\":{\"@id\":\"https:\\\/\\\/patagoniambiental.com.ar\\\/info\\\/avanzan-los-trabajos-para-optimizar-la-provision-de-agua-en-sierra-grande\\\/#primaryimage\"},\"image\":{\"@id\":\"https:\\\/\\\/patagoniambiental.com.ar\\\/info\\\/avanzan-los-trabajos-para-optimizar-la-provision-de-agua-en-sierra-grande\\\/#primaryimage\"},\"thumbnailUrl\":\"\",\"datePublished\":\"2015-12-18T12:00:27+00:00\",\"breadcrumb\":{\"@id\":\"https:\\\/\\\/patagoniambiental.com.ar\\\/info\\\/avanzan-los-trabajos-para-optimizar-la-provision-de-agua-en-sierra-grande\\\/#breadcrumb\"},\"inLanguage\":\"es\",\"potentialAction\":[{\"@type\":\"ReadAction\",\"target\":[\"https:\\\/\\\/patagoniambiental.com.ar\\\/info\\\/avanzan-los-trabajos-para-optimizar-la-provision-de-agua-en-sierra-grande\\\/\"]}]},{\"@type\":\"ImageObject\",\"inLanguage\":\"es\",\"@id\":\"https:\\\/\\\/patagoniambiental.com.ar\\\/info\\\/avanzan-los-trabajos-para-optimizar-la-provision-de-agua-en-sierra-grande\\\/#primaryimage\",\"url\":\"\",\"contentUrl\":\"\"},{\"@type\":\"BreadcrumbList\",\"@id\":\"https:\\\/\\\/patagoniambiental.com.ar\\\/info\\\/avanzan-los-trabajos-para-optimizar-la-provision-de-agua-en-sierra-grande\\\/#breadcrumb\",\"itemListElement\":[{\"@type\":\"ListItem\",\"position\":1,\"name\":\"Inicio\",\"item\":\"https:\\\/\\\/patagoniambiental.com.ar\\\/info\\\/\"},{\"@type\":\"ListItem\",\"position\":2,\"name\":\"Avanzan los trabajos para optimizar la provisi\u00f3n de agua en Sierra Grande\"}]},{\"@type\":\"WebSite\",\"@id\":\"https:\\\/\\\/patagoniambiental.com.ar\\\/info\\\/#website\",\"url\":\"https:\\\/\\\/patagoniambiental.com.ar\\\/info\\\/\",\"name\":\"Patagonia Ambiental\",\"description\":\"Monitoreo y an\u00e1lisis de la situaci\u00f3n geopol\u00edtica en el mundo y su implicancia en la Patagonia\",\"publisher\":{\"@id\":\"https:\\\/\\\/patagoniambiental.com.ar\\\/info\\\/#organization\"},\"potentialAction\":[{\"@type\":\"SearchAction\",\"target\":{\"@type\":\"EntryPoint\",\"urlTemplate\":\"https:\\\/\\\/patagoniambiental.com.ar\\\/info\\\/?s={search_term_string}\"},\"query-input\":{\"@type\":\"PropertyValueSpecification\",\"valueRequired\":true,\"valueName\":\"search_term_string\"}}],\"inLanguage\":\"es\"},{\"@type\":\"Organization\",\"@id\":\"https:\\\/\\\/patagoniambiental.com.ar\\\/info\\\/#organization\",\"name\":\"Patagonia Ambiental\",\"url\":\"https:\\\/\\\/patagoniambiental.com.ar\\\/info\\\/\",\"logo\":{\"@type\":\"ImageObject\",\"inLanguage\":\"es\",\"@id\":\"https:\\\/\\\/patagoniambiental.com.ar\\\/info\\\/#\\\/schema\\\/logo\\\/image\\\/\",\"url\":\"https:\\\/\\\/patagoniambiental.com.ar\\\/info\\\/wp-content\\\/uploads\\\/2025\\\/05\\\/LOGO-PATAGONIA-AMBIENTAL.png\",\"contentUrl\":\"https:\\\/\\\/patagoniambiental.com.ar\\\/info\\\/wp-content\\\/uploads\\\/2025\\\/05\\\/LOGO-PATAGONIA-AMBIENTAL.png\",\"width\":433,\"height\":250,\"caption\":\"Patagonia Ambiental\"},\"image\":{\"@id\":\"https:\\\/\\\/patagoniambiental.com.ar\\\/info\\\/#\\\/schema\\\/logo\\\/image\\\/\"},\"sameAs\":[\"https:\\\/\\\/www.facebook.com\\\/patagonia.ambiental\",\"https:\\\/\\\/x.com\\\/PatAmb\"]},{\"@type\":\"Person\",\"@id\":\"https:\\\/\\\/patagoniambiental.com.ar\\\/info\\\/#\\\/schema\\\/person\\\/db12bff64bbcbf6a253710bf0ea37b5d\",\"name\":\"Patagonia Ambiental\",\"description\":\"Andr\u00e9s Nievas T\u00e9cnico en manejo ambiental, consultor Ambiental y escritor para medios locales e internacionales sobre temas de geopolitica y medio ambiente.\",\"sameAs\":[\"http:\\\/\\\/www.patagoniambiental.com.ar\",\"https:\\\/\\\/www.facebook.com\\\/share\\\/1C1V8Gv9BX\\\/?mibextid=qi2Omg\",\"@patagoniambiental\",\"https:\\\/\\\/youtube.com\\\/@patagoniaambiental2023?si=BLt58t0wuXquxlYZ\"]}]}<\/script>\n<!-- \/ Yoast SEO Premium plugin. -->","yoast_head_json":{"title":"Avanzan los trabajos para optimizar la provisi\u00f3n de agua en Sierra Grande","robots":{"index":"index","follow":"follow","max-snippet":"max-snippet:-1","max-image-preview":"max-image-preview:large","max-video-preview":"max-video-preview:-1"},"canonical":"https:\/\/patagoniambiental.com.ar\/info\/avanzan-los-trabajos-para-optimizar-la-provision-de-agua-en-sierra-grande\/","og_locale":"es_ES","og_type":"article","og_title":"Avanzan los trabajos para optimizar la provisi\u00f3n de agua en Sierra Grande","og_description":"El superintendente del General del DPA, Fernando Curetti, recorri\u00f3 este lunes la obra de reconstrucci\u00f3n y mejoramiento del Acueducto Arroyo [&hellip;]","og_url":"https:\/\/patagoniambiental.com.ar\/info\/avanzan-los-trabajos-para-optimizar-la-provision-de-agua-en-sierra-grande\/","og_site_name":"Patagonia Ambiental","article_publisher":"https:\/\/www.facebook.com\/patagonia.ambiental","article_author":"https:\/\/www.facebook.com\/share\/1C1V8Gv9BX\/?mibextid=qi2Omg","article_published_time":"2015-12-18T12:00:27+00:00","author":"Patagonia Ambiental","twitter_card":"summary_large_image","twitter_creator":"@PatAmb","twitter_site":"@PatAmb","schema":{"@context":"https:\/\/schema.org","@graph":[{"@type":"Article","@id":"https:\/\/patagoniambiental.com.ar\/info\/avanzan-los-trabajos-para-optimizar-la-provision-de-agua-en-sierra-grande\/#article","isPartOf":{"@id":"https:\/\/patagoniambiental.com.ar\/info\/avanzan-los-trabajos-para-optimizar-la-provision-de-agua-en-sierra-grande\/"},"author":{"name":"Patagonia Ambiental","@id":"https:\/\/patagoniambiental.com.ar\/info\/#\/schema\/person\/db12bff64bbcbf6a253710bf0ea37b5d"},"headline":"Avanzan los trabajos para optimizar la provisi\u00f3n de agua en Sierra Grande","datePublished":"2015-12-18T12:00:27+00:00","mainEntityOfPage":{"@id":"https:\/\/patagoniambiental.com.ar\/info\/avanzan-los-trabajos-para-optimizar-la-provision-de-agua-en-sierra-grande\/"},"wordCount":411,"publisher":{"@id":"https:\/\/patagoniambiental.com.ar\/info\/#organization"},"image":{"@id":"https:\/\/patagoniambiental.com.ar\/info\/avanzan-los-trabajos-para-optimizar-la-provision-de-agua-en-sierra-grande\/#primaryimage"},"thumbnailUrl":"","articleSection":["Noticias"],"inLanguage":"es"},{"@type":"WebPage","@id":"https:\/\/patagoniambiental.com.ar\/info\/avanzan-los-trabajos-para-optimizar-la-provision-de-agua-en-sierra-grande\/","url":"https:\/\/patagoniambiental.com.ar\/info\/avanzan-los-trabajos-para-optimizar-la-provision-de-agua-en-sierra-grande\/","name":"Avanzan los trabajos para optimizar la provisi\u00f3n de agua en Sierra Grande","isPartOf":{"@id":"https:\/\/patagoniambiental.com.ar\/info\/#website"},"primaryImageOfPage":{"@id":"https:\/\/patagoniambiental.com.ar\/info\/avanzan-los-trabajos-para-optimizar-la-provision-de-agua-en-sierra-grande\/#primaryimage"},"image":{"@id":"https:\/\/patagoniambiental.com.ar\/info\/avanzan-los-trabajos-para-optimizar-la-provision-de-agua-en-sierra-grande\/#primaryimage"},"thumbnailUrl":"","datePublished":"2015-12-18T12:00:27+00:00","breadcrumb":{"@id":"https:\/\/patagoniambiental.com.ar\/info\/avanzan-los-trabajos-para-optimizar-la-provision-de-agua-en-sierra-grande\/#breadcrumb"},"inLanguage":"es","potentialAction":[{"@type":"ReadAction","target":["https:\/\/patagoniambiental.com.ar\/info\/avanzan-los-trabajos-para-optimizar-la-provision-de-agua-en-sierra-grande\/"]}]},{"@type":"ImageObject","inLanguage":"es","@id":"https:\/\/patagoniambiental.com.ar\/info\/avanzan-los-trabajos-para-optimizar-la-provision-de-agua-en-sierra-grande\/#primaryimage","url":"","contentUrl":""},{"@type":"BreadcrumbList","@id":"https:\/\/patagoniambiental.com.ar\/info\/avanzan-los-trabajos-para-optimizar-la-provision-de-agua-en-sierra-grande\/#breadcrumb","itemListElement":[{"@type":"ListItem","position":1,"name":"Inicio","item":"https:\/\/patagoniambiental.com.ar\/info\/"},{"@type":"ListItem","position":2,"name":"Avanzan los trabajos para optimizar la provisi\u00f3n de agua en Sierra Grande"}]},{"@type":"WebSite","@id":"https:\/\/patagoniambiental.com.ar\/info\/#website","url":"https:\/\/patagoniambiental.com.ar\/info\/","name":"Patagonia Ambiental","description":"Monitoreo y an\u00e1lisis de la situaci\u00f3n geopol\u00edtica en el mundo y su implicancia en la Patagonia","publisher":{"@id":"https:\/\/patagoniambiental.com.ar\/info\/#organization"},"potentialAction":[{"@type":"SearchAction","target":{"@type":"EntryPoint","urlTemplate":"https:\/\/patagoniambiental.com.ar\/info\/?s={search_term_string}"},"query-input":{"@type":"PropertyValueSpecification","valueRequired":true,"valueName":"search_term_string"}}],"inLanguage":"es"},{"@type":"Organization","@id":"https:\/\/patagoniambiental.com.ar\/info\/#organization","name":"Patagonia Ambiental","url":"https:\/\/patagoniambiental.com.ar\/info\/","logo":{"@type":"ImageObject","inLanguage":"es","@id":"https:\/\/patagoniambiental.com.ar\/info\/#\/schema\/logo\/image\/","url":"https:\/\/patagoniambiental.com.ar\/info\/wp-content\/uploads\/2025\/05\/LOGO-PATAGONIA-AMBIENTAL.png","contentUrl":"https:\/\/patagoniambiental.com.ar\/info\/wp-content\/uploads\/2025\/05\/LOGO-PATAGONIA-AMBIENTAL.png","width":433,"height":250,"caption":"Patagonia Ambiental"},"image":{"@id":"https:\/\/patagoniambiental.com.ar\/info\/#\/schema\/logo\/image\/"},"sameAs":["https:\/\/www.facebook.com\/patagonia.ambiental","https:\/\/x.com\/PatAmb"]},{"@type":"Person","@id":"https:\/\/patagoniambiental.com.ar\/info\/#\/schema\/person\/db12bff64bbcbf6a253710bf0ea37b5d","name":"Patagonia Ambiental","description":"Andr\u00e9s Nievas T\u00e9cnico en manejo ambiental, consultor Ambiental y escritor para medios locales e internacionales sobre temas de geopolitica y medio ambiente.","sameAs":["http:\/\/www.patagoniambiental.com.ar","https:\/\/www.facebook.com\/share\/1C1V8Gv9BX\/?mibextid=qi2Omg","@patagoniambiental","https:\/\/youtube.com\/@patagoniaambiental2023?si=BLt58t0wuXquxlYZ"]}]}},"_links":{"self":[{"href":"https:\/\/patagoniambiental.com.ar\/info\/wp-json\/wp\/v2\/posts\/16131","targetHints":{"allow":["GET"]}}],"collection":[{"href":"https:\/\/patagoniambiental.com.ar\/info\/wp-json\/wp\/v2\/posts"}],"about":[{"href":"https:\/\/patagoniambiental.com.ar\/info\/wp-json\/wp\/v2\/types\/post"}],"author":[{"embeddable":true,"href":"https:\/\/patagoniambiental.com.ar\/info\/wp-json\/wp\/v2\/users\/2"}],"replies":[{"embeddable":true,"href":"https:\/\/patagoniambiental.com.ar\/info\/wp-json\/wp\/v2\/comments?post=16131"}],"version-history":[{"count":0,"href":"https:\/\/patagoniambiental.com.ar\/info\/wp-json\/wp\/v2\/posts\/16131\/revisions"}],"wp:featuredmedia":[{"embeddable":true,"href":"https:\/\/patagoniambiental.com.ar\/info\/wp-json\/"}],"wp:attachment":[{"href":"https:\/\/patagoniambiental.com.ar\/info\/wp-json\/wp\/v2\/media?parent=16131"}],"wp:term":[{"taxonomy":"category","embeddable":true,"href":"https:\/\/patagoniambiental.com.ar\/info\/wp-json\/wp\/v2\/categories?post=16131"},{"taxonomy":"post_tag","embeddable":true,"href":"https:\/\/patagoniambiental.com.ar\/info\/wp-json\/wp\/v2\/tags?post=16131"}],"curies":[{"name":"wp","href":"https:\/\/api.w.org\/{rel}","templated":true}]}}