{"id":16140,"date":"2015-12-18T09:00:16","date_gmt":"2015-12-18T12:00:16","guid":{"rendered":"http:\/\/patagoniambiental.com.ar\/?p=16140"},"modified":"2015-12-18T09:00:16","modified_gmt":"2015-12-18T12:00:16","slug":"puerto-madryn-fundacion-patagonia-natural-completo-sus-programas-educativos-con-gran-participacion-de-alumnos-y-docentes","status":"publish","type":"post","link":"https:\/\/patagoniambiental.com.ar\/info\/puerto-madryn-fundacion-patagonia-natural-completo-sus-programas-educativos-con-gran-participacion-de-alumnos-y-docentes\/","title":{"rendered":"Puerto Madryn: Fundaci\u00f3n Patagonia Natural complet\u00f3 sus programas educativos con gran participaci\u00f3n de alumnos y docentes"},"content":{"rendered":"<div class=\"itemIntroText\">\n<p>Alrededor de novecientos alumnos y docentes de Puerto Madryn y la zona participaron durante el 2015 de los dos Programas Educativos que desarrolla la Fundaci\u00f3n Patagonia Natural a trav\u00e9s del \u00c1rea de Educaci\u00f3n Ambiental, incluyendo charlas interactivas y salidas de campo.<\/p>\n<\/div>\n<div class=\"itemFullText\">\n<p>El\u00a0 Programa\u00a0 Educativo\u00a0 Punta\u00a0 Flecha\u00a0 se\u00a0 lleva\u00a0 a\u00a0 cabo\u00a0 en\u00a0 el\u00a0 Observatorio\u00a0 de Ballenas\u00a0 Franca\u00a0 Austral\u00a0 Punta\u00a0 Flecha,\u00a0 ubicado\u00a0 en\u00a0 el\u00a0 \u00e1rea\u00a0 Protegida\u00a0 Municipal\u00a0 El Doradillo,\u00a0 a\u00a0 17\u00a0 km\u00a0 de\u00a0 la\u00a0 ciudad\u00a0 de\u00a0 Puerto\u00a0 Madryn. \u00a0Est\u00e1 dirigido\u00a0 a los alumnos\u00a0 de\u00a0 las\u00a0 escuelas\u00a0 de\u00a0 Puerto\u00a0 Madryn\u00a0 y la zona y apunta a\u00a0 la\u00a0 educaci\u00f3n\u00a0 en valores\u00a0 y\u00a0 la\u00a0 apropiaci\u00f3n\u00a0 de\u00a0 saberes,\u00a0 a\u00a0 trav\u00e9s\u00a0 de\u00a0 la\u00a0 acci\u00f3n\u00a0 y el contacto directo\u00a0 con\u00a0 el\u00a0 ambiente.<\/p>\n<p>Esta temporada el programa se desarroll\u00f3 entre los meses de agosto y noviembre, en donde participaron alrededor de 400 alumnos y docentes de\u00a0 instituciones educativas de la ciudad de Puerto Madryn: la Escuela N\u00b0 213 y la Escuela N\u00b0222 y el Jard\u00edn de la Costa.<\/p>\n<p>El\u00a0 Programa\u00a0 Educativo\u00a0 Intermareal\u00a0 es\u00a0 una\u00a0 propuesta\u00a0 educativa\u00a0 orientada\u00a0 al\u00a0 conocimiento\u00a0 y\u00a0 la\u00a0 conservaci\u00f3n\u00a0 de\u00a0 las especies\u00a0 de\u00a0 la\u00a0 zona\u00a0 costera\u00a0 Patag\u00f3nica, a trav\u00e9s del cual los alumnos\u00a0 y\u00a0 alumnas,\u00a0 tienen\u00a0 la posibilidad\u00a0 de\u00a0 descubrir\u00a0 una\u00a0 porci\u00f3n\u00a0 del\u00a0\u00a0 ecosistema\u00a0\u00a0 costero\u00a0\u00a0 patag\u00f3nico (integrado por una variedad \u00fanica de\u00a0 especies) y de vivir una experiencia educativo-recreativa que a su vez, ayuda al fortalecimiento de v\u00ednculos grupales.<\/p>\n<p>Alrededor de \u00a0500 alumnos y docentes de 6 instituciones educativas participaron de esta nueva temporada del Programa Educativo que se desarroll\u00f3 en los meses de primavera (Septiembre, Octubre y Noviembre). Participaron alumnos de la Escuela de Biolog\u00eda Marina y Laboratorista N\u00b01 de Caleta Olivia, de la Escuela de la Costa de Puerto Madryn, de la Escuela Secundaria N\u00b0786, de la Escuela Secundaria N\u00b0 736, del Secundario de la Escuela N\u00b0 790 y de la Secundaria de la Escuela N\u00b0 741 de Puerto Madryn; y ni\u00f1os de la Sala Abejas del Jard\u00edn de la Costa.<\/p>\n<p>En el marco de este proyecto se dictaron charlas de fauna marina, terrestre y flora en 6 Escuelas de nivel inicial, con la participaron de alrededor de 200 ni\u00f1os y ni\u00f1as. Tambi\u00e9n se dictaron \u00a0charlas sobre adaptaciones de la flora y fauna regional y biodiversidad. \u00a0Alumnos de la escuela de nivel secundario N\u00b0728 con especializaci\u00f3n en turismo, recibieron \u00a0charlas sobre \u00a0\u00c1reas Protegidas y conservaci\u00f3n. A su vez, alumnos de la escuela de nivel secundario N\u00b0786 participaron de una charla sobre residuos y m\u00e9todos de compostaje.<\/p>\n<p>Tambi\u00e9n FPN dict\u00f3 el m\u00f3dulo de fauna y flora costera en la edici\u00f3n anual de curso para informantes tur\u00edsticos dictado por la Secretar\u00eda de Turismo de Puerto Madryn, al que asistieron unas 40 personas.<\/p>\n<\/div>\n","protected":false},"excerpt":{"rendered":"<p>Alrededor de novecientos alumnos y docentes de Puerto Madryn y la zona participaron durante el 2015 de los dos Programas [&hellip;]<\/p>\n","protected":false},"author":2,"featured_media":16141,"comment_status":"closed","ping_status":"closed","sticky":false,"template":"","format":"standard","meta":{"site-sidebar-layout":"default","site-content-layout":"","ast-site-content-layout":"default","site-content-style":"default","site-sidebar-style":"default","ast-global-header-display":"","ast-banner-title-visibility":"","ast-main-header-display":"","ast-hfb-above-header-display":"","ast-hfb-below-header-display":"","ast-hfb-mobile-header-display":"","site-post-title":"","ast-breadcrumbs-content":"","ast-featured-img":"","footer-sml-layout":"","ast-disable-related-posts":"","theme-transparent-header-meta":"","adv-header-id-meta":"","stick-header-meta":"","header-above-stick-meta":"","header-main-stick-meta":"","header-below-stick-meta":"","astra-migrate-meta-layouts":"default","ast-page-background-enabled":"default","ast-page-background-meta":{"desktop":{"background-color":"var(--ast-global-color-5)","background-image":"","background-repeat":"repeat","background-position":"center center","background-size":"auto","background-attachment":"scroll","background-type":"","background-media":"","overlay-type":"","overlay-color":"","overlay-opacity":"","overlay-gradient":""},"tablet":{"background-color":"","background-image":"","background-repeat":"repeat","background-position":"center center","background-size":"auto","background-attachment":"scroll","background-type":"","background-media":"","overlay-type":"","overlay-color":"","overlay-opacity":"","overlay-gradient":""},"mobile":{"background-color":"","background-image":"","background-repeat":"repeat","background-position":"center center","background-size":"auto","background-attachment":"scroll","background-type":"","background-media":"","overlay-type":"","overlay-color":"","overlay-opacity":"","overlay-gradient":""}},"ast-content-background-meta":{"desktop":{"background-color":"var(--ast-global-color-4)","background-image":"","background-repeat":"repeat","background-position":"center center","background-size":"auto","background-attachment":"scroll","background-type":"","background-media":"","overlay-type":"","overlay-color":"","overlay-opacity":"","overlay-gradient":""},"tablet":{"background-color":"var(--ast-global-color-4)","background-image":"","background-repeat":"repeat","background-position":"center center","background-size":"auto","background-attachment":"scroll","background-type":"","background-media":"","overlay-type":"","overlay-color":"","overlay-opacity":"","overlay-gradient":""},"mobile":{"background-color":"var(--ast-global-color-4)","background-image":"","background-repeat":"repeat","background-position":"center center","background-size":"auto","background-attachment":"scroll","background-type":"","background-media":"","overlay-type":"","overlay-color":"","overlay-opacity":"","overlay-gradient":""}},"footnotes":""},"categories":[1],"tags":[],"class_list":["post-16140","post","type-post","status-publish","format-standard","has-post-thumbnail","hentry","category-noticias"],"yoast_head":"<!-- This site is optimized with the Yoast SEO Premium plugin v23.0 (Yoast SEO v27.5) - https:\/\/yoast.com\/product\/yoast-seo-premium-wordpress\/ -->\n<title>Puerto Madryn: Fundaci\u00f3n Patagonia Natural complet\u00f3 sus programas educativos con gran participaci\u00f3n de alumnos y docentes<\/title>\n<meta name=\"robots\" content=\"index, follow, max-snippet:-1, max-image-preview:large, max-video-preview:-1\" \/>\n<link rel=\"canonical\" href=\"https:\/\/patagoniambiental.com.ar\/info\/puerto-madryn-fundacion-patagonia-natural-completo-sus-programas-educativos-con-gran-participacion-de-alumnos-y-docentes\/\" \/>\n<meta property=\"og:locale\" content=\"es_ES\" \/>\n<meta property=\"og:type\" content=\"article\" \/>\n<meta property=\"og:title\" content=\"Puerto Madryn: Fundaci\u00f3n Patagonia Natural complet\u00f3 sus programas educativos con gran participaci\u00f3n de alumnos y docentes\" \/>\n<meta property=\"og:description\" content=\"Alrededor de novecientos alumnos y docentes de Puerto Madryn y la zona participaron durante el 2015 de los dos Programas [&hellip;]\" \/>\n<meta property=\"og:url\" content=\"https:\/\/patagoniambiental.com.ar\/info\/puerto-madryn-fundacion-patagonia-natural-completo-sus-programas-educativos-con-gran-participacion-de-alumnos-y-docentes\/\" \/>\n<meta property=\"og:site_name\" content=\"Patagonia Ambiental\" \/>\n<meta property=\"article:publisher\" content=\"https:\/\/www.facebook.com\/patagonia.ambiental\" \/>\n<meta property=\"article:author\" content=\"https:\/\/www.facebook.com\/share\/1C1V8Gv9BX\/?mibextid=qi2Omg\" \/>\n<meta property=\"article:published_time\" content=\"2015-12-18T12:00:16+00:00\" \/>\n<meta name=\"author\" content=\"Patagonia Ambiental\" \/>\n<meta name=\"twitter:card\" content=\"summary_large_image\" \/>\n<meta name=\"twitter:creator\" content=\"@PatAmb\" \/>\n<meta name=\"twitter:site\" content=\"@PatAmb\" \/>\n<script type=\"application\/ld+json\" class=\"yoast-schema-graph\">{\"@context\":\"https:\\\/\\\/schema.org\",\"@graph\":[{\"@type\":\"Article\",\"@id\":\"https:\\\/\\\/patagoniambiental.com.ar\\\/info\\\/puerto-madryn-fundacion-patagonia-natural-completo-sus-programas-educativos-con-gran-participacion-de-alumnos-y-docentes\\\/#article\",\"isPartOf\":{\"@id\":\"https:\\\/\\\/patagoniambiental.com.ar\\\/info\\\/puerto-madryn-fundacion-patagonia-natural-completo-sus-programas-educativos-con-gran-participacion-de-alumnos-y-docentes\\\/\"},\"author\":{\"name\":\"Patagonia Ambiental\",\"@id\":\"https:\\\/\\\/patagoniambiental.com.ar\\\/info\\\/#\\\/schema\\\/person\\\/db12bff64bbcbf6a253710bf0ea37b5d\"},\"headline\":\"Puerto Madryn: Fundaci\u00f3n Patagonia Natural complet\u00f3 sus programas educativos con gran participaci\u00f3n de alumnos y docentes\",\"datePublished\":\"2015-12-18T12:00:16+00:00\",\"mainEntityOfPage\":{\"@id\":\"https:\\\/\\\/patagoniambiental.com.ar\\\/info\\\/puerto-madryn-fundacion-patagonia-natural-completo-sus-programas-educativos-con-gran-participacion-de-alumnos-y-docentes\\\/\"},\"wordCount\":470,\"publisher\":{\"@id\":\"https:\\\/\\\/patagoniambiental.com.ar\\\/info\\\/#organization\"},\"image\":{\"@id\":\"https:\\\/\\\/patagoniambiental.com.ar\\\/info\\\/puerto-madryn-fundacion-patagonia-natural-completo-sus-programas-educativos-con-gran-participacion-de-alumnos-y-docentes\\\/#primaryimage\"},\"thumbnailUrl\":\"\",\"articleSection\":[\"Noticias\"],\"inLanguage\":\"es\"},{\"@type\":\"WebPage\",\"@id\":\"https:\\\/\\\/patagoniambiental.com.ar\\\/info\\\/puerto-madryn-fundacion-patagonia-natural-completo-sus-programas-educativos-con-gran-participacion-de-alumnos-y-docentes\\\/\",\"url\":\"https:\\\/\\\/patagoniambiental.com.ar\\\/info\\\/puerto-madryn-fundacion-patagonia-natural-completo-sus-programas-educativos-con-gran-participacion-de-alumnos-y-docentes\\\/\",\"name\":\"Puerto Madryn: Fundaci\u00f3n Patagonia Natural complet\u00f3 sus programas educativos con gran participaci\u00f3n de alumnos y docentes\",\"isPartOf\":{\"@id\":\"https:\\\/\\\/patagoniambiental.com.ar\\\/info\\\/#website\"},\"primaryImageOfPage\":{\"@id\":\"https:\\\/\\\/patagoniambiental.com.ar\\\/info\\\/puerto-madryn-fundacion-patagonia-natural-completo-sus-programas-educativos-con-gran-participacion-de-alumnos-y-docentes\\\/#primaryimage\"},\"image\":{\"@id\":\"https:\\\/\\\/patagoniambiental.com.ar\\\/info\\\/puerto-madryn-fundacion-patagonia-natural-completo-sus-programas-educativos-con-gran-participacion-de-alumnos-y-docentes\\\/#primaryimage\"},\"thumbnailUrl\":\"\",\"datePublished\":\"2015-12-18T12:00:16+00:00\",\"breadcrumb\":{\"@id\":\"https:\\\/\\\/patagoniambiental.com.ar\\\/info\\\/puerto-madryn-fundacion-patagonia-natural-completo-sus-programas-educativos-con-gran-participacion-de-alumnos-y-docentes\\\/#breadcrumb\"},\"inLanguage\":\"es\",\"potentialAction\":[{\"@type\":\"ReadAction\",\"target\":[\"https:\\\/\\\/patagoniambiental.com.ar\\\/info\\\/puerto-madryn-fundacion-patagonia-natural-completo-sus-programas-educativos-con-gran-participacion-de-alumnos-y-docentes\\\/\"]}]},{\"@type\":\"ImageObject\",\"inLanguage\":\"es\",\"@id\":\"https:\\\/\\\/patagoniambiental.com.ar\\\/info\\\/puerto-madryn-fundacion-patagonia-natural-completo-sus-programas-educativos-con-gran-participacion-de-alumnos-y-docentes\\\/#primaryimage\",\"url\":\"\",\"contentUrl\":\"\"},{\"@type\":\"BreadcrumbList\",\"@id\":\"https:\\\/\\\/patagoniambiental.com.ar\\\/info\\\/puerto-madryn-fundacion-patagonia-natural-completo-sus-programas-educativos-con-gran-participacion-de-alumnos-y-docentes\\\/#breadcrumb\",\"itemListElement\":[{\"@type\":\"ListItem\",\"position\":1,\"name\":\"Inicio\",\"item\":\"https:\\\/\\\/patagoniambiental.com.ar\\\/info\\\/\"},{\"@type\":\"ListItem\",\"position\":2,\"name\":\"Puerto Madryn: Fundaci\u00f3n Patagonia Natural complet\u00f3 sus programas educativos con gran participaci\u00f3n de alumnos y docentes\"}]},{\"@type\":\"WebSite\",\"@id\":\"https:\\\/\\\/patagoniambiental.com.ar\\\/info\\\/#website\",\"url\":\"https:\\\/\\\/patagoniambiental.com.ar\\\/info\\\/\",\"name\":\"Patagonia Ambiental\",\"description\":\"Monitoreo y an\u00e1lisis de la situaci\u00f3n geopol\u00edtica en el mundo y su implicancia en la Patagonia\",\"publisher\":{\"@id\":\"https:\\\/\\\/patagoniambiental.com.ar\\\/info\\\/#organization\"},\"potentialAction\":[{\"@type\":\"SearchAction\",\"target\":{\"@type\":\"EntryPoint\",\"urlTemplate\":\"https:\\\/\\\/patagoniambiental.com.ar\\\/info\\\/?s={search_term_string}\"},\"query-input\":{\"@type\":\"PropertyValueSpecification\",\"valueRequired\":true,\"valueName\":\"search_term_string\"}}],\"inLanguage\":\"es\"},{\"@type\":\"Organization\",\"@id\":\"https:\\\/\\\/patagoniambiental.com.ar\\\/info\\\/#organization\",\"name\":\"Patagonia Ambiental\",\"url\":\"https:\\\/\\\/patagoniambiental.com.ar\\\/info\\\/\",\"logo\":{\"@type\":\"ImageObject\",\"inLanguage\":\"es\",\"@id\":\"https:\\\/\\\/patagoniambiental.com.ar\\\/info\\\/#\\\/schema\\\/logo\\\/image\\\/\",\"url\":\"https:\\\/\\\/patagoniambiental.com.ar\\\/info\\\/wp-content\\\/uploads\\\/2025\\\/05\\\/LOGO-PATAGONIA-AMBIENTAL.png\",\"contentUrl\":\"https:\\\/\\\/patagoniambiental.com.ar\\\/info\\\/wp-content\\\/uploads\\\/2025\\\/05\\\/LOGO-PATAGONIA-AMBIENTAL.png\",\"width\":433,\"height\":250,\"caption\":\"Patagonia Ambiental\"},\"image\":{\"@id\":\"https:\\\/\\\/patagoniambiental.com.ar\\\/info\\\/#\\\/schema\\\/logo\\\/image\\\/\"},\"sameAs\":[\"https:\\\/\\\/www.facebook.com\\\/patagonia.ambiental\",\"https:\\\/\\\/x.com\\\/PatAmb\"]},{\"@type\":\"Person\",\"@id\":\"https:\\\/\\\/patagoniambiental.com.ar\\\/info\\\/#\\\/schema\\\/person\\\/db12bff64bbcbf6a253710bf0ea37b5d\",\"name\":\"Patagonia Ambiental\",\"description\":\"Andr\u00e9s Nievas T\u00e9cnico en manejo ambiental, consultor Ambiental y escritor para medios locales e internacionales sobre temas de geopolitica y medio ambiente.\",\"sameAs\":[\"http:\\\/\\\/www.patagoniambiental.com.ar\",\"https:\\\/\\\/www.facebook.com\\\/share\\\/1C1V8Gv9BX\\\/?mibextid=qi2Omg\",\"@patagoniambiental\",\"https:\\\/\\\/youtube.com\\\/@patagoniaambiental2023?si=BLt58t0wuXquxlYZ\"]}]}<\/script>\n<!-- \/ Yoast SEO Premium plugin. -->","yoast_head_json":{"title":"Puerto Madryn: Fundaci\u00f3n Patagonia Natural complet\u00f3 sus programas educativos con gran participaci\u00f3n de alumnos y docentes","robots":{"index":"index","follow":"follow","max-snippet":"max-snippet:-1","max-image-preview":"max-image-preview:large","max-video-preview":"max-video-preview:-1"},"canonical":"https:\/\/patagoniambiental.com.ar\/info\/puerto-madryn-fundacion-patagonia-natural-completo-sus-programas-educativos-con-gran-participacion-de-alumnos-y-docentes\/","og_locale":"es_ES","og_type":"article","og_title":"Puerto Madryn: Fundaci\u00f3n Patagonia Natural complet\u00f3 sus programas educativos con gran participaci\u00f3n de alumnos y docentes","og_description":"Alrededor de novecientos alumnos y docentes de Puerto Madryn y la zona participaron durante el 2015 de los dos Programas [&hellip;]","og_url":"https:\/\/patagoniambiental.com.ar\/info\/puerto-madryn-fundacion-patagonia-natural-completo-sus-programas-educativos-con-gran-participacion-de-alumnos-y-docentes\/","og_site_name":"Patagonia Ambiental","article_publisher":"https:\/\/www.facebook.com\/patagonia.ambiental","article_author":"https:\/\/www.facebook.com\/share\/1C1V8Gv9BX\/?mibextid=qi2Omg","article_published_time":"2015-12-18T12:00:16+00:00","author":"Patagonia Ambiental","twitter_card":"summary_large_image","twitter_creator":"@PatAmb","twitter_site":"@PatAmb","schema":{"@context":"https:\/\/schema.org","@graph":[{"@type":"Article","@id":"https:\/\/patagoniambiental.com.ar\/info\/puerto-madryn-fundacion-patagonia-natural-completo-sus-programas-educativos-con-gran-participacion-de-alumnos-y-docentes\/#article","isPartOf":{"@id":"https:\/\/patagoniambiental.com.ar\/info\/puerto-madryn-fundacion-patagonia-natural-completo-sus-programas-educativos-con-gran-participacion-de-alumnos-y-docentes\/"},"author":{"name":"Patagonia Ambiental","@id":"https:\/\/patagoniambiental.com.ar\/info\/#\/schema\/person\/db12bff64bbcbf6a253710bf0ea37b5d"},"headline":"Puerto Madryn: Fundaci\u00f3n Patagonia Natural complet\u00f3 sus programas educativos con gran participaci\u00f3n de alumnos y docentes","datePublished":"2015-12-18T12:00:16+00:00","mainEntityOfPage":{"@id":"https:\/\/patagoniambiental.com.ar\/info\/puerto-madryn-fundacion-patagonia-natural-completo-sus-programas-educativos-con-gran-participacion-de-alumnos-y-docentes\/"},"wordCount":470,"publisher":{"@id":"https:\/\/patagoniambiental.com.ar\/info\/#organization"},"image":{"@id":"https:\/\/patagoniambiental.com.ar\/info\/puerto-madryn-fundacion-patagonia-natural-completo-sus-programas-educativos-con-gran-participacion-de-alumnos-y-docentes\/#primaryimage"},"thumbnailUrl":"","articleSection":["Noticias"],"inLanguage":"es"},{"@type":"WebPage","@id":"https:\/\/patagoniambiental.com.ar\/info\/puerto-madryn-fundacion-patagonia-natural-completo-sus-programas-educativos-con-gran-participacion-de-alumnos-y-docentes\/","url":"https:\/\/patagoniambiental.com.ar\/info\/puerto-madryn-fundacion-patagonia-natural-completo-sus-programas-educativos-con-gran-participacion-de-alumnos-y-docentes\/","name":"Puerto Madryn: Fundaci\u00f3n Patagonia Natural complet\u00f3 sus programas educativos con gran participaci\u00f3n de alumnos y docentes","isPartOf":{"@id":"https:\/\/patagoniambiental.com.ar\/info\/#website"},"primaryImageOfPage":{"@id":"https:\/\/patagoniambiental.com.ar\/info\/puerto-madryn-fundacion-patagonia-natural-completo-sus-programas-educativos-con-gran-participacion-de-alumnos-y-docentes\/#primaryimage"},"image":{"@id":"https:\/\/patagoniambiental.com.ar\/info\/puerto-madryn-fundacion-patagonia-natural-completo-sus-programas-educativos-con-gran-participacion-de-alumnos-y-docentes\/#primaryimage"},"thumbnailUrl":"","datePublished":"2015-12-18T12:00:16+00:00","breadcrumb":{"@id":"https:\/\/patagoniambiental.com.ar\/info\/puerto-madryn-fundacion-patagonia-natural-completo-sus-programas-educativos-con-gran-participacion-de-alumnos-y-docentes\/#breadcrumb"},"inLanguage":"es","potentialAction":[{"@type":"ReadAction","target":["https:\/\/patagoniambiental.com.ar\/info\/puerto-madryn-fundacion-patagonia-natural-completo-sus-programas-educativos-con-gran-participacion-de-alumnos-y-docentes\/"]}]},{"@type":"ImageObject","inLanguage":"es","@id":"https:\/\/patagoniambiental.com.ar\/info\/puerto-madryn-fundacion-patagonia-natural-completo-sus-programas-educativos-con-gran-participacion-de-alumnos-y-docentes\/#primaryimage","url":"","contentUrl":""},{"@type":"BreadcrumbList","@id":"https:\/\/patagoniambiental.com.ar\/info\/puerto-madryn-fundacion-patagonia-natural-completo-sus-programas-educativos-con-gran-participacion-de-alumnos-y-docentes\/#breadcrumb","itemListElement":[{"@type":"ListItem","position":1,"name":"Inicio","item":"https:\/\/patagoniambiental.com.ar\/info\/"},{"@type":"ListItem","position":2,"name":"Puerto Madryn: Fundaci\u00f3n Patagonia Natural complet\u00f3 sus programas educativos con gran participaci\u00f3n de alumnos y docentes"}]},{"@type":"WebSite","@id":"https:\/\/patagoniambiental.com.ar\/info\/#website","url":"https:\/\/patagoniambiental.com.ar\/info\/","name":"Patagonia Ambiental","description":"Monitoreo y an\u00e1lisis de la situaci\u00f3n geopol\u00edtica en el mundo y su implicancia en la Patagonia","publisher":{"@id":"https:\/\/patagoniambiental.com.ar\/info\/#organization"},"potentialAction":[{"@type":"SearchAction","target":{"@type":"EntryPoint","urlTemplate":"https:\/\/patagoniambiental.com.ar\/info\/?s={search_term_string}"},"query-input":{"@type":"PropertyValueSpecification","valueRequired":true,"valueName":"search_term_string"}}],"inLanguage":"es"},{"@type":"Organization","@id":"https:\/\/patagoniambiental.com.ar\/info\/#organization","name":"Patagonia Ambiental","url":"https:\/\/patagoniambiental.com.ar\/info\/","logo":{"@type":"ImageObject","inLanguage":"es","@id":"https:\/\/patagoniambiental.com.ar\/info\/#\/schema\/logo\/image\/","url":"https:\/\/patagoniambiental.com.ar\/info\/wp-content\/uploads\/2025\/05\/LOGO-PATAGONIA-AMBIENTAL.png","contentUrl":"https:\/\/patagoniambiental.com.ar\/info\/wp-content\/uploads\/2025\/05\/LOGO-PATAGONIA-AMBIENTAL.png","width":433,"height":250,"caption":"Patagonia Ambiental"},"image":{"@id":"https:\/\/patagoniambiental.com.ar\/info\/#\/schema\/logo\/image\/"},"sameAs":["https:\/\/www.facebook.com\/patagonia.ambiental","https:\/\/x.com\/PatAmb"]},{"@type":"Person","@id":"https:\/\/patagoniambiental.com.ar\/info\/#\/schema\/person\/db12bff64bbcbf6a253710bf0ea37b5d","name":"Patagonia Ambiental","description":"Andr\u00e9s Nievas T\u00e9cnico en manejo ambiental, consultor Ambiental y escritor para medios locales e internacionales sobre temas de geopolitica y medio ambiente.","sameAs":["http:\/\/www.patagoniambiental.com.ar","https:\/\/www.facebook.com\/share\/1C1V8Gv9BX\/?mibextid=qi2Omg","@patagoniambiental","https:\/\/youtube.com\/@patagoniaambiental2023?si=BLt58t0wuXquxlYZ"]}]}},"_links":{"self":[{"href":"https:\/\/patagoniambiental.com.ar\/info\/wp-json\/wp\/v2\/posts\/16140","targetHints":{"allow":["GET"]}}],"collection":[{"href":"https:\/\/patagoniambiental.com.ar\/info\/wp-json\/wp\/v2\/posts"}],"about":[{"href":"https:\/\/patagoniambiental.com.ar\/info\/wp-json\/wp\/v2\/types\/post"}],"author":[{"embeddable":true,"href":"https:\/\/patagoniambiental.com.ar\/info\/wp-json\/wp\/v2\/users\/2"}],"replies":[{"embeddable":true,"href":"https:\/\/patagoniambiental.com.ar\/info\/wp-json\/wp\/v2\/comments?post=16140"}],"version-history":[{"count":0,"href":"https:\/\/patagoniambiental.com.ar\/info\/wp-json\/wp\/v2\/posts\/16140\/revisions"}],"wp:featuredmedia":[{"embeddable":true,"href":"https:\/\/patagoniambiental.com.ar\/info\/wp-json\/"}],"wp:attachment":[{"href":"https:\/\/patagoniambiental.com.ar\/info\/wp-json\/wp\/v2\/media?parent=16140"}],"wp:term":[{"taxonomy":"category","embeddable":true,"href":"https:\/\/patagoniambiental.com.ar\/info\/wp-json\/wp\/v2\/categories?post=16140"},{"taxonomy":"post_tag","embeddable":true,"href":"https:\/\/patagoniambiental.com.ar\/info\/wp-json\/wp\/v2\/tags?post=16140"}],"curies":[{"name":"wp","href":"https:\/\/api.w.org\/{rel}","templated":true}]}}