{"id":16151,"date":"2015-12-21T09:00:29","date_gmt":"2015-12-21T12:00:29","guid":{"rendered":"http:\/\/patagoniambiental.com.ar\/?p=16151"},"modified":"2015-12-21T09:00:29","modified_gmt":"2015-12-21T12:00:29","slug":"secretaria-de-ambiente-participo-en-muestreo-por-incidente-en-allen","status":"publish","type":"post","link":"https:\/\/patagoniambiental.com.ar\/info\/secretaria-de-ambiente-participo-en-muestreo-por-incidente-en-allen\/","title":{"rendered":"Secretar\u00eda de Ambiente particip\u00f3 en muestreo por incidente en Allen"},"content":{"rendered":"<p lang=\"es-ES\" align=\"JUSTIFY\"><b><\/b><span style=\"font-family: Asap;\"><span style=\"font-size: large;\">La Delegaci\u00f3n Alto Valle de la Secretar\u00eda de Ambiente y Desarrollo Sustentable inspeccion\u00f3 nuevamente la zona del colector 5B de la empresa YSUR, en la zona EFO de Allen. En esta oportunidad, personal del organismo supervis\u00f3 la toma de muestra de suelo efectuada por el Laboratorio CIATI.<\/span><\/span><\/p>\n<p lang=\"es-ES\" align=\"JUSTIFY\"><span style=\"font-family: Asap;\"><span style=\"font-size: large;\">Los t\u00e9cnicos de Ambiente participaron del muestreo efectuado en horas de la ma\u00f1ana, donde el pasado 15 de diciembre la rotura de un colector provoc\u00f3 la salida en spray de hidrocarburo y gas, afectando una limitada superficie de suelo, que clasifica al incidente como menor.<\/span><\/span><\/p>\n<p lang=\"es-ES\" align=\"JUSTIFY\"><span style=\"font-family: Asap;\"><span style=\"font-size: large;\">Adem\u00e1s del personal de la Secretar\u00eda, participaron t\u00e9cnicos del Departamento Provincial de Aguas, la Municipalidad de Allen y la empresa YSUR.<\/span><\/span><\/p>\n<p lang=\"es-ES\" align=\"JUSTIFY\"><span style=\"font-family: Asap;\"><span style=\"font-size: large;\">En el acta que labr\u00f3 la Secretar\u00eda de Ambiente se dej\u00f3 constancia de cada uno de los puntos donde se tom\u00f3 una muestra de suelo y se realiz\u00f3 un croquis.<\/span><\/span><\/p>\n<p lang=\"es-ES\" align=\"JUSTIFY\"><span style=\"font-family: Asap;\"><span style=\"font-size: large;\">Este es el segundo documento que se efect\u00faa desde la Secretar\u00eda. El anterior fue posterior al incidente y en la misma se dej\u00f3 constancia de los par\u00e1metros que deber\u00e1 medir el Laboratorio CIATI, como as\u00ed tambi\u00e9n se solicit\u00f3 la clausura de los sectores que hoy fueron muestreados. Adem\u00e1s se corrobor\u00f3 que el colector estaba fuera de servicio y ya se hab\u00eda retirado material afectado por el spray.<\/span><\/span><\/p>\n","protected":false},"excerpt":{"rendered":"<p>La Delegaci\u00f3n Alto Valle de la Secretar\u00eda de Ambiente y Desarrollo Sustentable inspeccion\u00f3 nuevamente la zona del colector 5B de [&hellip;]<\/p>\n","protected":false},"author":2,"featured_media":16152,"comment_status":"closed","ping_status":"closed","sticky":false,"template":"","format":"standard","meta":{"site-sidebar-layout":"default","site-content-layout":"","ast-site-content-layout":"default","site-content-style":"default","site-sidebar-style":"default","ast-global-header-display":"","ast-banner-title-visibility":"","ast-main-header-display":"","ast-hfb-above-header-display":"","ast-hfb-below-header-display":"","ast-hfb-mobile-header-display":"","site-post-title":"","ast-breadcrumbs-content":"","ast-featured-img":"","footer-sml-layout":"","ast-disable-related-posts":"","theme-transparent-header-meta":"","adv-header-id-meta":"","stick-header-meta":"","header-above-stick-meta":"","header-main-stick-meta":"","header-below-stick-meta":"","astra-migrate-meta-layouts":"default","ast-page-background-enabled":"default","ast-page-background-meta":{"desktop":{"background-color":"var(--ast-global-color-5)","background-image":"","background-repeat":"repeat","background-position":"center center","background-size":"auto","background-attachment":"scroll","background-type":"","background-media":"","overlay-type":"","overlay-color":"","overlay-opacity":"","overlay-gradient":""},"tablet":{"background-color":"","background-image":"","background-repeat":"repeat","background-position":"center center","background-size":"auto","background-attachment":"scroll","background-type":"","background-media":"","overlay-type":"","overlay-color":"","overlay-opacity":"","overlay-gradient":""},"mobile":{"background-color":"","background-image":"","background-repeat":"repeat","background-position":"center center","background-size":"auto","background-attachment":"scroll","background-type":"","background-media":"","overlay-type":"","overlay-color":"","overlay-opacity":"","overlay-gradient":""}},"ast-content-background-meta":{"desktop":{"background-color":"var(--ast-global-color-4)","background-image":"","background-repeat":"repeat","background-position":"center center","background-size":"auto","background-attachment":"scroll","background-type":"","background-media":"","overlay-type":"","overlay-color":"","overlay-opacity":"","overlay-gradient":""},"tablet":{"background-color":"var(--ast-global-color-4)","background-image":"","background-repeat":"repeat","background-position":"center center","background-size":"auto","background-attachment":"scroll","background-type":"","background-media":"","overlay-type":"","overlay-color":"","overlay-opacity":"","overlay-gradient":""},"mobile":{"background-color":"var(--ast-global-color-4)","background-image":"","background-repeat":"repeat","background-position":"center center","background-size":"auto","background-attachment":"scroll","background-type":"","background-media":"","overlay-type":"","overlay-color":"","overlay-opacity":"","overlay-gradient":""}},"footnotes":""},"categories":[1],"tags":[],"class_list":["post-16151","post","type-post","status-publish","format-standard","has-post-thumbnail","hentry","category-noticias"],"yoast_head":"<!-- This site is optimized with the Yoast SEO Premium plugin v23.0 (Yoast SEO v27.5) - https:\/\/yoast.com\/product\/yoast-seo-premium-wordpress\/ -->\n<title>Secretar\u00eda de Ambiente particip\u00f3 en muestreo por incidente en Allen<\/title>\n<meta name=\"robots\" content=\"index, follow, max-snippet:-1, max-image-preview:large, max-video-preview:-1\" \/>\n<link rel=\"canonical\" href=\"https:\/\/patagoniambiental.com.ar\/info\/secretaria-de-ambiente-participo-en-muestreo-por-incidente-en-allen\/\" \/>\n<meta property=\"og:locale\" content=\"es_ES\" \/>\n<meta property=\"og:type\" content=\"article\" \/>\n<meta property=\"og:title\" content=\"Secretar\u00eda de Ambiente particip\u00f3 en muestreo por incidente en Allen\" \/>\n<meta property=\"og:description\" content=\"La Delegaci\u00f3n Alto Valle de la Secretar\u00eda de Ambiente y Desarrollo Sustentable inspeccion\u00f3 nuevamente la zona del colector 5B de [&hellip;]\" \/>\n<meta property=\"og:url\" content=\"https:\/\/patagoniambiental.com.ar\/info\/secretaria-de-ambiente-participo-en-muestreo-por-incidente-en-allen\/\" \/>\n<meta property=\"og:site_name\" content=\"Patagonia Ambiental\" \/>\n<meta property=\"article:publisher\" content=\"https:\/\/www.facebook.com\/patagonia.ambiental\" \/>\n<meta property=\"article:author\" content=\"https:\/\/www.facebook.com\/share\/1C1V8Gv9BX\/?mibextid=qi2Omg\" \/>\n<meta property=\"article:published_time\" content=\"2015-12-21T12:00:29+00:00\" \/>\n<meta name=\"author\" content=\"Patagonia Ambiental\" \/>\n<meta name=\"twitter:card\" content=\"summary_large_image\" \/>\n<meta name=\"twitter:creator\" content=\"@PatAmb\" \/>\n<meta name=\"twitter:site\" content=\"@PatAmb\" \/>\n<script type=\"application\/ld+json\" class=\"yoast-schema-graph\">{\"@context\":\"https:\\\/\\\/schema.org\",\"@graph\":[{\"@type\":\"Article\",\"@id\":\"https:\\\/\\\/patagoniambiental.com.ar\\\/info\\\/secretaria-de-ambiente-participo-en-muestreo-por-incidente-en-allen\\\/#article\",\"isPartOf\":{\"@id\":\"https:\\\/\\\/patagoniambiental.com.ar\\\/info\\\/secretaria-de-ambiente-participo-en-muestreo-por-incidente-en-allen\\\/\"},\"author\":{\"name\":\"Patagonia Ambiental\",\"@id\":\"https:\\\/\\\/patagoniambiental.com.ar\\\/info\\\/#\\\/schema\\\/person\\\/db12bff64bbcbf6a253710bf0ea37b5d\"},\"headline\":\"Secretar\u00eda de Ambiente particip\u00f3 en muestreo por incidente en Allen\",\"datePublished\":\"2015-12-21T12:00:29+00:00\",\"mainEntityOfPage\":{\"@id\":\"https:\\\/\\\/patagoniambiental.com.ar\\\/info\\\/secretaria-de-ambiente-participo-en-muestreo-por-incidente-en-allen\\\/\"},\"wordCount\":234,\"publisher\":{\"@id\":\"https:\\\/\\\/patagoniambiental.com.ar\\\/info\\\/#organization\"},\"image\":{\"@id\":\"https:\\\/\\\/patagoniambiental.com.ar\\\/info\\\/secretaria-de-ambiente-participo-en-muestreo-por-incidente-en-allen\\\/#primaryimage\"},\"thumbnailUrl\":\"\",\"articleSection\":[\"Noticias\"],\"inLanguage\":\"es\"},{\"@type\":\"WebPage\",\"@id\":\"https:\\\/\\\/patagoniambiental.com.ar\\\/info\\\/secretaria-de-ambiente-participo-en-muestreo-por-incidente-en-allen\\\/\",\"url\":\"https:\\\/\\\/patagoniambiental.com.ar\\\/info\\\/secretaria-de-ambiente-participo-en-muestreo-por-incidente-en-allen\\\/\",\"name\":\"Secretar\u00eda de Ambiente particip\u00f3 en muestreo por incidente en Allen\",\"isPartOf\":{\"@id\":\"https:\\\/\\\/patagoniambiental.com.ar\\\/info\\\/#website\"},\"primaryImageOfPage\":{\"@id\":\"https:\\\/\\\/patagoniambiental.com.ar\\\/info\\\/secretaria-de-ambiente-participo-en-muestreo-por-incidente-en-allen\\\/#primaryimage\"},\"image\":{\"@id\":\"https:\\\/\\\/patagoniambiental.com.ar\\\/info\\\/secretaria-de-ambiente-participo-en-muestreo-por-incidente-en-allen\\\/#primaryimage\"},\"thumbnailUrl\":\"\",\"datePublished\":\"2015-12-21T12:00:29+00:00\",\"breadcrumb\":{\"@id\":\"https:\\\/\\\/patagoniambiental.com.ar\\\/info\\\/secretaria-de-ambiente-participo-en-muestreo-por-incidente-en-allen\\\/#breadcrumb\"},\"inLanguage\":\"es\",\"potentialAction\":[{\"@type\":\"ReadAction\",\"target\":[\"https:\\\/\\\/patagoniambiental.com.ar\\\/info\\\/secretaria-de-ambiente-participo-en-muestreo-por-incidente-en-allen\\\/\"]}]},{\"@type\":\"ImageObject\",\"inLanguage\":\"es\",\"@id\":\"https:\\\/\\\/patagoniambiental.com.ar\\\/info\\\/secretaria-de-ambiente-participo-en-muestreo-por-incidente-en-allen\\\/#primaryimage\",\"url\":\"\",\"contentUrl\":\"\"},{\"@type\":\"BreadcrumbList\",\"@id\":\"https:\\\/\\\/patagoniambiental.com.ar\\\/info\\\/secretaria-de-ambiente-participo-en-muestreo-por-incidente-en-allen\\\/#breadcrumb\",\"itemListElement\":[{\"@type\":\"ListItem\",\"position\":1,\"name\":\"Inicio\",\"item\":\"https:\\\/\\\/patagoniambiental.com.ar\\\/info\\\/\"},{\"@type\":\"ListItem\",\"position\":2,\"name\":\"Secretar\u00eda de Ambiente particip\u00f3 en muestreo por incidente en Allen\"}]},{\"@type\":\"WebSite\",\"@id\":\"https:\\\/\\\/patagoniambiental.com.ar\\\/info\\\/#website\",\"url\":\"https:\\\/\\\/patagoniambiental.com.ar\\\/info\\\/\",\"name\":\"Patagonia Ambiental\",\"description\":\"Monitoreo y an\u00e1lisis de la situaci\u00f3n geopol\u00edtica en el mundo y su implicancia en la Patagonia\",\"publisher\":{\"@id\":\"https:\\\/\\\/patagoniambiental.com.ar\\\/info\\\/#organization\"},\"potentialAction\":[{\"@type\":\"SearchAction\",\"target\":{\"@type\":\"EntryPoint\",\"urlTemplate\":\"https:\\\/\\\/patagoniambiental.com.ar\\\/info\\\/?s={search_term_string}\"},\"query-input\":{\"@type\":\"PropertyValueSpecification\",\"valueRequired\":true,\"valueName\":\"search_term_string\"}}],\"inLanguage\":\"es\"},{\"@type\":\"Organization\",\"@id\":\"https:\\\/\\\/patagoniambiental.com.ar\\\/info\\\/#organization\",\"name\":\"Patagonia Ambiental\",\"url\":\"https:\\\/\\\/patagoniambiental.com.ar\\\/info\\\/\",\"logo\":{\"@type\":\"ImageObject\",\"inLanguage\":\"es\",\"@id\":\"https:\\\/\\\/patagoniambiental.com.ar\\\/info\\\/#\\\/schema\\\/logo\\\/image\\\/\",\"url\":\"https:\\\/\\\/patagoniambiental.com.ar\\\/info\\\/wp-content\\\/uploads\\\/2025\\\/05\\\/LOGO-PATAGONIA-AMBIENTAL.png\",\"contentUrl\":\"https:\\\/\\\/patagoniambiental.com.ar\\\/info\\\/wp-content\\\/uploads\\\/2025\\\/05\\\/LOGO-PATAGONIA-AMBIENTAL.png\",\"width\":433,\"height\":250,\"caption\":\"Patagonia Ambiental\"},\"image\":{\"@id\":\"https:\\\/\\\/patagoniambiental.com.ar\\\/info\\\/#\\\/schema\\\/logo\\\/image\\\/\"},\"sameAs\":[\"https:\\\/\\\/www.facebook.com\\\/patagonia.ambiental\",\"https:\\\/\\\/x.com\\\/PatAmb\"]},{\"@type\":\"Person\",\"@id\":\"https:\\\/\\\/patagoniambiental.com.ar\\\/info\\\/#\\\/schema\\\/person\\\/db12bff64bbcbf6a253710bf0ea37b5d\",\"name\":\"Patagonia Ambiental\",\"description\":\"Andr\u00e9s Nievas T\u00e9cnico en manejo ambiental, consultor Ambiental y escritor para medios locales e internacionales sobre temas de geopolitica y medio ambiente.\",\"sameAs\":[\"http:\\\/\\\/www.patagoniambiental.com.ar\",\"https:\\\/\\\/www.facebook.com\\\/share\\\/1C1V8Gv9BX\\\/?mibextid=qi2Omg\",\"@patagoniambiental\",\"https:\\\/\\\/youtube.com\\\/@patagoniaambiental2023?si=BLt58t0wuXquxlYZ\"]}]}<\/script>\n<!-- \/ Yoast SEO Premium plugin. -->","yoast_head_json":{"title":"Secretar\u00eda de Ambiente particip\u00f3 en muestreo por incidente en Allen","robots":{"index":"index","follow":"follow","max-snippet":"max-snippet:-1","max-image-preview":"max-image-preview:large","max-video-preview":"max-video-preview:-1"},"canonical":"https:\/\/patagoniambiental.com.ar\/info\/secretaria-de-ambiente-participo-en-muestreo-por-incidente-en-allen\/","og_locale":"es_ES","og_type":"article","og_title":"Secretar\u00eda de Ambiente particip\u00f3 en muestreo por incidente en Allen","og_description":"La Delegaci\u00f3n Alto Valle de la Secretar\u00eda de Ambiente y Desarrollo Sustentable inspeccion\u00f3 nuevamente la zona del colector 5B de [&hellip;]","og_url":"https:\/\/patagoniambiental.com.ar\/info\/secretaria-de-ambiente-participo-en-muestreo-por-incidente-en-allen\/","og_site_name":"Patagonia Ambiental","article_publisher":"https:\/\/www.facebook.com\/patagonia.ambiental","article_author":"https:\/\/www.facebook.com\/share\/1C1V8Gv9BX\/?mibextid=qi2Omg","article_published_time":"2015-12-21T12:00:29+00:00","author":"Patagonia Ambiental","twitter_card":"summary_large_image","twitter_creator":"@PatAmb","twitter_site":"@PatAmb","schema":{"@context":"https:\/\/schema.org","@graph":[{"@type":"Article","@id":"https:\/\/patagoniambiental.com.ar\/info\/secretaria-de-ambiente-participo-en-muestreo-por-incidente-en-allen\/#article","isPartOf":{"@id":"https:\/\/patagoniambiental.com.ar\/info\/secretaria-de-ambiente-participo-en-muestreo-por-incidente-en-allen\/"},"author":{"name":"Patagonia Ambiental","@id":"https:\/\/patagoniambiental.com.ar\/info\/#\/schema\/person\/db12bff64bbcbf6a253710bf0ea37b5d"},"headline":"Secretar\u00eda de Ambiente particip\u00f3 en muestreo por incidente en Allen","datePublished":"2015-12-21T12:00:29+00:00","mainEntityOfPage":{"@id":"https:\/\/patagoniambiental.com.ar\/info\/secretaria-de-ambiente-participo-en-muestreo-por-incidente-en-allen\/"},"wordCount":234,"publisher":{"@id":"https:\/\/patagoniambiental.com.ar\/info\/#organization"},"image":{"@id":"https:\/\/patagoniambiental.com.ar\/info\/secretaria-de-ambiente-participo-en-muestreo-por-incidente-en-allen\/#primaryimage"},"thumbnailUrl":"","articleSection":["Noticias"],"inLanguage":"es"},{"@type":"WebPage","@id":"https:\/\/patagoniambiental.com.ar\/info\/secretaria-de-ambiente-participo-en-muestreo-por-incidente-en-allen\/","url":"https:\/\/patagoniambiental.com.ar\/info\/secretaria-de-ambiente-participo-en-muestreo-por-incidente-en-allen\/","name":"Secretar\u00eda de Ambiente particip\u00f3 en muestreo por incidente en Allen","isPartOf":{"@id":"https:\/\/patagoniambiental.com.ar\/info\/#website"},"primaryImageOfPage":{"@id":"https:\/\/patagoniambiental.com.ar\/info\/secretaria-de-ambiente-participo-en-muestreo-por-incidente-en-allen\/#primaryimage"},"image":{"@id":"https:\/\/patagoniambiental.com.ar\/info\/secretaria-de-ambiente-participo-en-muestreo-por-incidente-en-allen\/#primaryimage"},"thumbnailUrl":"","datePublished":"2015-12-21T12:00:29+00:00","breadcrumb":{"@id":"https:\/\/patagoniambiental.com.ar\/info\/secretaria-de-ambiente-participo-en-muestreo-por-incidente-en-allen\/#breadcrumb"},"inLanguage":"es","potentialAction":[{"@type":"ReadAction","target":["https:\/\/patagoniambiental.com.ar\/info\/secretaria-de-ambiente-participo-en-muestreo-por-incidente-en-allen\/"]}]},{"@type":"ImageObject","inLanguage":"es","@id":"https:\/\/patagoniambiental.com.ar\/info\/secretaria-de-ambiente-participo-en-muestreo-por-incidente-en-allen\/#primaryimage","url":"","contentUrl":""},{"@type":"BreadcrumbList","@id":"https:\/\/patagoniambiental.com.ar\/info\/secretaria-de-ambiente-participo-en-muestreo-por-incidente-en-allen\/#breadcrumb","itemListElement":[{"@type":"ListItem","position":1,"name":"Inicio","item":"https:\/\/patagoniambiental.com.ar\/info\/"},{"@type":"ListItem","position":2,"name":"Secretar\u00eda de Ambiente particip\u00f3 en muestreo por incidente en Allen"}]},{"@type":"WebSite","@id":"https:\/\/patagoniambiental.com.ar\/info\/#website","url":"https:\/\/patagoniambiental.com.ar\/info\/","name":"Patagonia Ambiental","description":"Monitoreo y an\u00e1lisis de la situaci\u00f3n geopol\u00edtica en el mundo y su implicancia en la Patagonia","publisher":{"@id":"https:\/\/patagoniambiental.com.ar\/info\/#organization"},"potentialAction":[{"@type":"SearchAction","target":{"@type":"EntryPoint","urlTemplate":"https:\/\/patagoniambiental.com.ar\/info\/?s={search_term_string}"},"query-input":{"@type":"PropertyValueSpecification","valueRequired":true,"valueName":"search_term_string"}}],"inLanguage":"es"},{"@type":"Organization","@id":"https:\/\/patagoniambiental.com.ar\/info\/#organization","name":"Patagonia Ambiental","url":"https:\/\/patagoniambiental.com.ar\/info\/","logo":{"@type":"ImageObject","inLanguage":"es","@id":"https:\/\/patagoniambiental.com.ar\/info\/#\/schema\/logo\/image\/","url":"https:\/\/patagoniambiental.com.ar\/info\/wp-content\/uploads\/2025\/05\/LOGO-PATAGONIA-AMBIENTAL.png","contentUrl":"https:\/\/patagoniambiental.com.ar\/info\/wp-content\/uploads\/2025\/05\/LOGO-PATAGONIA-AMBIENTAL.png","width":433,"height":250,"caption":"Patagonia Ambiental"},"image":{"@id":"https:\/\/patagoniambiental.com.ar\/info\/#\/schema\/logo\/image\/"},"sameAs":["https:\/\/www.facebook.com\/patagonia.ambiental","https:\/\/x.com\/PatAmb"]},{"@type":"Person","@id":"https:\/\/patagoniambiental.com.ar\/info\/#\/schema\/person\/db12bff64bbcbf6a253710bf0ea37b5d","name":"Patagonia Ambiental","description":"Andr\u00e9s Nievas T\u00e9cnico en manejo ambiental, consultor Ambiental y escritor para medios locales e internacionales sobre temas de geopolitica y medio ambiente.","sameAs":["http:\/\/www.patagoniambiental.com.ar","https:\/\/www.facebook.com\/share\/1C1V8Gv9BX\/?mibextid=qi2Omg","@patagoniambiental","https:\/\/youtube.com\/@patagoniaambiental2023?si=BLt58t0wuXquxlYZ"]}]}},"_links":{"self":[{"href":"https:\/\/patagoniambiental.com.ar\/info\/wp-json\/wp\/v2\/posts\/16151","targetHints":{"allow":["GET"]}}],"collection":[{"href":"https:\/\/patagoniambiental.com.ar\/info\/wp-json\/wp\/v2\/posts"}],"about":[{"href":"https:\/\/patagoniambiental.com.ar\/info\/wp-json\/wp\/v2\/types\/post"}],"author":[{"embeddable":true,"href":"https:\/\/patagoniambiental.com.ar\/info\/wp-json\/wp\/v2\/users\/2"}],"replies":[{"embeddable":true,"href":"https:\/\/patagoniambiental.com.ar\/info\/wp-json\/wp\/v2\/comments?post=16151"}],"version-history":[{"count":0,"href":"https:\/\/patagoniambiental.com.ar\/info\/wp-json\/wp\/v2\/posts\/16151\/revisions"}],"wp:featuredmedia":[{"embeddable":true,"href":"https:\/\/patagoniambiental.com.ar\/info\/wp-json\/"}],"wp:attachment":[{"href":"https:\/\/patagoniambiental.com.ar\/info\/wp-json\/wp\/v2\/media?parent=16151"}],"wp:term":[{"taxonomy":"category","embeddable":true,"href":"https:\/\/patagoniambiental.com.ar\/info\/wp-json\/wp\/v2\/categories?post=16151"},{"taxonomy":"post_tag","embeddable":true,"href":"https:\/\/patagoniambiental.com.ar\/info\/wp-json\/wp\/v2\/tags?post=16151"}],"curies":[{"name":"wp","href":"https:\/\/api.w.org\/{rel}","templated":true}]}}