{"id":16157,"date":"2015-12-21T09:00:02","date_gmt":"2015-12-21T12:00:02","guid":{"rendered":"http:\/\/patagoniambiental.com.ar\/?p=16157"},"modified":"2015-12-21T09:00:02","modified_gmt":"2015-12-21T12:00:02","slug":"caleta-olivia-queremos-que-los-vecinos-sean-agentes-multiplicadores-y-guardianes-de-la-limpieza","status":"publish","type":"post","link":"https:\/\/patagoniambiental.com.ar\/info\/caleta-olivia-queremos-que-los-vecinos-sean-agentes-multiplicadores-y-guardianes-de-la-limpieza\/","title":{"rendered":"Caleta Olivia: \u201cQueremos que los vecinos sean agentes multiplicadores y guardianes de la limpieza\u201d"},"content":{"rendered":"<div id=\"js_1c\" class=\"_5pbx userContent\" data-ft=\"{&quot;tn&quot;:&quot;K&quot;}\">\n<div id=\"id_5677dc0c653808604690653\" class=\"text_exposed_root text_exposed\">\n<p>El plan \u201cLimpiemos Caleta\u201d prosigue durante este fin de semana en la zona de los barrios Rotary 23 y Bicentenario; el mensaje del responsable de la Secretaria de Servicios de la Comuna Cristian Baz\u00e1n es pedir a los vecinos que sean responsables y guardianes de la limpieza.<\/p>\n<p>Un importante grupo de empleados Municipales decidieron apoyar este proyecto del Intendente Facundo Prades siendo part\u00edci<span class=\"text_exposed_show\">pes activos, pese al fin de semana; es por eso, que con los elementos necesarios, en su gran mayor\u00eda cedidos por empresas privadas, se llev\u00f3 adelante otra jornada del plan Limpiemos Caleta que pretende mejorar la imagen de la ciudad en un periodo de 180 d\u00edas.<\/span><\/p>\n<div class=\"text_exposed_show\">\n<p>AL RESPECTO EL SECRETARIO DE SERVICIOS SE\u00d1AL\u00d3: \u201cESTUVIMOS ATACANDO TAMBI\u00c9N LOS BASURALES CLANDESTINOS QUE TEN\u00cdAMOS DETR\u00c1S DEL CEMENTERIO QUE NOS LLEV\u00d3 BASTANTE TIEMPO\u201d, Y AGREG\u00d3: \u201cQUIERO AGRADECER A LOS CHICOS DE ESPACIOS VERDES, BARRIDO Y LIMPIEZA Y DE FORESTACI\u00d3N QUE SE HAN BRINDADO MAS ALL\u00c1 QUE TRABAJAN DE LUNES A VIERNES Y HAN PUESTO LA PREDISPOSICI\u00d3N PARA TRABAJAR EL FIN DE SEMANA\u201d.<\/p>\n<p>En tan solo un d\u00eda de trabajo y por los dichos del funcionario Municipal, se han utilizado 700 bolsas de residuos, \u201ccontenedores de las distintas empresas que colaboran, pero le pedimos a los vecinos que ayuden no arrojando basura, y despu\u00e9s ser\u00e1 tarea de los inspectores de medio ambiente y de servicios p\u00fablicos controlar, y en el momento que encuentren alguna persona arrojando basura se lo multar\u00e1\u201d.<\/p>\n<p>Asimismo dijo que es un gran esfuerzo el que hace el Municipio y tambi\u00e9n los empresarios, \u201centonces tenemos que hacernos agentes multiplicadores y dejar a esta Caleta bien limpia como la queremos y as\u00ed poder abocarnos a la parquizaci\u00f3n, al verde\u201d.<\/p>\n<\/div>\n<\/div>\n<div class=\"\"><\/div>\n<\/div>\n<div class=\"_3x-2\"><\/div>\n","protected":false},"excerpt":{"rendered":"<p>El plan \u201cLimpiemos Caleta\u201d prosigue durante este fin de semana en la zona de los barrios Rotary 23 y Bicentenario; [&hellip;]<\/p>\n","protected":false},"author":2,"featured_media":16158,"comment_status":"closed","ping_status":"closed","sticky":false,"template":"","format":"standard","meta":{"site-sidebar-layout":"default","site-content-layout":"","ast-site-content-layout":"default","site-content-style":"default","site-sidebar-style":"default","ast-global-header-display":"","ast-banner-title-visibility":"","ast-main-header-display":"","ast-hfb-above-header-display":"","ast-hfb-below-header-display":"","ast-hfb-mobile-header-display":"","site-post-title":"","ast-breadcrumbs-content":"","ast-featured-img":"","footer-sml-layout":"","ast-disable-related-posts":"","theme-transparent-header-meta":"","adv-header-id-meta":"","stick-header-meta":"","header-above-stick-meta":"","header-main-stick-meta":"","header-below-stick-meta":"","astra-migrate-meta-layouts":"default","ast-page-background-enabled":"default","ast-page-background-meta":{"desktop":{"background-color":"var(--ast-global-color-5)","background-image":"","background-repeat":"repeat","background-position":"center center","background-size":"auto","background-attachment":"scroll","background-type":"","background-media":"","overlay-type":"","overlay-color":"","overlay-opacity":"","overlay-gradient":""},"tablet":{"background-color":"","background-image":"","background-repeat":"repeat","background-position":"center center","background-size":"auto","background-attachment":"scroll","background-type":"","background-media":"","overlay-type":"","overlay-color":"","overlay-opacity":"","overlay-gradient":""},"mobile":{"background-color":"","background-image":"","background-repeat":"repeat","background-position":"center center","background-size":"auto","background-attachment":"scroll","background-type":"","background-media":"","overlay-type":"","overlay-color":"","overlay-opacity":"","overlay-gradient":""}},"ast-content-background-meta":{"desktop":{"background-color":"var(--ast-global-color-4)","background-image":"","background-repeat":"repeat","background-position":"center center","background-size":"auto","background-attachment":"scroll","background-type":"","background-media":"","overlay-type":"","overlay-color":"","overlay-opacity":"","overlay-gradient":""},"tablet":{"background-color":"var(--ast-global-color-4)","background-image":"","background-repeat":"repeat","background-position":"center center","background-size":"auto","background-attachment":"scroll","background-type":"","background-media":"","overlay-type":"","overlay-color":"","overlay-opacity":"","overlay-gradient":""},"mobile":{"background-color":"var(--ast-global-color-4)","background-image":"","background-repeat":"repeat","background-position":"center center","background-size":"auto","background-attachment":"scroll","background-type":"","background-media":"","overlay-type":"","overlay-color":"","overlay-opacity":"","overlay-gradient":""}},"footnotes":""},"categories":[1],"tags":[],"class_list":["post-16157","post","type-post","status-publish","format-standard","has-post-thumbnail","hentry","category-noticias"],"yoast_head":"<!-- This site is optimized with the Yoast SEO Premium plugin v23.0 (Yoast SEO v27.5) - https:\/\/yoast.com\/product\/yoast-seo-premium-wordpress\/ -->\n<title>Caleta Olivia: \u201cQueremos que los vecinos sean agentes multiplicadores y guardianes de la limpieza\u201d<\/title>\n<meta name=\"robots\" content=\"index, follow, max-snippet:-1, max-image-preview:large, max-video-preview:-1\" \/>\n<link rel=\"canonical\" href=\"https:\/\/patagoniambiental.com.ar\/info\/caleta-olivia-queremos-que-los-vecinos-sean-agentes-multiplicadores-y-guardianes-de-la-limpieza\/\" \/>\n<meta property=\"og:locale\" content=\"es_ES\" \/>\n<meta property=\"og:type\" content=\"article\" \/>\n<meta property=\"og:title\" content=\"Caleta Olivia: \u201cQueremos que los vecinos sean agentes multiplicadores y guardianes de la limpieza\u201d\" \/>\n<meta property=\"og:description\" content=\"El plan \u201cLimpiemos Caleta\u201d prosigue durante este fin de semana en la zona de los barrios Rotary 23 y Bicentenario; [&hellip;]\" \/>\n<meta property=\"og:url\" content=\"https:\/\/patagoniambiental.com.ar\/info\/caleta-olivia-queremos-que-los-vecinos-sean-agentes-multiplicadores-y-guardianes-de-la-limpieza\/\" \/>\n<meta property=\"og:site_name\" content=\"Patagonia Ambiental\" \/>\n<meta property=\"article:publisher\" content=\"https:\/\/www.facebook.com\/patagonia.ambiental\" \/>\n<meta property=\"article:author\" content=\"https:\/\/www.facebook.com\/share\/1C1V8Gv9BX\/?mibextid=qi2Omg\" \/>\n<meta property=\"article:published_time\" content=\"2015-12-21T12:00:02+00:00\" \/>\n<meta name=\"author\" content=\"Patagonia Ambiental\" \/>\n<meta name=\"twitter:card\" content=\"summary_large_image\" \/>\n<meta name=\"twitter:creator\" content=\"@PatAmb\" \/>\n<meta name=\"twitter:site\" content=\"@PatAmb\" \/>\n<script type=\"application\/ld+json\" class=\"yoast-schema-graph\">{\"@context\":\"https:\\\/\\\/schema.org\",\"@graph\":[{\"@type\":\"Article\",\"@id\":\"https:\\\/\\\/patagoniambiental.com.ar\\\/info\\\/caleta-olivia-queremos-que-los-vecinos-sean-agentes-multiplicadores-y-guardianes-de-la-limpieza\\\/#article\",\"isPartOf\":{\"@id\":\"https:\\\/\\\/patagoniambiental.com.ar\\\/info\\\/caleta-olivia-queremos-que-los-vecinos-sean-agentes-multiplicadores-y-guardianes-de-la-limpieza\\\/\"},\"author\":{\"name\":\"Patagonia Ambiental\",\"@id\":\"https:\\\/\\\/patagoniambiental.com.ar\\\/info\\\/#\\\/schema\\\/person\\\/db12bff64bbcbf6a253710bf0ea37b5d\"},\"headline\":\"Caleta Olivia: \u201cQueremos que los vecinos sean agentes multiplicadores y guardianes de la limpieza\u201d\",\"datePublished\":\"2015-12-21T12:00:02+00:00\",\"mainEntityOfPage\":{\"@id\":\"https:\\\/\\\/patagoniambiental.com.ar\\\/info\\\/caleta-olivia-queremos-que-los-vecinos-sean-agentes-multiplicadores-y-guardianes-de-la-limpieza\\\/\"},\"wordCount\":304,\"publisher\":{\"@id\":\"https:\\\/\\\/patagoniambiental.com.ar\\\/info\\\/#organization\"},\"image\":{\"@id\":\"https:\\\/\\\/patagoniambiental.com.ar\\\/info\\\/caleta-olivia-queremos-que-los-vecinos-sean-agentes-multiplicadores-y-guardianes-de-la-limpieza\\\/#primaryimage\"},\"thumbnailUrl\":\"\",\"articleSection\":[\"Noticias\"],\"inLanguage\":\"es\"},{\"@type\":\"WebPage\",\"@id\":\"https:\\\/\\\/patagoniambiental.com.ar\\\/info\\\/caleta-olivia-queremos-que-los-vecinos-sean-agentes-multiplicadores-y-guardianes-de-la-limpieza\\\/\",\"url\":\"https:\\\/\\\/patagoniambiental.com.ar\\\/info\\\/caleta-olivia-queremos-que-los-vecinos-sean-agentes-multiplicadores-y-guardianes-de-la-limpieza\\\/\",\"name\":\"Caleta Olivia: \u201cQueremos que los vecinos sean agentes multiplicadores y guardianes de la limpieza\u201d\",\"isPartOf\":{\"@id\":\"https:\\\/\\\/patagoniambiental.com.ar\\\/info\\\/#website\"},\"primaryImageOfPage\":{\"@id\":\"https:\\\/\\\/patagoniambiental.com.ar\\\/info\\\/caleta-olivia-queremos-que-los-vecinos-sean-agentes-multiplicadores-y-guardianes-de-la-limpieza\\\/#primaryimage\"},\"image\":{\"@id\":\"https:\\\/\\\/patagoniambiental.com.ar\\\/info\\\/caleta-olivia-queremos-que-los-vecinos-sean-agentes-multiplicadores-y-guardianes-de-la-limpieza\\\/#primaryimage\"},\"thumbnailUrl\":\"\",\"datePublished\":\"2015-12-21T12:00:02+00:00\",\"breadcrumb\":{\"@id\":\"https:\\\/\\\/patagoniambiental.com.ar\\\/info\\\/caleta-olivia-queremos-que-los-vecinos-sean-agentes-multiplicadores-y-guardianes-de-la-limpieza\\\/#breadcrumb\"},\"inLanguage\":\"es\",\"potentialAction\":[{\"@type\":\"ReadAction\",\"target\":[\"https:\\\/\\\/patagoniambiental.com.ar\\\/info\\\/caleta-olivia-queremos-que-los-vecinos-sean-agentes-multiplicadores-y-guardianes-de-la-limpieza\\\/\"]}]},{\"@type\":\"ImageObject\",\"inLanguage\":\"es\",\"@id\":\"https:\\\/\\\/patagoniambiental.com.ar\\\/info\\\/caleta-olivia-queremos-que-los-vecinos-sean-agentes-multiplicadores-y-guardianes-de-la-limpieza\\\/#primaryimage\",\"url\":\"\",\"contentUrl\":\"\"},{\"@type\":\"BreadcrumbList\",\"@id\":\"https:\\\/\\\/patagoniambiental.com.ar\\\/info\\\/caleta-olivia-queremos-que-los-vecinos-sean-agentes-multiplicadores-y-guardianes-de-la-limpieza\\\/#breadcrumb\",\"itemListElement\":[{\"@type\":\"ListItem\",\"position\":1,\"name\":\"Inicio\",\"item\":\"https:\\\/\\\/patagoniambiental.com.ar\\\/info\\\/\"},{\"@type\":\"ListItem\",\"position\":2,\"name\":\"Caleta Olivia: \u201cQueremos que los vecinos sean agentes multiplicadores y guardianes de la limpieza\u201d\"}]},{\"@type\":\"WebSite\",\"@id\":\"https:\\\/\\\/patagoniambiental.com.ar\\\/info\\\/#website\",\"url\":\"https:\\\/\\\/patagoniambiental.com.ar\\\/info\\\/\",\"name\":\"Patagonia Ambiental\",\"description\":\"Monitoreo y an\u00e1lisis de la situaci\u00f3n geopol\u00edtica en el mundo y su implicancia en la Patagonia\",\"publisher\":{\"@id\":\"https:\\\/\\\/patagoniambiental.com.ar\\\/info\\\/#organization\"},\"potentialAction\":[{\"@type\":\"SearchAction\",\"target\":{\"@type\":\"EntryPoint\",\"urlTemplate\":\"https:\\\/\\\/patagoniambiental.com.ar\\\/info\\\/?s={search_term_string}\"},\"query-input\":{\"@type\":\"PropertyValueSpecification\",\"valueRequired\":true,\"valueName\":\"search_term_string\"}}],\"inLanguage\":\"es\"},{\"@type\":\"Organization\",\"@id\":\"https:\\\/\\\/patagoniambiental.com.ar\\\/info\\\/#organization\",\"name\":\"Patagonia Ambiental\",\"url\":\"https:\\\/\\\/patagoniambiental.com.ar\\\/info\\\/\",\"logo\":{\"@type\":\"ImageObject\",\"inLanguage\":\"es\",\"@id\":\"https:\\\/\\\/patagoniambiental.com.ar\\\/info\\\/#\\\/schema\\\/logo\\\/image\\\/\",\"url\":\"https:\\\/\\\/patagoniambiental.com.ar\\\/info\\\/wp-content\\\/uploads\\\/2025\\\/05\\\/LOGO-PATAGONIA-AMBIENTAL.png\",\"contentUrl\":\"https:\\\/\\\/patagoniambiental.com.ar\\\/info\\\/wp-content\\\/uploads\\\/2025\\\/05\\\/LOGO-PATAGONIA-AMBIENTAL.png\",\"width\":433,\"height\":250,\"caption\":\"Patagonia Ambiental\"},\"image\":{\"@id\":\"https:\\\/\\\/patagoniambiental.com.ar\\\/info\\\/#\\\/schema\\\/logo\\\/image\\\/\"},\"sameAs\":[\"https:\\\/\\\/www.facebook.com\\\/patagonia.ambiental\",\"https:\\\/\\\/x.com\\\/PatAmb\"]},{\"@type\":\"Person\",\"@id\":\"https:\\\/\\\/patagoniambiental.com.ar\\\/info\\\/#\\\/schema\\\/person\\\/db12bff64bbcbf6a253710bf0ea37b5d\",\"name\":\"Patagonia Ambiental\",\"description\":\"Andr\u00e9s Nievas T\u00e9cnico en manejo ambiental, consultor Ambiental y escritor para medios locales e internacionales sobre temas de geopolitica y medio ambiente.\",\"sameAs\":[\"http:\\\/\\\/www.patagoniambiental.com.ar\",\"https:\\\/\\\/www.facebook.com\\\/share\\\/1C1V8Gv9BX\\\/?mibextid=qi2Omg\",\"@patagoniambiental\",\"https:\\\/\\\/youtube.com\\\/@patagoniaambiental2023?si=BLt58t0wuXquxlYZ\"]}]}<\/script>\n<!-- \/ Yoast SEO Premium plugin. -->","yoast_head_json":{"title":"Caleta Olivia: \u201cQueremos que los vecinos sean agentes multiplicadores y guardianes de la limpieza\u201d","robots":{"index":"index","follow":"follow","max-snippet":"max-snippet:-1","max-image-preview":"max-image-preview:large","max-video-preview":"max-video-preview:-1"},"canonical":"https:\/\/patagoniambiental.com.ar\/info\/caleta-olivia-queremos-que-los-vecinos-sean-agentes-multiplicadores-y-guardianes-de-la-limpieza\/","og_locale":"es_ES","og_type":"article","og_title":"Caleta Olivia: \u201cQueremos que los vecinos sean agentes multiplicadores y guardianes de la limpieza\u201d","og_description":"El plan \u201cLimpiemos Caleta\u201d prosigue durante este fin de semana en la zona de los barrios Rotary 23 y Bicentenario; [&hellip;]","og_url":"https:\/\/patagoniambiental.com.ar\/info\/caleta-olivia-queremos-que-los-vecinos-sean-agentes-multiplicadores-y-guardianes-de-la-limpieza\/","og_site_name":"Patagonia Ambiental","article_publisher":"https:\/\/www.facebook.com\/patagonia.ambiental","article_author":"https:\/\/www.facebook.com\/share\/1C1V8Gv9BX\/?mibextid=qi2Omg","article_published_time":"2015-12-21T12:00:02+00:00","author":"Patagonia Ambiental","twitter_card":"summary_large_image","twitter_creator":"@PatAmb","twitter_site":"@PatAmb","schema":{"@context":"https:\/\/schema.org","@graph":[{"@type":"Article","@id":"https:\/\/patagoniambiental.com.ar\/info\/caleta-olivia-queremos-que-los-vecinos-sean-agentes-multiplicadores-y-guardianes-de-la-limpieza\/#article","isPartOf":{"@id":"https:\/\/patagoniambiental.com.ar\/info\/caleta-olivia-queremos-que-los-vecinos-sean-agentes-multiplicadores-y-guardianes-de-la-limpieza\/"},"author":{"name":"Patagonia Ambiental","@id":"https:\/\/patagoniambiental.com.ar\/info\/#\/schema\/person\/db12bff64bbcbf6a253710bf0ea37b5d"},"headline":"Caleta Olivia: \u201cQueremos que los vecinos sean agentes multiplicadores y guardianes de la limpieza\u201d","datePublished":"2015-12-21T12:00:02+00:00","mainEntityOfPage":{"@id":"https:\/\/patagoniambiental.com.ar\/info\/caleta-olivia-queremos-que-los-vecinos-sean-agentes-multiplicadores-y-guardianes-de-la-limpieza\/"},"wordCount":304,"publisher":{"@id":"https:\/\/patagoniambiental.com.ar\/info\/#organization"},"image":{"@id":"https:\/\/patagoniambiental.com.ar\/info\/caleta-olivia-queremos-que-los-vecinos-sean-agentes-multiplicadores-y-guardianes-de-la-limpieza\/#primaryimage"},"thumbnailUrl":"","articleSection":["Noticias"],"inLanguage":"es"},{"@type":"WebPage","@id":"https:\/\/patagoniambiental.com.ar\/info\/caleta-olivia-queremos-que-los-vecinos-sean-agentes-multiplicadores-y-guardianes-de-la-limpieza\/","url":"https:\/\/patagoniambiental.com.ar\/info\/caleta-olivia-queremos-que-los-vecinos-sean-agentes-multiplicadores-y-guardianes-de-la-limpieza\/","name":"Caleta Olivia: \u201cQueremos que los vecinos sean agentes multiplicadores y guardianes de la limpieza\u201d","isPartOf":{"@id":"https:\/\/patagoniambiental.com.ar\/info\/#website"},"primaryImageOfPage":{"@id":"https:\/\/patagoniambiental.com.ar\/info\/caleta-olivia-queremos-que-los-vecinos-sean-agentes-multiplicadores-y-guardianes-de-la-limpieza\/#primaryimage"},"image":{"@id":"https:\/\/patagoniambiental.com.ar\/info\/caleta-olivia-queremos-que-los-vecinos-sean-agentes-multiplicadores-y-guardianes-de-la-limpieza\/#primaryimage"},"thumbnailUrl":"","datePublished":"2015-12-21T12:00:02+00:00","breadcrumb":{"@id":"https:\/\/patagoniambiental.com.ar\/info\/caleta-olivia-queremos-que-los-vecinos-sean-agentes-multiplicadores-y-guardianes-de-la-limpieza\/#breadcrumb"},"inLanguage":"es","potentialAction":[{"@type":"ReadAction","target":["https:\/\/patagoniambiental.com.ar\/info\/caleta-olivia-queremos-que-los-vecinos-sean-agentes-multiplicadores-y-guardianes-de-la-limpieza\/"]}]},{"@type":"ImageObject","inLanguage":"es","@id":"https:\/\/patagoniambiental.com.ar\/info\/caleta-olivia-queremos-que-los-vecinos-sean-agentes-multiplicadores-y-guardianes-de-la-limpieza\/#primaryimage","url":"","contentUrl":""},{"@type":"BreadcrumbList","@id":"https:\/\/patagoniambiental.com.ar\/info\/caleta-olivia-queremos-que-los-vecinos-sean-agentes-multiplicadores-y-guardianes-de-la-limpieza\/#breadcrumb","itemListElement":[{"@type":"ListItem","position":1,"name":"Inicio","item":"https:\/\/patagoniambiental.com.ar\/info\/"},{"@type":"ListItem","position":2,"name":"Caleta Olivia: \u201cQueremos que los vecinos sean agentes multiplicadores y guardianes de la limpieza\u201d"}]},{"@type":"WebSite","@id":"https:\/\/patagoniambiental.com.ar\/info\/#website","url":"https:\/\/patagoniambiental.com.ar\/info\/","name":"Patagonia Ambiental","description":"Monitoreo y an\u00e1lisis de la situaci\u00f3n geopol\u00edtica en el mundo y su implicancia en la Patagonia","publisher":{"@id":"https:\/\/patagoniambiental.com.ar\/info\/#organization"},"potentialAction":[{"@type":"SearchAction","target":{"@type":"EntryPoint","urlTemplate":"https:\/\/patagoniambiental.com.ar\/info\/?s={search_term_string}"},"query-input":{"@type":"PropertyValueSpecification","valueRequired":true,"valueName":"search_term_string"}}],"inLanguage":"es"},{"@type":"Organization","@id":"https:\/\/patagoniambiental.com.ar\/info\/#organization","name":"Patagonia Ambiental","url":"https:\/\/patagoniambiental.com.ar\/info\/","logo":{"@type":"ImageObject","inLanguage":"es","@id":"https:\/\/patagoniambiental.com.ar\/info\/#\/schema\/logo\/image\/","url":"https:\/\/patagoniambiental.com.ar\/info\/wp-content\/uploads\/2025\/05\/LOGO-PATAGONIA-AMBIENTAL.png","contentUrl":"https:\/\/patagoniambiental.com.ar\/info\/wp-content\/uploads\/2025\/05\/LOGO-PATAGONIA-AMBIENTAL.png","width":433,"height":250,"caption":"Patagonia Ambiental"},"image":{"@id":"https:\/\/patagoniambiental.com.ar\/info\/#\/schema\/logo\/image\/"},"sameAs":["https:\/\/www.facebook.com\/patagonia.ambiental","https:\/\/x.com\/PatAmb"]},{"@type":"Person","@id":"https:\/\/patagoniambiental.com.ar\/info\/#\/schema\/person\/db12bff64bbcbf6a253710bf0ea37b5d","name":"Patagonia Ambiental","description":"Andr\u00e9s Nievas T\u00e9cnico en manejo ambiental, consultor Ambiental y escritor para medios locales e internacionales sobre temas de geopolitica y medio ambiente.","sameAs":["http:\/\/www.patagoniambiental.com.ar","https:\/\/www.facebook.com\/share\/1C1V8Gv9BX\/?mibextid=qi2Omg","@patagoniambiental","https:\/\/youtube.com\/@patagoniaambiental2023?si=BLt58t0wuXquxlYZ"]}]}},"_links":{"self":[{"href":"https:\/\/patagoniambiental.com.ar\/info\/wp-json\/wp\/v2\/posts\/16157","targetHints":{"allow":["GET"]}}],"collection":[{"href":"https:\/\/patagoniambiental.com.ar\/info\/wp-json\/wp\/v2\/posts"}],"about":[{"href":"https:\/\/patagoniambiental.com.ar\/info\/wp-json\/wp\/v2\/types\/post"}],"author":[{"embeddable":true,"href":"https:\/\/patagoniambiental.com.ar\/info\/wp-json\/wp\/v2\/users\/2"}],"replies":[{"embeddable":true,"href":"https:\/\/patagoniambiental.com.ar\/info\/wp-json\/wp\/v2\/comments?post=16157"}],"version-history":[{"count":0,"href":"https:\/\/patagoniambiental.com.ar\/info\/wp-json\/wp\/v2\/posts\/16157\/revisions"}],"wp:featuredmedia":[{"embeddable":true,"href":"https:\/\/patagoniambiental.com.ar\/info\/wp-json\/"}],"wp:attachment":[{"href":"https:\/\/patagoniambiental.com.ar\/info\/wp-json\/wp\/v2\/media?parent=16157"}],"wp:term":[{"taxonomy":"category","embeddable":true,"href":"https:\/\/patagoniambiental.com.ar\/info\/wp-json\/wp\/v2\/categories?post=16157"},{"taxonomy":"post_tag","embeddable":true,"href":"https:\/\/patagoniambiental.com.ar\/info\/wp-json\/wp\/v2\/tags?post=16157"}],"curies":[{"name":"wp","href":"https:\/\/api.w.org\/{rel}","templated":true}]}}