{"id":16176,"date":"2015-12-22T09:00:31","date_gmt":"2015-12-22T12:00:31","guid":{"rendered":"http:\/\/patagoniambiental.com.ar\/?p=16176"},"modified":"2015-12-22T09:00:31","modified_gmt":"2015-12-22T12:00:31","slug":"neuquen-la-ciudad-sera-incluida-en-el-corredor-de-los-lagos-y-accedera-a-financiamiento-del-bid","status":"publish","type":"post","link":"https:\/\/patagoniambiental.com.ar\/info\/neuquen-la-ciudad-sera-incluida-en-el-corredor-de-los-lagos-y-accedera-a-financiamiento-del-bid\/","title":{"rendered":"Neuquen: la ciudad ser\u00e1 incluida en el Corredor de Los Lagos y acceder\u00e1 a financiamiento del BID"},"content":{"rendered":"<p>La ciudad de Neuqu\u00e9n ser\u00e1 incluida por el gobierno nacional en el denominado Corredor de Los Lagos, con lo cual el municipio podr\u00e1 acceder a l\u00edneas de financiamiento del Banco Interamericano de Desarrollo (BID) para el mejoramiento de espacios p\u00fablicos de inter\u00e9s tur\u00edstico como, por ejemplo, la finalizaci\u00f3n del Paseo Costero que unir\u00e1 los balnearios municipales.<\/p>\n<p>La novedad fue dada a conocer por el intendente Horacio Quiroga despu\u00e9s del encuentro que mantuvo este mediod\u00eda en Capital Federal con el Ministro de Turismo de la Naci\u00f3n, Gustavo Santos, en el marco de la ronda de reuniones que vienen manteniendo con funcionarios del gabinete nacional.<\/p>\n<p>\u201cEl ministro me inform\u00f3 que lamentablemente se encontr\u00f3 con que la Naci\u00f3n ten\u00eda sub-ejecutada la partida del BID destinada al desarrollo de zonas tur\u00edsticas\u201d, dijo Quiroga, remarcando que \u201clamentablemente durante la gesti\u00f3n del ex ministro Enrique Meyer a la ciudad de Neuqu\u00e9n nunca ser parte del Corredor de Los Lagos para acceder a esta fuente de financiamiento para la realizaci\u00f3n de obras como s\u00ed ocurri\u00f3 por ejemplo con Bariloche, San Mart\u00edn de los Andes y Jun\u00edn de los Andes\u201d.<\/p>\n<p>\u201cEvidentemente si no nos hab\u00edan notificado es porque pertenec\u00edamos a un signo pol\u00edtico diferente al gobierno nacional\u201d, se\u00f1al\u00f3 el jefe comunal, dejando en claro que \u201cafortunadamente esto no ocurre con la gesti\u00f3n del presidente Mauricio Macri, donde todos los intendentes y gobernadores son tratados por igual\u201d.<\/p>\n<p>Quiroga detall\u00f3 que a partir de la nueva decisi\u00f3n del Ministerio de Turismo, \u201cdar\u00e9 instrucciones a mis funcionarios para que se finalicen de manera inmediata los proyectos ejecutivos para finalizar el Paseo Costero a orillas del Limay que nos permitir\u00e1 unir todos los balnearios\u201d.<br \/>\n\u201cEl ministro Santos tiene un conocimiento pormenorizado de Neuqu\u00e9n y de su potencial tur\u00edstico y acept\u00f3 inmediatamente nuestro pedido\u201d, dijo el intendente.<\/p>\n<p>Por otra parte, esta tarde Quiroga tambi\u00e9n se reunir\u00e1 con el secretario de Obras P\u00fablicas del Ministerio del Interior, Daniel Chain, con quien avanzar\u00e1 en los detalles del plan de obras presentado el martes pasado ante el Ministro del Interior, Rogelio Frigerio, por un monto total de 77,9 millones de pesos que podr\u00eda ser financiado por el gobierno nacional.<\/p>\n<div class=\"sharedaddy sd-sharing-enabled\"><\/div>\n","protected":false},"excerpt":{"rendered":"<p>La ciudad de Neuqu\u00e9n ser\u00e1 incluida por el gobierno nacional en el denominado Corredor de Los Lagos, con lo cual [&hellip;]<\/p>\n","protected":false},"author":2,"featured_media":16177,"comment_status":"closed","ping_status":"closed","sticky":false,"template":"","format":"standard","meta":{"site-sidebar-layout":"default","site-content-layout":"","ast-site-content-layout":"default","site-content-style":"default","site-sidebar-style":"default","ast-global-header-display":"","ast-banner-title-visibility":"","ast-main-header-display":"","ast-hfb-above-header-display":"","ast-hfb-below-header-display":"","ast-hfb-mobile-header-display":"","site-post-title":"","ast-breadcrumbs-content":"","ast-featured-img":"","footer-sml-layout":"","ast-disable-related-posts":"","theme-transparent-header-meta":"","adv-header-id-meta":"","stick-header-meta":"","header-above-stick-meta":"","header-main-stick-meta":"","header-below-stick-meta":"","astra-migrate-meta-layouts":"default","ast-page-background-enabled":"default","ast-page-background-meta":{"desktop":{"background-color":"var(--ast-global-color-5)","background-image":"","background-repeat":"repeat","background-position":"center center","background-size":"auto","background-attachment":"scroll","background-type":"","background-media":"","overlay-type":"","overlay-color":"","overlay-opacity":"","overlay-gradient":""},"tablet":{"background-color":"","background-image":"","background-repeat":"repeat","background-position":"center center","background-size":"auto","background-attachment":"scroll","background-type":"","background-media":"","overlay-type":"","overlay-color":"","overlay-opacity":"","overlay-gradient":""},"mobile":{"background-color":"","background-image":"","background-repeat":"repeat","background-position":"center center","background-size":"auto","background-attachment":"scroll","background-type":"","background-media":"","overlay-type":"","overlay-color":"","overlay-opacity":"","overlay-gradient":""}},"ast-content-background-meta":{"desktop":{"background-color":"var(--ast-global-color-4)","background-image":"","background-repeat":"repeat","background-position":"center center","background-size":"auto","background-attachment":"scroll","background-type":"","background-media":"","overlay-type":"","overlay-color":"","overlay-opacity":"","overlay-gradient":""},"tablet":{"background-color":"var(--ast-global-color-4)","background-image":"","background-repeat":"repeat","background-position":"center center","background-size":"auto","background-attachment":"scroll","background-type":"","background-media":"","overlay-type":"","overlay-color":"","overlay-opacity":"","overlay-gradient":""},"mobile":{"background-color":"var(--ast-global-color-4)","background-image":"","background-repeat":"repeat","background-position":"center center","background-size":"auto","background-attachment":"scroll","background-type":"","background-media":"","overlay-type":"","overlay-color":"","overlay-opacity":"","overlay-gradient":""}},"footnotes":""},"categories":[1],"tags":[],"class_list":["post-16176","post","type-post","status-publish","format-standard","has-post-thumbnail","hentry","category-noticias"],"yoast_head":"<!-- This site is optimized with the Yoast SEO Premium plugin v23.0 (Yoast SEO v27.5) - https:\/\/yoast.com\/product\/yoast-seo-premium-wordpress\/ -->\n<title>Neuquen: la ciudad ser\u00e1 incluida en el Corredor de Los Lagos y acceder\u00e1 a financiamiento del BID<\/title>\n<meta name=\"robots\" content=\"index, follow, max-snippet:-1, max-image-preview:large, max-video-preview:-1\" \/>\n<link rel=\"canonical\" href=\"https:\/\/patagoniambiental.com.ar\/info\/neuquen-la-ciudad-sera-incluida-en-el-corredor-de-los-lagos-y-accedera-a-financiamiento-del-bid\/\" \/>\n<meta property=\"og:locale\" content=\"es_ES\" \/>\n<meta property=\"og:type\" content=\"article\" \/>\n<meta property=\"og:title\" content=\"Neuquen: la ciudad ser\u00e1 incluida en el Corredor de Los Lagos y acceder\u00e1 a financiamiento del BID\" \/>\n<meta property=\"og:description\" content=\"La ciudad de Neuqu\u00e9n ser\u00e1 incluida por el gobierno nacional en el denominado Corredor de Los Lagos, con lo cual [&hellip;]\" \/>\n<meta property=\"og:url\" content=\"https:\/\/patagoniambiental.com.ar\/info\/neuquen-la-ciudad-sera-incluida-en-el-corredor-de-los-lagos-y-accedera-a-financiamiento-del-bid\/\" \/>\n<meta property=\"og:site_name\" content=\"Patagonia Ambiental\" \/>\n<meta property=\"article:publisher\" content=\"https:\/\/www.facebook.com\/patagonia.ambiental\" \/>\n<meta property=\"article:author\" content=\"https:\/\/www.facebook.com\/share\/1C1V8Gv9BX\/?mibextid=qi2Omg\" \/>\n<meta property=\"article:published_time\" content=\"2015-12-22T12:00:31+00:00\" \/>\n<meta name=\"author\" content=\"Patagonia Ambiental\" \/>\n<meta name=\"twitter:card\" content=\"summary_large_image\" \/>\n<meta name=\"twitter:creator\" content=\"@PatAmb\" \/>\n<meta name=\"twitter:site\" content=\"@PatAmb\" \/>\n<script type=\"application\/ld+json\" class=\"yoast-schema-graph\">{\"@context\":\"https:\\\/\\\/schema.org\",\"@graph\":[{\"@type\":\"Article\",\"@id\":\"https:\\\/\\\/patagoniambiental.com.ar\\\/info\\\/neuquen-la-ciudad-sera-incluida-en-el-corredor-de-los-lagos-y-accedera-a-financiamiento-del-bid\\\/#article\",\"isPartOf\":{\"@id\":\"https:\\\/\\\/patagoniambiental.com.ar\\\/info\\\/neuquen-la-ciudad-sera-incluida-en-el-corredor-de-los-lagos-y-accedera-a-financiamiento-del-bid\\\/\"},\"author\":{\"name\":\"Patagonia Ambiental\",\"@id\":\"https:\\\/\\\/patagoniambiental.com.ar\\\/info\\\/#\\\/schema\\\/person\\\/db12bff64bbcbf6a253710bf0ea37b5d\"},\"headline\":\"Neuquen: la ciudad ser\u00e1 incluida en el Corredor de Los Lagos y acceder\u00e1 a financiamiento del BID\",\"datePublished\":\"2015-12-22T12:00:31+00:00\",\"mainEntityOfPage\":{\"@id\":\"https:\\\/\\\/patagoniambiental.com.ar\\\/info\\\/neuquen-la-ciudad-sera-incluida-en-el-corredor-de-los-lagos-y-accedera-a-financiamiento-del-bid\\\/\"},\"wordCount\":397,\"publisher\":{\"@id\":\"https:\\\/\\\/patagoniambiental.com.ar\\\/info\\\/#organization\"},\"image\":{\"@id\":\"https:\\\/\\\/patagoniambiental.com.ar\\\/info\\\/neuquen-la-ciudad-sera-incluida-en-el-corredor-de-los-lagos-y-accedera-a-financiamiento-del-bid\\\/#primaryimage\"},\"thumbnailUrl\":\"\",\"articleSection\":[\"Noticias\"],\"inLanguage\":\"es\"},{\"@type\":\"WebPage\",\"@id\":\"https:\\\/\\\/patagoniambiental.com.ar\\\/info\\\/neuquen-la-ciudad-sera-incluida-en-el-corredor-de-los-lagos-y-accedera-a-financiamiento-del-bid\\\/\",\"url\":\"https:\\\/\\\/patagoniambiental.com.ar\\\/info\\\/neuquen-la-ciudad-sera-incluida-en-el-corredor-de-los-lagos-y-accedera-a-financiamiento-del-bid\\\/\",\"name\":\"Neuquen: la ciudad ser\u00e1 incluida en el Corredor de Los Lagos y acceder\u00e1 a financiamiento del BID\",\"isPartOf\":{\"@id\":\"https:\\\/\\\/patagoniambiental.com.ar\\\/info\\\/#website\"},\"primaryImageOfPage\":{\"@id\":\"https:\\\/\\\/patagoniambiental.com.ar\\\/info\\\/neuquen-la-ciudad-sera-incluida-en-el-corredor-de-los-lagos-y-accedera-a-financiamiento-del-bid\\\/#primaryimage\"},\"image\":{\"@id\":\"https:\\\/\\\/patagoniambiental.com.ar\\\/info\\\/neuquen-la-ciudad-sera-incluida-en-el-corredor-de-los-lagos-y-accedera-a-financiamiento-del-bid\\\/#primaryimage\"},\"thumbnailUrl\":\"\",\"datePublished\":\"2015-12-22T12:00:31+00:00\",\"breadcrumb\":{\"@id\":\"https:\\\/\\\/patagoniambiental.com.ar\\\/info\\\/neuquen-la-ciudad-sera-incluida-en-el-corredor-de-los-lagos-y-accedera-a-financiamiento-del-bid\\\/#breadcrumb\"},\"inLanguage\":\"es\",\"potentialAction\":[{\"@type\":\"ReadAction\",\"target\":[\"https:\\\/\\\/patagoniambiental.com.ar\\\/info\\\/neuquen-la-ciudad-sera-incluida-en-el-corredor-de-los-lagos-y-accedera-a-financiamiento-del-bid\\\/\"]}]},{\"@type\":\"ImageObject\",\"inLanguage\":\"es\",\"@id\":\"https:\\\/\\\/patagoniambiental.com.ar\\\/info\\\/neuquen-la-ciudad-sera-incluida-en-el-corredor-de-los-lagos-y-accedera-a-financiamiento-del-bid\\\/#primaryimage\",\"url\":\"\",\"contentUrl\":\"\"},{\"@type\":\"BreadcrumbList\",\"@id\":\"https:\\\/\\\/patagoniambiental.com.ar\\\/info\\\/neuquen-la-ciudad-sera-incluida-en-el-corredor-de-los-lagos-y-accedera-a-financiamiento-del-bid\\\/#breadcrumb\",\"itemListElement\":[{\"@type\":\"ListItem\",\"position\":1,\"name\":\"Inicio\",\"item\":\"https:\\\/\\\/patagoniambiental.com.ar\\\/info\\\/\"},{\"@type\":\"ListItem\",\"position\":2,\"name\":\"Neuquen: la ciudad ser\u00e1 incluida en el Corredor de Los Lagos y acceder\u00e1 a financiamiento del BID\"}]},{\"@type\":\"WebSite\",\"@id\":\"https:\\\/\\\/patagoniambiental.com.ar\\\/info\\\/#website\",\"url\":\"https:\\\/\\\/patagoniambiental.com.ar\\\/info\\\/\",\"name\":\"Patagonia Ambiental\",\"description\":\"Monitoreo y an\u00e1lisis de la situaci\u00f3n geopol\u00edtica en el mundo y su implicancia en la Patagonia\",\"publisher\":{\"@id\":\"https:\\\/\\\/patagoniambiental.com.ar\\\/info\\\/#organization\"},\"potentialAction\":[{\"@type\":\"SearchAction\",\"target\":{\"@type\":\"EntryPoint\",\"urlTemplate\":\"https:\\\/\\\/patagoniambiental.com.ar\\\/info\\\/?s={search_term_string}\"},\"query-input\":{\"@type\":\"PropertyValueSpecification\",\"valueRequired\":true,\"valueName\":\"search_term_string\"}}],\"inLanguage\":\"es\"},{\"@type\":\"Organization\",\"@id\":\"https:\\\/\\\/patagoniambiental.com.ar\\\/info\\\/#organization\",\"name\":\"Patagonia Ambiental\",\"url\":\"https:\\\/\\\/patagoniambiental.com.ar\\\/info\\\/\",\"logo\":{\"@type\":\"ImageObject\",\"inLanguage\":\"es\",\"@id\":\"https:\\\/\\\/patagoniambiental.com.ar\\\/info\\\/#\\\/schema\\\/logo\\\/image\\\/\",\"url\":\"https:\\\/\\\/patagoniambiental.com.ar\\\/info\\\/wp-content\\\/uploads\\\/2025\\\/05\\\/LOGO-PATAGONIA-AMBIENTAL.png\",\"contentUrl\":\"https:\\\/\\\/patagoniambiental.com.ar\\\/info\\\/wp-content\\\/uploads\\\/2025\\\/05\\\/LOGO-PATAGONIA-AMBIENTAL.png\",\"width\":433,\"height\":250,\"caption\":\"Patagonia Ambiental\"},\"image\":{\"@id\":\"https:\\\/\\\/patagoniambiental.com.ar\\\/info\\\/#\\\/schema\\\/logo\\\/image\\\/\"},\"sameAs\":[\"https:\\\/\\\/www.facebook.com\\\/patagonia.ambiental\",\"https:\\\/\\\/x.com\\\/PatAmb\"]},{\"@type\":\"Person\",\"@id\":\"https:\\\/\\\/patagoniambiental.com.ar\\\/info\\\/#\\\/schema\\\/person\\\/db12bff64bbcbf6a253710bf0ea37b5d\",\"name\":\"Patagonia Ambiental\",\"description\":\"Andr\u00e9s Nievas T\u00e9cnico en manejo ambiental, consultor Ambiental y escritor para medios locales e internacionales sobre temas de geopolitica y medio ambiente.\",\"sameAs\":[\"http:\\\/\\\/www.patagoniambiental.com.ar\",\"https:\\\/\\\/www.facebook.com\\\/share\\\/1C1V8Gv9BX\\\/?mibextid=qi2Omg\",\"@patagoniambiental\",\"https:\\\/\\\/youtube.com\\\/@patagoniaambiental2023?si=BLt58t0wuXquxlYZ\"]}]}<\/script>\n<!-- \/ Yoast SEO Premium plugin. -->","yoast_head_json":{"title":"Neuquen: la ciudad ser\u00e1 incluida en el Corredor de Los Lagos y acceder\u00e1 a financiamiento del BID","robots":{"index":"index","follow":"follow","max-snippet":"max-snippet:-1","max-image-preview":"max-image-preview:large","max-video-preview":"max-video-preview:-1"},"canonical":"https:\/\/patagoniambiental.com.ar\/info\/neuquen-la-ciudad-sera-incluida-en-el-corredor-de-los-lagos-y-accedera-a-financiamiento-del-bid\/","og_locale":"es_ES","og_type":"article","og_title":"Neuquen: la ciudad ser\u00e1 incluida en el Corredor de Los Lagos y acceder\u00e1 a financiamiento del BID","og_description":"La ciudad de Neuqu\u00e9n ser\u00e1 incluida por el gobierno nacional en el denominado Corredor de Los Lagos, con lo cual [&hellip;]","og_url":"https:\/\/patagoniambiental.com.ar\/info\/neuquen-la-ciudad-sera-incluida-en-el-corredor-de-los-lagos-y-accedera-a-financiamiento-del-bid\/","og_site_name":"Patagonia Ambiental","article_publisher":"https:\/\/www.facebook.com\/patagonia.ambiental","article_author":"https:\/\/www.facebook.com\/share\/1C1V8Gv9BX\/?mibextid=qi2Omg","article_published_time":"2015-12-22T12:00:31+00:00","author":"Patagonia Ambiental","twitter_card":"summary_large_image","twitter_creator":"@PatAmb","twitter_site":"@PatAmb","schema":{"@context":"https:\/\/schema.org","@graph":[{"@type":"Article","@id":"https:\/\/patagoniambiental.com.ar\/info\/neuquen-la-ciudad-sera-incluida-en-el-corredor-de-los-lagos-y-accedera-a-financiamiento-del-bid\/#article","isPartOf":{"@id":"https:\/\/patagoniambiental.com.ar\/info\/neuquen-la-ciudad-sera-incluida-en-el-corredor-de-los-lagos-y-accedera-a-financiamiento-del-bid\/"},"author":{"name":"Patagonia Ambiental","@id":"https:\/\/patagoniambiental.com.ar\/info\/#\/schema\/person\/db12bff64bbcbf6a253710bf0ea37b5d"},"headline":"Neuquen: la ciudad ser\u00e1 incluida en el Corredor de Los Lagos y acceder\u00e1 a financiamiento del BID","datePublished":"2015-12-22T12:00:31+00:00","mainEntityOfPage":{"@id":"https:\/\/patagoniambiental.com.ar\/info\/neuquen-la-ciudad-sera-incluida-en-el-corredor-de-los-lagos-y-accedera-a-financiamiento-del-bid\/"},"wordCount":397,"publisher":{"@id":"https:\/\/patagoniambiental.com.ar\/info\/#organization"},"image":{"@id":"https:\/\/patagoniambiental.com.ar\/info\/neuquen-la-ciudad-sera-incluida-en-el-corredor-de-los-lagos-y-accedera-a-financiamiento-del-bid\/#primaryimage"},"thumbnailUrl":"","articleSection":["Noticias"],"inLanguage":"es"},{"@type":"WebPage","@id":"https:\/\/patagoniambiental.com.ar\/info\/neuquen-la-ciudad-sera-incluida-en-el-corredor-de-los-lagos-y-accedera-a-financiamiento-del-bid\/","url":"https:\/\/patagoniambiental.com.ar\/info\/neuquen-la-ciudad-sera-incluida-en-el-corredor-de-los-lagos-y-accedera-a-financiamiento-del-bid\/","name":"Neuquen: la ciudad ser\u00e1 incluida en el Corredor de Los Lagos y acceder\u00e1 a financiamiento del BID","isPartOf":{"@id":"https:\/\/patagoniambiental.com.ar\/info\/#website"},"primaryImageOfPage":{"@id":"https:\/\/patagoniambiental.com.ar\/info\/neuquen-la-ciudad-sera-incluida-en-el-corredor-de-los-lagos-y-accedera-a-financiamiento-del-bid\/#primaryimage"},"image":{"@id":"https:\/\/patagoniambiental.com.ar\/info\/neuquen-la-ciudad-sera-incluida-en-el-corredor-de-los-lagos-y-accedera-a-financiamiento-del-bid\/#primaryimage"},"thumbnailUrl":"","datePublished":"2015-12-22T12:00:31+00:00","breadcrumb":{"@id":"https:\/\/patagoniambiental.com.ar\/info\/neuquen-la-ciudad-sera-incluida-en-el-corredor-de-los-lagos-y-accedera-a-financiamiento-del-bid\/#breadcrumb"},"inLanguage":"es","potentialAction":[{"@type":"ReadAction","target":["https:\/\/patagoniambiental.com.ar\/info\/neuquen-la-ciudad-sera-incluida-en-el-corredor-de-los-lagos-y-accedera-a-financiamiento-del-bid\/"]}]},{"@type":"ImageObject","inLanguage":"es","@id":"https:\/\/patagoniambiental.com.ar\/info\/neuquen-la-ciudad-sera-incluida-en-el-corredor-de-los-lagos-y-accedera-a-financiamiento-del-bid\/#primaryimage","url":"","contentUrl":""},{"@type":"BreadcrumbList","@id":"https:\/\/patagoniambiental.com.ar\/info\/neuquen-la-ciudad-sera-incluida-en-el-corredor-de-los-lagos-y-accedera-a-financiamiento-del-bid\/#breadcrumb","itemListElement":[{"@type":"ListItem","position":1,"name":"Inicio","item":"https:\/\/patagoniambiental.com.ar\/info\/"},{"@type":"ListItem","position":2,"name":"Neuquen: la ciudad ser\u00e1 incluida en el Corredor de Los Lagos y acceder\u00e1 a financiamiento del BID"}]},{"@type":"WebSite","@id":"https:\/\/patagoniambiental.com.ar\/info\/#website","url":"https:\/\/patagoniambiental.com.ar\/info\/","name":"Patagonia Ambiental","description":"Monitoreo y an\u00e1lisis de la situaci\u00f3n geopol\u00edtica en el mundo y su implicancia en la Patagonia","publisher":{"@id":"https:\/\/patagoniambiental.com.ar\/info\/#organization"},"potentialAction":[{"@type":"SearchAction","target":{"@type":"EntryPoint","urlTemplate":"https:\/\/patagoniambiental.com.ar\/info\/?s={search_term_string}"},"query-input":{"@type":"PropertyValueSpecification","valueRequired":true,"valueName":"search_term_string"}}],"inLanguage":"es"},{"@type":"Organization","@id":"https:\/\/patagoniambiental.com.ar\/info\/#organization","name":"Patagonia Ambiental","url":"https:\/\/patagoniambiental.com.ar\/info\/","logo":{"@type":"ImageObject","inLanguage":"es","@id":"https:\/\/patagoniambiental.com.ar\/info\/#\/schema\/logo\/image\/","url":"https:\/\/patagoniambiental.com.ar\/info\/wp-content\/uploads\/2025\/05\/LOGO-PATAGONIA-AMBIENTAL.png","contentUrl":"https:\/\/patagoniambiental.com.ar\/info\/wp-content\/uploads\/2025\/05\/LOGO-PATAGONIA-AMBIENTAL.png","width":433,"height":250,"caption":"Patagonia Ambiental"},"image":{"@id":"https:\/\/patagoniambiental.com.ar\/info\/#\/schema\/logo\/image\/"},"sameAs":["https:\/\/www.facebook.com\/patagonia.ambiental","https:\/\/x.com\/PatAmb"]},{"@type":"Person","@id":"https:\/\/patagoniambiental.com.ar\/info\/#\/schema\/person\/db12bff64bbcbf6a253710bf0ea37b5d","name":"Patagonia Ambiental","description":"Andr\u00e9s Nievas T\u00e9cnico en manejo ambiental, consultor Ambiental y escritor para medios locales e internacionales sobre temas de geopolitica y medio ambiente.","sameAs":["http:\/\/www.patagoniambiental.com.ar","https:\/\/www.facebook.com\/share\/1C1V8Gv9BX\/?mibextid=qi2Omg","@patagoniambiental","https:\/\/youtube.com\/@patagoniaambiental2023?si=BLt58t0wuXquxlYZ"]}]}},"_links":{"self":[{"href":"https:\/\/patagoniambiental.com.ar\/info\/wp-json\/wp\/v2\/posts\/16176","targetHints":{"allow":["GET"]}}],"collection":[{"href":"https:\/\/patagoniambiental.com.ar\/info\/wp-json\/wp\/v2\/posts"}],"about":[{"href":"https:\/\/patagoniambiental.com.ar\/info\/wp-json\/wp\/v2\/types\/post"}],"author":[{"embeddable":true,"href":"https:\/\/patagoniambiental.com.ar\/info\/wp-json\/wp\/v2\/users\/2"}],"replies":[{"embeddable":true,"href":"https:\/\/patagoniambiental.com.ar\/info\/wp-json\/wp\/v2\/comments?post=16176"}],"version-history":[{"count":0,"href":"https:\/\/patagoniambiental.com.ar\/info\/wp-json\/wp\/v2\/posts\/16176\/revisions"}],"wp:featuredmedia":[{"embeddable":true,"href":"https:\/\/patagoniambiental.com.ar\/info\/wp-json\/"}],"wp:attachment":[{"href":"https:\/\/patagoniambiental.com.ar\/info\/wp-json\/wp\/v2\/media?parent=16176"}],"wp:term":[{"taxonomy":"category","embeddable":true,"href":"https:\/\/patagoniambiental.com.ar\/info\/wp-json\/wp\/v2\/categories?post=16176"},{"taxonomy":"post_tag","embeddable":true,"href":"https:\/\/patagoniambiental.com.ar\/info\/wp-json\/wp\/v2\/tags?post=16176"}],"curies":[{"name":"wp","href":"https:\/\/api.w.org\/{rel}","templated":true}]}}