{"id":16179,"date":"2015-12-23T09:00:55","date_gmt":"2015-12-23T12:00:55","guid":{"rendered":"http:\/\/patagoniambiental.com.ar\/?p=16179"},"modified":"2015-12-23T09:00:55","modified_gmt":"2015-12-23T12:00:55","slug":"ambiente-de-rio-negro-inspecciono-avance-de-obra-en-mancha-blanca","status":"publish","type":"post","link":"https:\/\/patagoniambiental.com.ar\/info\/ambiente-de-rio-negro-inspecciono-avance-de-obra-en-mancha-blanca\/","title":{"rendered":"Ambiente de R\u00edo Negro inspeccion\u00f3 avance de obra en Mancha Blanca"},"content":{"rendered":"<p align=\"JUSTIFY\"><b><\/b><span style=\"color: #000000;\"><span style=\"font-family: Asap;\"><span style=\"font-size: large;\">L<\/span><\/span><\/span><span style=\"color: #000000;\"><span style=\"font-family: Asap;\"><span style=\"font-size: large;\">a<\/span><\/span><\/span> <span style=\"color: #000000;\"><span style=\"font-family: Asap;\"><span style=\"font-size: large;\">Secretar\u00eda<\/span><\/span><\/span> <span style=\"color: #000000;\"><span style=\"font-family: Asap;\"><span style=\"font-size: large;\">de<\/span><\/span><\/span> <span style=\"color: #000000;\"><span style=\"font-family: Asap;\"><span style=\"font-size: large;\">Ambiente<\/span><\/span><\/span> <span style=\"color: #000000;\"><span style=\"font-family: Asap;\"><span style=\"font-size: large;\">y<\/span><\/span><\/span> <span style=\"color: #000000;\"><span style=\"font-family: Asap;\"><span style=\"font-size: large;\">Desarrollo<\/span><\/span><\/span> <span style=\"color: #000000;\"><span style=\"font-family: Asap;\"><span style=\"font-size: large;\">Sustentable<\/span><\/span><\/span> <span style=\"color: #000000;\"><span style=\"font-family: Asap;\"><span style=\"font-size: large;\">recorri\u00f3<\/span><\/span><\/span> <span style=\"color: #000000;\"><span style=\"font-family: Asap;\"><span style=\"font-size: large;\">ayer<\/span><\/span><\/span> <span style=\"color: #000000;\"><span style=\"font-family: Asap;\"><span style=\"font-size: large;\">el<\/span><\/span><\/span> <span style=\"color: #000000;\"><span style=\"font-family: Asap;\"><span style=\"font-size: large;\">paraje<\/span><\/span><\/span> <span style=\"color: #000000;\"><span style=\"font-family: Asap;\"><span style=\"font-size: large;\">Mancha<\/span><\/span><\/span> <span style=\"color: #000000;\"><span style=\"font-family: Asap;\"><span style=\"font-size: large;\">Blanca,<\/span><\/span><\/span> <span style=\"color: #000000;\"><span style=\"font-family: Asap;\"><span style=\"font-size: large;\">con<\/span><\/span><\/span> <span style=\"color: #000000;\"><span style=\"font-family: Asap;\"><span style=\"font-size: large;\">el<\/span><\/span><\/span> <span style=\"color: #000000;\"><span style=\"font-family: Asap;\"><span style=\"font-size: large;\">objetivo<\/span><\/span><\/span> <span style=\"color: #000000;\"><span style=\"font-family: Asap;\"><span style=\"font-size: large;\">de<\/span><\/span><\/span><span style=\"color: #000000;\"><span style=\"font-family: Asap;\"><span style=\"font-size: large;\">inspeccionar<\/span><\/span><\/span> <span style=\"color: #000000;\"><span style=\"font-family: Asap;\"><span style=\"font-size: large;\">los<\/span><\/span><\/span> <span style=\"color: #000000;\"><span style=\"font-family: Asap;\"><span style=\"font-size: large;\">avances<\/span><\/span><\/span> <span style=\"color: #000000;\"><span style=\"font-family: Asap;\"><span style=\"font-size: large;\">en<\/span><\/span><\/span> <span style=\"color: #000000;\"><span style=\"font-family: Asap;\"><span style=\"font-size: large;\">la<\/span><\/span><\/span> <span style=\"color: #000000;\"><span style=\"font-family: Asap;\"><span style=\"font-size: large;\">obra<\/span><\/span><\/span> <span style=\"color: #000000;\"><span style=\"font-family: Asap;\"><span style=\"font-size: large;\">de<\/span><\/span><\/span> <span style=\"color: #000000;\"><span style=\"font-family: Asap;\"><span style=\"font-size: large;\">construcci\u00f3n<\/span><\/span><\/span> <span style=\"color: #000000;\"><span style=\"font-family: Asap;\"><span style=\"font-size: large;\">de<\/span><\/span><\/span> <span style=\"color: #000000;\"><span style=\"font-family: Asap;\"><span style=\"font-size: large;\">la<\/span><\/span><\/span> <span style=\"color: #000000;\"><span style=\"font-family: Asap;\"><span style=\"font-size: large;\">celda<\/span><\/span><\/span> <span style=\"color: #000000;\"><span style=\"font-family: Asap;\"><span style=\"font-size: large;\">de<\/span><\/span><\/span> <span style=\"color: #000000;\"><span style=\"font-family: Asap;\"><span style=\"font-size: large;\">seguridad,<\/span><\/span><\/span> <span style=\"color: #000000;\"><span style=\"font-family: Asap;\"><span style=\"font-size: large;\">de<\/span><\/span><\/span> <span style=\"color: #000000;\"><span style=\"font-family: Asap;\"><span style=\"font-size: large;\">la<\/span><\/span><\/span> <span style=\"color: #000000;\"><span style=\"font-family: Asap;\"><span style=\"font-size: large;\">ex<\/span><\/span><\/span> <span style=\"color: #000000;\"><span style=\"font-family: Asap;\"><span style=\"font-size: large;\">fundici\u00f3n<\/span><\/span><\/span> <span style=\"color: #000000;\"><span style=\"font-family: Asap;\"><span style=\"font-size: large;\">de<\/span><\/span><\/span> <span style=\"color: #000000;\"><span style=\"font-family: Asap;\"><span style=\"font-size: large;\">la<\/span><\/span><\/span> <span style=\"color: #000000;\"><span style=\"font-family: Asap;\"><span style=\"font-size: large;\">mina<\/span><\/span><\/span><span style=\"color: #000000;\"><span style=\"font-family: Asap;\"><span style=\"font-size: large;\">Gonzalito,<\/span><\/span><\/span> <span style=\"color: #000000;\"><span style=\"font-family: Asap;\"><span style=\"font-size: large;\">en<\/span><\/span><\/span> <span style=\"color: #000000;\"><span style=\"font-family: Asap;\"><span style=\"font-size: large;\">San<\/span><\/span><\/span> <span style=\"color: #000000;\"><span style=\"font-family: Asap;\"><span style=\"font-size: large;\">Antonio<\/span><\/span><\/span> <span style=\"color: #000000;\"><span style=\"font-family: Asap;\"><span style=\"font-size: large;\">Oeste.<\/span><\/span><\/span><\/p>\n<p align=\"JUSTIFY\"><span style=\"color: #000000;\"><span style=\"font-family: Asap;\"><span style=\"font-size: large;\">Guillermo<\/span><\/span><\/span> <span style=\"color: #000000;\"><span style=\"font-family: Asap;\"><span style=\"font-size: large;\">Ceballos,<\/span><\/span><\/span> <span style=\"color: #000000;\"><span style=\"font-family: Asap;\"><span style=\"font-size: large;\">subsecretario<\/span><\/span><\/span> <span style=\"color: #000000;\"><span style=\"font-family: Asap;\"><span style=\"font-size: large;\">de<\/span><\/span><\/span> <span style=\"color: #000000;\"><span style=\"font-family: Asap;\"><span style=\"font-size: large;\">Ambiente,<\/span><\/span><\/span> <span style=\"color: #000000;\"><span style=\"font-family: Asap;\"><span style=\"font-size: large;\">encabez\u00f3<\/span><\/span><\/span> <span style=\"color: #000000;\"><span style=\"font-family: Asap;\"><span style=\"font-size: large;\">la<\/span><\/span><\/span> <span style=\"color: #000000;\"><span style=\"font-family: Asap;\"><span style=\"font-size: large;\">comitiva<\/span><\/span><\/span> <span style=\"color: #000000;\"><span style=\"font-family: Asap;\"><span style=\"font-size: large;\">que<\/span><\/span><\/span> <span style=\"color: #000000;\"><span style=\"font-family: Asap;\"><span style=\"font-size: large;\">llev\u00f3<\/span><\/span><\/span> <span style=\"color: #000000;\"><span style=\"font-family: Asap;\"><span style=\"font-size: large;\">a<\/span><\/span><\/span> <span style=\"color: #000000;\"><span style=\"font-family: Asap;\"><span style=\"font-size: large;\">cabo<\/span><\/span><\/span> <span style=\"color: #000000;\"><span style=\"font-family: Asap;\"><span style=\"font-size: large;\">la<\/span><\/span><\/span> <span style=\"color: #000000;\"><span style=\"font-family: Asap;\"><span style=\"font-size: large;\">inspecci\u00f3n.<\/span><\/span><\/span> <span style=\"color: #000000;\"><span style=\"font-family: Asap;\"><span style=\"font-size: large;\">Lo<\/span><\/span><\/span> <span style=\"color: #000000;\"><span style=\"font-family: Asap;\"><span style=\"font-size: large;\">hizo<\/span><\/span><\/span> <span style=\"color: #000000;\"><span style=\"font-family: Asap;\"><span style=\"font-size: large;\">en<\/span><\/span><\/span><span style=\"color: #000000;\"><span style=\"font-family: Asap;\"><span style=\"font-size: large;\">compa\u00f1<\/span><\/span><\/span><span style=\"color: #000000;\"><span style=\"font-family: Asap;\"><span style=\"font-size: large;\">\u00eda<\/span><\/span><\/span> <span style=\"color: #000000;\"><span style=\"font-family: Asap;\"><span style=\"font-size: large;\">de<\/span><\/span><\/span> <span style=\"color: #000000;\"><span style=\"font-family: Asap;\"><span style=\"font-size: large;\">personal<\/span><\/span><\/span> <span style=\"color: #000000;\"><span style=\"font-family: Asap;\"><span style=\"font-size: large;\">t\u00e9cnico<\/span><\/span><\/span> <span style=\"color: #000000;\"><span style=\"font-family: Asap;\"><span style=\"font-size: large;\">de<\/span><\/span><\/span> <span style=\"color: #000000;\"><span style=\"font-family: Asap;\"><span style=\"font-size: large;\">SAyDS<\/span><\/span><\/span> <span style=\"color: #000000;\"><span style=\"font-family: Asap;\"><span style=\"font-size: large;\">y<\/span><\/span><\/span> <span style=\"color: #000000;\"><span style=\"font-family: Asap;\"><span style=\"font-size: large;\">de<\/span><\/span><\/span> <span style=\"color: #000000;\"><span style=\"font-family: Asap;\"><span style=\"font-size: large;\">las<\/span><\/span><\/span> <span style=\"color: #000000;\"><span style=\"font-family: Asap;\"><span style=\"font-size: large;\">veedoras<\/span><\/span><\/span> <span style=\"color: #000000;\"><span style=\"font-family: Asap;\"><span style=\"font-size: large;\">designadas<\/span><\/span><\/span> <span style=\"color: #000000;\"><span style=\"font-family: Asap;\"><span style=\"font-size: large;\">en<\/span><\/span><\/span> <span style=\"color: #000000;\"><span style=\"font-family: Asap;\"><span style=\"font-size: large;\">representaci\u00f3n<\/span><\/span><\/span> <span style=\"color: #000000;\"><span style=\"font-family: Asap;\"><span style=\"font-size: large;\">de<\/span><\/span><\/span> <span style=\"color: #000000;\"><span style=\"font-family: Asap;\"><span style=\"font-size: large;\">la<\/span><\/span><\/span><span style=\"color: #000000;\"><span style=\"font-family: Asap;\"><span style=\"font-size: large;\"> \u201c<\/span><\/span><\/span><span style=\"color: #000000;\"><span style=\"font-family: Asap;\"><span style=\"font-size: large;\">Multisectorial<\/span><\/span><\/span> <span style=\"color: #000000;\"><span style=\"font-family: Asap;\"><span style=\"font-size: large;\">por<\/span><\/span><\/span> <span style=\"color: #000000;\"><span style=\"font-family: Asap;\"><span style=\"font-size: large;\">la<\/span><\/span><\/span><span style=\"color: #000000;\"><span style=\"font-family: Asap;\"><span style=\"font-size: large;\">problem\u00e1tica<\/span><\/span><\/span> <span style=\"color: #000000;\"><span style=\"font-family: Asap;\"><span style=\"font-size: large;\">del<\/span><\/span><\/span> <span style=\"color: #000000;\"><span style=\"font-family: Asap;\"><span style=\"font-size: large;\">plomo<\/span><\/span><\/span><span style=\"color: #000000;\"><span style=\"font-family: Asap;\"><span style=\"font-size: large;\">\u201d<\/span><\/span><\/span><span style=\"color: #000000;\"><span style=\"font-family: Asap;\"><span style=\"font-size: large;\">,<\/span><\/span><\/span> <span style=\"color: #000000;\"><span style=\"font-family: Asap;\"><span style=\"font-size: large;\">ingenieras<\/span><\/span><\/span> <span style=\"color: #000000;\"><span style=\"font-family: Asap;\"><span style=\"font-size: large;\">Patricia<\/span><\/span><\/span> <span style=\"color: #000000;\"><span style=\"font-family: Asap;\"><span style=\"font-size: large;\">Llonch<\/span><\/span><\/span> <span style=\"color: #000000;\"><span style=\"font-family: Asap;\"><span style=\"font-size: large;\">y<\/span><\/span><\/span> <span style=\"color: #000000;\"><span style=\"font-family: Asap;\"><span style=\"font-size: large;\">Paula<\/span><\/span><\/span> <span style=\"color: #000000;\"><span style=\"font-family: Asap;\"><span style=\"font-size: large;\">Ya\u00f1ez.<\/span><\/span><\/span><\/p>\n<p align=\"JUSTIFY\"><span style=\"color: #000000;\"><span style=\"font-family: Asap;\"><span style=\"font-size: large;\">El objetivo de la recorrida fue conocer el estado de la construcci\u00f3n de la celda de seguridad, donde se destinar\u00e1n las escorias de metales pesados de la mina Gonzalito.<\/span><\/span><\/span><\/p>\n<p align=\"JUSTIFY\"><span style=\"color: #000000;\"><span style=\"font-family: Asap;\"><span style=\"font-size: large;\">Personal de SAyDS constat\u00f3 que la excavaci\u00f3n de la celda, de disposici\u00f3n final, se encuentra en la \u00faltima etapa, aunque a\u00fan se debe retirar el material de la misma. Tambi\u00e9n se observ\u00f3 que en el lugar ya se encuentra parte de la membrana geotextil, que se utilizar\u00e1 para el aislamiento de la mencionada celda.<\/span><\/span><\/span><\/p>\n<p align=\"JUSTIFY\"><span style=\"color: #000000;\"><span style=\"font-family: Asap;\"><span style=\"font-size: large;\">Adem\u00e1s de inspeccionar este sector de Mancha Blanca, el subsecretario de SAyDS y referentes de la Multisectorial tambi\u00e9n efectuaron un control en la cantera de arcilla en Puesto Funes para conocer el estado de explotaci\u00f3n del lugar. Cabe aclarar que la empresa encargada de la remediaci\u00f3n quiere obtener arcilla para lograr la impermeabilizaci\u00f3n de la celda.<\/span><\/span><\/span><\/p>\n<p>&nbsp;<\/p>\n","protected":false},"excerpt":{"rendered":"<p>La Secretar\u00eda de Ambiente y Desarrollo Sustentable recorri\u00f3 ayer el paraje Mancha Blanca, con el objetivo deinspeccionar los avances en [&hellip;]<\/p>\n","protected":false},"author":2,"featured_media":16180,"comment_status":"closed","ping_status":"closed","sticky":false,"template":"","format":"standard","meta":{"site-sidebar-layout":"default","site-content-layout":"","ast-site-content-layout":"default","site-content-style":"default","site-sidebar-style":"default","ast-global-header-display":"","ast-banner-title-visibility":"","ast-main-header-display":"","ast-hfb-above-header-display":"","ast-hfb-below-header-display":"","ast-hfb-mobile-header-display":"","site-post-title":"","ast-breadcrumbs-content":"","ast-featured-img":"","footer-sml-layout":"","ast-disable-related-posts":"","theme-transparent-header-meta":"","adv-header-id-meta":"","stick-header-meta":"","header-above-stick-meta":"","header-main-stick-meta":"","header-below-stick-meta":"","astra-migrate-meta-layouts":"default","ast-page-background-enabled":"default","ast-page-background-meta":{"desktop":{"background-color":"var(--ast-global-color-5)","background-image":"","background-repeat":"repeat","background-position":"center center","background-size":"auto","background-attachment":"scroll","background-type":"","background-media":"","overlay-type":"","overlay-color":"","overlay-opacity":"","overlay-gradient":""},"tablet":{"background-color":"","background-image":"","background-repeat":"repeat","background-position":"center center","background-size":"auto","background-attachment":"scroll","background-type":"","background-media":"","overlay-type":"","overlay-color":"","overlay-opacity":"","overlay-gradient":""},"mobile":{"background-color":"","background-image":"","background-repeat":"repeat","background-position":"center center","background-size":"auto","background-attachment":"scroll","background-type":"","background-media":"","overlay-type":"","overlay-color":"","overlay-opacity":"","overlay-gradient":""}},"ast-content-background-meta":{"desktop":{"background-color":"var(--ast-global-color-4)","background-image":"","background-repeat":"repeat","background-position":"center center","background-size":"auto","background-attachment":"scroll","background-type":"","background-media":"","overlay-type":"","overlay-color":"","overlay-opacity":"","overlay-gradient":""},"tablet":{"background-color":"var(--ast-global-color-4)","background-image":"","background-repeat":"repeat","background-position":"center center","background-size":"auto","background-attachment":"scroll","background-type":"","background-media":"","overlay-type":"","overlay-color":"","overlay-opacity":"","overlay-gradient":""},"mobile":{"background-color":"var(--ast-global-color-4)","background-image":"","background-repeat":"repeat","background-position":"center center","background-size":"auto","background-attachment":"scroll","background-type":"","background-media":"","overlay-type":"","overlay-color":"","overlay-opacity":"","overlay-gradient":""}},"footnotes":""},"categories":[1],"tags":[],"class_list":["post-16179","post","type-post","status-publish","format-standard","has-post-thumbnail","hentry","category-noticias"],"yoast_head":"<!-- This site is optimized with the Yoast SEO Premium plugin v23.0 (Yoast SEO v27.5) - https:\/\/yoast.com\/product\/yoast-seo-premium-wordpress\/ -->\n<title>Ambiente de R\u00edo Negro inspeccion\u00f3 avance de obra en Mancha Blanca<\/title>\n<meta name=\"robots\" content=\"index, follow, max-snippet:-1, max-image-preview:large, max-video-preview:-1\" \/>\n<link rel=\"canonical\" href=\"https:\/\/patagoniambiental.com.ar\/info\/ambiente-de-rio-negro-inspecciono-avance-de-obra-en-mancha-blanca\/\" \/>\n<meta property=\"og:locale\" content=\"es_ES\" \/>\n<meta property=\"og:type\" content=\"article\" \/>\n<meta property=\"og:title\" content=\"Ambiente de R\u00edo Negro inspeccion\u00f3 avance de obra en Mancha Blanca\" \/>\n<meta property=\"og:description\" content=\"La Secretar\u00eda de Ambiente y Desarrollo Sustentable recorri\u00f3 ayer el paraje Mancha Blanca, con el objetivo deinspeccionar los avances en [&hellip;]\" \/>\n<meta property=\"og:url\" content=\"https:\/\/patagoniambiental.com.ar\/info\/ambiente-de-rio-negro-inspecciono-avance-de-obra-en-mancha-blanca\/\" \/>\n<meta property=\"og:site_name\" content=\"Patagonia Ambiental\" \/>\n<meta property=\"article:publisher\" content=\"https:\/\/www.facebook.com\/patagonia.ambiental\" \/>\n<meta property=\"article:author\" content=\"https:\/\/www.facebook.com\/share\/1C1V8Gv9BX\/?mibextid=qi2Omg\" \/>\n<meta property=\"article:published_time\" content=\"2015-12-23T12:00:55+00:00\" \/>\n<meta name=\"author\" content=\"Patagonia Ambiental\" \/>\n<meta name=\"twitter:card\" content=\"summary_large_image\" \/>\n<meta name=\"twitter:creator\" content=\"@PatAmb\" \/>\n<meta name=\"twitter:site\" content=\"@PatAmb\" \/>\n<script type=\"application\/ld+json\" class=\"yoast-schema-graph\">{\"@context\":\"https:\\\/\\\/schema.org\",\"@graph\":[{\"@type\":\"Article\",\"@id\":\"https:\\\/\\\/patagoniambiental.com.ar\\\/info\\\/ambiente-de-rio-negro-inspecciono-avance-de-obra-en-mancha-blanca\\\/#article\",\"isPartOf\":{\"@id\":\"https:\\\/\\\/patagoniambiental.com.ar\\\/info\\\/ambiente-de-rio-negro-inspecciono-avance-de-obra-en-mancha-blanca\\\/\"},\"author\":{\"name\":\"Patagonia Ambiental\",\"@id\":\"https:\\\/\\\/patagoniambiental.com.ar\\\/info\\\/#\\\/schema\\\/person\\\/db12bff64bbcbf6a253710bf0ea37b5d\"},\"headline\":\"Ambiente de R\u00edo Negro inspeccion\u00f3 avance de obra en Mancha Blanca\",\"datePublished\":\"2015-12-23T12:00:55+00:00\",\"mainEntityOfPage\":{\"@id\":\"https:\\\/\\\/patagoniambiental.com.ar\\\/info\\\/ambiente-de-rio-negro-inspecciono-avance-de-obra-en-mancha-blanca\\\/\"},\"wordCount\":259,\"publisher\":{\"@id\":\"https:\\\/\\\/patagoniambiental.com.ar\\\/info\\\/#organization\"},\"image\":{\"@id\":\"https:\\\/\\\/patagoniambiental.com.ar\\\/info\\\/ambiente-de-rio-negro-inspecciono-avance-de-obra-en-mancha-blanca\\\/#primaryimage\"},\"thumbnailUrl\":\"\",\"articleSection\":[\"Noticias\"],\"inLanguage\":\"es\"},{\"@type\":\"WebPage\",\"@id\":\"https:\\\/\\\/patagoniambiental.com.ar\\\/info\\\/ambiente-de-rio-negro-inspecciono-avance-de-obra-en-mancha-blanca\\\/\",\"url\":\"https:\\\/\\\/patagoniambiental.com.ar\\\/info\\\/ambiente-de-rio-negro-inspecciono-avance-de-obra-en-mancha-blanca\\\/\",\"name\":\"Ambiente de R\u00edo Negro inspeccion\u00f3 avance de obra en Mancha Blanca\",\"isPartOf\":{\"@id\":\"https:\\\/\\\/patagoniambiental.com.ar\\\/info\\\/#website\"},\"primaryImageOfPage\":{\"@id\":\"https:\\\/\\\/patagoniambiental.com.ar\\\/info\\\/ambiente-de-rio-negro-inspecciono-avance-de-obra-en-mancha-blanca\\\/#primaryimage\"},\"image\":{\"@id\":\"https:\\\/\\\/patagoniambiental.com.ar\\\/info\\\/ambiente-de-rio-negro-inspecciono-avance-de-obra-en-mancha-blanca\\\/#primaryimage\"},\"thumbnailUrl\":\"\",\"datePublished\":\"2015-12-23T12:00:55+00:00\",\"breadcrumb\":{\"@id\":\"https:\\\/\\\/patagoniambiental.com.ar\\\/info\\\/ambiente-de-rio-negro-inspecciono-avance-de-obra-en-mancha-blanca\\\/#breadcrumb\"},\"inLanguage\":\"es\",\"potentialAction\":[{\"@type\":\"ReadAction\",\"target\":[\"https:\\\/\\\/patagoniambiental.com.ar\\\/info\\\/ambiente-de-rio-negro-inspecciono-avance-de-obra-en-mancha-blanca\\\/\"]}]},{\"@type\":\"ImageObject\",\"inLanguage\":\"es\",\"@id\":\"https:\\\/\\\/patagoniambiental.com.ar\\\/info\\\/ambiente-de-rio-negro-inspecciono-avance-de-obra-en-mancha-blanca\\\/#primaryimage\",\"url\":\"\",\"contentUrl\":\"\"},{\"@type\":\"BreadcrumbList\",\"@id\":\"https:\\\/\\\/patagoniambiental.com.ar\\\/info\\\/ambiente-de-rio-negro-inspecciono-avance-de-obra-en-mancha-blanca\\\/#breadcrumb\",\"itemListElement\":[{\"@type\":\"ListItem\",\"position\":1,\"name\":\"Inicio\",\"item\":\"https:\\\/\\\/patagoniambiental.com.ar\\\/info\\\/\"},{\"@type\":\"ListItem\",\"position\":2,\"name\":\"Ambiente de R\u00edo Negro inspeccion\u00f3 avance de obra en Mancha Blanca\"}]},{\"@type\":\"WebSite\",\"@id\":\"https:\\\/\\\/patagoniambiental.com.ar\\\/info\\\/#website\",\"url\":\"https:\\\/\\\/patagoniambiental.com.ar\\\/info\\\/\",\"name\":\"Patagonia Ambiental\",\"description\":\"Monitoreo y an\u00e1lisis de la situaci\u00f3n geopol\u00edtica en el mundo y su implicancia en la Patagonia\",\"publisher\":{\"@id\":\"https:\\\/\\\/patagoniambiental.com.ar\\\/info\\\/#organization\"},\"potentialAction\":[{\"@type\":\"SearchAction\",\"target\":{\"@type\":\"EntryPoint\",\"urlTemplate\":\"https:\\\/\\\/patagoniambiental.com.ar\\\/info\\\/?s={search_term_string}\"},\"query-input\":{\"@type\":\"PropertyValueSpecification\",\"valueRequired\":true,\"valueName\":\"search_term_string\"}}],\"inLanguage\":\"es\"},{\"@type\":\"Organization\",\"@id\":\"https:\\\/\\\/patagoniambiental.com.ar\\\/info\\\/#organization\",\"name\":\"Patagonia Ambiental\",\"url\":\"https:\\\/\\\/patagoniambiental.com.ar\\\/info\\\/\",\"logo\":{\"@type\":\"ImageObject\",\"inLanguage\":\"es\",\"@id\":\"https:\\\/\\\/patagoniambiental.com.ar\\\/info\\\/#\\\/schema\\\/logo\\\/image\\\/\",\"url\":\"https:\\\/\\\/patagoniambiental.com.ar\\\/info\\\/wp-content\\\/uploads\\\/2025\\\/05\\\/LOGO-PATAGONIA-AMBIENTAL.png\",\"contentUrl\":\"https:\\\/\\\/patagoniambiental.com.ar\\\/info\\\/wp-content\\\/uploads\\\/2025\\\/05\\\/LOGO-PATAGONIA-AMBIENTAL.png\",\"width\":433,\"height\":250,\"caption\":\"Patagonia Ambiental\"},\"image\":{\"@id\":\"https:\\\/\\\/patagoniambiental.com.ar\\\/info\\\/#\\\/schema\\\/logo\\\/image\\\/\"},\"sameAs\":[\"https:\\\/\\\/www.facebook.com\\\/patagonia.ambiental\",\"https:\\\/\\\/x.com\\\/PatAmb\"]},{\"@type\":\"Person\",\"@id\":\"https:\\\/\\\/patagoniambiental.com.ar\\\/info\\\/#\\\/schema\\\/person\\\/db12bff64bbcbf6a253710bf0ea37b5d\",\"name\":\"Patagonia Ambiental\",\"description\":\"Andr\u00e9s Nievas T\u00e9cnico en manejo ambiental, consultor Ambiental y escritor para medios locales e internacionales sobre temas de geopolitica y medio ambiente.\",\"sameAs\":[\"http:\\\/\\\/www.patagoniambiental.com.ar\",\"https:\\\/\\\/www.facebook.com\\\/share\\\/1C1V8Gv9BX\\\/?mibextid=qi2Omg\",\"@patagoniambiental\",\"https:\\\/\\\/youtube.com\\\/@patagoniaambiental2023?si=BLt58t0wuXquxlYZ\"]}]}<\/script>\n<!-- \/ Yoast SEO Premium plugin. -->","yoast_head_json":{"title":"Ambiente de R\u00edo Negro inspeccion\u00f3 avance de obra en Mancha Blanca","robots":{"index":"index","follow":"follow","max-snippet":"max-snippet:-1","max-image-preview":"max-image-preview:large","max-video-preview":"max-video-preview:-1"},"canonical":"https:\/\/patagoniambiental.com.ar\/info\/ambiente-de-rio-negro-inspecciono-avance-de-obra-en-mancha-blanca\/","og_locale":"es_ES","og_type":"article","og_title":"Ambiente de R\u00edo Negro inspeccion\u00f3 avance de obra en Mancha Blanca","og_description":"La Secretar\u00eda de Ambiente y Desarrollo Sustentable recorri\u00f3 ayer el paraje Mancha Blanca, con el objetivo deinspeccionar los avances en [&hellip;]","og_url":"https:\/\/patagoniambiental.com.ar\/info\/ambiente-de-rio-negro-inspecciono-avance-de-obra-en-mancha-blanca\/","og_site_name":"Patagonia Ambiental","article_publisher":"https:\/\/www.facebook.com\/patagonia.ambiental","article_author":"https:\/\/www.facebook.com\/share\/1C1V8Gv9BX\/?mibextid=qi2Omg","article_published_time":"2015-12-23T12:00:55+00:00","author":"Patagonia Ambiental","twitter_card":"summary_large_image","twitter_creator":"@PatAmb","twitter_site":"@PatAmb","schema":{"@context":"https:\/\/schema.org","@graph":[{"@type":"Article","@id":"https:\/\/patagoniambiental.com.ar\/info\/ambiente-de-rio-negro-inspecciono-avance-de-obra-en-mancha-blanca\/#article","isPartOf":{"@id":"https:\/\/patagoniambiental.com.ar\/info\/ambiente-de-rio-negro-inspecciono-avance-de-obra-en-mancha-blanca\/"},"author":{"name":"Patagonia Ambiental","@id":"https:\/\/patagoniambiental.com.ar\/info\/#\/schema\/person\/db12bff64bbcbf6a253710bf0ea37b5d"},"headline":"Ambiente de R\u00edo Negro inspeccion\u00f3 avance de obra en Mancha Blanca","datePublished":"2015-12-23T12:00:55+00:00","mainEntityOfPage":{"@id":"https:\/\/patagoniambiental.com.ar\/info\/ambiente-de-rio-negro-inspecciono-avance-de-obra-en-mancha-blanca\/"},"wordCount":259,"publisher":{"@id":"https:\/\/patagoniambiental.com.ar\/info\/#organization"},"image":{"@id":"https:\/\/patagoniambiental.com.ar\/info\/ambiente-de-rio-negro-inspecciono-avance-de-obra-en-mancha-blanca\/#primaryimage"},"thumbnailUrl":"","articleSection":["Noticias"],"inLanguage":"es"},{"@type":"WebPage","@id":"https:\/\/patagoniambiental.com.ar\/info\/ambiente-de-rio-negro-inspecciono-avance-de-obra-en-mancha-blanca\/","url":"https:\/\/patagoniambiental.com.ar\/info\/ambiente-de-rio-negro-inspecciono-avance-de-obra-en-mancha-blanca\/","name":"Ambiente de R\u00edo Negro inspeccion\u00f3 avance de obra en Mancha Blanca","isPartOf":{"@id":"https:\/\/patagoniambiental.com.ar\/info\/#website"},"primaryImageOfPage":{"@id":"https:\/\/patagoniambiental.com.ar\/info\/ambiente-de-rio-negro-inspecciono-avance-de-obra-en-mancha-blanca\/#primaryimage"},"image":{"@id":"https:\/\/patagoniambiental.com.ar\/info\/ambiente-de-rio-negro-inspecciono-avance-de-obra-en-mancha-blanca\/#primaryimage"},"thumbnailUrl":"","datePublished":"2015-12-23T12:00:55+00:00","breadcrumb":{"@id":"https:\/\/patagoniambiental.com.ar\/info\/ambiente-de-rio-negro-inspecciono-avance-de-obra-en-mancha-blanca\/#breadcrumb"},"inLanguage":"es","potentialAction":[{"@type":"ReadAction","target":["https:\/\/patagoniambiental.com.ar\/info\/ambiente-de-rio-negro-inspecciono-avance-de-obra-en-mancha-blanca\/"]}]},{"@type":"ImageObject","inLanguage":"es","@id":"https:\/\/patagoniambiental.com.ar\/info\/ambiente-de-rio-negro-inspecciono-avance-de-obra-en-mancha-blanca\/#primaryimage","url":"","contentUrl":""},{"@type":"BreadcrumbList","@id":"https:\/\/patagoniambiental.com.ar\/info\/ambiente-de-rio-negro-inspecciono-avance-de-obra-en-mancha-blanca\/#breadcrumb","itemListElement":[{"@type":"ListItem","position":1,"name":"Inicio","item":"https:\/\/patagoniambiental.com.ar\/info\/"},{"@type":"ListItem","position":2,"name":"Ambiente de R\u00edo Negro inspeccion\u00f3 avance de obra en Mancha Blanca"}]},{"@type":"WebSite","@id":"https:\/\/patagoniambiental.com.ar\/info\/#website","url":"https:\/\/patagoniambiental.com.ar\/info\/","name":"Patagonia Ambiental","description":"Monitoreo y an\u00e1lisis de la situaci\u00f3n geopol\u00edtica en el mundo y su implicancia en la Patagonia","publisher":{"@id":"https:\/\/patagoniambiental.com.ar\/info\/#organization"},"potentialAction":[{"@type":"SearchAction","target":{"@type":"EntryPoint","urlTemplate":"https:\/\/patagoniambiental.com.ar\/info\/?s={search_term_string}"},"query-input":{"@type":"PropertyValueSpecification","valueRequired":true,"valueName":"search_term_string"}}],"inLanguage":"es"},{"@type":"Organization","@id":"https:\/\/patagoniambiental.com.ar\/info\/#organization","name":"Patagonia Ambiental","url":"https:\/\/patagoniambiental.com.ar\/info\/","logo":{"@type":"ImageObject","inLanguage":"es","@id":"https:\/\/patagoniambiental.com.ar\/info\/#\/schema\/logo\/image\/","url":"https:\/\/patagoniambiental.com.ar\/info\/wp-content\/uploads\/2025\/05\/LOGO-PATAGONIA-AMBIENTAL.png","contentUrl":"https:\/\/patagoniambiental.com.ar\/info\/wp-content\/uploads\/2025\/05\/LOGO-PATAGONIA-AMBIENTAL.png","width":433,"height":250,"caption":"Patagonia Ambiental"},"image":{"@id":"https:\/\/patagoniambiental.com.ar\/info\/#\/schema\/logo\/image\/"},"sameAs":["https:\/\/www.facebook.com\/patagonia.ambiental","https:\/\/x.com\/PatAmb"]},{"@type":"Person","@id":"https:\/\/patagoniambiental.com.ar\/info\/#\/schema\/person\/db12bff64bbcbf6a253710bf0ea37b5d","name":"Patagonia Ambiental","description":"Andr\u00e9s Nievas T\u00e9cnico en manejo ambiental, consultor Ambiental y escritor para medios locales e internacionales sobre temas de geopolitica y medio ambiente.","sameAs":["http:\/\/www.patagoniambiental.com.ar","https:\/\/www.facebook.com\/share\/1C1V8Gv9BX\/?mibextid=qi2Omg","@patagoniambiental","https:\/\/youtube.com\/@patagoniaambiental2023?si=BLt58t0wuXquxlYZ"]}]}},"_links":{"self":[{"href":"https:\/\/patagoniambiental.com.ar\/info\/wp-json\/wp\/v2\/posts\/16179","targetHints":{"allow":["GET"]}}],"collection":[{"href":"https:\/\/patagoniambiental.com.ar\/info\/wp-json\/wp\/v2\/posts"}],"about":[{"href":"https:\/\/patagoniambiental.com.ar\/info\/wp-json\/wp\/v2\/types\/post"}],"author":[{"embeddable":true,"href":"https:\/\/patagoniambiental.com.ar\/info\/wp-json\/wp\/v2\/users\/2"}],"replies":[{"embeddable":true,"href":"https:\/\/patagoniambiental.com.ar\/info\/wp-json\/wp\/v2\/comments?post=16179"}],"version-history":[{"count":0,"href":"https:\/\/patagoniambiental.com.ar\/info\/wp-json\/wp\/v2\/posts\/16179\/revisions"}],"wp:featuredmedia":[{"embeddable":true,"href":"https:\/\/patagoniambiental.com.ar\/info\/wp-json\/"}],"wp:attachment":[{"href":"https:\/\/patagoniambiental.com.ar\/info\/wp-json\/wp\/v2\/media?parent=16179"}],"wp:term":[{"taxonomy":"category","embeddable":true,"href":"https:\/\/patagoniambiental.com.ar\/info\/wp-json\/wp\/v2\/categories?post=16179"},{"taxonomy":"post_tag","embeddable":true,"href":"https:\/\/patagoniambiental.com.ar\/info\/wp-json\/wp\/v2\/tags?post=16179"}],"curies":[{"name":"wp","href":"https:\/\/api.w.org\/{rel}","templated":true}]}}