{"id":16182,"date":"2015-12-23T09:00:00","date_gmt":"2015-12-23T12:00:00","guid":{"rendered":"http:\/\/patagoniambiental.com.ar\/?p=16182"},"modified":"2015-12-23T09:00:00","modified_gmt":"2015-12-23T12:00:00","slug":"operativo-conjunto-entre-la-secretaria-de-ambiente-turismo-y-la-municipalidadde-viedma-cerca-de-la-loberia","status":"publish","type":"post","link":"https:\/\/patagoniambiental.com.ar\/info\/operativo-conjunto-entre-la-secretaria-de-ambiente-turismo-y-la-municipalidadde-viedma-cerca-de-la-loberia\/","title":{"rendered":"Operativo conjunto entre la Secretar\u00eda de Ambiente, Turismo y la Municipalidadde Viedma cerca de La Lober\u00eda"},"content":{"rendered":"<p align=\"JUSTIFY\"><b><\/b><span style=\"font-family: Asap;\"><span style=\"font-size: large;\">Se realizaron operativos conjuntos entre la Secretar\u00eda de Ambiente y Desarrollo Sustentable, el Ministerio de Turismo y la Municipalidad de Viedma.<\/span><\/span><\/p>\n<p align=\"JUSTIFY\"><span style=\"font-family: Asap;\"><span style=\"font-size: large;\">Los<\/span><\/span> <span style=\"font-family: Asap;\"><span style=\"font-size: large;\">mismos<\/span><\/span> <span style=\"font-family: Asap;\"><span style=\"font-size: large;\">fueron<\/span><\/span> <span style=\"font-family: Asap;\"><span style=\"font-size: large;\">llevados<\/span><\/span> <span style=\"font-family: Asap;\"><span style=\"font-size: large;\">a<\/span><\/span> <span style=\"font-family: Asap;\"><span style=\"font-size: large;\">cabo<\/span><\/span> <span style=\"font-family: Asap;\"><span style=\"font-size: large;\">con<\/span><\/span> <span style=\"font-family: Asap;\"><span style=\"font-size: large;\">motivo<\/span><\/span> <span style=\"font-family: Asap;\"><span style=\"font-size: large;\">de<\/span><\/span> <span style=\"font-family: Asap;\"><span style=\"font-size: large;\">haber<\/span><\/span> <span style=\"font-family: Asap;\"><span style=\"font-size: large;\">tomado<\/span><\/span> <span style=\"font-family: Asap;\"><span style=\"font-size: large;\">conocimiento<\/span><\/span> <span style=\"font-family: Asap;\"><span style=\"font-size: large;\">de<\/span><\/span> <span style=\"font-family: Asap;\"><span style=\"font-size: large;\">que<\/span><\/span> <span style=\"font-family: Asap;\"><span style=\"font-size: large;\">se<\/span><\/span> <span style=\"font-family: Asap;\"><span style=\"font-size: large;\">estaban<\/span><\/span> <span style=\"font-family: Asap;\"><span style=\"font-size: large;\">realizando<\/span><\/span> <span style=\"font-family: Asap;\"><span style=\"font-size: large;\">trabajos\u00a0<\/span><\/span><span style=\"font-family: Asap;\"><span style=\"font-size: large;\">ilegales<\/span><\/span> <span style=\"font-family: Asap;\"><span style=\"font-size: large;\">de<\/span><\/span> <span style=\"font-family: Asap;\"><span style=\"font-size: large;\">apertura<\/span><\/span> <span style=\"font-family: Asap;\"><span style=\"font-size: large;\">de<\/span><\/span> <span style=\"font-family: Asap;\"><span style=\"font-size: large;\">accesos<\/span><\/span> <span style=\"font-family: Asap;\"><span style=\"font-size: large;\">a<\/span><\/span> <span style=\"font-family: Asap;\"><span style=\"font-size: large;\">la<\/span><\/span> <span style=\"font-family: Asap;\"><span style=\"font-size: large;\">costa<\/span><\/span> <span style=\"font-family: Asap;\"><span style=\"font-size: large;\">en<\/span><\/span> <span style=\"font-family: Asap;\"><span style=\"font-size: large;\">zonas<\/span><\/span> <span style=\"font-family: Asap;\"><span style=\"font-size: large;\">cercanas<\/span><\/span> <span style=\"font-family: Asap;\"><span style=\"font-size: large;\">al<\/span><\/span> <span style=\"font-family: Asap;\"><span style=\"font-size: large;\">centro<\/span><\/span> <span style=\"font-family: Asap;\"><span style=\"font-size: large;\">de<\/span><\/span> <span style=\"font-family: Asap;\"><span style=\"font-size: large;\">interpretaci\u00f3n<\/span><\/span> <span style=\"font-family: Asap;\"><span style=\"font-size: large;\">de<\/span><\/span> <span style=\"font-family: Asap;\"><span style=\"font-size: large;\">La<\/span><\/span> <span style=\"font-family: Asap;\"><span style=\"font-size: large;\">Lober\u00eda.<\/span><\/span><\/p>\n<p align=\"JUSTIFY\"><span style=\"font-family: Asap;\"><span style=\"font-size: large;\">En dichas inspecciones se constat\u00f3 la presencia de maquinaria llevando a cabo tareas en la zona pr\u00f3xima al acantilado, con el consiguiente movimiento de suelos y material removido, sin poseer autorizaci\u00f3n para ello por parte de las autoridades competentes en la materia.<\/span><\/span><\/p>\n<p align=\"JUSTIFY\"><span style=\"font-family: Asap;\"><span style=\"font-size: large;\">Cabe se\u00f1alar que las intervenciones antr\u00f3picas directas en la costa se consideran generadoras o disparadoras de procesos ambientalmente negativos por cuanto aumentan la inestabilidad de los acantilados, por inducci\u00f3n de la erosi\u00f3n y, en este caso particular, podr\u00eda conllevar adem\u00e1s una afectaci\u00f3n negativa sobre el \u00c1rea Protegida Punta Bermeja &#8211; La Lober\u00eda.<\/span><\/span><\/p>\n<p align=\"JUSTIFY\"><span style=\"font-family: Asap;\"><span style=\"font-size: large;\">Los inspectores actuantes determinaron la suspensi\u00f3n preventiva de todas las actividades en el predio en cuesti\u00f3n, como as\u00ed tambi\u00e9n exigieron el retiro de la maquinaria y prohibieron innovar en lo sucesivo, mientras que se tramita el procedimiento sumarial correspondiente.<\/span><\/span><\/p>\n<p>&nbsp;<\/p>\n","protected":false},"excerpt":{"rendered":"<p>Se realizaron operativos conjuntos entre la Secretar\u00eda de Ambiente y Desarrollo Sustentable, el Ministerio de Turismo y la Municipalidad de [&hellip;]<\/p>\n","protected":false},"author":2,"featured_media":16183,"comment_status":"closed","ping_status":"closed","sticky":false,"template":"","format":"standard","meta":{"site-sidebar-layout":"default","site-content-layout":"","ast-site-content-layout":"default","site-content-style":"default","site-sidebar-style":"default","ast-global-header-display":"","ast-banner-title-visibility":"","ast-main-header-display":"","ast-hfb-above-header-display":"","ast-hfb-below-header-display":"","ast-hfb-mobile-header-display":"","site-post-title":"","ast-breadcrumbs-content":"","ast-featured-img":"","footer-sml-layout":"","ast-disable-related-posts":"","theme-transparent-header-meta":"","adv-header-id-meta":"","stick-header-meta":"","header-above-stick-meta":"","header-main-stick-meta":"","header-below-stick-meta":"","astra-migrate-meta-layouts":"default","ast-page-background-enabled":"default","ast-page-background-meta":{"desktop":{"background-color":"var(--ast-global-color-5)","background-image":"","background-repeat":"repeat","background-position":"center center","background-size":"auto","background-attachment":"scroll","background-type":"","background-media":"","overlay-type":"","overlay-color":"","overlay-opacity":"","overlay-gradient":""},"tablet":{"background-color":"","background-image":"","background-repeat":"repeat","background-position":"center center","background-size":"auto","background-attachment":"scroll","background-type":"","background-media":"","overlay-type":"","overlay-color":"","overlay-opacity":"","overlay-gradient":""},"mobile":{"background-color":"","background-image":"","background-repeat":"repeat","background-position":"center center","background-size":"auto","background-attachment":"scroll","background-type":"","background-media":"","overlay-type":"","overlay-color":"","overlay-opacity":"","overlay-gradient":""}},"ast-content-background-meta":{"desktop":{"background-color":"var(--ast-global-color-4)","background-image":"","background-repeat":"repeat","background-position":"center center","background-size":"auto","background-attachment":"scroll","background-type":"","background-media":"","overlay-type":"","overlay-color":"","overlay-opacity":"","overlay-gradient":""},"tablet":{"background-color":"var(--ast-global-color-4)","background-image":"","background-repeat":"repeat","background-position":"center center","background-size":"auto","background-attachment":"scroll","background-type":"","background-media":"","overlay-type":"","overlay-color":"","overlay-opacity":"","overlay-gradient":""},"mobile":{"background-color":"var(--ast-global-color-4)","background-image":"","background-repeat":"repeat","background-position":"center center","background-size":"auto","background-attachment":"scroll","background-type":"","background-media":"","overlay-type":"","overlay-color":"","overlay-opacity":"","overlay-gradient":""}},"footnotes":""},"categories":[1],"tags":[],"class_list":["post-16182","post","type-post","status-publish","format-standard","has-post-thumbnail","hentry","category-noticias"],"yoast_head":"<!-- This site is optimized with the Yoast SEO Premium plugin v23.0 (Yoast SEO v27.5) - https:\/\/yoast.com\/product\/yoast-seo-premium-wordpress\/ -->\n<title>Operativo conjunto entre la Secretar\u00eda de Ambiente, Turismo y la Municipalidadde Viedma cerca de La Lober\u00eda<\/title>\n<meta name=\"robots\" content=\"index, follow, max-snippet:-1, max-image-preview:large, max-video-preview:-1\" \/>\n<link rel=\"canonical\" href=\"https:\/\/patagoniambiental.com.ar\/info\/operativo-conjunto-entre-la-secretaria-de-ambiente-turismo-y-la-municipalidadde-viedma-cerca-de-la-loberia\/\" \/>\n<meta property=\"og:locale\" content=\"es_ES\" \/>\n<meta property=\"og:type\" content=\"article\" \/>\n<meta property=\"og:title\" content=\"Operativo conjunto entre la Secretar\u00eda de Ambiente, Turismo y la Municipalidadde Viedma cerca de La Lober\u00eda\" \/>\n<meta property=\"og:description\" content=\"Se realizaron operativos conjuntos entre la Secretar\u00eda de Ambiente y Desarrollo Sustentable, el Ministerio de Turismo y la Municipalidad de [&hellip;]\" \/>\n<meta property=\"og:url\" content=\"https:\/\/patagoniambiental.com.ar\/info\/operativo-conjunto-entre-la-secretaria-de-ambiente-turismo-y-la-municipalidadde-viedma-cerca-de-la-loberia\/\" \/>\n<meta property=\"og:site_name\" content=\"Patagonia Ambiental\" \/>\n<meta property=\"article:publisher\" content=\"https:\/\/www.facebook.com\/patagonia.ambiental\" \/>\n<meta property=\"article:author\" content=\"https:\/\/www.facebook.com\/share\/1C1V8Gv9BX\/?mibextid=qi2Omg\" \/>\n<meta property=\"article:published_time\" content=\"2015-12-23T12:00:00+00:00\" \/>\n<meta name=\"author\" content=\"Patagonia Ambiental\" \/>\n<meta name=\"twitter:card\" content=\"summary_large_image\" \/>\n<meta name=\"twitter:creator\" content=\"@PatAmb\" \/>\n<meta name=\"twitter:site\" content=\"@PatAmb\" \/>\n<script type=\"application\/ld+json\" class=\"yoast-schema-graph\">{\"@context\":\"https:\\\/\\\/schema.org\",\"@graph\":[{\"@type\":\"Article\",\"@id\":\"https:\\\/\\\/patagoniambiental.com.ar\\\/info\\\/operativo-conjunto-entre-la-secretaria-de-ambiente-turismo-y-la-municipalidadde-viedma-cerca-de-la-loberia\\\/#article\",\"isPartOf\":{\"@id\":\"https:\\\/\\\/patagoniambiental.com.ar\\\/info\\\/operativo-conjunto-entre-la-secretaria-de-ambiente-turismo-y-la-municipalidadde-viedma-cerca-de-la-loberia\\\/\"},\"author\":{\"name\":\"Patagonia Ambiental\",\"@id\":\"https:\\\/\\\/patagoniambiental.com.ar\\\/info\\\/#\\\/schema\\\/person\\\/db12bff64bbcbf6a253710bf0ea37b5d\"},\"headline\":\"Operativo conjunto entre la Secretar\u00eda de Ambiente, Turismo y la Municipalidadde Viedma cerca de La Lober\u00eda\",\"datePublished\":\"2015-12-23T12:00:00+00:00\",\"mainEntityOfPage\":{\"@id\":\"https:\\\/\\\/patagoniambiental.com.ar\\\/info\\\/operativo-conjunto-entre-la-secretaria-de-ambiente-turismo-y-la-municipalidadde-viedma-cerca-de-la-loberia\\\/\"},\"wordCount\":225,\"publisher\":{\"@id\":\"https:\\\/\\\/patagoniambiental.com.ar\\\/info\\\/#organization\"},\"image\":{\"@id\":\"https:\\\/\\\/patagoniambiental.com.ar\\\/info\\\/operativo-conjunto-entre-la-secretaria-de-ambiente-turismo-y-la-municipalidadde-viedma-cerca-de-la-loberia\\\/#primaryimage\"},\"thumbnailUrl\":\"\",\"articleSection\":[\"Noticias\"],\"inLanguage\":\"es\"},{\"@type\":\"WebPage\",\"@id\":\"https:\\\/\\\/patagoniambiental.com.ar\\\/info\\\/operativo-conjunto-entre-la-secretaria-de-ambiente-turismo-y-la-municipalidadde-viedma-cerca-de-la-loberia\\\/\",\"url\":\"https:\\\/\\\/patagoniambiental.com.ar\\\/info\\\/operativo-conjunto-entre-la-secretaria-de-ambiente-turismo-y-la-municipalidadde-viedma-cerca-de-la-loberia\\\/\",\"name\":\"Operativo conjunto entre la Secretar\u00eda de Ambiente, Turismo y la Municipalidadde Viedma cerca de La Lober\u00eda\",\"isPartOf\":{\"@id\":\"https:\\\/\\\/patagoniambiental.com.ar\\\/info\\\/#website\"},\"primaryImageOfPage\":{\"@id\":\"https:\\\/\\\/patagoniambiental.com.ar\\\/info\\\/operativo-conjunto-entre-la-secretaria-de-ambiente-turismo-y-la-municipalidadde-viedma-cerca-de-la-loberia\\\/#primaryimage\"},\"image\":{\"@id\":\"https:\\\/\\\/patagoniambiental.com.ar\\\/info\\\/operativo-conjunto-entre-la-secretaria-de-ambiente-turismo-y-la-municipalidadde-viedma-cerca-de-la-loberia\\\/#primaryimage\"},\"thumbnailUrl\":\"\",\"datePublished\":\"2015-12-23T12:00:00+00:00\",\"breadcrumb\":{\"@id\":\"https:\\\/\\\/patagoniambiental.com.ar\\\/info\\\/operativo-conjunto-entre-la-secretaria-de-ambiente-turismo-y-la-municipalidadde-viedma-cerca-de-la-loberia\\\/#breadcrumb\"},\"inLanguage\":\"es\",\"potentialAction\":[{\"@type\":\"ReadAction\",\"target\":[\"https:\\\/\\\/patagoniambiental.com.ar\\\/info\\\/operativo-conjunto-entre-la-secretaria-de-ambiente-turismo-y-la-municipalidadde-viedma-cerca-de-la-loberia\\\/\"]}]},{\"@type\":\"ImageObject\",\"inLanguage\":\"es\",\"@id\":\"https:\\\/\\\/patagoniambiental.com.ar\\\/info\\\/operativo-conjunto-entre-la-secretaria-de-ambiente-turismo-y-la-municipalidadde-viedma-cerca-de-la-loberia\\\/#primaryimage\",\"url\":\"\",\"contentUrl\":\"\"},{\"@type\":\"BreadcrumbList\",\"@id\":\"https:\\\/\\\/patagoniambiental.com.ar\\\/info\\\/operativo-conjunto-entre-la-secretaria-de-ambiente-turismo-y-la-municipalidadde-viedma-cerca-de-la-loberia\\\/#breadcrumb\",\"itemListElement\":[{\"@type\":\"ListItem\",\"position\":1,\"name\":\"Inicio\",\"item\":\"https:\\\/\\\/patagoniambiental.com.ar\\\/info\\\/\"},{\"@type\":\"ListItem\",\"position\":2,\"name\":\"Operativo conjunto entre la Secretar\u00eda de Ambiente, Turismo y la Municipalidadde Viedma cerca de La Lober\u00eda\"}]},{\"@type\":\"WebSite\",\"@id\":\"https:\\\/\\\/patagoniambiental.com.ar\\\/info\\\/#website\",\"url\":\"https:\\\/\\\/patagoniambiental.com.ar\\\/info\\\/\",\"name\":\"Patagonia Ambiental\",\"description\":\"Monitoreo y an\u00e1lisis de la situaci\u00f3n geopol\u00edtica en el mundo y su implicancia en la Patagonia\",\"publisher\":{\"@id\":\"https:\\\/\\\/patagoniambiental.com.ar\\\/info\\\/#organization\"},\"potentialAction\":[{\"@type\":\"SearchAction\",\"target\":{\"@type\":\"EntryPoint\",\"urlTemplate\":\"https:\\\/\\\/patagoniambiental.com.ar\\\/info\\\/?s={search_term_string}\"},\"query-input\":{\"@type\":\"PropertyValueSpecification\",\"valueRequired\":true,\"valueName\":\"search_term_string\"}}],\"inLanguage\":\"es\"},{\"@type\":\"Organization\",\"@id\":\"https:\\\/\\\/patagoniambiental.com.ar\\\/info\\\/#organization\",\"name\":\"Patagonia Ambiental\",\"url\":\"https:\\\/\\\/patagoniambiental.com.ar\\\/info\\\/\",\"logo\":{\"@type\":\"ImageObject\",\"inLanguage\":\"es\",\"@id\":\"https:\\\/\\\/patagoniambiental.com.ar\\\/info\\\/#\\\/schema\\\/logo\\\/image\\\/\",\"url\":\"https:\\\/\\\/patagoniambiental.com.ar\\\/info\\\/wp-content\\\/uploads\\\/2025\\\/05\\\/LOGO-PATAGONIA-AMBIENTAL.png\",\"contentUrl\":\"https:\\\/\\\/patagoniambiental.com.ar\\\/info\\\/wp-content\\\/uploads\\\/2025\\\/05\\\/LOGO-PATAGONIA-AMBIENTAL.png\",\"width\":433,\"height\":250,\"caption\":\"Patagonia Ambiental\"},\"image\":{\"@id\":\"https:\\\/\\\/patagoniambiental.com.ar\\\/info\\\/#\\\/schema\\\/logo\\\/image\\\/\"},\"sameAs\":[\"https:\\\/\\\/www.facebook.com\\\/patagonia.ambiental\",\"https:\\\/\\\/x.com\\\/PatAmb\"]},{\"@type\":\"Person\",\"@id\":\"https:\\\/\\\/patagoniambiental.com.ar\\\/info\\\/#\\\/schema\\\/person\\\/db12bff64bbcbf6a253710bf0ea37b5d\",\"name\":\"Patagonia Ambiental\",\"description\":\"Andr\u00e9s Nievas T\u00e9cnico en manejo ambiental, consultor Ambiental y escritor para medios locales e internacionales sobre temas de geopolitica y medio ambiente.\",\"sameAs\":[\"http:\\\/\\\/www.patagoniambiental.com.ar\",\"https:\\\/\\\/www.facebook.com\\\/share\\\/1C1V8Gv9BX\\\/?mibextid=qi2Omg\",\"@patagoniambiental\",\"https:\\\/\\\/youtube.com\\\/@patagoniaambiental2023?si=BLt58t0wuXquxlYZ\"]}]}<\/script>\n<!-- \/ Yoast SEO Premium plugin. -->","yoast_head_json":{"title":"Operativo conjunto entre la Secretar\u00eda de Ambiente, Turismo y la Municipalidadde Viedma cerca de La Lober\u00eda","robots":{"index":"index","follow":"follow","max-snippet":"max-snippet:-1","max-image-preview":"max-image-preview:large","max-video-preview":"max-video-preview:-1"},"canonical":"https:\/\/patagoniambiental.com.ar\/info\/operativo-conjunto-entre-la-secretaria-de-ambiente-turismo-y-la-municipalidadde-viedma-cerca-de-la-loberia\/","og_locale":"es_ES","og_type":"article","og_title":"Operativo conjunto entre la Secretar\u00eda de Ambiente, Turismo y la Municipalidadde Viedma cerca de La Lober\u00eda","og_description":"Se realizaron operativos conjuntos entre la Secretar\u00eda de Ambiente y Desarrollo Sustentable, el Ministerio de Turismo y la Municipalidad de [&hellip;]","og_url":"https:\/\/patagoniambiental.com.ar\/info\/operativo-conjunto-entre-la-secretaria-de-ambiente-turismo-y-la-municipalidadde-viedma-cerca-de-la-loberia\/","og_site_name":"Patagonia Ambiental","article_publisher":"https:\/\/www.facebook.com\/patagonia.ambiental","article_author":"https:\/\/www.facebook.com\/share\/1C1V8Gv9BX\/?mibextid=qi2Omg","article_published_time":"2015-12-23T12:00:00+00:00","author":"Patagonia Ambiental","twitter_card":"summary_large_image","twitter_creator":"@PatAmb","twitter_site":"@PatAmb","schema":{"@context":"https:\/\/schema.org","@graph":[{"@type":"Article","@id":"https:\/\/patagoniambiental.com.ar\/info\/operativo-conjunto-entre-la-secretaria-de-ambiente-turismo-y-la-municipalidadde-viedma-cerca-de-la-loberia\/#article","isPartOf":{"@id":"https:\/\/patagoniambiental.com.ar\/info\/operativo-conjunto-entre-la-secretaria-de-ambiente-turismo-y-la-municipalidadde-viedma-cerca-de-la-loberia\/"},"author":{"name":"Patagonia Ambiental","@id":"https:\/\/patagoniambiental.com.ar\/info\/#\/schema\/person\/db12bff64bbcbf6a253710bf0ea37b5d"},"headline":"Operativo conjunto entre la Secretar\u00eda de Ambiente, Turismo y la Municipalidadde Viedma cerca de La Lober\u00eda","datePublished":"2015-12-23T12:00:00+00:00","mainEntityOfPage":{"@id":"https:\/\/patagoniambiental.com.ar\/info\/operativo-conjunto-entre-la-secretaria-de-ambiente-turismo-y-la-municipalidadde-viedma-cerca-de-la-loberia\/"},"wordCount":225,"publisher":{"@id":"https:\/\/patagoniambiental.com.ar\/info\/#organization"},"image":{"@id":"https:\/\/patagoniambiental.com.ar\/info\/operativo-conjunto-entre-la-secretaria-de-ambiente-turismo-y-la-municipalidadde-viedma-cerca-de-la-loberia\/#primaryimage"},"thumbnailUrl":"","articleSection":["Noticias"],"inLanguage":"es"},{"@type":"WebPage","@id":"https:\/\/patagoniambiental.com.ar\/info\/operativo-conjunto-entre-la-secretaria-de-ambiente-turismo-y-la-municipalidadde-viedma-cerca-de-la-loberia\/","url":"https:\/\/patagoniambiental.com.ar\/info\/operativo-conjunto-entre-la-secretaria-de-ambiente-turismo-y-la-municipalidadde-viedma-cerca-de-la-loberia\/","name":"Operativo conjunto entre la Secretar\u00eda de Ambiente, Turismo y la Municipalidadde Viedma cerca de La Lober\u00eda","isPartOf":{"@id":"https:\/\/patagoniambiental.com.ar\/info\/#website"},"primaryImageOfPage":{"@id":"https:\/\/patagoniambiental.com.ar\/info\/operativo-conjunto-entre-la-secretaria-de-ambiente-turismo-y-la-municipalidadde-viedma-cerca-de-la-loberia\/#primaryimage"},"image":{"@id":"https:\/\/patagoniambiental.com.ar\/info\/operativo-conjunto-entre-la-secretaria-de-ambiente-turismo-y-la-municipalidadde-viedma-cerca-de-la-loberia\/#primaryimage"},"thumbnailUrl":"","datePublished":"2015-12-23T12:00:00+00:00","breadcrumb":{"@id":"https:\/\/patagoniambiental.com.ar\/info\/operativo-conjunto-entre-la-secretaria-de-ambiente-turismo-y-la-municipalidadde-viedma-cerca-de-la-loberia\/#breadcrumb"},"inLanguage":"es","potentialAction":[{"@type":"ReadAction","target":["https:\/\/patagoniambiental.com.ar\/info\/operativo-conjunto-entre-la-secretaria-de-ambiente-turismo-y-la-municipalidadde-viedma-cerca-de-la-loberia\/"]}]},{"@type":"ImageObject","inLanguage":"es","@id":"https:\/\/patagoniambiental.com.ar\/info\/operativo-conjunto-entre-la-secretaria-de-ambiente-turismo-y-la-municipalidadde-viedma-cerca-de-la-loberia\/#primaryimage","url":"","contentUrl":""},{"@type":"BreadcrumbList","@id":"https:\/\/patagoniambiental.com.ar\/info\/operativo-conjunto-entre-la-secretaria-de-ambiente-turismo-y-la-municipalidadde-viedma-cerca-de-la-loberia\/#breadcrumb","itemListElement":[{"@type":"ListItem","position":1,"name":"Inicio","item":"https:\/\/patagoniambiental.com.ar\/info\/"},{"@type":"ListItem","position":2,"name":"Operativo conjunto entre la Secretar\u00eda de Ambiente, Turismo y la Municipalidadde Viedma cerca de La Lober\u00eda"}]},{"@type":"WebSite","@id":"https:\/\/patagoniambiental.com.ar\/info\/#website","url":"https:\/\/patagoniambiental.com.ar\/info\/","name":"Patagonia Ambiental","description":"Monitoreo y an\u00e1lisis de la situaci\u00f3n geopol\u00edtica en el mundo y su implicancia en la Patagonia","publisher":{"@id":"https:\/\/patagoniambiental.com.ar\/info\/#organization"},"potentialAction":[{"@type":"SearchAction","target":{"@type":"EntryPoint","urlTemplate":"https:\/\/patagoniambiental.com.ar\/info\/?s={search_term_string}"},"query-input":{"@type":"PropertyValueSpecification","valueRequired":true,"valueName":"search_term_string"}}],"inLanguage":"es"},{"@type":"Organization","@id":"https:\/\/patagoniambiental.com.ar\/info\/#organization","name":"Patagonia Ambiental","url":"https:\/\/patagoniambiental.com.ar\/info\/","logo":{"@type":"ImageObject","inLanguage":"es","@id":"https:\/\/patagoniambiental.com.ar\/info\/#\/schema\/logo\/image\/","url":"https:\/\/patagoniambiental.com.ar\/info\/wp-content\/uploads\/2025\/05\/LOGO-PATAGONIA-AMBIENTAL.png","contentUrl":"https:\/\/patagoniambiental.com.ar\/info\/wp-content\/uploads\/2025\/05\/LOGO-PATAGONIA-AMBIENTAL.png","width":433,"height":250,"caption":"Patagonia Ambiental"},"image":{"@id":"https:\/\/patagoniambiental.com.ar\/info\/#\/schema\/logo\/image\/"},"sameAs":["https:\/\/www.facebook.com\/patagonia.ambiental","https:\/\/x.com\/PatAmb"]},{"@type":"Person","@id":"https:\/\/patagoniambiental.com.ar\/info\/#\/schema\/person\/db12bff64bbcbf6a253710bf0ea37b5d","name":"Patagonia Ambiental","description":"Andr\u00e9s Nievas T\u00e9cnico en manejo ambiental, consultor Ambiental y escritor para medios locales e internacionales sobre temas de geopolitica y medio ambiente.","sameAs":["http:\/\/www.patagoniambiental.com.ar","https:\/\/www.facebook.com\/share\/1C1V8Gv9BX\/?mibextid=qi2Omg","@patagoniambiental","https:\/\/youtube.com\/@patagoniaambiental2023?si=BLt58t0wuXquxlYZ"]}]}},"_links":{"self":[{"href":"https:\/\/patagoniambiental.com.ar\/info\/wp-json\/wp\/v2\/posts\/16182","targetHints":{"allow":["GET"]}}],"collection":[{"href":"https:\/\/patagoniambiental.com.ar\/info\/wp-json\/wp\/v2\/posts"}],"about":[{"href":"https:\/\/patagoniambiental.com.ar\/info\/wp-json\/wp\/v2\/types\/post"}],"author":[{"embeddable":true,"href":"https:\/\/patagoniambiental.com.ar\/info\/wp-json\/wp\/v2\/users\/2"}],"replies":[{"embeddable":true,"href":"https:\/\/patagoniambiental.com.ar\/info\/wp-json\/wp\/v2\/comments?post=16182"}],"version-history":[{"count":0,"href":"https:\/\/patagoniambiental.com.ar\/info\/wp-json\/wp\/v2\/posts\/16182\/revisions"}],"wp:featuredmedia":[{"embeddable":true,"href":"https:\/\/patagoniambiental.com.ar\/info\/wp-json\/"}],"wp:attachment":[{"href":"https:\/\/patagoniambiental.com.ar\/info\/wp-json\/wp\/v2\/media?parent=16182"}],"wp:term":[{"taxonomy":"category","embeddable":true,"href":"https:\/\/patagoniambiental.com.ar\/info\/wp-json\/wp\/v2\/categories?post=16182"},{"taxonomy":"post_tag","embeddable":true,"href":"https:\/\/patagoniambiental.com.ar\/info\/wp-json\/wp\/v2\/tags?post=16182"}],"curies":[{"name":"wp","href":"https:\/\/api.w.org\/{rel}","templated":true}]}}