{"id":16185,"date":"2015-12-23T09:00:14","date_gmt":"2015-12-23T12:00:14","guid":{"rendered":"http:\/\/patagoniambiental.com.ar\/?p=16185"},"modified":"2015-12-23T09:00:14","modified_gmt":"2015-12-23T12:00:14","slug":"reasignan-fondo-de-la-ley-de-bosques","status":"publish","type":"post","link":"https:\/\/patagoniambiental.com.ar\/info\/reasignan-fondo-de-la-ley-de-bosques\/","title":{"rendered":"Reasignan fondo de la Ley de Bosques"},"content":{"rendered":"<p>El Ministro de Ambiente de la Naci\u00f3n, Sr Sergio Bergman, denunci\u00f3 que por el decreto 2585\/15, del 26 de Noviembre, 170 millones de pesos, asignados originariamente a la Ley de Bosques fueron reasignados a otras \u00e1reas, incluidos gastos corrientes del Plan Nacional del Manejo del Fuego y de la Gesti\u00f3n de Residuos S\u00f3lidos Urbanos.<\/p>\n<p>La Ley de Bosques es clara. En su art\u00edculo 30 el \u00ab<em>Fondo Nacional para el Enriquecimiento y la Conservaci\u00f3n de los Bosques Nativos, con el objeto de compensar a las jurisdicciones que conservan los bosques nativos, por los servicios ambientales que \u00e9stos brindan<\/em>\u00ab. Este fondo, seg\u00fan estipula en su art\u00edculo 31, estar\u00e1 integrado por las partidas presupuestarias que le sean anualmente asignadas a fin de dar cumplimiento a la presente ley, las que no podr\u00e1n ser inferiores al 0,3% del presupuesto nacional. A esto, adem\u00e1s debe sumarse el dos por ciento (2%) del total de las retenciones a las exportaciones de productos primarios y secundarios provenientes de la agricultura, ganader\u00eda y sector forestal, correspondientes al a\u00f1o anterior del ejercicio en consideraci\u00f3n.<br \/>\nDesde su sanci\u00f3n en 2007 y reglamentaci\u00f3n en 2009, la Ley de Bosques nunca fue debidamente cumplida y nunca pudo contar con su presupuesto correspondiente, estipulado en la propia ley.<\/p>\n<p>\u00abNunca desde la sanci\u00f3n de la Ley de Bosques el presupuesto asignado lleg\u00f3 siquiera al 20% de lo que la ley marca. Si sumamos las partidas asignadas al Fondo Nacional para el Enriquecimiento y la Conservaci\u00f3n de los Bosques Nativos en estos 6 a\u00f1os desde su reglamentaci\u00f3n, los bosques nativos de nuestro pa\u00eds contaron con 1239 millones de pesos. Seg\u00fan estipula la Ley, deber\u00eda haber contado con 14.750 millones de pesos. Es decir que apenas se le asign\u00f3 a la conservaci\u00f3n de nuestros bosques el 8.5% de lo estipulado por la ley\u00bb, comenta Manuel Jaramillo, director de Conservaci\u00f3n de Fundaci\u00f3n Vida Silvestre Argentina.<\/p>\n<p>En 2016 el presupuesto para la Ley de Bosques iba a ser de 246 millones de pesos cuando, si se respetara la Ley deber\u00eda ser de 5600 millones. Esto significa que se asignaba menos del 5% de lo que la ley estipula, y a esto se suma el recorte de 170 millones de pesos anunciado ayer por el Ministro Bergman. \u00ab<em>Este anuncio del Ministro de Ambiente, nos pone en un estado a\u00fan mayor de alerta. No s\u00f3lo no puede permitirse que nuestros bosques reciban a\u00fan menos dinero. Debe trabajarse para aumentar la asignaci\u00f3n presupuestaria y para, de una vez por todas, hacer cumplir la ley. Adem\u00e1s debemos analizar la situaci\u00f3n frente a la desaparici\u00f3n de las retenciones anunciada que impactar\u00e1, tambi\u00e9n, en el presupuesto que debe asignarse a la ley <\/em>\u00ab, destaca Jaramillo.<br \/>\n\u00ab<em>Debe solucionarse de manera urgente la implementaci\u00f3n completa de la Ley de Bosques. Las provincias han avanzado en mayor o menor medida con los procesos de ordenamiento territorial, con mucho esfuerzo, y la ausencia de los recursos necesarios para implementar la ley las pone en una situaci\u00f3n delicada frente a los propietarios de tierras con bosques, que sufren una limitaci\u00f3n al uso de sus propiedades sin un incentivo adecuado<\/em>\u00ab, destaca Jaramillo.<\/p>\n<p>Los bosques concentran\u00a0m\u00e1s de la mitad de la biodiversidad terrestre del planeta. Al mismo tiempo, funcionan como\u00a0reservorio de di\u00f3xido de carbono\u00a0(uno de los principales gases que causan el efecto invernadero), al punto tal que, cerca de un 20% de las emisiones globales de estos gases, provienen de la deforestaci\u00f3n y la degradaci\u00f3n de bosques. A su vez, aportan a las poblaciones cercanas fuentes de prote\u00ednas, plantas medicinales, materiales para la construcci\u00f3n y combustible\u00a0en forma directa. Y, en forma indirecta, contribuyen a la conservaci\u00f3n de las fuentes de agua, la prevenci\u00f3n de inundaciones y protecci\u00f3n para los suelos.<\/p>\n<p>En la Argentina, los bosques nativos est\u00e1n en proceso degradaci\u00f3n\u00a0por la deforestaci\u00f3n. Desde 1990 en la Argentina perdimos 7.5 millones de hect\u00e1reas de bosques (es el equivalente a la provincia de Formosa) que en la \u00faltima d\u00e9cada se ha llevado a raz\u00f3n de\u00a0300.000 hect\u00e1reas anuales, y el uso inadecuado de los recursos que \u00e9stos proveen.\u00a0Un bosque degradado es un bosque que pierde su diversidad biol\u00f3gica, las posibilidades de sostener actividades econ\u00f3micas, y las posibilidades de ese ambiente de proveer servicios ambientales como la regulaci\u00f3n del clima y del agua.<\/p>\n<p>\u00ab<em>Para que entendamos la importancia de nuestros bosques podemos pensar en que cada hect\u00e1rea de la selva misionera atesora, al menos, 189.5 toneladas de di\u00f3xido de carbono, principal gas responsable del Cambio Clim\u00e1tico. La deforestaci\u00f3n es responsable del 20% de la Emisi\u00f3n de estos gases a nivel global.\u00a0 Nuestro pa\u00eds posee un reservorio invaluable de di\u00f3xido de carbono en sus bosque. As\u00ed, se estima que los bosques nativos que quedan en la Argentina resguardan 9.300 millones de toneladas de CO2,<\/em><em> es decir que pueden compensar las emisiones de <\/em><em>los autos, camiones, aviones, usinas, industrias, ganado y cultivos argentinos en 18 a\u00f1os, seg\u00fan c\u00e1lculos de la Secretar\u00eda de Ambiente de la Naci\u00f3n. Y cada vez m\u00e1s, los estamos dejando desprotegidos<\/em>\u00ab, concluye Jaramillo.<\/p>\n<p>Fuente: Fundaci\u00f3n Vida Silvestre<\/p>\n","protected":false},"excerpt":{"rendered":"<p>El Ministro de Ambiente de la Naci\u00f3n, Sr Sergio Bergman, denunci\u00f3 que por el decreto 2585\/15, del 26 de Noviembre, [&hellip;]<\/p>\n","protected":false},"author":2,"featured_media":16186,"comment_status":"closed","ping_status":"closed","sticky":false,"template":"","format":"standard","meta":{"site-sidebar-layout":"default","site-content-layout":"","ast-site-content-layout":"default","site-content-style":"default","site-sidebar-style":"default","ast-global-header-display":"","ast-banner-title-visibility":"","ast-main-header-display":"","ast-hfb-above-header-display":"","ast-hfb-below-header-display":"","ast-hfb-mobile-header-display":"","site-post-title":"","ast-breadcrumbs-content":"","ast-featured-img":"","footer-sml-layout":"","ast-disable-related-posts":"","theme-transparent-header-meta":"","adv-header-id-meta":"","stick-header-meta":"","header-above-stick-meta":"","header-main-stick-meta":"","header-below-stick-meta":"","astra-migrate-meta-layouts":"default","ast-page-background-enabled":"default","ast-page-background-meta":{"desktop":{"background-color":"var(--ast-global-color-5)","background-image":"","background-repeat":"repeat","background-position":"center center","background-size":"auto","background-attachment":"scroll","background-type":"","background-media":"","overlay-type":"","overlay-color":"","overlay-opacity":"","overlay-gradient":""},"tablet":{"background-color":"","background-image":"","background-repeat":"repeat","background-position":"center center","background-size":"auto","background-attachment":"scroll","background-type":"","background-media":"","overlay-type":"","overlay-color":"","overlay-opacity":"","overlay-gradient":""},"mobile":{"background-color":"","background-image":"","background-repeat":"repeat","background-position":"center center","background-size":"auto","background-attachment":"scroll","background-type":"","background-media":"","overlay-type":"","overlay-color":"","overlay-opacity":"","overlay-gradient":""}},"ast-content-background-meta":{"desktop":{"background-color":"var(--ast-global-color-4)","background-image":"","background-repeat":"repeat","background-position":"center center","background-size":"auto","background-attachment":"scroll","background-type":"","background-media":"","overlay-type":"","overlay-color":"","overlay-opacity":"","overlay-gradient":""},"tablet":{"background-color":"var(--ast-global-color-4)","background-image":"","background-repeat":"repeat","background-position":"center center","background-size":"auto","background-attachment":"scroll","background-type":"","background-media":"","overlay-type":"","overlay-color":"","overlay-opacity":"","overlay-gradient":""},"mobile":{"background-color":"var(--ast-global-color-4)","background-image":"","background-repeat":"repeat","background-position":"center center","background-size":"auto","background-attachment":"scroll","background-type":"","background-media":"","overlay-type":"","overlay-color":"","overlay-opacity":"","overlay-gradient":""}},"footnotes":""},"categories":[1],"tags":[],"class_list":["post-16185","post","type-post","status-publish","format-standard","has-post-thumbnail","hentry","category-noticias"],"yoast_head":"<!-- This site is optimized with the Yoast SEO Premium plugin v23.0 (Yoast SEO v27.5) - https:\/\/yoast.com\/product\/yoast-seo-premium-wordpress\/ -->\n<title>Reasignan fondo de la Ley de Bosques<\/title>\n<meta name=\"robots\" content=\"index, follow, max-snippet:-1, max-image-preview:large, max-video-preview:-1\" \/>\n<link rel=\"canonical\" href=\"https:\/\/patagoniambiental.com.ar\/info\/reasignan-fondo-de-la-ley-de-bosques\/\" \/>\n<meta property=\"og:locale\" content=\"es_ES\" \/>\n<meta property=\"og:type\" content=\"article\" \/>\n<meta property=\"og:title\" content=\"Reasignan fondo de la Ley de Bosques\" \/>\n<meta property=\"og:description\" content=\"El Ministro de Ambiente de la Naci\u00f3n, Sr Sergio Bergman, denunci\u00f3 que por el decreto 2585\/15, del 26 de Noviembre, [&hellip;]\" \/>\n<meta property=\"og:url\" content=\"https:\/\/patagoniambiental.com.ar\/info\/reasignan-fondo-de-la-ley-de-bosques\/\" \/>\n<meta property=\"og:site_name\" content=\"Patagonia Ambiental\" \/>\n<meta property=\"article:publisher\" content=\"https:\/\/www.facebook.com\/patagonia.ambiental\" \/>\n<meta property=\"article:author\" content=\"https:\/\/www.facebook.com\/share\/1C1V8Gv9BX\/?mibextid=qi2Omg\" \/>\n<meta property=\"article:published_time\" content=\"2015-12-23T12:00:14+00:00\" \/>\n<meta name=\"author\" content=\"Patagonia Ambiental\" \/>\n<meta name=\"twitter:card\" content=\"summary_large_image\" \/>\n<meta name=\"twitter:creator\" content=\"@PatAmb\" \/>\n<meta name=\"twitter:site\" content=\"@PatAmb\" \/>\n<script type=\"application\/ld+json\" class=\"yoast-schema-graph\">{\"@context\":\"https:\\\/\\\/schema.org\",\"@graph\":[{\"@type\":\"Article\",\"@id\":\"https:\\\/\\\/patagoniambiental.com.ar\\\/info\\\/reasignan-fondo-de-la-ley-de-bosques\\\/#article\",\"isPartOf\":{\"@id\":\"https:\\\/\\\/patagoniambiental.com.ar\\\/info\\\/reasignan-fondo-de-la-ley-de-bosques\\\/\"},\"author\":{\"name\":\"Patagonia Ambiental\",\"@id\":\"https:\\\/\\\/patagoniambiental.com.ar\\\/info\\\/#\\\/schema\\\/person\\\/db12bff64bbcbf6a253710bf0ea37b5d\"},\"headline\":\"Reasignan fondo de la Ley de Bosques\",\"datePublished\":\"2015-12-23T12:00:14+00:00\",\"mainEntityOfPage\":{\"@id\":\"https:\\\/\\\/patagoniambiental.com.ar\\\/info\\\/reasignan-fondo-de-la-ley-de-bosques\\\/\"},\"wordCount\":878,\"publisher\":{\"@id\":\"https:\\\/\\\/patagoniambiental.com.ar\\\/info\\\/#organization\"},\"image\":{\"@id\":\"https:\\\/\\\/patagoniambiental.com.ar\\\/info\\\/reasignan-fondo-de-la-ley-de-bosques\\\/#primaryimage\"},\"thumbnailUrl\":\"\",\"articleSection\":[\"Noticias\"],\"inLanguage\":\"es\"},{\"@type\":\"WebPage\",\"@id\":\"https:\\\/\\\/patagoniambiental.com.ar\\\/info\\\/reasignan-fondo-de-la-ley-de-bosques\\\/\",\"url\":\"https:\\\/\\\/patagoniambiental.com.ar\\\/info\\\/reasignan-fondo-de-la-ley-de-bosques\\\/\",\"name\":\"Reasignan fondo de la Ley de Bosques\",\"isPartOf\":{\"@id\":\"https:\\\/\\\/patagoniambiental.com.ar\\\/info\\\/#website\"},\"primaryImageOfPage\":{\"@id\":\"https:\\\/\\\/patagoniambiental.com.ar\\\/info\\\/reasignan-fondo-de-la-ley-de-bosques\\\/#primaryimage\"},\"image\":{\"@id\":\"https:\\\/\\\/patagoniambiental.com.ar\\\/info\\\/reasignan-fondo-de-la-ley-de-bosques\\\/#primaryimage\"},\"thumbnailUrl\":\"\",\"datePublished\":\"2015-12-23T12:00:14+00:00\",\"breadcrumb\":{\"@id\":\"https:\\\/\\\/patagoniambiental.com.ar\\\/info\\\/reasignan-fondo-de-la-ley-de-bosques\\\/#breadcrumb\"},\"inLanguage\":\"es\",\"potentialAction\":[{\"@type\":\"ReadAction\",\"target\":[\"https:\\\/\\\/patagoniambiental.com.ar\\\/info\\\/reasignan-fondo-de-la-ley-de-bosques\\\/\"]}]},{\"@type\":\"ImageObject\",\"inLanguage\":\"es\",\"@id\":\"https:\\\/\\\/patagoniambiental.com.ar\\\/info\\\/reasignan-fondo-de-la-ley-de-bosques\\\/#primaryimage\",\"url\":\"\",\"contentUrl\":\"\"},{\"@type\":\"BreadcrumbList\",\"@id\":\"https:\\\/\\\/patagoniambiental.com.ar\\\/info\\\/reasignan-fondo-de-la-ley-de-bosques\\\/#breadcrumb\",\"itemListElement\":[{\"@type\":\"ListItem\",\"position\":1,\"name\":\"Inicio\",\"item\":\"https:\\\/\\\/patagoniambiental.com.ar\\\/info\\\/\"},{\"@type\":\"ListItem\",\"position\":2,\"name\":\"Reasignan fondo de la Ley de Bosques\"}]},{\"@type\":\"WebSite\",\"@id\":\"https:\\\/\\\/patagoniambiental.com.ar\\\/info\\\/#website\",\"url\":\"https:\\\/\\\/patagoniambiental.com.ar\\\/info\\\/\",\"name\":\"Patagonia Ambiental\",\"description\":\"Monitoreo y an\u00e1lisis de la situaci\u00f3n geopol\u00edtica en el mundo y su implicancia en la Patagonia\",\"publisher\":{\"@id\":\"https:\\\/\\\/patagoniambiental.com.ar\\\/info\\\/#organization\"},\"potentialAction\":[{\"@type\":\"SearchAction\",\"target\":{\"@type\":\"EntryPoint\",\"urlTemplate\":\"https:\\\/\\\/patagoniambiental.com.ar\\\/info\\\/?s={search_term_string}\"},\"query-input\":{\"@type\":\"PropertyValueSpecification\",\"valueRequired\":true,\"valueName\":\"search_term_string\"}}],\"inLanguage\":\"es\"},{\"@type\":\"Organization\",\"@id\":\"https:\\\/\\\/patagoniambiental.com.ar\\\/info\\\/#organization\",\"name\":\"Patagonia Ambiental\",\"url\":\"https:\\\/\\\/patagoniambiental.com.ar\\\/info\\\/\",\"logo\":{\"@type\":\"ImageObject\",\"inLanguage\":\"es\",\"@id\":\"https:\\\/\\\/patagoniambiental.com.ar\\\/info\\\/#\\\/schema\\\/logo\\\/image\\\/\",\"url\":\"https:\\\/\\\/patagoniambiental.com.ar\\\/info\\\/wp-content\\\/uploads\\\/2025\\\/05\\\/LOGO-PATAGONIA-AMBIENTAL.png\",\"contentUrl\":\"https:\\\/\\\/patagoniambiental.com.ar\\\/info\\\/wp-content\\\/uploads\\\/2025\\\/05\\\/LOGO-PATAGONIA-AMBIENTAL.png\",\"width\":433,\"height\":250,\"caption\":\"Patagonia Ambiental\"},\"image\":{\"@id\":\"https:\\\/\\\/patagoniambiental.com.ar\\\/info\\\/#\\\/schema\\\/logo\\\/image\\\/\"},\"sameAs\":[\"https:\\\/\\\/www.facebook.com\\\/patagonia.ambiental\",\"https:\\\/\\\/x.com\\\/PatAmb\"]},{\"@type\":\"Person\",\"@id\":\"https:\\\/\\\/patagoniambiental.com.ar\\\/info\\\/#\\\/schema\\\/person\\\/db12bff64bbcbf6a253710bf0ea37b5d\",\"name\":\"Patagonia Ambiental\",\"description\":\"Andr\u00e9s Nievas T\u00e9cnico en manejo ambiental, consultor Ambiental y escritor para medios locales e internacionales sobre temas de geopolitica y medio ambiente.\",\"sameAs\":[\"http:\\\/\\\/www.patagoniambiental.com.ar\",\"https:\\\/\\\/www.facebook.com\\\/share\\\/1C1V8Gv9BX\\\/?mibextid=qi2Omg\",\"@patagoniambiental\",\"https:\\\/\\\/youtube.com\\\/@patagoniaambiental2023?si=BLt58t0wuXquxlYZ\"]}]}<\/script>\n<!-- \/ Yoast SEO Premium plugin. -->","yoast_head_json":{"title":"Reasignan fondo de la Ley de Bosques","robots":{"index":"index","follow":"follow","max-snippet":"max-snippet:-1","max-image-preview":"max-image-preview:large","max-video-preview":"max-video-preview:-1"},"canonical":"https:\/\/patagoniambiental.com.ar\/info\/reasignan-fondo-de-la-ley-de-bosques\/","og_locale":"es_ES","og_type":"article","og_title":"Reasignan fondo de la Ley de Bosques","og_description":"El Ministro de Ambiente de la Naci\u00f3n, Sr Sergio Bergman, denunci\u00f3 que por el decreto 2585\/15, del 26 de Noviembre, [&hellip;]","og_url":"https:\/\/patagoniambiental.com.ar\/info\/reasignan-fondo-de-la-ley-de-bosques\/","og_site_name":"Patagonia Ambiental","article_publisher":"https:\/\/www.facebook.com\/patagonia.ambiental","article_author":"https:\/\/www.facebook.com\/share\/1C1V8Gv9BX\/?mibextid=qi2Omg","article_published_time":"2015-12-23T12:00:14+00:00","author":"Patagonia Ambiental","twitter_card":"summary_large_image","twitter_creator":"@PatAmb","twitter_site":"@PatAmb","schema":{"@context":"https:\/\/schema.org","@graph":[{"@type":"Article","@id":"https:\/\/patagoniambiental.com.ar\/info\/reasignan-fondo-de-la-ley-de-bosques\/#article","isPartOf":{"@id":"https:\/\/patagoniambiental.com.ar\/info\/reasignan-fondo-de-la-ley-de-bosques\/"},"author":{"name":"Patagonia Ambiental","@id":"https:\/\/patagoniambiental.com.ar\/info\/#\/schema\/person\/db12bff64bbcbf6a253710bf0ea37b5d"},"headline":"Reasignan fondo de la Ley de Bosques","datePublished":"2015-12-23T12:00:14+00:00","mainEntityOfPage":{"@id":"https:\/\/patagoniambiental.com.ar\/info\/reasignan-fondo-de-la-ley-de-bosques\/"},"wordCount":878,"publisher":{"@id":"https:\/\/patagoniambiental.com.ar\/info\/#organization"},"image":{"@id":"https:\/\/patagoniambiental.com.ar\/info\/reasignan-fondo-de-la-ley-de-bosques\/#primaryimage"},"thumbnailUrl":"","articleSection":["Noticias"],"inLanguage":"es"},{"@type":"WebPage","@id":"https:\/\/patagoniambiental.com.ar\/info\/reasignan-fondo-de-la-ley-de-bosques\/","url":"https:\/\/patagoniambiental.com.ar\/info\/reasignan-fondo-de-la-ley-de-bosques\/","name":"Reasignan fondo de la Ley de Bosques","isPartOf":{"@id":"https:\/\/patagoniambiental.com.ar\/info\/#website"},"primaryImageOfPage":{"@id":"https:\/\/patagoniambiental.com.ar\/info\/reasignan-fondo-de-la-ley-de-bosques\/#primaryimage"},"image":{"@id":"https:\/\/patagoniambiental.com.ar\/info\/reasignan-fondo-de-la-ley-de-bosques\/#primaryimage"},"thumbnailUrl":"","datePublished":"2015-12-23T12:00:14+00:00","breadcrumb":{"@id":"https:\/\/patagoniambiental.com.ar\/info\/reasignan-fondo-de-la-ley-de-bosques\/#breadcrumb"},"inLanguage":"es","potentialAction":[{"@type":"ReadAction","target":["https:\/\/patagoniambiental.com.ar\/info\/reasignan-fondo-de-la-ley-de-bosques\/"]}]},{"@type":"ImageObject","inLanguage":"es","@id":"https:\/\/patagoniambiental.com.ar\/info\/reasignan-fondo-de-la-ley-de-bosques\/#primaryimage","url":"","contentUrl":""},{"@type":"BreadcrumbList","@id":"https:\/\/patagoniambiental.com.ar\/info\/reasignan-fondo-de-la-ley-de-bosques\/#breadcrumb","itemListElement":[{"@type":"ListItem","position":1,"name":"Inicio","item":"https:\/\/patagoniambiental.com.ar\/info\/"},{"@type":"ListItem","position":2,"name":"Reasignan fondo de la Ley de Bosques"}]},{"@type":"WebSite","@id":"https:\/\/patagoniambiental.com.ar\/info\/#website","url":"https:\/\/patagoniambiental.com.ar\/info\/","name":"Patagonia Ambiental","description":"Monitoreo y an\u00e1lisis de la situaci\u00f3n geopol\u00edtica en el mundo y su implicancia en la Patagonia","publisher":{"@id":"https:\/\/patagoniambiental.com.ar\/info\/#organization"},"potentialAction":[{"@type":"SearchAction","target":{"@type":"EntryPoint","urlTemplate":"https:\/\/patagoniambiental.com.ar\/info\/?s={search_term_string}"},"query-input":{"@type":"PropertyValueSpecification","valueRequired":true,"valueName":"search_term_string"}}],"inLanguage":"es"},{"@type":"Organization","@id":"https:\/\/patagoniambiental.com.ar\/info\/#organization","name":"Patagonia Ambiental","url":"https:\/\/patagoniambiental.com.ar\/info\/","logo":{"@type":"ImageObject","inLanguage":"es","@id":"https:\/\/patagoniambiental.com.ar\/info\/#\/schema\/logo\/image\/","url":"https:\/\/patagoniambiental.com.ar\/info\/wp-content\/uploads\/2025\/05\/LOGO-PATAGONIA-AMBIENTAL.png","contentUrl":"https:\/\/patagoniambiental.com.ar\/info\/wp-content\/uploads\/2025\/05\/LOGO-PATAGONIA-AMBIENTAL.png","width":433,"height":250,"caption":"Patagonia Ambiental"},"image":{"@id":"https:\/\/patagoniambiental.com.ar\/info\/#\/schema\/logo\/image\/"},"sameAs":["https:\/\/www.facebook.com\/patagonia.ambiental","https:\/\/x.com\/PatAmb"]},{"@type":"Person","@id":"https:\/\/patagoniambiental.com.ar\/info\/#\/schema\/person\/db12bff64bbcbf6a253710bf0ea37b5d","name":"Patagonia Ambiental","description":"Andr\u00e9s Nievas T\u00e9cnico en manejo ambiental, consultor Ambiental y escritor para medios locales e internacionales sobre temas de geopolitica y medio ambiente.","sameAs":["http:\/\/www.patagoniambiental.com.ar","https:\/\/www.facebook.com\/share\/1C1V8Gv9BX\/?mibextid=qi2Omg","@patagoniambiental","https:\/\/youtube.com\/@patagoniaambiental2023?si=BLt58t0wuXquxlYZ"]}]}},"_links":{"self":[{"href":"https:\/\/patagoniambiental.com.ar\/info\/wp-json\/wp\/v2\/posts\/16185","targetHints":{"allow":["GET"]}}],"collection":[{"href":"https:\/\/patagoniambiental.com.ar\/info\/wp-json\/wp\/v2\/posts"}],"about":[{"href":"https:\/\/patagoniambiental.com.ar\/info\/wp-json\/wp\/v2\/types\/post"}],"author":[{"embeddable":true,"href":"https:\/\/patagoniambiental.com.ar\/info\/wp-json\/wp\/v2\/users\/2"}],"replies":[{"embeddable":true,"href":"https:\/\/patagoniambiental.com.ar\/info\/wp-json\/wp\/v2\/comments?post=16185"}],"version-history":[{"count":0,"href":"https:\/\/patagoniambiental.com.ar\/info\/wp-json\/wp\/v2\/posts\/16185\/revisions"}],"wp:featuredmedia":[{"embeddable":true,"href":"https:\/\/patagoniambiental.com.ar\/info\/wp-json\/"}],"wp:attachment":[{"href":"https:\/\/patagoniambiental.com.ar\/info\/wp-json\/wp\/v2\/media?parent=16185"}],"wp:term":[{"taxonomy":"category","embeddable":true,"href":"https:\/\/patagoniambiental.com.ar\/info\/wp-json\/wp\/v2\/categories?post=16185"},{"taxonomy":"post_tag","embeddable":true,"href":"https:\/\/patagoniambiental.com.ar\/info\/wp-json\/wp\/v2\/tags?post=16185"}],"curies":[{"name":"wp","href":"https:\/\/api.w.org\/{rel}","templated":true}]}}