{"id":16188,"date":"2015-12-23T09:00:35","date_gmt":"2015-12-23T12:00:35","guid":{"rendered":"http:\/\/patagoniambiental.com.ar\/?p=16188"},"modified":"2015-12-23T09:00:35","modified_gmt":"2015-12-23T12:00:35","slug":"macri-recibio-a-la-viuda-de-douglas-tompkins-para-agradecerle-por-una-donacion-de-tierras","status":"publish","type":"post","link":"https:\/\/patagoniambiental.com.ar\/info\/macri-recibio-a-la-viuda-de-douglas-tompkins-para-agradecerle-por-una-donacion-de-tierras\/","title":{"rendered":"Macri recibi\u00f3 a la viuda de Douglas Tompkins para agradecerle por una donaci\u00f3n de tierras"},"content":{"rendered":"<p class=\"primero\">El presidente Mauricio Macri\u00a0recibi\u00f3 hoy en Casa Rosada a la viuda de Douglas Tompkins<a class=\"link\" href=\"http:\/\/www.lanacion.com.ar\/1852537-murio-el-ecologista-tompkins-en-un-accidente-de-kayak\" target=\"_blank\">,<\/a> Kris, para agradecerle por una donaci\u00f3n de tierras privadas.<\/p>\n<aside class=\"banner caja2\" data-adpos=\"caja2\">\n<div id=\"eplAdDivcaja2\">El matrimonio Tompkins es due\u00f1o de extensos parques de conservaci\u00f3n en la Patagonia. Tras la muerte de Douglas, quien falleci\u00f3 a principios de diciembre\u00a0varias hect\u00e1reas fueron cedidas al Estado para la creaci\u00f3n de parques nacionales.<\/div>\n<\/aside>\n<p>Tompkins decidi\u00f3 apostar muy fuerte a las tareas ambientalistas en el sur de Chile y la Argentina. Su primer proyecto de gran envergadura fue la creaci\u00f3n del parque Pumal\u00edn, en la Patagonia, y poco despu\u00e9s fue sumando m\u00e1s tierra del este lado de la cordillera de los Andes y tambi\u00e9n incursion\u00f3 en la provincia de Corrientes.<\/p>\n<aside class=\"banner caja4\" data-adpos=\"caja4\">\n<div id=\"eplAdDivcaja4\">En una de las \u00faltimas entrevistas realizada con LA NACION, Tompkins asegur\u00f3 que no extra\u00f1aba el mundo de los negocios. \u00abEl estr\u00e9s sigue existiendo. Ahora estamos trabajando muy fuerte con el gobierno chileno para crear nuevos parque nacionales y en Corrientes estamos con un proyecto para reintroducir especies extinguidas. En t\u00e9rminos de presi\u00f3n, la situaci\u00f3n es peor que la que viv\u00eda en el mundo empresario\u00bb, sostuvo.<\/div>\n<\/aside>\n","protected":false},"excerpt":{"rendered":"<p>El presidente Mauricio Macri\u00a0recibi\u00f3 hoy en Casa Rosada a la viuda de Douglas Tompkins, Kris, para agradecerle por una donaci\u00f3n [&hellip;]<\/p>\n","protected":false},"author":2,"featured_media":16189,"comment_status":"closed","ping_status":"closed","sticky":false,"template":"","format":"standard","meta":{"site-sidebar-layout":"default","site-content-layout":"","ast-site-content-layout":"default","site-content-style":"default","site-sidebar-style":"default","ast-global-header-display":"","ast-banner-title-visibility":"","ast-main-header-display":"","ast-hfb-above-header-display":"","ast-hfb-below-header-display":"","ast-hfb-mobile-header-display":"","site-post-title":"","ast-breadcrumbs-content":"","ast-featured-img":"","footer-sml-layout":"","ast-disable-related-posts":"","theme-transparent-header-meta":"","adv-header-id-meta":"","stick-header-meta":"","header-above-stick-meta":"","header-main-stick-meta":"","header-below-stick-meta":"","astra-migrate-meta-layouts":"default","ast-page-background-enabled":"default","ast-page-background-meta":{"desktop":{"background-color":"var(--ast-global-color-5)","background-image":"","background-repeat":"repeat","background-position":"center center","background-size":"auto","background-attachment":"scroll","background-type":"","background-media":"","overlay-type":"","overlay-color":"","overlay-opacity":"","overlay-gradient":""},"tablet":{"background-color":"","background-image":"","background-repeat":"repeat","background-position":"center center","background-size":"auto","background-attachment":"scroll","background-type":"","background-media":"","overlay-type":"","overlay-color":"","overlay-opacity":"","overlay-gradient":""},"mobile":{"background-color":"","background-image":"","background-repeat":"repeat","background-position":"center center","background-size":"auto","background-attachment":"scroll","background-type":"","background-media":"","overlay-type":"","overlay-color":"","overlay-opacity":"","overlay-gradient":""}},"ast-content-background-meta":{"desktop":{"background-color":"var(--ast-global-color-4)","background-image":"","background-repeat":"repeat","background-position":"center center","background-size":"auto","background-attachment":"scroll","background-type":"","background-media":"","overlay-type":"","overlay-color":"","overlay-opacity":"","overlay-gradient":""},"tablet":{"background-color":"var(--ast-global-color-4)","background-image":"","background-repeat":"repeat","background-position":"center center","background-size":"auto","background-attachment":"scroll","background-type":"","background-media":"","overlay-type":"","overlay-color":"","overlay-opacity":"","overlay-gradient":""},"mobile":{"background-color":"var(--ast-global-color-4)","background-image":"","background-repeat":"repeat","background-position":"center center","background-size":"auto","background-attachment":"scroll","background-type":"","background-media":"","overlay-type":"","overlay-color":"","overlay-opacity":"","overlay-gradient":""}},"footnotes":""},"categories":[1],"tags":[],"class_list":["post-16188","post","type-post","status-publish","format-standard","has-post-thumbnail","hentry","category-noticias"],"yoast_head":"<!-- This site is optimized with the Yoast SEO Premium plugin v23.0 (Yoast SEO v27.5) - https:\/\/yoast.com\/product\/yoast-seo-premium-wordpress\/ -->\n<title>Macri recibi\u00f3 a la viuda de Douglas Tompkins para agradecerle por una donaci\u00f3n de tierras<\/title>\n<meta name=\"robots\" content=\"index, follow, max-snippet:-1, max-image-preview:large, max-video-preview:-1\" \/>\n<link rel=\"canonical\" href=\"https:\/\/patagoniambiental.com.ar\/info\/macri-recibio-a-la-viuda-de-douglas-tompkins-para-agradecerle-por-una-donacion-de-tierras\/\" \/>\n<meta property=\"og:locale\" content=\"es_ES\" \/>\n<meta property=\"og:type\" content=\"article\" \/>\n<meta property=\"og:title\" content=\"Macri recibi\u00f3 a la viuda de Douglas Tompkins para agradecerle por una donaci\u00f3n de tierras\" \/>\n<meta property=\"og:description\" content=\"El presidente Mauricio Macri\u00a0recibi\u00f3 hoy en Casa Rosada a la viuda de Douglas Tompkins, Kris, para agradecerle por una donaci\u00f3n [&hellip;]\" \/>\n<meta property=\"og:url\" content=\"https:\/\/patagoniambiental.com.ar\/info\/macri-recibio-a-la-viuda-de-douglas-tompkins-para-agradecerle-por-una-donacion-de-tierras\/\" \/>\n<meta property=\"og:site_name\" content=\"Patagonia Ambiental\" \/>\n<meta property=\"article:publisher\" content=\"https:\/\/www.facebook.com\/patagonia.ambiental\" \/>\n<meta property=\"article:author\" content=\"https:\/\/www.facebook.com\/share\/1C1V8Gv9BX\/?mibextid=qi2Omg\" \/>\n<meta property=\"article:published_time\" content=\"2015-12-23T12:00:35+00:00\" \/>\n<meta name=\"author\" content=\"Patagonia Ambiental\" \/>\n<meta name=\"twitter:card\" content=\"summary_large_image\" \/>\n<meta name=\"twitter:creator\" content=\"@PatAmb\" \/>\n<meta name=\"twitter:site\" content=\"@PatAmb\" \/>\n<script type=\"application\/ld+json\" class=\"yoast-schema-graph\">{\"@context\":\"https:\\\/\\\/schema.org\",\"@graph\":[{\"@type\":\"Article\",\"@id\":\"https:\\\/\\\/patagoniambiental.com.ar\\\/info\\\/macri-recibio-a-la-viuda-de-douglas-tompkins-para-agradecerle-por-una-donacion-de-tierras\\\/#article\",\"isPartOf\":{\"@id\":\"https:\\\/\\\/patagoniambiental.com.ar\\\/info\\\/macri-recibio-a-la-viuda-de-douglas-tompkins-para-agradecerle-por-una-donacion-de-tierras\\\/\"},\"author\":{\"name\":\"Patagonia Ambiental\",\"@id\":\"https:\\\/\\\/patagoniambiental.com.ar\\\/info\\\/#\\\/schema\\\/person\\\/db12bff64bbcbf6a253710bf0ea37b5d\"},\"headline\":\"Macri recibi\u00f3 a la viuda de Douglas Tompkins para agradecerle por una donaci\u00f3n de tierras\",\"datePublished\":\"2015-12-23T12:00:35+00:00\",\"mainEntityOfPage\":{\"@id\":\"https:\\\/\\\/patagoniambiental.com.ar\\\/info\\\/macri-recibio-a-la-viuda-de-douglas-tompkins-para-agradecerle-por-una-donacion-de-tierras\\\/\"},\"wordCount\":214,\"publisher\":{\"@id\":\"https:\\\/\\\/patagoniambiental.com.ar\\\/info\\\/#organization\"},\"image\":{\"@id\":\"https:\\\/\\\/patagoniambiental.com.ar\\\/info\\\/macri-recibio-a-la-viuda-de-douglas-tompkins-para-agradecerle-por-una-donacion-de-tierras\\\/#primaryimage\"},\"thumbnailUrl\":\"\",\"articleSection\":[\"Noticias\"],\"inLanguage\":\"es\"},{\"@type\":\"WebPage\",\"@id\":\"https:\\\/\\\/patagoniambiental.com.ar\\\/info\\\/macri-recibio-a-la-viuda-de-douglas-tompkins-para-agradecerle-por-una-donacion-de-tierras\\\/\",\"url\":\"https:\\\/\\\/patagoniambiental.com.ar\\\/info\\\/macri-recibio-a-la-viuda-de-douglas-tompkins-para-agradecerle-por-una-donacion-de-tierras\\\/\",\"name\":\"Macri recibi\u00f3 a la viuda de Douglas Tompkins para agradecerle por una donaci\u00f3n de tierras\",\"isPartOf\":{\"@id\":\"https:\\\/\\\/patagoniambiental.com.ar\\\/info\\\/#website\"},\"primaryImageOfPage\":{\"@id\":\"https:\\\/\\\/patagoniambiental.com.ar\\\/info\\\/macri-recibio-a-la-viuda-de-douglas-tompkins-para-agradecerle-por-una-donacion-de-tierras\\\/#primaryimage\"},\"image\":{\"@id\":\"https:\\\/\\\/patagoniambiental.com.ar\\\/info\\\/macri-recibio-a-la-viuda-de-douglas-tompkins-para-agradecerle-por-una-donacion-de-tierras\\\/#primaryimage\"},\"thumbnailUrl\":\"\",\"datePublished\":\"2015-12-23T12:00:35+00:00\",\"breadcrumb\":{\"@id\":\"https:\\\/\\\/patagoniambiental.com.ar\\\/info\\\/macri-recibio-a-la-viuda-de-douglas-tompkins-para-agradecerle-por-una-donacion-de-tierras\\\/#breadcrumb\"},\"inLanguage\":\"es\",\"potentialAction\":[{\"@type\":\"ReadAction\",\"target\":[\"https:\\\/\\\/patagoniambiental.com.ar\\\/info\\\/macri-recibio-a-la-viuda-de-douglas-tompkins-para-agradecerle-por-una-donacion-de-tierras\\\/\"]}]},{\"@type\":\"ImageObject\",\"inLanguage\":\"es\",\"@id\":\"https:\\\/\\\/patagoniambiental.com.ar\\\/info\\\/macri-recibio-a-la-viuda-de-douglas-tompkins-para-agradecerle-por-una-donacion-de-tierras\\\/#primaryimage\",\"url\":\"\",\"contentUrl\":\"\"},{\"@type\":\"BreadcrumbList\",\"@id\":\"https:\\\/\\\/patagoniambiental.com.ar\\\/info\\\/macri-recibio-a-la-viuda-de-douglas-tompkins-para-agradecerle-por-una-donacion-de-tierras\\\/#breadcrumb\",\"itemListElement\":[{\"@type\":\"ListItem\",\"position\":1,\"name\":\"Inicio\",\"item\":\"https:\\\/\\\/patagoniambiental.com.ar\\\/info\\\/\"},{\"@type\":\"ListItem\",\"position\":2,\"name\":\"Macri recibi\u00f3 a la viuda de Douglas Tompkins para agradecerle por una donaci\u00f3n de tierras\"}]},{\"@type\":\"WebSite\",\"@id\":\"https:\\\/\\\/patagoniambiental.com.ar\\\/info\\\/#website\",\"url\":\"https:\\\/\\\/patagoniambiental.com.ar\\\/info\\\/\",\"name\":\"Patagonia Ambiental\",\"description\":\"Monitoreo y an\u00e1lisis de la situaci\u00f3n geopol\u00edtica en el mundo y su implicancia en la Patagonia\",\"publisher\":{\"@id\":\"https:\\\/\\\/patagoniambiental.com.ar\\\/info\\\/#organization\"},\"potentialAction\":[{\"@type\":\"SearchAction\",\"target\":{\"@type\":\"EntryPoint\",\"urlTemplate\":\"https:\\\/\\\/patagoniambiental.com.ar\\\/info\\\/?s={search_term_string}\"},\"query-input\":{\"@type\":\"PropertyValueSpecification\",\"valueRequired\":true,\"valueName\":\"search_term_string\"}}],\"inLanguage\":\"es\"},{\"@type\":\"Organization\",\"@id\":\"https:\\\/\\\/patagoniambiental.com.ar\\\/info\\\/#organization\",\"name\":\"Patagonia Ambiental\",\"url\":\"https:\\\/\\\/patagoniambiental.com.ar\\\/info\\\/\",\"logo\":{\"@type\":\"ImageObject\",\"inLanguage\":\"es\",\"@id\":\"https:\\\/\\\/patagoniambiental.com.ar\\\/info\\\/#\\\/schema\\\/logo\\\/image\\\/\",\"url\":\"https:\\\/\\\/patagoniambiental.com.ar\\\/info\\\/wp-content\\\/uploads\\\/2025\\\/05\\\/LOGO-PATAGONIA-AMBIENTAL.png\",\"contentUrl\":\"https:\\\/\\\/patagoniambiental.com.ar\\\/info\\\/wp-content\\\/uploads\\\/2025\\\/05\\\/LOGO-PATAGONIA-AMBIENTAL.png\",\"width\":433,\"height\":250,\"caption\":\"Patagonia Ambiental\"},\"image\":{\"@id\":\"https:\\\/\\\/patagoniambiental.com.ar\\\/info\\\/#\\\/schema\\\/logo\\\/image\\\/\"},\"sameAs\":[\"https:\\\/\\\/www.facebook.com\\\/patagonia.ambiental\",\"https:\\\/\\\/x.com\\\/PatAmb\"]},{\"@type\":\"Person\",\"@id\":\"https:\\\/\\\/patagoniambiental.com.ar\\\/info\\\/#\\\/schema\\\/person\\\/db12bff64bbcbf6a253710bf0ea37b5d\",\"name\":\"Patagonia Ambiental\",\"description\":\"Andr\u00e9s Nievas T\u00e9cnico en manejo ambiental, consultor Ambiental y escritor para medios locales e internacionales sobre temas de geopolitica y medio ambiente.\",\"sameAs\":[\"http:\\\/\\\/www.patagoniambiental.com.ar\",\"https:\\\/\\\/www.facebook.com\\\/share\\\/1C1V8Gv9BX\\\/?mibextid=qi2Omg\",\"@patagoniambiental\",\"https:\\\/\\\/youtube.com\\\/@patagoniaambiental2023?si=BLt58t0wuXquxlYZ\"]}]}<\/script>\n<!-- \/ Yoast SEO Premium plugin. -->","yoast_head_json":{"title":"Macri recibi\u00f3 a la viuda de Douglas Tompkins para agradecerle por una donaci\u00f3n de tierras","robots":{"index":"index","follow":"follow","max-snippet":"max-snippet:-1","max-image-preview":"max-image-preview:large","max-video-preview":"max-video-preview:-1"},"canonical":"https:\/\/patagoniambiental.com.ar\/info\/macri-recibio-a-la-viuda-de-douglas-tompkins-para-agradecerle-por-una-donacion-de-tierras\/","og_locale":"es_ES","og_type":"article","og_title":"Macri recibi\u00f3 a la viuda de Douglas Tompkins para agradecerle por una donaci\u00f3n de tierras","og_description":"El presidente Mauricio Macri\u00a0recibi\u00f3 hoy en Casa Rosada a la viuda de Douglas Tompkins, Kris, para agradecerle por una donaci\u00f3n [&hellip;]","og_url":"https:\/\/patagoniambiental.com.ar\/info\/macri-recibio-a-la-viuda-de-douglas-tompkins-para-agradecerle-por-una-donacion-de-tierras\/","og_site_name":"Patagonia Ambiental","article_publisher":"https:\/\/www.facebook.com\/patagonia.ambiental","article_author":"https:\/\/www.facebook.com\/share\/1C1V8Gv9BX\/?mibextid=qi2Omg","article_published_time":"2015-12-23T12:00:35+00:00","author":"Patagonia Ambiental","twitter_card":"summary_large_image","twitter_creator":"@PatAmb","twitter_site":"@PatAmb","schema":{"@context":"https:\/\/schema.org","@graph":[{"@type":"Article","@id":"https:\/\/patagoniambiental.com.ar\/info\/macri-recibio-a-la-viuda-de-douglas-tompkins-para-agradecerle-por-una-donacion-de-tierras\/#article","isPartOf":{"@id":"https:\/\/patagoniambiental.com.ar\/info\/macri-recibio-a-la-viuda-de-douglas-tompkins-para-agradecerle-por-una-donacion-de-tierras\/"},"author":{"name":"Patagonia Ambiental","@id":"https:\/\/patagoniambiental.com.ar\/info\/#\/schema\/person\/db12bff64bbcbf6a253710bf0ea37b5d"},"headline":"Macri recibi\u00f3 a la viuda de Douglas Tompkins para agradecerle por una donaci\u00f3n de tierras","datePublished":"2015-12-23T12:00:35+00:00","mainEntityOfPage":{"@id":"https:\/\/patagoniambiental.com.ar\/info\/macri-recibio-a-la-viuda-de-douglas-tompkins-para-agradecerle-por-una-donacion-de-tierras\/"},"wordCount":214,"publisher":{"@id":"https:\/\/patagoniambiental.com.ar\/info\/#organization"},"image":{"@id":"https:\/\/patagoniambiental.com.ar\/info\/macri-recibio-a-la-viuda-de-douglas-tompkins-para-agradecerle-por-una-donacion-de-tierras\/#primaryimage"},"thumbnailUrl":"","articleSection":["Noticias"],"inLanguage":"es"},{"@type":"WebPage","@id":"https:\/\/patagoniambiental.com.ar\/info\/macri-recibio-a-la-viuda-de-douglas-tompkins-para-agradecerle-por-una-donacion-de-tierras\/","url":"https:\/\/patagoniambiental.com.ar\/info\/macri-recibio-a-la-viuda-de-douglas-tompkins-para-agradecerle-por-una-donacion-de-tierras\/","name":"Macri recibi\u00f3 a la viuda de Douglas Tompkins para agradecerle por una donaci\u00f3n de tierras","isPartOf":{"@id":"https:\/\/patagoniambiental.com.ar\/info\/#website"},"primaryImageOfPage":{"@id":"https:\/\/patagoniambiental.com.ar\/info\/macri-recibio-a-la-viuda-de-douglas-tompkins-para-agradecerle-por-una-donacion-de-tierras\/#primaryimage"},"image":{"@id":"https:\/\/patagoniambiental.com.ar\/info\/macri-recibio-a-la-viuda-de-douglas-tompkins-para-agradecerle-por-una-donacion-de-tierras\/#primaryimage"},"thumbnailUrl":"","datePublished":"2015-12-23T12:00:35+00:00","breadcrumb":{"@id":"https:\/\/patagoniambiental.com.ar\/info\/macri-recibio-a-la-viuda-de-douglas-tompkins-para-agradecerle-por-una-donacion-de-tierras\/#breadcrumb"},"inLanguage":"es","potentialAction":[{"@type":"ReadAction","target":["https:\/\/patagoniambiental.com.ar\/info\/macri-recibio-a-la-viuda-de-douglas-tompkins-para-agradecerle-por-una-donacion-de-tierras\/"]}]},{"@type":"ImageObject","inLanguage":"es","@id":"https:\/\/patagoniambiental.com.ar\/info\/macri-recibio-a-la-viuda-de-douglas-tompkins-para-agradecerle-por-una-donacion-de-tierras\/#primaryimage","url":"","contentUrl":""},{"@type":"BreadcrumbList","@id":"https:\/\/patagoniambiental.com.ar\/info\/macri-recibio-a-la-viuda-de-douglas-tompkins-para-agradecerle-por-una-donacion-de-tierras\/#breadcrumb","itemListElement":[{"@type":"ListItem","position":1,"name":"Inicio","item":"https:\/\/patagoniambiental.com.ar\/info\/"},{"@type":"ListItem","position":2,"name":"Macri recibi\u00f3 a la viuda de Douglas Tompkins para agradecerle por una donaci\u00f3n de tierras"}]},{"@type":"WebSite","@id":"https:\/\/patagoniambiental.com.ar\/info\/#website","url":"https:\/\/patagoniambiental.com.ar\/info\/","name":"Patagonia Ambiental","description":"Monitoreo y an\u00e1lisis de la situaci\u00f3n geopol\u00edtica en el mundo y su implicancia en la Patagonia","publisher":{"@id":"https:\/\/patagoniambiental.com.ar\/info\/#organization"},"potentialAction":[{"@type":"SearchAction","target":{"@type":"EntryPoint","urlTemplate":"https:\/\/patagoniambiental.com.ar\/info\/?s={search_term_string}"},"query-input":{"@type":"PropertyValueSpecification","valueRequired":true,"valueName":"search_term_string"}}],"inLanguage":"es"},{"@type":"Organization","@id":"https:\/\/patagoniambiental.com.ar\/info\/#organization","name":"Patagonia Ambiental","url":"https:\/\/patagoniambiental.com.ar\/info\/","logo":{"@type":"ImageObject","inLanguage":"es","@id":"https:\/\/patagoniambiental.com.ar\/info\/#\/schema\/logo\/image\/","url":"https:\/\/patagoniambiental.com.ar\/info\/wp-content\/uploads\/2025\/05\/LOGO-PATAGONIA-AMBIENTAL.png","contentUrl":"https:\/\/patagoniambiental.com.ar\/info\/wp-content\/uploads\/2025\/05\/LOGO-PATAGONIA-AMBIENTAL.png","width":433,"height":250,"caption":"Patagonia Ambiental"},"image":{"@id":"https:\/\/patagoniambiental.com.ar\/info\/#\/schema\/logo\/image\/"},"sameAs":["https:\/\/www.facebook.com\/patagonia.ambiental","https:\/\/x.com\/PatAmb"]},{"@type":"Person","@id":"https:\/\/patagoniambiental.com.ar\/info\/#\/schema\/person\/db12bff64bbcbf6a253710bf0ea37b5d","name":"Patagonia Ambiental","description":"Andr\u00e9s Nievas T\u00e9cnico en manejo ambiental, consultor Ambiental y escritor para medios locales e internacionales sobre temas de geopolitica y medio ambiente.","sameAs":["http:\/\/www.patagoniambiental.com.ar","https:\/\/www.facebook.com\/share\/1C1V8Gv9BX\/?mibextid=qi2Omg","@patagoniambiental","https:\/\/youtube.com\/@patagoniaambiental2023?si=BLt58t0wuXquxlYZ"]}]}},"_links":{"self":[{"href":"https:\/\/patagoniambiental.com.ar\/info\/wp-json\/wp\/v2\/posts\/16188","targetHints":{"allow":["GET"]}}],"collection":[{"href":"https:\/\/patagoniambiental.com.ar\/info\/wp-json\/wp\/v2\/posts"}],"about":[{"href":"https:\/\/patagoniambiental.com.ar\/info\/wp-json\/wp\/v2\/types\/post"}],"author":[{"embeddable":true,"href":"https:\/\/patagoniambiental.com.ar\/info\/wp-json\/wp\/v2\/users\/2"}],"replies":[{"embeddable":true,"href":"https:\/\/patagoniambiental.com.ar\/info\/wp-json\/wp\/v2\/comments?post=16188"}],"version-history":[{"count":0,"href":"https:\/\/patagoniambiental.com.ar\/info\/wp-json\/wp\/v2\/posts\/16188\/revisions"}],"wp:featuredmedia":[{"embeddable":true,"href":"https:\/\/patagoniambiental.com.ar\/info\/wp-json\/"}],"wp:attachment":[{"href":"https:\/\/patagoniambiental.com.ar\/info\/wp-json\/wp\/v2\/media?parent=16188"}],"wp:term":[{"taxonomy":"category","embeddable":true,"href":"https:\/\/patagoniambiental.com.ar\/info\/wp-json\/wp\/v2\/categories?post=16188"},{"taxonomy":"post_tag","embeddable":true,"href":"https:\/\/patagoniambiental.com.ar\/info\/wp-json\/wp\/v2\/tags?post=16188"}],"curies":[{"name":"wp","href":"https:\/\/api.w.org\/{rel}","templated":true}]}}