{"id":16197,"date":"2015-12-25T15:21:45","date_gmt":"2015-12-25T18:21:45","guid":{"rendered":"http:\/\/patagoniambiental.com.ar\/?p=16197"},"modified":"2015-12-25T15:21:45","modified_gmt":"2015-12-25T18:21:45","slug":"ambiente-brinda-recomendaciones-para-los-visitantes-de-anp-costeras-durante-la-temporada-estival","status":"publish","type":"post","link":"https:\/\/patagoniambiental.com.ar\/info\/ambiente-brinda-recomendaciones-para-los-visitantes-de-anp-costeras-durante-la-temporada-estival\/","title":{"rendered":"Ambiente brinda recomendaciones para los visitantes de ANP costeras durante la temporada estival"},"content":{"rendered":"<p align=\"JUSTIFY\"><b><\/b><span style=\"color: #000000;\"><span style=\"font-family: Asap;\"><span style=\"font-size: large;\">El Servicio de \u00c1reas Naturales Protegidas (ANP), dependiente de la Secretar\u00eda de Ambiente y Desarrollo Sustentable de la provincia de R\u00edo Negro, recuerda a los visitantes la importancia de respetar algunas medidas dentro de las \u00c1reas Protegidas que se encuentran en la costa rionegrina.<\/span><\/span><\/span><\/p>\n<p align=\"JUSTIFY\"><span style=\"color: #000000;\"><span style=\"font-family: Asap;\"><span style=\"font-size: large;\">En<\/span><\/span><\/span> <span style=\"color: #000000;\"><span style=\"font-family: Asap;\"><span style=\"font-size: large;\">el<\/span><\/span><\/span> <span style=\"color: #000000;\"><span style=\"font-family: Asap;\"><span style=\"font-size: large;\">litoral<\/span><\/span><\/span> <span style=\"color: #000000;\"><span style=\"font-family: Asap;\"><span style=\"font-size: large;\">costero<\/span><\/span><\/span> <span style=\"color: #000000;\"><span style=\"font-family: Asap;\"><span style=\"font-size: large;\">provincial<\/span><\/span><\/span> <span style=\"color: #000000;\"><span style=\"font-family: Asap;\"><span style=\"font-size: large;\">se<\/span><\/span><\/span> <span style=\"color: #000000;\"><span style=\"font-family: Asap;\"><span style=\"font-size: large;\">ubican<\/span><\/span><\/span> <span style=\"color: #000000;\"><span style=\"font-family: Asap;\"><span style=\"font-size: large;\">cinco<\/span><\/span><\/span> <span style=\"color: #000000;\"><span style=\"font-family: Asap;\"><span style=\"font-size: large;\">\u00e1reas<\/span><\/span><\/span> <span style=\"color: #000000;\"><span style=\"font-family: Asap;\"><span style=\"font-size: large;\">naturales<\/span><\/span><\/span> <span style=\"color: #000000;\"><span style=\"font-family: Asap;\"><span style=\"font-size: large;\">protegidas<\/span><\/span><\/span> <span style=\"color: #000000;\"><span style=\"font-family: Asap;\"><span style=\"font-size: large;\">que,<\/span><\/span><\/span> <span style=\"color: #000000;\"><span style=\"font-family: Asap;\"><span style=\"font-size: large;\">de<\/span><\/span><\/span> <span style=\"color: #000000;\"><span style=\"font-family: Asap;\"><span style=\"font-size: large;\">norte<\/span><\/span><\/span> <span style=\"color: #000000;\"><span style=\"font-family: Asap;\"><span style=\"font-size: large;\">a<\/span><\/span><\/span> <span style=\"color: #000000;\"><span style=\"font-family: Asap;\"><span style=\"font-size: large;\">sur<\/span><\/span><\/span> <span style=\"color: #000000;\"><span style=\"font-family: Asap;\"><span style=\"font-size: large;\">son:<\/span><\/span><\/span> <span style=\"color: #000000;\"><span style=\"font-family: Asap;\"><span style=\"font-size: large;\">Punta<\/span><\/span><\/span> <span style=\"color: #000000;\"><span style=\"font-family: Asap;\"><span style=\"font-size: large;\">Bermeja<\/span><\/span><\/span><span style=\"color: #000000;\"><span style=\"font-family: Asap;\"><span style=\"font-size: large;\">,<\/span><\/span><\/span> <span style=\"color: #000000;\"><span style=\"font-family: Asap;\"><span style=\"font-size: large;\">&#8211;<\/span><\/span><\/span> <span style=\"color: #000000;\"><span style=\"font-family: Asap;\"><span style=\"font-size: large;\">La<\/span><\/span><\/span><span style=\"color: #000000;\"><span style=\"font-family: Asap;\"><span style=\"font-size: large;\">Lober\u00eda,<\/span><\/span><\/span> <span style=\"color: #000000;\"><span style=\"font-family: Asap;\"><span style=\"font-size: large;\">Caleta<\/span><\/span><\/span> <span style=\"color: #000000;\"><span style=\"font-family: Asap;\"><span style=\"font-size: large;\">de<\/span><\/span><\/span> <span style=\"color: #000000;\"><span style=\"font-family: Asap;\"><span style=\"font-size: large;\">los<\/span><\/span><\/span> <span style=\"color: #000000;\"><span style=\"font-family: Asap;\"><span style=\"font-size: large;\">Loros<\/span><\/span><\/span> <span style=\"color: #000000;\"><span style=\"font-family: Asap;\"><span style=\"font-size: large;\">&#8211;<\/span><\/span><\/span> <span style=\"color: #000000;\"><span style=\"font-family: Asap;\"><span style=\"font-size: large;\">Pozo<\/span><\/span><\/span> <span style=\"color: #000000;\"><span style=\"font-family: Asap;\"><span style=\"font-size: large;\">Salado,<\/span><\/span><\/span> <span style=\"color: #000000;\"><span style=\"font-family: Asap;\"><span style=\"font-size: large;\">Bah\u00eda<\/span><\/span><\/span> <span style=\"color: #000000;\"><span style=\"font-family: Asap;\"><span style=\"font-size: large;\">de<\/span><\/span><\/span> <span style=\"color: #000000;\"><span style=\"font-family: Asap;\"><span style=\"font-size: large;\">San<\/span><\/span><\/span> <span style=\"color: #000000;\"><span style=\"font-family: Asap;\"><span style=\"font-size: large;\">Antonio,<\/span><\/span><\/span> <span style=\"color: #000000;\"><span style=\"font-family: Asap;\"><span style=\"font-size: large;\">Complejo<\/span><\/span><\/span> <span style=\"color: #000000;\"><span style=\"font-family: Asap;\"><span style=\"font-size: large;\">Islote<\/span><\/span><\/span> <span style=\"color: #000000;\"><span style=\"font-family: Asap;\"><span style=\"font-size: large;\">Lobos<\/span><\/span><\/span> <span style=\"color: #000000;\"><span style=\"font-family: Asap;\"><span style=\"font-size: large;\">y<\/span><\/span><\/span> <span style=\"color: #000000;\"><span style=\"font-family: Asap;\"><span style=\"font-size: large;\">Puerto<\/span><\/span><\/span> <span style=\"color: #000000;\"><span style=\"font-family: Asap;\"><span style=\"font-size: large;\">Lobos<\/span><\/span><\/span><span style=\"color: #000000;\"><span style=\"font-family: Asap;\"><span style=\"font-size: large;\">.<\/span><\/span><\/span><\/p>\n<p align=\"JUSTIFY\"><span style=\"color: #000000;\"><span style=\"font-family: Asap;\"><span style=\"font-size: large;\">El objetivo fundamental de las ANP es el de conservar zonas de gran importancia para los rionegrinos, tanto por la riqueza de su flora y fauna, como por la relevancia arqueol\u00f3gica y paleontol\u00f3gica. Por estas razones suelen ser elegidas como puntos de visita por los viajantes que recorren nuestras costas.<\/span><\/span><\/span><\/p>\n<p align=\"JUSTIFY\"><span style=\"color: #000000;\"><span style=\"font-family: Asap;\"><span style=\"font-size: large;\">La principal problem\u00e1tica que presentan las \u00e1reas citadas es el desconocimiento por parte de la comunidad, tanto de su delimitaci\u00f3n como de las medidas de manejo implementadas para lograr su control efectivo. Muchas de ellas exhiben diferentes categor\u00edas de conservaci\u00f3n, entre las que podemos mencionar \u201c\u00e1reas de usos m\u00faltiples\u201d y \u201c\u00e1reas con acceso restringido al visitante en general\u201d. En estas \u00faltimas las acciones permitidas est\u00e1n m\u00e1s orientadas al control, la fiscalizaci\u00f3n y la investigaci\u00f3n.<\/span><\/span><\/span><\/p>\n<p align=\"JUSTIFY\"><span style=\"color: #000000;\"><span style=\"font-family: Asap;\"><span style=\"font-size: large;\">Por los motivos expuestos, el Servicio de \u00c1reas Naturales Protegidas recomienda:<\/span><\/span><\/span><\/p>\n<p align=\"JUSTIFY\"><span style=\"color: #000000;\">\u2022<span style=\"font-family: Asap;\"><span style=\"font-size: large;\"> No circular por las playas y\/o m\u00e9danos para evitar atropellar a la fauna que utiliza el espacio de la playa para descansar y reproducirse.<\/span><\/span><\/span><\/p>\n<p align=\"JUSTIFY\"><span style=\"color: #000000;\">\u2022<span style=\"font-family: Asap;\"><span style=\"font-size: large;\"> Circular s\u00f3lo por caminos y\/o senderos autorizados.<\/span><\/span><\/span><\/p>\n<p align=\"JUSTIFY\"><span style=\"color: #000000;\">\u2022<span style=\"font-family: Asap;\"><span style=\"font-size: large;\"> Acampar en los sitios autorizados para tal fin.<\/span><\/span><\/span><\/p>\n<p align=\"JUSTIFY\"><span style=\"color: #000000;\">\u2022<span style=\"font-family: Asap;\"><span style=\"font-size: large;\"> Cuidar el agua, que en general es escasa en estas zonas.<\/span><\/span><\/span><\/p>\n<p align=\"JUSTIFY\"><span style=\"color: #000000;\">\u2022<span style=\"font-family: Asap;\"><span style=\"font-size: large;\"> No arrojar basura. Lo recomendable es volver con los residuos al hogar.<\/span><\/span><\/span><\/p>\n<p align=\"JUSTIFY\"><span style=\"color: #000000;\">\u2022<span style=\"font-family: Asap;\"><span style=\"font-size: large;\"> No utilizar ni recolectar le\u00f1a.<\/span><\/span><\/span><\/p>\n<p align=\"JUSTIFY\"><span style=\"color: #000000;\">\u2022<span style=\"font-family: Asap;\"><span style=\"font-size: large;\"> No ingresar con mascotas a las \u00e1reas protegidas.<\/span><\/span><\/span><\/p>\n<p align=\"JUSTIFY\"><span style=\"color: #000000;\">\u2022<span style=\"font-family: Asap;\"><span style=\"font-size: large;\"> No sobrevolar las lober\u00edas con parapentes. La sombra generada por \u00e9stos ocasiona estampidas.<\/span><\/span><\/span><\/p>\n<p align=\"JUSTIFY\"><span style=\"color: #000000;\">\u2022<span style=\"font-family: Asap;\"><span style=\"font-size: large;\"> No acercarse a la fauna presente en las \u00e1reas. Por lo general se encuentran descansando.<\/span><\/span><\/span><\/p>\n<p align=\"JUSTIFY\"><span style=\"color: #000000;\">\u2022<span style=\"font-family: Asap;\"><span style=\"font-size: large;\"> No cazar. Las ANP funcionan justamente como refugio para especies protegidas.<\/span><\/span><\/span><\/p>\n<p align=\"JUSTIFY\"><span style=\"color: #000000;\">\u2022<span style=\"font-family: Asap;\"><span style=\"font-size: large;\"> Actualmente dentro del ANP \u201cPta. Bermeja\/ La Lober\u00eda\u201d se encuentra prohibida la pesca de tiburones, rayas y pez gallo.<\/span><\/span><\/span><\/p>\n<p align=\"JUSTIFY\"><span style=\"color: #000000;\">\u2022<span style=\"font-family: Asap;\"><span style=\"font-size: large;\"> Respetar la carteler\u00eda informativa.<\/span><\/span><\/span><\/p>\n<p align=\"JUSTIFY\"><span style=\"color: #000000;\">\u2022<span style=\"font-family: Asap;\"><span style=\"font-size: large;\"> Ante cualquier duda consultar al Guarda Ambiental.<\/span><\/span><\/span><\/p>\n<p>&nbsp;<\/p>\n","protected":false},"excerpt":{"rendered":"<p>El Servicio de \u00c1reas Naturales Protegidas (ANP), dependiente de la Secretar\u00eda de Ambiente y Desarrollo Sustentable de la provincia de [&hellip;]<\/p>\n","protected":false},"author":2,"featured_media":16198,"comment_status":"closed","ping_status":"closed","sticky":false,"template":"","format":"standard","meta":{"site-sidebar-layout":"default","site-content-layout":"","ast-site-content-layout":"default","site-content-style":"default","site-sidebar-style":"default","ast-global-header-display":"","ast-banner-title-visibility":"","ast-main-header-display":"","ast-hfb-above-header-display":"","ast-hfb-below-header-display":"","ast-hfb-mobile-header-display":"","site-post-title":"","ast-breadcrumbs-content":"","ast-featured-img":"","footer-sml-layout":"","ast-disable-related-posts":"","theme-transparent-header-meta":"","adv-header-id-meta":"","stick-header-meta":"","header-above-stick-meta":"","header-main-stick-meta":"","header-below-stick-meta":"","astra-migrate-meta-layouts":"default","ast-page-background-enabled":"default","ast-page-background-meta":{"desktop":{"background-color":"var(--ast-global-color-5)","background-image":"","background-repeat":"repeat","background-position":"center center","background-size":"auto","background-attachment":"scroll","background-type":"","background-media":"","overlay-type":"","overlay-color":"","overlay-opacity":"","overlay-gradient":""},"tablet":{"background-color":"","background-image":"","background-repeat":"repeat","background-position":"center center","background-size":"auto","background-attachment":"scroll","background-type":"","background-media":"","overlay-type":"","overlay-color":"","overlay-opacity":"","overlay-gradient":""},"mobile":{"background-color":"","background-image":"","background-repeat":"repeat","background-position":"center center","background-size":"auto","background-attachment":"scroll","background-type":"","background-media":"","overlay-type":"","overlay-color":"","overlay-opacity":"","overlay-gradient":""}},"ast-content-background-meta":{"desktop":{"background-color":"var(--ast-global-color-4)","background-image":"","background-repeat":"repeat","background-position":"center center","background-size":"auto","background-attachment":"scroll","background-type":"","background-media":"","overlay-type":"","overlay-color":"","overlay-opacity":"","overlay-gradient":""},"tablet":{"background-color":"var(--ast-global-color-4)","background-image":"","background-repeat":"repeat","background-position":"center center","background-size":"auto","background-attachment":"scroll","background-type":"","background-media":"","overlay-type":"","overlay-color":"","overlay-opacity":"","overlay-gradient":""},"mobile":{"background-color":"var(--ast-global-color-4)","background-image":"","background-repeat":"repeat","background-position":"center center","background-size":"auto","background-attachment":"scroll","background-type":"","background-media":"","overlay-type":"","overlay-color":"","overlay-opacity":"","overlay-gradient":""}},"footnotes":""},"categories":[1],"tags":[],"class_list":["post-16197","post","type-post","status-publish","format-standard","has-post-thumbnail","hentry","category-noticias"],"yoast_head":"<!-- This site is optimized with the Yoast SEO Premium plugin v23.0 (Yoast SEO v27.5) - https:\/\/yoast.com\/product\/yoast-seo-premium-wordpress\/ -->\n<title>Ambiente brinda recomendaciones para los visitantes de ANP costeras durante la temporada estival<\/title>\n<meta name=\"robots\" content=\"index, follow, max-snippet:-1, max-image-preview:large, max-video-preview:-1\" \/>\n<link rel=\"canonical\" href=\"https:\/\/patagoniambiental.com.ar\/info\/ambiente-brinda-recomendaciones-para-los-visitantes-de-anp-costeras-durante-la-temporada-estival\/\" \/>\n<meta property=\"og:locale\" content=\"es_ES\" \/>\n<meta property=\"og:type\" content=\"article\" \/>\n<meta property=\"og:title\" content=\"Ambiente brinda recomendaciones para los visitantes de ANP costeras durante la temporada estival\" \/>\n<meta property=\"og:description\" content=\"El Servicio de \u00c1reas Naturales Protegidas (ANP), dependiente de la Secretar\u00eda de Ambiente y Desarrollo Sustentable de la provincia de [&hellip;]\" \/>\n<meta property=\"og:url\" content=\"https:\/\/patagoniambiental.com.ar\/info\/ambiente-brinda-recomendaciones-para-los-visitantes-de-anp-costeras-durante-la-temporada-estival\/\" \/>\n<meta property=\"og:site_name\" content=\"Patagonia Ambiental\" \/>\n<meta property=\"article:publisher\" content=\"https:\/\/www.facebook.com\/patagonia.ambiental\" \/>\n<meta property=\"article:author\" content=\"https:\/\/www.facebook.com\/share\/1C1V8Gv9BX\/?mibextid=qi2Omg\" \/>\n<meta property=\"article:published_time\" content=\"2015-12-25T18:21:45+00:00\" \/>\n<meta name=\"author\" content=\"Patagonia Ambiental\" \/>\n<meta name=\"twitter:card\" content=\"summary_large_image\" \/>\n<meta name=\"twitter:creator\" content=\"@PatAmb\" \/>\n<meta name=\"twitter:site\" content=\"@PatAmb\" \/>\n<script type=\"application\/ld+json\" class=\"yoast-schema-graph\">{\"@context\":\"https:\\\/\\\/schema.org\",\"@graph\":[{\"@type\":\"Article\",\"@id\":\"https:\\\/\\\/patagoniambiental.com.ar\\\/info\\\/ambiente-brinda-recomendaciones-para-los-visitantes-de-anp-costeras-durante-la-temporada-estival\\\/#article\",\"isPartOf\":{\"@id\":\"https:\\\/\\\/patagoniambiental.com.ar\\\/info\\\/ambiente-brinda-recomendaciones-para-los-visitantes-de-anp-costeras-durante-la-temporada-estival\\\/\"},\"author\":{\"name\":\"Patagonia Ambiental\",\"@id\":\"https:\\\/\\\/patagoniambiental.com.ar\\\/info\\\/#\\\/schema\\\/person\\\/db12bff64bbcbf6a253710bf0ea37b5d\"},\"headline\":\"Ambiente brinda recomendaciones para los visitantes de ANP costeras durante la temporada estival\",\"datePublished\":\"2015-12-25T18:21:45+00:00\",\"mainEntityOfPage\":{\"@id\":\"https:\\\/\\\/patagoniambiental.com.ar\\\/info\\\/ambiente-brinda-recomendaciones-para-los-visitantes-de-anp-costeras-durante-la-temporada-estival\\\/\"},\"wordCount\":399,\"publisher\":{\"@id\":\"https:\\\/\\\/patagoniambiental.com.ar\\\/info\\\/#organization\"},\"image\":{\"@id\":\"https:\\\/\\\/patagoniambiental.com.ar\\\/info\\\/ambiente-brinda-recomendaciones-para-los-visitantes-de-anp-costeras-durante-la-temporada-estival\\\/#primaryimage\"},\"thumbnailUrl\":\"\",\"articleSection\":[\"Noticias\"],\"inLanguage\":\"es\"},{\"@type\":\"WebPage\",\"@id\":\"https:\\\/\\\/patagoniambiental.com.ar\\\/info\\\/ambiente-brinda-recomendaciones-para-los-visitantes-de-anp-costeras-durante-la-temporada-estival\\\/\",\"url\":\"https:\\\/\\\/patagoniambiental.com.ar\\\/info\\\/ambiente-brinda-recomendaciones-para-los-visitantes-de-anp-costeras-durante-la-temporada-estival\\\/\",\"name\":\"Ambiente brinda recomendaciones para los visitantes de ANP costeras durante la temporada estival\",\"isPartOf\":{\"@id\":\"https:\\\/\\\/patagoniambiental.com.ar\\\/info\\\/#website\"},\"primaryImageOfPage\":{\"@id\":\"https:\\\/\\\/patagoniambiental.com.ar\\\/info\\\/ambiente-brinda-recomendaciones-para-los-visitantes-de-anp-costeras-durante-la-temporada-estival\\\/#primaryimage\"},\"image\":{\"@id\":\"https:\\\/\\\/patagoniambiental.com.ar\\\/info\\\/ambiente-brinda-recomendaciones-para-los-visitantes-de-anp-costeras-durante-la-temporada-estival\\\/#primaryimage\"},\"thumbnailUrl\":\"\",\"datePublished\":\"2015-12-25T18:21:45+00:00\",\"breadcrumb\":{\"@id\":\"https:\\\/\\\/patagoniambiental.com.ar\\\/info\\\/ambiente-brinda-recomendaciones-para-los-visitantes-de-anp-costeras-durante-la-temporada-estival\\\/#breadcrumb\"},\"inLanguage\":\"es\",\"potentialAction\":[{\"@type\":\"ReadAction\",\"target\":[\"https:\\\/\\\/patagoniambiental.com.ar\\\/info\\\/ambiente-brinda-recomendaciones-para-los-visitantes-de-anp-costeras-durante-la-temporada-estival\\\/\"]}]},{\"@type\":\"ImageObject\",\"inLanguage\":\"es\",\"@id\":\"https:\\\/\\\/patagoniambiental.com.ar\\\/info\\\/ambiente-brinda-recomendaciones-para-los-visitantes-de-anp-costeras-durante-la-temporada-estival\\\/#primaryimage\",\"url\":\"\",\"contentUrl\":\"\"},{\"@type\":\"BreadcrumbList\",\"@id\":\"https:\\\/\\\/patagoniambiental.com.ar\\\/info\\\/ambiente-brinda-recomendaciones-para-los-visitantes-de-anp-costeras-durante-la-temporada-estival\\\/#breadcrumb\",\"itemListElement\":[{\"@type\":\"ListItem\",\"position\":1,\"name\":\"Inicio\",\"item\":\"https:\\\/\\\/patagoniambiental.com.ar\\\/info\\\/\"},{\"@type\":\"ListItem\",\"position\":2,\"name\":\"Ambiente brinda recomendaciones para los visitantes de ANP costeras durante la temporada estival\"}]},{\"@type\":\"WebSite\",\"@id\":\"https:\\\/\\\/patagoniambiental.com.ar\\\/info\\\/#website\",\"url\":\"https:\\\/\\\/patagoniambiental.com.ar\\\/info\\\/\",\"name\":\"Patagonia Ambiental\",\"description\":\"Monitoreo y an\u00e1lisis de la situaci\u00f3n geopol\u00edtica en el mundo y su implicancia en la Patagonia\",\"publisher\":{\"@id\":\"https:\\\/\\\/patagoniambiental.com.ar\\\/info\\\/#organization\"},\"potentialAction\":[{\"@type\":\"SearchAction\",\"target\":{\"@type\":\"EntryPoint\",\"urlTemplate\":\"https:\\\/\\\/patagoniambiental.com.ar\\\/info\\\/?s={search_term_string}\"},\"query-input\":{\"@type\":\"PropertyValueSpecification\",\"valueRequired\":true,\"valueName\":\"search_term_string\"}}],\"inLanguage\":\"es\"},{\"@type\":\"Organization\",\"@id\":\"https:\\\/\\\/patagoniambiental.com.ar\\\/info\\\/#organization\",\"name\":\"Patagonia Ambiental\",\"url\":\"https:\\\/\\\/patagoniambiental.com.ar\\\/info\\\/\",\"logo\":{\"@type\":\"ImageObject\",\"inLanguage\":\"es\",\"@id\":\"https:\\\/\\\/patagoniambiental.com.ar\\\/info\\\/#\\\/schema\\\/logo\\\/image\\\/\",\"url\":\"https:\\\/\\\/patagoniambiental.com.ar\\\/info\\\/wp-content\\\/uploads\\\/2025\\\/05\\\/LOGO-PATAGONIA-AMBIENTAL.png\",\"contentUrl\":\"https:\\\/\\\/patagoniambiental.com.ar\\\/info\\\/wp-content\\\/uploads\\\/2025\\\/05\\\/LOGO-PATAGONIA-AMBIENTAL.png\",\"width\":433,\"height\":250,\"caption\":\"Patagonia Ambiental\"},\"image\":{\"@id\":\"https:\\\/\\\/patagoniambiental.com.ar\\\/info\\\/#\\\/schema\\\/logo\\\/image\\\/\"},\"sameAs\":[\"https:\\\/\\\/www.facebook.com\\\/patagonia.ambiental\",\"https:\\\/\\\/x.com\\\/PatAmb\"]},{\"@type\":\"Person\",\"@id\":\"https:\\\/\\\/patagoniambiental.com.ar\\\/info\\\/#\\\/schema\\\/person\\\/db12bff64bbcbf6a253710bf0ea37b5d\",\"name\":\"Patagonia Ambiental\",\"description\":\"Andr\u00e9s Nievas T\u00e9cnico en manejo ambiental, consultor Ambiental y escritor para medios locales e internacionales sobre temas de geopolitica y medio ambiente.\",\"sameAs\":[\"http:\\\/\\\/www.patagoniambiental.com.ar\",\"https:\\\/\\\/www.facebook.com\\\/share\\\/1C1V8Gv9BX\\\/?mibextid=qi2Omg\",\"@patagoniambiental\",\"https:\\\/\\\/youtube.com\\\/@patagoniaambiental2023?si=BLt58t0wuXquxlYZ\"]}]}<\/script>\n<!-- \/ Yoast SEO Premium plugin. -->","yoast_head_json":{"title":"Ambiente brinda recomendaciones para los visitantes de ANP costeras durante la temporada estival","robots":{"index":"index","follow":"follow","max-snippet":"max-snippet:-1","max-image-preview":"max-image-preview:large","max-video-preview":"max-video-preview:-1"},"canonical":"https:\/\/patagoniambiental.com.ar\/info\/ambiente-brinda-recomendaciones-para-los-visitantes-de-anp-costeras-durante-la-temporada-estival\/","og_locale":"es_ES","og_type":"article","og_title":"Ambiente brinda recomendaciones para los visitantes de ANP costeras durante la temporada estival","og_description":"El Servicio de \u00c1reas Naturales Protegidas (ANP), dependiente de la Secretar\u00eda de Ambiente y Desarrollo Sustentable de la provincia de [&hellip;]","og_url":"https:\/\/patagoniambiental.com.ar\/info\/ambiente-brinda-recomendaciones-para-los-visitantes-de-anp-costeras-durante-la-temporada-estival\/","og_site_name":"Patagonia Ambiental","article_publisher":"https:\/\/www.facebook.com\/patagonia.ambiental","article_author":"https:\/\/www.facebook.com\/share\/1C1V8Gv9BX\/?mibextid=qi2Omg","article_published_time":"2015-12-25T18:21:45+00:00","author":"Patagonia Ambiental","twitter_card":"summary_large_image","twitter_creator":"@PatAmb","twitter_site":"@PatAmb","schema":{"@context":"https:\/\/schema.org","@graph":[{"@type":"Article","@id":"https:\/\/patagoniambiental.com.ar\/info\/ambiente-brinda-recomendaciones-para-los-visitantes-de-anp-costeras-durante-la-temporada-estival\/#article","isPartOf":{"@id":"https:\/\/patagoniambiental.com.ar\/info\/ambiente-brinda-recomendaciones-para-los-visitantes-de-anp-costeras-durante-la-temporada-estival\/"},"author":{"name":"Patagonia Ambiental","@id":"https:\/\/patagoniambiental.com.ar\/info\/#\/schema\/person\/db12bff64bbcbf6a253710bf0ea37b5d"},"headline":"Ambiente brinda recomendaciones para los visitantes de ANP costeras durante la temporada estival","datePublished":"2015-12-25T18:21:45+00:00","mainEntityOfPage":{"@id":"https:\/\/patagoniambiental.com.ar\/info\/ambiente-brinda-recomendaciones-para-los-visitantes-de-anp-costeras-durante-la-temporada-estival\/"},"wordCount":399,"publisher":{"@id":"https:\/\/patagoniambiental.com.ar\/info\/#organization"},"image":{"@id":"https:\/\/patagoniambiental.com.ar\/info\/ambiente-brinda-recomendaciones-para-los-visitantes-de-anp-costeras-durante-la-temporada-estival\/#primaryimage"},"thumbnailUrl":"","articleSection":["Noticias"],"inLanguage":"es"},{"@type":"WebPage","@id":"https:\/\/patagoniambiental.com.ar\/info\/ambiente-brinda-recomendaciones-para-los-visitantes-de-anp-costeras-durante-la-temporada-estival\/","url":"https:\/\/patagoniambiental.com.ar\/info\/ambiente-brinda-recomendaciones-para-los-visitantes-de-anp-costeras-durante-la-temporada-estival\/","name":"Ambiente brinda recomendaciones para los visitantes de ANP costeras durante la temporada estival","isPartOf":{"@id":"https:\/\/patagoniambiental.com.ar\/info\/#website"},"primaryImageOfPage":{"@id":"https:\/\/patagoniambiental.com.ar\/info\/ambiente-brinda-recomendaciones-para-los-visitantes-de-anp-costeras-durante-la-temporada-estival\/#primaryimage"},"image":{"@id":"https:\/\/patagoniambiental.com.ar\/info\/ambiente-brinda-recomendaciones-para-los-visitantes-de-anp-costeras-durante-la-temporada-estival\/#primaryimage"},"thumbnailUrl":"","datePublished":"2015-12-25T18:21:45+00:00","breadcrumb":{"@id":"https:\/\/patagoniambiental.com.ar\/info\/ambiente-brinda-recomendaciones-para-los-visitantes-de-anp-costeras-durante-la-temporada-estival\/#breadcrumb"},"inLanguage":"es","potentialAction":[{"@type":"ReadAction","target":["https:\/\/patagoniambiental.com.ar\/info\/ambiente-brinda-recomendaciones-para-los-visitantes-de-anp-costeras-durante-la-temporada-estival\/"]}]},{"@type":"ImageObject","inLanguage":"es","@id":"https:\/\/patagoniambiental.com.ar\/info\/ambiente-brinda-recomendaciones-para-los-visitantes-de-anp-costeras-durante-la-temporada-estival\/#primaryimage","url":"","contentUrl":""},{"@type":"BreadcrumbList","@id":"https:\/\/patagoniambiental.com.ar\/info\/ambiente-brinda-recomendaciones-para-los-visitantes-de-anp-costeras-durante-la-temporada-estival\/#breadcrumb","itemListElement":[{"@type":"ListItem","position":1,"name":"Inicio","item":"https:\/\/patagoniambiental.com.ar\/info\/"},{"@type":"ListItem","position":2,"name":"Ambiente brinda recomendaciones para los visitantes de ANP costeras durante la temporada estival"}]},{"@type":"WebSite","@id":"https:\/\/patagoniambiental.com.ar\/info\/#website","url":"https:\/\/patagoniambiental.com.ar\/info\/","name":"Patagonia Ambiental","description":"Monitoreo y an\u00e1lisis de la situaci\u00f3n geopol\u00edtica en el mundo y su implicancia en la Patagonia","publisher":{"@id":"https:\/\/patagoniambiental.com.ar\/info\/#organization"},"potentialAction":[{"@type":"SearchAction","target":{"@type":"EntryPoint","urlTemplate":"https:\/\/patagoniambiental.com.ar\/info\/?s={search_term_string}"},"query-input":{"@type":"PropertyValueSpecification","valueRequired":true,"valueName":"search_term_string"}}],"inLanguage":"es"},{"@type":"Organization","@id":"https:\/\/patagoniambiental.com.ar\/info\/#organization","name":"Patagonia Ambiental","url":"https:\/\/patagoniambiental.com.ar\/info\/","logo":{"@type":"ImageObject","inLanguage":"es","@id":"https:\/\/patagoniambiental.com.ar\/info\/#\/schema\/logo\/image\/","url":"https:\/\/patagoniambiental.com.ar\/info\/wp-content\/uploads\/2025\/05\/LOGO-PATAGONIA-AMBIENTAL.png","contentUrl":"https:\/\/patagoniambiental.com.ar\/info\/wp-content\/uploads\/2025\/05\/LOGO-PATAGONIA-AMBIENTAL.png","width":433,"height":250,"caption":"Patagonia Ambiental"},"image":{"@id":"https:\/\/patagoniambiental.com.ar\/info\/#\/schema\/logo\/image\/"},"sameAs":["https:\/\/www.facebook.com\/patagonia.ambiental","https:\/\/x.com\/PatAmb"]},{"@type":"Person","@id":"https:\/\/patagoniambiental.com.ar\/info\/#\/schema\/person\/db12bff64bbcbf6a253710bf0ea37b5d","name":"Patagonia Ambiental","description":"Andr\u00e9s Nievas T\u00e9cnico en manejo ambiental, consultor Ambiental y escritor para medios locales e internacionales sobre temas de geopolitica y medio ambiente.","sameAs":["http:\/\/www.patagoniambiental.com.ar","https:\/\/www.facebook.com\/share\/1C1V8Gv9BX\/?mibextid=qi2Omg","@patagoniambiental","https:\/\/youtube.com\/@patagoniaambiental2023?si=BLt58t0wuXquxlYZ"]}]}},"_links":{"self":[{"href":"https:\/\/patagoniambiental.com.ar\/info\/wp-json\/wp\/v2\/posts\/16197","targetHints":{"allow":["GET"]}}],"collection":[{"href":"https:\/\/patagoniambiental.com.ar\/info\/wp-json\/wp\/v2\/posts"}],"about":[{"href":"https:\/\/patagoniambiental.com.ar\/info\/wp-json\/wp\/v2\/types\/post"}],"author":[{"embeddable":true,"href":"https:\/\/patagoniambiental.com.ar\/info\/wp-json\/wp\/v2\/users\/2"}],"replies":[{"embeddable":true,"href":"https:\/\/patagoniambiental.com.ar\/info\/wp-json\/wp\/v2\/comments?post=16197"}],"version-history":[{"count":0,"href":"https:\/\/patagoniambiental.com.ar\/info\/wp-json\/wp\/v2\/posts\/16197\/revisions"}],"wp:featuredmedia":[{"embeddable":true,"href":"https:\/\/patagoniambiental.com.ar\/info\/wp-json\/"}],"wp:attachment":[{"href":"https:\/\/patagoniambiental.com.ar\/info\/wp-json\/wp\/v2\/media?parent=16197"}],"wp:term":[{"taxonomy":"category","embeddable":true,"href":"https:\/\/patagoniambiental.com.ar\/info\/wp-json\/wp\/v2\/categories?post=16197"},{"taxonomy":"post_tag","embeddable":true,"href":"https:\/\/patagoniambiental.com.ar\/info\/wp-json\/wp\/v2\/tags?post=16197"}],"curies":[{"name":"wp","href":"https:\/\/api.w.org\/{rel}","templated":true}]}}