{"id":16200,"date":"2015-12-25T15:26:21","date_gmt":"2015-12-25T18:26:21","guid":{"rendered":"http:\/\/patagoniambiental.com.ar\/?p=16200"},"modified":"2015-12-25T15:26:21","modified_gmt":"2015-12-25T18:26:21","slug":"agroindustria-impulsa-politicas-para-incrementar-el-agregado-de-valor","status":"publish","type":"post","link":"https:\/\/patagoniambiental.com.ar\/info\/agroindustria-impulsa-politicas-para-incrementar-el-agregado-de-valor\/","title":{"rendered":"Agroindustria impulsa pol\u00edticas para incrementar el agregado de valor"},"content":{"rendered":"<p>En el marco de las pol\u00edticas de fortalecimiento de las energ\u00edas renovables, se llev\u00f3 a cabo un encuentro con los directores ejecutivos de la Asociaci\u00f3n Argentina de Biocombustibles e Hidr\u00f3geno, Claudio Molina; de la C\u00e1mara Argentina de Biocombustibles (CARBIO), V\u00edctor Castro, y de la C\u00e1mara Empresaria de Bioetanol de Maiz (Bioma\u00edz), Patrick Adam.<\/p>\n<p>Los directores fueron recibidos por el secretario de Agregado de Valor, como as\u00ed tambi\u00e9n por Mariano Lechardoy, subsecretario de Bio Industria y Miguel Almada, Director de Agroenerg\u00eda.<\/p>\n<p>Las energ\u00edas renovables tienen un rol clave en la sustentabilidad econ\u00f3mica y ambiental, y esto se potencia por \u00abla creciente innovaci\u00f3n en materia de biocombustibles lo que significa un importante desarrollo para el pa\u00eds complementado por los beneficios de una buena gesti\u00f3n ambiental\u00bb, indic\u00f3 Roulet.<\/p>\n<p>\u00abHemos visto una excelente predisposici\u00f3n por parte del gobierno a trabajar con otros sectores, nosotros estamos muy involucrados con el \u00e1rea de Agroenerg\u00eda del Ministerio. Vemos, a su vez, que ha habido un importante intercambio del Ministerio de Agroindustria con el Ministerio de Ciencia y Tecnolog\u00eda, y eso es muy positivo para dar pasos m\u00e1s sostenibles en el tiempo en virtud de la diversificaciones de la matriz energ\u00e9tica con las ventajas que da el agregado de valor\u00bb, expres\u00f3 V\u00edctor Castro de CARBIO.<\/p>\n<p>Por su parte, Patrick Adam se\u00f1al\u00f3: \u00abSe respira un aire de di\u00e1logo, que no quiere decir que no haya firmeza de las partes, pero si un di\u00e1logo transparente y franco que beneficia a todos en la industria, ante lo que estamos confiados en que vamos a avanzar bien\u00bb.<\/p>\n<p>Durante la reuni\u00f3n se hizo hincapi\u00e9 en costos y precios frente a la necesidad de continuar revisando peri\u00f3dicamente esa estructura en forma conjunta.<\/p>\n","protected":false},"excerpt":{"rendered":"<p>En el marco de las pol\u00edticas de fortalecimiento de las energ\u00edas renovables, se llev\u00f3 a cabo un encuentro con los [&hellip;]<\/p>\n","protected":false},"author":2,"featured_media":16201,"comment_status":"closed","ping_status":"closed","sticky":false,"template":"","format":"standard","meta":{"site-sidebar-layout":"default","site-content-layout":"","ast-site-content-layout":"default","site-content-style":"default","site-sidebar-style":"default","ast-global-header-display":"","ast-banner-title-visibility":"","ast-main-header-display":"","ast-hfb-above-header-display":"","ast-hfb-below-header-display":"","ast-hfb-mobile-header-display":"","site-post-title":"","ast-breadcrumbs-content":"","ast-featured-img":"","footer-sml-layout":"","ast-disable-related-posts":"","theme-transparent-header-meta":"","adv-header-id-meta":"","stick-header-meta":"","header-above-stick-meta":"","header-main-stick-meta":"","header-below-stick-meta":"","astra-migrate-meta-layouts":"default","ast-page-background-enabled":"default","ast-page-background-meta":{"desktop":{"background-color":"var(--ast-global-color-5)","background-image":"","background-repeat":"repeat","background-position":"center center","background-size":"auto","background-attachment":"scroll","background-type":"","background-media":"","overlay-type":"","overlay-color":"","overlay-opacity":"","overlay-gradient":""},"tablet":{"background-color":"","background-image":"","background-repeat":"repeat","background-position":"center center","background-size":"auto","background-attachment":"scroll","background-type":"","background-media":"","overlay-type":"","overlay-color":"","overlay-opacity":"","overlay-gradient":""},"mobile":{"background-color":"","background-image":"","background-repeat":"repeat","background-position":"center center","background-size":"auto","background-attachment":"scroll","background-type":"","background-media":"","overlay-type":"","overlay-color":"","overlay-opacity":"","overlay-gradient":""}},"ast-content-background-meta":{"desktop":{"background-color":"var(--ast-global-color-4)","background-image":"","background-repeat":"repeat","background-position":"center center","background-size":"auto","background-attachment":"scroll","background-type":"","background-media":"","overlay-type":"","overlay-color":"","overlay-opacity":"","overlay-gradient":""},"tablet":{"background-color":"var(--ast-global-color-4)","background-image":"","background-repeat":"repeat","background-position":"center center","background-size":"auto","background-attachment":"scroll","background-type":"","background-media":"","overlay-type":"","overlay-color":"","overlay-opacity":"","overlay-gradient":""},"mobile":{"background-color":"var(--ast-global-color-4)","background-image":"","background-repeat":"repeat","background-position":"center center","background-size":"auto","background-attachment":"scroll","background-type":"","background-media":"","overlay-type":"","overlay-color":"","overlay-opacity":"","overlay-gradient":""}},"footnotes":""},"categories":[1],"tags":[],"class_list":["post-16200","post","type-post","status-publish","format-standard","has-post-thumbnail","hentry","category-noticias"],"yoast_head":"<!-- This site is optimized with the Yoast SEO Premium plugin v23.0 (Yoast SEO v27.5) - https:\/\/yoast.com\/product\/yoast-seo-premium-wordpress\/ -->\n<title>Agroindustria impulsa pol\u00edticas para incrementar el agregado de valor<\/title>\n<meta name=\"robots\" content=\"index, follow, max-snippet:-1, max-image-preview:large, max-video-preview:-1\" \/>\n<link rel=\"canonical\" href=\"https:\/\/patagoniambiental.com.ar\/info\/agroindustria-impulsa-politicas-para-incrementar-el-agregado-de-valor\/\" \/>\n<meta property=\"og:locale\" content=\"es_ES\" \/>\n<meta property=\"og:type\" content=\"article\" \/>\n<meta property=\"og:title\" content=\"Agroindustria impulsa pol\u00edticas para incrementar el agregado de valor\" \/>\n<meta property=\"og:description\" content=\"En el marco de las pol\u00edticas de fortalecimiento de las energ\u00edas renovables, se llev\u00f3 a cabo un encuentro con los [&hellip;]\" \/>\n<meta property=\"og:url\" content=\"https:\/\/patagoniambiental.com.ar\/info\/agroindustria-impulsa-politicas-para-incrementar-el-agregado-de-valor\/\" \/>\n<meta property=\"og:site_name\" content=\"Patagonia Ambiental\" \/>\n<meta property=\"article:publisher\" content=\"https:\/\/www.facebook.com\/patagonia.ambiental\" \/>\n<meta property=\"article:author\" content=\"https:\/\/www.facebook.com\/share\/1C1V8Gv9BX\/?mibextid=qi2Omg\" \/>\n<meta property=\"article:published_time\" content=\"2015-12-25T18:26:21+00:00\" \/>\n<meta name=\"author\" content=\"Patagonia Ambiental\" \/>\n<meta name=\"twitter:card\" content=\"summary_large_image\" \/>\n<meta name=\"twitter:creator\" content=\"@PatAmb\" \/>\n<meta name=\"twitter:site\" content=\"@PatAmb\" \/>\n<script type=\"application\/ld+json\" class=\"yoast-schema-graph\">{\"@context\":\"https:\\\/\\\/schema.org\",\"@graph\":[{\"@type\":\"Article\",\"@id\":\"https:\\\/\\\/patagoniambiental.com.ar\\\/info\\\/agroindustria-impulsa-politicas-para-incrementar-el-agregado-de-valor\\\/#article\",\"isPartOf\":{\"@id\":\"https:\\\/\\\/patagoniambiental.com.ar\\\/info\\\/agroindustria-impulsa-politicas-para-incrementar-el-agregado-de-valor\\\/\"},\"author\":{\"name\":\"Patagonia Ambiental\",\"@id\":\"https:\\\/\\\/patagoniambiental.com.ar\\\/info\\\/#\\\/schema\\\/person\\\/db12bff64bbcbf6a253710bf0ea37b5d\"},\"headline\":\"Agroindustria impulsa pol\u00edticas para incrementar el agregado de valor\",\"datePublished\":\"2015-12-25T18:26:21+00:00\",\"mainEntityOfPage\":{\"@id\":\"https:\\\/\\\/patagoniambiental.com.ar\\\/info\\\/agroindustria-impulsa-politicas-para-incrementar-el-agregado-de-valor\\\/\"},\"wordCount\":314,\"publisher\":{\"@id\":\"https:\\\/\\\/patagoniambiental.com.ar\\\/info\\\/#organization\"},\"image\":{\"@id\":\"https:\\\/\\\/patagoniambiental.com.ar\\\/info\\\/agroindustria-impulsa-politicas-para-incrementar-el-agregado-de-valor\\\/#primaryimage\"},\"thumbnailUrl\":\"\",\"articleSection\":[\"Noticias\"],\"inLanguage\":\"es\"},{\"@type\":\"WebPage\",\"@id\":\"https:\\\/\\\/patagoniambiental.com.ar\\\/info\\\/agroindustria-impulsa-politicas-para-incrementar-el-agregado-de-valor\\\/\",\"url\":\"https:\\\/\\\/patagoniambiental.com.ar\\\/info\\\/agroindustria-impulsa-politicas-para-incrementar-el-agregado-de-valor\\\/\",\"name\":\"Agroindustria impulsa pol\u00edticas para incrementar el agregado de valor\",\"isPartOf\":{\"@id\":\"https:\\\/\\\/patagoniambiental.com.ar\\\/info\\\/#website\"},\"primaryImageOfPage\":{\"@id\":\"https:\\\/\\\/patagoniambiental.com.ar\\\/info\\\/agroindustria-impulsa-politicas-para-incrementar-el-agregado-de-valor\\\/#primaryimage\"},\"image\":{\"@id\":\"https:\\\/\\\/patagoniambiental.com.ar\\\/info\\\/agroindustria-impulsa-politicas-para-incrementar-el-agregado-de-valor\\\/#primaryimage\"},\"thumbnailUrl\":\"\",\"datePublished\":\"2015-12-25T18:26:21+00:00\",\"breadcrumb\":{\"@id\":\"https:\\\/\\\/patagoniambiental.com.ar\\\/info\\\/agroindustria-impulsa-politicas-para-incrementar-el-agregado-de-valor\\\/#breadcrumb\"},\"inLanguage\":\"es\",\"potentialAction\":[{\"@type\":\"ReadAction\",\"target\":[\"https:\\\/\\\/patagoniambiental.com.ar\\\/info\\\/agroindustria-impulsa-politicas-para-incrementar-el-agregado-de-valor\\\/\"]}]},{\"@type\":\"ImageObject\",\"inLanguage\":\"es\",\"@id\":\"https:\\\/\\\/patagoniambiental.com.ar\\\/info\\\/agroindustria-impulsa-politicas-para-incrementar-el-agregado-de-valor\\\/#primaryimage\",\"url\":\"\",\"contentUrl\":\"\"},{\"@type\":\"BreadcrumbList\",\"@id\":\"https:\\\/\\\/patagoniambiental.com.ar\\\/info\\\/agroindustria-impulsa-politicas-para-incrementar-el-agregado-de-valor\\\/#breadcrumb\",\"itemListElement\":[{\"@type\":\"ListItem\",\"position\":1,\"name\":\"Inicio\",\"item\":\"https:\\\/\\\/patagoniambiental.com.ar\\\/info\\\/\"},{\"@type\":\"ListItem\",\"position\":2,\"name\":\"Agroindustria impulsa pol\u00edticas para incrementar el agregado de valor\"}]},{\"@type\":\"WebSite\",\"@id\":\"https:\\\/\\\/patagoniambiental.com.ar\\\/info\\\/#website\",\"url\":\"https:\\\/\\\/patagoniambiental.com.ar\\\/info\\\/\",\"name\":\"Patagonia Ambiental\",\"description\":\"Monitoreo y an\u00e1lisis de la situaci\u00f3n geopol\u00edtica en el mundo y su implicancia en la Patagonia\",\"publisher\":{\"@id\":\"https:\\\/\\\/patagoniambiental.com.ar\\\/info\\\/#organization\"},\"potentialAction\":[{\"@type\":\"SearchAction\",\"target\":{\"@type\":\"EntryPoint\",\"urlTemplate\":\"https:\\\/\\\/patagoniambiental.com.ar\\\/info\\\/?s={search_term_string}\"},\"query-input\":{\"@type\":\"PropertyValueSpecification\",\"valueRequired\":true,\"valueName\":\"search_term_string\"}}],\"inLanguage\":\"es\"},{\"@type\":\"Organization\",\"@id\":\"https:\\\/\\\/patagoniambiental.com.ar\\\/info\\\/#organization\",\"name\":\"Patagonia Ambiental\",\"url\":\"https:\\\/\\\/patagoniambiental.com.ar\\\/info\\\/\",\"logo\":{\"@type\":\"ImageObject\",\"inLanguage\":\"es\",\"@id\":\"https:\\\/\\\/patagoniambiental.com.ar\\\/info\\\/#\\\/schema\\\/logo\\\/image\\\/\",\"url\":\"https:\\\/\\\/patagoniambiental.com.ar\\\/info\\\/wp-content\\\/uploads\\\/2025\\\/05\\\/LOGO-PATAGONIA-AMBIENTAL.png\",\"contentUrl\":\"https:\\\/\\\/patagoniambiental.com.ar\\\/info\\\/wp-content\\\/uploads\\\/2025\\\/05\\\/LOGO-PATAGONIA-AMBIENTAL.png\",\"width\":433,\"height\":250,\"caption\":\"Patagonia Ambiental\"},\"image\":{\"@id\":\"https:\\\/\\\/patagoniambiental.com.ar\\\/info\\\/#\\\/schema\\\/logo\\\/image\\\/\"},\"sameAs\":[\"https:\\\/\\\/www.facebook.com\\\/patagonia.ambiental\",\"https:\\\/\\\/x.com\\\/PatAmb\"]},{\"@type\":\"Person\",\"@id\":\"https:\\\/\\\/patagoniambiental.com.ar\\\/info\\\/#\\\/schema\\\/person\\\/db12bff64bbcbf6a253710bf0ea37b5d\",\"name\":\"Patagonia Ambiental\",\"description\":\"Andr\u00e9s Nievas T\u00e9cnico en manejo ambiental, consultor Ambiental y escritor para medios locales e internacionales sobre temas de geopolitica y medio ambiente.\",\"sameAs\":[\"http:\\\/\\\/www.patagoniambiental.com.ar\",\"https:\\\/\\\/www.facebook.com\\\/share\\\/1C1V8Gv9BX\\\/?mibextid=qi2Omg\",\"@patagoniambiental\",\"https:\\\/\\\/youtube.com\\\/@patagoniaambiental2023?si=BLt58t0wuXquxlYZ\"]}]}<\/script>\n<!-- \/ Yoast SEO Premium plugin. -->","yoast_head_json":{"title":"Agroindustria impulsa pol\u00edticas para incrementar el agregado de valor","robots":{"index":"index","follow":"follow","max-snippet":"max-snippet:-1","max-image-preview":"max-image-preview:large","max-video-preview":"max-video-preview:-1"},"canonical":"https:\/\/patagoniambiental.com.ar\/info\/agroindustria-impulsa-politicas-para-incrementar-el-agregado-de-valor\/","og_locale":"es_ES","og_type":"article","og_title":"Agroindustria impulsa pol\u00edticas para incrementar el agregado de valor","og_description":"En el marco de las pol\u00edticas de fortalecimiento de las energ\u00edas renovables, se llev\u00f3 a cabo un encuentro con los [&hellip;]","og_url":"https:\/\/patagoniambiental.com.ar\/info\/agroindustria-impulsa-politicas-para-incrementar-el-agregado-de-valor\/","og_site_name":"Patagonia Ambiental","article_publisher":"https:\/\/www.facebook.com\/patagonia.ambiental","article_author":"https:\/\/www.facebook.com\/share\/1C1V8Gv9BX\/?mibextid=qi2Omg","article_published_time":"2015-12-25T18:26:21+00:00","author":"Patagonia Ambiental","twitter_card":"summary_large_image","twitter_creator":"@PatAmb","twitter_site":"@PatAmb","schema":{"@context":"https:\/\/schema.org","@graph":[{"@type":"Article","@id":"https:\/\/patagoniambiental.com.ar\/info\/agroindustria-impulsa-politicas-para-incrementar-el-agregado-de-valor\/#article","isPartOf":{"@id":"https:\/\/patagoniambiental.com.ar\/info\/agroindustria-impulsa-politicas-para-incrementar-el-agregado-de-valor\/"},"author":{"name":"Patagonia Ambiental","@id":"https:\/\/patagoniambiental.com.ar\/info\/#\/schema\/person\/db12bff64bbcbf6a253710bf0ea37b5d"},"headline":"Agroindustria impulsa pol\u00edticas para incrementar el agregado de valor","datePublished":"2015-12-25T18:26:21+00:00","mainEntityOfPage":{"@id":"https:\/\/patagoniambiental.com.ar\/info\/agroindustria-impulsa-politicas-para-incrementar-el-agregado-de-valor\/"},"wordCount":314,"publisher":{"@id":"https:\/\/patagoniambiental.com.ar\/info\/#organization"},"image":{"@id":"https:\/\/patagoniambiental.com.ar\/info\/agroindustria-impulsa-politicas-para-incrementar-el-agregado-de-valor\/#primaryimage"},"thumbnailUrl":"","articleSection":["Noticias"],"inLanguage":"es"},{"@type":"WebPage","@id":"https:\/\/patagoniambiental.com.ar\/info\/agroindustria-impulsa-politicas-para-incrementar-el-agregado-de-valor\/","url":"https:\/\/patagoniambiental.com.ar\/info\/agroindustria-impulsa-politicas-para-incrementar-el-agregado-de-valor\/","name":"Agroindustria impulsa pol\u00edticas para incrementar el agregado de valor","isPartOf":{"@id":"https:\/\/patagoniambiental.com.ar\/info\/#website"},"primaryImageOfPage":{"@id":"https:\/\/patagoniambiental.com.ar\/info\/agroindustria-impulsa-politicas-para-incrementar-el-agregado-de-valor\/#primaryimage"},"image":{"@id":"https:\/\/patagoniambiental.com.ar\/info\/agroindustria-impulsa-politicas-para-incrementar-el-agregado-de-valor\/#primaryimage"},"thumbnailUrl":"","datePublished":"2015-12-25T18:26:21+00:00","breadcrumb":{"@id":"https:\/\/patagoniambiental.com.ar\/info\/agroindustria-impulsa-politicas-para-incrementar-el-agregado-de-valor\/#breadcrumb"},"inLanguage":"es","potentialAction":[{"@type":"ReadAction","target":["https:\/\/patagoniambiental.com.ar\/info\/agroindustria-impulsa-politicas-para-incrementar-el-agregado-de-valor\/"]}]},{"@type":"ImageObject","inLanguage":"es","@id":"https:\/\/patagoniambiental.com.ar\/info\/agroindustria-impulsa-politicas-para-incrementar-el-agregado-de-valor\/#primaryimage","url":"","contentUrl":""},{"@type":"BreadcrumbList","@id":"https:\/\/patagoniambiental.com.ar\/info\/agroindustria-impulsa-politicas-para-incrementar-el-agregado-de-valor\/#breadcrumb","itemListElement":[{"@type":"ListItem","position":1,"name":"Inicio","item":"https:\/\/patagoniambiental.com.ar\/info\/"},{"@type":"ListItem","position":2,"name":"Agroindustria impulsa pol\u00edticas para incrementar el agregado de valor"}]},{"@type":"WebSite","@id":"https:\/\/patagoniambiental.com.ar\/info\/#website","url":"https:\/\/patagoniambiental.com.ar\/info\/","name":"Patagonia Ambiental","description":"Monitoreo y an\u00e1lisis de la situaci\u00f3n geopol\u00edtica en el mundo y su implicancia en la Patagonia","publisher":{"@id":"https:\/\/patagoniambiental.com.ar\/info\/#organization"},"potentialAction":[{"@type":"SearchAction","target":{"@type":"EntryPoint","urlTemplate":"https:\/\/patagoniambiental.com.ar\/info\/?s={search_term_string}"},"query-input":{"@type":"PropertyValueSpecification","valueRequired":true,"valueName":"search_term_string"}}],"inLanguage":"es"},{"@type":"Organization","@id":"https:\/\/patagoniambiental.com.ar\/info\/#organization","name":"Patagonia Ambiental","url":"https:\/\/patagoniambiental.com.ar\/info\/","logo":{"@type":"ImageObject","inLanguage":"es","@id":"https:\/\/patagoniambiental.com.ar\/info\/#\/schema\/logo\/image\/","url":"https:\/\/patagoniambiental.com.ar\/info\/wp-content\/uploads\/2025\/05\/LOGO-PATAGONIA-AMBIENTAL.png","contentUrl":"https:\/\/patagoniambiental.com.ar\/info\/wp-content\/uploads\/2025\/05\/LOGO-PATAGONIA-AMBIENTAL.png","width":433,"height":250,"caption":"Patagonia Ambiental"},"image":{"@id":"https:\/\/patagoniambiental.com.ar\/info\/#\/schema\/logo\/image\/"},"sameAs":["https:\/\/www.facebook.com\/patagonia.ambiental","https:\/\/x.com\/PatAmb"]},{"@type":"Person","@id":"https:\/\/patagoniambiental.com.ar\/info\/#\/schema\/person\/db12bff64bbcbf6a253710bf0ea37b5d","name":"Patagonia Ambiental","description":"Andr\u00e9s Nievas T\u00e9cnico en manejo ambiental, consultor Ambiental y escritor para medios locales e internacionales sobre temas de geopolitica y medio ambiente.","sameAs":["http:\/\/www.patagoniambiental.com.ar","https:\/\/www.facebook.com\/share\/1C1V8Gv9BX\/?mibextid=qi2Omg","@patagoniambiental","https:\/\/youtube.com\/@patagoniaambiental2023?si=BLt58t0wuXquxlYZ"]}]}},"_links":{"self":[{"href":"https:\/\/patagoniambiental.com.ar\/info\/wp-json\/wp\/v2\/posts\/16200","targetHints":{"allow":["GET"]}}],"collection":[{"href":"https:\/\/patagoniambiental.com.ar\/info\/wp-json\/wp\/v2\/posts"}],"about":[{"href":"https:\/\/patagoniambiental.com.ar\/info\/wp-json\/wp\/v2\/types\/post"}],"author":[{"embeddable":true,"href":"https:\/\/patagoniambiental.com.ar\/info\/wp-json\/wp\/v2\/users\/2"}],"replies":[{"embeddable":true,"href":"https:\/\/patagoniambiental.com.ar\/info\/wp-json\/wp\/v2\/comments?post=16200"}],"version-history":[{"count":0,"href":"https:\/\/patagoniambiental.com.ar\/info\/wp-json\/wp\/v2\/posts\/16200\/revisions"}],"wp:featuredmedia":[{"embeddable":true,"href":"https:\/\/patagoniambiental.com.ar\/info\/wp-json\/"}],"wp:attachment":[{"href":"https:\/\/patagoniambiental.com.ar\/info\/wp-json\/wp\/v2\/media?parent=16200"}],"wp:term":[{"taxonomy":"category","embeddable":true,"href":"https:\/\/patagoniambiental.com.ar\/info\/wp-json\/wp\/v2\/categories?post=16200"},{"taxonomy":"post_tag","embeddable":true,"href":"https:\/\/patagoniambiental.com.ar\/info\/wp-json\/wp\/v2\/tags?post=16200"}],"curies":[{"name":"wp","href":"https:\/\/api.w.org\/{rel}","templated":true}]}}