{"id":16218,"date":"2015-12-28T09:00:52","date_gmt":"2015-12-28T12:00:52","guid":{"rendered":"http:\/\/patagoniambiental.com.ar\/?p=16218"},"modified":"2015-12-28T09:00:52","modified_gmt":"2015-12-28T12:00:52","slug":"analizan-frenar-la-construccion-de-las-represas-en-el-rio-santa-cruz","status":"publish","type":"post","link":"https:\/\/patagoniambiental.com.ar\/info\/analizan-frenar-la-construccion-de-las-represas-en-el-rio-santa-cruz\/","title":{"rendered":"Analizan frenar la construcci\u00f3n de las represas en el r\u00edo Santa Cruz"},"content":{"rendered":"<div id=\"txt_183707_6\" class=\"row\">\u201cVamos a intentar pararlas\u00bb, dijo el presidente Mauricio Macri sobre las obras de las represas en el r\u00edo Santa Cruz, seg\u00fan cont\u00f3 este domingo el diario Clar\u00edn.<\/p>\n<p>El art\u00edculo period\u00edstico es contundente desde el t\u00edtulo, \u201cRepresas en el r\u00edo Santa Cruz: Macri analiza parar su construcci\u00f3n\u201d.<\/p>\n<p>Se trata de una cr\u00f3nica que narra el encuentro que el presidente tuvo el lunes pasado con la viuda de Douglas Tompkins, Cristine Mc Divitt. Junto a la mujer del filontropo fallecido d\u00edas atr\u00e1s en la Patagonia chilena, estuvo Sof\u00eda Heinonen, m\u00e1xima autoridad de Conservation Land Trust, la ONG fundada por el multimillonario, dedicada a comprar tierras privadas y luego donarlas para ser convertidas en \u00e1reas protegidas.<\/p>\n<p>Junto al presidente estuvieron el Ministro de Medio Ambiente, Sergio Bergman, el vicepresidente de Parques Nacionales, Emiliano Ezcurra, el jefe de Gabinete, Marcos Pe\u00f1a, y el Ministro de Turismo, Gustavo Santos.<\/p>\n<p>Gonzalo S\u00e1nchez cont\u00f3 en su cr\u00f3nica que el presidente pregunt\u00f3 cu\u00e1les eran las urgencias ambientales que ya no pueden esperar. Heinoen dijo que se necesita una ley de emergencia para fauna en extinci\u00f3n.<\/p>\n<p>Despu\u00e9s el mandatario pregunt\u00f3 la opini\u00f3n que tiene la fundaci\u00f3n y la viuda de Tompkins sobre la obra de las represas.<\/p>\n<p>Clar\u00edn dice que contestaron que les parece una aberraci\u00f3n, que van a provocar un da\u00f1o ambiental irreparable y que creen que se puede producir mejor energ\u00eda de manera m\u00e1s barata, menos da\u00f1ina y m\u00e1s eficaz.<\/p>\n<p>En ese contexto el presidente dijo: \u00abHicimos un estudio y vimos que las represas est\u00e1n en el puesto n\u00famero veinte entre las mejores formas de conseguir energ\u00eda. Es decir, antes hay 19 opciones m\u00e1s viables, limpias y econ\u00f3micas\u00bb, lo mismo que dijo que el vicepresidente de Parques Nacionales Emiliano Ezcurra d\u00edas atr\u00e1s cuando habl\u00f3 con la radio FM Dimensi\u00f3n de nuestra ciudad.<\/p>\n<p>El presidente Mauricio Macri enfatiz\u00f3 en esa reuni\u00f3n sobre las dos obras: \u00abVamos a intentar pararlas\u00bb.<\/p>\n<p>El principal vocero del encuentro y los di\u00e1logos dados fue el ministro de Medio Ambiente. Sergio Bergman dijo: \u00abTodos sospechamos que detr\u00e1s de esas represas hubo un negociado\u201d.<\/p>\n<p>El funcionario agreg\u00f3 que el presidente est\u00e1 pidiendo opiniones a gente id\u00f3nea e incuestionable desde el punto de vista ambiental. \u201cLo que pueda pasar, a\u00fan est\u00e1 por verse\u00bb, dijo el ministro.<br \/>\nAdem\u00e1s del supuesto da\u00f1o ambiental, el gobierno nacional sospecha que hay negociados econ\u00f3micos detr\u00e1s del presupuesto de 43.000 millones de pesos que conforman el presupuesto de las obras.<\/p>\n<p>La postura del gobierno nacional sobre las represas en el rio santacruce\u00f1o ya se hab\u00eda dejado ver d\u00edas atr\u00e1s, cuando el nuevo vicepresidente de Parques Nacionales Emiliano Ezcurra dio una entrevista al programa radial Turno Ma\u00f1ana de FM Dimensi\u00f3n de El Calafate, en la que adelant\u00f3 incluso la posibilidad que la APN acuda a la justicia para intentar frenar las obras.<\/p><\/div>\n<div class=\"row\"><\/div>\n","protected":false},"excerpt":{"rendered":"<p>\u201cVamos a intentar pararlas\u00bb, dijo el presidente Mauricio Macri sobre las obras de las represas en el r\u00edo Santa Cruz, [&hellip;]<\/p>\n","protected":false},"author":2,"featured_media":16219,"comment_status":"closed","ping_status":"closed","sticky":false,"template":"","format":"standard","meta":{"site-sidebar-layout":"default","site-content-layout":"","ast-site-content-layout":"default","site-content-style":"default","site-sidebar-style":"default","ast-global-header-display":"","ast-banner-title-visibility":"","ast-main-header-display":"","ast-hfb-above-header-display":"","ast-hfb-below-header-display":"","ast-hfb-mobile-header-display":"","site-post-title":"","ast-breadcrumbs-content":"","ast-featured-img":"","footer-sml-layout":"","ast-disable-related-posts":"","theme-transparent-header-meta":"","adv-header-id-meta":"","stick-header-meta":"","header-above-stick-meta":"","header-main-stick-meta":"","header-below-stick-meta":"","astra-migrate-meta-layouts":"default","ast-page-background-enabled":"default","ast-page-background-meta":{"desktop":{"background-color":"var(--ast-global-color-5)","background-image":"","background-repeat":"repeat","background-position":"center center","background-size":"auto","background-attachment":"scroll","background-type":"","background-media":"","overlay-type":"","overlay-color":"","overlay-opacity":"","overlay-gradient":""},"tablet":{"background-color":"","background-image":"","background-repeat":"repeat","background-position":"center center","background-size":"auto","background-attachment":"scroll","background-type":"","background-media":"","overlay-type":"","overlay-color":"","overlay-opacity":"","overlay-gradient":""},"mobile":{"background-color":"","background-image":"","background-repeat":"repeat","background-position":"center center","background-size":"auto","background-attachment":"scroll","background-type":"","background-media":"","overlay-type":"","overlay-color":"","overlay-opacity":"","overlay-gradient":""}},"ast-content-background-meta":{"desktop":{"background-color":"var(--ast-global-color-4)","background-image":"","background-repeat":"repeat","background-position":"center center","background-size":"auto","background-attachment":"scroll","background-type":"","background-media":"","overlay-type":"","overlay-color":"","overlay-opacity":"","overlay-gradient":""},"tablet":{"background-color":"var(--ast-global-color-4)","background-image":"","background-repeat":"repeat","background-position":"center center","background-size":"auto","background-attachment":"scroll","background-type":"","background-media":"","overlay-type":"","overlay-color":"","overlay-opacity":"","overlay-gradient":""},"mobile":{"background-color":"var(--ast-global-color-4)","background-image":"","background-repeat":"repeat","background-position":"center center","background-size":"auto","background-attachment":"scroll","background-type":"","background-media":"","overlay-type":"","overlay-color":"","overlay-opacity":"","overlay-gradient":""}},"footnotes":""},"categories":[1],"tags":[],"class_list":["post-16218","post","type-post","status-publish","format-standard","has-post-thumbnail","hentry","category-noticias"],"yoast_head":"<!-- This site is optimized with the Yoast SEO Premium plugin v23.0 (Yoast SEO v27.5) - https:\/\/yoast.com\/product\/yoast-seo-premium-wordpress\/ -->\n<title>Analizan frenar la construcci\u00f3n de las represas en el r\u00edo Santa Cruz<\/title>\n<meta name=\"robots\" content=\"index, follow, max-snippet:-1, max-image-preview:large, max-video-preview:-1\" \/>\n<link rel=\"canonical\" href=\"https:\/\/patagoniambiental.com.ar\/info\/analizan-frenar-la-construccion-de-las-represas-en-el-rio-santa-cruz\/\" \/>\n<meta property=\"og:locale\" content=\"es_ES\" \/>\n<meta property=\"og:type\" content=\"article\" \/>\n<meta property=\"og:title\" content=\"Analizan frenar la construcci\u00f3n de las represas en el r\u00edo Santa Cruz\" \/>\n<meta property=\"og:description\" content=\"\u201cVamos a intentar pararlas\u00bb, dijo el presidente Mauricio Macri sobre las obras de las represas en el r\u00edo Santa Cruz, [&hellip;]\" \/>\n<meta property=\"og:url\" content=\"https:\/\/patagoniambiental.com.ar\/info\/analizan-frenar-la-construccion-de-las-represas-en-el-rio-santa-cruz\/\" \/>\n<meta property=\"og:site_name\" content=\"Patagonia Ambiental\" \/>\n<meta property=\"article:publisher\" content=\"https:\/\/www.facebook.com\/patagonia.ambiental\" \/>\n<meta property=\"article:author\" content=\"https:\/\/www.facebook.com\/share\/1C1V8Gv9BX\/?mibextid=qi2Omg\" \/>\n<meta property=\"article:published_time\" content=\"2015-12-28T12:00:52+00:00\" \/>\n<meta name=\"author\" content=\"Patagonia Ambiental\" \/>\n<meta name=\"twitter:card\" content=\"summary_large_image\" \/>\n<meta name=\"twitter:creator\" content=\"@PatAmb\" \/>\n<meta name=\"twitter:site\" content=\"@PatAmb\" \/>\n<script type=\"application\/ld+json\" class=\"yoast-schema-graph\">{\"@context\":\"https:\\\/\\\/schema.org\",\"@graph\":[{\"@type\":\"Article\",\"@id\":\"https:\\\/\\\/patagoniambiental.com.ar\\\/info\\\/analizan-frenar-la-construccion-de-las-represas-en-el-rio-santa-cruz\\\/#article\",\"isPartOf\":{\"@id\":\"https:\\\/\\\/patagoniambiental.com.ar\\\/info\\\/analizan-frenar-la-construccion-de-las-represas-en-el-rio-santa-cruz\\\/\"},\"author\":{\"name\":\"Patagonia Ambiental\",\"@id\":\"https:\\\/\\\/patagoniambiental.com.ar\\\/info\\\/#\\\/schema\\\/person\\\/db12bff64bbcbf6a253710bf0ea37b5d\"},\"headline\":\"Analizan frenar la construcci\u00f3n de las represas en el r\u00edo Santa Cruz\",\"datePublished\":\"2015-12-28T12:00:52+00:00\",\"mainEntityOfPage\":{\"@id\":\"https:\\\/\\\/patagoniambiental.com.ar\\\/info\\\/analizan-frenar-la-construccion-de-las-represas-en-el-rio-santa-cruz\\\/\"},\"wordCount\":522,\"publisher\":{\"@id\":\"https:\\\/\\\/patagoniambiental.com.ar\\\/info\\\/#organization\"},\"image\":{\"@id\":\"https:\\\/\\\/patagoniambiental.com.ar\\\/info\\\/analizan-frenar-la-construccion-de-las-represas-en-el-rio-santa-cruz\\\/#primaryimage\"},\"thumbnailUrl\":\"\",\"articleSection\":[\"Noticias\"],\"inLanguage\":\"es\"},{\"@type\":\"WebPage\",\"@id\":\"https:\\\/\\\/patagoniambiental.com.ar\\\/info\\\/analizan-frenar-la-construccion-de-las-represas-en-el-rio-santa-cruz\\\/\",\"url\":\"https:\\\/\\\/patagoniambiental.com.ar\\\/info\\\/analizan-frenar-la-construccion-de-las-represas-en-el-rio-santa-cruz\\\/\",\"name\":\"Analizan frenar la construcci\u00f3n de las represas en el r\u00edo Santa Cruz\",\"isPartOf\":{\"@id\":\"https:\\\/\\\/patagoniambiental.com.ar\\\/info\\\/#website\"},\"primaryImageOfPage\":{\"@id\":\"https:\\\/\\\/patagoniambiental.com.ar\\\/info\\\/analizan-frenar-la-construccion-de-las-represas-en-el-rio-santa-cruz\\\/#primaryimage\"},\"image\":{\"@id\":\"https:\\\/\\\/patagoniambiental.com.ar\\\/info\\\/analizan-frenar-la-construccion-de-las-represas-en-el-rio-santa-cruz\\\/#primaryimage\"},\"thumbnailUrl\":\"\",\"datePublished\":\"2015-12-28T12:00:52+00:00\",\"breadcrumb\":{\"@id\":\"https:\\\/\\\/patagoniambiental.com.ar\\\/info\\\/analizan-frenar-la-construccion-de-las-represas-en-el-rio-santa-cruz\\\/#breadcrumb\"},\"inLanguage\":\"es\",\"potentialAction\":[{\"@type\":\"ReadAction\",\"target\":[\"https:\\\/\\\/patagoniambiental.com.ar\\\/info\\\/analizan-frenar-la-construccion-de-las-represas-en-el-rio-santa-cruz\\\/\"]}]},{\"@type\":\"ImageObject\",\"inLanguage\":\"es\",\"@id\":\"https:\\\/\\\/patagoniambiental.com.ar\\\/info\\\/analizan-frenar-la-construccion-de-las-represas-en-el-rio-santa-cruz\\\/#primaryimage\",\"url\":\"\",\"contentUrl\":\"\"},{\"@type\":\"BreadcrumbList\",\"@id\":\"https:\\\/\\\/patagoniambiental.com.ar\\\/info\\\/analizan-frenar-la-construccion-de-las-represas-en-el-rio-santa-cruz\\\/#breadcrumb\",\"itemListElement\":[{\"@type\":\"ListItem\",\"position\":1,\"name\":\"Inicio\",\"item\":\"https:\\\/\\\/patagoniambiental.com.ar\\\/info\\\/\"},{\"@type\":\"ListItem\",\"position\":2,\"name\":\"Analizan frenar la construcci\u00f3n de las represas en el r\u00edo Santa Cruz\"}]},{\"@type\":\"WebSite\",\"@id\":\"https:\\\/\\\/patagoniambiental.com.ar\\\/info\\\/#website\",\"url\":\"https:\\\/\\\/patagoniambiental.com.ar\\\/info\\\/\",\"name\":\"Patagonia Ambiental\",\"description\":\"Monitoreo y an\u00e1lisis de la situaci\u00f3n geopol\u00edtica en el mundo y su implicancia en la Patagonia\",\"publisher\":{\"@id\":\"https:\\\/\\\/patagoniambiental.com.ar\\\/info\\\/#organization\"},\"potentialAction\":[{\"@type\":\"SearchAction\",\"target\":{\"@type\":\"EntryPoint\",\"urlTemplate\":\"https:\\\/\\\/patagoniambiental.com.ar\\\/info\\\/?s={search_term_string}\"},\"query-input\":{\"@type\":\"PropertyValueSpecification\",\"valueRequired\":true,\"valueName\":\"search_term_string\"}}],\"inLanguage\":\"es\"},{\"@type\":\"Organization\",\"@id\":\"https:\\\/\\\/patagoniambiental.com.ar\\\/info\\\/#organization\",\"name\":\"Patagonia Ambiental\",\"url\":\"https:\\\/\\\/patagoniambiental.com.ar\\\/info\\\/\",\"logo\":{\"@type\":\"ImageObject\",\"inLanguage\":\"es\",\"@id\":\"https:\\\/\\\/patagoniambiental.com.ar\\\/info\\\/#\\\/schema\\\/logo\\\/image\\\/\",\"url\":\"https:\\\/\\\/patagoniambiental.com.ar\\\/info\\\/wp-content\\\/uploads\\\/2025\\\/05\\\/LOGO-PATAGONIA-AMBIENTAL.png\",\"contentUrl\":\"https:\\\/\\\/patagoniambiental.com.ar\\\/info\\\/wp-content\\\/uploads\\\/2025\\\/05\\\/LOGO-PATAGONIA-AMBIENTAL.png\",\"width\":433,\"height\":250,\"caption\":\"Patagonia Ambiental\"},\"image\":{\"@id\":\"https:\\\/\\\/patagoniambiental.com.ar\\\/info\\\/#\\\/schema\\\/logo\\\/image\\\/\"},\"sameAs\":[\"https:\\\/\\\/www.facebook.com\\\/patagonia.ambiental\",\"https:\\\/\\\/x.com\\\/PatAmb\"]},{\"@type\":\"Person\",\"@id\":\"https:\\\/\\\/patagoniambiental.com.ar\\\/info\\\/#\\\/schema\\\/person\\\/db12bff64bbcbf6a253710bf0ea37b5d\",\"name\":\"Patagonia Ambiental\",\"description\":\"Andr\u00e9s Nievas T\u00e9cnico en manejo ambiental, consultor Ambiental y escritor para medios locales e internacionales sobre temas de geopolitica y medio ambiente.\",\"sameAs\":[\"http:\\\/\\\/www.patagoniambiental.com.ar\",\"https:\\\/\\\/www.facebook.com\\\/share\\\/1C1V8Gv9BX\\\/?mibextid=qi2Omg\",\"@patagoniambiental\",\"https:\\\/\\\/youtube.com\\\/@patagoniaambiental2023?si=BLt58t0wuXquxlYZ\"]}]}<\/script>\n<!-- \/ Yoast SEO Premium plugin. -->","yoast_head_json":{"title":"Analizan frenar la construcci\u00f3n de las represas en el r\u00edo Santa Cruz","robots":{"index":"index","follow":"follow","max-snippet":"max-snippet:-1","max-image-preview":"max-image-preview:large","max-video-preview":"max-video-preview:-1"},"canonical":"https:\/\/patagoniambiental.com.ar\/info\/analizan-frenar-la-construccion-de-las-represas-en-el-rio-santa-cruz\/","og_locale":"es_ES","og_type":"article","og_title":"Analizan frenar la construcci\u00f3n de las represas en el r\u00edo Santa Cruz","og_description":"\u201cVamos a intentar pararlas\u00bb, dijo el presidente Mauricio Macri sobre las obras de las represas en el r\u00edo Santa Cruz, [&hellip;]","og_url":"https:\/\/patagoniambiental.com.ar\/info\/analizan-frenar-la-construccion-de-las-represas-en-el-rio-santa-cruz\/","og_site_name":"Patagonia Ambiental","article_publisher":"https:\/\/www.facebook.com\/patagonia.ambiental","article_author":"https:\/\/www.facebook.com\/share\/1C1V8Gv9BX\/?mibextid=qi2Omg","article_published_time":"2015-12-28T12:00:52+00:00","author":"Patagonia Ambiental","twitter_card":"summary_large_image","twitter_creator":"@PatAmb","twitter_site":"@PatAmb","schema":{"@context":"https:\/\/schema.org","@graph":[{"@type":"Article","@id":"https:\/\/patagoniambiental.com.ar\/info\/analizan-frenar-la-construccion-de-las-represas-en-el-rio-santa-cruz\/#article","isPartOf":{"@id":"https:\/\/patagoniambiental.com.ar\/info\/analizan-frenar-la-construccion-de-las-represas-en-el-rio-santa-cruz\/"},"author":{"name":"Patagonia Ambiental","@id":"https:\/\/patagoniambiental.com.ar\/info\/#\/schema\/person\/db12bff64bbcbf6a253710bf0ea37b5d"},"headline":"Analizan frenar la construcci\u00f3n de las represas en el r\u00edo Santa Cruz","datePublished":"2015-12-28T12:00:52+00:00","mainEntityOfPage":{"@id":"https:\/\/patagoniambiental.com.ar\/info\/analizan-frenar-la-construccion-de-las-represas-en-el-rio-santa-cruz\/"},"wordCount":522,"publisher":{"@id":"https:\/\/patagoniambiental.com.ar\/info\/#organization"},"image":{"@id":"https:\/\/patagoniambiental.com.ar\/info\/analizan-frenar-la-construccion-de-las-represas-en-el-rio-santa-cruz\/#primaryimage"},"thumbnailUrl":"","articleSection":["Noticias"],"inLanguage":"es"},{"@type":"WebPage","@id":"https:\/\/patagoniambiental.com.ar\/info\/analizan-frenar-la-construccion-de-las-represas-en-el-rio-santa-cruz\/","url":"https:\/\/patagoniambiental.com.ar\/info\/analizan-frenar-la-construccion-de-las-represas-en-el-rio-santa-cruz\/","name":"Analizan frenar la construcci\u00f3n de las represas en el r\u00edo Santa Cruz","isPartOf":{"@id":"https:\/\/patagoniambiental.com.ar\/info\/#website"},"primaryImageOfPage":{"@id":"https:\/\/patagoniambiental.com.ar\/info\/analizan-frenar-la-construccion-de-las-represas-en-el-rio-santa-cruz\/#primaryimage"},"image":{"@id":"https:\/\/patagoniambiental.com.ar\/info\/analizan-frenar-la-construccion-de-las-represas-en-el-rio-santa-cruz\/#primaryimage"},"thumbnailUrl":"","datePublished":"2015-12-28T12:00:52+00:00","breadcrumb":{"@id":"https:\/\/patagoniambiental.com.ar\/info\/analizan-frenar-la-construccion-de-las-represas-en-el-rio-santa-cruz\/#breadcrumb"},"inLanguage":"es","potentialAction":[{"@type":"ReadAction","target":["https:\/\/patagoniambiental.com.ar\/info\/analizan-frenar-la-construccion-de-las-represas-en-el-rio-santa-cruz\/"]}]},{"@type":"ImageObject","inLanguage":"es","@id":"https:\/\/patagoniambiental.com.ar\/info\/analizan-frenar-la-construccion-de-las-represas-en-el-rio-santa-cruz\/#primaryimage","url":"","contentUrl":""},{"@type":"BreadcrumbList","@id":"https:\/\/patagoniambiental.com.ar\/info\/analizan-frenar-la-construccion-de-las-represas-en-el-rio-santa-cruz\/#breadcrumb","itemListElement":[{"@type":"ListItem","position":1,"name":"Inicio","item":"https:\/\/patagoniambiental.com.ar\/info\/"},{"@type":"ListItem","position":2,"name":"Analizan frenar la construcci\u00f3n de las represas en el r\u00edo Santa Cruz"}]},{"@type":"WebSite","@id":"https:\/\/patagoniambiental.com.ar\/info\/#website","url":"https:\/\/patagoniambiental.com.ar\/info\/","name":"Patagonia Ambiental","description":"Monitoreo y an\u00e1lisis de la situaci\u00f3n geopol\u00edtica en el mundo y su implicancia en la Patagonia","publisher":{"@id":"https:\/\/patagoniambiental.com.ar\/info\/#organization"},"potentialAction":[{"@type":"SearchAction","target":{"@type":"EntryPoint","urlTemplate":"https:\/\/patagoniambiental.com.ar\/info\/?s={search_term_string}"},"query-input":{"@type":"PropertyValueSpecification","valueRequired":true,"valueName":"search_term_string"}}],"inLanguage":"es"},{"@type":"Organization","@id":"https:\/\/patagoniambiental.com.ar\/info\/#organization","name":"Patagonia Ambiental","url":"https:\/\/patagoniambiental.com.ar\/info\/","logo":{"@type":"ImageObject","inLanguage":"es","@id":"https:\/\/patagoniambiental.com.ar\/info\/#\/schema\/logo\/image\/","url":"https:\/\/patagoniambiental.com.ar\/info\/wp-content\/uploads\/2025\/05\/LOGO-PATAGONIA-AMBIENTAL.png","contentUrl":"https:\/\/patagoniambiental.com.ar\/info\/wp-content\/uploads\/2025\/05\/LOGO-PATAGONIA-AMBIENTAL.png","width":433,"height":250,"caption":"Patagonia Ambiental"},"image":{"@id":"https:\/\/patagoniambiental.com.ar\/info\/#\/schema\/logo\/image\/"},"sameAs":["https:\/\/www.facebook.com\/patagonia.ambiental","https:\/\/x.com\/PatAmb"]},{"@type":"Person","@id":"https:\/\/patagoniambiental.com.ar\/info\/#\/schema\/person\/db12bff64bbcbf6a253710bf0ea37b5d","name":"Patagonia Ambiental","description":"Andr\u00e9s Nievas T\u00e9cnico en manejo ambiental, consultor Ambiental y escritor para medios locales e internacionales sobre temas de geopolitica y medio ambiente.","sameAs":["http:\/\/www.patagoniambiental.com.ar","https:\/\/www.facebook.com\/share\/1C1V8Gv9BX\/?mibextid=qi2Omg","@patagoniambiental","https:\/\/youtube.com\/@patagoniaambiental2023?si=BLt58t0wuXquxlYZ"]}]}},"_links":{"self":[{"href":"https:\/\/patagoniambiental.com.ar\/info\/wp-json\/wp\/v2\/posts\/16218","targetHints":{"allow":["GET"]}}],"collection":[{"href":"https:\/\/patagoniambiental.com.ar\/info\/wp-json\/wp\/v2\/posts"}],"about":[{"href":"https:\/\/patagoniambiental.com.ar\/info\/wp-json\/wp\/v2\/types\/post"}],"author":[{"embeddable":true,"href":"https:\/\/patagoniambiental.com.ar\/info\/wp-json\/wp\/v2\/users\/2"}],"replies":[{"embeddable":true,"href":"https:\/\/patagoniambiental.com.ar\/info\/wp-json\/wp\/v2\/comments?post=16218"}],"version-history":[{"count":0,"href":"https:\/\/patagoniambiental.com.ar\/info\/wp-json\/wp\/v2\/posts\/16218\/revisions"}],"wp:featuredmedia":[{"embeddable":true,"href":"https:\/\/patagoniambiental.com.ar\/info\/wp-json\/"}],"wp:attachment":[{"href":"https:\/\/patagoniambiental.com.ar\/info\/wp-json\/wp\/v2\/media?parent=16218"}],"wp:term":[{"taxonomy":"category","embeddable":true,"href":"https:\/\/patagoniambiental.com.ar\/info\/wp-json\/wp\/v2\/categories?post=16218"},{"taxonomy":"post_tag","embeddable":true,"href":"https:\/\/patagoniambiental.com.ar\/info\/wp-json\/wp\/v2\/tags?post=16218"}],"curies":[{"name":"wp","href":"https:\/\/api.w.org\/{rel}","templated":true}]}}