{"id":16229,"date":"2015-12-29T09:00:06","date_gmt":"2015-12-29T12:00:06","guid":{"rendered":"http:\/\/patagoniambiental.com.ar\/?p=16229"},"modified":"2015-12-29T09:00:06","modified_gmt":"2015-12-29T12:00:06","slug":"condores-chilenos-llegan-al-caribe-colombiano-para-comenzar-repoblacion","status":"publish","type":"post","link":"https:\/\/patagoniambiental.com.ar\/info\/condores-chilenos-llegan-al-caribe-colombiano-para-comenzar-repoblacion\/","title":{"rendered":"C\u00f3ndores chilenos llegan al caribe colombiano para comenzar repoblaci\u00f3n"},"content":{"rendered":"<p class=\"entradilla\">Una pareja de c\u00f3ndores provenientes de los andes chilenos habita desde hoy en el Aviario Nacional de Colombia, ubicado en la isla de Bar\u00fa en la costa atl\u00e1ntica, informaron las directivas de este parque zool\u00f3gico.<\/p>\n<p>La gerente de la Fundaci\u00f3n Aviario Nacional de Colombia, Alba Luc\u00eda G\u00f3mez, explic\u00f3 a Efe que lo que m\u00e1s les interesa \u201ces poder hacer reproducci\u00f3n y repoblaci\u00f3n de los c\u00f3ndores\u201d ya que se estima que en el pa\u00eds solo quedan unos 180 ejemplares.<\/p>\n<p>El aviario est\u00e1 ubicado en la isla de Bar\u00fa a unos 45 minutos al oeste de Cartagena y aunque es un proyecto que arranc\u00f3 hace nueve a\u00f1os solo abrir\u00e1 sus puertas al p\u00fablico a finales de enero pr\u00f3ximo.<\/p>\n<p>\u201cHace un poco m\u00e1s de dos meses llegaron a Colombia tres parejas de c\u00f3ndores tra\u00eddas directamente desde Chile; estuvieron en cuarentena en el parque Jaime Duque de Bogot\u00e1 y una de ellas es la que tenemos en el aviario\u201d, manifest\u00f3 G\u00f3mez.<\/p>\n<p>Los c\u00f3ndores, que est\u00e1n habituados a las bajas temperaturas de los Andes suramericanos, ahora vivir\u00e1n sobre el nivel del mar y soportar\u00e1n temperaturas que rondan los 32 grados cent\u00edgrados durante todo el a\u00f1o.<\/p>\n<p>Sin embargo, G\u00f3mez indic\u00f3 que estos animales \u201cest\u00e1n acostumbrados a los veranos chilenos que son bien fuertes y se comportan divinamente\u201d.<\/p>\n<p>El bi\u00f3logo especialista en fauna silvestre V\u00edctor V\u00e9lez, dijo a Efe que se espera tener en unos a\u00f1os pichones de c\u00f3ndor en el aviario \u201cpara que estos a su vez tengan m\u00e1s pichones y con \u00e9stos s\u00ed, poder hacer repoblamiento de la Sierra Nevada de Santa Marta\u201d, situada tambi\u00e9n en el Atl\u00e1ntico.<\/p>\n<p>Los seis animales llegados de Chile, luego de superar los ex\u00e1menes sanitarios de rigor, fueron incluidos en el Programa Nacional de Cr\u00eda del C\u00f3ndor y distribuidos entre el Zool\u00f3gico Santaf\u00e9, en Medell\u00edn; la Comarca del C\u00f3ndor, en el Parque Jaime Duque, en la sabana de Bogot\u00e1 y el Aviario Nacional de Colombia en Bar\u00fa.<\/p>\n<p>Para el h\u00e1bitat de los dos c\u00f3ndores chilenos, cuyo nombre cient\u00edfico es \u201cvultur gryphus\u201d, el aviario dispuso de una jaula especial de alrededor de 400 metros cuadrados en la que los animales tienen acceso a \u00e1rboles, rocas y cascadas de agua.<\/p>\n<p>El Programa Nacional de Cr\u00eda del C\u00f3ndor es liderado por la Asociaci\u00f3n Colombiana de Parques Zool\u00f3gicos, Acuarios y Afines (Acopazoa) y est\u00e1 avalado por el Ministerio de Ambiente. EFE verde<\/p>\n","protected":false},"excerpt":{"rendered":"<p>Una pareja de c\u00f3ndores provenientes de los andes chilenos habita desde hoy en el Aviario Nacional de Colombia, ubicado en [&hellip;]<\/p>\n","protected":false},"author":2,"featured_media":16230,"comment_status":"closed","ping_status":"closed","sticky":false,"template":"","format":"standard","meta":{"site-sidebar-layout":"default","site-content-layout":"","ast-site-content-layout":"default","site-content-style":"default","site-sidebar-style":"default","ast-global-header-display":"","ast-banner-title-visibility":"","ast-main-header-display":"","ast-hfb-above-header-display":"","ast-hfb-below-header-display":"","ast-hfb-mobile-header-display":"","site-post-title":"","ast-breadcrumbs-content":"","ast-featured-img":"","footer-sml-layout":"","ast-disable-related-posts":"","theme-transparent-header-meta":"","adv-header-id-meta":"","stick-header-meta":"","header-above-stick-meta":"","header-main-stick-meta":"","header-below-stick-meta":"","astra-migrate-meta-layouts":"default","ast-page-background-enabled":"default","ast-page-background-meta":{"desktop":{"background-color":"var(--ast-global-color-5)","background-image":"","background-repeat":"repeat","background-position":"center center","background-size":"auto","background-attachment":"scroll","background-type":"","background-media":"","overlay-type":"","overlay-color":"","overlay-opacity":"","overlay-gradient":""},"tablet":{"background-color":"","background-image":"","background-repeat":"repeat","background-position":"center center","background-size":"auto","background-attachment":"scroll","background-type":"","background-media":"","overlay-type":"","overlay-color":"","overlay-opacity":"","overlay-gradient":""},"mobile":{"background-color":"","background-image":"","background-repeat":"repeat","background-position":"center center","background-size":"auto","background-attachment":"scroll","background-type":"","background-media":"","overlay-type":"","overlay-color":"","overlay-opacity":"","overlay-gradient":""}},"ast-content-background-meta":{"desktop":{"background-color":"var(--ast-global-color-4)","background-image":"","background-repeat":"repeat","background-position":"center center","background-size":"auto","background-attachment":"scroll","background-type":"","background-media":"","overlay-type":"","overlay-color":"","overlay-opacity":"","overlay-gradient":""},"tablet":{"background-color":"var(--ast-global-color-4)","background-image":"","background-repeat":"repeat","background-position":"center center","background-size":"auto","background-attachment":"scroll","background-type":"","background-media":"","overlay-type":"","overlay-color":"","overlay-opacity":"","overlay-gradient":""},"mobile":{"background-color":"var(--ast-global-color-4)","background-image":"","background-repeat":"repeat","background-position":"center center","background-size":"auto","background-attachment":"scroll","background-type":"","background-media":"","overlay-type":"","overlay-color":"","overlay-opacity":"","overlay-gradient":""}},"footnotes":""},"categories":[1],"tags":[],"class_list":["post-16229","post","type-post","status-publish","format-standard","has-post-thumbnail","hentry","category-noticias"],"yoast_head":"<!-- This site is optimized with the Yoast SEO Premium plugin v23.0 (Yoast SEO v27.5) - https:\/\/yoast.com\/product\/yoast-seo-premium-wordpress\/ -->\n<title>C\u00f3ndores chilenos llegan al caribe colombiano para comenzar repoblaci\u00f3n<\/title>\n<meta name=\"robots\" content=\"index, follow, max-snippet:-1, max-image-preview:large, max-video-preview:-1\" \/>\n<link rel=\"canonical\" href=\"https:\/\/patagoniambiental.com.ar\/info\/condores-chilenos-llegan-al-caribe-colombiano-para-comenzar-repoblacion\/\" \/>\n<meta property=\"og:locale\" content=\"es_ES\" \/>\n<meta property=\"og:type\" content=\"article\" \/>\n<meta property=\"og:title\" content=\"C\u00f3ndores chilenos llegan al caribe colombiano para comenzar repoblaci\u00f3n\" \/>\n<meta property=\"og:description\" content=\"Una pareja de c\u00f3ndores provenientes de los andes chilenos habita desde hoy en el Aviario Nacional de Colombia, ubicado en [&hellip;]\" \/>\n<meta property=\"og:url\" content=\"https:\/\/patagoniambiental.com.ar\/info\/condores-chilenos-llegan-al-caribe-colombiano-para-comenzar-repoblacion\/\" \/>\n<meta property=\"og:site_name\" content=\"Patagonia Ambiental\" \/>\n<meta property=\"article:publisher\" content=\"https:\/\/www.facebook.com\/patagonia.ambiental\" \/>\n<meta property=\"article:author\" content=\"https:\/\/www.facebook.com\/share\/1C1V8Gv9BX\/?mibextid=qi2Omg\" \/>\n<meta property=\"article:published_time\" content=\"2015-12-29T12:00:06+00:00\" \/>\n<meta name=\"author\" content=\"Patagonia Ambiental\" \/>\n<meta name=\"twitter:card\" content=\"summary_large_image\" \/>\n<meta name=\"twitter:creator\" content=\"@PatAmb\" \/>\n<meta name=\"twitter:site\" content=\"@PatAmb\" \/>\n<script type=\"application\/ld+json\" class=\"yoast-schema-graph\">{\"@context\":\"https:\\\/\\\/schema.org\",\"@graph\":[{\"@type\":\"Article\",\"@id\":\"https:\\\/\\\/patagoniambiental.com.ar\\\/info\\\/condores-chilenos-llegan-al-caribe-colombiano-para-comenzar-repoblacion\\\/#article\",\"isPartOf\":{\"@id\":\"https:\\\/\\\/patagoniambiental.com.ar\\\/info\\\/condores-chilenos-llegan-al-caribe-colombiano-para-comenzar-repoblacion\\\/\"},\"author\":{\"name\":\"Patagonia Ambiental\",\"@id\":\"https:\\\/\\\/patagoniambiental.com.ar\\\/info\\\/#\\\/schema\\\/person\\\/db12bff64bbcbf6a253710bf0ea37b5d\"},\"headline\":\"C\u00f3ndores chilenos llegan al caribe colombiano para comenzar repoblaci\u00f3n\",\"datePublished\":\"2015-12-29T12:00:06+00:00\",\"mainEntityOfPage\":{\"@id\":\"https:\\\/\\\/patagoniambiental.com.ar\\\/info\\\/condores-chilenos-llegan-al-caribe-colombiano-para-comenzar-repoblacion\\\/\"},\"wordCount\":442,\"publisher\":{\"@id\":\"https:\\\/\\\/patagoniambiental.com.ar\\\/info\\\/#organization\"},\"image\":{\"@id\":\"https:\\\/\\\/patagoniambiental.com.ar\\\/info\\\/condores-chilenos-llegan-al-caribe-colombiano-para-comenzar-repoblacion\\\/#primaryimage\"},\"thumbnailUrl\":\"\",\"articleSection\":[\"Noticias\"],\"inLanguage\":\"es\"},{\"@type\":\"WebPage\",\"@id\":\"https:\\\/\\\/patagoniambiental.com.ar\\\/info\\\/condores-chilenos-llegan-al-caribe-colombiano-para-comenzar-repoblacion\\\/\",\"url\":\"https:\\\/\\\/patagoniambiental.com.ar\\\/info\\\/condores-chilenos-llegan-al-caribe-colombiano-para-comenzar-repoblacion\\\/\",\"name\":\"C\u00f3ndores chilenos llegan al caribe colombiano para comenzar repoblaci\u00f3n\",\"isPartOf\":{\"@id\":\"https:\\\/\\\/patagoniambiental.com.ar\\\/info\\\/#website\"},\"primaryImageOfPage\":{\"@id\":\"https:\\\/\\\/patagoniambiental.com.ar\\\/info\\\/condores-chilenos-llegan-al-caribe-colombiano-para-comenzar-repoblacion\\\/#primaryimage\"},\"image\":{\"@id\":\"https:\\\/\\\/patagoniambiental.com.ar\\\/info\\\/condores-chilenos-llegan-al-caribe-colombiano-para-comenzar-repoblacion\\\/#primaryimage\"},\"thumbnailUrl\":\"\",\"datePublished\":\"2015-12-29T12:00:06+00:00\",\"breadcrumb\":{\"@id\":\"https:\\\/\\\/patagoniambiental.com.ar\\\/info\\\/condores-chilenos-llegan-al-caribe-colombiano-para-comenzar-repoblacion\\\/#breadcrumb\"},\"inLanguage\":\"es\",\"potentialAction\":[{\"@type\":\"ReadAction\",\"target\":[\"https:\\\/\\\/patagoniambiental.com.ar\\\/info\\\/condores-chilenos-llegan-al-caribe-colombiano-para-comenzar-repoblacion\\\/\"]}]},{\"@type\":\"ImageObject\",\"inLanguage\":\"es\",\"@id\":\"https:\\\/\\\/patagoniambiental.com.ar\\\/info\\\/condores-chilenos-llegan-al-caribe-colombiano-para-comenzar-repoblacion\\\/#primaryimage\",\"url\":\"\",\"contentUrl\":\"\"},{\"@type\":\"BreadcrumbList\",\"@id\":\"https:\\\/\\\/patagoniambiental.com.ar\\\/info\\\/condores-chilenos-llegan-al-caribe-colombiano-para-comenzar-repoblacion\\\/#breadcrumb\",\"itemListElement\":[{\"@type\":\"ListItem\",\"position\":1,\"name\":\"Inicio\",\"item\":\"https:\\\/\\\/patagoniambiental.com.ar\\\/info\\\/\"},{\"@type\":\"ListItem\",\"position\":2,\"name\":\"C\u00f3ndores chilenos llegan al caribe colombiano para comenzar repoblaci\u00f3n\"}]},{\"@type\":\"WebSite\",\"@id\":\"https:\\\/\\\/patagoniambiental.com.ar\\\/info\\\/#website\",\"url\":\"https:\\\/\\\/patagoniambiental.com.ar\\\/info\\\/\",\"name\":\"Patagonia Ambiental\",\"description\":\"Monitoreo y an\u00e1lisis de la situaci\u00f3n geopol\u00edtica en el mundo y su implicancia en la Patagonia\",\"publisher\":{\"@id\":\"https:\\\/\\\/patagoniambiental.com.ar\\\/info\\\/#organization\"},\"potentialAction\":[{\"@type\":\"SearchAction\",\"target\":{\"@type\":\"EntryPoint\",\"urlTemplate\":\"https:\\\/\\\/patagoniambiental.com.ar\\\/info\\\/?s={search_term_string}\"},\"query-input\":{\"@type\":\"PropertyValueSpecification\",\"valueRequired\":true,\"valueName\":\"search_term_string\"}}],\"inLanguage\":\"es\"},{\"@type\":\"Organization\",\"@id\":\"https:\\\/\\\/patagoniambiental.com.ar\\\/info\\\/#organization\",\"name\":\"Patagonia Ambiental\",\"url\":\"https:\\\/\\\/patagoniambiental.com.ar\\\/info\\\/\",\"logo\":{\"@type\":\"ImageObject\",\"inLanguage\":\"es\",\"@id\":\"https:\\\/\\\/patagoniambiental.com.ar\\\/info\\\/#\\\/schema\\\/logo\\\/image\\\/\",\"url\":\"https:\\\/\\\/patagoniambiental.com.ar\\\/info\\\/wp-content\\\/uploads\\\/2025\\\/05\\\/LOGO-PATAGONIA-AMBIENTAL.png\",\"contentUrl\":\"https:\\\/\\\/patagoniambiental.com.ar\\\/info\\\/wp-content\\\/uploads\\\/2025\\\/05\\\/LOGO-PATAGONIA-AMBIENTAL.png\",\"width\":433,\"height\":250,\"caption\":\"Patagonia Ambiental\"},\"image\":{\"@id\":\"https:\\\/\\\/patagoniambiental.com.ar\\\/info\\\/#\\\/schema\\\/logo\\\/image\\\/\"},\"sameAs\":[\"https:\\\/\\\/www.facebook.com\\\/patagonia.ambiental\",\"https:\\\/\\\/x.com\\\/PatAmb\"]},{\"@type\":\"Person\",\"@id\":\"https:\\\/\\\/patagoniambiental.com.ar\\\/info\\\/#\\\/schema\\\/person\\\/db12bff64bbcbf6a253710bf0ea37b5d\",\"name\":\"Patagonia Ambiental\",\"description\":\"Andr\u00e9s Nievas T\u00e9cnico en manejo ambiental, consultor Ambiental y escritor para medios locales e internacionales sobre temas de geopolitica y medio ambiente.\",\"sameAs\":[\"http:\\\/\\\/www.patagoniambiental.com.ar\",\"https:\\\/\\\/www.facebook.com\\\/share\\\/1C1V8Gv9BX\\\/?mibextid=qi2Omg\",\"@patagoniambiental\",\"https:\\\/\\\/youtube.com\\\/@patagoniaambiental2023?si=BLt58t0wuXquxlYZ\"]}]}<\/script>\n<!-- \/ Yoast SEO Premium plugin. -->","yoast_head_json":{"title":"C\u00f3ndores chilenos llegan al caribe colombiano para comenzar repoblaci\u00f3n","robots":{"index":"index","follow":"follow","max-snippet":"max-snippet:-1","max-image-preview":"max-image-preview:large","max-video-preview":"max-video-preview:-1"},"canonical":"https:\/\/patagoniambiental.com.ar\/info\/condores-chilenos-llegan-al-caribe-colombiano-para-comenzar-repoblacion\/","og_locale":"es_ES","og_type":"article","og_title":"C\u00f3ndores chilenos llegan al caribe colombiano para comenzar repoblaci\u00f3n","og_description":"Una pareja de c\u00f3ndores provenientes de los andes chilenos habita desde hoy en el Aviario Nacional de Colombia, ubicado en [&hellip;]","og_url":"https:\/\/patagoniambiental.com.ar\/info\/condores-chilenos-llegan-al-caribe-colombiano-para-comenzar-repoblacion\/","og_site_name":"Patagonia Ambiental","article_publisher":"https:\/\/www.facebook.com\/patagonia.ambiental","article_author":"https:\/\/www.facebook.com\/share\/1C1V8Gv9BX\/?mibextid=qi2Omg","article_published_time":"2015-12-29T12:00:06+00:00","author":"Patagonia Ambiental","twitter_card":"summary_large_image","twitter_creator":"@PatAmb","twitter_site":"@PatAmb","schema":{"@context":"https:\/\/schema.org","@graph":[{"@type":"Article","@id":"https:\/\/patagoniambiental.com.ar\/info\/condores-chilenos-llegan-al-caribe-colombiano-para-comenzar-repoblacion\/#article","isPartOf":{"@id":"https:\/\/patagoniambiental.com.ar\/info\/condores-chilenos-llegan-al-caribe-colombiano-para-comenzar-repoblacion\/"},"author":{"name":"Patagonia Ambiental","@id":"https:\/\/patagoniambiental.com.ar\/info\/#\/schema\/person\/db12bff64bbcbf6a253710bf0ea37b5d"},"headline":"C\u00f3ndores chilenos llegan al caribe colombiano para comenzar repoblaci\u00f3n","datePublished":"2015-12-29T12:00:06+00:00","mainEntityOfPage":{"@id":"https:\/\/patagoniambiental.com.ar\/info\/condores-chilenos-llegan-al-caribe-colombiano-para-comenzar-repoblacion\/"},"wordCount":442,"publisher":{"@id":"https:\/\/patagoniambiental.com.ar\/info\/#organization"},"image":{"@id":"https:\/\/patagoniambiental.com.ar\/info\/condores-chilenos-llegan-al-caribe-colombiano-para-comenzar-repoblacion\/#primaryimage"},"thumbnailUrl":"","articleSection":["Noticias"],"inLanguage":"es"},{"@type":"WebPage","@id":"https:\/\/patagoniambiental.com.ar\/info\/condores-chilenos-llegan-al-caribe-colombiano-para-comenzar-repoblacion\/","url":"https:\/\/patagoniambiental.com.ar\/info\/condores-chilenos-llegan-al-caribe-colombiano-para-comenzar-repoblacion\/","name":"C\u00f3ndores chilenos llegan al caribe colombiano para comenzar repoblaci\u00f3n","isPartOf":{"@id":"https:\/\/patagoniambiental.com.ar\/info\/#website"},"primaryImageOfPage":{"@id":"https:\/\/patagoniambiental.com.ar\/info\/condores-chilenos-llegan-al-caribe-colombiano-para-comenzar-repoblacion\/#primaryimage"},"image":{"@id":"https:\/\/patagoniambiental.com.ar\/info\/condores-chilenos-llegan-al-caribe-colombiano-para-comenzar-repoblacion\/#primaryimage"},"thumbnailUrl":"","datePublished":"2015-12-29T12:00:06+00:00","breadcrumb":{"@id":"https:\/\/patagoniambiental.com.ar\/info\/condores-chilenos-llegan-al-caribe-colombiano-para-comenzar-repoblacion\/#breadcrumb"},"inLanguage":"es","potentialAction":[{"@type":"ReadAction","target":["https:\/\/patagoniambiental.com.ar\/info\/condores-chilenos-llegan-al-caribe-colombiano-para-comenzar-repoblacion\/"]}]},{"@type":"ImageObject","inLanguage":"es","@id":"https:\/\/patagoniambiental.com.ar\/info\/condores-chilenos-llegan-al-caribe-colombiano-para-comenzar-repoblacion\/#primaryimage","url":"","contentUrl":""},{"@type":"BreadcrumbList","@id":"https:\/\/patagoniambiental.com.ar\/info\/condores-chilenos-llegan-al-caribe-colombiano-para-comenzar-repoblacion\/#breadcrumb","itemListElement":[{"@type":"ListItem","position":1,"name":"Inicio","item":"https:\/\/patagoniambiental.com.ar\/info\/"},{"@type":"ListItem","position":2,"name":"C\u00f3ndores chilenos llegan al caribe colombiano para comenzar repoblaci\u00f3n"}]},{"@type":"WebSite","@id":"https:\/\/patagoniambiental.com.ar\/info\/#website","url":"https:\/\/patagoniambiental.com.ar\/info\/","name":"Patagonia Ambiental","description":"Monitoreo y an\u00e1lisis de la situaci\u00f3n geopol\u00edtica en el mundo y su implicancia en la Patagonia","publisher":{"@id":"https:\/\/patagoniambiental.com.ar\/info\/#organization"},"potentialAction":[{"@type":"SearchAction","target":{"@type":"EntryPoint","urlTemplate":"https:\/\/patagoniambiental.com.ar\/info\/?s={search_term_string}"},"query-input":{"@type":"PropertyValueSpecification","valueRequired":true,"valueName":"search_term_string"}}],"inLanguage":"es"},{"@type":"Organization","@id":"https:\/\/patagoniambiental.com.ar\/info\/#organization","name":"Patagonia Ambiental","url":"https:\/\/patagoniambiental.com.ar\/info\/","logo":{"@type":"ImageObject","inLanguage":"es","@id":"https:\/\/patagoniambiental.com.ar\/info\/#\/schema\/logo\/image\/","url":"https:\/\/patagoniambiental.com.ar\/info\/wp-content\/uploads\/2025\/05\/LOGO-PATAGONIA-AMBIENTAL.png","contentUrl":"https:\/\/patagoniambiental.com.ar\/info\/wp-content\/uploads\/2025\/05\/LOGO-PATAGONIA-AMBIENTAL.png","width":433,"height":250,"caption":"Patagonia Ambiental"},"image":{"@id":"https:\/\/patagoniambiental.com.ar\/info\/#\/schema\/logo\/image\/"},"sameAs":["https:\/\/www.facebook.com\/patagonia.ambiental","https:\/\/x.com\/PatAmb"]},{"@type":"Person","@id":"https:\/\/patagoniambiental.com.ar\/info\/#\/schema\/person\/db12bff64bbcbf6a253710bf0ea37b5d","name":"Patagonia Ambiental","description":"Andr\u00e9s Nievas T\u00e9cnico en manejo ambiental, consultor Ambiental y escritor para medios locales e internacionales sobre temas de geopolitica y medio ambiente.","sameAs":["http:\/\/www.patagoniambiental.com.ar","https:\/\/www.facebook.com\/share\/1C1V8Gv9BX\/?mibextid=qi2Omg","@patagoniambiental","https:\/\/youtube.com\/@patagoniaambiental2023?si=BLt58t0wuXquxlYZ"]}]}},"_links":{"self":[{"href":"https:\/\/patagoniambiental.com.ar\/info\/wp-json\/wp\/v2\/posts\/16229","targetHints":{"allow":["GET"]}}],"collection":[{"href":"https:\/\/patagoniambiental.com.ar\/info\/wp-json\/wp\/v2\/posts"}],"about":[{"href":"https:\/\/patagoniambiental.com.ar\/info\/wp-json\/wp\/v2\/types\/post"}],"author":[{"embeddable":true,"href":"https:\/\/patagoniambiental.com.ar\/info\/wp-json\/wp\/v2\/users\/2"}],"replies":[{"embeddable":true,"href":"https:\/\/patagoniambiental.com.ar\/info\/wp-json\/wp\/v2\/comments?post=16229"}],"version-history":[{"count":0,"href":"https:\/\/patagoniambiental.com.ar\/info\/wp-json\/wp\/v2\/posts\/16229\/revisions"}],"wp:featuredmedia":[{"embeddable":true,"href":"https:\/\/patagoniambiental.com.ar\/info\/wp-json\/"}],"wp:attachment":[{"href":"https:\/\/patagoniambiental.com.ar\/info\/wp-json\/wp\/v2\/media?parent=16229"}],"wp:term":[{"taxonomy":"category","embeddable":true,"href":"https:\/\/patagoniambiental.com.ar\/info\/wp-json\/wp\/v2\/categories?post=16229"},{"taxonomy":"post_tag","embeddable":true,"href":"https:\/\/patagoniambiental.com.ar\/info\/wp-json\/wp\/v2\/tags?post=16229"}],"curies":[{"name":"wp","href":"https:\/\/api.w.org\/{rel}","templated":true}]}}